{"id":7895,"date":"2021-04-08T08:35:45","date_gmt":"2021-04-08T06:35:45","guid":{"rendered":"https:\/\/www.organisator.ch\/?p=7895"},"modified":"2021-04-08T08:35:45","modified_gmt":"2021-04-08T06:35:45","slug":"digitaler-reifegrad-von-kmu-hohe-digitalisierungs-bereitschaft-aber-mit-vorsicht","status":"publish","type":"post","link":"https:\/\/www.organisator.ch\/en\/management\/it\/2021-04-08\/digitaler-reifegrad-von-kmu-hohe-digitalisierungs-bereitschaft-aber-mit-vorsicht\/","title":{"rendered":"Digital maturity of SMEs: High readiness for digitization - but with caution"},"content":{"rendered":"<figure id=\"attachment_7896\" aria-describedby=\"caption-attachment-7896\" style=\"width: 680px\" class=\"wp-caption alignnone\"><img loading=\"lazy\" decoding=\"async\" class=\"size-medium wp-image-7896\" src=\"https:\/\/www.organisator.ch\/wp-content\/uploads\/2021\/04\/Digitaler-Reifegrad-von-KMU-Hohe-Digitalisierungs-Bereitschaft-aber-mit-Vorsicht-1_Organisator.jpg\" alt=\"\" width=\"680\" height=\"337\" srcset=\"https:\/\/www.organisator.ch\/wp-content\/uploads\/2021\/04\/Digitaler-Reifegrad-von-KMU-Hohe-Digitalisierungs-Bereitschaft-aber-mit-Vorsicht-1_Organisator.jpg 680w, https:\/\/www.organisator.ch\/wp-content\/uploads\/2021\/04\/Digitaler-Reifegrad-von-KMU-Hohe-Digitalisierungs-Bereitschaft-aber-mit-Vorsicht-1_Organisator-16x8.jpg 16w, https:\/\/www.organisator.ch\/wp-content\/uploads\/2021\/04\/Digitaler-Reifegrad-von-KMU-Hohe-Digitalisierungs-Bereitschaft-aber-mit-Vorsicht-1_Organisator-353x175.jpg 353w, https:\/\/www.organisator.ch\/wp-content\/uploads\/2021\/04\/Digitaler-Reifegrad-von-KMU-Hohe-Digitalisierungs-Bereitschaft-aber-mit-Vorsicht-1_Organisator-300x149.jpg 300w\" sizes=\"auto, (max-width: 680px) 100vw, 680px\" \/><figcaption id=\"caption-attachment-7896\" class=\"wp-caption-text\">Digital maturity in SMEs: There is still a lot of catching up to do. (Graphic: ABRA Software)<\/figcaption><\/figure>\n<p>What is the state of \"digital maturity\" in Swiss companies? The international software manufacturer ABRA addressed this question. More than 60 companies from various industries participated in a survey conducted for this purpose. Around 90 % of these were Swiss companies in the German-speaking economic area. The company sizes varied from commercial enterprises to medium-sized companies. The survey covered 11 topics such as strategy, organization, customer experience, product innovation and collaboration. External factors and the effects of the pandemic were also taken into account.<\/p>\n<h2><strong>Digital maturity: still a lot of work to be done on processes<\/strong><\/h2>\n<p>The survey shows that the majority of Swiss companies are aware of the importance and urgency of digital change. 73 % of the companies surveyed consider digitization to be crucial for future economic success. However, there is still a need for action with regard to process integration, system-supported evaluations or the use of digital opportunities for interaction with customers - e.g. social media, marketing automation.<\/p>\n<h2><strong>Effects on business models<\/strong><\/h2>\n<p>The topics of strategy and organization, with an assessed relevance of 84 % and 79 %, respectively, reflect the awareness that digital topics and digital projects must find their way into business models. Of the SMEs surveyed, 71 % are aware that products and services must also be digitized. However, they are cautious when it comes to process digitization (see chart below).<\/p>\n<figure id=\"attachment_7897\" aria-describedby=\"caption-attachment-7897\" style=\"width: 680px\" class=\"wp-caption alignnone\"><img loading=\"lazy\" decoding=\"async\" class=\"wp-image-7897 size-medium\" src=\"https:\/\/www.organisator.ch\/wp-content\/uploads\/2021\/04\/Digitaler-Reifegrad-von-KMU-Hohe-Digitalisierungs-Bereitschaft-aber-mit-Vorsicht-2_Organisator.jpg\" alt=\"\" width=\"680\" height=\"343\" srcset=\"https:\/\/www.organisator.ch\/wp-content\/uploads\/2021\/04\/Digitaler-Reifegrad-von-KMU-Hohe-Digitalisierungs-Bereitschaft-aber-mit-Vorsicht-2_Organisator.jpg 680w, https:\/\/www.organisator.ch\/wp-content\/uploads\/2021\/04\/Digitaler-Reifegrad-von-KMU-Hohe-Digitalisierungs-Bereitschaft-aber-mit-Vorsicht-2_Organisator-16x8.jpg 16w, https:\/\/www.organisator.ch\/wp-content\/uploads\/2021\/04\/Digitaler-Reifegrad-von-KMU-Hohe-Digitalisierungs-Bereitschaft-aber-mit-Vorsicht-2_Organisator-347x175.jpg 347w, https:\/\/www.organisator.ch\/wp-content\/uploads\/2021\/04\/Digitaler-Reifegrad-von-KMU-Hohe-Digitalisierungs-Bereitschaft-aber-mit-Vorsicht-2_Organisator-300x151.jpg 300w\" sizes=\"auto, (max-width: 680px) 100vw, 680px\" \/><figcaption id=\"caption-attachment-7897\" class=\"wp-caption-text\">(Graphic: ABRA Software)<\/figcaption><\/figure>\n<h2><strong>Transformation is a matter for the boss<\/strong><\/h2>\n<p>Almost 80 % of the companies are clear that the digital challenges of the future cannot be mastered without information technology and appropriate transformation management. However, one-third of respondents feel that the influence of digitization in business plans is still too low. Overall, however, management is given a good report card on the extent to which it deals with digital transformation.<\/p>\n<p><em>Source and further information: <a href=\"http:\/\/www.abrasoftware.ch\">ABRA Software AG<\/a><\/em><\/p>","protected":false},"excerpt":{"rendered":"<p>Wie steht es in Sachen &#8222;Digitaler Reifegrad&#8220; in Schweizer Unternehmen? Mit dieser Frage besch\u00e4ftigt hat sich der internationale Softwarehersteller ABRA. An einer zu diesem Zweck durchgef\u00fchrten Umfrage nahmen \u00fcber 60 Unternehmen aus diversen Branchen teil. Rund 90 % davon waren Schweizer Firmen im deutschsprachigen Wirtschaftsraum. Die Unternehmensgr\u00f6ssen variierten dabei von Gewerbebetrieben bis zu mittelgrossen Firmen. [&hellip;]<\/p>\n","protected":false},"author":4,"featured_media":7896,"comment_status":"closed","ping_status":"closed","sticky":false,"template":"","format":"standard","meta":{"_acf_changed":false,"_yoast_wpseo_focuskw":"Digitaler Reifegrad","_yoast_wpseo_metadesc":"Wo stehen Unternehmen in Sachen digitaler Reifegrad? Welche Themen besch\u00e4ftigen KMU am meisten? Der Software-Herstellers ABRA ging diesen Fragen nach.","articlekey":"","footnotes":""},"categories":[27],"tags":[156,288,487],"class_list":["post-7895","post","type-post","status-publish","format-standard","has-post-thumbnail","hentry","category-it","tag-digitalisierung","tag-it-business-software","tag-umfrage"],"acf":[],"yoast_head":"<!-- This site is optimized with the Yoast SEO plugin v27.4 - https:\/\/yoast.com\/product\/yoast-seo-wordpress\/ -->\n<title>Digitaler Reifegrad von KMU: Hohe Digitalisierungs-Bereitschaft - aber mit Vorsicht - Organisator<\/title>\n<meta name=\"description\" content=\"Wo stehen Unternehmen in Sachen digitaler Reifegrad? Welche Themen besch\u00e4ftigen KMU am meisten? Der Software-Herstellers ABRA ging diesen Fragen nach.\" \/>\n<meta name=\"robots\" content=\"index, follow, max-snippet:-1, max-image-preview:large, max-video-preview:-1\" \/>\n<link rel=\"canonical\" href=\"https:\/\/www.organisator.ch\/en\/management\/it\/2021-04-08\/digitaler-reifegrad-von-kmu-hohe-digitalisierungs-bereitschaft-aber-mit-vorsicht\/\" \/>\n<meta property=\"og:locale\" content=\"en_US\" \/>\n<meta property=\"og:type\" content=\"article\" \/>\n<meta property=\"og:title\" content=\"Digitaler Reifegrad von KMU: Hohe Digitalisierungs-Bereitschaft - aber mit Vorsicht\" \/>\n<meta property=\"og:description\" content=\"Wo stehen Unternehmen in Sachen digitaler Reifegrad? Welche Themen besch\u00e4ftigen KMU am meisten? Der Software-Herstellers ABRA ging diesen Fragen nach.\" \/>\n<meta property=\"og:url\" content=\"https:\/\/www.organisator.ch\/en\/management\/it\/2021-04-08\/digitaler-reifegrad-von-kmu-hohe-digitalisierungs-bereitschaft-aber-mit-vorsicht\/\" \/>\n<meta property=\"og:site_name\" content=\"Organisator\" \/>\n<meta property=\"article:publisher\" content=\"https:\/\/www.facebook.com\/OrganisatorFachmagazin\" \/>\n<meta property=\"article:published_time\" content=\"2021-04-08T06:35:45+00:00\" \/>\n<meta property=\"og:image\" content=\"https:\/\/www.organisator.ch\/wp-content\/uploads\/2021\/04\/Digitaler-Reifegrad-von-KMU-Hohe-Digitalisierungs-Bereitschaft-aber-mit-Vorsicht-1_Organisator.jpg\" \/>\n\t<meta property=\"og:image:width\" content=\"680\" \/>\n\t<meta property=\"og:image:height\" content=\"337\" \/>\n\t<meta property=\"og:image:type\" content=\"image\/jpeg\" \/>\n<meta name=\"author\" content=\"thomas.berner\" \/>\n<meta name=\"twitter:card\" content=\"summary_large_image\" \/>\n<meta name=\"twitter:title\" content=\"Digitaler Reifegrad von KMU: Hohe #Digitalisierungs-Bereitschaft - aber mit Vorsicht\" \/>\n<meta name=\"twitter:description\" content=\"Wo stehen Unternehmen in Sachen digitaler #Reifegrad? Welche Themen besch\u00e4ftigen KMU am meisten? Der Software-Herstellers #ABRA ging diesen Fragen nach.\" \/>\n<meta name=\"twitter:image\" content=\"https:\/\/www.organisator.ch\/wp-content\/uploads\/2021\/04\/Digitaler-Reifegrad-von-KMU-Hohe-Digitalisierungs-Bereitschaft-aber-mit-Vorsicht-1_Organisator.jpg\" \/>\n<script type=\"application\/ld+json\" class=\"yoast-schema-graph\">{\"@context\":\"https:\\\/\\\/schema.org\",\"@graph\":[{\"@type\":\"Article\",\"@id\":\"https:\\\/\\\/www.organisator.ch\\\/management\\\/it\\\/2021-04-08\\\/digitaler-reifegrad-von-kmu-hohe-digitalisierungs-bereitschaft-aber-mit-vorsicht\\\/#article\",\"isPartOf\":{\"@id\":\"https:\\\/\\\/www.organisator.ch\\\/management\\\/it\\\/2021-04-08\\\/digitaler-reifegrad-von-kmu-hohe-digitalisierungs-bereitschaft-aber-mit-vorsicht\\\/\"},\"author\":{\"name\":\"thomas.berner\",\"@id\":\"https:\\\/\\\/www.organisator.ch\\\/#\\\/schema\\\/person\\\/6f650f90b2842cd4c0cc334b4e36f67e\"},\"headline\":\"Digitaler Reifegrad von KMU: Hohe Digitalisierungs-Bereitschaft &#8211; aber mit Vorsicht\",\"datePublished\":\"2021-04-08T06:35:45+00:00\",\"mainEntityOfPage\":{\"@id\":\"https:\\\/\\\/www.organisator.ch\\\/management\\\/it\\\/2021-04-08\\\/digitaler-reifegrad-von-kmu-hohe-digitalisierungs-bereitschaft-aber-mit-vorsicht\\\/\"},\"wordCount\":316,\"publisher\":{\"@id\":\"https:\\\/\\\/www.organisator.ch\\\/#organization\"},\"image\":{\"@id\":\"https:\\\/\\\/www.organisator.ch\\\/management\\\/it\\\/2021-04-08\\\/digitaler-reifegrad-von-kmu-hohe-digitalisierungs-bereitschaft-aber-mit-vorsicht\\\/#primaryimage\"},\"thumbnailUrl\":\"https:\\\/\\\/www.organisator.ch\\\/wp-content\\\/uploads\\\/2021\\\/04\\\/Digitaler-Reifegrad-von-KMU-Hohe-Digitalisierungs-Bereitschaft-aber-mit-Vorsicht-1_Organisator.jpg\",\"keywords\":[\"Digitalisierung\",\"IT &amp; Business Software\",\"Umfrage\"],\"articleSection\":[\"IT\"],\"inLanguage\":\"en-US\"},{\"@type\":\"WebPage\",\"@id\":\"https:\\\/\\\/www.organisator.ch\\\/management\\\/it\\\/2021-04-08\\\/digitaler-reifegrad-von-kmu-hohe-digitalisierungs-bereitschaft-aber-mit-vorsicht\\\/\",\"url\":\"https:\\\/\\\/www.organisator.ch\\\/management\\\/it\\\/2021-04-08\\\/digitaler-reifegrad-von-kmu-hohe-digitalisierungs-bereitschaft-aber-mit-vorsicht\\\/\",\"name\":\"Digitaler Reifegrad von KMU: Hohe Digitalisierungs-Bereitschaft - aber mit Vorsicht - Organisator\",\"isPartOf\":{\"@id\":\"https:\\\/\\\/www.organisator.ch\\\/#website\"},\"primaryImageOfPage\":{\"@id\":\"https:\\\/\\\/www.organisator.ch\\\/management\\\/it\\\/2021-04-08\\\/digitaler-reifegrad-von-kmu-hohe-digitalisierungs-bereitschaft-aber-mit-vorsicht\\\/#primaryimage\"},\"image\":{\"@id\":\"https:\\\/\\\/www.organisator.ch\\\/management\\\/it\\\/2021-04-08\\\/digitaler-reifegrad-von-kmu-hohe-digitalisierungs-bereitschaft-aber-mit-vorsicht\\\/#primaryimage\"},\"thumbnailUrl\":\"https:\\\/\\\/www.organisator.ch\\\/wp-content\\\/uploads\\\/2021\\\/04\\\/Digitaler-Reifegrad-von-KMU-Hohe-Digitalisierungs-Bereitschaft-aber-mit-Vorsicht-1_Organisator.jpg\",\"datePublished\":\"2021-04-08T06:35:45+00:00\",\"description\":\"Wo stehen Unternehmen in Sachen digitaler Reifegrad? Welche Themen besch\u00e4ftigen KMU am meisten? Der Software-Herstellers ABRA ging diesen Fragen nach.\",\"breadcrumb\":{\"@id\":\"https:\\\/\\\/www.organisator.ch\\\/management\\\/it\\\/2021-04-08\\\/digitaler-reifegrad-von-kmu-hohe-digitalisierungs-bereitschaft-aber-mit-vorsicht\\\/#breadcrumb\"},\"inLanguage\":\"en-US\",\"potentialAction\":[{\"@type\":\"ReadAction\",\"target\":[\"https:\\\/\\\/www.organisator.ch\\\/management\\\/it\\\/2021-04-08\\\/digitaler-reifegrad-von-kmu-hohe-digitalisierungs-bereitschaft-aber-mit-vorsicht\\\/\"]}]},{\"@type\":\"ImageObject\",\"inLanguage\":\"en-US\",\"@id\":\"https:\\\/\\\/www.organisator.ch\\\/management\\\/it\\\/2021-04-08\\\/digitaler-reifegrad-von-kmu-hohe-digitalisierungs-bereitschaft-aber-mit-vorsicht\\\/#primaryimage\",\"url\":\"https:\\\/\\\/www.organisator.ch\\\/wp-content\\\/uploads\\\/2021\\\/04\\\/Digitaler-Reifegrad-von-KMU-Hohe-Digitalisierungs-Bereitschaft-aber-mit-Vorsicht-1_Organisator.jpg\",\"contentUrl\":\"https:\\\/\\\/www.organisator.ch\\\/wp-content\\\/uploads\\\/2021\\\/04\\\/Digitaler-Reifegrad-von-KMU-Hohe-Digitalisierungs-Bereitschaft-aber-mit-Vorsicht-1_Organisator.jpg\",\"width\":680,\"height\":337,\"caption\":\"Digitaler Reifegrad in KMU: Es besteht noch viel Nachholbedarf. (Grafik: ABRA Software)\"},{\"@type\":\"BreadcrumbList\",\"@id\":\"https:\\\/\\\/www.organisator.ch\\\/management\\\/it\\\/2021-04-08\\\/digitaler-reifegrad-von-kmu-hohe-digitalisierungs-bereitschaft-aber-mit-vorsicht\\\/#breadcrumb\",\"itemListElement\":[{\"@type\":\"ListItem\",\"position\":1,\"name\":\"Home\",\"item\":\"https:\\\/\\\/www.organisator.ch\\\/\"},{\"@type\":\"ListItem\",\"position\":2,\"name\":\"Digitaler Reifegrad von KMU: Hohe Digitalisierungs-Bereitschaft &#8211; aber mit Vorsicht\"}]},{\"@type\":\"WebSite\",\"@id\":\"https:\\\/\\\/www.organisator.ch\\\/#website\",\"url\":\"https:\\\/\\\/www.organisator.ch\\\/\",\"name\":\"Organisator\",\"description\":\"Kompetent. Praxisnah. Der ORGANISATOR bereitet in 10 Ausgaben pro Jahr die wesentlichen Themen f\u00fcr F\u00fchrungskr\u00e4fte von KMU auf.\",\"publisher\":{\"@id\":\"https:\\\/\\\/www.organisator.ch\\\/#organization\"},\"potentialAction\":[{\"@type\":\"SearchAction\",\"target\":{\"@type\":\"EntryPoint\",\"urlTemplate\":\"https:\\\/\\\/www.organisator.ch\\\/?s={search_term_string}\"},\"query-input\":{\"@type\":\"PropertyValueSpecification\",\"valueRequired\":true,\"valueName\":\"search_term_string\"}}],\"inLanguage\":\"en-US\"},{\"@type\":\"Organization\",\"@id\":\"https:\\\/\\\/www.organisator.ch\\\/#organization\",\"name\":\"Organisator\",\"url\":\"https:\\\/\\\/www.organisator.ch\\\/\",\"logo\":{\"@type\":\"ImageObject\",\"inLanguage\":\"en-US\",\"@id\":\"https:\\\/\\\/www.organisator.ch\\\/#\\\/schema\\\/logo\\\/image\\\/\",\"url\":\"https:\\\/\\\/www.organisator.ch\\\/wp-content\\\/uploads\\\/2022\\\/01\\\/Logo_Organisator_Website.png\",\"contentUrl\":\"https:\\\/\\\/www.organisator.ch\\\/wp-content\\\/uploads\\\/2022\\\/01\\\/Logo_Organisator_Website.png\",\"width\":800,\"height\":77,\"caption\":\"Organisator\"},\"image\":{\"@id\":\"https:\\\/\\\/www.organisator.ch\\\/#\\\/schema\\\/logo\\\/image\\\/\"},\"sameAs\":[\"https:\\\/\\\/www.facebook.com\\\/OrganisatorFachmagazin\",\"https:\\\/\\\/www.linkedin.com\\\/showcase\\\/organisator-das-magazin-fr-kmu\",\"https:\\\/\\\/www.xing.com\\\/news\\\/pages\\\/organisator-ch-695\",\"https:\\\/\\\/www.youtube.com\\\/channel\\\/UCGP2Sq0iWaZwT3BdIAQFYpw\"]},{\"@type\":\"Person\",\"@id\":\"https:\\\/\\\/www.organisator.ch\\\/#\\\/schema\\\/person\\\/6f650f90b2842cd4c0cc334b4e36f67e\",\"name\":\"thomas.berner\",\"image\":{\"@type\":\"ImageObject\",\"inLanguage\":\"en-US\",\"@id\":\"https:\\\/\\\/secure.gravatar.com\\\/avatar\\\/ac5001d2a36cb6c6cd3e50789007ffca834b477b74a2144564522e944eabff61?s=96&d=mm&r=g\",\"url\":\"https:\\\/\\\/secure.gravatar.com\\\/avatar\\\/ac5001d2a36cb6c6cd3e50789007ffca834b477b74a2144564522e944eabff61?s=96&d=mm&r=g\",\"contentUrl\":\"https:\\\/\\\/secure.gravatar.com\\\/avatar\\\/ac5001d2a36cb6c6cd3e50789007ffca834b477b74a2144564522e944eabff61?s=96&d=mm&r=g\",\"caption\":\"thomas.berner\"},\"url\":\"https:\\\/\\\/www.organisator.ch\\\/en\\\/author\\\/thomas-berner\\\/\"}]}<\/script>\n<!-- \/ Yoast SEO plugin. -->","yoast_head_json":{"title":"Digital maturity of SMEs: High readiness for digitization - but with caution - Organizer","description":"Where do companies stand in terms of digital maturity? Which topics are of most concern to SMEs? The software manufacturer ABRA investigated these questions.","robots":{"index":"index","follow":"follow","max-snippet":"max-snippet:-1","max-image-preview":"max-image-preview:large","max-video-preview":"max-video-preview:-1"},"canonical":"https:\/\/www.organisator.ch\/en\/management\/it\/2021-04-08\/digitaler-reifegrad-von-kmu-hohe-digitalisierungs-bereitschaft-aber-mit-vorsicht\/","og_locale":"en_US","og_type":"article","og_title":"Digitaler Reifegrad von KMU: Hohe Digitalisierungs-Bereitschaft - aber mit Vorsicht","og_description":"Wo stehen Unternehmen in Sachen digitaler Reifegrad? Welche Themen besch\u00e4ftigen KMU am meisten? Der Software-Herstellers ABRA ging diesen Fragen nach.","og_url":"https:\/\/www.organisator.ch\/en\/management\/it\/2021-04-08\/digitaler-reifegrad-von-kmu-hohe-digitalisierungs-bereitschaft-aber-mit-vorsicht\/","og_site_name":"Organisator","article_publisher":"https:\/\/www.facebook.com\/OrganisatorFachmagazin","article_published_time":"2021-04-08T06:35:45+00:00","og_image":[{"width":680,"height":337,"url":"https:\/\/www.organisator.ch\/wp-content\/uploads\/2021\/04\/Digitaler-Reifegrad-von-KMU-Hohe-Digitalisierungs-Bereitschaft-aber-mit-Vorsicht-1_Organisator.jpg","type":"image\/jpeg"}],"author":"thomas.berner","twitter_card":"summary_large_image","twitter_title":"Digitaler Reifegrad von KMU: Hohe #Digitalisierungs-Bereitschaft - aber mit Vorsicht","twitter_description":"Wo stehen Unternehmen in Sachen digitaler #Reifegrad? Welche Themen besch\u00e4ftigen KMU am meisten? Der Software-Herstellers #ABRA ging diesen Fragen nach.","twitter_image":"https:\/\/www.organisator.ch\/wp-content\/uploads\/2021\/04\/Digitaler-Reifegrad-von-KMU-Hohe-Digitalisierungs-Bereitschaft-aber-mit-Vorsicht-1_Organisator.jpg","schema":{"@context":"https:\/\/schema.org","@graph":[{"@type":"Article","@id":"https:\/\/www.organisator.ch\/management\/it\/2021-04-08\/digitaler-reifegrad-von-kmu-hohe-digitalisierungs-bereitschaft-aber-mit-vorsicht\/#article","isPartOf":{"@id":"https:\/\/www.organisator.ch\/management\/it\/2021-04-08\/digitaler-reifegrad-von-kmu-hohe-digitalisierungs-bereitschaft-aber-mit-vorsicht\/"},"author":{"name":"thomas.berner","@id":"https:\/\/www.organisator.ch\/#\/schema\/person\/6f650f90b2842cd4c0cc334b4e36f67e"},"headline":"Digitaler Reifegrad von KMU: Hohe Digitalisierungs-Bereitschaft &#8211; aber mit Vorsicht","datePublished":"2021-04-08T06:35:45+00:00","mainEntityOfPage":{"@id":"https:\/\/www.organisator.ch\/management\/it\/2021-04-08\/digitaler-reifegrad-von-kmu-hohe-digitalisierungs-bereitschaft-aber-mit-vorsicht\/"},"wordCount":316,"publisher":{"@id":"https:\/\/www.organisator.ch\/#organization"},"image":{"@id":"https:\/\/www.organisator.ch\/management\/it\/2021-04-08\/digitaler-reifegrad-von-kmu-hohe-digitalisierungs-bereitschaft-aber-mit-vorsicht\/#primaryimage"},"thumbnailUrl":"https:\/\/www.organisator.ch\/wp-content\/uploads\/2021\/04\/Digitaler-Reifegrad-von-KMU-Hohe-Digitalisierungs-Bereitschaft-aber-mit-Vorsicht-1_Organisator.jpg","keywords":["Digitalisierung","IT &amp; Business Software","Umfrage"],"articleSection":["IT"],"inLanguage":"en-US"},{"@type":"WebPage","@id":"https:\/\/www.organisator.ch\/management\/it\/2021-04-08\/digitaler-reifegrad-von-kmu-hohe-digitalisierungs-bereitschaft-aber-mit-vorsicht\/","url":"https:\/\/www.organisator.ch\/management\/it\/2021-04-08\/digitaler-reifegrad-von-kmu-hohe-digitalisierungs-bereitschaft-aber-mit-vorsicht\/","name":"Digital maturity of SMEs: High readiness for digitization - but with caution - Organizer","isPartOf":{"@id":"https:\/\/www.organisator.ch\/#website"},"primaryImageOfPage":{"@id":"https:\/\/www.organisator.ch\/management\/it\/2021-04-08\/digitaler-reifegrad-von-kmu-hohe-digitalisierungs-bereitschaft-aber-mit-vorsicht\/#primaryimage"},"image":{"@id":"https:\/\/www.organisator.ch\/management\/it\/2021-04-08\/digitaler-reifegrad-von-kmu-hohe-digitalisierungs-bereitschaft-aber-mit-vorsicht\/#primaryimage"},"thumbnailUrl":"https:\/\/www.organisator.ch\/wp-content\/uploads\/2021\/04\/Digitaler-Reifegrad-von-KMU-Hohe-Digitalisierungs-Bereitschaft-aber-mit-Vorsicht-1_Organisator.jpg","datePublished":"2021-04-08T06:35:45+00:00","description":"Where do companies stand in terms of digital maturity? Which topics are of most concern to SMEs? The software manufacturer ABRA investigated these questions.","breadcrumb":{"@id":"https:\/\/www.organisator.ch\/management\/it\/2021-04-08\/digitaler-reifegrad-von-kmu-hohe-digitalisierungs-bereitschaft-aber-mit-vorsicht\/#breadcrumb"},"inLanguage":"en-US","potentialAction":[{"@type":"ReadAction","target":["https:\/\/www.organisator.ch\/management\/it\/2021-04-08\/digitaler-reifegrad-von-kmu-hohe-digitalisierungs-bereitschaft-aber-mit-vorsicht\/"]}]},{"@type":"ImageObject","inLanguage":"en-US","@id":"https:\/\/www.organisator.ch\/management\/it\/2021-04-08\/digitaler-reifegrad-von-kmu-hohe-digitalisierungs-bereitschaft-aber-mit-vorsicht\/#primaryimage","url":"https:\/\/www.organisator.ch\/wp-content\/uploads\/2021\/04\/Digitaler-Reifegrad-von-KMU-Hohe-Digitalisierungs-Bereitschaft-aber-mit-Vorsicht-1_Organisator.jpg","contentUrl":"https:\/\/www.organisator.ch\/wp-content\/uploads\/2021\/04\/Digitaler-Reifegrad-von-KMU-Hohe-Digitalisierungs-Bereitschaft-aber-mit-Vorsicht-1_Organisator.jpg","width":680,"height":337,"caption":"Digitaler Reifegrad in KMU: Es besteht noch viel Nachholbedarf. (Grafik: ABRA Software)"},{"@type":"BreadcrumbList","@id":"https:\/\/www.organisator.ch\/management\/it\/2021-04-08\/digitaler-reifegrad-von-kmu-hohe-digitalisierungs-bereitschaft-aber-mit-vorsicht\/#breadcrumb","itemListElement":[{"@type":"ListItem","position":1,"name":"Home","item":"https:\/\/www.organisator.ch\/"},{"@type":"ListItem","position":2,"name":"Digitaler Reifegrad von KMU: Hohe Digitalisierungs-Bereitschaft &#8211; aber mit Vorsicht"}]},{"@type":"WebSite","@id":"https:\/\/www.organisator.ch\/#website","url":"https:\/\/www.organisator.ch\/","name":"Organizer","description":"Competent. Practical. In 10 issues per year, ORGANISATOR presents the essential topics for managers of SMEs.","publisher":{"@id":"https:\/\/www.organisator.ch\/#organization"},"potentialAction":[{"@type":"SearchAction","target":{"@type":"EntryPoint","urlTemplate":"https:\/\/www.organisator.ch\/?s={search_term_string}"},"query-input":{"@type":"PropertyValueSpecification","valueRequired":true,"valueName":"search_term_string"}}],"inLanguage":"en-US"},{"@type":"Organization","@id":"https:\/\/www.organisator.ch\/#organization","name":"Organizer","url":"https:\/\/www.organisator.ch\/","logo":{"@type":"ImageObject","inLanguage":"en-US","@id":"https:\/\/www.organisator.ch\/#\/schema\/logo\/image\/","url":"https:\/\/www.organisator.ch\/wp-content\/uploads\/2022\/01\/Logo_Organisator_Website.png","contentUrl":"https:\/\/www.organisator.ch\/wp-content\/uploads\/2022\/01\/Logo_Organisator_Website.png","width":800,"height":77,"caption":"Organisator"},"image":{"@id":"https:\/\/www.organisator.ch\/#\/schema\/logo\/image\/"},"sameAs":["https:\/\/www.facebook.com\/OrganisatorFachmagazin","https:\/\/www.linkedin.com\/showcase\/organisator-das-magazin-fr-kmu","https:\/\/www.xing.com\/news\/pages\/organisator-ch-695","https:\/\/www.youtube.com\/channel\/UCGP2Sq0iWaZwT3BdIAQFYpw"]},{"@type":"Person","@id":"https:\/\/www.organisator.ch\/#\/schema\/person\/6f650f90b2842cd4c0cc334b4e36f67e","name":"thomas.berner","image":{"@type":"ImageObject","inLanguage":"en-US","@id":"https:\/\/secure.gravatar.com\/avatar\/ac5001d2a36cb6c6cd3e50789007ffca834b477b74a2144564522e944eabff61?s=96&d=mm&r=g","url":"https:\/\/secure.gravatar.com\/avatar\/ac5001d2a36cb6c6cd3e50789007ffca834b477b74a2144564522e944eabff61?s=96&d=mm&r=g","contentUrl":"https:\/\/secure.gravatar.com\/avatar\/ac5001d2a36cb6c6cd3e50789007ffca834b477b74a2144564522e944eabff61?s=96&d=mm&r=g","caption":"thomas.berner"},"url":"https:\/\/www.organisator.ch\/en\/author\/thomas-berner\/"}]}},"_links":{"self":[{"href":"https:\/\/www.organisator.ch\/en\/wp-json\/wp\/v2\/posts\/7895","targetHints":{"allow":["GET"]}}],"collection":[{"href":"https:\/\/www.organisator.ch\/en\/wp-json\/wp\/v2\/posts"}],"about":[{"href":"https:\/\/www.organisator.ch\/en\/wp-json\/wp\/v2\/types\/post"}],"author":[{"embeddable":true,"href":"https:\/\/www.organisator.ch\/en\/wp-json\/wp\/v2\/users\/4"}],"replies":[{"embeddable":true,"href":"https:\/\/www.organisator.ch\/en\/wp-json\/wp\/v2\/comments?post=7895"}],"version-history":[{"count":0,"href":"https:\/\/www.organisator.ch\/en\/wp-json\/wp\/v2\/posts\/7895\/revisions"}],"wp:featuredmedia":[{"embeddable":true,"href":"https:\/\/www.organisator.ch\/en\/wp-json\/wp\/v2\/media\/7896"}],"wp:attachment":[{"href":"https:\/\/www.organisator.ch\/en\/wp-json\/wp\/v2\/media?parent=7895"}],"wp:term":[{"taxonomy":"category","embeddable":true,"href":"https:\/\/www.organisator.ch\/en\/wp-json\/wp\/v2\/categories?post=7895"},{"taxonomy":"post_tag","embeddable":true,"href":"https:\/\/www.organisator.ch\/en\/wp-json\/wp\/v2\/tags?post=7895"}],"curies":[{"name":"wp","href":"https:\/\/api.w.org\/{rel}","templated":true}]}}