{"id":790,"date":"2017-03-01T14:36:58","date_gmt":"2017-03-01T13:36:58","guid":{"rendered":"https:\/\/www.umweltperspektiven.ch\/?p=790"},"modified":"2022-02-09T11:10:12","modified_gmt":"2022-02-09T10:10:12","slug":"privates-carsharing-im-trend","status":"publish","type":"post","link":"https:\/\/www.organisator.ch\/en\/sustainability\/2017-03-01\/privates-carsharing-im-trend\/","title":{"rendered":"Private car sharing in trend"},"content":{"rendered":"<figure id=\"attachment_792\" aria-describedby=\"caption-attachment-792\" style=\"width: 680px\" class=\"wp-caption alignnone\"><img loading=\"lazy\" decoding=\"async\" class=\"size-medium wp-image-792\" src=\"\/\/www.umweltperspektiven.ch\/wp-content\/uploads\/2017\/02\/Depositphotos_34127551_l-2015.jpg\" alt=\"\" width=\"680\" height=\"481\" srcset=\"https:\/\/www.organisator.ch\/wp-content\/uploads\/2017\/02\/Depositphotos_34127551_l-2015.jpg 1999w, https:\/\/www.organisator.ch\/wp-content\/uploads\/2017\/02\/Depositphotos_34127551_l-2015-680x481.jpg 680w, https:\/\/www.organisator.ch\/wp-content\/uploads\/2017\/02\/Depositphotos_34127551_l-2015-1024x724.jpg 1024w, https:\/\/www.organisator.ch\/wp-content\/uploads\/2017\/02\/Depositphotos_34127551_l-2015-768x543.jpg 768w, https:\/\/www.organisator.ch\/wp-content\/uploads\/2017\/02\/Depositphotos_34127551_l-2015-1536x1086.jpg 1536w, https:\/\/www.organisator.ch\/wp-content\/uploads\/2017\/02\/Depositphotos_34127551_l-2015-18x12.jpg 18w, https:\/\/www.organisator.ch\/wp-content\/uploads\/2017\/02\/Depositphotos_34127551_l-2015-247x175.jpg 247w, https:\/\/www.organisator.ch\/wp-content\/uploads\/2017\/02\/Depositphotos_34127551_l-2015-495x350.jpg 495w, https:\/\/www.organisator.ch\/wp-content\/uploads\/2017\/02\/Depositphotos_34127551_l-2015-1131x800.jpg 1131w, https:\/\/www.organisator.ch\/wp-content\/uploads\/2017\/02\/Depositphotos_34127551_l-2015-920x651.jpg 920w, https:\/\/www.organisator.ch\/wp-content\/uploads\/2017\/02\/Depositphotos_34127551_l-2015-1400x990.jpg 1400w, https:\/\/www.organisator.ch\/wp-content\/uploads\/2017\/02\/Depositphotos_34127551_l-2015-1979x1400.jpg 1979w, https:\/\/www.organisator.ch\/wp-content\/uploads\/2017\/02\/Depositphotos_34127551_l-2015-300x212.jpg 300w\" sizes=\"auto, (max-width: 680px) 100vw, 680px\" \/><figcaption id=\"caption-attachment-792\" class=\"wp-caption-text\">A comparison of car-sharing services in Europe shows: Sharing a private car is becoming more and more normal.<\/figcaption><\/figure>\n<p><span style=\"font-size: 10.5pt; font-family: 'Arial','sans-serif';\">Barcelona, Berlin, Copenhagen, London, Paris, Vienna and Zurich: students from the ZHAW School of Engineering have investigated existing sharing concepts in the field of mobility in seven European cities. The results show that within the ubiquitous trend of the sharing economy, sharing one's own car in particular is gaining in importance.<\/span><\/p>\n<p><span style=\"font-size: 10.5pt; font-family: 'Arial','sans-serif';\">Peer-to-peer car sharing (P2P car sharing for short) is a new type of sharing model: providers offer private users online platforms where they can share their vehicles with others. At least one such service is available in all seven cities surveyed. <\/span><\/p>\n<p><span style=\"font-size: 10.5pt; font-family: 'Arial','sans-serif';\">The front-runner is Paris, where five providers enable a total of more than 2200 car owners to rent out their own vehicles to strangers via a corresponding platform. In Zurich, there is only one provider with a good 100 participants so far. <\/span><\/p>\n<p><span style=\"font-size: 10.5pt; font-family: 'Arial','sans-serif';\">The advantages are obvious: \"This way, the car is not just sitting in the parking lot and causing costs, but you can earn money with it,\" knows ZHAW student Christoph Sutter, who led the project in the Bachelor's degree program in Transportation Systems together with his colleague Wolfgang Thullen. <\/span><\/p>\n<p><b><span style=\"font-size: 10.5pt; font-family: 'Arial','sans-serif';\">P2P model vs. organized car sharing<br \/>\n<\/span><\/b><span style=\"font-size: 10.5pt; font-family: 'Arial','sans-serif';\">In contrast to traditional car sharing, the entry hurdle for P2P platforms is low. There are no registration fees. \"Pay as you go\" applies on all the platforms studied. This offers users a great deal of flexibility and helps them stand up to the competition from organized car sharing and car rental. <\/span><\/p>\n<p><span style=\"font-size: 10.5pt; font-family: 'Arial','sans-serif';\">The sharing offer on P2P platforms seems to be greater than the demand. \"That's just as well, because the decisive point for the potential user is the short distance to a P2P car,\" explains Thomas Sauter-Servaes, head of the Transportation Systems course. In addition to the new P2P model, his students also examined conventional car-sharing offerings as well as bike-sharing. In order to be able to compare the offers situationally, eight different user groups with typical mobility behavior were created. <\/span><\/p>\n<p><b><span style=\"font-size: 10.5pt; font-family: 'Arial','sans-serif';\">Tourists travel cheapest by rental bike and public transport<br \/>\n<\/span><\/b><span style=\"font-size: 10.5pt; font-family: 'Arial','sans-serif';\">For one user group in particular, the P2P model could overtake traditional car rental: Those who need a car for a week's family vacation drive more cheaply with P2P than with traditional car sharing in all seven cities. In Barcelona, Copenhagen, London, Paris and Vienna, on the other hand, a week's shopping is definitely worthwhile with car-sharing providers, while in Berlin and Zurich it is better to rely on P2P offers in this case as well. If you are a tourist on a city trip, bike sharing is usually a good choice. <\/span><\/p>\n<p><span style=\"font-size: 10.5pt; font-family: 'Arial','sans-serif';\">\"In most of the cities we looked at, a city tour by rental bike is cheaper than by public transport,\" says Wolfgang Thullen. On the other hand, public transport is cheaper than car sharing. \"Nevertheless, for a tourist couple, a car-sharing offer is more attractive if the main focus is on comfort and the surrounding countryside is also to be explored.\" The free-floating principle - i.e., returning the car regardless of location - makes car-sharing providers even more attractive.<\/span><\/p>\n<p>Go to <a href=\"\/\/www.zhaw.ch\/storage\/engineering\/studium\/bachelorstudium\/studiengaenge\/verkehrssysteme\/studien\/ZHAW-Verkehrssysteme_Studie-Shared-Mobility_2016.pdf\">complete study<\/a><\/p>\n<p>Text: ZHAW<\/p>","protected":false},"excerpt":{"rendered":"<p>Barcelona, Berlin, Kopenhagen, London, Paris, Wien und Z\u00fcrich: Studierende der ZHAW School of Engineering haben in sieben europ\u00e4ischen St\u00e4dten bestehende Sharing-Konzepte im Bereich der Mobilit\u00e4t untersucht. Die Ergebnisse zeigen, dass innerhalb des allgegenw\u00e4rtigen Trends der Sharing-Economy insbesondere das Teilen des eigenen Autos an Bedeutung gewinnt. Unter dem Namen Peer-to-Peer-Car-Sharing (kurz: P2P-Car-Sharing) verbirgt sich ein neuartiges [&hellip;]<\/p>\n","protected":false},"author":1,"featured_media":792,"comment_status":"open","ping_status":"open","sticky":false,"template":"","format":"standard","meta":{"_acf_changed":false,"_yoast_wpseo_focuskw":"Carsharing","_yoast_wpseo_metadesc":"Das eigene Auto zu teilen wird immer mehr zum Trend: Das zeigt ein Vergleich verschiedener Sharingkonzepte in sieben europ\u00e4ischen St\u00e4dten.","articlekey":"","footnotes":""},"categories":[580],"tags":[1769,460,2454,2600],"class_list":["post-790","post","type-post","status-publish","format-standard","has-post-thumbnail","hentry","category-sustainability","tag-nachhaltige-mobilitaet","tag-studien","tag-verkehr","tag-zhaw"],"acf":[],"yoast_head":"<!-- This site is optimized with the Yoast SEO plugin v27.4 - https:\/\/yoast.com\/product\/yoast-seo-wordpress\/ -->\n<title>Privates Carsharing im Trend - Organisator<\/title>\n<meta name=\"description\" content=\"Das eigene Auto zu teilen wird immer mehr zum Trend: Das zeigt ein Vergleich verschiedener Sharingkonzepte in sieben europ\u00e4ischen St\u00e4dten.\" \/>\n<meta name=\"robots\" content=\"index, follow, max-snippet:-1, max-image-preview:large, max-video-preview:-1\" \/>\n<link rel=\"canonical\" href=\"https:\/\/www.organisator.ch\/en\/sustainability\/2017-03-01\/privates-carsharing-im-trend\/\" \/>\n<meta property=\"og:locale\" content=\"en_US\" \/>\n<meta property=\"og:type\" content=\"article\" \/>\n<meta property=\"og:title\" content=\"Privates Carsharing im Trend - Organisator\" \/>\n<meta property=\"og:description\" content=\"Das eigene Auto zu teilen wird immer mehr zum Trend: Das zeigt ein Vergleich verschiedener Sharingkonzepte in sieben europ\u00e4ischen St\u00e4dten.\" \/>\n<meta property=\"og:url\" content=\"https:\/\/www.organisator.ch\/en\/sustainability\/2017-03-01\/privates-carsharing-im-trend\/\" \/>\n<meta property=\"og:site_name\" content=\"Organisator\" \/>\n<meta property=\"article:publisher\" content=\"https:\/\/www.facebook.com\/OrganisatorFachmagazin\" \/>\n<meta property=\"article:published_time\" content=\"2017-03-01T13:36:58+00:00\" \/>\n<meta property=\"article:modified_time\" content=\"2022-02-09T10:10:12+00:00\" \/>\n<meta property=\"og:image\" content=\"https:\/\/www.organisator.ch\/wp-content\/uploads\/2017\/02\/Depositphotos_34127551_l-2015.jpg\" \/>\n\t<meta property=\"og:image:width\" content=\"1999\" \/>\n\t<meta property=\"og:image:height\" content=\"1414\" \/>\n\t<meta property=\"og:image:type\" content=\"image\/jpeg\" \/>\n<meta name=\"author\" content=\"admin\" \/>\n<meta name=\"twitter:card\" content=\"summary_large_image\" \/>\n<script type=\"application\/ld+json\" class=\"yoast-schema-graph\">{\"@context\":\"https:\\\/\\\/schema.org\",\"@graph\":[{\"@type\":\"Article\",\"@id\":\"https:\\\/\\\/www.organisator.ch\\\/sustainability\\\/2017-03-01\\\/privates-carsharing-im-trend\\\/#article\",\"isPartOf\":{\"@id\":\"https:\\\/\\\/www.organisator.ch\\\/sustainability\\\/2017-03-01\\\/privates-carsharing-im-trend\\\/\"},\"author\":{\"name\":\"admin\",\"@id\":\"https:\\\/\\\/www.organisator.ch\\\/#\\\/schema\\\/person\\\/aa2bace6c5c5aad60102004a50c4eb1c\"},\"headline\":\"Privates Carsharing im Trend\",\"datePublished\":\"2017-03-01T13:36:58+00:00\",\"dateModified\":\"2022-02-09T10:10:12+00:00\",\"mainEntityOfPage\":{\"@id\":\"https:\\\/\\\/www.organisator.ch\\\/sustainability\\\/2017-03-01\\\/privates-carsharing-im-trend\\\/\"},\"wordCount\":504,\"commentCount\":0,\"publisher\":{\"@id\":\"https:\\\/\\\/www.organisator.ch\\\/#organization\"},\"image\":{\"@id\":\"https:\\\/\\\/www.organisator.ch\\\/sustainability\\\/2017-03-01\\\/privates-carsharing-im-trend\\\/#primaryimage\"},\"thumbnailUrl\":\"https:\\\/\\\/www.organisator.ch\\\/wp-content\\\/uploads\\\/2017\\\/02\\\/Depositphotos_34127551_l-2015.jpg\",\"keywords\":[\"Nachhaltige Mobilit\u00e4t\",\"Studien\",\"Verkehr\",\"ZHAW\"],\"articleSection\":[\"SUSTAINABILITY\"],\"inLanguage\":\"en-US\"},{\"@type\":\"WebPage\",\"@id\":\"https:\\\/\\\/www.organisator.ch\\\/sustainability\\\/2017-03-01\\\/privates-carsharing-im-trend\\\/\",\"url\":\"https:\\\/\\\/www.organisator.ch\\\/sustainability\\\/2017-03-01\\\/privates-carsharing-im-trend\\\/\",\"name\":\"Privates Carsharing im Trend - Organisator\",\"isPartOf\":{\"@id\":\"https:\\\/\\\/www.organisator.ch\\\/#website\"},\"primaryImageOfPage\":{\"@id\":\"https:\\\/\\\/www.organisator.ch\\\/sustainability\\\/2017-03-01\\\/privates-carsharing-im-trend\\\/#primaryimage\"},\"image\":{\"@id\":\"https:\\\/\\\/www.organisator.ch\\\/sustainability\\\/2017-03-01\\\/privates-carsharing-im-trend\\\/#primaryimage\"},\"thumbnailUrl\":\"https:\\\/\\\/www.organisator.ch\\\/wp-content\\\/uploads\\\/2017\\\/02\\\/Depositphotos_34127551_l-2015.jpg\",\"datePublished\":\"2017-03-01T13:36:58+00:00\",\"dateModified\":\"2022-02-09T10:10:12+00:00\",\"description\":\"Das eigene Auto zu teilen wird immer mehr zum Trend: Das zeigt ein Vergleich verschiedener Sharingkonzepte in sieben europ\u00e4ischen St\u00e4dten.\",\"breadcrumb\":{\"@id\":\"https:\\\/\\\/www.organisator.ch\\\/sustainability\\\/2017-03-01\\\/privates-carsharing-im-trend\\\/#breadcrumb\"},\"inLanguage\":\"en-US\",\"potentialAction\":[{\"@type\":\"ReadAction\",\"target\":[\"https:\\\/\\\/www.organisator.ch\\\/sustainability\\\/2017-03-01\\\/privates-carsharing-im-trend\\\/\"]}]},{\"@type\":\"ImageObject\",\"inLanguage\":\"en-US\",\"@id\":\"https:\\\/\\\/www.organisator.ch\\\/sustainability\\\/2017-03-01\\\/privates-carsharing-im-trend\\\/#primaryimage\",\"url\":\"https:\\\/\\\/www.organisator.ch\\\/wp-content\\\/uploads\\\/2017\\\/02\\\/Depositphotos_34127551_l-2015.jpg\",\"contentUrl\":\"https:\\\/\\\/www.organisator.ch\\\/wp-content\\\/uploads\\\/2017\\\/02\\\/Depositphotos_34127551_l-2015.jpg\",\"width\":1999,\"height\":1414,\"caption\":\"Ein Vergleich der Carsharing-Angebote in Europa zeigt: Das Privatauto zu teilen, wird immer normaler.\"},{\"@type\":\"BreadcrumbList\",\"@id\":\"https:\\\/\\\/www.organisator.ch\\\/sustainability\\\/2017-03-01\\\/privates-carsharing-im-trend\\\/#breadcrumb\",\"itemListElement\":[{\"@type\":\"ListItem\",\"position\":1,\"name\":\"Home\",\"item\":\"https:\\\/\\\/www.organisator.ch\\\/\"},{\"@type\":\"ListItem\",\"position\":2,\"name\":\"Privates Carsharing im Trend\"}]},{\"@type\":\"WebSite\",\"@id\":\"https:\\\/\\\/www.organisator.ch\\\/#website\",\"url\":\"https:\\\/\\\/www.organisator.ch\\\/\",\"name\":\"Organisator\",\"description\":\"Kompetent. Praxisnah. Der ORGANISATOR bereitet in 10 Ausgaben pro Jahr die wesentlichen Themen f\u00fcr F\u00fchrungskr\u00e4fte von KMU auf.\",\"publisher\":{\"@id\":\"https:\\\/\\\/www.organisator.ch\\\/#organization\"},\"potentialAction\":[{\"@type\":\"SearchAction\",\"target\":{\"@type\":\"EntryPoint\",\"urlTemplate\":\"https:\\\/\\\/www.organisator.ch\\\/?s={search_term_string}\"},\"query-input\":{\"@type\":\"PropertyValueSpecification\",\"valueRequired\":true,\"valueName\":\"search_term_string\"}}],\"inLanguage\":\"en-US\"},{\"@type\":\"Organization\",\"@id\":\"https:\\\/\\\/www.organisator.ch\\\/#organization\",\"name\":\"Organisator\",\"url\":\"https:\\\/\\\/www.organisator.ch\\\/\",\"logo\":{\"@type\":\"ImageObject\",\"inLanguage\":\"en-US\",\"@id\":\"https:\\\/\\\/www.organisator.ch\\\/#\\\/schema\\\/logo\\\/image\\\/\",\"url\":\"https:\\\/\\\/www.organisator.ch\\\/wp-content\\\/uploads\\\/2022\\\/01\\\/Logo_Organisator_Website.png\",\"contentUrl\":\"https:\\\/\\\/www.organisator.ch\\\/wp-content\\\/uploads\\\/2022\\\/01\\\/Logo_Organisator_Website.png\",\"width\":800,\"height\":77,\"caption\":\"Organisator\"},\"image\":{\"@id\":\"https:\\\/\\\/www.organisator.ch\\\/#\\\/schema\\\/logo\\\/image\\\/\"},\"sameAs\":[\"https:\\\/\\\/www.facebook.com\\\/OrganisatorFachmagazin\",\"https:\\\/\\\/www.linkedin.com\\\/showcase\\\/organisator-das-magazin-fr-kmu\",\"https:\\\/\\\/www.xing.com\\\/news\\\/pages\\\/organisator-ch-695\",\"https:\\\/\\\/www.youtube.com\\\/channel\\\/UCGP2Sq0iWaZwT3BdIAQFYpw\"]},{\"@type\":\"Person\",\"@id\":\"https:\\\/\\\/www.organisator.ch\\\/#\\\/schema\\\/person\\\/aa2bace6c5c5aad60102004a50c4eb1c\",\"name\":\"admin\",\"image\":{\"@type\":\"ImageObject\",\"inLanguage\":\"en-US\",\"@id\":\"https:\\\/\\\/secure.gravatar.com\\\/avatar\\\/ae2f4d718e6c49043e314ce431e7e645d646302a24a5ef5a8bc8e3f5a032e319?s=96&d=mm&r=g\",\"url\":\"https:\\\/\\\/secure.gravatar.com\\\/avatar\\\/ae2f4d718e6c49043e314ce431e7e645d646302a24a5ef5a8bc8e3f5a032e319?s=96&d=mm&r=g\",\"contentUrl\":\"https:\\\/\\\/secure.gravatar.com\\\/avatar\\\/ae2f4d718e6c49043e314ce431e7e645d646302a24a5ef5a8bc8e3f5a032e319?s=96&d=mm&r=g\",\"caption\":\"admin\"},\"sameAs\":[\"https:\\\/\\\/www.organisator.ch\"],\"url\":\"https:\\\/\\\/www.organisator.ch\\\/en\\\/author\\\/admin\\\/\"}]}<\/script>\n<!-- \/ Yoast SEO plugin. -->","yoast_head_json":{"title":"Private car sharing in trend - Organizer","description":"Sharing your own car is becoming more and more of a trend: This is shown by a comparison of different sharing concepts in seven European cities.","robots":{"index":"index","follow":"follow","max-snippet":"max-snippet:-1","max-image-preview":"max-image-preview:large","max-video-preview":"max-video-preview:-1"},"canonical":"https:\/\/www.organisator.ch\/en\/sustainability\/2017-03-01\/privates-carsharing-im-trend\/","og_locale":"en_US","og_type":"article","og_title":"Privates Carsharing im Trend - Organisator","og_description":"Das eigene Auto zu teilen wird immer mehr zum Trend: Das zeigt ein Vergleich verschiedener Sharingkonzepte in sieben europ\u00e4ischen St\u00e4dten.","og_url":"https:\/\/www.organisator.ch\/en\/sustainability\/2017-03-01\/privates-carsharing-im-trend\/","og_site_name":"Organisator","article_publisher":"https:\/\/www.facebook.com\/OrganisatorFachmagazin","article_published_time":"2017-03-01T13:36:58+00:00","article_modified_time":"2022-02-09T10:10:12+00:00","og_image":[{"width":1999,"height":1414,"url":"https:\/\/www.organisator.ch\/wp-content\/uploads\/2017\/02\/Depositphotos_34127551_l-2015.jpg","type":"image\/jpeg"}],"author":"admin","twitter_card":"summary_large_image","schema":{"@context":"https:\/\/schema.org","@graph":[{"@type":"Article","@id":"https:\/\/www.organisator.ch\/sustainability\/2017-03-01\/privates-carsharing-im-trend\/#article","isPartOf":{"@id":"https:\/\/www.organisator.ch\/sustainability\/2017-03-01\/privates-carsharing-im-trend\/"},"author":{"name":"admin","@id":"https:\/\/www.organisator.ch\/#\/schema\/person\/aa2bace6c5c5aad60102004a50c4eb1c"},"headline":"Privates Carsharing im Trend","datePublished":"2017-03-01T13:36:58+00:00","dateModified":"2022-02-09T10:10:12+00:00","mainEntityOfPage":{"@id":"https:\/\/www.organisator.ch\/sustainability\/2017-03-01\/privates-carsharing-im-trend\/"},"wordCount":504,"commentCount":0,"publisher":{"@id":"https:\/\/www.organisator.ch\/#organization"},"image":{"@id":"https:\/\/www.organisator.ch\/sustainability\/2017-03-01\/privates-carsharing-im-trend\/#primaryimage"},"thumbnailUrl":"https:\/\/www.organisator.ch\/wp-content\/uploads\/2017\/02\/Depositphotos_34127551_l-2015.jpg","keywords":["Nachhaltige Mobilit\u00e4t","Studien","Verkehr","ZHAW"],"articleSection":["SUSTAINABILITY"],"inLanguage":"en-US"},{"@type":"WebPage","@id":"https:\/\/www.organisator.ch\/sustainability\/2017-03-01\/privates-carsharing-im-trend\/","url":"https:\/\/www.organisator.ch\/sustainability\/2017-03-01\/privates-carsharing-im-trend\/","name":"Private car sharing in trend - Organizer","isPartOf":{"@id":"https:\/\/www.organisator.ch\/#website"},"primaryImageOfPage":{"@id":"https:\/\/www.organisator.ch\/sustainability\/2017-03-01\/privates-carsharing-im-trend\/#primaryimage"},"image":{"@id":"https:\/\/www.organisator.ch\/sustainability\/2017-03-01\/privates-carsharing-im-trend\/#primaryimage"},"thumbnailUrl":"https:\/\/www.organisator.ch\/wp-content\/uploads\/2017\/02\/Depositphotos_34127551_l-2015.jpg","datePublished":"2017-03-01T13:36:58+00:00","dateModified":"2022-02-09T10:10:12+00:00","description":"Sharing your own car is becoming more and more of a trend: This is shown by a comparison of different sharing concepts in seven European cities.","breadcrumb":{"@id":"https:\/\/www.organisator.ch\/sustainability\/2017-03-01\/privates-carsharing-im-trend\/#breadcrumb"},"inLanguage":"en-US","potentialAction":[{"@type":"ReadAction","target":["https:\/\/www.organisator.ch\/sustainability\/2017-03-01\/privates-carsharing-im-trend\/"]}]},{"@type":"ImageObject","inLanguage":"en-US","@id":"https:\/\/www.organisator.ch\/sustainability\/2017-03-01\/privates-carsharing-im-trend\/#primaryimage","url":"https:\/\/www.organisator.ch\/wp-content\/uploads\/2017\/02\/Depositphotos_34127551_l-2015.jpg","contentUrl":"https:\/\/www.organisator.ch\/wp-content\/uploads\/2017\/02\/Depositphotos_34127551_l-2015.jpg","width":1999,"height":1414,"caption":"Ein Vergleich der Carsharing-Angebote in Europa zeigt: Das Privatauto zu teilen, wird immer normaler."},{"@type":"BreadcrumbList","@id":"https:\/\/www.organisator.ch\/sustainability\/2017-03-01\/privates-carsharing-im-trend\/#breadcrumb","itemListElement":[{"@type":"ListItem","position":1,"name":"Home","item":"https:\/\/www.organisator.ch\/"},{"@type":"ListItem","position":2,"name":"Privates Carsharing im Trend"}]},{"@type":"WebSite","@id":"https:\/\/www.organisator.ch\/#website","url":"https:\/\/www.organisator.ch\/","name":"Organizer","description":"Competent. Practical. In 10 issues per year, ORGANISATOR presents the essential topics for managers of SMEs.","publisher":{"@id":"https:\/\/www.organisator.ch\/#organization"},"potentialAction":[{"@type":"SearchAction","target":{"@type":"EntryPoint","urlTemplate":"https:\/\/www.organisator.ch\/?s={search_term_string}"},"query-input":{"@type":"PropertyValueSpecification","valueRequired":true,"valueName":"search_term_string"}}],"inLanguage":"en-US"},{"@type":"Organization","@id":"https:\/\/www.organisator.ch\/#organization","name":"Organizer","url":"https:\/\/www.organisator.ch\/","logo":{"@type":"ImageObject","inLanguage":"en-US","@id":"https:\/\/www.organisator.ch\/#\/schema\/logo\/image\/","url":"https:\/\/www.organisator.ch\/wp-content\/uploads\/2022\/01\/Logo_Organisator_Website.png","contentUrl":"https:\/\/www.organisator.ch\/wp-content\/uploads\/2022\/01\/Logo_Organisator_Website.png","width":800,"height":77,"caption":"Organisator"},"image":{"@id":"https:\/\/www.organisator.ch\/#\/schema\/logo\/image\/"},"sameAs":["https:\/\/www.facebook.com\/OrganisatorFachmagazin","https:\/\/www.linkedin.com\/showcase\/organisator-das-magazin-fr-kmu","https:\/\/www.xing.com\/news\/pages\/organisator-ch-695","https:\/\/www.youtube.com\/channel\/UCGP2Sq0iWaZwT3BdIAQFYpw"]},{"@type":"Person","@id":"https:\/\/www.organisator.ch\/#\/schema\/person\/aa2bace6c5c5aad60102004a50c4eb1c","name":"admin","image":{"@type":"ImageObject","inLanguage":"en-US","@id":"https:\/\/secure.gravatar.com\/avatar\/ae2f4d718e6c49043e314ce431e7e645d646302a24a5ef5a8bc8e3f5a032e319?s=96&d=mm&r=g","url":"https:\/\/secure.gravatar.com\/avatar\/ae2f4d718e6c49043e314ce431e7e645d646302a24a5ef5a8bc8e3f5a032e319?s=96&d=mm&r=g","contentUrl":"https:\/\/secure.gravatar.com\/avatar\/ae2f4d718e6c49043e314ce431e7e645d646302a24a5ef5a8bc8e3f5a032e319?s=96&d=mm&r=g","caption":"admin"},"sameAs":["https:\/\/www.organisator.ch"],"url":"https:\/\/www.organisator.ch\/en\/author\/admin\/"}]}},"_links":{"self":[{"href":"https:\/\/www.organisator.ch\/en\/wp-json\/wp\/v2\/posts\/790","targetHints":{"allow":["GET"]}}],"collection":[{"href":"https:\/\/www.organisator.ch\/en\/wp-json\/wp\/v2\/posts"}],"about":[{"href":"https:\/\/www.organisator.ch\/en\/wp-json\/wp\/v2\/types\/post"}],"author":[{"embeddable":true,"href":"https:\/\/www.organisator.ch\/en\/wp-json\/wp\/v2\/users\/1"}],"replies":[{"embeddable":true,"href":"https:\/\/www.organisator.ch\/en\/wp-json\/wp\/v2\/comments?post=790"}],"version-history":[{"count":1,"href":"https:\/\/www.organisator.ch\/en\/wp-json\/wp\/v2\/posts\/790\/revisions"}],"predecessor-version":[{"id":10944,"href":"https:\/\/www.organisator.ch\/en\/wp-json\/wp\/v2\/posts\/790\/revisions\/10944"}],"wp:featuredmedia":[{"embeddable":true,"href":"https:\/\/www.organisator.ch\/en\/wp-json\/wp\/v2\/media\/792"}],"wp:attachment":[{"href":"https:\/\/www.organisator.ch\/en\/wp-json\/wp\/v2\/media?parent=790"}],"wp:term":[{"taxonomy":"category","embeddable":true,"href":"https:\/\/www.organisator.ch\/en\/wp-json\/wp\/v2\/categories?post=790"},{"taxonomy":"post_tag","embeddable":true,"href":"https:\/\/www.organisator.ch\/en\/wp-json\/wp\/v2\/tags?post=790"}],"curies":[{"name":"wp","href":"https:\/\/api.w.org\/{rel}","templated":true}]}}