{"id":7918,"date":"2021-04-14T16:31:06","date_gmt":"2021-04-14T14:31:06","guid":{"rendered":"https:\/\/www.organisator.ch\/?p=7918"},"modified":"2021-04-14T16:31:06","modified_gmt":"2021-04-14T14:31:06","slug":"berufseinstieg-2020-lehrabgaenger-innen-beweisen-anpassungsfaehigkeit","status":"publish","type":"post","link":"https:\/\/www.organisator.ch\/en\/allgemein\/2021-04-14\/berufseinstieg-2020-lehrabgaenger-innen-beweisen-anpassungsfaehigkeit\/","title":{"rendered":"Career entry 2020: Apprenticeship graduates prove adaptability"},"content":{"rendered":"<figure id=\"attachment_7920\" aria-describedby=\"caption-attachment-7920\" style=\"width: 680px\" class=\"wp-caption alignnone\"><img loading=\"lazy\" decoding=\"async\" class=\"size-medium wp-image-7920\" src=\"https:\/\/www.organisator.ch\/wp-content\/uploads\/2021\/04\/Berufseinstieg-2020-Lehrabgaengerinnen-beweisen-Anpassungsfaehigkeit-1_Organisator.jpg\" alt=\"\" width=\"680\" height=\"229\" srcset=\"https:\/\/www.organisator.ch\/wp-content\/uploads\/2021\/04\/Berufseinstieg-2020-Lehrabgaengerinnen-beweisen-Anpassungsfaehigkeit-1_Organisator.jpg 680w, https:\/\/www.organisator.ch\/wp-content\/uploads\/2021\/04\/Berufseinstieg-2020-Lehrabgaengerinnen-beweisen-Anpassungsfaehigkeit-1_Organisator-16x5.jpg 16w, https:\/\/www.organisator.ch\/wp-content\/uploads\/2021\/04\/Berufseinstieg-2020-Lehrabgaengerinnen-beweisen-Anpassungsfaehigkeit-1_Organisator-375x126.jpg 375w, https:\/\/www.organisator.ch\/wp-content\/uploads\/2021\/04\/Berufseinstieg-2020-Lehrabgaengerinnen-beweisen-Anpassungsfaehigkeit-1_Organisator-300x101.jpg 300w\" sizes=\"auto, (max-width: 680px) 100vw, 680px\" \/><figcaption id=\"caption-attachment-7920\" class=\"wp-caption-text\">100 percent prepared for the start of their careers: Commercial training proved to be the right choice for most apprenticeship graduates despite the Corona pandemic. (Image: Pixabay.com)<\/figcaption><\/figure>\n<p>For more than fourteen years, the Swiss Commercial Association has surveyed KV graduates in Switzerland about working conditions during apprenticeships, the transition to professional life and their plans for the future. The 2020 survey focused on the impact of the Covid 19 pandemic on learning and working, as well as on finding a job.<\/p>\n<h2>Difficulty in starting a career<\/h2>\n<p>The Covid 19 pandemic has hit young professionals hard and made their entry into the labor market more difficult. Thus, in November 2020, around 9.1% of the KV apprenticeship graduates surveyed were looking for a job. Only 64.8% stated that they were still employed. Compared to the previous year, this represents a decrease of 5%, abruptly ending the positive trend of recent years (see chart 1). \"The decrease in labor force participation rates can be attributed to the difficult labor market situation in the first year of the pandemic.\" Nina Meier, Basic Education &amp; Youth Counseling project worker at the Commercial Association, summarizes the results. Also worrying is the increase in apprenticeship graduates in insecure employment. In 2020, the proportion of graduates who were employed on a temporary basis increased by 5%. This must be viewed critically, as a quarter of those in such employment state that they would prefer an open-ended contract, but were not offered one. The situation is similar with graduates who are in a part-time position: 27.7% state that they would prefer a full-time position. Nina Meier warns against this development: \"The significant increase in fixed-term employment contracts, reduced stints and part-time positions are indicators that the difficult economic situation is making it more difficult to start a career. In the long term, this can have negative consequences, such as lower wages, but also an impairment of career opportunities.\"<\/p>\n<figure id=\"attachment_7921\" aria-describedby=\"caption-attachment-7921\" style=\"width: 680px\" class=\"wp-caption alignnone\"><img loading=\"lazy\" decoding=\"async\" class=\"size-medium wp-image-7921\" src=\"https:\/\/www.organisator.ch\/wp-content\/uploads\/2021\/04\/Berufseinstieg-2020-Lehrabgaengerinnen-beweisen-Anpassungsfaehigkeit-2_Organisator.jpg\" alt=\"\" width=\"680\" height=\"761\" srcset=\"https:\/\/www.organisator.ch\/wp-content\/uploads\/2021\/04\/Berufseinstieg-2020-Lehrabgaengerinnen-beweisen-Anpassungsfaehigkeit-2_Organisator.jpg 680w, https:\/\/www.organisator.ch\/wp-content\/uploads\/2021\/04\/Berufseinstieg-2020-Lehrabgaengerinnen-beweisen-Anpassungsfaehigkeit-2_Organisator-11x12.jpg 11w, https:\/\/www.organisator.ch\/wp-content\/uploads\/2021\/04\/Berufseinstieg-2020-Lehrabgaengerinnen-beweisen-Anpassungsfaehigkeit-2_Organisator-156x175.jpg 156w, https:\/\/www.organisator.ch\/wp-content\/uploads\/2021\/04\/Berufseinstieg-2020-Lehrabgaengerinnen-beweisen-Anpassungsfaehigkeit-2_Organisator-313x350.jpg 313w, https:\/\/www.organisator.ch\/wp-content\/uploads\/2021\/04\/Berufseinstieg-2020-Lehrabgaengerinnen-beweisen-Anpassungsfaehigkeit-2_Organisator-300x336.jpg 300w\" sizes=\"auto, (max-width: 680px) 100vw, 680px\" \/><figcaption id=\"caption-attachment-7921\" class=\"wp-caption-text\">The majority of apprenticeship graduates in the commercial sector are satisfied with their career start. (Graphic: Swiss Commercial Association)<\/figcaption><\/figure>\n<h2>Building up know-how through further training<\/h2>\n<p>With the KV, young people have a solid and generalist basic education for starting a career. With subsequent further training, they can quickly specialize in new professions and develop into sought-after experts. Thus, 85.9% of the apprenticeship graduates are also convinced that the basic commercial training is a good starting point for their professional career. Many young business people are able to apply the skills they acquired during their apprenticeship to their current job (see chart 2). \"The well-founded training and the agility for their career that they have acquired as a result are of particular benefit to them in a year of crisis. Commercial apprentices willingly complete further training courses, which are essential if they are to succeed on the labor market in the long term. Thus, interim solutions are now being proactively sought and used during the crisis in order to bridge unemployment and at the same time build up know-how in a targeted manner\". In keeping with the motto \"lifelong learning,\" 9 out of 10 graduates want to continue their education in the near future. This confirms the trend towards further training, which the LAU dealt with intensively in 2019. After the initial training, the will to acquire more knowledge is clearly evident. Already in November 2020, 32.3% of the respondents have started further training. A further 27.7% intend to tackle the project in the next 12 months. The BM2 remains one of the most popular courses of further education directly after an apprenticeship, followed by a course of study at a university of applied sciences.<\/p>\n<h2>Home office and the apprenticeship<\/h2>\n<p>Despite numerous changes on the labor market, young business people were not put off by the tense situation and showed a high level of commitment during the application process. This observation was also made by Nina Meier. She notes that \"the graduates as well as their training supervisors have shown a high degree of adaptability and have adapted the final phase of the training to the new work norm and the more difficult conditions through additional effort. And this without sacrificing quality\". Satisfaction with the nature of the work assignments remained high even in the home office, which became the new work environment for more than 50% of the apprenticeship graduates starting in the spring. Some 74% indicated that the assignments they received in the home office were educational and meaningful (see Chart 3). Likewise, learners were able to develop their digital skills and work independently. More than half are convinced that they have learned new things in the home office. The commercial apprenticeship completed in 2020 is thus in no way inferior to the qualifications of previous years.<\/p>\n<p><em>Source: <a href=\"http:\/\/www.kfmv.ch\">Swiss Commercial Association<\/a><\/em><\/p>","protected":false},"excerpt":{"rendered":"<p>Seit mehr als vierzehn Jahren befragt der Kaufm\u00e4nnische Verband die KV-Abg\u00e4nger\/innen in der Schweiz zu den Arbeitsbedingungen in der Lehre, dem \u00dcbertritt ins Berufsleben und ihren Zukunftspl\u00e4nen. Die Befragung im Jahr 2020 hat den Fokus auf die Auswirkungen der Covid-19-Pandemie auf das Lernen und Arbeiten sowie auf die Stellensuche gelegt. Erschwerter Berufseinstieg Die Covid-19-Pandemie hat [&hellip;]<\/p>\n","protected":false},"author":4,"featured_media":7920,"comment_status":"closed","ping_status":"closed","sticky":false,"template":"","format":"standard","meta":{"_acf_changed":false,"_yoast_wpseo_focuskw":"Berufseinstieg","_yoast_wpseo_metadesc":"Eine Studie des Kaufm\u00e4nnischen Verbands zeigt, dass der Berufseinstieg 2020 recht schwierig war. Doch die Lehrabg\u00e4nger\/innen zeigten sich anpassungsf\u00e4hig.","articlekey":"","footnotes":""},"categories":[1,30],"tags":[62,73,75,254,459],"class_list":["post-7918","post","type-post","status-publish","format-standard","has-post-thumbnail","hentry","category-allgemein","category-weiterbildung","tag-aus-weiterbildung","tag-berufsbildung","tag-berufswahl","tag-hrm","tag-studie"],"acf":[],"yoast_head":"<!-- This site is optimized with the Yoast SEO plugin v27.5 - https:\/\/yoast.com\/product\/yoast-seo-wordpress\/ -->\n<title>Berufseinstieg 2020: Lehrabg\u00e4nger\/innen beweisen Anpassungsf\u00e4higkeit - Organisator<\/title>\n<meta name=\"description\" content=\"Eine Studie des Kaufm\u00e4nnischen Verbands zeigt, dass der Berufseinstieg 2020 recht schwierig war. Doch die Lehrabg\u00e4nger\/innen zeigten sich anpassungsf\u00e4hig.\" \/>\n<meta name=\"robots\" content=\"index, follow, max-snippet:-1, max-image-preview:large, max-video-preview:-1\" \/>\n<link rel=\"canonical\" href=\"https:\/\/www.organisator.ch\/en\/general\/2021-04-14\/berufseinstieg-2020-lehrabgaenger-innen-beweisen-anpassungsfaehigkeit\/\" \/>\n<meta property=\"og:locale\" content=\"en_US\" \/>\n<meta property=\"og:type\" content=\"article\" \/>\n<meta property=\"og:title\" content=\"Berufseinstieg 2020: Lehrabg\u00e4nger\/innen beweisen Anpassungsf\u00e4higkeit\" \/>\n<meta property=\"og:description\" content=\"Eine Studie des Kaufm\u00e4nnischen Verbands zeigt, dass der Berufseinstieg 2020 recht schwierig war. Doch die Lehrabg\u00e4nger\/innen zeigten sich anpassungsf\u00e4hig.\" \/>\n<meta property=\"og:url\" content=\"https:\/\/www.organisator.ch\/en\/general\/2021-04-14\/berufseinstieg-2020-lehrabgaenger-innen-beweisen-anpassungsfaehigkeit\/\" \/>\n<meta property=\"og:site_name\" content=\"Organisator\" \/>\n<meta property=\"article:publisher\" content=\"https:\/\/www.facebook.com\/OrganisatorFachmagazin\" \/>\n<meta property=\"article:published_time\" content=\"2021-04-14T14:31:06+00:00\" \/>\n<meta property=\"og:image\" content=\"https:\/\/www.organisator.ch\/wp-content\/uploads\/2021\/04\/Berufseinstieg-2020-Lehrabgaengerinnen-beweisen-Anpassungsfaehigkeit-1_Organisator.jpg\" \/>\n\t<meta property=\"og:image:width\" content=\"680\" \/>\n\t<meta property=\"og:image:height\" content=\"229\" \/>\n\t<meta property=\"og:image:type\" content=\"image\/jpeg\" \/>\n<meta name=\"author\" content=\"thomas.berner\" \/>\n<meta name=\"twitter:card\" content=\"summary_large_image\" \/>\n<meta name=\"twitter:title\" content=\"#Berufseinstieg 2020: #Lehrabg\u00e4nger\/innen beweisen Anpassungsf\u00e4higkeit\" \/>\n<meta name=\"twitter:description\" content=\"Eine Studie des Kaufm\u00e4nnischen Verbands #KVSchweiz zeigt, dass der #Berufseinstieg 2020 recht schwierig war. Doch die #Lehrabg\u00e4nger\/innen zeigten sich anpassungsf\u00e4hig.\" \/>\n<meta name=\"twitter:image\" content=\"https:\/\/www.organisator.ch\/wp-content\/uploads\/2021\/04\/Berufseinstieg-2020-Lehrabgaengerinnen-beweisen-Anpassungsfaehigkeit-1_Organisator.jpg\" \/>\n<script type=\"application\/ld+json\" class=\"yoast-schema-graph\">{\"@context\":\"https:\\\/\\\/schema.org\",\"@graph\":[{\"@type\":\"Article\",\"@id\":\"https:\\\/\\\/www.organisator.ch\\\/allgemein\\\/2021-04-14\\\/berufseinstieg-2020-lehrabgaenger-innen-beweisen-anpassungsfaehigkeit\\\/#article\",\"isPartOf\":{\"@id\":\"https:\\\/\\\/www.organisator.ch\\\/allgemein\\\/2021-04-14\\\/berufseinstieg-2020-lehrabgaenger-innen-beweisen-anpassungsfaehigkeit\\\/\"},\"author\":{\"name\":\"thomas.berner\",\"@id\":\"https:\\\/\\\/www.organisator.ch\\\/#\\\/schema\\\/person\\\/6f650f90b2842cd4c0cc334b4e36f67e\"},\"headline\":\"Berufseinstieg 2020: Lehrabg\u00e4nger\\\/innen beweisen Anpassungsf\u00e4higkeit\",\"datePublished\":\"2021-04-14T14:31:06+00:00\",\"mainEntityOfPage\":{\"@id\":\"https:\\\/\\\/www.organisator.ch\\\/allgemein\\\/2021-04-14\\\/berufseinstieg-2020-lehrabgaenger-innen-beweisen-anpassungsfaehigkeit\\\/\"},\"wordCount\":744,\"publisher\":{\"@id\":\"https:\\\/\\\/www.organisator.ch\\\/#organization\"},\"image\":{\"@id\":\"https:\\\/\\\/www.organisator.ch\\\/allgemein\\\/2021-04-14\\\/berufseinstieg-2020-lehrabgaenger-innen-beweisen-anpassungsfaehigkeit\\\/#primaryimage\"},\"thumbnailUrl\":\"https:\\\/\\\/www.organisator.ch\\\/wp-content\\\/uploads\\\/2021\\\/04\\\/Berufseinstieg-2020-Lehrabgaengerinnen-beweisen-Anpassungsfaehigkeit-1_Organisator.jpg\",\"keywords\":[\"Aus-\\\/Weiterbildung\",\"Berufsbildung\",\"Berufswahl\",\"HRM\",\"Studie\"],\"articleSection\":[\"Allgemein\",\"WEITERBILDUNG\"],\"inLanguage\":\"en-US\"},{\"@type\":\"WebPage\",\"@id\":\"https:\\\/\\\/www.organisator.ch\\\/allgemein\\\/2021-04-14\\\/berufseinstieg-2020-lehrabgaenger-innen-beweisen-anpassungsfaehigkeit\\\/\",\"url\":\"https:\\\/\\\/www.organisator.ch\\\/allgemein\\\/2021-04-14\\\/berufseinstieg-2020-lehrabgaenger-innen-beweisen-anpassungsfaehigkeit\\\/\",\"name\":\"Berufseinstieg 2020: Lehrabg\u00e4nger\\\/innen beweisen Anpassungsf\u00e4higkeit - Organisator\",\"isPartOf\":{\"@id\":\"https:\\\/\\\/www.organisator.ch\\\/#website\"},\"primaryImageOfPage\":{\"@id\":\"https:\\\/\\\/www.organisator.ch\\\/allgemein\\\/2021-04-14\\\/berufseinstieg-2020-lehrabgaenger-innen-beweisen-anpassungsfaehigkeit\\\/#primaryimage\"},\"image\":{\"@id\":\"https:\\\/\\\/www.organisator.ch\\\/allgemein\\\/2021-04-14\\\/berufseinstieg-2020-lehrabgaenger-innen-beweisen-anpassungsfaehigkeit\\\/#primaryimage\"},\"thumbnailUrl\":\"https:\\\/\\\/www.organisator.ch\\\/wp-content\\\/uploads\\\/2021\\\/04\\\/Berufseinstieg-2020-Lehrabgaengerinnen-beweisen-Anpassungsfaehigkeit-1_Organisator.jpg\",\"datePublished\":\"2021-04-14T14:31:06+00:00\",\"description\":\"Eine Studie des Kaufm\u00e4nnischen Verbands zeigt, dass der Berufseinstieg 2020 recht schwierig war. Doch die Lehrabg\u00e4nger\\\/innen zeigten sich anpassungsf\u00e4hig.\",\"breadcrumb\":{\"@id\":\"https:\\\/\\\/www.organisator.ch\\\/allgemein\\\/2021-04-14\\\/berufseinstieg-2020-lehrabgaenger-innen-beweisen-anpassungsfaehigkeit\\\/#breadcrumb\"},\"inLanguage\":\"en-US\",\"potentialAction\":[{\"@type\":\"ReadAction\",\"target\":[\"https:\\\/\\\/www.organisator.ch\\\/allgemein\\\/2021-04-14\\\/berufseinstieg-2020-lehrabgaenger-innen-beweisen-anpassungsfaehigkeit\\\/\"]}]},{\"@type\":\"ImageObject\",\"inLanguage\":\"en-US\",\"@id\":\"https:\\\/\\\/www.organisator.ch\\\/allgemein\\\/2021-04-14\\\/berufseinstieg-2020-lehrabgaenger-innen-beweisen-anpassungsfaehigkeit\\\/#primaryimage\",\"url\":\"https:\\\/\\\/www.organisator.ch\\\/wp-content\\\/uploads\\\/2021\\\/04\\\/Berufseinstieg-2020-Lehrabgaengerinnen-beweisen-Anpassungsfaehigkeit-1_Organisator.jpg\",\"contentUrl\":\"https:\\\/\\\/www.organisator.ch\\\/wp-content\\\/uploads\\\/2021\\\/04\\\/Berufseinstieg-2020-Lehrabgaengerinnen-beweisen-Anpassungsfaehigkeit-1_Organisator.jpg\",\"width\":680,\"height\":229,\"caption\":\"Zu 100 Prozent f\u00fcr den Berufseinstieg ger\u00fcstet: Die kaufm\u00e4nnische Ausbildung erwies sich trotz Corona-Pandemie f\u00fcr die meisten Lehrabg\u00e4nger\\\/innen als richtige Wahl. (Bild: Pixabay.com)\"},{\"@type\":\"BreadcrumbList\",\"@id\":\"https:\\\/\\\/www.organisator.ch\\\/allgemein\\\/2021-04-14\\\/berufseinstieg-2020-lehrabgaenger-innen-beweisen-anpassungsfaehigkeit\\\/#breadcrumb\",\"itemListElement\":[{\"@type\":\"ListItem\",\"position\":1,\"name\":\"Home\",\"item\":\"https:\\\/\\\/www.organisator.ch\\\/\"},{\"@type\":\"ListItem\",\"position\":2,\"name\":\"Berufseinstieg 2020: Lehrabg\u00e4nger\\\/innen beweisen Anpassungsf\u00e4higkeit\"}]},{\"@type\":\"WebSite\",\"@id\":\"https:\\\/\\\/www.organisator.ch\\\/#website\",\"url\":\"https:\\\/\\\/www.organisator.ch\\\/\",\"name\":\"Organisator\",\"description\":\"Kompetent. Praxisnah. Der ORGANISATOR bereitet in 10 Ausgaben pro Jahr die wesentlichen Themen f\u00fcr F\u00fchrungskr\u00e4fte von KMU auf.\",\"publisher\":{\"@id\":\"https:\\\/\\\/www.organisator.ch\\\/#organization\"},\"potentialAction\":[{\"@type\":\"SearchAction\",\"target\":{\"@type\":\"EntryPoint\",\"urlTemplate\":\"https:\\\/\\\/www.organisator.ch\\\/?s={search_term_string}\"},\"query-input\":{\"@type\":\"PropertyValueSpecification\",\"valueRequired\":true,\"valueName\":\"search_term_string\"}}],\"inLanguage\":\"en-US\"},{\"@type\":\"Organization\",\"@id\":\"https:\\\/\\\/www.organisator.ch\\\/#organization\",\"name\":\"Organisator\",\"url\":\"https:\\\/\\\/www.organisator.ch\\\/\",\"logo\":{\"@type\":\"ImageObject\",\"inLanguage\":\"en-US\",\"@id\":\"https:\\\/\\\/www.organisator.ch\\\/#\\\/schema\\\/logo\\\/image\\\/\",\"url\":\"https:\\\/\\\/www.organisator.ch\\\/wp-content\\\/uploads\\\/2022\\\/01\\\/Logo_Organisator_Website.png\",\"contentUrl\":\"https:\\\/\\\/www.organisator.ch\\\/wp-content\\\/uploads\\\/2022\\\/01\\\/Logo_Organisator_Website.png\",\"width\":800,\"height\":77,\"caption\":\"Organisator\"},\"image\":{\"@id\":\"https:\\\/\\\/www.organisator.ch\\\/#\\\/schema\\\/logo\\\/image\\\/\"},\"sameAs\":[\"https:\\\/\\\/www.facebook.com\\\/OrganisatorFachmagazin\",\"https:\\\/\\\/www.linkedin.com\\\/showcase\\\/organisator-das-magazin-fr-kmu\",\"https:\\\/\\\/www.xing.com\\\/news\\\/pages\\\/organisator-ch-695\",\"https:\\\/\\\/www.youtube.com\\\/channel\\\/UCGP2Sq0iWaZwT3BdIAQFYpw\"]},{\"@type\":\"Person\",\"@id\":\"https:\\\/\\\/www.organisator.ch\\\/#\\\/schema\\\/person\\\/6f650f90b2842cd4c0cc334b4e36f67e\",\"name\":\"thomas.berner\",\"image\":{\"@type\":\"ImageObject\",\"inLanguage\":\"en-US\",\"@id\":\"https:\\\/\\\/secure.gravatar.com\\\/avatar\\\/ac5001d2a36cb6c6cd3e50789007ffca834b477b74a2144564522e944eabff61?s=96&d=mm&r=g\",\"url\":\"https:\\\/\\\/secure.gravatar.com\\\/avatar\\\/ac5001d2a36cb6c6cd3e50789007ffca834b477b74a2144564522e944eabff61?s=96&d=mm&r=g\",\"contentUrl\":\"https:\\\/\\\/secure.gravatar.com\\\/avatar\\\/ac5001d2a36cb6c6cd3e50789007ffca834b477b74a2144564522e944eabff61?s=96&d=mm&r=g\",\"caption\":\"thomas.berner\"},\"url\":\"https:\\\/\\\/www.organisator.ch\\\/en\\\/author\\\/thomas-berner\\\/\"}]}<\/script>\n<!-- \/ Yoast SEO plugin. -->","yoast_head_json":{"title":"Career entry 2020: apprenticeship graduates prove adaptability - Organizer","description":"A study by the Commercial Association shows that starting a career in 2020 was quite difficult. But the apprenticeship graduates proved to be adaptable.","robots":{"index":"index","follow":"follow","max-snippet":"max-snippet:-1","max-image-preview":"max-image-preview:large","max-video-preview":"max-video-preview:-1"},"canonical":"https:\/\/www.organisator.ch\/en\/general\/2021-04-14\/berufseinstieg-2020-lehrabgaenger-innen-beweisen-anpassungsfaehigkeit\/","og_locale":"en_US","og_type":"article","og_title":"Berufseinstieg 2020: Lehrabg\u00e4nger\/innen beweisen Anpassungsf\u00e4higkeit","og_description":"Eine Studie des Kaufm\u00e4nnischen Verbands zeigt, dass der Berufseinstieg 2020 recht schwierig war. Doch die Lehrabg\u00e4nger\/innen zeigten sich anpassungsf\u00e4hig.","og_url":"https:\/\/www.organisator.ch\/en\/general\/2021-04-14\/berufseinstieg-2020-lehrabgaenger-innen-beweisen-anpassungsfaehigkeit\/","og_site_name":"Organisator","article_publisher":"https:\/\/www.facebook.com\/OrganisatorFachmagazin","article_published_time":"2021-04-14T14:31:06+00:00","og_image":[{"width":680,"height":229,"url":"https:\/\/www.organisator.ch\/wp-content\/uploads\/2021\/04\/Berufseinstieg-2020-Lehrabgaengerinnen-beweisen-Anpassungsfaehigkeit-1_Organisator.jpg","type":"image\/jpeg"}],"author":"thomas.berner","twitter_card":"summary_large_image","twitter_title":"#Berufseinstieg 2020: #Lehrabg\u00e4nger\/innen beweisen Anpassungsf\u00e4higkeit","twitter_description":"Eine Studie des Kaufm\u00e4nnischen Verbands #KVSchweiz zeigt, dass der #Berufseinstieg 2020 recht schwierig war. Doch die #Lehrabg\u00e4nger\/innen zeigten sich anpassungsf\u00e4hig.","twitter_image":"https:\/\/www.organisator.ch\/wp-content\/uploads\/2021\/04\/Berufseinstieg-2020-Lehrabgaengerinnen-beweisen-Anpassungsfaehigkeit-1_Organisator.jpg","schema":{"@context":"https:\/\/schema.org","@graph":[{"@type":"Article","@id":"https:\/\/www.organisator.ch\/allgemein\/2021-04-14\/berufseinstieg-2020-lehrabgaenger-innen-beweisen-anpassungsfaehigkeit\/#article","isPartOf":{"@id":"https:\/\/www.organisator.ch\/allgemein\/2021-04-14\/berufseinstieg-2020-lehrabgaenger-innen-beweisen-anpassungsfaehigkeit\/"},"author":{"name":"thomas.berner","@id":"https:\/\/www.organisator.ch\/#\/schema\/person\/6f650f90b2842cd4c0cc334b4e36f67e"},"headline":"Berufseinstieg 2020: Lehrabg\u00e4nger\/innen beweisen Anpassungsf\u00e4higkeit","datePublished":"2021-04-14T14:31:06+00:00","mainEntityOfPage":{"@id":"https:\/\/www.organisator.ch\/allgemein\/2021-04-14\/berufseinstieg-2020-lehrabgaenger-innen-beweisen-anpassungsfaehigkeit\/"},"wordCount":744,"publisher":{"@id":"https:\/\/www.organisator.ch\/#organization"},"image":{"@id":"https:\/\/www.organisator.ch\/allgemein\/2021-04-14\/berufseinstieg-2020-lehrabgaenger-innen-beweisen-anpassungsfaehigkeit\/#primaryimage"},"thumbnailUrl":"https:\/\/www.organisator.ch\/wp-content\/uploads\/2021\/04\/Berufseinstieg-2020-Lehrabgaengerinnen-beweisen-Anpassungsfaehigkeit-1_Organisator.jpg","keywords":["Aus-\/Weiterbildung","Berufsbildung","Berufswahl","HRM","Studie"],"articleSection":["Allgemein","WEITERBILDUNG"],"inLanguage":"en-US"},{"@type":"WebPage","@id":"https:\/\/www.organisator.ch\/allgemein\/2021-04-14\/berufseinstieg-2020-lehrabgaenger-innen-beweisen-anpassungsfaehigkeit\/","url":"https:\/\/www.organisator.ch\/allgemein\/2021-04-14\/berufseinstieg-2020-lehrabgaenger-innen-beweisen-anpassungsfaehigkeit\/","name":"Career entry 2020: apprenticeship graduates prove adaptability - Organizer","isPartOf":{"@id":"https:\/\/www.organisator.ch\/#website"},"primaryImageOfPage":{"@id":"https:\/\/www.organisator.ch\/allgemein\/2021-04-14\/berufseinstieg-2020-lehrabgaenger-innen-beweisen-anpassungsfaehigkeit\/#primaryimage"},"image":{"@id":"https:\/\/www.organisator.ch\/allgemein\/2021-04-14\/berufseinstieg-2020-lehrabgaenger-innen-beweisen-anpassungsfaehigkeit\/#primaryimage"},"thumbnailUrl":"https:\/\/www.organisator.ch\/wp-content\/uploads\/2021\/04\/Berufseinstieg-2020-Lehrabgaengerinnen-beweisen-Anpassungsfaehigkeit-1_Organisator.jpg","datePublished":"2021-04-14T14:31:06+00:00","description":"A study by the Commercial Association shows that starting a career in 2020 was quite difficult. But the apprenticeship graduates proved to be adaptable.","breadcrumb":{"@id":"https:\/\/www.organisator.ch\/allgemein\/2021-04-14\/berufseinstieg-2020-lehrabgaenger-innen-beweisen-anpassungsfaehigkeit\/#breadcrumb"},"inLanguage":"en-US","potentialAction":[{"@type":"ReadAction","target":["https:\/\/www.organisator.ch\/allgemein\/2021-04-14\/berufseinstieg-2020-lehrabgaenger-innen-beweisen-anpassungsfaehigkeit\/"]}]},{"@type":"ImageObject","inLanguage":"en-US","@id":"https:\/\/www.organisator.ch\/allgemein\/2021-04-14\/berufseinstieg-2020-lehrabgaenger-innen-beweisen-anpassungsfaehigkeit\/#primaryimage","url":"https:\/\/www.organisator.ch\/wp-content\/uploads\/2021\/04\/Berufseinstieg-2020-Lehrabgaengerinnen-beweisen-Anpassungsfaehigkeit-1_Organisator.jpg","contentUrl":"https:\/\/www.organisator.ch\/wp-content\/uploads\/2021\/04\/Berufseinstieg-2020-Lehrabgaengerinnen-beweisen-Anpassungsfaehigkeit-1_Organisator.jpg","width":680,"height":229,"caption":"Zu 100 Prozent f\u00fcr den Berufseinstieg ger\u00fcstet: Die kaufm\u00e4nnische Ausbildung erwies sich trotz Corona-Pandemie f\u00fcr die meisten Lehrabg\u00e4nger\/innen als richtige Wahl. (Bild: Pixabay.com)"},{"@type":"BreadcrumbList","@id":"https:\/\/www.organisator.ch\/allgemein\/2021-04-14\/berufseinstieg-2020-lehrabgaenger-innen-beweisen-anpassungsfaehigkeit\/#breadcrumb","itemListElement":[{"@type":"ListItem","position":1,"name":"Home","item":"https:\/\/www.organisator.ch\/"},{"@type":"ListItem","position":2,"name":"Berufseinstieg 2020: Lehrabg\u00e4nger\/innen beweisen Anpassungsf\u00e4higkeit"}]},{"@type":"WebSite","@id":"https:\/\/www.organisator.ch\/#website","url":"https:\/\/www.organisator.ch\/","name":"Organizer","description":"Competent. Practical. In 10 issues per year, ORGANISATOR presents the essential topics for managers of SMEs.","publisher":{"@id":"https:\/\/www.organisator.ch\/#organization"},"potentialAction":[{"@type":"SearchAction","target":{"@type":"EntryPoint","urlTemplate":"https:\/\/www.organisator.ch\/?s={search_term_string}"},"query-input":{"@type":"PropertyValueSpecification","valueRequired":true,"valueName":"search_term_string"}}],"inLanguage":"en-US"},{"@type":"Organization","@id":"https:\/\/www.organisator.ch\/#organization","name":"Organizer","url":"https:\/\/www.organisator.ch\/","logo":{"@type":"ImageObject","inLanguage":"en-US","@id":"https:\/\/www.organisator.ch\/#\/schema\/logo\/image\/","url":"https:\/\/www.organisator.ch\/wp-content\/uploads\/2022\/01\/Logo_Organisator_Website.png","contentUrl":"https:\/\/www.organisator.ch\/wp-content\/uploads\/2022\/01\/Logo_Organisator_Website.png","width":800,"height":77,"caption":"Organisator"},"image":{"@id":"https:\/\/www.organisator.ch\/#\/schema\/logo\/image\/"},"sameAs":["https:\/\/www.facebook.com\/OrganisatorFachmagazin","https:\/\/www.linkedin.com\/showcase\/organisator-das-magazin-fr-kmu","https:\/\/www.xing.com\/news\/pages\/organisator-ch-695","https:\/\/www.youtube.com\/channel\/UCGP2Sq0iWaZwT3BdIAQFYpw"]},{"@type":"Person","@id":"https:\/\/www.organisator.ch\/#\/schema\/person\/6f650f90b2842cd4c0cc334b4e36f67e","name":"thomas.berner","image":{"@type":"ImageObject","inLanguage":"en-US","@id":"https:\/\/secure.gravatar.com\/avatar\/ac5001d2a36cb6c6cd3e50789007ffca834b477b74a2144564522e944eabff61?s=96&d=mm&r=g","url":"https:\/\/secure.gravatar.com\/avatar\/ac5001d2a36cb6c6cd3e50789007ffca834b477b74a2144564522e944eabff61?s=96&d=mm&r=g","contentUrl":"https:\/\/secure.gravatar.com\/avatar\/ac5001d2a36cb6c6cd3e50789007ffca834b477b74a2144564522e944eabff61?s=96&d=mm&r=g","caption":"thomas.berner"},"url":"https:\/\/www.organisator.ch\/en\/author\/thomas-berner\/"}]}},"_links":{"self":[{"href":"https:\/\/www.organisator.ch\/en\/wp-json\/wp\/v2\/posts\/7918","targetHints":{"allow":["GET"]}}],"collection":[{"href":"https:\/\/www.organisator.ch\/en\/wp-json\/wp\/v2\/posts"}],"about":[{"href":"https:\/\/www.organisator.ch\/en\/wp-json\/wp\/v2\/types\/post"}],"author":[{"embeddable":true,"href":"https:\/\/www.organisator.ch\/en\/wp-json\/wp\/v2\/users\/4"}],"replies":[{"embeddable":true,"href":"https:\/\/www.organisator.ch\/en\/wp-json\/wp\/v2\/comments?post=7918"}],"version-history":[{"count":0,"href":"https:\/\/www.organisator.ch\/en\/wp-json\/wp\/v2\/posts\/7918\/revisions"}],"wp:featuredmedia":[{"embeddable":true,"href":"https:\/\/www.organisator.ch\/en\/wp-json\/wp\/v2\/media\/7920"}],"wp:attachment":[{"href":"https:\/\/www.organisator.ch\/en\/wp-json\/wp\/v2\/media?parent=7918"}],"wp:term":[{"taxonomy":"category","embeddable":true,"href":"https:\/\/www.organisator.ch\/en\/wp-json\/wp\/v2\/categories?post=7918"},{"taxonomy":"post_tag","embeddable":true,"href":"https:\/\/www.organisator.ch\/en\/wp-json\/wp\/v2\/tags?post=7918"}],"curies":[{"name":"wp","href":"https:\/\/api.w.org\/{rel}","templated":true}]}}