{"id":794,"date":"2017-03-01T08:40:43","date_gmt":"2017-03-01T07:40:43","guid":{"rendered":"https:\/\/www.umweltperspektiven.ch\/?p=794"},"modified":"2022-02-09T11:06:21","modified_gmt":"2022-02-09T10:06:21","slug":"innovationsplattform-fuer-evu-gestartet","status":"publish","type":"post","link":"https:\/\/www.organisator.ch\/en\/sustainability\/2017-03-01\/innovationsplattform-fuer-evu-gestartet\/","title":{"rendered":"Innovation platform for EVU launched"},"content":{"rendered":"<figure id=\"attachment_795\" aria-describedby=\"caption-attachment-795\" style=\"width: 680px\" class=\"wp-caption alignnone\"><img loading=\"lazy\" decoding=\"async\" class=\"size-medium wp-image-795\" src=\"\/\/www.umweltperspektiven.ch\/wp-content\/uploads\/2017\/02\/Depositphotos_48793457_l-2015.jpg\" alt=\"\" width=\"680\" height=\"453\" \/><figcaption id=\"caption-attachment-795\" class=\"wp-caption-text\">Eight municipal utilities and five industrial partners want to jointly develop business models and products.<\/figcaption><\/figure>\n<p>Innovating together: 8 Swiss municipal utilities and 5 industry partners come together under the umbrella of \"Swisspower Innovation\" to further develop their business models and products in a cross-company and cross-industry innovation platform. The open and collaborative innovation management combines internal and external resources and connects the municipal utilities with industry and research partners.<\/p>\n<p>Energy utilities are confronted with a rapid change in the industry: Digitalization, falling electricity prices, changing customer needs, liberalization steps of the energy market, transformation of the entire energy system. In order to remain competitive in the future, municipal utilities must adapt their business field activities. An important key to successful corporate development lies in innovation - in business models, products and services. Swisspower Stadtwerke has therefore decided to establish a cross-company and cross-sector innovation platform and to jointly develop future-proof services and products until they are ready for the market.<\/p>\n<p>Eight municipal utilities are launching under the umbrella of \"Swisspower Innovation\": SH POWER (Schaffhausen), IBAarau AG, WWZ AG (Zug), StWZ Energie AG (Zofingen), Technische Betriebe Kreuzlingen, Energie Thun AG, Stadtwerke Wetzikon and SWL Energie AG (Lenzburg).<\/p>\n<p>Together, the municipal utilities pursue the goal of increasing their innovation capability and speed through mutual exchange. To this end, they also obtain impetus and know-how from the market, from industrial partners and research centers. ABB, Siemens, IBM and Migros have agreed to be partners in Swisspower Innovation. A research collaboration with the Energy Center of the Ecole Polytechnique F\u00e9d\u00e9rale de Lausanne (EPFL) has also already been agreed. Other municipal utilities and research partners such as Empa are also interested.<\/p>\n<p>Ronny Kaufmann, CEO of Swisspower AG, reiterates the common goal of the innovation platform: \"By participating in the cross-company and cross-sector innovation platform, the municipal utilities are positioning themselves as a driving force for a future energy system.\"<\/p>\n<p><strong>Open Innovation<\/strong><\/p>\n<p>An open and collaborative innovation process provides space to jointly develop unexplored ideas. Through the collaboration of companies from different sectors as well as industry and science partners, in-house (knowledge) resources and external capabilities are combined. Overcoming corporate boundaries expands the scope for developing ideas and leads to the development of complementary know-how. An additional culture of employee participation strengthens interdisciplinary learning processes, promotes creativity and thus activates further untapped innovation potential.<\/p>\n<p>Source: Swisspower AG<\/p>","protected":false},"excerpt":{"rendered":"<p>Gemeinsam innovieren: 8 Schweizer Stadtwerke und 5 Industriepartner finden sich unter dem Dach \u00abSwisspower Innovation\u00bb zusammen, um in einer firmen- und branchen\u00fcbergreifenden Innovationsplattform ihre Gesch\u00e4ftsmodelle und Produkte weiterzuentwickeln. Das offene und kollaborative Innovationsmanagement kombiniert unternehmensinterne und -externe Ressourcen und verbindet die Stadtwerke mit Industrie- und Forschungspartnern. Die Energieversorgungsunternehmen sind mit einer rasanten Ver\u00e4nderung der Branche [&hellip;]<\/p>\n","protected":false},"author":1,"featured_media":9474,"comment_status":"open","ping_status":"open","sticky":false,"template":"","format":"standard","meta":{"_acf_changed":false,"_yoast_wpseo_focuskw":"Innovationsplattform","_yoast_wpseo_metadesc":"Innovative Gesch\u00e4ftsmodelle, Produkte und Dienstleistungen f\u00fcr Energieversorger entwickeln: Dies ist das Ziel einer neuen Innovationsplattform.","articlekey":"","footnotes":""},"categories":[580],"tags":[584,1093,1141,274,2272],"class_list":["post-794","post","type-post","status-publish","format-standard","has-post-thumbnail","hentry","category-sustainability","tag-energie","tag-energieversorger","tag-evu","tag-innovation","tag-swisspower"],"acf":[],"yoast_head":"<!-- This site is optimized with the Yoast SEO plugin v27.4 - https:\/\/yoast.com\/product\/yoast-seo-wordpress\/ -->\n<title>Innovationsplattform f\u00fcr EVU gestartet - Organisator<\/title>\n<meta name=\"description\" content=\"Innovative Gesch\u00e4ftsmodelle, Produkte und Dienstleistungen f\u00fcr Energieversorger entwickeln: Dies ist das Ziel einer neuen Innovationsplattform.\" \/>\n<meta name=\"robots\" content=\"index, follow, max-snippet:-1, max-image-preview:large, max-video-preview:-1\" \/>\n<link rel=\"canonical\" href=\"https:\/\/www.organisator.ch\/en\/sustainability\/2017-03-01\/innovationsplattform-fuer-evu-gestartet\/\" \/>\n<meta property=\"og:locale\" content=\"en_US\" \/>\n<meta property=\"og:type\" content=\"article\" \/>\n<meta property=\"og:title\" content=\"Innovationsplattform f\u00fcr EVU gestartet - Organisator\" \/>\n<meta property=\"og:description\" content=\"Innovative Gesch\u00e4ftsmodelle, Produkte und Dienstleistungen f\u00fcr Energieversorger entwickeln: Dies ist das Ziel einer neuen Innovationsplattform.\" \/>\n<meta property=\"og:url\" content=\"https:\/\/www.organisator.ch\/en\/sustainability\/2017-03-01\/innovationsplattform-fuer-evu-gestartet\/\" \/>\n<meta property=\"og:site_name\" content=\"Organisator\" \/>\n<meta property=\"article:publisher\" content=\"https:\/\/www.facebook.com\/OrganisatorFachmagazin\" \/>\n<meta property=\"article:published_time\" content=\"2017-03-01T07:40:43+00:00\" \/>\n<meta property=\"article:modified_time\" content=\"2022-02-09T10:06:21+00:00\" \/>\n<meta property=\"og:image\" content=\"https:\/\/www.organisator.ch\/wp-content\/uploads\/2017\/02\/Depositphotos_48793457_l-2015-1024x682.jpg\" \/>\n\t<meta property=\"og:image:width\" content=\"1024\" \/>\n\t<meta property=\"og:image:height\" content=\"682\" \/>\n\t<meta property=\"og:image:type\" content=\"image\/jpeg\" \/>\n<meta name=\"author\" content=\"admin\" \/>\n<meta name=\"twitter:card\" content=\"summary_large_image\" \/>\n<script type=\"application\/ld+json\" class=\"yoast-schema-graph\">{\"@context\":\"https:\\\/\\\/schema.org\",\"@graph\":[{\"@type\":\"Article\",\"@id\":\"https:\\\/\\\/www.organisator.ch\\\/sustainability\\\/2017-03-01\\\/innovationsplattform-fuer-evu-gestartet\\\/#article\",\"isPartOf\":{\"@id\":\"https:\\\/\\\/www.organisator.ch\\\/sustainability\\\/2017-03-01\\\/innovationsplattform-fuer-evu-gestartet\\\/\"},\"author\":{\"name\":\"admin\",\"@id\":\"https:\\\/\\\/www.organisator.ch\\\/#\\\/schema\\\/person\\\/aa2bace6c5c5aad60102004a50c4eb1c\"},\"headline\":\"Innovationsplattform f\u00fcr EVU gestartet\",\"datePublished\":\"2017-03-01T07:40:43+00:00\",\"dateModified\":\"2022-02-09T10:06:21+00:00\",\"mainEntityOfPage\":{\"@id\":\"https:\\\/\\\/www.organisator.ch\\\/sustainability\\\/2017-03-01\\\/innovationsplattform-fuer-evu-gestartet\\\/\"},\"wordCount\":381,\"commentCount\":0,\"publisher\":{\"@id\":\"https:\\\/\\\/www.organisator.ch\\\/#organization\"},\"image\":{\"@id\":\"https:\\\/\\\/www.organisator.ch\\\/sustainability\\\/2017-03-01\\\/innovationsplattform-fuer-evu-gestartet\\\/#primaryimage\"},\"thumbnailUrl\":\"https:\\\/\\\/www.organisator.ch\\\/wp-content\\\/uploads\\\/2017\\\/02\\\/Depositphotos_48793457_l-2015.jpg\",\"keywords\":[\"ENERGIE\",\"Energieversorger\",\"EVU\",\"Innovation\",\"Swisspower\"],\"articleSection\":[\"SUSTAINABILITY\"],\"inLanguage\":\"en-US\"},{\"@type\":\"WebPage\",\"@id\":\"https:\\\/\\\/www.organisator.ch\\\/sustainability\\\/2017-03-01\\\/innovationsplattform-fuer-evu-gestartet\\\/\",\"url\":\"https:\\\/\\\/www.organisator.ch\\\/sustainability\\\/2017-03-01\\\/innovationsplattform-fuer-evu-gestartet\\\/\",\"name\":\"Innovationsplattform f\u00fcr EVU gestartet - Organisator\",\"isPartOf\":{\"@id\":\"https:\\\/\\\/www.organisator.ch\\\/#website\"},\"primaryImageOfPage\":{\"@id\":\"https:\\\/\\\/www.organisator.ch\\\/sustainability\\\/2017-03-01\\\/innovationsplattform-fuer-evu-gestartet\\\/#primaryimage\"},\"image\":{\"@id\":\"https:\\\/\\\/www.organisator.ch\\\/sustainability\\\/2017-03-01\\\/innovationsplattform-fuer-evu-gestartet\\\/#primaryimage\"},\"thumbnailUrl\":\"https:\\\/\\\/www.organisator.ch\\\/wp-content\\\/uploads\\\/2017\\\/02\\\/Depositphotos_48793457_l-2015.jpg\",\"datePublished\":\"2017-03-01T07:40:43+00:00\",\"dateModified\":\"2022-02-09T10:06:21+00:00\",\"description\":\"Innovative Gesch\u00e4ftsmodelle, Produkte und Dienstleistungen f\u00fcr Energieversorger entwickeln: Dies ist das Ziel einer neuen Innovationsplattform.\",\"breadcrumb\":{\"@id\":\"https:\\\/\\\/www.organisator.ch\\\/sustainability\\\/2017-03-01\\\/innovationsplattform-fuer-evu-gestartet\\\/#breadcrumb\"},\"inLanguage\":\"en-US\",\"potentialAction\":[{\"@type\":\"ReadAction\",\"target\":[\"https:\\\/\\\/www.organisator.ch\\\/sustainability\\\/2017-03-01\\\/innovationsplattform-fuer-evu-gestartet\\\/\"]}]},{\"@type\":\"ImageObject\",\"inLanguage\":\"en-US\",\"@id\":\"https:\\\/\\\/www.organisator.ch\\\/sustainability\\\/2017-03-01\\\/innovationsplattform-fuer-evu-gestartet\\\/#primaryimage\",\"url\":\"https:\\\/\\\/www.organisator.ch\\\/wp-content\\\/uploads\\\/2017\\\/02\\\/Depositphotos_48793457_l-2015.jpg\",\"contentUrl\":\"https:\\\/\\\/www.organisator.ch\\\/wp-content\\\/uploads\\\/2017\\\/02\\\/Depositphotos_48793457_l-2015.jpg\",\"width\":2000,\"height\":1333,\"caption\":\"Acht Stadtwerke und f\u00fcnf Industriepartner wollen gemeinsam Gesch\u00e4ftsmodelle und Produkte weiterentwickeln.\"},{\"@type\":\"BreadcrumbList\",\"@id\":\"https:\\\/\\\/www.organisator.ch\\\/sustainability\\\/2017-03-01\\\/innovationsplattform-fuer-evu-gestartet\\\/#breadcrumb\",\"itemListElement\":[{\"@type\":\"ListItem\",\"position\":1,\"name\":\"Home\",\"item\":\"https:\\\/\\\/www.organisator.ch\\\/\"},{\"@type\":\"ListItem\",\"position\":2,\"name\":\"Innovationsplattform f\u00fcr EVU gestartet\"}]},{\"@type\":\"WebSite\",\"@id\":\"https:\\\/\\\/www.organisator.ch\\\/#website\",\"url\":\"https:\\\/\\\/www.organisator.ch\\\/\",\"name\":\"Organisator\",\"description\":\"Kompetent. Praxisnah. Der ORGANISATOR bereitet in 10 Ausgaben pro Jahr die wesentlichen Themen f\u00fcr F\u00fchrungskr\u00e4fte von KMU auf.\",\"publisher\":{\"@id\":\"https:\\\/\\\/www.organisator.ch\\\/#organization\"},\"potentialAction\":[{\"@type\":\"SearchAction\",\"target\":{\"@type\":\"EntryPoint\",\"urlTemplate\":\"https:\\\/\\\/www.organisator.ch\\\/?s={search_term_string}\"},\"query-input\":{\"@type\":\"PropertyValueSpecification\",\"valueRequired\":true,\"valueName\":\"search_term_string\"}}],\"inLanguage\":\"en-US\"},{\"@type\":\"Organization\",\"@id\":\"https:\\\/\\\/www.organisator.ch\\\/#organization\",\"name\":\"Organisator\",\"url\":\"https:\\\/\\\/www.organisator.ch\\\/\",\"logo\":{\"@type\":\"ImageObject\",\"inLanguage\":\"en-US\",\"@id\":\"https:\\\/\\\/www.organisator.ch\\\/#\\\/schema\\\/logo\\\/image\\\/\",\"url\":\"https:\\\/\\\/www.organisator.ch\\\/wp-content\\\/uploads\\\/2022\\\/01\\\/Logo_Organisator_Website.png\",\"contentUrl\":\"https:\\\/\\\/www.organisator.ch\\\/wp-content\\\/uploads\\\/2022\\\/01\\\/Logo_Organisator_Website.png\",\"width\":800,\"height\":77,\"caption\":\"Organisator\"},\"image\":{\"@id\":\"https:\\\/\\\/www.organisator.ch\\\/#\\\/schema\\\/logo\\\/image\\\/\"},\"sameAs\":[\"https:\\\/\\\/www.facebook.com\\\/OrganisatorFachmagazin\",\"https:\\\/\\\/www.linkedin.com\\\/showcase\\\/organisator-das-magazin-fr-kmu\",\"https:\\\/\\\/www.xing.com\\\/news\\\/pages\\\/organisator-ch-695\",\"https:\\\/\\\/www.youtube.com\\\/channel\\\/UCGP2Sq0iWaZwT3BdIAQFYpw\"]},{\"@type\":\"Person\",\"@id\":\"https:\\\/\\\/www.organisator.ch\\\/#\\\/schema\\\/person\\\/aa2bace6c5c5aad60102004a50c4eb1c\",\"name\":\"admin\",\"image\":{\"@type\":\"ImageObject\",\"inLanguage\":\"en-US\",\"@id\":\"https:\\\/\\\/secure.gravatar.com\\\/avatar\\\/ae2f4d718e6c49043e314ce431e7e645d646302a24a5ef5a8bc8e3f5a032e319?s=96&d=mm&r=g\",\"url\":\"https:\\\/\\\/secure.gravatar.com\\\/avatar\\\/ae2f4d718e6c49043e314ce431e7e645d646302a24a5ef5a8bc8e3f5a032e319?s=96&d=mm&r=g\",\"contentUrl\":\"https:\\\/\\\/secure.gravatar.com\\\/avatar\\\/ae2f4d718e6c49043e314ce431e7e645d646302a24a5ef5a8bc8e3f5a032e319?s=96&d=mm&r=g\",\"caption\":\"admin\"},\"sameAs\":[\"https:\\\/\\\/www.organisator.ch\"],\"url\":\"https:\\\/\\\/www.organisator.ch\\\/en\\\/author\\\/admin\\\/\"}]}<\/script>\n<!-- \/ Yoast SEO plugin. -->","yoast_head_json":{"title":"Innovation platform for EVU launched - organizer","description":"Developing innovative business models, products and services for energy suppliers: This is the goal of a new innovation platform.","robots":{"index":"index","follow":"follow","max-snippet":"max-snippet:-1","max-image-preview":"max-image-preview:large","max-video-preview":"max-video-preview:-1"},"canonical":"https:\/\/www.organisator.ch\/en\/sustainability\/2017-03-01\/innovationsplattform-fuer-evu-gestartet\/","og_locale":"en_US","og_type":"article","og_title":"Innovationsplattform f\u00fcr EVU gestartet - Organisator","og_description":"Innovative Gesch\u00e4ftsmodelle, Produkte und Dienstleistungen f\u00fcr Energieversorger entwickeln: Dies ist das Ziel einer neuen Innovationsplattform.","og_url":"https:\/\/www.organisator.ch\/en\/sustainability\/2017-03-01\/innovationsplattform-fuer-evu-gestartet\/","og_site_name":"Organisator","article_publisher":"https:\/\/www.facebook.com\/OrganisatorFachmagazin","article_published_time":"2017-03-01T07:40:43+00:00","article_modified_time":"2022-02-09T10:06:21+00:00","og_image":[{"width":1024,"height":682,"url":"https:\/\/www.organisator.ch\/wp-content\/uploads\/2017\/02\/Depositphotos_48793457_l-2015-1024x682.jpg","type":"image\/jpeg"}],"author":"admin","twitter_card":"summary_large_image","schema":{"@context":"https:\/\/schema.org","@graph":[{"@type":"Article","@id":"https:\/\/www.organisator.ch\/sustainability\/2017-03-01\/innovationsplattform-fuer-evu-gestartet\/#article","isPartOf":{"@id":"https:\/\/www.organisator.ch\/sustainability\/2017-03-01\/innovationsplattform-fuer-evu-gestartet\/"},"author":{"name":"admin","@id":"https:\/\/www.organisator.ch\/#\/schema\/person\/aa2bace6c5c5aad60102004a50c4eb1c"},"headline":"Innovationsplattform f\u00fcr EVU gestartet","datePublished":"2017-03-01T07:40:43+00:00","dateModified":"2022-02-09T10:06:21+00:00","mainEntityOfPage":{"@id":"https:\/\/www.organisator.ch\/sustainability\/2017-03-01\/innovationsplattform-fuer-evu-gestartet\/"},"wordCount":381,"commentCount":0,"publisher":{"@id":"https:\/\/www.organisator.ch\/#organization"},"image":{"@id":"https:\/\/www.organisator.ch\/sustainability\/2017-03-01\/innovationsplattform-fuer-evu-gestartet\/#primaryimage"},"thumbnailUrl":"https:\/\/www.organisator.ch\/wp-content\/uploads\/2017\/02\/Depositphotos_48793457_l-2015.jpg","keywords":["ENERGIE","Energieversorger","EVU","Innovation","Swisspower"],"articleSection":["SUSTAINABILITY"],"inLanguage":"en-US"},{"@type":"WebPage","@id":"https:\/\/www.organisator.ch\/sustainability\/2017-03-01\/innovationsplattform-fuer-evu-gestartet\/","url":"https:\/\/www.organisator.ch\/sustainability\/2017-03-01\/innovationsplattform-fuer-evu-gestartet\/","name":"Innovation platform for EVU launched - organizer","isPartOf":{"@id":"https:\/\/www.organisator.ch\/#website"},"primaryImageOfPage":{"@id":"https:\/\/www.organisator.ch\/sustainability\/2017-03-01\/innovationsplattform-fuer-evu-gestartet\/#primaryimage"},"image":{"@id":"https:\/\/www.organisator.ch\/sustainability\/2017-03-01\/innovationsplattform-fuer-evu-gestartet\/#primaryimage"},"thumbnailUrl":"https:\/\/www.organisator.ch\/wp-content\/uploads\/2017\/02\/Depositphotos_48793457_l-2015.jpg","datePublished":"2017-03-01T07:40:43+00:00","dateModified":"2022-02-09T10:06:21+00:00","description":"Developing innovative business models, products and services for energy suppliers: This is the goal of a new innovation platform.","breadcrumb":{"@id":"https:\/\/www.organisator.ch\/sustainability\/2017-03-01\/innovationsplattform-fuer-evu-gestartet\/#breadcrumb"},"inLanguage":"en-US","potentialAction":[{"@type":"ReadAction","target":["https:\/\/www.organisator.ch\/sustainability\/2017-03-01\/innovationsplattform-fuer-evu-gestartet\/"]}]},{"@type":"ImageObject","inLanguage":"en-US","@id":"https:\/\/www.organisator.ch\/sustainability\/2017-03-01\/innovationsplattform-fuer-evu-gestartet\/#primaryimage","url":"https:\/\/www.organisator.ch\/wp-content\/uploads\/2017\/02\/Depositphotos_48793457_l-2015.jpg","contentUrl":"https:\/\/www.organisator.ch\/wp-content\/uploads\/2017\/02\/Depositphotos_48793457_l-2015.jpg","width":2000,"height":1333,"caption":"Acht Stadtwerke und f\u00fcnf Industriepartner wollen gemeinsam Gesch\u00e4ftsmodelle und Produkte weiterentwickeln."},{"@type":"BreadcrumbList","@id":"https:\/\/www.organisator.ch\/sustainability\/2017-03-01\/innovationsplattform-fuer-evu-gestartet\/#breadcrumb","itemListElement":[{"@type":"ListItem","position":1,"name":"Home","item":"https:\/\/www.organisator.ch\/"},{"@type":"ListItem","position":2,"name":"Innovationsplattform f\u00fcr EVU gestartet"}]},{"@type":"WebSite","@id":"https:\/\/www.organisator.ch\/#website","url":"https:\/\/www.organisator.ch\/","name":"Organizer","description":"Competent. Practical. In 10 issues per year, ORGANISATOR presents the essential topics for managers of SMEs.","publisher":{"@id":"https:\/\/www.organisator.ch\/#organization"},"potentialAction":[{"@type":"SearchAction","target":{"@type":"EntryPoint","urlTemplate":"https:\/\/www.organisator.ch\/?s={search_term_string}"},"query-input":{"@type":"PropertyValueSpecification","valueRequired":true,"valueName":"search_term_string"}}],"inLanguage":"en-US"},{"@type":"Organization","@id":"https:\/\/www.organisator.ch\/#organization","name":"Organizer","url":"https:\/\/www.organisator.ch\/","logo":{"@type":"ImageObject","inLanguage":"en-US","@id":"https:\/\/www.organisator.ch\/#\/schema\/logo\/image\/","url":"https:\/\/www.organisator.ch\/wp-content\/uploads\/2022\/01\/Logo_Organisator_Website.png","contentUrl":"https:\/\/www.organisator.ch\/wp-content\/uploads\/2022\/01\/Logo_Organisator_Website.png","width":800,"height":77,"caption":"Organisator"},"image":{"@id":"https:\/\/www.organisator.ch\/#\/schema\/logo\/image\/"},"sameAs":["https:\/\/www.facebook.com\/OrganisatorFachmagazin","https:\/\/www.linkedin.com\/showcase\/organisator-das-magazin-fr-kmu","https:\/\/www.xing.com\/news\/pages\/organisator-ch-695","https:\/\/www.youtube.com\/channel\/UCGP2Sq0iWaZwT3BdIAQFYpw"]},{"@type":"Person","@id":"https:\/\/www.organisator.ch\/#\/schema\/person\/aa2bace6c5c5aad60102004a50c4eb1c","name":"admin","image":{"@type":"ImageObject","inLanguage":"en-US","@id":"https:\/\/secure.gravatar.com\/avatar\/ae2f4d718e6c49043e314ce431e7e645d646302a24a5ef5a8bc8e3f5a032e319?s=96&d=mm&r=g","url":"https:\/\/secure.gravatar.com\/avatar\/ae2f4d718e6c49043e314ce431e7e645d646302a24a5ef5a8bc8e3f5a032e319?s=96&d=mm&r=g","contentUrl":"https:\/\/secure.gravatar.com\/avatar\/ae2f4d718e6c49043e314ce431e7e645d646302a24a5ef5a8bc8e3f5a032e319?s=96&d=mm&r=g","caption":"admin"},"sameAs":["https:\/\/www.organisator.ch"],"url":"https:\/\/www.organisator.ch\/en\/author\/admin\/"}]}},"_links":{"self":[{"href":"https:\/\/www.organisator.ch\/en\/wp-json\/wp\/v2\/posts\/794","targetHints":{"allow":["GET"]}}],"collection":[{"href":"https:\/\/www.organisator.ch\/en\/wp-json\/wp\/v2\/posts"}],"about":[{"href":"https:\/\/www.organisator.ch\/en\/wp-json\/wp\/v2\/types\/post"}],"author":[{"embeddable":true,"href":"https:\/\/www.organisator.ch\/en\/wp-json\/wp\/v2\/users\/1"}],"replies":[{"embeddable":true,"href":"https:\/\/www.organisator.ch\/en\/wp-json\/wp\/v2\/comments?post=794"}],"version-history":[{"count":1,"href":"https:\/\/www.organisator.ch\/en\/wp-json\/wp\/v2\/posts\/794\/revisions"}],"predecessor-version":[{"id":10591,"href":"https:\/\/www.organisator.ch\/en\/wp-json\/wp\/v2\/posts\/794\/revisions\/10591"}],"wp:featuredmedia":[{"embeddable":true,"href":"https:\/\/www.organisator.ch\/en\/wp-json\/wp\/v2\/media\/9474"}],"wp:attachment":[{"href":"https:\/\/www.organisator.ch\/en\/wp-json\/wp\/v2\/media?parent=794"}],"wp:term":[{"taxonomy":"category","embeddable":true,"href":"https:\/\/www.organisator.ch\/en\/wp-json\/wp\/v2\/categories?post=794"},{"taxonomy":"post_tag","embeddable":true,"href":"https:\/\/www.organisator.ch\/en\/wp-json\/wp\/v2\/tags?post=794"}],"curies":[{"name":"wp","href":"https:\/\/api.w.org\/{rel}","templated":true}]}}