{"id":7949,"date":"2021-04-23T11:38:39","date_gmt":"2021-04-23T09:38:39","guid":{"rendered":"https:\/\/www.organisator.ch\/?p=7949"},"modified":"2021-04-23T11:38:39","modified_gmt":"2021-04-23T09:38:39","slug":"aussenwirtschaftsforum-2021-die-exportwirtschaft-in-der-neuen-normalitaet","status":"publish","type":"post","link":"https:\/\/www.organisator.ch\/en\/allgemein\/2021-04-23\/aussenwirtschaftsforum-2021-die-exportwirtschaft-in-der-neuen-normalitaet\/","title":{"rendered":"Foreign Trade Forum 2021: The export economy in the new normality"},"content":{"rendered":"<figure id=\"attachment_7950\" aria-describedby=\"caption-attachment-7950\" style=\"width: 680px\" class=\"wp-caption alignnone\"><img loading=\"lazy\" decoding=\"async\" class=\"size-medium wp-image-7950\" src=\"https:\/\/www.organisator.ch\/wp-content\/uploads\/2021\/04\/Aussenwirtschaftsforum-2021-Die-Exportwirtschaft-in-der-neuen-Normalitaet_Organisator.jpg\" alt=\"\" width=\"680\" height=\"341\" srcset=\"https:\/\/www.organisator.ch\/wp-content\/uploads\/2021\/04\/Aussenwirtschaftsforum-2021-Die-Exportwirtschaft-in-der-neuen-Normalitaet_Organisator.jpg 680w, https:\/\/www.organisator.ch\/wp-content\/uploads\/2021\/04\/Aussenwirtschaftsforum-2021-Die-Exportwirtschaft-in-der-neuen-Normalitaet_Organisator-16x8.jpg 16w, https:\/\/www.organisator.ch\/wp-content\/uploads\/2021\/04\/Aussenwirtschaftsforum-2021-Die-Exportwirtschaft-in-der-neuen-Normalitaet_Organisator-349x175.jpg 349w, https:\/\/www.organisator.ch\/wp-content\/uploads\/2021\/04\/Aussenwirtschaftsforum-2021-Die-Exportwirtschaft-in-der-neuen-Normalitaet_Organisator-300x150.jpg 300w\" sizes=\"auto, (max-width: 680px) 100vw, 680px\" \/><figcaption id=\"caption-attachment-7950\" class=\"wp-caption-text\">Hosts at the Foreign Trade Forum 2021: Simone Wyss Fedele (CEO of S-GE, left) and Ruth Metzler. (Image: Switzerland Global Enterprise)<\/figcaption><\/figure>\n<p>The \"new normal\" predicted for the end of the pandemic is already a reality for most export-oriented companies in Switzerland. This was made clear by a wide range of speakers at this year's Foreign Trade and Investment Forum. In her closing remarks, Ruth Metzler, Chairman of the Board of Directors of Switzerland Global Enterprise (S-GE), said that the crisis has shown which international business models work and which do not. One goal of this year's Foreign Trade and Investment Forum was to provide companies with inspiration and practical tools to get back on track or continue to get off the ground in exports.<\/p>\n<h2><strong>Maintain bilateral path with the EU<\/strong><\/h2>\n<p>It is not only the Corona crisis that influences foreign trade, but also shifts in economic policy: What impact, for example, do the differences between the USA and China have on the Swiss export industry? What framework conditions are needed to ensure that foreign trade with the EU continues to work? And how will trade relations between Switzerland and the United Kingdom develop after the UK leaves the EU? These questions, which companies generally have little influence on answering, were the focus of various panel discussions. Swissmem President Martin Hirzel, for example, emphatically calls for the bilateral path with the EU to be maintained. After all, despite emerging markets in Asia or Africa, it is still the European countries, above all Germany, to which most Swiss goods are exported. \"For the MEM industries, the European market still offers the highest growth rates over the next ten years, says Martin Hirzel. And what is often forgotten: \"Switzerland is the fourth most important trading partner of the EU,\" as SRF correspondent Sebastian Ramspeck noted.<\/p>\n<h2><strong>Next crises will follow<\/strong><\/h2>\n<p>Simone Wyss Fedele, CEO of S-GE, summarized the most important findings for export practice at the Foreign Trade Forum 2021 as follows: Concentrate on niches and fully exploit the opportunities of digitalization there, diversify, adapt value chains and be able to deal with uncertainty. Because, as Ruth Metzler also emphasized in her closing speech, regulations will increase and more unexpected crises will follow. Aude Pugin, CEO of APCO Technologies SA and President of the Vaud Chamber of Commerce and Industry, regretted in her keynote speech that too little attention is still paid to the fact that crises should also be used as opportunities. Resilience is the order of the day, she noted. \"We have to learn, <em>at<\/em> surf the wave instead of waiting for the next one to hit,\" she said, referring to the fact that we are currently affected by both a health crisis and an economic crisis.<\/p>\n<h2><strong>Do not let supply chains break down<\/strong><\/h2>\n<p>For SMEs in particular, interrupted supply chains prove to be a problem time and again. Howag Kabel AG, for example, was also affected by this. Its CEO Eugen Peterhans described how his company dealt with the challenge of having to increase the delivery capability for a key customer within a short time. Tight management with the setting of clear priorities proved to be decisive in such situations. In order to remain able to deliver in the long term, it is essential to rely on several sources, including suppliers, and also to consider warehousing, which does not seem very attractive in the low-interest environment. That this involves additional costs is undisputed. But Tomasz Gonsior of OptiBuy GmbH says in this regard, \"It may be more expensive to do nothing.\" The risk must therefore also be borne by customers and suppliers.<\/p>\n<h2><strong>Ignazio Cassis at the Foreign Trade and Investment Forum 2021: Federal Council continues to advocate good framework conditions<\/strong><\/h2>\n<p>The value of personal relationships should not be underestimated despite digitization, which has now shifted many contacts to the virtual world. Physical contacts must therefore be used even more effectively, said Andreas Gerber of Credit Suisse, which together with S-GE regularly examines the export prospects of Swiss companies. Despite the adverse circumstances, it is important to focus on normality, \"also financially,\" as Gerber emphasized with a view to the state aid funds that will eventually run out. \"Companies must once again focus on money they have earned themselves.\" But politics is also called upon. Here, Foreign Minister Ignazio Cassis assured the companies that the Federal Council will continue to work for good economic conditions. \"Diplomacy is measured by how it stands up for business.\" The population sometimes seems to forget how important the export industry is for our country, said Cassis - probably also intended as a small dig at the discussion surrounding the framework agreement with the EU.<\/p>\n<p><em>More information: <a href=\"http:\/\/www.s-ge.com\">Switzerland Global Enterprise<\/a><\/em><\/p>","protected":false},"excerpt":{"rendered":"<p>Die \u00abneue Normalit\u00e4t\u00bb, so wie sie f\u00fcr das Ende der Pandemie prophezeit wird, ist f\u00fcr die meisten exportorientierten Unternehmen der Schweiz bereits Realit\u00e4t. Dies wurde aus den verschiedensten Voten am diesj\u00e4hrigen Aussenwirtschaftsforum deutlich. Die Krise zeige auf, welche internationalen Gesch\u00e4ftsmodelle funktionieren und welche nicht, bilanzierte etwa Ruth Metzler, Verwaltungsratspr\u00e4sidentin von Switzerland Global Enterprise (S-GE) in [&hellip;]<\/p>\n","protected":false},"author":4,"featured_media":7950,"comment_status":"closed","ping_status":"closed","sticky":false,"template":"","format":"standard","meta":{"_acf_changed":false,"_yoast_wpseo_focuskw":"Aussenwirtschaftsforum 2021","_yoast_wpseo_metadesc":"Am 22. April wurde das Aussenwirtschaftsforum 2021 der Exportf\u00f6rderungs-Organisation Switzerland Global Enterprise als virtuelle Veranstaltung durchgef\u00fchrt.","articlekey":"","footnotes":""},"categories":[1],"tags":[63,189,193,531],"class_list":["post-7949","post","type-post","status-publish","format-standard","has-post-thumbnail","hentry","category-allgemein","tag-aussenwirtschaft","tag-export","tag-fachkongressfachmesse","tag-wirtschaftspolitik"],"acf":[],"yoast_head":"<!-- This site is optimized with the Yoast SEO plugin v27.5 - https:\/\/yoast.com\/product\/yoast-seo-wordpress\/ -->\n<title>Aussenwirtschaftsforum 2021: Die Exportwirtschaft in der neuen Normalit\u00e4t - Organisator<\/title>\n<meta name=\"description\" content=\"Am 22. April wurde das Aussenwirtschaftsforum 2021 der Exportf\u00f6rderungs-Organisation Switzerland Global Enterprise als virtuelle Veranstaltung durchgef\u00fchrt.\" \/>\n<meta name=\"robots\" content=\"index, follow, max-snippet:-1, max-image-preview:large, max-video-preview:-1\" \/>\n<link rel=\"canonical\" href=\"https:\/\/www.organisator.ch\/en\/general\/2021-04-23\/aussenwirtschaftsforum-2021-die-exportwirtschaft-in-der-neuen-normalitaet\/\" \/>\n<meta property=\"og:locale\" content=\"en_US\" \/>\n<meta property=\"og:type\" content=\"article\" \/>\n<meta property=\"og:title\" content=\"Aussenwirtschaftsforum 2021: Die Exportwirtschaft in der neuen Normalit\u00e4t\" \/>\n<meta property=\"og:description\" content=\"Am 22. April wurde das Aussenwirtschaftsforum 2021 der Exportf\u00f6rderungs-Organisation Switzerland Global Enterprise als virtuelle Veranstaltung durchgef\u00fchrt.\" \/>\n<meta property=\"og:url\" content=\"https:\/\/www.organisator.ch\/en\/general\/2021-04-23\/aussenwirtschaftsforum-2021-die-exportwirtschaft-in-der-neuen-normalitaet\/\" \/>\n<meta property=\"og:site_name\" content=\"Organisator\" \/>\n<meta property=\"article:publisher\" content=\"https:\/\/www.facebook.com\/OrganisatorFachmagazin\" \/>\n<meta property=\"article:published_time\" content=\"2021-04-23T09:38:39+00:00\" \/>\n<meta property=\"og:image\" content=\"https:\/\/www.organisator.ch\/wp-content\/uploads\/2021\/04\/Aussenwirtschaftsforum-2021-Die-Exportwirtschaft-in-der-neuen-Normalitaet_Organisator.jpg\" \/>\n\t<meta property=\"og:image:width\" content=\"680\" \/>\n\t<meta property=\"og:image:height\" content=\"341\" \/>\n\t<meta property=\"og:image:type\" content=\"image\/jpeg\" \/>\n<meta name=\"author\" content=\"thomas.berner\" \/>\n<meta name=\"twitter:card\" content=\"summary_large_image\" \/>\n<meta name=\"twitter:title\" content=\"#Aussenwirtschaftsforum 2021: Die #Exportwirtschaft in der neuen Normalit\u00e4t\" \/>\n<meta name=\"twitter:description\" content=\"Am 22. April wurde das #Aussenwirtschaftsforum 2021 der #Exportf\u00f6rderungs-Organisation Switzerland Global Enterprise als virtuelle Veranstaltung durchgef\u00fchrt.\" \/>\n<meta name=\"twitter:image\" content=\"https:\/\/www.organisator.ch\/wp-content\/uploads\/2021\/04\/Aussenwirtschaftsforum-2021-Die-Exportwirtschaft-in-der-neuen-Normalitaet_Organisator.jpg\" \/>\n<script type=\"application\/ld+json\" class=\"yoast-schema-graph\">{\"@context\":\"https:\\\/\\\/schema.org\",\"@graph\":[{\"@type\":\"Article\",\"@id\":\"https:\\\/\\\/www.organisator.ch\\\/en\\\/general\\\/2021-04-23\\\/aussenwirtschaftsforum-2021-die-exportwirtschaft-in-der-neuen-normalitaet\\\/#article\",\"isPartOf\":{\"@id\":\"https:\\\/\\\/www.organisator.ch\\\/en\\\/general\\\/2021-04-23\\\/aussenwirtschaftsforum-2021-die-exportwirtschaft-in-der-neuen-normalitaet\\\/\"},\"author\":{\"name\":\"thomas.berner\",\"@id\":\"https:\\\/\\\/www.organisator.ch\\\/#\\\/schema\\\/person\\\/6f650f90b2842cd4c0cc334b4e36f67e\"},\"headline\":\"Aussenwirtschaftsforum 2021: Die Exportwirtschaft in der neuen Normalit\u00e4t\",\"datePublished\":\"2021-04-23T09:38:39+00:00\",\"mainEntityOfPage\":{\"@id\":\"https:\\\/\\\/www.organisator.ch\\\/en\\\/general\\\/2021-04-23\\\/aussenwirtschaftsforum-2021-die-exportwirtschaft-in-der-neuen-normalitaet\\\/\"},\"wordCount\":770,\"publisher\":{\"@id\":\"https:\\\/\\\/www.organisator.ch\\\/#organization\"},\"image\":{\"@id\":\"https:\\\/\\\/www.organisator.ch\\\/en\\\/general\\\/2021-04-23\\\/aussenwirtschaftsforum-2021-die-exportwirtschaft-in-der-neuen-normalitaet\\\/#primaryimage\"},\"thumbnailUrl\":\"https:\\\/\\\/www.organisator.ch\\\/wp-content\\\/uploads\\\/2021\\\/04\\\/Aussenwirtschaftsforum-2021-Die-Exportwirtschaft-in-der-neuen-Normalitaet_Organisator.jpg\",\"keywords\":[\"Aussenwirtschaft\",\"Export\",\"Fachkongress\\\/Fachmesse\",\"Wirtschaftspolitik\"],\"articleSection\":[\"Allgemein\"],\"inLanguage\":\"en-US\"},{\"@type\":\"WebPage\",\"@id\":\"https:\\\/\\\/www.organisator.ch\\\/en\\\/general\\\/2021-04-23\\\/aussenwirtschaftsforum-2021-die-exportwirtschaft-in-der-neuen-normalitaet\\\/\",\"url\":\"https:\\\/\\\/www.organisator.ch\\\/en\\\/general\\\/2021-04-23\\\/aussenwirtschaftsforum-2021-die-exportwirtschaft-in-der-neuen-normalitaet\\\/\",\"name\":\"Aussenwirtschaftsforum 2021: Die Exportwirtschaft in der neuen Normalit\u00e4t - Organisator\",\"isPartOf\":{\"@id\":\"https:\\\/\\\/www.organisator.ch\\\/#website\"},\"primaryImageOfPage\":{\"@id\":\"https:\\\/\\\/www.organisator.ch\\\/en\\\/general\\\/2021-04-23\\\/aussenwirtschaftsforum-2021-die-exportwirtschaft-in-der-neuen-normalitaet\\\/#primaryimage\"},\"image\":{\"@id\":\"https:\\\/\\\/www.organisator.ch\\\/en\\\/general\\\/2021-04-23\\\/aussenwirtschaftsforum-2021-die-exportwirtschaft-in-der-neuen-normalitaet\\\/#primaryimage\"},\"thumbnailUrl\":\"https:\\\/\\\/www.organisator.ch\\\/wp-content\\\/uploads\\\/2021\\\/04\\\/Aussenwirtschaftsforum-2021-Die-Exportwirtschaft-in-der-neuen-Normalitaet_Organisator.jpg\",\"datePublished\":\"2021-04-23T09:38:39+00:00\",\"description\":\"Am 22. April wurde das Aussenwirtschaftsforum 2021 der Exportf\u00f6rderungs-Organisation Switzerland Global Enterprise als virtuelle Veranstaltung durchgef\u00fchrt.\",\"breadcrumb\":{\"@id\":\"https:\\\/\\\/www.organisator.ch\\\/en\\\/general\\\/2021-04-23\\\/aussenwirtschaftsforum-2021-die-exportwirtschaft-in-der-neuen-normalitaet\\\/#breadcrumb\"},\"inLanguage\":\"en-US\",\"potentialAction\":[{\"@type\":\"ReadAction\",\"target\":[\"https:\\\/\\\/www.organisator.ch\\\/en\\\/general\\\/2021-04-23\\\/aussenwirtschaftsforum-2021-die-exportwirtschaft-in-der-neuen-normalitaet\\\/\"]}]},{\"@type\":\"ImageObject\",\"inLanguage\":\"en-US\",\"@id\":\"https:\\\/\\\/www.organisator.ch\\\/en\\\/general\\\/2021-04-23\\\/aussenwirtschaftsforum-2021-die-exportwirtschaft-in-der-neuen-normalitaet\\\/#primaryimage\",\"url\":\"https:\\\/\\\/www.organisator.ch\\\/wp-content\\\/uploads\\\/2021\\\/04\\\/Aussenwirtschaftsforum-2021-Die-Exportwirtschaft-in-der-neuen-Normalitaet_Organisator.jpg\",\"contentUrl\":\"https:\\\/\\\/www.organisator.ch\\\/wp-content\\\/uploads\\\/2021\\\/04\\\/Aussenwirtschaftsforum-2021-Die-Exportwirtschaft-in-der-neuen-Normalitaet_Organisator.jpg\",\"width\":680,\"height\":341,\"caption\":\"Gastgeberinnen am Aussenwirtschaftsforum 2021: Simone Wyss Fedele (CEO von S-GE, links) und Ruth Metzler. (Bild: Switzerland Global Enterprise)\"},{\"@type\":\"BreadcrumbList\",\"@id\":\"https:\\\/\\\/www.organisator.ch\\\/en\\\/general\\\/2021-04-23\\\/aussenwirtschaftsforum-2021-die-exportwirtschaft-in-der-neuen-normalitaet\\\/#breadcrumb\",\"itemListElement\":[{\"@type\":\"ListItem\",\"position\":1,\"name\":\"Home\",\"item\":\"https:\\\/\\\/www.organisator.ch\\\/\"},{\"@type\":\"ListItem\",\"position\":2,\"name\":\"Aussenwirtschaftsforum 2021: Die Exportwirtschaft in der neuen Normalit\u00e4t\"}]},{\"@type\":\"WebSite\",\"@id\":\"https:\\\/\\\/www.organisator.ch\\\/#website\",\"url\":\"https:\\\/\\\/www.organisator.ch\\\/\",\"name\":\"Organisator\",\"description\":\"Kompetent. Praxisnah. Der ORGANISATOR bereitet in 10 Ausgaben pro Jahr die wesentlichen Themen f\u00fcr F\u00fchrungskr\u00e4fte von KMU auf.\",\"publisher\":{\"@id\":\"https:\\\/\\\/www.organisator.ch\\\/#organization\"},\"potentialAction\":[{\"@type\":\"SearchAction\",\"target\":{\"@type\":\"EntryPoint\",\"urlTemplate\":\"https:\\\/\\\/www.organisator.ch\\\/?s={search_term_string}\"},\"query-input\":{\"@type\":\"PropertyValueSpecification\",\"valueRequired\":true,\"valueName\":\"search_term_string\"}}],\"inLanguage\":\"en-US\"},{\"@type\":\"Organization\",\"@id\":\"https:\\\/\\\/www.organisator.ch\\\/#organization\",\"name\":\"Organisator\",\"url\":\"https:\\\/\\\/www.organisator.ch\\\/\",\"logo\":{\"@type\":\"ImageObject\",\"inLanguage\":\"en-US\",\"@id\":\"https:\\\/\\\/www.organisator.ch\\\/#\\\/schema\\\/logo\\\/image\\\/\",\"url\":\"https:\\\/\\\/www.organisator.ch\\\/wp-content\\\/uploads\\\/2022\\\/01\\\/Logo_Organisator_Website.png\",\"contentUrl\":\"https:\\\/\\\/www.organisator.ch\\\/wp-content\\\/uploads\\\/2022\\\/01\\\/Logo_Organisator_Website.png\",\"width\":800,\"height\":77,\"caption\":\"Organisator\"},\"image\":{\"@id\":\"https:\\\/\\\/www.organisator.ch\\\/#\\\/schema\\\/logo\\\/image\\\/\"},\"sameAs\":[\"https:\\\/\\\/www.facebook.com\\\/OrganisatorFachmagazin\",\"https:\\\/\\\/www.linkedin.com\\\/showcase\\\/organisator-das-magazin-fr-kmu\",\"https:\\\/\\\/www.xing.com\\\/news\\\/pages\\\/organisator-ch-695\",\"https:\\\/\\\/www.youtube.com\\\/channel\\\/UCGP2Sq0iWaZwT3BdIAQFYpw\"]},{\"@type\":\"Person\",\"@id\":\"https:\\\/\\\/www.organisator.ch\\\/#\\\/schema\\\/person\\\/6f650f90b2842cd4c0cc334b4e36f67e\",\"name\":\"thomas.berner\",\"image\":{\"@type\":\"ImageObject\",\"inLanguage\":\"en-US\",\"@id\":\"https:\\\/\\\/secure.gravatar.com\\\/avatar\\\/ac5001d2a36cb6c6cd3e50789007ffca834b477b74a2144564522e944eabff61?s=96&d=mm&r=g\",\"url\":\"https:\\\/\\\/secure.gravatar.com\\\/avatar\\\/ac5001d2a36cb6c6cd3e50789007ffca834b477b74a2144564522e944eabff61?s=96&d=mm&r=g\",\"contentUrl\":\"https:\\\/\\\/secure.gravatar.com\\\/avatar\\\/ac5001d2a36cb6c6cd3e50789007ffca834b477b74a2144564522e944eabff61?s=96&d=mm&r=g\",\"caption\":\"thomas.berner\"},\"url\":\"https:\\\/\\\/www.organisator.ch\\\/en\\\/author\\\/thomas-berner\\\/\"}]}<\/script>\n<!-- \/ Yoast SEO plugin. -->","yoast_head_json":{"title":"Foreign Trade Forum 2021: The export economy in the new normal - Organizer","description":"On April 22, the Foreign Trade Forum 2021 of the export promotion organization Switzerland Global Enterprise was held as a virtual event.","robots":{"index":"index","follow":"follow","max-snippet":"max-snippet:-1","max-image-preview":"max-image-preview:large","max-video-preview":"max-video-preview:-1"},"canonical":"https:\/\/www.organisator.ch\/en\/general\/2021-04-23\/aussenwirtschaftsforum-2021-die-exportwirtschaft-in-der-neuen-normalitaet\/","og_locale":"en_US","og_type":"article","og_title":"Aussenwirtschaftsforum 2021: Die Exportwirtschaft in der neuen Normalit\u00e4t","og_description":"Am 22. April wurde das Aussenwirtschaftsforum 2021 der Exportf\u00f6rderungs-Organisation Switzerland Global Enterprise als virtuelle Veranstaltung durchgef\u00fchrt.","og_url":"https:\/\/www.organisator.ch\/en\/general\/2021-04-23\/aussenwirtschaftsforum-2021-die-exportwirtschaft-in-der-neuen-normalitaet\/","og_site_name":"Organisator","article_publisher":"https:\/\/www.facebook.com\/OrganisatorFachmagazin","article_published_time":"2021-04-23T09:38:39+00:00","og_image":[{"width":680,"height":341,"url":"https:\/\/www.organisator.ch\/wp-content\/uploads\/2021\/04\/Aussenwirtschaftsforum-2021-Die-Exportwirtschaft-in-der-neuen-Normalitaet_Organisator.jpg","type":"image\/jpeg"}],"author":"thomas.berner","twitter_card":"summary_large_image","twitter_title":"#Aussenwirtschaftsforum 2021: Die #Exportwirtschaft in der neuen Normalit\u00e4t","twitter_description":"Am 22. April wurde das #Aussenwirtschaftsforum 2021 der #Exportf\u00f6rderungs-Organisation Switzerland Global Enterprise als virtuelle Veranstaltung durchgef\u00fchrt.","twitter_image":"https:\/\/www.organisator.ch\/wp-content\/uploads\/2021\/04\/Aussenwirtschaftsforum-2021-Die-Exportwirtschaft-in-der-neuen-Normalitaet_Organisator.jpg","schema":{"@context":"https:\/\/schema.org","@graph":[{"@type":"Article","@id":"https:\/\/www.organisator.ch\/en\/general\/2021-04-23\/aussenwirtschaftsforum-2021-die-exportwirtschaft-in-der-neuen-normalitaet\/#article","isPartOf":{"@id":"https:\/\/www.organisator.ch\/en\/general\/2021-04-23\/aussenwirtschaftsforum-2021-die-exportwirtschaft-in-der-neuen-normalitaet\/"},"author":{"name":"thomas.berner","@id":"https:\/\/www.organisator.ch\/#\/schema\/person\/6f650f90b2842cd4c0cc334b4e36f67e"},"headline":"Aussenwirtschaftsforum 2021: Die Exportwirtschaft in der neuen Normalit\u00e4t","datePublished":"2021-04-23T09:38:39+00:00","mainEntityOfPage":{"@id":"https:\/\/www.organisator.ch\/en\/general\/2021-04-23\/aussenwirtschaftsforum-2021-die-exportwirtschaft-in-der-neuen-normalitaet\/"},"wordCount":770,"publisher":{"@id":"https:\/\/www.organisator.ch\/#organization"},"image":{"@id":"https:\/\/www.organisator.ch\/en\/general\/2021-04-23\/aussenwirtschaftsforum-2021-die-exportwirtschaft-in-der-neuen-normalitaet\/#primaryimage"},"thumbnailUrl":"https:\/\/www.organisator.ch\/wp-content\/uploads\/2021\/04\/Aussenwirtschaftsforum-2021-Die-Exportwirtschaft-in-der-neuen-Normalitaet_Organisator.jpg","keywords":["Aussenwirtschaft","Export","Fachkongress\/Fachmesse","Wirtschaftspolitik"],"articleSection":["Allgemein"],"inLanguage":"en-US"},{"@type":"WebPage","@id":"https:\/\/www.organisator.ch\/en\/general\/2021-04-23\/aussenwirtschaftsforum-2021-die-exportwirtschaft-in-der-neuen-normalitaet\/","url":"https:\/\/www.organisator.ch\/en\/general\/2021-04-23\/aussenwirtschaftsforum-2021-die-exportwirtschaft-in-der-neuen-normalitaet\/","name":"Foreign Trade Forum 2021: The export economy in the new normal - Organizer","isPartOf":{"@id":"https:\/\/www.organisator.ch\/#website"},"primaryImageOfPage":{"@id":"https:\/\/www.organisator.ch\/en\/general\/2021-04-23\/aussenwirtschaftsforum-2021-die-exportwirtschaft-in-der-neuen-normalitaet\/#primaryimage"},"image":{"@id":"https:\/\/www.organisator.ch\/en\/general\/2021-04-23\/aussenwirtschaftsforum-2021-die-exportwirtschaft-in-der-neuen-normalitaet\/#primaryimage"},"thumbnailUrl":"https:\/\/www.organisator.ch\/wp-content\/uploads\/2021\/04\/Aussenwirtschaftsforum-2021-Die-Exportwirtschaft-in-der-neuen-Normalitaet_Organisator.jpg","datePublished":"2021-04-23T09:38:39+00:00","description":"On April 22, the Foreign Trade Forum 2021 of the export promotion organization Switzerland Global Enterprise was held as a virtual event.","breadcrumb":{"@id":"https:\/\/www.organisator.ch\/en\/general\/2021-04-23\/aussenwirtschaftsforum-2021-die-exportwirtschaft-in-der-neuen-normalitaet\/#breadcrumb"},"inLanguage":"en-US","potentialAction":[{"@type":"ReadAction","target":["https:\/\/www.organisator.ch\/en\/general\/2021-04-23\/aussenwirtschaftsforum-2021-die-exportwirtschaft-in-der-neuen-normalitaet\/"]}]},{"@type":"ImageObject","inLanguage":"en-US","@id":"https:\/\/www.organisator.ch\/en\/general\/2021-04-23\/aussenwirtschaftsforum-2021-die-exportwirtschaft-in-der-neuen-normalitaet\/#primaryimage","url":"https:\/\/www.organisator.ch\/wp-content\/uploads\/2021\/04\/Aussenwirtschaftsforum-2021-Die-Exportwirtschaft-in-der-neuen-Normalitaet_Organisator.jpg","contentUrl":"https:\/\/www.organisator.ch\/wp-content\/uploads\/2021\/04\/Aussenwirtschaftsforum-2021-Die-Exportwirtschaft-in-der-neuen-Normalitaet_Organisator.jpg","width":680,"height":341,"caption":"Gastgeberinnen am Aussenwirtschaftsforum 2021: Simone Wyss Fedele (CEO von S-GE, links) und Ruth Metzler. (Bild: Switzerland Global Enterprise)"},{"@type":"BreadcrumbList","@id":"https:\/\/www.organisator.ch\/en\/general\/2021-04-23\/aussenwirtschaftsforum-2021-die-exportwirtschaft-in-der-neuen-normalitaet\/#breadcrumb","itemListElement":[{"@type":"ListItem","position":1,"name":"Home","item":"https:\/\/www.organisator.ch\/"},{"@type":"ListItem","position":2,"name":"Aussenwirtschaftsforum 2021: Die Exportwirtschaft in der neuen Normalit\u00e4t"}]},{"@type":"WebSite","@id":"https:\/\/www.organisator.ch\/#website","url":"https:\/\/www.organisator.ch\/","name":"Organizer","description":"Competent. Practical. In 10 issues per year, ORGANISATOR presents the essential topics for managers of SMEs.","publisher":{"@id":"https:\/\/www.organisator.ch\/#organization"},"potentialAction":[{"@type":"SearchAction","target":{"@type":"EntryPoint","urlTemplate":"https:\/\/www.organisator.ch\/?s={search_term_string}"},"query-input":{"@type":"PropertyValueSpecification","valueRequired":true,"valueName":"search_term_string"}}],"inLanguage":"en-US"},{"@type":"Organization","@id":"https:\/\/www.organisator.ch\/#organization","name":"Organizer","url":"https:\/\/www.organisator.ch\/","logo":{"@type":"ImageObject","inLanguage":"en-US","@id":"https:\/\/www.organisator.ch\/#\/schema\/logo\/image\/","url":"https:\/\/www.organisator.ch\/wp-content\/uploads\/2022\/01\/Logo_Organisator_Website.png","contentUrl":"https:\/\/www.organisator.ch\/wp-content\/uploads\/2022\/01\/Logo_Organisator_Website.png","width":800,"height":77,"caption":"Organisator"},"image":{"@id":"https:\/\/www.organisator.ch\/#\/schema\/logo\/image\/"},"sameAs":["https:\/\/www.facebook.com\/OrganisatorFachmagazin","https:\/\/www.linkedin.com\/showcase\/organisator-das-magazin-fr-kmu","https:\/\/www.xing.com\/news\/pages\/organisator-ch-695","https:\/\/www.youtube.com\/channel\/UCGP2Sq0iWaZwT3BdIAQFYpw"]},{"@type":"Person","@id":"https:\/\/www.organisator.ch\/#\/schema\/person\/6f650f90b2842cd4c0cc334b4e36f67e","name":"thomas.berner","image":{"@type":"ImageObject","inLanguage":"en-US","@id":"https:\/\/secure.gravatar.com\/avatar\/ac5001d2a36cb6c6cd3e50789007ffca834b477b74a2144564522e944eabff61?s=96&d=mm&r=g","url":"https:\/\/secure.gravatar.com\/avatar\/ac5001d2a36cb6c6cd3e50789007ffca834b477b74a2144564522e944eabff61?s=96&d=mm&r=g","contentUrl":"https:\/\/secure.gravatar.com\/avatar\/ac5001d2a36cb6c6cd3e50789007ffca834b477b74a2144564522e944eabff61?s=96&d=mm&r=g","caption":"thomas.berner"},"url":"https:\/\/www.organisator.ch\/en\/author\/thomas-berner\/"}]}},"_links":{"self":[{"href":"https:\/\/www.organisator.ch\/en\/wp-json\/wp\/v2\/posts\/7949","targetHints":{"allow":["GET"]}}],"collection":[{"href":"https:\/\/www.organisator.ch\/en\/wp-json\/wp\/v2\/posts"}],"about":[{"href":"https:\/\/www.organisator.ch\/en\/wp-json\/wp\/v2\/types\/post"}],"author":[{"embeddable":true,"href":"https:\/\/www.organisator.ch\/en\/wp-json\/wp\/v2\/users\/4"}],"replies":[{"embeddable":true,"href":"https:\/\/www.organisator.ch\/en\/wp-json\/wp\/v2\/comments?post=7949"}],"version-history":[{"count":0,"href":"https:\/\/www.organisator.ch\/en\/wp-json\/wp\/v2\/posts\/7949\/revisions"}],"wp:featuredmedia":[{"embeddable":true,"href":"https:\/\/www.organisator.ch\/en\/wp-json\/wp\/v2\/media\/7950"}],"wp:attachment":[{"href":"https:\/\/www.organisator.ch\/en\/wp-json\/wp\/v2\/media?parent=7949"}],"wp:term":[{"taxonomy":"category","embeddable":true,"href":"https:\/\/www.organisator.ch\/en\/wp-json\/wp\/v2\/categories?post=7949"},{"taxonomy":"post_tag","embeddable":true,"href":"https:\/\/www.organisator.ch\/en\/wp-json\/wp\/v2\/tags?post=7949"}],"curies":[{"name":"wp","href":"https:\/\/api.w.org\/{rel}","templated":true}]}}