{"id":795,"date":"2016-06-28T16:55:11","date_gmt":"2016-06-28T14:55:11","guid":{"rendered":"http:\/\/dev.organisator.ch\/?p=795"},"modified":"2016-06-28T16:55:11","modified_gmt":"2016-06-28T14:55:11","slug":"berufsverband-bso-geht-neue-ausbildungspartnerschaft-ein","status":"publish","type":"post","link":"https:\/\/www.organisator.ch\/en\/human-resources\/hrm\/2016-06-28\/berufsverband-bso-geht-neue-ausbildungspartnerschaft-ein\/","title":{"rendered":"Professional association bso enters into new training partnership"},"content":{"rendered":"<figure id=\"attachment_796\" aria-describedby=\"caption-attachment-796\" style=\"width: 640px\" class=\"wp-caption alignnone\"><img loading=\"lazy\" decoding=\"async\" class=\"size-full wp-image-796\" src=\"https:\/\/www.organisator.ch\/wp-content\/uploads\/2016\/12\/Berufsverband-bso-geht-neue-Ausbildungspartnerschaft-ein-organisator.jpg\" alt=\"\" width=\"640\" height=\"320\" srcset=\"https:\/\/www.organisator.ch\/wp-content\/uploads\/2016\/12\/Berufsverband-bso-geht-neue-Ausbildungspartnerschaft-ein-organisator.jpg 640w, https:\/\/www.organisator.ch\/wp-content\/uploads\/2016\/12\/Berufsverband-bso-geht-neue-Ausbildungspartnerschaft-ein-organisator-16x8.jpg 16w, https:\/\/www.organisator.ch\/wp-content\/uploads\/2016\/12\/Berufsverband-bso-geht-neue-Ausbildungspartnerschaft-ein-organisator-350x175.jpg 350w, https:\/\/www.organisator.ch\/wp-content\/uploads\/2016\/12\/Berufsverband-bso-geht-neue-Ausbildungspartnerschaft-ein-organisator-300x150.jpg 300w\" sizes=\"auto, (max-width: 640px) 100vw, 640px\" \/><figcaption id=\"caption-attachment-796\" class=\"wp-caption-text\">The team of course instructors from Kurszentrum Aarau (from left to right): Werner Herren, Marianne Rutz, Dani\u00e8le Zatti Kuhn and Roland Seefeld are pleased about the contractual cooperation with the professional association bso. (Photo: zVg.)<\/figcaption><\/figure>\n<p>The Kurszentrum Aarau was the first institute in Switzerland to develop a well-founded, practical training program for coaches 35 years ago. After that, solution-oriented coaching established itself in companies and non-profit organizations as an effective instrument for organizational and personnel development as well as conflict management. The courses at the Course Center impart the knowledge and skills for effective and sustainable coaching. The focus is on lively, effective and practice-oriented learning.<\/p>\n<p>In addition to coaching training, the Kurszentrum Aarau offers a master's training for short-term counselors, systemic solution-oriented continuing education, and personality development courses. 7000 participants have expanded their professional competence at Kurszentrum Aarau to date.<\/p>\n<p><em>Source: <a href=\"http:\/\/www.kurszentrum.ch\" target=\"_blank\" data-cke-saved-href=\"http:\/\/www.kurszentrum.ch\" rel=\"noopener\">Course Center Aarau<\/a><\/em><\/p>","protected":false},"excerpt":{"rendered":"<p>Das Kurszentrum Aarau hat vor 35 Jahren als erstes Institut in der Schweiz eine fundierte, praxisnahe Ausbildung zum Coach entwickelt. Danach etablierte sich das L\u00f6sungsorientierte Coaching in Unternehmen und Nonprofitorganisationen zum wirkungsvollen Instrument der Organisations-und Personalentwicklung sowie des Konfliktmanagements. Die Kurse am Kurszentrum vermitteln das Wissen und die Kompetenzen f\u00fcr ein wirksames und nachhaltiges Coaching. [&hellip;]<\/p>\n","protected":false},"author":1,"featured_media":796,"comment_status":"open","ping_status":"open","sticky":false,"template":"","format":"standard","meta":{"_acf_changed":false,"_yoast_wpseo_focuskw":"Ausbildungspartnerschaft","_yoast_wpseo_metadesc":"Der Berufsverband f\u00fcr Coaching, Supervision und Organisationsberatung (bso) geht eine Ausbildungspartnerschaft mit dem Kurszentrum Aarau ein.","articlekey":"","footnotes":""},"categories":[26],"tags":[62,254,275,503,504],"class_list":["post-795","post","type-post","status-publish","format-standard","has-post-thumbnail","hentry","category-hrm","tag-aus-weiterbildung","tag-hrm","tag-institutionen","tag-verbaende","tag-vereine"],"acf":[],"yoast_head":"<!-- This site is optimized with the Yoast SEO plugin v27.4 - https:\/\/yoast.com\/product\/yoast-seo-wordpress\/ -->\n<title>Berufsverband bso geht neue Ausbildungspartnerschaft ein - Organisator<\/title>\n<meta name=\"description\" content=\"Der Berufsverband f\u00fcr Coaching, Supervision und Organisationsberatung (bso) geht eine Ausbildungspartnerschaft mit dem Kurszentrum Aarau ein.\" \/>\n<meta name=\"robots\" content=\"index, follow, max-snippet:-1, max-image-preview:large, max-video-preview:-1\" \/>\n<link rel=\"canonical\" href=\"https:\/\/www.organisator.ch\/en\/human-resources\/hrm\/2016-06-28\/berufsverband-bso-geht-neue-ausbildungspartnerschaft-ein\/\" \/>\n<meta property=\"og:locale\" content=\"en_US\" \/>\n<meta property=\"og:type\" content=\"article\" \/>\n<meta property=\"og:title\" content=\"Berufsverband bso geht neue Ausbildungspartnerschaft ein\" \/>\n<meta property=\"og:description\" content=\"Der Berufsverband f\u00fcr Coaching, Supervision und Organisationsberatung (bso) geht eine Ausbildungspartnerschaft mit dem Kurszentrum Aarau ein. Die bso-Anerkennung erm\u00f6glicht den Kursabsolventen des Kurszentrums, nach einem erfolgreichen Master-Abschluss auf direktem Weg Mitglied des bso zu werden. Damit d\u00fcrfen sie den Titel \u201eCoach bso\u201c tragen. Im un\u00fcbersichtlichen Coaching-Markt erleichert dieser Titel die Positionierung im Sinne eines Qualit\u00e4tslabels.\" \/>\n<meta property=\"og:url\" content=\"https:\/\/www.organisator.ch\/en\/human-resources\/hrm\/2016-06-28\/berufsverband-bso-geht-neue-ausbildungspartnerschaft-ein\/\" \/>\n<meta property=\"og:site_name\" content=\"Organisator\" \/>\n<meta property=\"article:publisher\" content=\"https:\/\/www.facebook.com\/OrganisatorFachmagazin\" \/>\n<meta property=\"article:published_time\" content=\"2016-06-28T14:55:11+00:00\" \/>\n<meta name=\"author\" content=\"admin\" \/>\n<meta name=\"twitter:card\" content=\"summary_large_image\" \/>\n<meta name=\"twitter:image\" content=\"https:\/\/www.organisator.ch\/wp-content\/uploads\/2016\/12\/Berufsverband-bso-geht-neue-Ausbildungspartnerschaft-ein-organisator.jpg\" \/>\n<script type=\"application\/ld+json\" class=\"yoast-schema-graph\">{\"@context\":\"https:\\\/\\\/schema.org\",\"@graph\":[{\"@type\":\"Article\",\"@id\":\"https:\\\/\\\/www.organisator.ch\\\/human-resources\\\/hrm\\\/2016-06-28\\\/berufsverband-bso-geht-neue-ausbildungspartnerschaft-ein\\\/#article\",\"isPartOf\":{\"@id\":\"https:\\\/\\\/www.organisator.ch\\\/human-resources\\\/hrm\\\/2016-06-28\\\/berufsverband-bso-geht-neue-ausbildungspartnerschaft-ein\\\/\"},\"author\":{\"name\":\"admin\",\"@id\":\"https:\\\/\\\/www.organisator.ch\\\/#\\\/schema\\\/person\\\/aa2bace6c5c5aad60102004a50c4eb1c\"},\"headline\":\"Berufsverband bso geht neue Ausbildungspartnerschaft ein\",\"datePublished\":\"2016-06-28T14:55:11+00:00\",\"mainEntityOfPage\":{\"@id\":\"https:\\\/\\\/www.organisator.ch\\\/human-resources\\\/hrm\\\/2016-06-28\\\/berufsverband-bso-geht-neue-ausbildungspartnerschaft-ein\\\/\"},\"wordCount\":144,\"commentCount\":0,\"publisher\":{\"@id\":\"https:\\\/\\\/www.organisator.ch\\\/#organization\"},\"image\":{\"@id\":\"https:\\\/\\\/www.organisator.ch\\\/human-resources\\\/hrm\\\/2016-06-28\\\/berufsverband-bso-geht-neue-ausbildungspartnerschaft-ein\\\/#primaryimage\"},\"thumbnailUrl\":\"https:\\\/\\\/www.organisator.ch\\\/wp-content\\\/uploads\\\/2016\\\/12\\\/Berufsverband-bso-geht-neue-Ausbildungspartnerschaft-ein-organisator.jpg\",\"keywords\":[\"Aus-\\\/Weiterbildung\",\"HRM\",\"Institutionen\",\"Verb\u00e4nde\",\"Vereine\"],\"articleSection\":[\"HRM\"],\"inLanguage\":\"en-US\"},{\"@type\":\"WebPage\",\"@id\":\"https:\\\/\\\/www.organisator.ch\\\/human-resources\\\/hrm\\\/2016-06-28\\\/berufsverband-bso-geht-neue-ausbildungspartnerschaft-ein\\\/\",\"url\":\"https:\\\/\\\/www.organisator.ch\\\/human-resources\\\/hrm\\\/2016-06-28\\\/berufsverband-bso-geht-neue-ausbildungspartnerschaft-ein\\\/\",\"name\":\"Berufsverband bso geht neue Ausbildungspartnerschaft ein - Organisator\",\"isPartOf\":{\"@id\":\"https:\\\/\\\/www.organisator.ch\\\/#website\"},\"primaryImageOfPage\":{\"@id\":\"https:\\\/\\\/www.organisator.ch\\\/human-resources\\\/hrm\\\/2016-06-28\\\/berufsverband-bso-geht-neue-ausbildungspartnerschaft-ein\\\/#primaryimage\"},\"image\":{\"@id\":\"https:\\\/\\\/www.organisator.ch\\\/human-resources\\\/hrm\\\/2016-06-28\\\/berufsverband-bso-geht-neue-ausbildungspartnerschaft-ein\\\/#primaryimage\"},\"thumbnailUrl\":\"https:\\\/\\\/www.organisator.ch\\\/wp-content\\\/uploads\\\/2016\\\/12\\\/Berufsverband-bso-geht-neue-Ausbildungspartnerschaft-ein-organisator.jpg\",\"datePublished\":\"2016-06-28T14:55:11+00:00\",\"description\":\"Der Berufsverband f\u00fcr Coaching, Supervision und Organisationsberatung (bso) geht eine Ausbildungspartnerschaft mit dem Kurszentrum Aarau ein.\",\"breadcrumb\":{\"@id\":\"https:\\\/\\\/www.organisator.ch\\\/human-resources\\\/hrm\\\/2016-06-28\\\/berufsverband-bso-geht-neue-ausbildungspartnerschaft-ein\\\/#breadcrumb\"},\"inLanguage\":\"en-US\",\"potentialAction\":[{\"@type\":\"ReadAction\",\"target\":[\"https:\\\/\\\/www.organisator.ch\\\/human-resources\\\/hrm\\\/2016-06-28\\\/berufsverband-bso-geht-neue-ausbildungspartnerschaft-ein\\\/\"]}]},{\"@type\":\"ImageObject\",\"inLanguage\":\"en-US\",\"@id\":\"https:\\\/\\\/www.organisator.ch\\\/human-resources\\\/hrm\\\/2016-06-28\\\/berufsverband-bso-geht-neue-ausbildungspartnerschaft-ein\\\/#primaryimage\",\"url\":\"https:\\\/\\\/www.organisator.ch\\\/wp-content\\\/uploads\\\/2016\\\/12\\\/Berufsverband-bso-geht-neue-Ausbildungspartnerschaft-ein-organisator.jpg\",\"contentUrl\":\"https:\\\/\\\/www.organisator.ch\\\/wp-content\\\/uploads\\\/2016\\\/12\\\/Berufsverband-bso-geht-neue-Ausbildungspartnerschaft-ein-organisator.jpg\",\"width\":640,\"height\":320,\"caption\":\"Das Kursleiter-Team vom Kurszentrum Aarau (v.l.n.r.): Werner Herren, Marianne Rutz, Dani\u00e8le Zatti Kuhn und Roland Seefeld freuen sich \u00fcber die vertragliche Zusammenarbeit mit dem Berufsverband bso. (Foto: zVg.)\"},{\"@type\":\"BreadcrumbList\",\"@id\":\"https:\\\/\\\/www.organisator.ch\\\/human-resources\\\/hrm\\\/2016-06-28\\\/berufsverband-bso-geht-neue-ausbildungspartnerschaft-ein\\\/#breadcrumb\",\"itemListElement\":[{\"@type\":\"ListItem\",\"position\":1,\"name\":\"Home\",\"item\":\"https:\\\/\\\/www.organisator.ch\\\/\"},{\"@type\":\"ListItem\",\"position\":2,\"name\":\"Berufsverband bso geht neue Ausbildungspartnerschaft ein\"}]},{\"@type\":\"WebSite\",\"@id\":\"https:\\\/\\\/www.organisator.ch\\\/#website\",\"url\":\"https:\\\/\\\/www.organisator.ch\\\/\",\"name\":\"Organisator\",\"description\":\"Kompetent. Praxisnah. Der ORGANISATOR bereitet in 10 Ausgaben pro Jahr die wesentlichen Themen f\u00fcr F\u00fchrungskr\u00e4fte von KMU auf.\",\"publisher\":{\"@id\":\"https:\\\/\\\/www.organisator.ch\\\/#organization\"},\"potentialAction\":[{\"@type\":\"SearchAction\",\"target\":{\"@type\":\"EntryPoint\",\"urlTemplate\":\"https:\\\/\\\/www.organisator.ch\\\/?s={search_term_string}\"},\"query-input\":{\"@type\":\"PropertyValueSpecification\",\"valueRequired\":true,\"valueName\":\"search_term_string\"}}],\"inLanguage\":\"en-US\"},{\"@type\":\"Organization\",\"@id\":\"https:\\\/\\\/www.organisator.ch\\\/#organization\",\"name\":\"Organisator\",\"url\":\"https:\\\/\\\/www.organisator.ch\\\/\",\"logo\":{\"@type\":\"ImageObject\",\"inLanguage\":\"en-US\",\"@id\":\"https:\\\/\\\/www.organisator.ch\\\/#\\\/schema\\\/logo\\\/image\\\/\",\"url\":\"https:\\\/\\\/www.organisator.ch\\\/wp-content\\\/uploads\\\/2022\\\/01\\\/Logo_Organisator_Website.png\",\"contentUrl\":\"https:\\\/\\\/www.organisator.ch\\\/wp-content\\\/uploads\\\/2022\\\/01\\\/Logo_Organisator_Website.png\",\"width\":800,\"height\":77,\"caption\":\"Organisator\"},\"image\":{\"@id\":\"https:\\\/\\\/www.organisator.ch\\\/#\\\/schema\\\/logo\\\/image\\\/\"},\"sameAs\":[\"https:\\\/\\\/www.facebook.com\\\/OrganisatorFachmagazin\",\"https:\\\/\\\/www.linkedin.com\\\/showcase\\\/organisator-das-magazin-fr-kmu\",\"https:\\\/\\\/www.xing.com\\\/news\\\/pages\\\/organisator-ch-695\",\"https:\\\/\\\/www.youtube.com\\\/channel\\\/UCGP2Sq0iWaZwT3BdIAQFYpw\"]},{\"@type\":\"Person\",\"@id\":\"https:\\\/\\\/www.organisator.ch\\\/#\\\/schema\\\/person\\\/aa2bace6c5c5aad60102004a50c4eb1c\",\"name\":\"admin\",\"image\":{\"@type\":\"ImageObject\",\"inLanguage\":\"en-US\",\"@id\":\"https:\\\/\\\/secure.gravatar.com\\\/avatar\\\/ae2f4d718e6c49043e314ce431e7e645d646302a24a5ef5a8bc8e3f5a032e319?s=96&d=mm&r=g\",\"url\":\"https:\\\/\\\/secure.gravatar.com\\\/avatar\\\/ae2f4d718e6c49043e314ce431e7e645d646302a24a5ef5a8bc8e3f5a032e319?s=96&d=mm&r=g\",\"contentUrl\":\"https:\\\/\\\/secure.gravatar.com\\\/avatar\\\/ae2f4d718e6c49043e314ce431e7e645d646302a24a5ef5a8bc8e3f5a032e319?s=96&d=mm&r=g\",\"caption\":\"admin\"},\"sameAs\":[\"https:\\\/\\\/www.organisator.ch\"],\"url\":\"https:\\\/\\\/www.organisator.ch\\\/en\\\/author\\\/admin\\\/\"}]}<\/script>\n<!-- \/ Yoast SEO plugin. -->","yoast_head_json":{"title":"Professional association bso enters into new training partnership - organizer","description":"The Professional Association for Coaching, Supervision and Organizational Consulting (bso) enters into a training partnership with the Kurszentrum Aarau.","robots":{"index":"index","follow":"follow","max-snippet":"max-snippet:-1","max-image-preview":"max-image-preview:large","max-video-preview":"max-video-preview:-1"},"canonical":"https:\/\/www.organisator.ch\/en\/human-resources\/hrm\/2016-06-28\/berufsverband-bso-geht-neue-ausbildungspartnerschaft-ein\/","og_locale":"en_US","og_type":"article","og_title":"Berufsverband bso geht neue Ausbildungspartnerschaft ein","og_description":"Der Berufsverband f\u00fcr Coaching, Supervision und Organisationsberatung (bso) geht eine Ausbildungspartnerschaft mit dem Kurszentrum Aarau ein. Die bso-Anerkennung erm\u00f6glicht den Kursabsolventen des Kurszentrums, nach einem erfolgreichen Master-Abschluss auf direktem Weg Mitglied des bso zu werden. Damit d\u00fcrfen sie den Titel \u201eCoach bso\u201c tragen. Im un\u00fcbersichtlichen Coaching-Markt erleichert dieser Titel die Positionierung im Sinne eines Qualit\u00e4tslabels.","og_url":"https:\/\/www.organisator.ch\/en\/human-resources\/hrm\/2016-06-28\/berufsverband-bso-geht-neue-ausbildungspartnerschaft-ein\/","og_site_name":"Organisator","article_publisher":"https:\/\/www.facebook.com\/OrganisatorFachmagazin","article_published_time":"2016-06-28T14:55:11+00:00","author":"admin","twitter_card":"summary_large_image","twitter_image":"https:\/\/www.organisator.ch\/wp-content\/uploads\/2016\/12\/Berufsverband-bso-geht-neue-Ausbildungspartnerschaft-ein-organisator.jpg","schema":{"@context":"https:\/\/schema.org","@graph":[{"@type":"Article","@id":"https:\/\/www.organisator.ch\/human-resources\/hrm\/2016-06-28\/berufsverband-bso-geht-neue-ausbildungspartnerschaft-ein\/#article","isPartOf":{"@id":"https:\/\/www.organisator.ch\/human-resources\/hrm\/2016-06-28\/berufsverband-bso-geht-neue-ausbildungspartnerschaft-ein\/"},"author":{"name":"admin","@id":"https:\/\/www.organisator.ch\/#\/schema\/person\/aa2bace6c5c5aad60102004a50c4eb1c"},"headline":"Berufsverband bso geht neue Ausbildungspartnerschaft ein","datePublished":"2016-06-28T14:55:11+00:00","mainEntityOfPage":{"@id":"https:\/\/www.organisator.ch\/human-resources\/hrm\/2016-06-28\/berufsverband-bso-geht-neue-ausbildungspartnerschaft-ein\/"},"wordCount":144,"commentCount":0,"publisher":{"@id":"https:\/\/www.organisator.ch\/#organization"},"image":{"@id":"https:\/\/www.organisator.ch\/human-resources\/hrm\/2016-06-28\/berufsverband-bso-geht-neue-ausbildungspartnerschaft-ein\/#primaryimage"},"thumbnailUrl":"https:\/\/www.organisator.ch\/wp-content\/uploads\/2016\/12\/Berufsverband-bso-geht-neue-Ausbildungspartnerschaft-ein-organisator.jpg","keywords":["Aus-\/Weiterbildung","HRM","Institutionen","Verb\u00e4nde","Vereine"],"articleSection":["HRM"],"inLanguage":"en-US"},{"@type":"WebPage","@id":"https:\/\/www.organisator.ch\/human-resources\/hrm\/2016-06-28\/berufsverband-bso-geht-neue-ausbildungspartnerschaft-ein\/","url":"https:\/\/www.organisator.ch\/human-resources\/hrm\/2016-06-28\/berufsverband-bso-geht-neue-ausbildungspartnerschaft-ein\/","name":"Professional association bso enters into new training partnership - organizer","isPartOf":{"@id":"https:\/\/www.organisator.ch\/#website"},"primaryImageOfPage":{"@id":"https:\/\/www.organisator.ch\/human-resources\/hrm\/2016-06-28\/berufsverband-bso-geht-neue-ausbildungspartnerschaft-ein\/#primaryimage"},"image":{"@id":"https:\/\/www.organisator.ch\/human-resources\/hrm\/2016-06-28\/berufsverband-bso-geht-neue-ausbildungspartnerschaft-ein\/#primaryimage"},"thumbnailUrl":"https:\/\/www.organisator.ch\/wp-content\/uploads\/2016\/12\/Berufsverband-bso-geht-neue-Ausbildungspartnerschaft-ein-organisator.jpg","datePublished":"2016-06-28T14:55:11+00:00","description":"The Professional Association for Coaching, Supervision and Organizational Consulting (bso) enters into a training partnership with the Kurszentrum Aarau.","breadcrumb":{"@id":"https:\/\/www.organisator.ch\/human-resources\/hrm\/2016-06-28\/berufsverband-bso-geht-neue-ausbildungspartnerschaft-ein\/#breadcrumb"},"inLanguage":"en-US","potentialAction":[{"@type":"ReadAction","target":["https:\/\/www.organisator.ch\/human-resources\/hrm\/2016-06-28\/berufsverband-bso-geht-neue-ausbildungspartnerschaft-ein\/"]}]},{"@type":"ImageObject","inLanguage":"en-US","@id":"https:\/\/www.organisator.ch\/human-resources\/hrm\/2016-06-28\/berufsverband-bso-geht-neue-ausbildungspartnerschaft-ein\/#primaryimage","url":"https:\/\/www.organisator.ch\/wp-content\/uploads\/2016\/12\/Berufsverband-bso-geht-neue-Ausbildungspartnerschaft-ein-organisator.jpg","contentUrl":"https:\/\/www.organisator.ch\/wp-content\/uploads\/2016\/12\/Berufsverband-bso-geht-neue-Ausbildungspartnerschaft-ein-organisator.jpg","width":640,"height":320,"caption":"Das Kursleiter-Team vom Kurszentrum Aarau (v.l.n.r.): Werner Herren, Marianne Rutz, Dani\u00e8le Zatti Kuhn und Roland Seefeld freuen sich \u00fcber die vertragliche Zusammenarbeit mit dem Berufsverband bso. (Foto: zVg.)"},{"@type":"BreadcrumbList","@id":"https:\/\/www.organisator.ch\/human-resources\/hrm\/2016-06-28\/berufsverband-bso-geht-neue-ausbildungspartnerschaft-ein\/#breadcrumb","itemListElement":[{"@type":"ListItem","position":1,"name":"Home","item":"https:\/\/www.organisator.ch\/"},{"@type":"ListItem","position":2,"name":"Berufsverband bso geht neue Ausbildungspartnerschaft ein"}]},{"@type":"WebSite","@id":"https:\/\/www.organisator.ch\/#website","url":"https:\/\/www.organisator.ch\/","name":"Organizer","description":"Competent. Practical. In 10 issues per year, ORGANISATOR presents the essential topics for managers of SMEs.","publisher":{"@id":"https:\/\/www.organisator.ch\/#organization"},"potentialAction":[{"@type":"SearchAction","target":{"@type":"EntryPoint","urlTemplate":"https:\/\/www.organisator.ch\/?s={search_term_string}"},"query-input":{"@type":"PropertyValueSpecification","valueRequired":true,"valueName":"search_term_string"}}],"inLanguage":"en-US"},{"@type":"Organization","@id":"https:\/\/www.organisator.ch\/#organization","name":"Organizer","url":"https:\/\/www.organisator.ch\/","logo":{"@type":"ImageObject","inLanguage":"en-US","@id":"https:\/\/www.organisator.ch\/#\/schema\/logo\/image\/","url":"https:\/\/www.organisator.ch\/wp-content\/uploads\/2022\/01\/Logo_Organisator_Website.png","contentUrl":"https:\/\/www.organisator.ch\/wp-content\/uploads\/2022\/01\/Logo_Organisator_Website.png","width":800,"height":77,"caption":"Organisator"},"image":{"@id":"https:\/\/www.organisator.ch\/#\/schema\/logo\/image\/"},"sameAs":["https:\/\/www.facebook.com\/OrganisatorFachmagazin","https:\/\/www.linkedin.com\/showcase\/organisator-das-magazin-fr-kmu","https:\/\/www.xing.com\/news\/pages\/organisator-ch-695","https:\/\/www.youtube.com\/channel\/UCGP2Sq0iWaZwT3BdIAQFYpw"]},{"@type":"Person","@id":"https:\/\/www.organisator.ch\/#\/schema\/person\/aa2bace6c5c5aad60102004a50c4eb1c","name":"admin","image":{"@type":"ImageObject","inLanguage":"en-US","@id":"https:\/\/secure.gravatar.com\/avatar\/ae2f4d718e6c49043e314ce431e7e645d646302a24a5ef5a8bc8e3f5a032e319?s=96&d=mm&r=g","url":"https:\/\/secure.gravatar.com\/avatar\/ae2f4d718e6c49043e314ce431e7e645d646302a24a5ef5a8bc8e3f5a032e319?s=96&d=mm&r=g","contentUrl":"https:\/\/secure.gravatar.com\/avatar\/ae2f4d718e6c49043e314ce431e7e645d646302a24a5ef5a8bc8e3f5a032e319?s=96&d=mm&r=g","caption":"admin"},"sameAs":["https:\/\/www.organisator.ch"],"url":"https:\/\/www.organisator.ch\/en\/author\/admin\/"}]}},"_links":{"self":[{"href":"https:\/\/www.organisator.ch\/en\/wp-json\/wp\/v2\/posts\/795","targetHints":{"allow":["GET"]}}],"collection":[{"href":"https:\/\/www.organisator.ch\/en\/wp-json\/wp\/v2\/posts"}],"about":[{"href":"https:\/\/www.organisator.ch\/en\/wp-json\/wp\/v2\/types\/post"}],"author":[{"embeddable":true,"href":"https:\/\/www.organisator.ch\/en\/wp-json\/wp\/v2\/users\/1"}],"replies":[{"embeddable":true,"href":"https:\/\/www.organisator.ch\/en\/wp-json\/wp\/v2\/comments?post=795"}],"version-history":[{"count":0,"href":"https:\/\/www.organisator.ch\/en\/wp-json\/wp\/v2\/posts\/795\/revisions"}],"wp:featuredmedia":[{"embeddable":true,"href":"https:\/\/www.organisator.ch\/en\/wp-json\/wp\/v2\/media\/796"}],"wp:attachment":[{"href":"https:\/\/www.organisator.ch\/en\/wp-json\/wp\/v2\/media?parent=795"}],"wp:term":[{"taxonomy":"category","embeddable":true,"href":"https:\/\/www.organisator.ch\/en\/wp-json\/wp\/v2\/categories?post=795"},{"taxonomy":"post_tag","embeddable":true,"href":"https:\/\/www.organisator.ch\/en\/wp-json\/wp\/v2\/tags?post=795"}],"curies":[{"name":"wp","href":"https:\/\/api.w.org\/{rel}","templated":true}]}}