{"id":7980,"date":"2021-05-27T17:05:04","date_gmt":"2021-05-27T15:05:04","guid":{"rendered":"https:\/\/www.organisator.ch\/?p=7980"},"modified":"2021-05-27T17:05:04","modified_gmt":"2021-05-27T15:05:04","slug":"berufliche-vorsorge-die-wirklich-passt-fuer-kmu","status":"publish","type":"post","link":"https:\/\/www.organisator.ch\/en\/management\/finanzen_recht\/2021-05-27\/berufliche-vorsorge-die-wirklich-passt-fuer-kmu\/","title":{"rendered":"Occupational pension plan that really fits for SMEs"},"content":{"rendered":"<figure id=\"attachment_7981\" aria-describedby=\"caption-attachment-7981\" style=\"width: 680px\" class=\"wp-caption alignnone\"><img loading=\"lazy\" decoding=\"async\" class=\"size-medium wp-image-7981\" src=\"https:\/\/www.organisator.ch\/wp-content\/uploads\/2021\/05\/Berufliche-Vorsorge-die-wirklich-passt-fuer-KMU_Organisator.jpg\" alt=\"\" width=\"680\" height=\"453\" srcset=\"https:\/\/www.organisator.ch\/wp-content\/uploads\/2021\/05\/Berufliche-Vorsorge-die-wirklich-passt-fuer-KMU_Organisator.jpg 680w, https:\/\/www.organisator.ch\/wp-content\/uploads\/2021\/05\/Berufliche-Vorsorge-die-wirklich-passt-fuer-KMU_Organisator-16x12.jpg 16w, https:\/\/www.organisator.ch\/wp-content\/uploads\/2021\/05\/Berufliche-Vorsorge-die-wirklich-passt-fuer-KMU_Organisator-263x175.jpg 263w, https:\/\/www.organisator.ch\/wp-content\/uploads\/2021\/05\/Berufliche-Vorsorge-die-wirklich-passt-fuer-KMU_Organisator-525x350.jpg 525w, https:\/\/www.organisator.ch\/wp-content\/uploads\/2021\/05\/Berufliche-Vorsorge-die-wirklich-passt-fuer-KMU_Organisator-300x200.jpg 300w\" sizes=\"auto, (max-width: 680px) 100vw, 680px\" \/><figcaption id=\"caption-attachment-7981\" class=\"wp-caption-text\">What do SMEs really need for occupational pension provision? Tellco's many years of experience with solutions for SMEs show the clear need for flexible and secure pension fund solutions. (Image: zVg)<\/figcaption><\/figure>\n<p>They offer a wide range of solutions, make many jobs possible, are active in all sectors and at the same time form the backbone of the Swiss economy: SMEs. The corresponding pension fund solution should be as diverse and original as the Swiss SME landscape. That is why Tellco offers customized solutions that truly meet the needs and wishes of SMEs.<\/p>\n<h2><strong>Occupational pension plan must be tailored to the company<\/strong><\/h2>\n<p>Successful company management requires expertise, experience, passion and commitment in daily work. Moreover, anyone who wants to remain successful in the long term will not be satisfied with mediocrity and will continue to develop. Companies place the same demands on their occupational pension solution.<\/p>\n<p>Tellco has geared itself to this: In the 2nd pillar, it offers special pension solutions that meet the needs of SMEs. The pension specialist has many years of experience, well-established processes and an agile organization. It can therefore offer companies <strong>a modern pension fund solution<\/strong> offer - <strong>with coherent risk tariffs and fair administrative costs<\/strong>.<\/p>\n<h2><strong>For the company, safety is the top priority in occupational pension provision <\/strong><\/h2>\n<p>Entrepreneurs bear a lot of responsibility. Their employees depend on the success of their company and want security.<\/p>\n<p>Tellco supports them here: With a pension solution in the 2nd pillar that stands for security. It manages the assets of the affiliated companies with the utmost care. Tellco's specialists place a clear focus on the following when it comes to investing money <strong>Long-term and security<\/strong>. Smaller, secure profits are more important to the pension specialist than aiming for high short-term returns and risking large losses in the process.<\/p>\n<h2><strong>Flexibility is a prerequisite in the 2nd pillar pension solution<\/strong><\/h2>\n<p>Entrepreneurial activity requires a great deal of flexibility in a dynamic and complex market environment with constantly changing customer needs. Entrepreneurs also expect the same flexibility from their occupational pension plans.<\/p>\n<p>Tellco meets this requirement with a pension solution that can be adapted to individual needs. The customers benefit from a pension solution that is <strong>individually expandable<\/strong> is and <strong>can grow flexibly with the company<\/strong><strong>.<\/strong><\/p>\n<p>&nbsp;<\/p>\n<p><em><strong>More information:<\/strong><br \/>\n<strong>Tellco AG <\/strong>has its core competencies in the area of pension provision and assets. As an expert for holistic offerings, we place precisely these at the center of our work. We offer services and expertise from a single source in the three business areas of occupational pensions, private pensions, and money and assets.<\/em><\/p>\n<p><em><strong>Tellco AG<br \/>\n<\/strong>Bahnhofstrasse 4<strong><br \/>\n<\/strong>6431 Schwyz<\/em><br \/>\n<em>t +41 58 442 20 00<\/em><br \/>\n<em><a href=\"mailto:vorsorge@tellco.ch\">vorsorge@tellco.ch<\/a><\/em><br \/>\n<em><a href=\"https:\/\/www.tellco.ch\/kmu\">tellco.ch\/kmu<\/a><\/em><\/p>","protected":false},"excerpt":{"rendered":"<p>Sie bieten eine Vielzahl an L\u00f6sungen, erm\u00f6glichen viele Arbeitspl\u00e4tze, sind in allen Branchen t\u00e4tig und bilden gleichzeitig das R\u00fcckgrat der Schweizer Wirtschaft: die KMU. So vielf\u00e4ltig und originell wie die schweizerische KMU-Landschaft soll auch die entsprechende Pensionskassenl\u00f6sung sein. Darum bietet die Tellco massgeschneiderte L\u00f6sungen, die wirklich den Bed\u00fcrfnissen und W\u00fcnschen von KMU entsprechen. Berufliche Vorsorge [&hellip;]<\/p>\n","protected":false},"author":4,"featured_media":7981,"comment_status":"closed","ping_status":"closed","sticky":false,"template":"","format":"standard","meta":{"_acf_changed":false,"_yoast_wpseo_focuskw":"Berufliche Vorsorge","_yoast_wpseo_metadesc":"Berufliche Vorsorge: Die grosse Erfahrung der Tellco mit L\u00f6sungen f\u00fcr KMU zeigt das deutliche Bed\u00fcrfnis nach flexiblen und sicheren Pensionskassenl\u00f6sungen.","articlekey":"","footnotes":""},"categories":[24],"tags":[202,335,377,516],"class_list":["post-7980","post","type-post","status-publish","format-standard","has-post-thumbnail","hentry","category-finanzen_recht","tag-finanzenrecht","tag-management-und-unternehmensfuehrung","tag-pensionskassen","tag-vorsorge"],"acf":[],"yoast_head":"<!-- This site is optimized with the Yoast SEO plugin v27.5 - https:\/\/yoast.com\/product\/yoast-seo-wordpress\/ -->\n<title>Berufliche Vorsorge, die wirklich passt f\u00fcr KMU - Organisator<\/title>\n<meta name=\"description\" content=\"Berufliche Vorsorge: Die grosse Erfahrung der Tellco mit L\u00f6sungen f\u00fcr KMU zeigt das deutliche Bed\u00fcrfnis nach flexiblen und sicheren Pensionskassenl\u00f6sungen.\" \/>\n<meta name=\"robots\" content=\"index, follow, max-snippet:-1, max-image-preview:large, max-video-preview:-1\" \/>\n<link rel=\"canonical\" href=\"https:\/\/www.organisator.ch\/en\/management\/finanzen_recht\/2021-05-27\/berufliche-vorsorge-die-wirklich-passt-fuer-kmu\/\" \/>\n<meta property=\"og:locale\" content=\"en_US\" \/>\n<meta property=\"og:type\" content=\"article\" \/>\n<meta property=\"og:title\" content=\"Berufliche Vorsorge, die wirklich passt f\u00fcr KMU\" \/>\n<meta property=\"og:description\" content=\"Berufliche Vorsorge: Die grosse Erfahrung der Tellco mit L\u00f6sungen f\u00fcr KMU zeigt das deutliche Bed\u00fcrfnis nach flexiblen und sicheren Pensionskassenl\u00f6sungen.\" \/>\n<meta property=\"og:url\" content=\"https:\/\/www.organisator.ch\/en\/management\/finanzen_recht\/2021-05-27\/berufliche-vorsorge-die-wirklich-passt-fuer-kmu\/\" \/>\n<meta property=\"og:site_name\" content=\"Organisator\" \/>\n<meta property=\"article:publisher\" content=\"https:\/\/www.facebook.com\/OrganisatorFachmagazin\" \/>\n<meta property=\"article:published_time\" content=\"2021-05-27T15:05:04+00:00\" \/>\n<meta property=\"og:image\" content=\"https:\/\/www.organisator.ch\/wp-content\/uploads\/2021\/05\/Berufliche-Vorsorge-die-wirklich-passt-fuer-KMU_Organisator.jpg\" \/>\n\t<meta property=\"og:image:width\" content=\"680\" \/>\n\t<meta property=\"og:image:height\" content=\"453\" \/>\n\t<meta property=\"og:image:type\" content=\"image\/jpeg\" \/>\n<meta name=\"author\" content=\"thomas.berner\" \/>\n<meta name=\"twitter:card\" content=\"summary_large_image\" \/>\n<meta name=\"twitter:title\" content=\"#BeruflicheVorsorge, die wirklich passt f\u00fcr #KMU\" \/>\n<meta name=\"twitter:description\" content=\"Berufliche Vorsorge: Die grosse Erfahrung der #Tellco mit L\u00f6sungen f\u00fcr KMU zeigt das deutliche Bed\u00fcrfnis nach flexiblen und sicheren #Pensionskassenl\u00f6sungen.\" \/>\n<meta name=\"twitter:image\" content=\"https:\/\/www.organisator.ch\/wp-content\/uploads\/2021\/05\/Berufliche-Vorsorge-die-wirklich-passt-fuer-KMU_Organisator.jpg\" \/>\n<script type=\"application\/ld+json\" class=\"yoast-schema-graph\">{\"@context\":\"https:\\\/\\\/schema.org\",\"@graph\":[{\"@type\":\"Article\",\"@id\":\"https:\\\/\\\/www.organisator.ch\\\/management\\\/finanzen_recht\\\/2021-05-27\\\/berufliche-vorsorge-die-wirklich-passt-fuer-kmu\\\/#article\",\"isPartOf\":{\"@id\":\"https:\\\/\\\/www.organisator.ch\\\/management\\\/finanzen_recht\\\/2021-05-27\\\/berufliche-vorsorge-die-wirklich-passt-fuer-kmu\\\/\"},\"author\":{\"name\":\"thomas.berner\",\"@id\":\"https:\\\/\\\/www.organisator.ch\\\/#\\\/schema\\\/person\\\/6f650f90b2842cd4c0cc334b4e36f67e\"},\"headline\":\"Berufliche Vorsorge, die wirklich passt f\u00fcr KMU\",\"datePublished\":\"2021-05-27T15:05:04+00:00\",\"mainEntityOfPage\":{\"@id\":\"https:\\\/\\\/www.organisator.ch\\\/management\\\/finanzen_recht\\\/2021-05-27\\\/berufliche-vorsorge-die-wirklich-passt-fuer-kmu\\\/\"},\"wordCount\":464,\"publisher\":{\"@id\":\"https:\\\/\\\/www.organisator.ch\\\/#organization\"},\"image\":{\"@id\":\"https:\\\/\\\/www.organisator.ch\\\/management\\\/finanzen_recht\\\/2021-05-27\\\/berufliche-vorsorge-die-wirklich-passt-fuer-kmu\\\/#primaryimage\"},\"thumbnailUrl\":\"https:\\\/\\\/www.organisator.ch\\\/wp-content\\\/uploads\\\/2021\\\/05\\\/Berufliche-Vorsorge-die-wirklich-passt-fuer-KMU_Organisator.jpg\",\"keywords\":[\"Finanzen\\\/Recht\",\"Management und Unternehmensf\u00fchrung\",\"Pensionskassen\",\"Vorsorge\"],\"articleSection\":[\"FINANZEN\\\/RECHT\"],\"inLanguage\":\"en-US\"},{\"@type\":\"WebPage\",\"@id\":\"https:\\\/\\\/www.organisator.ch\\\/management\\\/finanzen_recht\\\/2021-05-27\\\/berufliche-vorsorge-die-wirklich-passt-fuer-kmu\\\/\",\"url\":\"https:\\\/\\\/www.organisator.ch\\\/management\\\/finanzen_recht\\\/2021-05-27\\\/berufliche-vorsorge-die-wirklich-passt-fuer-kmu\\\/\",\"name\":\"Berufliche Vorsorge, die wirklich passt f\u00fcr KMU - Organisator\",\"isPartOf\":{\"@id\":\"https:\\\/\\\/www.organisator.ch\\\/#website\"},\"primaryImageOfPage\":{\"@id\":\"https:\\\/\\\/www.organisator.ch\\\/management\\\/finanzen_recht\\\/2021-05-27\\\/berufliche-vorsorge-die-wirklich-passt-fuer-kmu\\\/#primaryimage\"},\"image\":{\"@id\":\"https:\\\/\\\/www.organisator.ch\\\/management\\\/finanzen_recht\\\/2021-05-27\\\/berufliche-vorsorge-die-wirklich-passt-fuer-kmu\\\/#primaryimage\"},\"thumbnailUrl\":\"https:\\\/\\\/www.organisator.ch\\\/wp-content\\\/uploads\\\/2021\\\/05\\\/Berufliche-Vorsorge-die-wirklich-passt-fuer-KMU_Organisator.jpg\",\"datePublished\":\"2021-05-27T15:05:04+00:00\",\"description\":\"Berufliche Vorsorge: Die grosse Erfahrung der Tellco mit L\u00f6sungen f\u00fcr KMU zeigt das deutliche Bed\u00fcrfnis nach flexiblen und sicheren Pensionskassenl\u00f6sungen.\",\"breadcrumb\":{\"@id\":\"https:\\\/\\\/www.organisator.ch\\\/management\\\/finanzen_recht\\\/2021-05-27\\\/berufliche-vorsorge-die-wirklich-passt-fuer-kmu\\\/#breadcrumb\"},\"inLanguage\":\"en-US\",\"potentialAction\":[{\"@type\":\"ReadAction\",\"target\":[\"https:\\\/\\\/www.organisator.ch\\\/management\\\/finanzen_recht\\\/2021-05-27\\\/berufliche-vorsorge-die-wirklich-passt-fuer-kmu\\\/\"]}]},{\"@type\":\"ImageObject\",\"inLanguage\":\"en-US\",\"@id\":\"https:\\\/\\\/www.organisator.ch\\\/management\\\/finanzen_recht\\\/2021-05-27\\\/berufliche-vorsorge-die-wirklich-passt-fuer-kmu\\\/#primaryimage\",\"url\":\"https:\\\/\\\/www.organisator.ch\\\/wp-content\\\/uploads\\\/2021\\\/05\\\/Berufliche-Vorsorge-die-wirklich-passt-fuer-KMU_Organisator.jpg\",\"contentUrl\":\"https:\\\/\\\/www.organisator.ch\\\/wp-content\\\/uploads\\\/2021\\\/05\\\/Berufliche-Vorsorge-die-wirklich-passt-fuer-KMU_Organisator.jpg\",\"width\":680,\"height\":453,\"caption\":\"Berufliche Vorsorge: Was ben\u00f6tigen KMU in der beruflichen Vorsorge wirklich? Die langj\u00e4hrige Erfahrung der Tellco mit L\u00f6sungen f\u00fcr KMU zeigt das deutliche Bed\u00fcrfnis nach flexiblen und sicheren Pensionskassenl\u00f6sungen.\"},{\"@type\":\"BreadcrumbList\",\"@id\":\"https:\\\/\\\/www.organisator.ch\\\/management\\\/finanzen_recht\\\/2021-05-27\\\/berufliche-vorsorge-die-wirklich-passt-fuer-kmu\\\/#breadcrumb\",\"itemListElement\":[{\"@type\":\"ListItem\",\"position\":1,\"name\":\"Home\",\"item\":\"https:\\\/\\\/www.organisator.ch\\\/\"},{\"@type\":\"ListItem\",\"position\":2,\"name\":\"Berufliche Vorsorge, die wirklich passt f\u00fcr KMU\"}]},{\"@type\":\"WebSite\",\"@id\":\"https:\\\/\\\/www.organisator.ch\\\/#website\",\"url\":\"https:\\\/\\\/www.organisator.ch\\\/\",\"name\":\"Organisator\",\"description\":\"Kompetent. Praxisnah. Der ORGANISATOR bereitet in 10 Ausgaben pro Jahr die wesentlichen Themen f\u00fcr F\u00fchrungskr\u00e4fte von KMU auf.\",\"publisher\":{\"@id\":\"https:\\\/\\\/www.organisator.ch\\\/#organization\"},\"potentialAction\":[{\"@type\":\"SearchAction\",\"target\":{\"@type\":\"EntryPoint\",\"urlTemplate\":\"https:\\\/\\\/www.organisator.ch\\\/?s={search_term_string}\"},\"query-input\":{\"@type\":\"PropertyValueSpecification\",\"valueRequired\":true,\"valueName\":\"search_term_string\"}}],\"inLanguage\":\"en-US\"},{\"@type\":\"Organization\",\"@id\":\"https:\\\/\\\/www.organisator.ch\\\/#organization\",\"name\":\"Organisator\",\"url\":\"https:\\\/\\\/www.organisator.ch\\\/\",\"logo\":{\"@type\":\"ImageObject\",\"inLanguage\":\"en-US\",\"@id\":\"https:\\\/\\\/www.organisator.ch\\\/#\\\/schema\\\/logo\\\/image\\\/\",\"url\":\"https:\\\/\\\/www.organisator.ch\\\/wp-content\\\/uploads\\\/2022\\\/01\\\/Logo_Organisator_Website.png\",\"contentUrl\":\"https:\\\/\\\/www.organisator.ch\\\/wp-content\\\/uploads\\\/2022\\\/01\\\/Logo_Organisator_Website.png\",\"width\":800,\"height\":77,\"caption\":\"Organisator\"},\"image\":{\"@id\":\"https:\\\/\\\/www.organisator.ch\\\/#\\\/schema\\\/logo\\\/image\\\/\"},\"sameAs\":[\"https:\\\/\\\/www.facebook.com\\\/OrganisatorFachmagazin\",\"https:\\\/\\\/www.linkedin.com\\\/showcase\\\/organisator-das-magazin-fr-kmu\",\"https:\\\/\\\/www.xing.com\\\/news\\\/pages\\\/organisator-ch-695\",\"https:\\\/\\\/www.youtube.com\\\/channel\\\/UCGP2Sq0iWaZwT3BdIAQFYpw\"]},{\"@type\":\"Person\",\"@id\":\"https:\\\/\\\/www.organisator.ch\\\/#\\\/schema\\\/person\\\/6f650f90b2842cd4c0cc334b4e36f67e\",\"name\":\"thomas.berner\",\"image\":{\"@type\":\"ImageObject\",\"inLanguage\":\"en-US\",\"@id\":\"https:\\\/\\\/secure.gravatar.com\\\/avatar\\\/ac5001d2a36cb6c6cd3e50789007ffca834b477b74a2144564522e944eabff61?s=96&d=mm&r=g\",\"url\":\"https:\\\/\\\/secure.gravatar.com\\\/avatar\\\/ac5001d2a36cb6c6cd3e50789007ffca834b477b74a2144564522e944eabff61?s=96&d=mm&r=g\",\"contentUrl\":\"https:\\\/\\\/secure.gravatar.com\\\/avatar\\\/ac5001d2a36cb6c6cd3e50789007ffca834b477b74a2144564522e944eabff61?s=96&d=mm&r=g\",\"caption\":\"thomas.berner\"},\"url\":\"https:\\\/\\\/www.organisator.ch\\\/en\\\/author\\\/thomas-berner\\\/\"}]}<\/script>\n<!-- \/ Yoast SEO plugin. -->","yoast_head_json":{"title":"Occupational pension plan that really fits for SMEs - Organizer","description":"Occupational benefits: Tellco's extensive experience with solutions for SMEs demonstrates the clear need for flexible and secure pension fund solutions.","robots":{"index":"index","follow":"follow","max-snippet":"max-snippet:-1","max-image-preview":"max-image-preview:large","max-video-preview":"max-video-preview:-1"},"canonical":"https:\/\/www.organisator.ch\/en\/management\/finanzen_recht\/2021-05-27\/berufliche-vorsorge-die-wirklich-passt-fuer-kmu\/","og_locale":"en_US","og_type":"article","og_title":"Berufliche Vorsorge, die wirklich passt f\u00fcr KMU","og_description":"Berufliche Vorsorge: Die grosse Erfahrung der Tellco mit L\u00f6sungen f\u00fcr KMU zeigt das deutliche Bed\u00fcrfnis nach flexiblen und sicheren Pensionskassenl\u00f6sungen.","og_url":"https:\/\/www.organisator.ch\/en\/management\/finanzen_recht\/2021-05-27\/berufliche-vorsorge-die-wirklich-passt-fuer-kmu\/","og_site_name":"Organisator","article_publisher":"https:\/\/www.facebook.com\/OrganisatorFachmagazin","article_published_time":"2021-05-27T15:05:04+00:00","og_image":[{"width":680,"height":453,"url":"https:\/\/www.organisator.ch\/wp-content\/uploads\/2021\/05\/Berufliche-Vorsorge-die-wirklich-passt-fuer-KMU_Organisator.jpg","type":"image\/jpeg"}],"author":"thomas.berner","twitter_card":"summary_large_image","twitter_title":"#BeruflicheVorsorge, die wirklich passt f\u00fcr #KMU","twitter_description":"Berufliche Vorsorge: Die grosse Erfahrung der #Tellco mit L\u00f6sungen f\u00fcr KMU zeigt das deutliche Bed\u00fcrfnis nach flexiblen und sicheren #Pensionskassenl\u00f6sungen.","twitter_image":"https:\/\/www.organisator.ch\/wp-content\/uploads\/2021\/05\/Berufliche-Vorsorge-die-wirklich-passt-fuer-KMU_Organisator.jpg","schema":{"@context":"https:\/\/schema.org","@graph":[{"@type":"Article","@id":"https:\/\/www.organisator.ch\/management\/finanzen_recht\/2021-05-27\/berufliche-vorsorge-die-wirklich-passt-fuer-kmu\/#article","isPartOf":{"@id":"https:\/\/www.organisator.ch\/management\/finanzen_recht\/2021-05-27\/berufliche-vorsorge-die-wirklich-passt-fuer-kmu\/"},"author":{"name":"thomas.berner","@id":"https:\/\/www.organisator.ch\/#\/schema\/person\/6f650f90b2842cd4c0cc334b4e36f67e"},"headline":"Berufliche Vorsorge, die wirklich passt f\u00fcr KMU","datePublished":"2021-05-27T15:05:04+00:00","mainEntityOfPage":{"@id":"https:\/\/www.organisator.ch\/management\/finanzen_recht\/2021-05-27\/berufliche-vorsorge-die-wirklich-passt-fuer-kmu\/"},"wordCount":464,"publisher":{"@id":"https:\/\/www.organisator.ch\/#organization"},"image":{"@id":"https:\/\/www.organisator.ch\/management\/finanzen_recht\/2021-05-27\/berufliche-vorsorge-die-wirklich-passt-fuer-kmu\/#primaryimage"},"thumbnailUrl":"https:\/\/www.organisator.ch\/wp-content\/uploads\/2021\/05\/Berufliche-Vorsorge-die-wirklich-passt-fuer-KMU_Organisator.jpg","keywords":["Finanzen\/Recht","Management und Unternehmensf\u00fchrung","Pensionskassen","Vorsorge"],"articleSection":["FINANZEN\/RECHT"],"inLanguage":"en-US"},{"@type":"WebPage","@id":"https:\/\/www.organisator.ch\/management\/finanzen_recht\/2021-05-27\/berufliche-vorsorge-die-wirklich-passt-fuer-kmu\/","url":"https:\/\/www.organisator.ch\/management\/finanzen_recht\/2021-05-27\/berufliche-vorsorge-die-wirklich-passt-fuer-kmu\/","name":"Occupational pension plan that really fits for SMEs - Organizer","isPartOf":{"@id":"https:\/\/www.organisator.ch\/#website"},"primaryImageOfPage":{"@id":"https:\/\/www.organisator.ch\/management\/finanzen_recht\/2021-05-27\/berufliche-vorsorge-die-wirklich-passt-fuer-kmu\/#primaryimage"},"image":{"@id":"https:\/\/www.organisator.ch\/management\/finanzen_recht\/2021-05-27\/berufliche-vorsorge-die-wirklich-passt-fuer-kmu\/#primaryimage"},"thumbnailUrl":"https:\/\/www.organisator.ch\/wp-content\/uploads\/2021\/05\/Berufliche-Vorsorge-die-wirklich-passt-fuer-KMU_Organisator.jpg","datePublished":"2021-05-27T15:05:04+00:00","description":"Occupational benefits: Tellco's extensive experience with solutions for SMEs demonstrates the clear need for flexible and secure pension fund solutions.","breadcrumb":{"@id":"https:\/\/www.organisator.ch\/management\/finanzen_recht\/2021-05-27\/berufliche-vorsorge-die-wirklich-passt-fuer-kmu\/#breadcrumb"},"inLanguage":"en-US","potentialAction":[{"@type":"ReadAction","target":["https:\/\/www.organisator.ch\/management\/finanzen_recht\/2021-05-27\/berufliche-vorsorge-die-wirklich-passt-fuer-kmu\/"]}]},{"@type":"ImageObject","inLanguage":"en-US","@id":"https:\/\/www.organisator.ch\/management\/finanzen_recht\/2021-05-27\/berufliche-vorsorge-die-wirklich-passt-fuer-kmu\/#primaryimage","url":"https:\/\/www.organisator.ch\/wp-content\/uploads\/2021\/05\/Berufliche-Vorsorge-die-wirklich-passt-fuer-KMU_Organisator.jpg","contentUrl":"https:\/\/www.organisator.ch\/wp-content\/uploads\/2021\/05\/Berufliche-Vorsorge-die-wirklich-passt-fuer-KMU_Organisator.jpg","width":680,"height":453,"caption":"Berufliche Vorsorge: Was ben\u00f6tigen KMU in der beruflichen Vorsorge wirklich? Die langj\u00e4hrige Erfahrung der Tellco mit L\u00f6sungen f\u00fcr KMU zeigt das deutliche Bed\u00fcrfnis nach flexiblen und sicheren Pensionskassenl\u00f6sungen."},{"@type":"BreadcrumbList","@id":"https:\/\/www.organisator.ch\/management\/finanzen_recht\/2021-05-27\/berufliche-vorsorge-die-wirklich-passt-fuer-kmu\/#breadcrumb","itemListElement":[{"@type":"ListItem","position":1,"name":"Home","item":"https:\/\/www.organisator.ch\/"},{"@type":"ListItem","position":2,"name":"Berufliche Vorsorge, die wirklich passt f\u00fcr KMU"}]},{"@type":"WebSite","@id":"https:\/\/www.organisator.ch\/#website","url":"https:\/\/www.organisator.ch\/","name":"Organizer","description":"Competent. Practical. In 10 issues per year, ORGANISATOR presents the essential topics for managers of SMEs.","publisher":{"@id":"https:\/\/www.organisator.ch\/#organization"},"potentialAction":[{"@type":"SearchAction","target":{"@type":"EntryPoint","urlTemplate":"https:\/\/www.organisator.ch\/?s={search_term_string}"},"query-input":{"@type":"PropertyValueSpecification","valueRequired":true,"valueName":"search_term_string"}}],"inLanguage":"en-US"},{"@type":"Organization","@id":"https:\/\/www.organisator.ch\/#organization","name":"Organizer","url":"https:\/\/www.organisator.ch\/","logo":{"@type":"ImageObject","inLanguage":"en-US","@id":"https:\/\/www.organisator.ch\/#\/schema\/logo\/image\/","url":"https:\/\/www.organisator.ch\/wp-content\/uploads\/2022\/01\/Logo_Organisator_Website.png","contentUrl":"https:\/\/www.organisator.ch\/wp-content\/uploads\/2022\/01\/Logo_Organisator_Website.png","width":800,"height":77,"caption":"Organisator"},"image":{"@id":"https:\/\/www.organisator.ch\/#\/schema\/logo\/image\/"},"sameAs":["https:\/\/www.facebook.com\/OrganisatorFachmagazin","https:\/\/www.linkedin.com\/showcase\/organisator-das-magazin-fr-kmu","https:\/\/www.xing.com\/news\/pages\/organisator-ch-695","https:\/\/www.youtube.com\/channel\/UCGP2Sq0iWaZwT3BdIAQFYpw"]},{"@type":"Person","@id":"https:\/\/www.organisator.ch\/#\/schema\/person\/6f650f90b2842cd4c0cc334b4e36f67e","name":"thomas.berner","image":{"@type":"ImageObject","inLanguage":"en-US","@id":"https:\/\/secure.gravatar.com\/avatar\/ac5001d2a36cb6c6cd3e50789007ffca834b477b74a2144564522e944eabff61?s=96&d=mm&r=g","url":"https:\/\/secure.gravatar.com\/avatar\/ac5001d2a36cb6c6cd3e50789007ffca834b477b74a2144564522e944eabff61?s=96&d=mm&r=g","contentUrl":"https:\/\/secure.gravatar.com\/avatar\/ac5001d2a36cb6c6cd3e50789007ffca834b477b74a2144564522e944eabff61?s=96&d=mm&r=g","caption":"thomas.berner"},"url":"https:\/\/www.organisator.ch\/en\/author\/thomas-berner\/"}]}},"_links":{"self":[{"href":"https:\/\/www.organisator.ch\/en\/wp-json\/wp\/v2\/posts\/7980","targetHints":{"allow":["GET"]}}],"collection":[{"href":"https:\/\/www.organisator.ch\/en\/wp-json\/wp\/v2\/posts"}],"about":[{"href":"https:\/\/www.organisator.ch\/en\/wp-json\/wp\/v2\/types\/post"}],"author":[{"embeddable":true,"href":"https:\/\/www.organisator.ch\/en\/wp-json\/wp\/v2\/users\/4"}],"replies":[{"embeddable":true,"href":"https:\/\/www.organisator.ch\/en\/wp-json\/wp\/v2\/comments?post=7980"}],"version-history":[{"count":0,"href":"https:\/\/www.organisator.ch\/en\/wp-json\/wp\/v2\/posts\/7980\/revisions"}],"wp:featuredmedia":[{"embeddable":true,"href":"https:\/\/www.organisator.ch\/en\/wp-json\/wp\/v2\/media\/7981"}],"wp:attachment":[{"href":"https:\/\/www.organisator.ch\/en\/wp-json\/wp\/v2\/media?parent=7980"}],"wp:term":[{"taxonomy":"category","embeddable":true,"href":"https:\/\/www.organisator.ch\/en\/wp-json\/wp\/v2\/categories?post=7980"},{"taxonomy":"post_tag","embeddable":true,"href":"https:\/\/www.organisator.ch\/en\/wp-json\/wp\/v2\/tags?post=7980"}],"curies":[{"name":"wp","href":"https:\/\/api.w.org\/{rel}","templated":true}]}}