{"id":7985,"date":"2021-05-03T09:15:48","date_gmt":"2021-05-03T07:15:48","guid":{"rendered":"https:\/\/www.organisator.ch\/?p=7985"},"modified":"2021-05-03T09:15:48","modified_gmt":"2021-05-03T07:15:48","slug":"aging-workforce-foerdern-statt-abschreiben","status":"publish","type":"post","link":"https:\/\/www.organisator.ch\/en\/human-resources\/hrm\/2021-05-03\/aging-workforce-foerdern-statt-abschreiben\/","title":{"rendered":"Promote \"Aging Workforce\" instead of writing it off"},"content":{"rendered":"<figure id=\"attachment_7986\" aria-describedby=\"caption-attachment-7986\" style=\"width: 680px\" class=\"wp-caption alignnone\"><img loading=\"lazy\" decoding=\"async\" class=\"size-medium wp-image-7986\" src=\"https:\/\/www.organisator.ch\/wp-content\/uploads\/2021\/05\/Aging-Workforce-foerdern-statt-abschreiben_Organisator.jpg\" alt=\"\" width=\"680\" height=\"453\" srcset=\"https:\/\/www.organisator.ch\/wp-content\/uploads\/2021\/05\/Aging-Workforce-foerdern-statt-abschreiben_Organisator.jpg 680w, https:\/\/www.organisator.ch\/wp-content\/uploads\/2021\/05\/Aging-Workforce-foerdern-statt-abschreiben_Organisator-16x12.jpg 16w, https:\/\/www.organisator.ch\/wp-content\/uploads\/2021\/05\/Aging-Workforce-foerdern-statt-abschreiben_Organisator-263x175.jpg 263w, https:\/\/www.organisator.ch\/wp-content\/uploads\/2021\/05\/Aging-Workforce-foerdern-statt-abschreiben_Organisator-525x350.jpg 525w, https:\/\/www.organisator.ch\/wp-content\/uploads\/2021\/05\/Aging-Workforce-foerdern-statt-abschreiben_Organisator-300x200.jpg 300w\" sizes=\"auto, (max-width: 680px) 100vw, 680px\" \/><figcaption id=\"caption-attachment-7986\" class=\"wp-caption-text\">The \"aging workforce,\" i.e., employees over 50, must be used profitably. Intergenerationally relevant expertise must be secured and sustainably integrated. (Image: HWZ \/ zVg)<\/figcaption><\/figure>\n<p>The question of how the knowledge and experience of the \"aging workforce\" can be used profitably in companies was explored by Dr. Pamela Bethke, Matthias M\u00f6lleney and Daniela Strohmeier in a recent study at the Center for Human Resources &amp; Leadership at the HWZ. Using the example of the cantonal banks in German-speaking Switzerland, the study examined age management from the perspective of employees. Two thirds are satisfied with it. Just under 80% of those surveyed would like to see a retirement age of 60-65.<\/p>\n<h2>Preserve Aging Workforce<\/h2>\n<p>It is important for the aging workforce to remain in the workforce longer in order to transfer expertise to future generations as part of knowledge management. Cross-generational expertise and experience in heterogeneous teams are increasingly system-relevant factors for companies in globalized competition. The \"aging workforce\" - employees over the age of 50 - is thus the focus of attention, whose expertise and experience must be safeguarded even after individual retirement. The looming loss of knowledge due to demographic change and the associated wave of retirements pose major challenges for companies in Western industrialized nations. The demographic asymmetry in conjunction with the decreasing intergenerational knowledge transfer and the declining number of employed persons additionally intensifies the personnel competition, also and especially at the Swiss cantonal banks.<\/p>\n<h2><strong>Knowledge and experience assurance 50+<\/strong><\/h2>\n<p>In their HWZ Working Paper on the potentials of the \"Aging Workforce\", the authors state that their needs are driven less by financial aspects and more by flexibility and appreciation. \"The results of the study clearly show the economic and business benefits that can be gained by actively integrating the expertise and practical professional and life experience of employees over the age of 50, including for Swiss cantonal banks,\" emphasizes Matthias M\u00f6lleney, Head of the Center for Human Resources Management &amp; Leadership at the HWZ Hochschule f\u00fcr Wirtschaft Z\u00fcrich. Retirements too often destroy valuable practical experience, while the timely and intergenerational transfer of knowledge creates competitive advantages.<\/p>\n<h2>Action-oriented recommendations<\/h2>\n<p>The global pressure to innovate is a key challenge for companies with a workforce that tends to be older. Generations that have been socialized differently by technological change often bring values and expectations to the work process that could not be more different. Intergenerationally relevant expertise must be secured and sustainably dovetailed. Swiss companies must integrate the \"aging workforce\" even more strongly into corresponding personnel processes. The study by Dr. Pamela Bethke, Matthias M\u00f6lleney and Daniela Strohmeier provides action-oriented recommendations for this.<\/p>\n<p><em>Source and further information: <a href=\"http:\/\/www.fh-hwz.ch\">www.fh-hwz.ch<\/a><\/em><\/p>\n<p>&nbsp;<\/p>","protected":false},"excerpt":{"rendered":"<p>Der Frage, wie das Wissen und die Erfahrung der &#8222;Aging Workforce&#8220; in Unternehmen gewinnbringend eingesetzt werden kann, sind Dr. Pamela Bethke, Matthias M\u00f6lleney und Daniela Strohmeier in einer aktuellen Studie am Center for Human Resources &amp; Leadership der HWZ nachgegangen. Am Beispiel der Kantonalbanken in der Deutschschweiz wurde das Altersmanagement aus der Sicht der Mitarbeitenden [&hellip;]<\/p>\n","protected":false},"author":4,"featured_media":7986,"comment_status":"closed","ping_status":"closed","sticky":false,"template":"","format":"standard","meta":{"_acf_changed":false,"_yoast_wpseo_focuskw":"Aging Workforce","_yoast_wpseo_metadesc":"Die \"Aging Workforce\" verf\u00fcgt \u00fcber langj\u00e4hriges Erfahrungswissen. Wie aber kann dieses Wissen aktiviert, gemanagt und gewinnbringend eingesetzt werden?","articlekey":"","footnotes":""},"categories":[26],"tags":[31,159,254,459],"class_list":["post-7985","post","type-post","status-publish","format-standard","has-post-thumbnail","hentry","category-hrm","tag-31","tag-diversity","tag-hrm","tag-studie"],"acf":[],"yoast_head":"<!-- This site is optimized with the Yoast SEO plugin v27.4 - https:\/\/yoast.com\/product\/yoast-seo-wordpress\/ -->\n<title>\u201eAging Workforce\u201c f\u00f6rdern, statt abschreiben - Organisator<\/title>\n<meta name=\"description\" content=\"Die &quot;Aging Workforce&quot; verf\u00fcgt \u00fcber langj\u00e4hriges Erfahrungswissen. Wie aber kann dieses Wissen aktiviert, gemanagt und gewinnbringend eingesetzt werden?\" \/>\n<meta name=\"robots\" content=\"index, follow, max-snippet:-1, max-image-preview:large, max-video-preview:-1\" \/>\n<link rel=\"canonical\" href=\"https:\/\/www.organisator.ch\/en\/human-resources\/hrm\/2021-05-03\/aging-workforce-foerdern-statt-abschreiben\/\" \/>\n<meta property=\"og:locale\" content=\"en_US\" \/>\n<meta property=\"og:type\" content=\"article\" \/>\n<meta property=\"og:title\" content=\"\u201eAging Workforce\u201c f\u00f6rdern, statt abschreiben\" \/>\n<meta property=\"og:description\" content=\"Die &quot;Aging Workforce&quot; verf\u00fcgt \u00fcber langj\u00e4hriges Erfahrungswissen. Wie aber kann dieses Wissen aktiviert, gemanagt und gewinnbringend eingesetzt werden?\" \/>\n<meta property=\"og:url\" content=\"https:\/\/www.organisator.ch\/en\/human-resources\/hrm\/2021-05-03\/aging-workforce-foerdern-statt-abschreiben\/\" \/>\n<meta property=\"og:site_name\" content=\"Organisator\" \/>\n<meta property=\"article:publisher\" content=\"https:\/\/www.facebook.com\/OrganisatorFachmagazin\" \/>\n<meta property=\"article:published_time\" content=\"2021-05-03T07:15:48+00:00\" \/>\n<meta property=\"og:image\" content=\"https:\/\/www.organisator.ch\/wp-content\/uploads\/2021\/05\/Aging-Workforce-foerdern-statt-abschreiben_Organisator.jpg\" \/>\n\t<meta property=\"og:image:width\" content=\"680\" \/>\n\t<meta property=\"og:image:height\" content=\"453\" \/>\n\t<meta property=\"og:image:type\" content=\"image\/jpeg\" \/>\n<meta name=\"author\" content=\"thomas.berner\" \/>\n<meta name=\"twitter:card\" content=\"summary_large_image\" \/>\n<meta name=\"twitter:title\" content=\"\u201eAging #Workforce\u201c f\u00f6rdern, statt abschreiben\" \/>\n<meta name=\"twitter:description\" content=\"Die &quot;Aging #Workforce&quot; verf\u00fcgt \u00fcber langj\u00e4hriges #Erfahrungswissen. Wie aber kann dieses Wissen aktiviert, gemanagt und gewinnbringend eingesetzt werden?\" \/>\n<meta name=\"twitter:image\" content=\"https:\/\/www.organisator.ch\/wp-content\/uploads\/2021\/05\/Aging-Workforce-foerdern-statt-abschreiben_Organisator.jpg\" \/>\n<script type=\"application\/ld+json\" class=\"yoast-schema-graph\">{\"@context\":\"https:\\\/\\\/schema.org\",\"@graph\":[{\"@type\":\"Article\",\"@id\":\"https:\\\/\\\/www.organisator.ch\\\/human-resources\\\/hrm\\\/2021-05-03\\\/aging-workforce-foerdern-statt-abschreiben\\\/#article\",\"isPartOf\":{\"@id\":\"https:\\\/\\\/www.organisator.ch\\\/human-resources\\\/hrm\\\/2021-05-03\\\/aging-workforce-foerdern-statt-abschreiben\\\/\"},\"author\":{\"name\":\"thomas.berner\",\"@id\":\"https:\\\/\\\/www.organisator.ch\\\/#\\\/schema\\\/person\\\/6f650f90b2842cd4c0cc334b4e36f67e\"},\"headline\":\"\u201eAging Workforce\u201c f\u00f6rdern, statt abschreiben\",\"datePublished\":\"2021-05-03T07:15:48+00:00\",\"mainEntityOfPage\":{\"@id\":\"https:\\\/\\\/www.organisator.ch\\\/human-resources\\\/hrm\\\/2021-05-03\\\/aging-workforce-foerdern-statt-abschreiben\\\/\"},\"wordCount\":428,\"publisher\":{\"@id\":\"https:\\\/\\\/www.organisator.ch\\\/#organization\"},\"image\":{\"@id\":\"https:\\\/\\\/www.organisator.ch\\\/human-resources\\\/hrm\\\/2021-05-03\\\/aging-workforce-foerdern-statt-abschreiben\\\/#primaryimage\"},\"thumbnailUrl\":\"https:\\\/\\\/www.organisator.ch\\\/wp-content\\\/uploads\\\/2021\\\/05\\\/Aging-Workforce-foerdern-statt-abschreiben_Organisator.jpg\",\"keywords\":[\"50+\",\"Diversity\",\"HRM\",\"Studie\"],\"articleSection\":[\"HRM\"],\"inLanguage\":\"en-US\"},{\"@type\":\"WebPage\",\"@id\":\"https:\\\/\\\/www.organisator.ch\\\/human-resources\\\/hrm\\\/2021-05-03\\\/aging-workforce-foerdern-statt-abschreiben\\\/\",\"url\":\"https:\\\/\\\/www.organisator.ch\\\/human-resources\\\/hrm\\\/2021-05-03\\\/aging-workforce-foerdern-statt-abschreiben\\\/\",\"name\":\"\u201eAging Workforce\u201c f\u00f6rdern, statt abschreiben - Organisator\",\"isPartOf\":{\"@id\":\"https:\\\/\\\/www.organisator.ch\\\/#website\"},\"primaryImageOfPage\":{\"@id\":\"https:\\\/\\\/www.organisator.ch\\\/human-resources\\\/hrm\\\/2021-05-03\\\/aging-workforce-foerdern-statt-abschreiben\\\/#primaryimage\"},\"image\":{\"@id\":\"https:\\\/\\\/www.organisator.ch\\\/human-resources\\\/hrm\\\/2021-05-03\\\/aging-workforce-foerdern-statt-abschreiben\\\/#primaryimage\"},\"thumbnailUrl\":\"https:\\\/\\\/www.organisator.ch\\\/wp-content\\\/uploads\\\/2021\\\/05\\\/Aging-Workforce-foerdern-statt-abschreiben_Organisator.jpg\",\"datePublished\":\"2021-05-03T07:15:48+00:00\",\"description\":\"Die \\\"Aging Workforce\\\" verf\u00fcgt \u00fcber langj\u00e4hriges Erfahrungswissen. Wie aber kann dieses Wissen aktiviert, gemanagt und gewinnbringend eingesetzt werden?\",\"breadcrumb\":{\"@id\":\"https:\\\/\\\/www.organisator.ch\\\/human-resources\\\/hrm\\\/2021-05-03\\\/aging-workforce-foerdern-statt-abschreiben\\\/#breadcrumb\"},\"inLanguage\":\"en-US\",\"potentialAction\":[{\"@type\":\"ReadAction\",\"target\":[\"https:\\\/\\\/www.organisator.ch\\\/human-resources\\\/hrm\\\/2021-05-03\\\/aging-workforce-foerdern-statt-abschreiben\\\/\"]}]},{\"@type\":\"ImageObject\",\"inLanguage\":\"en-US\",\"@id\":\"https:\\\/\\\/www.organisator.ch\\\/human-resources\\\/hrm\\\/2021-05-03\\\/aging-workforce-foerdern-statt-abschreiben\\\/#primaryimage\",\"url\":\"https:\\\/\\\/www.organisator.ch\\\/wp-content\\\/uploads\\\/2021\\\/05\\\/Aging-Workforce-foerdern-statt-abschreiben_Organisator.jpg\",\"contentUrl\":\"https:\\\/\\\/www.organisator.ch\\\/wp-content\\\/uploads\\\/2021\\\/05\\\/Aging-Workforce-foerdern-statt-abschreiben_Organisator.jpg\",\"width\":680,\"height\":453,\"caption\":\"Die \\\"Aging Workforce\\\", also Arbeitnehmende \u00fcber 50, gilt es gewinnbringend einzusetzen. Intergenerativ relevantes Fachwissen muss dabei gesichert und nachhaltig verzahnt werden. (Bild: HWZ \\\/ zVg)\"},{\"@type\":\"BreadcrumbList\",\"@id\":\"https:\\\/\\\/www.organisator.ch\\\/human-resources\\\/hrm\\\/2021-05-03\\\/aging-workforce-foerdern-statt-abschreiben\\\/#breadcrumb\",\"itemListElement\":[{\"@type\":\"ListItem\",\"position\":1,\"name\":\"Home\",\"item\":\"https:\\\/\\\/www.organisator.ch\\\/\"},{\"@type\":\"ListItem\",\"position\":2,\"name\":\"\u201eAging Workforce\u201c f\u00f6rdern, statt abschreiben\"}]},{\"@type\":\"WebSite\",\"@id\":\"https:\\\/\\\/www.organisator.ch\\\/#website\",\"url\":\"https:\\\/\\\/www.organisator.ch\\\/\",\"name\":\"Organisator\",\"description\":\"Kompetent. Praxisnah. Der ORGANISATOR bereitet in 10 Ausgaben pro Jahr die wesentlichen Themen f\u00fcr F\u00fchrungskr\u00e4fte von KMU auf.\",\"publisher\":{\"@id\":\"https:\\\/\\\/www.organisator.ch\\\/#organization\"},\"potentialAction\":[{\"@type\":\"SearchAction\",\"target\":{\"@type\":\"EntryPoint\",\"urlTemplate\":\"https:\\\/\\\/www.organisator.ch\\\/?s={search_term_string}\"},\"query-input\":{\"@type\":\"PropertyValueSpecification\",\"valueRequired\":true,\"valueName\":\"search_term_string\"}}],\"inLanguage\":\"en-US\"},{\"@type\":\"Organization\",\"@id\":\"https:\\\/\\\/www.organisator.ch\\\/#organization\",\"name\":\"Organisator\",\"url\":\"https:\\\/\\\/www.organisator.ch\\\/\",\"logo\":{\"@type\":\"ImageObject\",\"inLanguage\":\"en-US\",\"@id\":\"https:\\\/\\\/www.organisator.ch\\\/#\\\/schema\\\/logo\\\/image\\\/\",\"url\":\"https:\\\/\\\/www.organisator.ch\\\/wp-content\\\/uploads\\\/2022\\\/01\\\/Logo_Organisator_Website.png\",\"contentUrl\":\"https:\\\/\\\/www.organisator.ch\\\/wp-content\\\/uploads\\\/2022\\\/01\\\/Logo_Organisator_Website.png\",\"width\":800,\"height\":77,\"caption\":\"Organisator\"},\"image\":{\"@id\":\"https:\\\/\\\/www.organisator.ch\\\/#\\\/schema\\\/logo\\\/image\\\/\"},\"sameAs\":[\"https:\\\/\\\/www.facebook.com\\\/OrganisatorFachmagazin\",\"https:\\\/\\\/www.linkedin.com\\\/showcase\\\/organisator-das-magazin-fr-kmu\",\"https:\\\/\\\/www.xing.com\\\/news\\\/pages\\\/organisator-ch-695\",\"https:\\\/\\\/www.youtube.com\\\/channel\\\/UCGP2Sq0iWaZwT3BdIAQFYpw\"]},{\"@type\":\"Person\",\"@id\":\"https:\\\/\\\/www.organisator.ch\\\/#\\\/schema\\\/person\\\/6f650f90b2842cd4c0cc334b4e36f67e\",\"name\":\"thomas.berner\",\"image\":{\"@type\":\"ImageObject\",\"inLanguage\":\"en-US\",\"@id\":\"https:\\\/\\\/secure.gravatar.com\\\/avatar\\\/ac5001d2a36cb6c6cd3e50789007ffca834b477b74a2144564522e944eabff61?s=96&d=mm&r=g\",\"url\":\"https:\\\/\\\/secure.gravatar.com\\\/avatar\\\/ac5001d2a36cb6c6cd3e50789007ffca834b477b74a2144564522e944eabff61?s=96&d=mm&r=g\",\"contentUrl\":\"https:\\\/\\\/secure.gravatar.com\\\/avatar\\\/ac5001d2a36cb6c6cd3e50789007ffca834b477b74a2144564522e944eabff61?s=96&d=mm&r=g\",\"caption\":\"thomas.berner\"},\"url\":\"https:\\\/\\\/www.organisator.ch\\\/en\\\/author\\\/thomas-berner\\\/\"}]}<\/script>\n<!-- \/ Yoast SEO plugin. -->","yoast_head_json":{"title":"\"Encourage Aging Workforce, Instead of Writing It Off - Organizer.","description":"The aging workforce has many years of experience at its disposal. But how can this knowledge be activated, managed and used profitably?","robots":{"index":"index","follow":"follow","max-snippet":"max-snippet:-1","max-image-preview":"max-image-preview:large","max-video-preview":"max-video-preview:-1"},"canonical":"https:\/\/www.organisator.ch\/en\/human-resources\/hrm\/2021-05-03\/aging-workforce-foerdern-statt-abschreiben\/","og_locale":"en_US","og_type":"article","og_title":"\u201eAging Workforce\u201c f\u00f6rdern, statt abschreiben","og_description":"Die \"Aging Workforce\" verf\u00fcgt \u00fcber langj\u00e4hriges Erfahrungswissen. Wie aber kann dieses Wissen aktiviert, gemanagt und gewinnbringend eingesetzt werden?","og_url":"https:\/\/www.organisator.ch\/en\/human-resources\/hrm\/2021-05-03\/aging-workforce-foerdern-statt-abschreiben\/","og_site_name":"Organisator","article_publisher":"https:\/\/www.facebook.com\/OrganisatorFachmagazin","article_published_time":"2021-05-03T07:15:48+00:00","og_image":[{"width":680,"height":453,"url":"https:\/\/www.organisator.ch\/wp-content\/uploads\/2021\/05\/Aging-Workforce-foerdern-statt-abschreiben_Organisator.jpg","type":"image\/jpeg"}],"author":"thomas.berner","twitter_card":"summary_large_image","twitter_title":"\u201eAging #Workforce\u201c f\u00f6rdern, statt abschreiben","twitter_description":"Die \"Aging #Workforce\" verf\u00fcgt \u00fcber langj\u00e4hriges #Erfahrungswissen. Wie aber kann dieses Wissen aktiviert, gemanagt und gewinnbringend eingesetzt werden?","twitter_image":"https:\/\/www.organisator.ch\/wp-content\/uploads\/2021\/05\/Aging-Workforce-foerdern-statt-abschreiben_Organisator.jpg","schema":{"@context":"https:\/\/schema.org","@graph":[{"@type":"Article","@id":"https:\/\/www.organisator.ch\/human-resources\/hrm\/2021-05-03\/aging-workforce-foerdern-statt-abschreiben\/#article","isPartOf":{"@id":"https:\/\/www.organisator.ch\/human-resources\/hrm\/2021-05-03\/aging-workforce-foerdern-statt-abschreiben\/"},"author":{"name":"thomas.berner","@id":"https:\/\/www.organisator.ch\/#\/schema\/person\/6f650f90b2842cd4c0cc334b4e36f67e"},"headline":"\u201eAging Workforce\u201c f\u00f6rdern, statt abschreiben","datePublished":"2021-05-03T07:15:48+00:00","mainEntityOfPage":{"@id":"https:\/\/www.organisator.ch\/human-resources\/hrm\/2021-05-03\/aging-workforce-foerdern-statt-abschreiben\/"},"wordCount":428,"publisher":{"@id":"https:\/\/www.organisator.ch\/#organization"},"image":{"@id":"https:\/\/www.organisator.ch\/human-resources\/hrm\/2021-05-03\/aging-workforce-foerdern-statt-abschreiben\/#primaryimage"},"thumbnailUrl":"https:\/\/www.organisator.ch\/wp-content\/uploads\/2021\/05\/Aging-Workforce-foerdern-statt-abschreiben_Organisator.jpg","keywords":["50+","Diversity","HRM","Studie"],"articleSection":["HRM"],"inLanguage":"en-US"},{"@type":"WebPage","@id":"https:\/\/www.organisator.ch\/human-resources\/hrm\/2021-05-03\/aging-workforce-foerdern-statt-abschreiben\/","url":"https:\/\/www.organisator.ch\/human-resources\/hrm\/2021-05-03\/aging-workforce-foerdern-statt-abschreiben\/","name":"\"Encourage Aging Workforce, Instead of Writing It Off - Organizer.","isPartOf":{"@id":"https:\/\/www.organisator.ch\/#website"},"primaryImageOfPage":{"@id":"https:\/\/www.organisator.ch\/human-resources\/hrm\/2021-05-03\/aging-workforce-foerdern-statt-abschreiben\/#primaryimage"},"image":{"@id":"https:\/\/www.organisator.ch\/human-resources\/hrm\/2021-05-03\/aging-workforce-foerdern-statt-abschreiben\/#primaryimage"},"thumbnailUrl":"https:\/\/www.organisator.ch\/wp-content\/uploads\/2021\/05\/Aging-Workforce-foerdern-statt-abschreiben_Organisator.jpg","datePublished":"2021-05-03T07:15:48+00:00","description":"The aging workforce has many years of experience at its disposal. But how can this knowledge be activated, managed and used profitably?","breadcrumb":{"@id":"https:\/\/www.organisator.ch\/human-resources\/hrm\/2021-05-03\/aging-workforce-foerdern-statt-abschreiben\/#breadcrumb"},"inLanguage":"en-US","potentialAction":[{"@type":"ReadAction","target":["https:\/\/www.organisator.ch\/human-resources\/hrm\/2021-05-03\/aging-workforce-foerdern-statt-abschreiben\/"]}]},{"@type":"ImageObject","inLanguage":"en-US","@id":"https:\/\/www.organisator.ch\/human-resources\/hrm\/2021-05-03\/aging-workforce-foerdern-statt-abschreiben\/#primaryimage","url":"https:\/\/www.organisator.ch\/wp-content\/uploads\/2021\/05\/Aging-Workforce-foerdern-statt-abschreiben_Organisator.jpg","contentUrl":"https:\/\/www.organisator.ch\/wp-content\/uploads\/2021\/05\/Aging-Workforce-foerdern-statt-abschreiben_Organisator.jpg","width":680,"height":453,"caption":"Die \"Aging Workforce\", also Arbeitnehmende \u00fcber 50, gilt es gewinnbringend einzusetzen. Intergenerativ relevantes Fachwissen muss dabei gesichert und nachhaltig verzahnt werden. (Bild: HWZ \/ zVg)"},{"@type":"BreadcrumbList","@id":"https:\/\/www.organisator.ch\/human-resources\/hrm\/2021-05-03\/aging-workforce-foerdern-statt-abschreiben\/#breadcrumb","itemListElement":[{"@type":"ListItem","position":1,"name":"Home","item":"https:\/\/www.organisator.ch\/"},{"@type":"ListItem","position":2,"name":"\u201eAging Workforce\u201c f\u00f6rdern, statt abschreiben"}]},{"@type":"WebSite","@id":"https:\/\/www.organisator.ch\/#website","url":"https:\/\/www.organisator.ch\/","name":"Organizer","description":"Competent. Practical. In 10 issues per year, ORGANISATOR presents the essential topics for managers of SMEs.","publisher":{"@id":"https:\/\/www.organisator.ch\/#organization"},"potentialAction":[{"@type":"SearchAction","target":{"@type":"EntryPoint","urlTemplate":"https:\/\/www.organisator.ch\/?s={search_term_string}"},"query-input":{"@type":"PropertyValueSpecification","valueRequired":true,"valueName":"search_term_string"}}],"inLanguage":"en-US"},{"@type":"Organization","@id":"https:\/\/www.organisator.ch\/#organization","name":"Organizer","url":"https:\/\/www.organisator.ch\/","logo":{"@type":"ImageObject","inLanguage":"en-US","@id":"https:\/\/www.organisator.ch\/#\/schema\/logo\/image\/","url":"https:\/\/www.organisator.ch\/wp-content\/uploads\/2022\/01\/Logo_Organisator_Website.png","contentUrl":"https:\/\/www.organisator.ch\/wp-content\/uploads\/2022\/01\/Logo_Organisator_Website.png","width":800,"height":77,"caption":"Organisator"},"image":{"@id":"https:\/\/www.organisator.ch\/#\/schema\/logo\/image\/"},"sameAs":["https:\/\/www.facebook.com\/OrganisatorFachmagazin","https:\/\/www.linkedin.com\/showcase\/organisator-das-magazin-fr-kmu","https:\/\/www.xing.com\/news\/pages\/organisator-ch-695","https:\/\/www.youtube.com\/channel\/UCGP2Sq0iWaZwT3BdIAQFYpw"]},{"@type":"Person","@id":"https:\/\/www.organisator.ch\/#\/schema\/person\/6f650f90b2842cd4c0cc334b4e36f67e","name":"thomas.berner","image":{"@type":"ImageObject","inLanguage":"en-US","@id":"https:\/\/secure.gravatar.com\/avatar\/ac5001d2a36cb6c6cd3e50789007ffca834b477b74a2144564522e944eabff61?s=96&d=mm&r=g","url":"https:\/\/secure.gravatar.com\/avatar\/ac5001d2a36cb6c6cd3e50789007ffca834b477b74a2144564522e944eabff61?s=96&d=mm&r=g","contentUrl":"https:\/\/secure.gravatar.com\/avatar\/ac5001d2a36cb6c6cd3e50789007ffca834b477b74a2144564522e944eabff61?s=96&d=mm&r=g","caption":"thomas.berner"},"url":"https:\/\/www.organisator.ch\/en\/author\/thomas-berner\/"}]}},"_links":{"self":[{"href":"https:\/\/www.organisator.ch\/en\/wp-json\/wp\/v2\/posts\/7985","targetHints":{"allow":["GET"]}}],"collection":[{"href":"https:\/\/www.organisator.ch\/en\/wp-json\/wp\/v2\/posts"}],"about":[{"href":"https:\/\/www.organisator.ch\/en\/wp-json\/wp\/v2\/types\/post"}],"author":[{"embeddable":true,"href":"https:\/\/www.organisator.ch\/en\/wp-json\/wp\/v2\/users\/4"}],"replies":[{"embeddable":true,"href":"https:\/\/www.organisator.ch\/en\/wp-json\/wp\/v2\/comments?post=7985"}],"version-history":[{"count":0,"href":"https:\/\/www.organisator.ch\/en\/wp-json\/wp\/v2\/posts\/7985\/revisions"}],"wp:featuredmedia":[{"embeddable":true,"href":"https:\/\/www.organisator.ch\/en\/wp-json\/wp\/v2\/media\/7986"}],"wp:attachment":[{"href":"https:\/\/www.organisator.ch\/en\/wp-json\/wp\/v2\/media?parent=7985"}],"wp:term":[{"taxonomy":"category","embeddable":true,"href":"https:\/\/www.organisator.ch\/en\/wp-json\/wp\/v2\/categories?post=7985"},{"taxonomy":"post_tag","embeddable":true,"href":"https:\/\/www.organisator.ch\/en\/wp-json\/wp\/v2\/tags?post=7985"}],"curies":[{"name":"wp","href":"https:\/\/api.w.org\/{rel}","templated":true}]}}