{"id":7994,"date":"2021-05-05T16:05:41","date_gmt":"2021-05-05T14:05:41","guid":{"rendered":"https:\/\/www.organisator.ch\/?p=7994"},"modified":"2021-05-05T16:05:41","modified_gmt":"2021-05-05T14:05:41","slug":"gobigname-expandiert-unternehmen-zu-globalen-marken-machen","status":"publish","type":"post","link":"https:\/\/www.organisator.ch\/en\/marketing\/2021-05-05\/gobigname-expandiert-unternehmen-zu-globalen-marken-machen\/","title":{"rendered":"GoBigname expands - turning companies into global brands"},"content":{"rendered":"<figure id=\"attachment_7995\" aria-describedby=\"caption-attachment-7995\" style=\"width: 680px\" class=\"wp-caption alignnone\"><img loading=\"lazy\" decoding=\"async\" class=\"size-medium wp-image-7995\" src=\"https:\/\/www.organisator.ch\/wp-content\/uploads\/2021\/05\/GoBigname-expandiert-Unternehmen-zu-globalen-Marken-machen-1_Organisator.jpg\" alt=\"\" width=\"680\" height=\"383\" srcset=\"https:\/\/www.organisator.ch\/wp-content\/uploads\/2021\/05\/GoBigname-expandiert-Unternehmen-zu-globalen-Marken-machen-1_Organisator.jpg 680w, https:\/\/www.organisator.ch\/wp-content\/uploads\/2021\/05\/GoBigname-expandiert-Unternehmen-zu-globalen-Marken-machen-1_Organisator-16x9.jpg 16w, https:\/\/www.organisator.ch\/wp-content\/uploads\/2021\/05\/GoBigname-expandiert-Unternehmen-zu-globalen-Marken-machen-1_Organisator-311x175.jpg 311w, https:\/\/www.organisator.ch\/wp-content\/uploads\/2021\/05\/GoBigname-expandiert-Unternehmen-zu-globalen-Marken-machen-1_Organisator-621x350.jpg 621w, https:\/\/www.organisator.ch\/wp-content\/uploads\/2021\/05\/GoBigname-expandiert-Unternehmen-zu-globalen-Marken-machen-1_Organisator-300x169.jpg 300w\" sizes=\"auto, (max-width: 680px) 100vw, 680px\" \/><figcaption id=\"caption-attachment-7995\" class=\"wp-caption-text\">This is what \"big\" brands look like: GoBigname has already helped many startups achieve an international brand presence. (Image: zVg)<\/figcaption><\/figure>\n<p>How do you create a suitable brand and a successful image, a brand presence that also meets international standards? As part of a qualitative project study conducted with students from the Lucerne University of Applied Sciences and Arts, several Swiss startups and SMEs were interviewed. \"We found out that many Swiss companies neglect basic things like the cultural and linguistic review of their future name or visual identity,\" explains Michal Pastier, co-founder of GoBigname. This company develops verbal and visual corporate, product, service and technology identities for startups and SMEs. Since 2015, the Bratislava-based company has become a national market leader and now counts many international companies among its customers and is now coming to Switzerland.<\/p>\n<h2>Why you should leave the naming to the professionals<\/h2>\n<p>The results of the aforementioned study also show that time and monetary bottlenecks are decisive factors in companies frequently relying on in-house production or freelancers. In the long run, this entails various risks. As a rule, brands are not flexible enough when their customer base changes or when the application areas of products or services expand. Based on these findings, the onboarding process for customers has been optimized to the essentials, thus minimizing the time required of customers and offering more attractive conditions.<\/p>\n<p>\"We believe that every startup and SME should have access to professional branding services. These should not only be reserved for large companies. We are happy that with Andreas we have someone in Switzerland who shares the same mission,\" adds Michal.<\/p>\n<h2><strong>Global success through long-term thinking<\/strong><\/h2>\n<p>GoBigname led the creation of brands with a long-term branding approach. Exponea, a fast-growing software company with market value growth from \u20ac2 million to \u20ac200+ million, and e-commerce company Berlin Brands Group, with more than 3 million products sold and 2020 revenue of \u20ac334 million, are among its clients. The studio is also behind the brand refresh of Slido, the global Q&amp;A platform used by more than 45 million event attendees.<\/p>\n<figure id=\"attachment_7996\" aria-describedby=\"caption-attachment-7996\" style=\"width: 680px\" class=\"wp-caption alignnone\"><img loading=\"lazy\" decoding=\"async\" class=\"size-medium wp-image-7996\" src=\"https:\/\/www.organisator.ch\/wp-content\/uploads\/2021\/05\/GoBigname-expandiert-Unternehmen-zu-globalen-Marken-machen-2_Organisator.jpg\" alt=\"\" width=\"680\" height=\"482\" srcset=\"https:\/\/www.organisator.ch\/wp-content\/uploads\/2021\/05\/GoBigname-expandiert-Unternehmen-zu-globalen-Marken-machen-2_Organisator.jpg 680w, https:\/\/www.organisator.ch\/wp-content\/uploads\/2021\/05\/GoBigname-expandiert-Unternehmen-zu-globalen-Marken-machen-2_Organisator-16x12.jpg 16w, https:\/\/www.organisator.ch\/wp-content\/uploads\/2021\/05\/GoBigname-expandiert-Unternehmen-zu-globalen-Marken-machen-2_Organisator-247x175.jpg 247w, https:\/\/www.organisator.ch\/wp-content\/uploads\/2021\/05\/GoBigname-expandiert-Unternehmen-zu-globalen-Marken-machen-2_Organisator-494x350.jpg 494w, https:\/\/www.organisator.ch\/wp-content\/uploads\/2021\/05\/GoBigname-expandiert-Unternehmen-zu-globalen-Marken-machen-2_Organisator-300x213.jpg 300w\" sizes=\"auto, (max-width: 680px) 100vw, 680px\" \/><figcaption id=\"caption-attachment-7996\" class=\"wp-caption-text\">GoBigname is now also active in Switzerland: Michal Pastier (left) and Andreas Kistler. (Image: zVg)<\/figcaption><\/figure>\n<h2><strong>GoBigname wants to activate the \"Next Big Thing\" brands<\/strong><\/h2>\n<p>GoBigname deliberately positions itself as a specialized studio for naming, branding and trademarks. \"We are not a full-service provider that covers all marketing and communications disciplines. We are sometimes referred to as a 'pre-advertising studio' because we create the foundation for consistent and effective communications for our clients.\" With Michal - the advertising and creative head who has won over 200 awards - we have an owner who still works on every project and offers our customers immense added value with his 15 years of experience\" adds Account Manager Andreas Kistler. With a strong partner network, projects can also be carried out that require additional services outside GoBigname's core competence, the company further informs.<\/p>\n<p><a href=\"https:\/\/www.gobigname.com\/en\"><em>Source and further information<\/em><\/a><\/p>","protected":false},"excerpt":{"rendered":"<p>Wie kreiert man einen passenden Brand und ein erfolgreiches Erscheinungsbild, einen Markenauftritt, der auch internationalen Anspr\u00fcchen gen\u00fcgt? Im Rahmen einer mit Studenten der Hochschule Luzern durchgef\u00fchrten qualitativen Projektstudie wurden mehrere Schweizer Startups und KMUs befragt. &#8222;Wir haben herausgefunden, dass viele Schweizer Unternehmen Grundlegendes wie die kulturelle und sprachliche \u00dcberpr\u00fcfung ihres zuk\u00fcnftigen Namens oder ihrer visuellen [&hellip;]<\/p>\n","protected":false},"author":4,"featured_media":7995,"comment_status":"closed","ping_status":"closed","sticky":false,"template":"","format":"standard","meta":{"_acf_changed":false,"_yoast_wpseo_focuskw":"GoBigname","_yoast_wpseo_metadesc":"Das internationale Naming- und Branding-Studio GoBigname bietet ab sofort seine Dienstleistungen offiziell in der Schweiz an.","articlekey":"","footnotes":""},"categories":[29],"tags":[91,339,492],"class_list":["post-7994","post","type-post","status-publish","format-standard","has-post-thumbnail","hentry","category-marketing","tag-brands","tag-marketing","tag-unternehmen"],"acf":[],"yoast_head":"<!-- This site is optimized with the Yoast SEO plugin v27.4 - https:\/\/yoast.com\/product\/yoast-seo-wordpress\/ -->\n<title>GoBigname expandiert - Unternehmen zu globalen Marken machen - Organisator<\/title>\n<meta name=\"description\" content=\"Das internationale Naming- und Branding-Studio GoBigname bietet ab sofort seine Dienstleistungen offiziell in der Schweiz an.\" \/>\n<meta name=\"robots\" content=\"index, follow, max-snippet:-1, max-image-preview:large, max-video-preview:-1\" \/>\n<link rel=\"canonical\" href=\"https:\/\/www.organisator.ch\/en\/marketing\/2021-05-05\/gobigname-expandiert-unternehmen-zu-globalen-marken-machen\/\" \/>\n<meta property=\"og:locale\" content=\"en_US\" \/>\n<meta property=\"og:type\" content=\"article\" \/>\n<meta property=\"og:title\" content=\"GoBigname expandiert - Unternehmen zu globalen Marken machen\" \/>\n<meta property=\"og:description\" content=\"Das internationale Naming- und Branding-Studio GoBigname bietet ab sofort seine Dienstleistungen offiziell in der Schweiz an.\" \/>\n<meta property=\"og:url\" content=\"https:\/\/www.organisator.ch\/en\/marketing\/2021-05-05\/gobigname-expandiert-unternehmen-zu-globalen-marken-machen\/\" \/>\n<meta property=\"og:site_name\" content=\"Organisator\" \/>\n<meta property=\"article:publisher\" content=\"https:\/\/www.facebook.com\/OrganisatorFachmagazin\" \/>\n<meta property=\"article:published_time\" content=\"2021-05-05T14:05:41+00:00\" \/>\n<meta property=\"og:image\" content=\"https:\/\/www.organisator.ch\/wp-content\/uploads\/2021\/05\/GoBigname-expandiert-Unternehmen-zu-globalen-Marken-machen-1_Organisator.jpg\" \/>\n\t<meta property=\"og:image:width\" content=\"680\" \/>\n\t<meta property=\"og:image:height\" content=\"383\" \/>\n\t<meta property=\"og:image:type\" content=\"image\/jpeg\" \/>\n<meta name=\"author\" content=\"thomas.berner\" \/>\n<meta name=\"twitter:card\" content=\"summary_large_image\" \/>\n<meta name=\"twitter:title\" content=\"#GoBigname expandiert - Unternehmen zu globalen Marken machen\" \/>\n<meta name=\"twitter:description\" content=\"Das internationale Naming- und #Branding-Studio #GoBigname bietet ab sofort seine Dienstleistungen offiziell in der Schweiz an.\" \/>\n<meta name=\"twitter:image\" content=\"https:\/\/www.organisator.ch\/wp-content\/uploads\/2021\/05\/GoBigname-expandiert-Unternehmen-zu-globalen-Marken-machen-1_Organisator.jpg\" \/>\n<script type=\"application\/ld+json\" class=\"yoast-schema-graph\">{\"@context\":\"https:\\\/\\\/schema.org\",\"@graph\":[{\"@type\":\"Article\",\"@id\":\"https:\\\/\\\/www.organisator.ch\\\/marketing\\\/2021-05-05\\\/gobigname-expandiert-unternehmen-zu-globalen-marken-machen\\\/#article\",\"isPartOf\":{\"@id\":\"https:\\\/\\\/www.organisator.ch\\\/marketing\\\/2021-05-05\\\/gobigname-expandiert-unternehmen-zu-globalen-marken-machen\\\/\"},\"author\":{\"name\":\"thomas.berner\",\"@id\":\"https:\\\/\\\/www.organisator.ch\\\/#\\\/schema\\\/person\\\/6f650f90b2842cd4c0cc334b4e36f67e\"},\"headline\":\"GoBigname expandiert &#8211; Unternehmen zu globalen Marken machen\",\"datePublished\":\"2021-05-05T14:05:41+00:00\",\"mainEntityOfPage\":{\"@id\":\"https:\\\/\\\/www.organisator.ch\\\/marketing\\\/2021-05-05\\\/gobigname-expandiert-unternehmen-zu-globalen-marken-machen\\\/\"},\"wordCount\":509,\"publisher\":{\"@id\":\"https:\\\/\\\/www.organisator.ch\\\/#organization\"},\"image\":{\"@id\":\"https:\\\/\\\/www.organisator.ch\\\/marketing\\\/2021-05-05\\\/gobigname-expandiert-unternehmen-zu-globalen-marken-machen\\\/#primaryimage\"},\"thumbnailUrl\":\"https:\\\/\\\/www.organisator.ch\\\/wp-content\\\/uploads\\\/2021\\\/05\\\/GoBigname-expandiert-Unternehmen-zu-globalen-Marken-machen-1_Organisator.jpg\",\"keywords\":[\"Brands\",\"Marketing\",\"Unternehmen\"],\"articleSection\":[\"MARKETING\"],\"inLanguage\":\"en-US\"},{\"@type\":\"WebPage\",\"@id\":\"https:\\\/\\\/www.organisator.ch\\\/marketing\\\/2021-05-05\\\/gobigname-expandiert-unternehmen-zu-globalen-marken-machen\\\/\",\"url\":\"https:\\\/\\\/www.organisator.ch\\\/marketing\\\/2021-05-05\\\/gobigname-expandiert-unternehmen-zu-globalen-marken-machen\\\/\",\"name\":\"GoBigname expandiert - Unternehmen zu globalen Marken machen - Organisator\",\"isPartOf\":{\"@id\":\"https:\\\/\\\/www.organisator.ch\\\/#website\"},\"primaryImageOfPage\":{\"@id\":\"https:\\\/\\\/www.organisator.ch\\\/marketing\\\/2021-05-05\\\/gobigname-expandiert-unternehmen-zu-globalen-marken-machen\\\/#primaryimage\"},\"image\":{\"@id\":\"https:\\\/\\\/www.organisator.ch\\\/marketing\\\/2021-05-05\\\/gobigname-expandiert-unternehmen-zu-globalen-marken-machen\\\/#primaryimage\"},\"thumbnailUrl\":\"https:\\\/\\\/www.organisator.ch\\\/wp-content\\\/uploads\\\/2021\\\/05\\\/GoBigname-expandiert-Unternehmen-zu-globalen-Marken-machen-1_Organisator.jpg\",\"datePublished\":\"2021-05-05T14:05:41+00:00\",\"description\":\"Das internationale Naming- und Branding-Studio GoBigname bietet ab sofort seine Dienstleistungen offiziell in der Schweiz an.\",\"breadcrumb\":{\"@id\":\"https:\\\/\\\/www.organisator.ch\\\/marketing\\\/2021-05-05\\\/gobigname-expandiert-unternehmen-zu-globalen-marken-machen\\\/#breadcrumb\"},\"inLanguage\":\"en-US\",\"potentialAction\":[{\"@type\":\"ReadAction\",\"target\":[\"https:\\\/\\\/www.organisator.ch\\\/marketing\\\/2021-05-05\\\/gobigname-expandiert-unternehmen-zu-globalen-marken-machen\\\/\"]}]},{\"@type\":\"ImageObject\",\"inLanguage\":\"en-US\",\"@id\":\"https:\\\/\\\/www.organisator.ch\\\/marketing\\\/2021-05-05\\\/gobigname-expandiert-unternehmen-zu-globalen-marken-machen\\\/#primaryimage\",\"url\":\"https:\\\/\\\/www.organisator.ch\\\/wp-content\\\/uploads\\\/2021\\\/05\\\/GoBigname-expandiert-Unternehmen-zu-globalen-Marken-machen-1_Organisator.jpg\",\"contentUrl\":\"https:\\\/\\\/www.organisator.ch\\\/wp-content\\\/uploads\\\/2021\\\/05\\\/GoBigname-expandiert-Unternehmen-zu-globalen-Marken-machen-1_Organisator.jpg\",\"width\":680,\"height\":383,\"caption\":\"So sehen \\\"grosse\\\" Marken aus: GoBigname hat schon vielen Startups zu einem internationalen Marken-Auftritt verholfen. (Bild: zVg)\"},{\"@type\":\"BreadcrumbList\",\"@id\":\"https:\\\/\\\/www.organisator.ch\\\/marketing\\\/2021-05-05\\\/gobigname-expandiert-unternehmen-zu-globalen-marken-machen\\\/#breadcrumb\",\"itemListElement\":[{\"@type\":\"ListItem\",\"position\":1,\"name\":\"Home\",\"item\":\"https:\\\/\\\/www.organisator.ch\\\/\"},{\"@type\":\"ListItem\",\"position\":2,\"name\":\"GoBigname expandiert &#8211; Unternehmen zu globalen Marken machen\"}]},{\"@type\":\"WebSite\",\"@id\":\"https:\\\/\\\/www.organisator.ch\\\/#website\",\"url\":\"https:\\\/\\\/www.organisator.ch\\\/\",\"name\":\"Organisator\",\"description\":\"Kompetent. Praxisnah. Der ORGANISATOR bereitet in 10 Ausgaben pro Jahr die wesentlichen Themen f\u00fcr F\u00fchrungskr\u00e4fte von KMU auf.\",\"publisher\":{\"@id\":\"https:\\\/\\\/www.organisator.ch\\\/#organization\"},\"potentialAction\":[{\"@type\":\"SearchAction\",\"target\":{\"@type\":\"EntryPoint\",\"urlTemplate\":\"https:\\\/\\\/www.organisator.ch\\\/?s={search_term_string}\"},\"query-input\":{\"@type\":\"PropertyValueSpecification\",\"valueRequired\":true,\"valueName\":\"search_term_string\"}}],\"inLanguage\":\"en-US\"},{\"@type\":\"Organization\",\"@id\":\"https:\\\/\\\/www.organisator.ch\\\/#organization\",\"name\":\"Organisator\",\"url\":\"https:\\\/\\\/www.organisator.ch\\\/\",\"logo\":{\"@type\":\"ImageObject\",\"inLanguage\":\"en-US\",\"@id\":\"https:\\\/\\\/www.organisator.ch\\\/#\\\/schema\\\/logo\\\/image\\\/\",\"url\":\"https:\\\/\\\/www.organisator.ch\\\/wp-content\\\/uploads\\\/2022\\\/01\\\/Logo_Organisator_Website.png\",\"contentUrl\":\"https:\\\/\\\/www.organisator.ch\\\/wp-content\\\/uploads\\\/2022\\\/01\\\/Logo_Organisator_Website.png\",\"width\":800,\"height\":77,\"caption\":\"Organisator\"},\"image\":{\"@id\":\"https:\\\/\\\/www.organisator.ch\\\/#\\\/schema\\\/logo\\\/image\\\/\"},\"sameAs\":[\"https:\\\/\\\/www.facebook.com\\\/OrganisatorFachmagazin\",\"https:\\\/\\\/www.linkedin.com\\\/showcase\\\/organisator-das-magazin-fr-kmu\",\"https:\\\/\\\/www.xing.com\\\/news\\\/pages\\\/organisator-ch-695\",\"https:\\\/\\\/www.youtube.com\\\/channel\\\/UCGP2Sq0iWaZwT3BdIAQFYpw\"]},{\"@type\":\"Person\",\"@id\":\"https:\\\/\\\/www.organisator.ch\\\/#\\\/schema\\\/person\\\/6f650f90b2842cd4c0cc334b4e36f67e\",\"name\":\"thomas.berner\",\"image\":{\"@type\":\"ImageObject\",\"inLanguage\":\"en-US\",\"@id\":\"https:\\\/\\\/secure.gravatar.com\\\/avatar\\\/ac5001d2a36cb6c6cd3e50789007ffca834b477b74a2144564522e944eabff61?s=96&d=mm&r=g\",\"url\":\"https:\\\/\\\/secure.gravatar.com\\\/avatar\\\/ac5001d2a36cb6c6cd3e50789007ffca834b477b74a2144564522e944eabff61?s=96&d=mm&r=g\",\"contentUrl\":\"https:\\\/\\\/secure.gravatar.com\\\/avatar\\\/ac5001d2a36cb6c6cd3e50789007ffca834b477b74a2144564522e944eabff61?s=96&d=mm&r=g\",\"caption\":\"thomas.berner\"},\"url\":\"https:\\\/\\\/www.organisator.ch\\\/en\\\/author\\\/thomas-berner\\\/\"}]}<\/script>\n<!-- \/ Yoast SEO plugin. -->","yoast_head_json":{"title":"GoBigname expands - turning companies into global brands - Organizer","description":"The international naming and branding studio GoBigname is now officially offering its services in Switzerland.","robots":{"index":"index","follow":"follow","max-snippet":"max-snippet:-1","max-image-preview":"max-image-preview:large","max-video-preview":"max-video-preview:-1"},"canonical":"https:\/\/www.organisator.ch\/en\/marketing\/2021-05-05\/gobigname-expandiert-unternehmen-zu-globalen-marken-machen\/","og_locale":"en_US","og_type":"article","og_title":"GoBigname expandiert - Unternehmen zu globalen Marken machen","og_description":"Das internationale Naming- und Branding-Studio GoBigname bietet ab sofort seine Dienstleistungen offiziell in der Schweiz an.","og_url":"https:\/\/www.organisator.ch\/en\/marketing\/2021-05-05\/gobigname-expandiert-unternehmen-zu-globalen-marken-machen\/","og_site_name":"Organisator","article_publisher":"https:\/\/www.facebook.com\/OrganisatorFachmagazin","article_published_time":"2021-05-05T14:05:41+00:00","og_image":[{"width":680,"height":383,"url":"https:\/\/www.organisator.ch\/wp-content\/uploads\/2021\/05\/GoBigname-expandiert-Unternehmen-zu-globalen-Marken-machen-1_Organisator.jpg","type":"image\/jpeg"}],"author":"thomas.berner","twitter_card":"summary_large_image","twitter_title":"#GoBigname expandiert - Unternehmen zu globalen Marken machen","twitter_description":"Das internationale Naming- und #Branding-Studio #GoBigname bietet ab sofort seine Dienstleistungen offiziell in der Schweiz an.","twitter_image":"https:\/\/www.organisator.ch\/wp-content\/uploads\/2021\/05\/GoBigname-expandiert-Unternehmen-zu-globalen-Marken-machen-1_Organisator.jpg","schema":{"@context":"https:\/\/schema.org","@graph":[{"@type":"Article","@id":"https:\/\/www.organisator.ch\/marketing\/2021-05-05\/gobigname-expandiert-unternehmen-zu-globalen-marken-machen\/#article","isPartOf":{"@id":"https:\/\/www.organisator.ch\/marketing\/2021-05-05\/gobigname-expandiert-unternehmen-zu-globalen-marken-machen\/"},"author":{"name":"thomas.berner","@id":"https:\/\/www.organisator.ch\/#\/schema\/person\/6f650f90b2842cd4c0cc334b4e36f67e"},"headline":"GoBigname expandiert &#8211; Unternehmen zu globalen Marken machen","datePublished":"2021-05-05T14:05:41+00:00","mainEntityOfPage":{"@id":"https:\/\/www.organisator.ch\/marketing\/2021-05-05\/gobigname-expandiert-unternehmen-zu-globalen-marken-machen\/"},"wordCount":509,"publisher":{"@id":"https:\/\/www.organisator.ch\/#organization"},"image":{"@id":"https:\/\/www.organisator.ch\/marketing\/2021-05-05\/gobigname-expandiert-unternehmen-zu-globalen-marken-machen\/#primaryimage"},"thumbnailUrl":"https:\/\/www.organisator.ch\/wp-content\/uploads\/2021\/05\/GoBigname-expandiert-Unternehmen-zu-globalen-Marken-machen-1_Organisator.jpg","keywords":["Brands","Marketing","Unternehmen"],"articleSection":["MARKETING"],"inLanguage":"en-US"},{"@type":"WebPage","@id":"https:\/\/www.organisator.ch\/marketing\/2021-05-05\/gobigname-expandiert-unternehmen-zu-globalen-marken-machen\/","url":"https:\/\/www.organisator.ch\/marketing\/2021-05-05\/gobigname-expandiert-unternehmen-zu-globalen-marken-machen\/","name":"GoBigname expands - turning companies into global brands - Organizer","isPartOf":{"@id":"https:\/\/www.organisator.ch\/#website"},"primaryImageOfPage":{"@id":"https:\/\/www.organisator.ch\/marketing\/2021-05-05\/gobigname-expandiert-unternehmen-zu-globalen-marken-machen\/#primaryimage"},"image":{"@id":"https:\/\/www.organisator.ch\/marketing\/2021-05-05\/gobigname-expandiert-unternehmen-zu-globalen-marken-machen\/#primaryimage"},"thumbnailUrl":"https:\/\/www.organisator.ch\/wp-content\/uploads\/2021\/05\/GoBigname-expandiert-Unternehmen-zu-globalen-Marken-machen-1_Organisator.jpg","datePublished":"2021-05-05T14:05:41+00:00","description":"The international naming and branding studio GoBigname is now officially offering its services in Switzerland.","breadcrumb":{"@id":"https:\/\/www.organisator.ch\/marketing\/2021-05-05\/gobigname-expandiert-unternehmen-zu-globalen-marken-machen\/#breadcrumb"},"inLanguage":"en-US","potentialAction":[{"@type":"ReadAction","target":["https:\/\/www.organisator.ch\/marketing\/2021-05-05\/gobigname-expandiert-unternehmen-zu-globalen-marken-machen\/"]}]},{"@type":"ImageObject","inLanguage":"en-US","@id":"https:\/\/www.organisator.ch\/marketing\/2021-05-05\/gobigname-expandiert-unternehmen-zu-globalen-marken-machen\/#primaryimage","url":"https:\/\/www.organisator.ch\/wp-content\/uploads\/2021\/05\/GoBigname-expandiert-Unternehmen-zu-globalen-Marken-machen-1_Organisator.jpg","contentUrl":"https:\/\/www.organisator.ch\/wp-content\/uploads\/2021\/05\/GoBigname-expandiert-Unternehmen-zu-globalen-Marken-machen-1_Organisator.jpg","width":680,"height":383,"caption":"So sehen \"grosse\" Marken aus: GoBigname hat schon vielen Startups zu einem internationalen Marken-Auftritt verholfen. (Bild: zVg)"},{"@type":"BreadcrumbList","@id":"https:\/\/www.organisator.ch\/marketing\/2021-05-05\/gobigname-expandiert-unternehmen-zu-globalen-marken-machen\/#breadcrumb","itemListElement":[{"@type":"ListItem","position":1,"name":"Home","item":"https:\/\/www.organisator.ch\/"},{"@type":"ListItem","position":2,"name":"GoBigname expandiert &#8211; Unternehmen zu globalen Marken machen"}]},{"@type":"WebSite","@id":"https:\/\/www.organisator.ch\/#website","url":"https:\/\/www.organisator.ch\/","name":"Organizer","description":"Competent. Practical. In 10 issues per year, ORGANISATOR presents the essential topics for managers of SMEs.","publisher":{"@id":"https:\/\/www.organisator.ch\/#organization"},"potentialAction":[{"@type":"SearchAction","target":{"@type":"EntryPoint","urlTemplate":"https:\/\/www.organisator.ch\/?s={search_term_string}"},"query-input":{"@type":"PropertyValueSpecification","valueRequired":true,"valueName":"search_term_string"}}],"inLanguage":"en-US"},{"@type":"Organization","@id":"https:\/\/www.organisator.ch\/#organization","name":"Organizer","url":"https:\/\/www.organisator.ch\/","logo":{"@type":"ImageObject","inLanguage":"en-US","@id":"https:\/\/www.organisator.ch\/#\/schema\/logo\/image\/","url":"https:\/\/www.organisator.ch\/wp-content\/uploads\/2022\/01\/Logo_Organisator_Website.png","contentUrl":"https:\/\/www.organisator.ch\/wp-content\/uploads\/2022\/01\/Logo_Organisator_Website.png","width":800,"height":77,"caption":"Organisator"},"image":{"@id":"https:\/\/www.organisator.ch\/#\/schema\/logo\/image\/"},"sameAs":["https:\/\/www.facebook.com\/OrganisatorFachmagazin","https:\/\/www.linkedin.com\/showcase\/organisator-das-magazin-fr-kmu","https:\/\/www.xing.com\/news\/pages\/organisator-ch-695","https:\/\/www.youtube.com\/channel\/UCGP2Sq0iWaZwT3BdIAQFYpw"]},{"@type":"Person","@id":"https:\/\/www.organisator.ch\/#\/schema\/person\/6f650f90b2842cd4c0cc334b4e36f67e","name":"thomas.berner","image":{"@type":"ImageObject","inLanguage":"en-US","@id":"https:\/\/secure.gravatar.com\/avatar\/ac5001d2a36cb6c6cd3e50789007ffca834b477b74a2144564522e944eabff61?s=96&d=mm&r=g","url":"https:\/\/secure.gravatar.com\/avatar\/ac5001d2a36cb6c6cd3e50789007ffca834b477b74a2144564522e944eabff61?s=96&d=mm&r=g","contentUrl":"https:\/\/secure.gravatar.com\/avatar\/ac5001d2a36cb6c6cd3e50789007ffca834b477b74a2144564522e944eabff61?s=96&d=mm&r=g","caption":"thomas.berner"},"url":"https:\/\/www.organisator.ch\/en\/author\/thomas-berner\/"}]}},"_links":{"self":[{"href":"https:\/\/www.organisator.ch\/en\/wp-json\/wp\/v2\/posts\/7994","targetHints":{"allow":["GET"]}}],"collection":[{"href":"https:\/\/www.organisator.ch\/en\/wp-json\/wp\/v2\/posts"}],"about":[{"href":"https:\/\/www.organisator.ch\/en\/wp-json\/wp\/v2\/types\/post"}],"author":[{"embeddable":true,"href":"https:\/\/www.organisator.ch\/en\/wp-json\/wp\/v2\/users\/4"}],"replies":[{"embeddable":true,"href":"https:\/\/www.organisator.ch\/en\/wp-json\/wp\/v2\/comments?post=7994"}],"version-history":[{"count":0,"href":"https:\/\/www.organisator.ch\/en\/wp-json\/wp\/v2\/posts\/7994\/revisions"}],"wp:featuredmedia":[{"embeddable":true,"href":"https:\/\/www.organisator.ch\/en\/wp-json\/wp\/v2\/media\/7995"}],"wp:attachment":[{"href":"https:\/\/www.organisator.ch\/en\/wp-json\/wp\/v2\/media?parent=7994"}],"wp:term":[{"taxonomy":"category","embeddable":true,"href":"https:\/\/www.organisator.ch\/en\/wp-json\/wp\/v2\/categories?post=7994"},{"taxonomy":"post_tag","embeddable":true,"href":"https:\/\/www.organisator.ch\/en\/wp-json\/wp\/v2\/tags?post=7994"}],"curies":[{"name":"wp","href":"https:\/\/api.w.org\/{rel}","templated":true}]}}