{"id":8011,"date":"2021-05-10T13:21:23","date_gmt":"2021-05-10T11:21:23","guid":{"rendered":"https:\/\/www.organisator.ch\/?p=8011"},"modified":"2021-05-10T13:21:23","modified_gmt":"2021-05-10T11:21:23","slug":"weiterbildungsbedarf-in-kmu-nimmt-zu-wegen-corona","status":"publish","type":"post","link":"https:\/\/www.organisator.ch\/en\/weiterbildung\/2021-05-10\/weiterbildungsbedarf-in-kmu-nimmt-zu-wegen-corona\/","title":{"rendered":"Need for further training in SMEs increases because of Corona"},"content":{"rendered":"<figure id=\"attachment_8012\" aria-describedby=\"caption-attachment-8012\" style=\"width: 680px\" class=\"wp-caption alignnone\"><img loading=\"lazy\" decoding=\"async\" class=\"size-medium wp-image-8012\" src=\"https:\/\/www.organisator.ch\/wp-content\/uploads\/2021\/05\/Weiterbildungsbedarf-in-KMU-nimmt-zu-wegen-Corona_Organisator.jpg\" alt=\"\" width=\"680\" height=\"480\" srcset=\"https:\/\/www.organisator.ch\/wp-content\/uploads\/2021\/05\/Weiterbildungsbedarf-in-KMU-nimmt-zu-wegen-Corona_Organisator.jpg 680w, https:\/\/www.organisator.ch\/wp-content\/uploads\/2021\/05\/Weiterbildungsbedarf-in-KMU-nimmt-zu-wegen-Corona_Organisator-16x12.jpg 16w, https:\/\/www.organisator.ch\/wp-content\/uploads\/2021\/05\/Weiterbildungsbedarf-in-KMU-nimmt-zu-wegen-Corona_Organisator-248x175.jpg 248w, https:\/\/www.organisator.ch\/wp-content\/uploads\/2021\/05\/Weiterbildungsbedarf-in-KMU-nimmt-zu-wegen-Corona_Organisator-496x350.jpg 496w, https:\/\/www.organisator.ch\/wp-content\/uploads\/2021\/05\/Weiterbildungsbedarf-in-KMU-nimmt-zu-wegen-Corona_Organisator-300x212.jpg 300w\" sizes=\"auto, (max-width: 680px) 100vw, 680px\" \/><figcaption id=\"caption-attachment-8012\" class=\"wp-caption-text\">Because of Corona, the need for further training in SMEs is increasing. But there is reluctance to invest. (Image: Pixabay.com)<\/figcaption><\/figure>\n<p>An online survey of 123 SMEs conducted by the Swiss Association for Continuing Education SVEB between December 2020 and January 2021 confirms the high importance of continuing education among small and medium-sized enterprises. Two-thirds of the participating SMEs consider continuing education to be important in order to deal with the consequences of the COVID 19 pandemic.<\/p>\n<h2><strong>Competence requirements and need for further training increased<\/strong><\/h2>\n<p>For a large proportion of the SMEs surveyed, the Corona situation places high demands on the skills of employees overall. One third state that the workforce requires new or different skills. At around 60% of the companies, the pandemic is having an impact on skills for agile working as well as social and communication skills. 43% also note a strong to very strong effect on digital competencies.<\/p>\n<p>The need for further training has also increased among 33% SMEs in times of Corona. The study defines a company's need for further training as the need for employees to acquire new competencies or expand existing knowledge in order to meet the requirements of the company.<\/p>\n<h2><strong>Higher demand only partially covered<\/strong><\/h2>\n<p>However, the increased need for further training is not being met by all SMEs. The study shows that almost one third of SMEs with an increased need for further training have not changed their further training activity or have even reduced it.<\/p>\n<p>Furthermore, a certain caution is evident in the financing of further training. Expenditure on external training courses in particular is being cut back. This is probably due to the fact that many SMEs need support with financing or IT infrastructure as a result of the crisis. The reluctance could also be related to the fact that half of the companies surveyed said they lacked knowledge about the skills of the future.<\/p>\n<p><em>Source and further information: <a href=\"http:\/\/www.alice.ch\">SVEB<\/a><\/em><\/p>","protected":false},"excerpt":{"rendered":"<p>Eine vom Schweizerischen Verband f\u00fcr Weiterbildung SVEB zwischen Dezember 2020 und Januar 2021 bei 123 KMU realisierte Online-Befragung best\u00e4tigt den hohen Stellenwert der Weiterbildung bei Klein- und Mittelunternehmen. Zwei Drittel der teilnehmenden KMU erachten Weiterbildung als wichtig, um mit den Konsequenzen der COVID-19-Pandemie umzugehen. Kompetenzanforderungen und Weiterbildungsbedarf gestiegen Bei einem Grossteil der befragten KMU stellt [&hellip;]<\/p>\n","protected":false},"author":4,"featured_media":8012,"comment_status":"closed","ping_status":"closed","sticky":false,"template":"","format":"standard","meta":{"_acf_changed":false,"_yoast_wpseo_focuskw":"Weiterbildungsbedarf","_yoast_wpseo_metadesc":"Gem\u00e4ss einer vom SVEB publizierten Studie berichtet ein Grossteil der KMU von einem hohen Weiterbildungsbedarf, um den Auswirkungen von Corona zu begegnen.","articlekey":"","footnotes":""},"categories":[30],"tags":[62,132,335,459],"class_list":["post-8011","post","type-post","status-publish","format-standard","has-post-thumbnail","hentry","category-weiterbildung","tag-aus-weiterbildung","tag-coronavirus","tag-management-und-unternehmensfuehrung","tag-studie"],"acf":[],"yoast_head":"<!-- This site is optimized with the Yoast SEO plugin v27.5 - https:\/\/yoast.com\/product\/yoast-seo-wordpress\/ -->\n<title>Weiterbildungsbedarf in KMU nimmt zu wegen Corona - Organisator<\/title>\n<meta name=\"description\" content=\"Gem\u00e4ss einer vom SVEB publizierten Studie berichtet ein Grossteil der KMU von einem hohen Weiterbildungsbedarf, um den Auswirkungen von Corona zu begegnen.\" \/>\n<meta name=\"robots\" content=\"index, follow, max-snippet:-1, max-image-preview:large, max-video-preview:-1\" \/>\n<link rel=\"canonical\" href=\"https:\/\/www.organisator.ch\/en\/further-education\/2021-05-10\/weiterbildungsbedarf-in-kmu-nimmt-zu-wegen-corona\/\" \/>\n<meta property=\"og:locale\" content=\"en_US\" \/>\n<meta property=\"og:type\" content=\"article\" \/>\n<meta property=\"og:title\" content=\"Weiterbildungsbedarf in KMU nimmt zu wegen Corona\" \/>\n<meta property=\"og:description\" content=\"Gem\u00e4ss einer vom SVEB publizierten Studie berichtet ein Grossteil der KMU von einem hohen Weiterbildungsbedarf, um den Auswirkungen von Corona zu begegnen.\" \/>\n<meta property=\"og:url\" content=\"https:\/\/www.organisator.ch\/en\/further-education\/2021-05-10\/weiterbildungsbedarf-in-kmu-nimmt-zu-wegen-corona\/\" \/>\n<meta property=\"og:site_name\" content=\"Organisator\" \/>\n<meta property=\"article:publisher\" content=\"https:\/\/www.facebook.com\/OrganisatorFachmagazin\" \/>\n<meta property=\"article:published_time\" content=\"2021-05-10T11:21:23+00:00\" \/>\n<meta property=\"og:image\" content=\"https:\/\/www.organisator.ch\/wp-content\/uploads\/2021\/05\/Weiterbildungsbedarf-in-KMU-nimmt-zu-wegen-Corona_Organisator.jpg\" \/>\n\t<meta property=\"og:image:width\" content=\"680\" \/>\n\t<meta property=\"og:image:height\" content=\"480\" \/>\n\t<meta property=\"og:image:type\" content=\"image\/jpeg\" \/>\n<meta name=\"author\" content=\"thomas.berner\" \/>\n<meta name=\"twitter:card\" content=\"summary_large_image\" \/>\n<meta name=\"twitter:title\" content=\"#Weiterbildungsbedarf in KMU nimmt zu wegen Corona\" \/>\n<meta name=\"twitter:description\" content=\"Gem\u00e4ss einer vom #SVEB publizierten Studie berichtet ein Grossteil der KMU von einem hohen #Weiterbildungsbedarf, um den Auswirkungen von Corona zu begegnen.\" \/>\n<meta name=\"twitter:image\" content=\"https:\/\/www.organisator.ch\/wp-content\/uploads\/2021\/05\/Weiterbildungsbedarf-in-KMU-nimmt-zu-wegen-Corona_Organisator.jpg\" \/>\n<script type=\"application\/ld+json\" class=\"yoast-schema-graph\">{\"@context\":\"https:\\\/\\\/schema.org\",\"@graph\":[{\"@type\":\"Article\",\"@id\":\"https:\\\/\\\/www.organisator.ch\\\/weiterbildung\\\/2021-05-10\\\/weiterbildungsbedarf-in-kmu-nimmt-zu-wegen-corona\\\/#article\",\"isPartOf\":{\"@id\":\"https:\\\/\\\/www.organisator.ch\\\/weiterbildung\\\/2021-05-10\\\/weiterbildungsbedarf-in-kmu-nimmt-zu-wegen-corona\\\/\"},\"author\":{\"name\":\"thomas.berner\",\"@id\":\"https:\\\/\\\/www.organisator.ch\\\/#\\\/schema\\\/person\\\/6f650f90b2842cd4c0cc334b4e36f67e\"},\"headline\":\"Weiterbildungsbedarf in KMU nimmt zu wegen Corona\",\"datePublished\":\"2021-05-10T11:21:23+00:00\",\"mainEntityOfPage\":{\"@id\":\"https:\\\/\\\/www.organisator.ch\\\/weiterbildung\\\/2021-05-10\\\/weiterbildungsbedarf-in-kmu-nimmt-zu-wegen-corona\\\/\"},\"wordCount\":303,\"publisher\":{\"@id\":\"https:\\\/\\\/www.organisator.ch\\\/#organization\"},\"image\":{\"@id\":\"https:\\\/\\\/www.organisator.ch\\\/weiterbildung\\\/2021-05-10\\\/weiterbildungsbedarf-in-kmu-nimmt-zu-wegen-corona\\\/#primaryimage\"},\"thumbnailUrl\":\"https:\\\/\\\/www.organisator.ch\\\/wp-content\\\/uploads\\\/2021\\\/05\\\/Weiterbildungsbedarf-in-KMU-nimmt-zu-wegen-Corona_Organisator.jpg\",\"keywords\":[\"Aus-\\\/Weiterbildung\",\"Coronavirus\",\"Management und Unternehmensf\u00fchrung\",\"Studie\"],\"articleSection\":[\"WEITERBILDUNG\"],\"inLanguage\":\"en-US\"},{\"@type\":\"WebPage\",\"@id\":\"https:\\\/\\\/www.organisator.ch\\\/weiterbildung\\\/2021-05-10\\\/weiterbildungsbedarf-in-kmu-nimmt-zu-wegen-corona\\\/\",\"url\":\"https:\\\/\\\/www.organisator.ch\\\/weiterbildung\\\/2021-05-10\\\/weiterbildungsbedarf-in-kmu-nimmt-zu-wegen-corona\\\/\",\"name\":\"Weiterbildungsbedarf in KMU nimmt zu wegen Corona - Organisator\",\"isPartOf\":{\"@id\":\"https:\\\/\\\/www.organisator.ch\\\/#website\"},\"primaryImageOfPage\":{\"@id\":\"https:\\\/\\\/www.organisator.ch\\\/weiterbildung\\\/2021-05-10\\\/weiterbildungsbedarf-in-kmu-nimmt-zu-wegen-corona\\\/#primaryimage\"},\"image\":{\"@id\":\"https:\\\/\\\/www.organisator.ch\\\/weiterbildung\\\/2021-05-10\\\/weiterbildungsbedarf-in-kmu-nimmt-zu-wegen-corona\\\/#primaryimage\"},\"thumbnailUrl\":\"https:\\\/\\\/www.organisator.ch\\\/wp-content\\\/uploads\\\/2021\\\/05\\\/Weiterbildungsbedarf-in-KMU-nimmt-zu-wegen-Corona_Organisator.jpg\",\"datePublished\":\"2021-05-10T11:21:23+00:00\",\"description\":\"Gem\u00e4ss einer vom SVEB publizierten Studie berichtet ein Grossteil der KMU von einem hohen Weiterbildungsbedarf, um den Auswirkungen von Corona zu begegnen.\",\"breadcrumb\":{\"@id\":\"https:\\\/\\\/www.organisator.ch\\\/weiterbildung\\\/2021-05-10\\\/weiterbildungsbedarf-in-kmu-nimmt-zu-wegen-corona\\\/#breadcrumb\"},\"inLanguage\":\"en-US\",\"potentialAction\":[{\"@type\":\"ReadAction\",\"target\":[\"https:\\\/\\\/www.organisator.ch\\\/weiterbildung\\\/2021-05-10\\\/weiterbildungsbedarf-in-kmu-nimmt-zu-wegen-corona\\\/\"]}]},{\"@type\":\"ImageObject\",\"inLanguage\":\"en-US\",\"@id\":\"https:\\\/\\\/www.organisator.ch\\\/weiterbildung\\\/2021-05-10\\\/weiterbildungsbedarf-in-kmu-nimmt-zu-wegen-corona\\\/#primaryimage\",\"url\":\"https:\\\/\\\/www.organisator.ch\\\/wp-content\\\/uploads\\\/2021\\\/05\\\/Weiterbildungsbedarf-in-KMU-nimmt-zu-wegen-Corona_Organisator.jpg\",\"contentUrl\":\"https:\\\/\\\/www.organisator.ch\\\/wp-content\\\/uploads\\\/2021\\\/05\\\/Weiterbildungsbedarf-in-KMU-nimmt-zu-wegen-Corona_Organisator.jpg\",\"width\":680,\"height\":480,\"caption\":\"Wegen Corona nimmt der Weiterbildungsbedarf in KMU zu. Doch bei der Investitionsbereitschaft herrscht Zur\u00fcckhaltung. (Bild: Pixabay.com)\"},{\"@type\":\"BreadcrumbList\",\"@id\":\"https:\\\/\\\/www.organisator.ch\\\/weiterbildung\\\/2021-05-10\\\/weiterbildungsbedarf-in-kmu-nimmt-zu-wegen-corona\\\/#breadcrumb\",\"itemListElement\":[{\"@type\":\"ListItem\",\"position\":1,\"name\":\"Home\",\"item\":\"https:\\\/\\\/www.organisator.ch\\\/\"},{\"@type\":\"ListItem\",\"position\":2,\"name\":\"Weiterbildungsbedarf in KMU nimmt zu wegen Corona\"}]},{\"@type\":\"WebSite\",\"@id\":\"https:\\\/\\\/www.organisator.ch\\\/#website\",\"url\":\"https:\\\/\\\/www.organisator.ch\\\/\",\"name\":\"Organisator\",\"description\":\"Kompetent. Praxisnah. Der ORGANISATOR bereitet in 10 Ausgaben pro Jahr die wesentlichen Themen f\u00fcr F\u00fchrungskr\u00e4fte von KMU auf.\",\"publisher\":{\"@id\":\"https:\\\/\\\/www.organisator.ch\\\/#organization\"},\"potentialAction\":[{\"@type\":\"SearchAction\",\"target\":{\"@type\":\"EntryPoint\",\"urlTemplate\":\"https:\\\/\\\/www.organisator.ch\\\/?s={search_term_string}\"},\"query-input\":{\"@type\":\"PropertyValueSpecification\",\"valueRequired\":true,\"valueName\":\"search_term_string\"}}],\"inLanguage\":\"en-US\"},{\"@type\":\"Organization\",\"@id\":\"https:\\\/\\\/www.organisator.ch\\\/#organization\",\"name\":\"Organisator\",\"url\":\"https:\\\/\\\/www.organisator.ch\\\/\",\"logo\":{\"@type\":\"ImageObject\",\"inLanguage\":\"en-US\",\"@id\":\"https:\\\/\\\/www.organisator.ch\\\/#\\\/schema\\\/logo\\\/image\\\/\",\"url\":\"https:\\\/\\\/www.organisator.ch\\\/wp-content\\\/uploads\\\/2022\\\/01\\\/Logo_Organisator_Website.png\",\"contentUrl\":\"https:\\\/\\\/www.organisator.ch\\\/wp-content\\\/uploads\\\/2022\\\/01\\\/Logo_Organisator_Website.png\",\"width\":800,\"height\":77,\"caption\":\"Organisator\"},\"image\":{\"@id\":\"https:\\\/\\\/www.organisator.ch\\\/#\\\/schema\\\/logo\\\/image\\\/\"},\"sameAs\":[\"https:\\\/\\\/www.facebook.com\\\/OrganisatorFachmagazin\",\"https:\\\/\\\/www.linkedin.com\\\/showcase\\\/organisator-das-magazin-fr-kmu\",\"https:\\\/\\\/www.xing.com\\\/news\\\/pages\\\/organisator-ch-695\",\"https:\\\/\\\/www.youtube.com\\\/channel\\\/UCGP2Sq0iWaZwT3BdIAQFYpw\"]},{\"@type\":\"Person\",\"@id\":\"https:\\\/\\\/www.organisator.ch\\\/#\\\/schema\\\/person\\\/6f650f90b2842cd4c0cc334b4e36f67e\",\"name\":\"thomas.berner\",\"image\":{\"@type\":\"ImageObject\",\"inLanguage\":\"en-US\",\"@id\":\"https:\\\/\\\/secure.gravatar.com\\\/avatar\\\/ac5001d2a36cb6c6cd3e50789007ffca834b477b74a2144564522e944eabff61?s=96&d=mm&r=g\",\"url\":\"https:\\\/\\\/secure.gravatar.com\\\/avatar\\\/ac5001d2a36cb6c6cd3e50789007ffca834b477b74a2144564522e944eabff61?s=96&d=mm&r=g\",\"contentUrl\":\"https:\\\/\\\/secure.gravatar.com\\\/avatar\\\/ac5001d2a36cb6c6cd3e50789007ffca834b477b74a2144564522e944eabff61?s=96&d=mm&r=g\",\"caption\":\"thomas.berner\"},\"url\":\"https:\\\/\\\/www.organisator.ch\\\/en\\\/author\\\/thomas-berner\\\/\"}]}<\/script>\n<!-- \/ Yoast SEO plugin. -->","yoast_head_json":{"title":"Demand for further training in SMEs increases because of Corona - organizer","description":"According to a study published by SVEB, a large proportion of SMEs report a high need for further training to counter the effects of Corona.","robots":{"index":"index","follow":"follow","max-snippet":"max-snippet:-1","max-image-preview":"max-image-preview:large","max-video-preview":"max-video-preview:-1"},"canonical":"https:\/\/www.organisator.ch\/en\/further-education\/2021-05-10\/weiterbildungsbedarf-in-kmu-nimmt-zu-wegen-corona\/","og_locale":"en_US","og_type":"article","og_title":"Weiterbildungsbedarf in KMU nimmt zu wegen Corona","og_description":"Gem\u00e4ss einer vom SVEB publizierten Studie berichtet ein Grossteil der KMU von einem hohen Weiterbildungsbedarf, um den Auswirkungen von Corona zu begegnen.","og_url":"https:\/\/www.organisator.ch\/en\/further-education\/2021-05-10\/weiterbildungsbedarf-in-kmu-nimmt-zu-wegen-corona\/","og_site_name":"Organisator","article_publisher":"https:\/\/www.facebook.com\/OrganisatorFachmagazin","article_published_time":"2021-05-10T11:21:23+00:00","og_image":[{"width":680,"height":480,"url":"https:\/\/www.organisator.ch\/wp-content\/uploads\/2021\/05\/Weiterbildungsbedarf-in-KMU-nimmt-zu-wegen-Corona_Organisator.jpg","type":"image\/jpeg"}],"author":"thomas.berner","twitter_card":"summary_large_image","twitter_title":"#Weiterbildungsbedarf in KMU nimmt zu wegen Corona","twitter_description":"Gem\u00e4ss einer vom #SVEB publizierten Studie berichtet ein Grossteil der KMU von einem hohen #Weiterbildungsbedarf, um den Auswirkungen von Corona zu begegnen.","twitter_image":"https:\/\/www.organisator.ch\/wp-content\/uploads\/2021\/05\/Weiterbildungsbedarf-in-KMU-nimmt-zu-wegen-Corona_Organisator.jpg","schema":{"@context":"https:\/\/schema.org","@graph":[{"@type":"Article","@id":"https:\/\/www.organisator.ch\/weiterbildung\/2021-05-10\/weiterbildungsbedarf-in-kmu-nimmt-zu-wegen-corona\/#article","isPartOf":{"@id":"https:\/\/www.organisator.ch\/weiterbildung\/2021-05-10\/weiterbildungsbedarf-in-kmu-nimmt-zu-wegen-corona\/"},"author":{"name":"thomas.berner","@id":"https:\/\/www.organisator.ch\/#\/schema\/person\/6f650f90b2842cd4c0cc334b4e36f67e"},"headline":"Weiterbildungsbedarf in KMU nimmt zu wegen Corona","datePublished":"2021-05-10T11:21:23+00:00","mainEntityOfPage":{"@id":"https:\/\/www.organisator.ch\/weiterbildung\/2021-05-10\/weiterbildungsbedarf-in-kmu-nimmt-zu-wegen-corona\/"},"wordCount":303,"publisher":{"@id":"https:\/\/www.organisator.ch\/#organization"},"image":{"@id":"https:\/\/www.organisator.ch\/weiterbildung\/2021-05-10\/weiterbildungsbedarf-in-kmu-nimmt-zu-wegen-corona\/#primaryimage"},"thumbnailUrl":"https:\/\/www.organisator.ch\/wp-content\/uploads\/2021\/05\/Weiterbildungsbedarf-in-KMU-nimmt-zu-wegen-Corona_Organisator.jpg","keywords":["Aus-\/Weiterbildung","Coronavirus","Management und Unternehmensf\u00fchrung","Studie"],"articleSection":["WEITERBILDUNG"],"inLanguage":"en-US"},{"@type":"WebPage","@id":"https:\/\/www.organisator.ch\/weiterbildung\/2021-05-10\/weiterbildungsbedarf-in-kmu-nimmt-zu-wegen-corona\/","url":"https:\/\/www.organisator.ch\/weiterbildung\/2021-05-10\/weiterbildungsbedarf-in-kmu-nimmt-zu-wegen-corona\/","name":"Demand for further training in SMEs increases because of Corona - organizer","isPartOf":{"@id":"https:\/\/www.organisator.ch\/#website"},"primaryImageOfPage":{"@id":"https:\/\/www.organisator.ch\/weiterbildung\/2021-05-10\/weiterbildungsbedarf-in-kmu-nimmt-zu-wegen-corona\/#primaryimage"},"image":{"@id":"https:\/\/www.organisator.ch\/weiterbildung\/2021-05-10\/weiterbildungsbedarf-in-kmu-nimmt-zu-wegen-corona\/#primaryimage"},"thumbnailUrl":"https:\/\/www.organisator.ch\/wp-content\/uploads\/2021\/05\/Weiterbildungsbedarf-in-KMU-nimmt-zu-wegen-Corona_Organisator.jpg","datePublished":"2021-05-10T11:21:23+00:00","description":"According to a study published by SVEB, a large proportion of SMEs report a high need for further training to counter the effects of Corona.","breadcrumb":{"@id":"https:\/\/www.organisator.ch\/weiterbildung\/2021-05-10\/weiterbildungsbedarf-in-kmu-nimmt-zu-wegen-corona\/#breadcrumb"},"inLanguage":"en-US","potentialAction":[{"@type":"ReadAction","target":["https:\/\/www.organisator.ch\/weiterbildung\/2021-05-10\/weiterbildungsbedarf-in-kmu-nimmt-zu-wegen-corona\/"]}]},{"@type":"ImageObject","inLanguage":"en-US","@id":"https:\/\/www.organisator.ch\/weiterbildung\/2021-05-10\/weiterbildungsbedarf-in-kmu-nimmt-zu-wegen-corona\/#primaryimage","url":"https:\/\/www.organisator.ch\/wp-content\/uploads\/2021\/05\/Weiterbildungsbedarf-in-KMU-nimmt-zu-wegen-Corona_Organisator.jpg","contentUrl":"https:\/\/www.organisator.ch\/wp-content\/uploads\/2021\/05\/Weiterbildungsbedarf-in-KMU-nimmt-zu-wegen-Corona_Organisator.jpg","width":680,"height":480,"caption":"Wegen Corona nimmt der Weiterbildungsbedarf in KMU zu. Doch bei der Investitionsbereitschaft herrscht Zur\u00fcckhaltung. (Bild: Pixabay.com)"},{"@type":"BreadcrumbList","@id":"https:\/\/www.organisator.ch\/weiterbildung\/2021-05-10\/weiterbildungsbedarf-in-kmu-nimmt-zu-wegen-corona\/#breadcrumb","itemListElement":[{"@type":"ListItem","position":1,"name":"Home","item":"https:\/\/www.organisator.ch\/"},{"@type":"ListItem","position":2,"name":"Weiterbildungsbedarf in KMU nimmt zu wegen Corona"}]},{"@type":"WebSite","@id":"https:\/\/www.organisator.ch\/#website","url":"https:\/\/www.organisator.ch\/","name":"Organizer","description":"Competent. Practical. In 10 issues per year, ORGANISATOR presents the essential topics for managers of SMEs.","publisher":{"@id":"https:\/\/www.organisator.ch\/#organization"},"potentialAction":[{"@type":"SearchAction","target":{"@type":"EntryPoint","urlTemplate":"https:\/\/www.organisator.ch\/?s={search_term_string}"},"query-input":{"@type":"PropertyValueSpecification","valueRequired":true,"valueName":"search_term_string"}}],"inLanguage":"en-US"},{"@type":"Organization","@id":"https:\/\/www.organisator.ch\/#organization","name":"Organizer","url":"https:\/\/www.organisator.ch\/","logo":{"@type":"ImageObject","inLanguage":"en-US","@id":"https:\/\/www.organisator.ch\/#\/schema\/logo\/image\/","url":"https:\/\/www.organisator.ch\/wp-content\/uploads\/2022\/01\/Logo_Organisator_Website.png","contentUrl":"https:\/\/www.organisator.ch\/wp-content\/uploads\/2022\/01\/Logo_Organisator_Website.png","width":800,"height":77,"caption":"Organisator"},"image":{"@id":"https:\/\/www.organisator.ch\/#\/schema\/logo\/image\/"},"sameAs":["https:\/\/www.facebook.com\/OrganisatorFachmagazin","https:\/\/www.linkedin.com\/showcase\/organisator-das-magazin-fr-kmu","https:\/\/www.xing.com\/news\/pages\/organisator-ch-695","https:\/\/www.youtube.com\/channel\/UCGP2Sq0iWaZwT3BdIAQFYpw"]},{"@type":"Person","@id":"https:\/\/www.organisator.ch\/#\/schema\/person\/6f650f90b2842cd4c0cc334b4e36f67e","name":"thomas.berner","image":{"@type":"ImageObject","inLanguage":"en-US","@id":"https:\/\/secure.gravatar.com\/avatar\/ac5001d2a36cb6c6cd3e50789007ffca834b477b74a2144564522e944eabff61?s=96&d=mm&r=g","url":"https:\/\/secure.gravatar.com\/avatar\/ac5001d2a36cb6c6cd3e50789007ffca834b477b74a2144564522e944eabff61?s=96&d=mm&r=g","contentUrl":"https:\/\/secure.gravatar.com\/avatar\/ac5001d2a36cb6c6cd3e50789007ffca834b477b74a2144564522e944eabff61?s=96&d=mm&r=g","caption":"thomas.berner"},"url":"https:\/\/www.organisator.ch\/en\/author\/thomas-berner\/"}]}},"_links":{"self":[{"href":"https:\/\/www.organisator.ch\/en\/wp-json\/wp\/v2\/posts\/8011","targetHints":{"allow":["GET"]}}],"collection":[{"href":"https:\/\/www.organisator.ch\/en\/wp-json\/wp\/v2\/posts"}],"about":[{"href":"https:\/\/www.organisator.ch\/en\/wp-json\/wp\/v2\/types\/post"}],"author":[{"embeddable":true,"href":"https:\/\/www.organisator.ch\/en\/wp-json\/wp\/v2\/users\/4"}],"replies":[{"embeddable":true,"href":"https:\/\/www.organisator.ch\/en\/wp-json\/wp\/v2\/comments?post=8011"}],"version-history":[{"count":0,"href":"https:\/\/www.organisator.ch\/en\/wp-json\/wp\/v2\/posts\/8011\/revisions"}],"wp:featuredmedia":[{"embeddable":true,"href":"https:\/\/www.organisator.ch\/en\/wp-json\/wp\/v2\/media\/8012"}],"wp:attachment":[{"href":"https:\/\/www.organisator.ch\/en\/wp-json\/wp\/v2\/media?parent=8011"}],"wp:term":[{"taxonomy":"category","embeddable":true,"href":"https:\/\/www.organisator.ch\/en\/wp-json\/wp\/v2\/categories?post=8011"},{"taxonomy":"post_tag","embeddable":true,"href":"https:\/\/www.organisator.ch\/en\/wp-json\/wp\/v2\/tags?post=8011"}],"curies":[{"name":"wp","href":"https:\/\/api.w.org\/{rel}","templated":true}]}}