{"id":8105,"date":"2021-06-03T16:17:28","date_gmt":"2021-06-03T14:17:28","guid":{"rendered":"https:\/\/www.organisator.ch\/?p=8105"},"modified":"2021-06-03T16:17:28","modified_gmt":"2021-06-03T14:17:28","slug":"it-fachmesse-topsoft-am-1-2-september-2021-voraussichtlich-wieder-live","status":"publish","type":"post","link":"https:\/\/www.organisator.ch\/en\/management\/it\/2021-06-03\/it-fachmesse-topsoft-am-1-2-september-2021-voraussichtlich-wieder-live\/","title":{"rendered":"IT trade fair topsoft expected to be live again on September 1-2, 2021"},"content":{"rendered":"<figure id=\"attachment_8106\" aria-describedby=\"caption-attachment-8106\" style=\"width: 680px\" class=\"wp-caption alignnone\"><img loading=\"lazy\" decoding=\"async\" class=\"size-medium wp-image-8106\" src=\"https:\/\/www.organisator.ch\/wp-content\/uploads\/2021\/06\/IT-Fachmesse-topsoft-am-1-2-September-2021-voraussichtlich-wieder-live_Organisator.jpg\" alt=\"\" width=\"680\" height=\"256\" srcset=\"https:\/\/www.organisator.ch\/wp-content\/uploads\/2021\/06\/IT-Fachmesse-topsoft-am-1-2-September-2021-voraussichtlich-wieder-live_Organisator.jpg 680w, https:\/\/www.organisator.ch\/wp-content\/uploads\/2021\/06\/IT-Fachmesse-topsoft-am-1-2-September-2021-voraussichtlich-wieder-live_Organisator-16x6.jpg 16w, https:\/\/www.organisator.ch\/wp-content\/uploads\/2021\/06\/IT-Fachmesse-topsoft-am-1-2-September-2021-voraussichtlich-wieder-live_Organisator-375x141.jpg 375w, https:\/\/www.organisator.ch\/wp-content\/uploads\/2021\/06\/IT-Fachmesse-topsoft-am-1-2-September-2021-voraussichtlich-wieder-live_Organisator-300x113.jpg 300w\" sizes=\"auto, (max-width: 680px) 100vw, 680px\" \/><figcaption id=\"caption-attachment-8106\" class=\"wp-caption-text\">On September 1-2, 2021, live again in the Umweltarena Spreitenbach: The Swiss IT trade fair topsoft.<\/figcaption><\/figure>\n<p>When it comes to events, there is a clear easing of the situation everywhere. Now the organizers of the IT trade fair topsoft can also hope that it will be held again. <a href=\"https:\/\/www.organisator.ch\/topsoft-wird-auf-2021-verschoben-hybrider-anlass-am-2-3-september-2020\/\">Last year<\/a> the rigorous requirements put a spoke in the exhibition organizers' wheel. \"We have been organizing the topsoft trade fair with great passion for many years; personal contact between visitors, speakers and exhibitors is the be-all and end-all - and neither Plexiglas nor face masks or distance rules fit in here,\" wrote the Topsoft organizers at the time.<\/p>\n<h2>Pause for thought used creatively<\/h2>\n<p>Today is completely different: \"Finally holding a major live event again feels simply fantastic,\" says trade fair organizer Cyrill Schmid enthusiastically. For almost 30 years, the IT event had been a fixed date in the agenda of leading software vendors and system houses. \"Last year's renunciation was not easy for us, although it was the right thing to do. We have used the prescribed pause for reflection creatively and have allowed new impulses to flow into the upcoming trade fair,\" Cyrill Schmid looks back on the past months. Everyone is clearly looking forward to the event in September. Another motivating factor is that around 60 inquiries have already been received from potential exhibitors.<\/p>\n<h2>Re-launch of the IT trade fair topsoft in the \"new normal<\/h2>\n<p>Despite the positive response, the IT trade fair topsoft remains modest at the moment. The realistic goal is to attract around 50 exhibitors for the restart. \"We all have to learn to find our way in the new normal. However, the restrictions of the last few months and the lack of personal contact opportunities have clearly shown how valuable and indispensable live events are,\" emphasizes topsoft marketing head Christian B\u00fchlmann. The importance of digitalization has increased significantly, especially in recent months. Many SMEs have made concrete experiences with video calls and home office. The best way to find out which areas still have more digital potential is to visit topsoft 2021 live.<\/p>\n<p><em>Source and further information: <a href=\"http:\/\/www.topsoft.ch\">www.topsoft.ch<\/a><\/em><\/p>","protected":false},"excerpt":{"rendered":"<p>In Sachen Events zeichnet sich all\u00fcberall eine deutliche Entspannung ab. Nun d\u00fcrfen auch die Organisatoren der IT-Fachmesse topsoft wieder auf eine Durchf\u00fchrung hoffen. Letztes Jahr machten die rigorosen Auflagen den Ausstellungs-Machern einen Strich durch die Rechnung. &#8222;Wir organisieren die topsoft-Fachmesse seit vielen Jahren mit grosser Leidenschaft, der pers\u00f6nliche Kontakt zwischen Besuchenden, Referierenden und Ausstellenden ist [&hellip;]<\/p>\n","protected":false},"author":4,"featured_media":8106,"comment_status":"closed","ping_status":"closed","sticky":false,"template":"","format":"standard","meta":{"_acf_changed":false,"_yoast_wpseo_focuskw":"IT-Fachmesse topsoft","_yoast_wpseo_metadesc":"Nachdem letztes Jahr die IT-Fachmesse topsoft corona-bedingt abgesagt werden musste, ist f\u00fcr dieses Jahr ein Restart geplant.","articlekey":"","footnotes":""},"categories":[27],"tags":[193,288,482],"class_list":["post-8105","post","type-post","status-publish","format-standard","has-post-thumbnail","hentry","category-it","tag-fachkongressfachmesse","tag-it-business-software","tag-topsoft"],"acf":[],"yoast_head":"<!-- This site is optimized with the Yoast SEO plugin v27.4 - https:\/\/yoast.com\/product\/yoast-seo-wordpress\/ -->\n<title>IT-Fachmesse topsoft am 1.\/2. September 2021 voraussichtlich wieder live - Organisator<\/title>\n<meta name=\"description\" content=\"Nachdem letztes Jahr die IT-Fachmesse topsoft corona-bedingt abgesagt werden musste, ist f\u00fcr dieses Jahr ein Restart geplant.\" \/>\n<meta name=\"robots\" content=\"index, follow, max-snippet:-1, max-image-preview:large, max-video-preview:-1\" \/>\n<link rel=\"canonical\" href=\"https:\/\/www.organisator.ch\/en\/management\/it\/2021-06-03\/it-fachmesse-topsoft-am-1-2-september-2021-voraussichtlich-wieder-live\/\" \/>\n<meta property=\"og:locale\" content=\"en_US\" \/>\n<meta property=\"og:type\" content=\"article\" \/>\n<meta property=\"og:title\" content=\"IT-Fachmesse topsoft am 1.\/2. September 2021 voraussichtlich wieder live\" \/>\n<meta property=\"og:description\" content=\"Nachdem letztes Jahr die IT-Fachmesse topsoft corona-bedingt abgesagt werden musste, ist f\u00fcr dieses Jahr ein Restart geplant.\" \/>\n<meta property=\"og:url\" content=\"https:\/\/www.organisator.ch\/en\/management\/it\/2021-06-03\/it-fachmesse-topsoft-am-1-2-september-2021-voraussichtlich-wieder-live\/\" \/>\n<meta property=\"og:site_name\" content=\"Organisator\" \/>\n<meta property=\"article:publisher\" content=\"https:\/\/www.facebook.com\/OrganisatorFachmagazin\" \/>\n<meta property=\"article:published_time\" content=\"2021-06-03T14:17:28+00:00\" \/>\n<meta property=\"og:image\" content=\"https:\/\/www.organisator.ch\/wp-content\/uploads\/2021\/06\/IT-Fachmesse-topsoft-am-1-2-September-2021-voraussichtlich-wieder-live_Organisator.jpg\" \/>\n\t<meta property=\"og:image:width\" content=\"680\" \/>\n\t<meta property=\"og:image:height\" content=\"256\" \/>\n\t<meta property=\"og:image:type\" content=\"image\/jpeg\" \/>\n<meta name=\"author\" content=\"thomas.berner\" \/>\n<meta name=\"twitter:card\" content=\"summary_large_image\" \/>\n<meta name=\"twitter:title\" content=\"#IT-Fachmesse #topsoft am 1.\/2. September 2021 voraussichtlich wieder live\" \/>\n<meta name=\"twitter:description\" content=\"Nachdem letztes Jahr die #IT-Fachmesse #topsoft corona-bedingt abgesagt werden musste, ist f\u00fcr dieses Jahr ein Restart geplant.\" \/>\n<meta name=\"twitter:image\" content=\"https:\/\/www.organisator.ch\/wp-content\/uploads\/2021\/06\/IT-Fachmesse-topsoft-am-1-2-September-2021-voraussichtlich-wieder-live_Organisator.jpg\" \/>\n<script type=\"application\/ld+json\" class=\"yoast-schema-graph\">{\"@context\":\"https:\\\/\\\/schema.org\",\"@graph\":[{\"@type\":\"Article\",\"@id\":\"https:\\\/\\\/www.organisator.ch\\\/management\\\/it\\\/2021-06-03\\\/it-fachmesse-topsoft-am-1-2-september-2021-voraussichtlich-wieder-live\\\/#article\",\"isPartOf\":{\"@id\":\"https:\\\/\\\/www.organisator.ch\\\/management\\\/it\\\/2021-06-03\\\/it-fachmesse-topsoft-am-1-2-september-2021-voraussichtlich-wieder-live\\\/\"},\"author\":{\"name\":\"thomas.berner\",\"@id\":\"https:\\\/\\\/www.organisator.ch\\\/#\\\/schema\\\/person\\\/6f650f90b2842cd4c0cc334b4e36f67e\"},\"headline\":\"IT-Fachmesse topsoft am 1.\\\/2. September 2021 voraussichtlich wieder live\",\"datePublished\":\"2021-06-03T14:17:28+00:00\",\"mainEntityOfPage\":{\"@id\":\"https:\\\/\\\/www.organisator.ch\\\/management\\\/it\\\/2021-06-03\\\/it-fachmesse-topsoft-am-1-2-september-2021-voraussichtlich-wieder-live\\\/\"},\"wordCount\":331,\"publisher\":{\"@id\":\"https:\\\/\\\/www.organisator.ch\\\/#organization\"},\"image\":{\"@id\":\"https:\\\/\\\/www.organisator.ch\\\/management\\\/it\\\/2021-06-03\\\/it-fachmesse-topsoft-am-1-2-september-2021-voraussichtlich-wieder-live\\\/#primaryimage\"},\"thumbnailUrl\":\"https:\\\/\\\/www.organisator.ch\\\/wp-content\\\/uploads\\\/2021\\\/06\\\/IT-Fachmesse-topsoft-am-1-2-September-2021-voraussichtlich-wieder-live_Organisator.jpg\",\"keywords\":[\"Fachkongress\\\/Fachmesse\",\"IT &amp; Business Software\",\"topsoft\"],\"articleSection\":[\"IT\"],\"inLanguage\":\"en-US\"},{\"@type\":\"WebPage\",\"@id\":\"https:\\\/\\\/www.organisator.ch\\\/management\\\/it\\\/2021-06-03\\\/it-fachmesse-topsoft-am-1-2-september-2021-voraussichtlich-wieder-live\\\/\",\"url\":\"https:\\\/\\\/www.organisator.ch\\\/management\\\/it\\\/2021-06-03\\\/it-fachmesse-topsoft-am-1-2-september-2021-voraussichtlich-wieder-live\\\/\",\"name\":\"IT-Fachmesse topsoft am 1.\\\/2. September 2021 voraussichtlich wieder live - Organisator\",\"isPartOf\":{\"@id\":\"https:\\\/\\\/www.organisator.ch\\\/#website\"},\"primaryImageOfPage\":{\"@id\":\"https:\\\/\\\/www.organisator.ch\\\/management\\\/it\\\/2021-06-03\\\/it-fachmesse-topsoft-am-1-2-september-2021-voraussichtlich-wieder-live\\\/#primaryimage\"},\"image\":{\"@id\":\"https:\\\/\\\/www.organisator.ch\\\/management\\\/it\\\/2021-06-03\\\/it-fachmesse-topsoft-am-1-2-september-2021-voraussichtlich-wieder-live\\\/#primaryimage\"},\"thumbnailUrl\":\"https:\\\/\\\/www.organisator.ch\\\/wp-content\\\/uploads\\\/2021\\\/06\\\/IT-Fachmesse-topsoft-am-1-2-September-2021-voraussichtlich-wieder-live_Organisator.jpg\",\"datePublished\":\"2021-06-03T14:17:28+00:00\",\"description\":\"Nachdem letztes Jahr die IT-Fachmesse topsoft corona-bedingt abgesagt werden musste, ist f\u00fcr dieses Jahr ein Restart geplant.\",\"breadcrumb\":{\"@id\":\"https:\\\/\\\/www.organisator.ch\\\/management\\\/it\\\/2021-06-03\\\/it-fachmesse-topsoft-am-1-2-september-2021-voraussichtlich-wieder-live\\\/#breadcrumb\"},\"inLanguage\":\"en-US\",\"potentialAction\":[{\"@type\":\"ReadAction\",\"target\":[\"https:\\\/\\\/www.organisator.ch\\\/management\\\/it\\\/2021-06-03\\\/it-fachmesse-topsoft-am-1-2-september-2021-voraussichtlich-wieder-live\\\/\"]}]},{\"@type\":\"ImageObject\",\"inLanguage\":\"en-US\",\"@id\":\"https:\\\/\\\/www.organisator.ch\\\/management\\\/it\\\/2021-06-03\\\/it-fachmesse-topsoft-am-1-2-september-2021-voraussichtlich-wieder-live\\\/#primaryimage\",\"url\":\"https:\\\/\\\/www.organisator.ch\\\/wp-content\\\/uploads\\\/2021\\\/06\\\/IT-Fachmesse-topsoft-am-1-2-September-2021-voraussichtlich-wieder-live_Organisator.jpg\",\"contentUrl\":\"https:\\\/\\\/www.organisator.ch\\\/wp-content\\\/uploads\\\/2021\\\/06\\\/IT-Fachmesse-topsoft-am-1-2-September-2021-voraussichtlich-wieder-live_Organisator.jpg\",\"width\":680,\"height\":256,\"caption\":\"Am 1.\\\/2. September 2021 wieder live in der Umweltarena Spreitenbach: Die Schweizer IT-Fachmesse topsoft.\"},{\"@type\":\"BreadcrumbList\",\"@id\":\"https:\\\/\\\/www.organisator.ch\\\/management\\\/it\\\/2021-06-03\\\/it-fachmesse-topsoft-am-1-2-september-2021-voraussichtlich-wieder-live\\\/#breadcrumb\",\"itemListElement\":[{\"@type\":\"ListItem\",\"position\":1,\"name\":\"Home\",\"item\":\"https:\\\/\\\/www.organisator.ch\\\/\"},{\"@type\":\"ListItem\",\"position\":2,\"name\":\"IT-Fachmesse topsoft am 1.\\\/2. September 2021 voraussichtlich wieder live\"}]},{\"@type\":\"WebSite\",\"@id\":\"https:\\\/\\\/www.organisator.ch\\\/#website\",\"url\":\"https:\\\/\\\/www.organisator.ch\\\/\",\"name\":\"Organisator\",\"description\":\"Kompetent. Praxisnah. Der ORGANISATOR bereitet in 10 Ausgaben pro Jahr die wesentlichen Themen f\u00fcr F\u00fchrungskr\u00e4fte von KMU auf.\",\"publisher\":{\"@id\":\"https:\\\/\\\/www.organisator.ch\\\/#organization\"},\"potentialAction\":[{\"@type\":\"SearchAction\",\"target\":{\"@type\":\"EntryPoint\",\"urlTemplate\":\"https:\\\/\\\/www.organisator.ch\\\/?s={search_term_string}\"},\"query-input\":{\"@type\":\"PropertyValueSpecification\",\"valueRequired\":true,\"valueName\":\"search_term_string\"}}],\"inLanguage\":\"en-US\"},{\"@type\":\"Organization\",\"@id\":\"https:\\\/\\\/www.organisator.ch\\\/#organization\",\"name\":\"Organisator\",\"url\":\"https:\\\/\\\/www.organisator.ch\\\/\",\"logo\":{\"@type\":\"ImageObject\",\"inLanguage\":\"en-US\",\"@id\":\"https:\\\/\\\/www.organisator.ch\\\/#\\\/schema\\\/logo\\\/image\\\/\",\"url\":\"https:\\\/\\\/www.organisator.ch\\\/wp-content\\\/uploads\\\/2022\\\/01\\\/Logo_Organisator_Website.png\",\"contentUrl\":\"https:\\\/\\\/www.organisator.ch\\\/wp-content\\\/uploads\\\/2022\\\/01\\\/Logo_Organisator_Website.png\",\"width\":800,\"height\":77,\"caption\":\"Organisator\"},\"image\":{\"@id\":\"https:\\\/\\\/www.organisator.ch\\\/#\\\/schema\\\/logo\\\/image\\\/\"},\"sameAs\":[\"https:\\\/\\\/www.facebook.com\\\/OrganisatorFachmagazin\",\"https:\\\/\\\/www.linkedin.com\\\/showcase\\\/organisator-das-magazin-fr-kmu\",\"https:\\\/\\\/www.xing.com\\\/news\\\/pages\\\/organisator-ch-695\",\"https:\\\/\\\/www.youtube.com\\\/channel\\\/UCGP2Sq0iWaZwT3BdIAQFYpw\"]},{\"@type\":\"Person\",\"@id\":\"https:\\\/\\\/www.organisator.ch\\\/#\\\/schema\\\/person\\\/6f650f90b2842cd4c0cc334b4e36f67e\",\"name\":\"thomas.berner\",\"image\":{\"@type\":\"ImageObject\",\"inLanguage\":\"en-US\",\"@id\":\"https:\\\/\\\/secure.gravatar.com\\\/avatar\\\/ac5001d2a36cb6c6cd3e50789007ffca834b477b74a2144564522e944eabff61?s=96&d=mm&r=g\",\"url\":\"https:\\\/\\\/secure.gravatar.com\\\/avatar\\\/ac5001d2a36cb6c6cd3e50789007ffca834b477b74a2144564522e944eabff61?s=96&d=mm&r=g\",\"contentUrl\":\"https:\\\/\\\/secure.gravatar.com\\\/avatar\\\/ac5001d2a36cb6c6cd3e50789007ffca834b477b74a2144564522e944eabff61?s=96&d=mm&r=g\",\"caption\":\"thomas.berner\"},\"url\":\"https:\\\/\\\/www.organisator.ch\\\/en\\\/author\\\/thomas-berner\\\/\"}]}<\/script>\n<!-- \/ Yoast SEO plugin. -->","yoast_head_json":{"title":"IT trade fair topsoft expected to be live again on September 1-2, 2021 - organizer","description":"After last year's IT trade fair topsoft had to be cancelled due to corona, a restart is planned for this year.","robots":{"index":"index","follow":"follow","max-snippet":"max-snippet:-1","max-image-preview":"max-image-preview:large","max-video-preview":"max-video-preview:-1"},"canonical":"https:\/\/www.organisator.ch\/en\/management\/it\/2021-06-03\/it-fachmesse-topsoft-am-1-2-september-2021-voraussichtlich-wieder-live\/","og_locale":"en_US","og_type":"article","og_title":"IT-Fachmesse topsoft am 1.\/2. September 2021 voraussichtlich wieder live","og_description":"Nachdem letztes Jahr die IT-Fachmesse topsoft corona-bedingt abgesagt werden musste, ist f\u00fcr dieses Jahr ein Restart geplant.","og_url":"https:\/\/www.organisator.ch\/en\/management\/it\/2021-06-03\/it-fachmesse-topsoft-am-1-2-september-2021-voraussichtlich-wieder-live\/","og_site_name":"Organisator","article_publisher":"https:\/\/www.facebook.com\/OrganisatorFachmagazin","article_published_time":"2021-06-03T14:17:28+00:00","og_image":[{"width":680,"height":256,"url":"https:\/\/www.organisator.ch\/wp-content\/uploads\/2021\/06\/IT-Fachmesse-topsoft-am-1-2-September-2021-voraussichtlich-wieder-live_Organisator.jpg","type":"image\/jpeg"}],"author":"thomas.berner","twitter_card":"summary_large_image","twitter_title":"#IT-Fachmesse #topsoft am 1.\/2. September 2021 voraussichtlich wieder live","twitter_description":"Nachdem letztes Jahr die #IT-Fachmesse #topsoft corona-bedingt abgesagt werden musste, ist f\u00fcr dieses Jahr ein Restart geplant.","twitter_image":"https:\/\/www.organisator.ch\/wp-content\/uploads\/2021\/06\/IT-Fachmesse-topsoft-am-1-2-September-2021-voraussichtlich-wieder-live_Organisator.jpg","schema":{"@context":"https:\/\/schema.org","@graph":[{"@type":"Article","@id":"https:\/\/www.organisator.ch\/management\/it\/2021-06-03\/it-fachmesse-topsoft-am-1-2-september-2021-voraussichtlich-wieder-live\/#article","isPartOf":{"@id":"https:\/\/www.organisator.ch\/management\/it\/2021-06-03\/it-fachmesse-topsoft-am-1-2-september-2021-voraussichtlich-wieder-live\/"},"author":{"name":"thomas.berner","@id":"https:\/\/www.organisator.ch\/#\/schema\/person\/6f650f90b2842cd4c0cc334b4e36f67e"},"headline":"IT-Fachmesse topsoft am 1.\/2. September 2021 voraussichtlich wieder live","datePublished":"2021-06-03T14:17:28+00:00","mainEntityOfPage":{"@id":"https:\/\/www.organisator.ch\/management\/it\/2021-06-03\/it-fachmesse-topsoft-am-1-2-september-2021-voraussichtlich-wieder-live\/"},"wordCount":331,"publisher":{"@id":"https:\/\/www.organisator.ch\/#organization"},"image":{"@id":"https:\/\/www.organisator.ch\/management\/it\/2021-06-03\/it-fachmesse-topsoft-am-1-2-september-2021-voraussichtlich-wieder-live\/#primaryimage"},"thumbnailUrl":"https:\/\/www.organisator.ch\/wp-content\/uploads\/2021\/06\/IT-Fachmesse-topsoft-am-1-2-September-2021-voraussichtlich-wieder-live_Organisator.jpg","keywords":["Fachkongress\/Fachmesse","IT &amp; Business Software","topsoft"],"articleSection":["IT"],"inLanguage":"en-US"},{"@type":"WebPage","@id":"https:\/\/www.organisator.ch\/management\/it\/2021-06-03\/it-fachmesse-topsoft-am-1-2-september-2021-voraussichtlich-wieder-live\/","url":"https:\/\/www.organisator.ch\/management\/it\/2021-06-03\/it-fachmesse-topsoft-am-1-2-september-2021-voraussichtlich-wieder-live\/","name":"IT trade fair topsoft expected to be live again on September 1-2, 2021 - organizer","isPartOf":{"@id":"https:\/\/www.organisator.ch\/#website"},"primaryImageOfPage":{"@id":"https:\/\/www.organisator.ch\/management\/it\/2021-06-03\/it-fachmesse-topsoft-am-1-2-september-2021-voraussichtlich-wieder-live\/#primaryimage"},"image":{"@id":"https:\/\/www.organisator.ch\/management\/it\/2021-06-03\/it-fachmesse-topsoft-am-1-2-september-2021-voraussichtlich-wieder-live\/#primaryimage"},"thumbnailUrl":"https:\/\/www.organisator.ch\/wp-content\/uploads\/2021\/06\/IT-Fachmesse-topsoft-am-1-2-September-2021-voraussichtlich-wieder-live_Organisator.jpg","datePublished":"2021-06-03T14:17:28+00:00","description":"After last year's IT trade fair topsoft had to be cancelled due to corona, a restart is planned for this year.","breadcrumb":{"@id":"https:\/\/www.organisator.ch\/management\/it\/2021-06-03\/it-fachmesse-topsoft-am-1-2-september-2021-voraussichtlich-wieder-live\/#breadcrumb"},"inLanguage":"en-US","potentialAction":[{"@type":"ReadAction","target":["https:\/\/www.organisator.ch\/management\/it\/2021-06-03\/it-fachmesse-topsoft-am-1-2-september-2021-voraussichtlich-wieder-live\/"]}]},{"@type":"ImageObject","inLanguage":"en-US","@id":"https:\/\/www.organisator.ch\/management\/it\/2021-06-03\/it-fachmesse-topsoft-am-1-2-september-2021-voraussichtlich-wieder-live\/#primaryimage","url":"https:\/\/www.organisator.ch\/wp-content\/uploads\/2021\/06\/IT-Fachmesse-topsoft-am-1-2-September-2021-voraussichtlich-wieder-live_Organisator.jpg","contentUrl":"https:\/\/www.organisator.ch\/wp-content\/uploads\/2021\/06\/IT-Fachmesse-topsoft-am-1-2-September-2021-voraussichtlich-wieder-live_Organisator.jpg","width":680,"height":256,"caption":"Am 1.\/2. September 2021 wieder live in der Umweltarena Spreitenbach: Die Schweizer IT-Fachmesse topsoft."},{"@type":"BreadcrumbList","@id":"https:\/\/www.organisator.ch\/management\/it\/2021-06-03\/it-fachmesse-topsoft-am-1-2-september-2021-voraussichtlich-wieder-live\/#breadcrumb","itemListElement":[{"@type":"ListItem","position":1,"name":"Home","item":"https:\/\/www.organisator.ch\/"},{"@type":"ListItem","position":2,"name":"IT-Fachmesse topsoft am 1.\/2. September 2021 voraussichtlich wieder live"}]},{"@type":"WebSite","@id":"https:\/\/www.organisator.ch\/#website","url":"https:\/\/www.organisator.ch\/","name":"Organizer","description":"Competent. Practical. In 10 issues per year, ORGANISATOR presents the essential topics for managers of SMEs.","publisher":{"@id":"https:\/\/www.organisator.ch\/#organization"},"potentialAction":[{"@type":"SearchAction","target":{"@type":"EntryPoint","urlTemplate":"https:\/\/www.organisator.ch\/?s={search_term_string}"},"query-input":{"@type":"PropertyValueSpecification","valueRequired":true,"valueName":"search_term_string"}}],"inLanguage":"en-US"},{"@type":"Organization","@id":"https:\/\/www.organisator.ch\/#organization","name":"Organizer","url":"https:\/\/www.organisator.ch\/","logo":{"@type":"ImageObject","inLanguage":"en-US","@id":"https:\/\/www.organisator.ch\/#\/schema\/logo\/image\/","url":"https:\/\/www.organisator.ch\/wp-content\/uploads\/2022\/01\/Logo_Organisator_Website.png","contentUrl":"https:\/\/www.organisator.ch\/wp-content\/uploads\/2022\/01\/Logo_Organisator_Website.png","width":800,"height":77,"caption":"Organisator"},"image":{"@id":"https:\/\/www.organisator.ch\/#\/schema\/logo\/image\/"},"sameAs":["https:\/\/www.facebook.com\/OrganisatorFachmagazin","https:\/\/www.linkedin.com\/showcase\/organisator-das-magazin-fr-kmu","https:\/\/www.xing.com\/news\/pages\/organisator-ch-695","https:\/\/www.youtube.com\/channel\/UCGP2Sq0iWaZwT3BdIAQFYpw"]},{"@type":"Person","@id":"https:\/\/www.organisator.ch\/#\/schema\/person\/6f650f90b2842cd4c0cc334b4e36f67e","name":"thomas.berner","image":{"@type":"ImageObject","inLanguage":"en-US","@id":"https:\/\/secure.gravatar.com\/avatar\/ac5001d2a36cb6c6cd3e50789007ffca834b477b74a2144564522e944eabff61?s=96&d=mm&r=g","url":"https:\/\/secure.gravatar.com\/avatar\/ac5001d2a36cb6c6cd3e50789007ffca834b477b74a2144564522e944eabff61?s=96&d=mm&r=g","contentUrl":"https:\/\/secure.gravatar.com\/avatar\/ac5001d2a36cb6c6cd3e50789007ffca834b477b74a2144564522e944eabff61?s=96&d=mm&r=g","caption":"thomas.berner"},"url":"https:\/\/www.organisator.ch\/en\/author\/thomas-berner\/"}]}},"_links":{"self":[{"href":"https:\/\/www.organisator.ch\/en\/wp-json\/wp\/v2\/posts\/8105","targetHints":{"allow":["GET"]}}],"collection":[{"href":"https:\/\/www.organisator.ch\/en\/wp-json\/wp\/v2\/posts"}],"about":[{"href":"https:\/\/www.organisator.ch\/en\/wp-json\/wp\/v2\/types\/post"}],"author":[{"embeddable":true,"href":"https:\/\/www.organisator.ch\/en\/wp-json\/wp\/v2\/users\/4"}],"replies":[{"embeddable":true,"href":"https:\/\/www.organisator.ch\/en\/wp-json\/wp\/v2\/comments?post=8105"}],"version-history":[{"count":0,"href":"https:\/\/www.organisator.ch\/en\/wp-json\/wp\/v2\/posts\/8105\/revisions"}],"wp:featuredmedia":[{"embeddable":true,"href":"https:\/\/www.organisator.ch\/en\/wp-json\/wp\/v2\/media\/8106"}],"wp:attachment":[{"href":"https:\/\/www.organisator.ch\/en\/wp-json\/wp\/v2\/media?parent=8105"}],"wp:term":[{"taxonomy":"category","embeddable":true,"href":"https:\/\/www.organisator.ch\/en\/wp-json\/wp\/v2\/categories?post=8105"},{"taxonomy":"post_tag","embeddable":true,"href":"https:\/\/www.organisator.ch\/en\/wp-json\/wp\/v2\/tags?post=8105"}],"curies":[{"name":"wp","href":"https:\/\/api.w.org\/{rel}","templated":true}]}}