{"id":814,"date":"2016-06-29T17:02:27","date_gmt":"2016-06-29T15:02:27","guid":{"rendered":"http:\/\/dev.organisator.ch\/?p=814"},"modified":"2016-06-29T17:02:27","modified_gmt":"2016-06-29T15:02:27","slug":"hoffnungsschimmer-in-der-mem-industrie","status":"publish","type":"post","link":"https:\/\/www.organisator.ch\/en\/allgemein\/2016-06-29\/hoffnungsschimmer-in-der-mem-industrie\/","title":{"rendered":"Glimmer of hope in the MEM industry"},"content":{"rendered":"<p><img loading=\"lazy\" decoding=\"async\" class=\"alignnone size-medium wp-image-817\" src=\"https:\/\/organisator.ch\/wp-content\/uploads\/2016\/12\/Hoffnungsschimmer-in-der-MEM-Industrie-organisator.jpg\" alt=\"\" width=\"680\" height=\"680\" \/><\/p>\n<p>The Swiss machinery, electrical and metal industry (MEM industry) may have bottomed out. According to Swissmem, new orders recorded a year-on-year increase of 0.9 percent in the first quarter, following five consecutive quarters of decline. The cautious upturn was solely attributable to the increase in orders from abroad, Swissmem warns. In terms of sales, the negative trend continued in the three months of the reporting period following the poor results of 2015:<\/p>\n<p>They decreased by 8.8 percent compared to the prior-year quarter. Capacity utilization in production, for its part, fell to 86.5 percent. With this figure, it nevertheless remains above the long-term average of 86.3 percent. Despite the slightly positive signals, the umbrella organization is still not overly optimistic. The workforce has shrunk by 10,800 since the removal of the exchange rate floor. In the first quarter of 2016, MEM companies in the country had only 319,400 employees. (Source: Swissmem)<\/p>","protected":false},"excerpt":{"rendered":"<p>Die Schweizer Maschinen-, Elektro- und Metallindustrie (MEM-Industrie) k\u00f6nnte die Talsohle durchschritten haben. Laut Swissmem verzeichneten die Auftragseing\u00e4nge im ersten Quartal ein Plus von 0,9 Prozent gegen\u00fcber dem Vorjahr, nachdem die Zahlen zuvor f\u00fcnf Quartale in Folge r\u00fcckl\u00e4ufig waren. Der vorsichtige Aufschwung sei allein dem Anstieg der Bestellungen aus dem Ausland zuzuschreiben, warnt Swissmem. Bei den [&hellip;]<\/p>\n","protected":false},"author":1,"featured_media":817,"comment_status":"open","ping_status":"open","sticky":false,"template":"","format":"standard","meta":{"_acf_changed":false,"_yoast_wpseo_focuskw":"MEM Industrie","_yoast_wpseo_metadesc":"Die Schweizer Maschinen-, Elektro- und Metallindustrie (MEM Industrie) k\u00f6nnte die Talsohle durchschritten haben.","articlekey":"","footnotes":""},"categories":[1],"tags":[340],"class_list":["post-814","post","type-post","status-publish","format-standard","has-post-thumbnail","hentry","category-allgemein","tag-maerkte"],"acf":[],"yoast_head":"<!-- This site is optimized with the Yoast SEO plugin v27.4 - https:\/\/yoast.com\/product\/yoast-seo-wordpress\/ -->\n<title>Hoffnungsschimmer in der MEM-Industrie - Organisator<\/title>\n<meta name=\"description\" content=\"Die Schweizer Maschinen-, Elektro- und Metallindustrie (MEM Industrie) k\u00f6nnte die Talsohle durchschritten haben.\" \/>\n<meta name=\"robots\" content=\"index, follow, max-snippet:-1, max-image-preview:large, max-video-preview:-1\" \/>\n<link rel=\"canonical\" href=\"https:\/\/www.organisator.ch\/en\/general\/2016-06-29\/hoffnungsschimmer-in-der-mem-industrie\/\" \/>\n<meta property=\"og:locale\" content=\"en_US\" \/>\n<meta property=\"og:type\" content=\"article\" \/>\n<meta property=\"og:title\" content=\"Hoffnungsschimmer in der MEM-Industrie\" \/>\n<meta property=\"og:description\" content=\"Die Schweizer Maschinen-, Elektro- und Metallindustrie (MEM-Industrie) k\u00f6nnte die Talsohle durchschritten haben. Laut Swissmem verzeichneten die Auftragseing\u00e4nge der Branche im ersten Quartal ein Plus von 0,9 Prozent gegen\u00fcber dem Vorjahr, nachdem die Zahlen zuvor f\u00fcnf Quartale in Folge r\u00fcckl\u00e4ufig waren.\" \/>\n<meta property=\"og:url\" content=\"https:\/\/www.organisator.ch\/en\/general\/2016-06-29\/hoffnungsschimmer-in-der-mem-industrie\/\" \/>\n<meta property=\"og:site_name\" content=\"Organisator\" \/>\n<meta property=\"article:publisher\" content=\"https:\/\/www.facebook.com\/OrganisatorFachmagazin\" \/>\n<meta property=\"article:published_time\" content=\"2016-06-29T15:02:27+00:00\" \/>\n<meta name=\"author\" content=\"admin\" \/>\n<meta name=\"twitter:card\" content=\"summary_large_image\" \/>\n<meta name=\"twitter:image\" content=\"https:\/\/www.organisator.ch\/wp-content\/uploads\/2016\/12\/Hoffnungsschimmer-in-der-MEM-Industrie-organisator-scaled.jpg\" \/>\n<script type=\"application\/ld+json\" class=\"yoast-schema-graph\">{\"@context\":\"https:\\\/\\\/schema.org\",\"@graph\":[{\"@type\":\"Article\",\"@id\":\"https:\\\/\\\/www.organisator.ch\\\/fr\\\/general\\\/2016-06-29\\\/hoffnungsschimmer-in-der-mem-industrie\\\/#article\",\"isPartOf\":{\"@id\":\"https:\\\/\\\/www.organisator.ch\\\/fr\\\/general\\\/2016-06-29\\\/hoffnungsschimmer-in-der-mem-industrie\\\/\"},\"author\":{\"name\":\"admin\",\"@id\":\"https:\\\/\\\/www.organisator.ch\\\/#\\\/schema\\\/person\\\/aa2bace6c5c5aad60102004a50c4eb1c\"},\"headline\":\"Hoffnungsschimmer in der MEM-Industrie\",\"datePublished\":\"2016-06-29T15:02:27+00:00\",\"mainEntityOfPage\":{\"@id\":\"https:\\\/\\\/www.organisator.ch\\\/fr\\\/general\\\/2016-06-29\\\/hoffnungsschimmer-in-der-mem-industrie\\\/\"},\"wordCount\":153,\"commentCount\":0,\"publisher\":{\"@id\":\"https:\\\/\\\/www.organisator.ch\\\/#organization\"},\"image\":{\"@id\":\"https:\\\/\\\/www.organisator.ch\\\/fr\\\/general\\\/2016-06-29\\\/hoffnungsschimmer-in-der-mem-industrie\\\/#primaryimage\"},\"thumbnailUrl\":\"https:\\\/\\\/www.organisator.ch\\\/wp-content\\\/uploads\\\/2016\\\/12\\\/Hoffnungsschimmer-in-der-MEM-Industrie-organisator-scaled.jpg\",\"keywords\":[\"M\u00e4rkte\"],\"articleSection\":[\"Allgemein\"],\"inLanguage\":\"en-US\"},{\"@type\":\"WebPage\",\"@id\":\"https:\\\/\\\/www.organisator.ch\\\/fr\\\/general\\\/2016-06-29\\\/hoffnungsschimmer-in-der-mem-industrie\\\/\",\"url\":\"https:\\\/\\\/www.organisator.ch\\\/fr\\\/general\\\/2016-06-29\\\/hoffnungsschimmer-in-der-mem-industrie\\\/\",\"name\":\"Hoffnungsschimmer in der MEM-Industrie - Organisator\",\"isPartOf\":{\"@id\":\"https:\\\/\\\/www.organisator.ch\\\/#website\"},\"primaryImageOfPage\":{\"@id\":\"https:\\\/\\\/www.organisator.ch\\\/fr\\\/general\\\/2016-06-29\\\/hoffnungsschimmer-in-der-mem-industrie\\\/#primaryimage\"},\"image\":{\"@id\":\"https:\\\/\\\/www.organisator.ch\\\/fr\\\/general\\\/2016-06-29\\\/hoffnungsschimmer-in-der-mem-industrie\\\/#primaryimage\"},\"thumbnailUrl\":\"https:\\\/\\\/www.organisator.ch\\\/wp-content\\\/uploads\\\/2016\\\/12\\\/Hoffnungsschimmer-in-der-MEM-Industrie-organisator-scaled.jpg\",\"datePublished\":\"2016-06-29T15:02:27+00:00\",\"description\":\"Die Schweizer Maschinen-, Elektro- und Metallindustrie (MEM Industrie) k\u00f6nnte die Talsohle durchschritten haben.\",\"breadcrumb\":{\"@id\":\"https:\\\/\\\/www.organisator.ch\\\/fr\\\/general\\\/2016-06-29\\\/hoffnungsschimmer-in-der-mem-industrie\\\/#breadcrumb\"},\"inLanguage\":\"en-US\",\"potentialAction\":[{\"@type\":\"ReadAction\",\"target\":[\"https:\\\/\\\/www.organisator.ch\\\/fr\\\/general\\\/2016-06-29\\\/hoffnungsschimmer-in-der-mem-industrie\\\/\"]}]},{\"@type\":\"ImageObject\",\"inLanguage\":\"en-US\",\"@id\":\"https:\\\/\\\/www.organisator.ch\\\/fr\\\/general\\\/2016-06-29\\\/hoffnungsschimmer-in-der-mem-industrie\\\/#primaryimage\",\"url\":\"https:\\\/\\\/www.organisator.ch\\\/wp-content\\\/uploads\\\/2016\\\/12\\\/Hoffnungsschimmer-in-der-MEM-Industrie-organisator-scaled.jpg\",\"contentUrl\":\"https:\\\/\\\/www.organisator.ch\\\/wp-content\\\/uploads\\\/2016\\\/12\\\/Hoffnungsschimmer-in-der-MEM-Industrie-organisator-scaled.jpg\",\"width\":2560,\"height\":2560},{\"@type\":\"BreadcrumbList\",\"@id\":\"https:\\\/\\\/www.organisator.ch\\\/fr\\\/general\\\/2016-06-29\\\/hoffnungsschimmer-in-der-mem-industrie\\\/#breadcrumb\",\"itemListElement\":[{\"@type\":\"ListItem\",\"position\":1,\"name\":\"Home\",\"item\":\"https:\\\/\\\/www.organisator.ch\\\/\"},{\"@type\":\"ListItem\",\"position\":2,\"name\":\"Hoffnungsschimmer in der MEM-Industrie\"}]},{\"@type\":\"WebSite\",\"@id\":\"https:\\\/\\\/www.organisator.ch\\\/#website\",\"url\":\"https:\\\/\\\/www.organisator.ch\\\/\",\"name\":\"Organisator\",\"description\":\"Kompetent. Praxisnah. Der ORGANISATOR bereitet in 10 Ausgaben pro Jahr die wesentlichen Themen f\u00fcr F\u00fchrungskr\u00e4fte von KMU auf.\",\"publisher\":{\"@id\":\"https:\\\/\\\/www.organisator.ch\\\/#organization\"},\"potentialAction\":[{\"@type\":\"SearchAction\",\"target\":{\"@type\":\"EntryPoint\",\"urlTemplate\":\"https:\\\/\\\/www.organisator.ch\\\/?s={search_term_string}\"},\"query-input\":{\"@type\":\"PropertyValueSpecification\",\"valueRequired\":true,\"valueName\":\"search_term_string\"}}],\"inLanguage\":\"en-US\"},{\"@type\":\"Organization\",\"@id\":\"https:\\\/\\\/www.organisator.ch\\\/#organization\",\"name\":\"Organisator\",\"url\":\"https:\\\/\\\/www.organisator.ch\\\/\",\"logo\":{\"@type\":\"ImageObject\",\"inLanguage\":\"en-US\",\"@id\":\"https:\\\/\\\/www.organisator.ch\\\/#\\\/schema\\\/logo\\\/image\\\/\",\"url\":\"https:\\\/\\\/www.organisator.ch\\\/wp-content\\\/uploads\\\/2022\\\/01\\\/Logo_Organisator_Website.png\",\"contentUrl\":\"https:\\\/\\\/www.organisator.ch\\\/wp-content\\\/uploads\\\/2022\\\/01\\\/Logo_Organisator_Website.png\",\"width\":800,\"height\":77,\"caption\":\"Organisator\"},\"image\":{\"@id\":\"https:\\\/\\\/www.organisator.ch\\\/#\\\/schema\\\/logo\\\/image\\\/\"},\"sameAs\":[\"https:\\\/\\\/www.facebook.com\\\/OrganisatorFachmagazin\",\"https:\\\/\\\/www.linkedin.com\\\/showcase\\\/organisator-das-magazin-fr-kmu\",\"https:\\\/\\\/www.xing.com\\\/news\\\/pages\\\/organisator-ch-695\",\"https:\\\/\\\/www.youtube.com\\\/channel\\\/UCGP2Sq0iWaZwT3BdIAQFYpw\"]},{\"@type\":\"Person\",\"@id\":\"https:\\\/\\\/www.organisator.ch\\\/#\\\/schema\\\/person\\\/aa2bace6c5c5aad60102004a50c4eb1c\",\"name\":\"admin\",\"image\":{\"@type\":\"ImageObject\",\"inLanguage\":\"en-US\",\"@id\":\"https:\\\/\\\/secure.gravatar.com\\\/avatar\\\/ae2f4d718e6c49043e314ce431e7e645d646302a24a5ef5a8bc8e3f5a032e319?s=96&d=mm&r=g\",\"url\":\"https:\\\/\\\/secure.gravatar.com\\\/avatar\\\/ae2f4d718e6c49043e314ce431e7e645d646302a24a5ef5a8bc8e3f5a032e319?s=96&d=mm&r=g\",\"contentUrl\":\"https:\\\/\\\/secure.gravatar.com\\\/avatar\\\/ae2f4d718e6c49043e314ce431e7e645d646302a24a5ef5a8bc8e3f5a032e319?s=96&d=mm&r=g\",\"caption\":\"admin\"},\"sameAs\":[\"https:\\\/\\\/www.organisator.ch\"],\"url\":\"https:\\\/\\\/www.organisator.ch\\\/en\\\/author\\\/admin\\\/\"}]}<\/script>\n<!-- \/ Yoast SEO plugin. -->","yoast_head_json":{"title":"Glimmer of hope in the MEM industry - organizer","description":"The Swiss machinery, electrical and metal industry (MEM industry) may have bottomed out.","robots":{"index":"index","follow":"follow","max-snippet":"max-snippet:-1","max-image-preview":"max-image-preview:large","max-video-preview":"max-video-preview:-1"},"canonical":"https:\/\/www.organisator.ch\/en\/general\/2016-06-29\/hoffnungsschimmer-in-der-mem-industrie\/","og_locale":"en_US","og_type":"article","og_title":"Hoffnungsschimmer in der MEM-Industrie","og_description":"Die Schweizer Maschinen-, Elektro- und Metallindustrie (MEM-Industrie) k\u00f6nnte die Talsohle durchschritten haben. Laut Swissmem verzeichneten die Auftragseing\u00e4nge der Branche im ersten Quartal ein Plus von 0,9 Prozent gegen\u00fcber dem Vorjahr, nachdem die Zahlen zuvor f\u00fcnf Quartale in Folge r\u00fcckl\u00e4ufig waren.","og_url":"https:\/\/www.organisator.ch\/en\/general\/2016-06-29\/hoffnungsschimmer-in-der-mem-industrie\/","og_site_name":"Organisator","article_publisher":"https:\/\/www.facebook.com\/OrganisatorFachmagazin","article_published_time":"2016-06-29T15:02:27+00:00","author":"admin","twitter_card":"summary_large_image","twitter_image":"https:\/\/www.organisator.ch\/wp-content\/uploads\/2016\/12\/Hoffnungsschimmer-in-der-MEM-Industrie-organisator-scaled.jpg","schema":{"@context":"https:\/\/schema.org","@graph":[{"@type":"Article","@id":"https:\/\/www.organisator.ch\/fr\/general\/2016-06-29\/hoffnungsschimmer-in-der-mem-industrie\/#article","isPartOf":{"@id":"https:\/\/www.organisator.ch\/fr\/general\/2016-06-29\/hoffnungsschimmer-in-der-mem-industrie\/"},"author":{"name":"admin","@id":"https:\/\/www.organisator.ch\/#\/schema\/person\/aa2bace6c5c5aad60102004a50c4eb1c"},"headline":"Hoffnungsschimmer in der MEM-Industrie","datePublished":"2016-06-29T15:02:27+00:00","mainEntityOfPage":{"@id":"https:\/\/www.organisator.ch\/fr\/general\/2016-06-29\/hoffnungsschimmer-in-der-mem-industrie\/"},"wordCount":153,"commentCount":0,"publisher":{"@id":"https:\/\/www.organisator.ch\/#organization"},"image":{"@id":"https:\/\/www.organisator.ch\/fr\/general\/2016-06-29\/hoffnungsschimmer-in-der-mem-industrie\/#primaryimage"},"thumbnailUrl":"https:\/\/www.organisator.ch\/wp-content\/uploads\/2016\/12\/Hoffnungsschimmer-in-der-MEM-Industrie-organisator-scaled.jpg","keywords":["M\u00e4rkte"],"articleSection":["Allgemein"],"inLanguage":"en-US"},{"@type":"WebPage","@id":"https:\/\/www.organisator.ch\/fr\/general\/2016-06-29\/hoffnungsschimmer-in-der-mem-industrie\/","url":"https:\/\/www.organisator.ch\/fr\/general\/2016-06-29\/hoffnungsschimmer-in-der-mem-industrie\/","name":"Glimmer of hope in the MEM industry - organizer","isPartOf":{"@id":"https:\/\/www.organisator.ch\/#website"},"primaryImageOfPage":{"@id":"https:\/\/www.organisator.ch\/fr\/general\/2016-06-29\/hoffnungsschimmer-in-der-mem-industrie\/#primaryimage"},"image":{"@id":"https:\/\/www.organisator.ch\/fr\/general\/2016-06-29\/hoffnungsschimmer-in-der-mem-industrie\/#primaryimage"},"thumbnailUrl":"https:\/\/www.organisator.ch\/wp-content\/uploads\/2016\/12\/Hoffnungsschimmer-in-der-MEM-Industrie-organisator-scaled.jpg","datePublished":"2016-06-29T15:02:27+00:00","description":"The Swiss machinery, electrical and metal industry (MEM industry) may have bottomed out.","breadcrumb":{"@id":"https:\/\/www.organisator.ch\/fr\/general\/2016-06-29\/hoffnungsschimmer-in-der-mem-industrie\/#breadcrumb"},"inLanguage":"en-US","potentialAction":[{"@type":"ReadAction","target":["https:\/\/www.organisator.ch\/fr\/general\/2016-06-29\/hoffnungsschimmer-in-der-mem-industrie\/"]}]},{"@type":"ImageObject","inLanguage":"en-US","@id":"https:\/\/www.organisator.ch\/fr\/general\/2016-06-29\/hoffnungsschimmer-in-der-mem-industrie\/#primaryimage","url":"https:\/\/www.organisator.ch\/wp-content\/uploads\/2016\/12\/Hoffnungsschimmer-in-der-MEM-Industrie-organisator-scaled.jpg","contentUrl":"https:\/\/www.organisator.ch\/wp-content\/uploads\/2016\/12\/Hoffnungsschimmer-in-der-MEM-Industrie-organisator-scaled.jpg","width":2560,"height":2560},{"@type":"BreadcrumbList","@id":"https:\/\/www.organisator.ch\/fr\/general\/2016-06-29\/hoffnungsschimmer-in-der-mem-industrie\/#breadcrumb","itemListElement":[{"@type":"ListItem","position":1,"name":"Home","item":"https:\/\/www.organisator.ch\/"},{"@type":"ListItem","position":2,"name":"Hoffnungsschimmer in der MEM-Industrie"}]},{"@type":"WebSite","@id":"https:\/\/www.organisator.ch\/#website","url":"https:\/\/www.organisator.ch\/","name":"Organizer","description":"Competent. Practical. In 10 issues per year, ORGANISATOR presents the essential topics for managers of SMEs.","publisher":{"@id":"https:\/\/www.organisator.ch\/#organization"},"potentialAction":[{"@type":"SearchAction","target":{"@type":"EntryPoint","urlTemplate":"https:\/\/www.organisator.ch\/?s={search_term_string}"},"query-input":{"@type":"PropertyValueSpecification","valueRequired":true,"valueName":"search_term_string"}}],"inLanguage":"en-US"},{"@type":"Organization","@id":"https:\/\/www.organisator.ch\/#organization","name":"Organizer","url":"https:\/\/www.organisator.ch\/","logo":{"@type":"ImageObject","inLanguage":"en-US","@id":"https:\/\/www.organisator.ch\/#\/schema\/logo\/image\/","url":"https:\/\/www.organisator.ch\/wp-content\/uploads\/2022\/01\/Logo_Organisator_Website.png","contentUrl":"https:\/\/www.organisator.ch\/wp-content\/uploads\/2022\/01\/Logo_Organisator_Website.png","width":800,"height":77,"caption":"Organisator"},"image":{"@id":"https:\/\/www.organisator.ch\/#\/schema\/logo\/image\/"},"sameAs":["https:\/\/www.facebook.com\/OrganisatorFachmagazin","https:\/\/www.linkedin.com\/showcase\/organisator-das-magazin-fr-kmu","https:\/\/www.xing.com\/news\/pages\/organisator-ch-695","https:\/\/www.youtube.com\/channel\/UCGP2Sq0iWaZwT3BdIAQFYpw"]},{"@type":"Person","@id":"https:\/\/www.organisator.ch\/#\/schema\/person\/aa2bace6c5c5aad60102004a50c4eb1c","name":"admin","image":{"@type":"ImageObject","inLanguage":"en-US","@id":"https:\/\/secure.gravatar.com\/avatar\/ae2f4d718e6c49043e314ce431e7e645d646302a24a5ef5a8bc8e3f5a032e319?s=96&d=mm&r=g","url":"https:\/\/secure.gravatar.com\/avatar\/ae2f4d718e6c49043e314ce431e7e645d646302a24a5ef5a8bc8e3f5a032e319?s=96&d=mm&r=g","contentUrl":"https:\/\/secure.gravatar.com\/avatar\/ae2f4d718e6c49043e314ce431e7e645d646302a24a5ef5a8bc8e3f5a032e319?s=96&d=mm&r=g","caption":"admin"},"sameAs":["https:\/\/www.organisator.ch"],"url":"https:\/\/www.organisator.ch\/en\/author\/admin\/"}]}},"_links":{"self":[{"href":"https:\/\/www.organisator.ch\/en\/wp-json\/wp\/v2\/posts\/814","targetHints":{"allow":["GET"]}}],"collection":[{"href":"https:\/\/www.organisator.ch\/en\/wp-json\/wp\/v2\/posts"}],"about":[{"href":"https:\/\/www.organisator.ch\/en\/wp-json\/wp\/v2\/types\/post"}],"author":[{"embeddable":true,"href":"https:\/\/www.organisator.ch\/en\/wp-json\/wp\/v2\/users\/1"}],"replies":[{"embeddable":true,"href":"https:\/\/www.organisator.ch\/en\/wp-json\/wp\/v2\/comments?post=814"}],"version-history":[{"count":0,"href":"https:\/\/www.organisator.ch\/en\/wp-json\/wp\/v2\/posts\/814\/revisions"}],"wp:featuredmedia":[{"embeddable":true,"href":"https:\/\/www.organisator.ch\/en\/wp-json\/wp\/v2\/media\/817"}],"wp:attachment":[{"href":"https:\/\/www.organisator.ch\/en\/wp-json\/wp\/v2\/media?parent=814"}],"wp:term":[{"taxonomy":"category","embeddable":true,"href":"https:\/\/www.organisator.ch\/en\/wp-json\/wp\/v2\/categories?post=814"},{"taxonomy":"post_tag","embeddable":true,"href":"https:\/\/www.organisator.ch\/en\/wp-json\/wp\/v2\/tags?post=814"}],"curies":[{"name":"wp","href":"https:\/\/api.w.org\/{rel}","templated":true}]}}