{"id":8148,"date":"2021-06-14T15:23:10","date_gmt":"2021-06-14T13:23:10","guid":{"rendered":"https:\/\/www.organisator.ch\/?p=8148"},"modified":"2021-06-14T15:23:10","modified_gmt":"2021-06-14T13:23:10","slug":"rekrutierungskampagne-erfolgreich-opacc-foerdert-beruflichen-nachwuchs","status":"publish","type":"post","link":"https:\/\/www.organisator.ch\/en\/management\/2021-06-14\/rekrutierungskampagne-erfolgreich-opacc-foerdert-beruflichen-nachwuchs\/","title":{"rendered":"Recruitment campaign successful - Opacc promotes young professionals"},"content":{"rendered":"<figure id=\"attachment_8149\" aria-describedby=\"caption-attachment-8149\" style=\"width: 680px\" class=\"wp-caption alignnone\"><img loading=\"lazy\" decoding=\"async\" class=\"size-medium wp-image-8149\" src=\"https:\/\/www.organisator.ch\/wp-content\/uploads\/2021\/06\/Rekrutierungskampagne-erfolgreich-Opacc-foerdert-beruflichen-Nachwuchs_Organisator.jpg\" alt=\"\" width=\"680\" height=\"452\" srcset=\"https:\/\/www.organisator.ch\/wp-content\/uploads\/2021\/06\/Rekrutierungskampagne-erfolgreich-Opacc-foerdert-beruflichen-Nachwuchs_Organisator.jpg 680w, https:\/\/www.organisator.ch\/wp-content\/uploads\/2021\/06\/Rekrutierungskampagne-erfolgreich-Opacc-foerdert-beruflichen-Nachwuchs_Organisator-16x12.jpg 16w, https:\/\/www.organisator.ch\/wp-content\/uploads\/2021\/06\/Rekrutierungskampagne-erfolgreich-Opacc-foerdert-beruflichen-Nachwuchs_Organisator-263x175.jpg 263w, https:\/\/www.organisator.ch\/wp-content\/uploads\/2021\/06\/Rekrutierungskampagne-erfolgreich-Opacc-foerdert-beruflichen-Nachwuchs_Organisator-527x350.jpg 527w, https:\/\/www.organisator.ch\/wp-content\/uploads\/2021\/06\/Rekrutierungskampagne-erfolgreich-Opacc-foerdert-beruflichen-Nachwuchs_Organisator-300x199.jpg 300w\" sizes=\"auto, (max-width: 680px) 100vw, 680px\" \/><figcaption id=\"caption-attachment-8149\" class=\"wp-caption-text\">Apprentices at Opacc - and thanks to a recruitment campaign, 29 more skilled workers have been recruited. (Image: Opacc Software)<\/figcaption><\/figure>\n<p>Lucerne-based software provider Opacc again posted double-digit growth last year and has largely full order books. So there is little sign of a slowing Corona effect. However, the dried-up personnel market is experienced as a major challenge.<\/p>\n<h2>Thanks to recruitment campaign to needed specialists<\/h2>\n<p>Opacc launched a recruitment campaign that created 29 new positions at its sites in Rothenburg and M\u00fcnchenstein. In addition, internal training programs are also strongly emphasized. Walter Dettling, the head of OpaccAcademy in Rothenburg states: \"Opacc is aware of the challenging circumstances on the personnel market and therefore relies on its own initiative. We have continued our training during the pandemic, both for our customers and internally for our employees. Already in the first wave of the 2020 pandemic, we immediately switched product training to online and intensified it for our own employees. Later, we digitized training for our customers as well.\" The demand from Opacc customers was high and at the same time a challenge for the instructors, he said. A lot of valuable things were learned in the process, Dettling adds.<\/p>\n<h2>9 apprentices in the occupations of EFZ Media Technician EFZ Computer Technician EFZ Platform Development<\/h2>\n<p>The company invests in its own specialists as well as in vocational training for media technicians and, as a new addition, IT specialists EFZ platform development. Opacc has been committed to promoting young talent for many years. For Marco Stuber, who is responsible for apprenticeships, the effort pays off: \"Training young people in ICT professions is enormously important to counter the shortage of skilled workers.\" This also includes the long-standing cooperation with the ICT Berufsbildung Zentralschweiz professional association.<\/p>\n<h2>OpaccTaster days - despite pandemic<\/h2>\n<p>Every year in spring, the Opacc Software AG apprentices in Rothenburg organize the Opacc taster days. The young professionals launched the \"Online Taster Day\" so that they could also have a look during Corona. The apprentices themselves are responsible for planning, implementation and review. Opacc has had very good experience with this in recent years. Marco Stuber: \"The apprentices have to think about how they want to introduce young people to the ICT profession of mediamatician EFZ and how the taster days should proceed in detail. This includes the application in the social media channels, the welcome, the presentation of the company and, of course, a few motivating ideas, such as a virtual scavenger hunt in the sales office.\" The concept received a great response and two exciting taster days were recently held, each with 15 young people.<\/p>\n<p><em>Source: <a href=\"http:\/\/www.opacc.ch\">Opacc Software<\/a><\/em><\/p>","protected":false},"excerpt":{"rendered":"<p>Der Luzerner Software-Anbieter Opacc wuchs im vergangenen Jahr wiederum zweistellig und verf\u00fcgt \u00fcber weitgehend volle Auftragsb\u00fccher. Von einem bremsenden Corona-Effekt ist also wenig zu sp\u00fcren. Als grosse Herausforderung wird allerdings der ausgetrocknete Personalmarkt erlebt. Dank Rekrutierungskampagne zu ben\u00f6tigten Fachkr\u00e4ften Opacc lancierte eine Rekrutierungskampagne, mit der an den Standorten in Rothenburg und M\u00fcnchenstein 29 neue Stellen [&hellip;]<\/p>\n","protected":false},"author":4,"featured_media":8149,"comment_status":"closed","ping_status":"closed","sticky":false,"template":"","format":"standard","meta":{"_acf_changed":false,"_yoast_wpseo_focuskw":"Rekrutierungskampagne","_yoast_wpseo_metadesc":"Eine erfolgreiche Rekrutierungskampagne f\u00fchrte zu 29 neuen Arbeitspl\u00e4tzen beim Software-Hersteller Opacc. Weitere Talente werden gesucht.","articlekey":"","footnotes":""},"categories":[28],"tags":[62,194,254,411,492],"class_list":["post-8148","post","type-post","status-publish","format-standard","has-post-thumbnail","hentry","category-management","tag-aus-weiterbildung","tag-fachkraeftemangel","tag-hrm","tag-rekrutierung","tag-unternehmen"],"acf":[],"yoast_head":"<!-- This site is optimized with the Yoast SEO plugin v27.5 - https:\/\/yoast.com\/product\/yoast-seo-wordpress\/ -->\n<title>Rekrutierungskampagne erfolgreich - Opacc f\u00f6rdert beruflichen Nachwuchs - Organisator<\/title>\n<meta name=\"description\" content=\"Eine erfolgreiche Rekrutierungskampagne f\u00fchrte zu 29 neuen Arbeitspl\u00e4tzen beim Software-Hersteller Opacc. Weitere Talente werden gesucht.\" \/>\n<meta name=\"robots\" content=\"index, follow, max-snippet:-1, max-image-preview:large, max-video-preview:-1\" \/>\n<link rel=\"canonical\" href=\"https:\/\/www.organisator.ch\/en\/management\/2021-06-14\/rekrutierungskampagne-erfolgreich-opacc-foerdert-beruflichen-nachwuchs\/\" \/>\n<meta property=\"og:locale\" content=\"en_US\" \/>\n<meta property=\"og:type\" content=\"article\" \/>\n<meta property=\"og:title\" content=\"Rekrutierungskampagne erfolgreich - Opacc f\u00f6rdert beruflichen Nachwuchs\" \/>\n<meta property=\"og:description\" content=\"Eine erfolgreiche Rekrutierungskampagne f\u00fchrte zu 29 neuen Arbeitspl\u00e4tzen beim Software-Hersteller Opacc. Weitere Talente werden gesucht.\" \/>\n<meta property=\"og:url\" content=\"https:\/\/www.organisator.ch\/en\/management\/2021-06-14\/rekrutierungskampagne-erfolgreich-opacc-foerdert-beruflichen-nachwuchs\/\" \/>\n<meta property=\"og:site_name\" content=\"Organisator\" \/>\n<meta property=\"article:publisher\" content=\"https:\/\/www.facebook.com\/OrganisatorFachmagazin\" \/>\n<meta property=\"article:published_time\" content=\"2021-06-14T13:23:10+00:00\" \/>\n<meta property=\"og:image\" content=\"https:\/\/www.organisator.ch\/wp-content\/uploads\/2021\/06\/Rekrutierungskampagne-erfolgreich-Opacc-foerdert-beruflichen-Nachwuchs_Organisator.jpg\" \/>\n\t<meta property=\"og:image:width\" content=\"680\" \/>\n\t<meta property=\"og:image:height\" content=\"452\" \/>\n\t<meta property=\"og:image:type\" content=\"image\/jpeg\" \/>\n<meta name=\"author\" content=\"thomas.berner\" \/>\n<meta name=\"twitter:card\" content=\"summary_large_image\" \/>\n<meta name=\"twitter:title\" content=\"#Rekrutierungskampagne erfolgreich - #Opacc f\u00f6rdert beruflichen Nachwuchs\" \/>\n<meta name=\"twitter:description\" content=\"Eine erfolgreiche #Rekrutierungskampagne f\u00fchrte zu 29 neuen Arbeitspl\u00e4tzen beim #Software-Hersteller #Opacc. Weitere Talente werden gesucht.\" \/>\n<meta name=\"twitter:image\" content=\"https:\/\/www.organisator.ch\/wp-content\/uploads\/2021\/06\/Rekrutierungskampagne-erfolgreich-Opacc-foerdert-beruflichen-Nachwuchs_Organisator.jpg\" \/>\n<script type=\"application\/ld+json\" class=\"yoast-schema-graph\">{\"@context\":\"https:\\\/\\\/schema.org\",\"@graph\":[{\"@type\":\"Article\",\"@id\":\"https:\\\/\\\/www.organisator.ch\\\/management\\\/2021-06-14\\\/rekrutierungskampagne-erfolgreich-opacc-foerdert-beruflichen-nachwuchs\\\/#article\",\"isPartOf\":{\"@id\":\"https:\\\/\\\/www.organisator.ch\\\/management\\\/2021-06-14\\\/rekrutierungskampagne-erfolgreich-opacc-foerdert-beruflichen-nachwuchs\\\/\"},\"author\":{\"name\":\"thomas.berner\",\"@id\":\"https:\\\/\\\/www.organisator.ch\\\/#\\\/schema\\\/person\\\/6f650f90b2842cd4c0cc334b4e36f67e\"},\"headline\":\"Rekrutierungskampagne erfolgreich &#8211; Opacc f\u00f6rdert beruflichen Nachwuchs\",\"datePublished\":\"2021-06-14T13:23:10+00:00\",\"mainEntityOfPage\":{\"@id\":\"https:\\\/\\\/www.organisator.ch\\\/management\\\/2021-06-14\\\/rekrutierungskampagne-erfolgreich-opacc-foerdert-beruflichen-nachwuchs\\\/\"},\"wordCount\":442,\"publisher\":{\"@id\":\"https:\\\/\\\/www.organisator.ch\\\/#organization\"},\"image\":{\"@id\":\"https:\\\/\\\/www.organisator.ch\\\/management\\\/2021-06-14\\\/rekrutierungskampagne-erfolgreich-opacc-foerdert-beruflichen-nachwuchs\\\/#primaryimage\"},\"thumbnailUrl\":\"https:\\\/\\\/www.organisator.ch\\\/wp-content\\\/uploads\\\/2021\\\/06\\\/Rekrutierungskampagne-erfolgreich-Opacc-foerdert-beruflichen-Nachwuchs_Organisator.jpg\",\"keywords\":[\"Aus-\\\/Weiterbildung\",\"Fachkr\u00e4ftemangel\",\"HRM\",\"Rekrutierung\",\"Unternehmen\"],\"articleSection\":[\"MANAGEMENT\"],\"inLanguage\":\"en-US\"},{\"@type\":\"WebPage\",\"@id\":\"https:\\\/\\\/www.organisator.ch\\\/management\\\/2021-06-14\\\/rekrutierungskampagne-erfolgreich-opacc-foerdert-beruflichen-nachwuchs\\\/\",\"url\":\"https:\\\/\\\/www.organisator.ch\\\/management\\\/2021-06-14\\\/rekrutierungskampagne-erfolgreich-opacc-foerdert-beruflichen-nachwuchs\\\/\",\"name\":\"Rekrutierungskampagne erfolgreich - Opacc f\u00f6rdert beruflichen Nachwuchs - Organisator\",\"isPartOf\":{\"@id\":\"https:\\\/\\\/www.organisator.ch\\\/#website\"},\"primaryImageOfPage\":{\"@id\":\"https:\\\/\\\/www.organisator.ch\\\/management\\\/2021-06-14\\\/rekrutierungskampagne-erfolgreich-opacc-foerdert-beruflichen-nachwuchs\\\/#primaryimage\"},\"image\":{\"@id\":\"https:\\\/\\\/www.organisator.ch\\\/management\\\/2021-06-14\\\/rekrutierungskampagne-erfolgreich-opacc-foerdert-beruflichen-nachwuchs\\\/#primaryimage\"},\"thumbnailUrl\":\"https:\\\/\\\/www.organisator.ch\\\/wp-content\\\/uploads\\\/2021\\\/06\\\/Rekrutierungskampagne-erfolgreich-Opacc-foerdert-beruflichen-Nachwuchs_Organisator.jpg\",\"datePublished\":\"2021-06-14T13:23:10+00:00\",\"description\":\"Eine erfolgreiche Rekrutierungskampagne f\u00fchrte zu 29 neuen Arbeitspl\u00e4tzen beim Software-Hersteller Opacc. Weitere Talente werden gesucht.\",\"breadcrumb\":{\"@id\":\"https:\\\/\\\/www.organisator.ch\\\/management\\\/2021-06-14\\\/rekrutierungskampagne-erfolgreich-opacc-foerdert-beruflichen-nachwuchs\\\/#breadcrumb\"},\"inLanguage\":\"en-US\",\"potentialAction\":[{\"@type\":\"ReadAction\",\"target\":[\"https:\\\/\\\/www.organisator.ch\\\/management\\\/2021-06-14\\\/rekrutierungskampagne-erfolgreich-opacc-foerdert-beruflichen-nachwuchs\\\/\"]}]},{\"@type\":\"ImageObject\",\"inLanguage\":\"en-US\",\"@id\":\"https:\\\/\\\/www.organisator.ch\\\/management\\\/2021-06-14\\\/rekrutierungskampagne-erfolgreich-opacc-foerdert-beruflichen-nachwuchs\\\/#primaryimage\",\"url\":\"https:\\\/\\\/www.organisator.ch\\\/wp-content\\\/uploads\\\/2021\\\/06\\\/Rekrutierungskampagne-erfolgreich-Opacc-foerdert-beruflichen-Nachwuchs_Organisator.jpg\",\"contentUrl\":\"https:\\\/\\\/www.organisator.ch\\\/wp-content\\\/uploads\\\/2021\\\/06\\\/Rekrutierungskampagne-erfolgreich-Opacc-foerdert-beruflichen-Nachwuchs_Organisator.jpg\",\"width\":680,\"height\":452,\"caption\":\"Lernende bei Opacc - und dank einer Rekrutierungskampagne konnten 29 weitere Fachkr\u00e4fte gewonnen werden. (Bild: Opacc Software)\"},{\"@type\":\"BreadcrumbList\",\"@id\":\"https:\\\/\\\/www.organisator.ch\\\/management\\\/2021-06-14\\\/rekrutierungskampagne-erfolgreich-opacc-foerdert-beruflichen-nachwuchs\\\/#breadcrumb\",\"itemListElement\":[{\"@type\":\"ListItem\",\"position\":1,\"name\":\"Home\",\"item\":\"https:\\\/\\\/www.organisator.ch\\\/\"},{\"@type\":\"ListItem\",\"position\":2,\"name\":\"Rekrutierungskampagne erfolgreich &#8211; Opacc f\u00f6rdert beruflichen Nachwuchs\"}]},{\"@type\":\"WebSite\",\"@id\":\"https:\\\/\\\/www.organisator.ch\\\/#website\",\"url\":\"https:\\\/\\\/www.organisator.ch\\\/\",\"name\":\"Organisator\",\"description\":\"Kompetent. Praxisnah. Der ORGANISATOR bereitet in 10 Ausgaben pro Jahr die wesentlichen Themen f\u00fcr F\u00fchrungskr\u00e4fte von KMU auf.\",\"publisher\":{\"@id\":\"https:\\\/\\\/www.organisator.ch\\\/#organization\"},\"potentialAction\":[{\"@type\":\"SearchAction\",\"target\":{\"@type\":\"EntryPoint\",\"urlTemplate\":\"https:\\\/\\\/www.organisator.ch\\\/?s={search_term_string}\"},\"query-input\":{\"@type\":\"PropertyValueSpecification\",\"valueRequired\":true,\"valueName\":\"search_term_string\"}}],\"inLanguage\":\"en-US\"},{\"@type\":\"Organization\",\"@id\":\"https:\\\/\\\/www.organisator.ch\\\/#organization\",\"name\":\"Organisator\",\"url\":\"https:\\\/\\\/www.organisator.ch\\\/\",\"logo\":{\"@type\":\"ImageObject\",\"inLanguage\":\"en-US\",\"@id\":\"https:\\\/\\\/www.organisator.ch\\\/#\\\/schema\\\/logo\\\/image\\\/\",\"url\":\"https:\\\/\\\/www.organisator.ch\\\/wp-content\\\/uploads\\\/2022\\\/01\\\/Logo_Organisator_Website.png\",\"contentUrl\":\"https:\\\/\\\/www.organisator.ch\\\/wp-content\\\/uploads\\\/2022\\\/01\\\/Logo_Organisator_Website.png\",\"width\":800,\"height\":77,\"caption\":\"Organisator\"},\"image\":{\"@id\":\"https:\\\/\\\/www.organisator.ch\\\/#\\\/schema\\\/logo\\\/image\\\/\"},\"sameAs\":[\"https:\\\/\\\/www.facebook.com\\\/OrganisatorFachmagazin\",\"https:\\\/\\\/www.linkedin.com\\\/showcase\\\/organisator-das-magazin-fr-kmu\",\"https:\\\/\\\/www.xing.com\\\/news\\\/pages\\\/organisator-ch-695\",\"https:\\\/\\\/www.youtube.com\\\/channel\\\/UCGP2Sq0iWaZwT3BdIAQFYpw\"]},{\"@type\":\"Person\",\"@id\":\"https:\\\/\\\/www.organisator.ch\\\/#\\\/schema\\\/person\\\/6f650f90b2842cd4c0cc334b4e36f67e\",\"name\":\"thomas.berner\",\"image\":{\"@type\":\"ImageObject\",\"inLanguage\":\"en-US\",\"@id\":\"https:\\\/\\\/secure.gravatar.com\\\/avatar\\\/ac5001d2a36cb6c6cd3e50789007ffca834b477b74a2144564522e944eabff61?s=96&d=mm&r=g\",\"url\":\"https:\\\/\\\/secure.gravatar.com\\\/avatar\\\/ac5001d2a36cb6c6cd3e50789007ffca834b477b74a2144564522e944eabff61?s=96&d=mm&r=g\",\"contentUrl\":\"https:\\\/\\\/secure.gravatar.com\\\/avatar\\\/ac5001d2a36cb6c6cd3e50789007ffca834b477b74a2144564522e944eabff61?s=96&d=mm&r=g\",\"caption\":\"thomas.berner\"},\"url\":\"https:\\\/\\\/www.organisator.ch\\\/en\\\/author\\\/thomas-berner\\\/\"}]}<\/script>\n<!-- \/ Yoast SEO plugin. -->","yoast_head_json":{"title":"Recruitment campaign successful - Opacc promotes young professionals - Organizer","description":"A successful recruitment campaign resulted in 29 new jobs at software manufacturer Opacc. Further talent is being sought.","robots":{"index":"index","follow":"follow","max-snippet":"max-snippet:-1","max-image-preview":"max-image-preview:large","max-video-preview":"max-video-preview:-1"},"canonical":"https:\/\/www.organisator.ch\/en\/management\/2021-06-14\/rekrutierungskampagne-erfolgreich-opacc-foerdert-beruflichen-nachwuchs\/","og_locale":"en_US","og_type":"article","og_title":"Rekrutierungskampagne erfolgreich - Opacc f\u00f6rdert beruflichen Nachwuchs","og_description":"Eine erfolgreiche Rekrutierungskampagne f\u00fchrte zu 29 neuen Arbeitspl\u00e4tzen beim Software-Hersteller Opacc. Weitere Talente werden gesucht.","og_url":"https:\/\/www.organisator.ch\/en\/management\/2021-06-14\/rekrutierungskampagne-erfolgreich-opacc-foerdert-beruflichen-nachwuchs\/","og_site_name":"Organisator","article_publisher":"https:\/\/www.facebook.com\/OrganisatorFachmagazin","article_published_time":"2021-06-14T13:23:10+00:00","og_image":[{"width":680,"height":452,"url":"https:\/\/www.organisator.ch\/wp-content\/uploads\/2021\/06\/Rekrutierungskampagne-erfolgreich-Opacc-foerdert-beruflichen-Nachwuchs_Organisator.jpg","type":"image\/jpeg"}],"author":"thomas.berner","twitter_card":"summary_large_image","twitter_title":"#Rekrutierungskampagne erfolgreich - #Opacc f\u00f6rdert beruflichen Nachwuchs","twitter_description":"Eine erfolgreiche #Rekrutierungskampagne f\u00fchrte zu 29 neuen Arbeitspl\u00e4tzen beim #Software-Hersteller #Opacc. Weitere Talente werden gesucht.","twitter_image":"https:\/\/www.organisator.ch\/wp-content\/uploads\/2021\/06\/Rekrutierungskampagne-erfolgreich-Opacc-foerdert-beruflichen-Nachwuchs_Organisator.jpg","schema":{"@context":"https:\/\/schema.org","@graph":[{"@type":"Article","@id":"https:\/\/www.organisator.ch\/management\/2021-06-14\/rekrutierungskampagne-erfolgreich-opacc-foerdert-beruflichen-nachwuchs\/#article","isPartOf":{"@id":"https:\/\/www.organisator.ch\/management\/2021-06-14\/rekrutierungskampagne-erfolgreich-opacc-foerdert-beruflichen-nachwuchs\/"},"author":{"name":"thomas.berner","@id":"https:\/\/www.organisator.ch\/#\/schema\/person\/6f650f90b2842cd4c0cc334b4e36f67e"},"headline":"Rekrutierungskampagne erfolgreich &#8211; Opacc f\u00f6rdert beruflichen Nachwuchs","datePublished":"2021-06-14T13:23:10+00:00","mainEntityOfPage":{"@id":"https:\/\/www.organisator.ch\/management\/2021-06-14\/rekrutierungskampagne-erfolgreich-opacc-foerdert-beruflichen-nachwuchs\/"},"wordCount":442,"publisher":{"@id":"https:\/\/www.organisator.ch\/#organization"},"image":{"@id":"https:\/\/www.organisator.ch\/management\/2021-06-14\/rekrutierungskampagne-erfolgreich-opacc-foerdert-beruflichen-nachwuchs\/#primaryimage"},"thumbnailUrl":"https:\/\/www.organisator.ch\/wp-content\/uploads\/2021\/06\/Rekrutierungskampagne-erfolgreich-Opacc-foerdert-beruflichen-Nachwuchs_Organisator.jpg","keywords":["Aus-\/Weiterbildung","Fachkr\u00e4ftemangel","HRM","Rekrutierung","Unternehmen"],"articleSection":["MANAGEMENT"],"inLanguage":"en-US"},{"@type":"WebPage","@id":"https:\/\/www.organisator.ch\/management\/2021-06-14\/rekrutierungskampagne-erfolgreich-opacc-foerdert-beruflichen-nachwuchs\/","url":"https:\/\/www.organisator.ch\/management\/2021-06-14\/rekrutierungskampagne-erfolgreich-opacc-foerdert-beruflichen-nachwuchs\/","name":"Recruitment campaign successful - Opacc promotes young professionals - Organizer","isPartOf":{"@id":"https:\/\/www.organisator.ch\/#website"},"primaryImageOfPage":{"@id":"https:\/\/www.organisator.ch\/management\/2021-06-14\/rekrutierungskampagne-erfolgreich-opacc-foerdert-beruflichen-nachwuchs\/#primaryimage"},"image":{"@id":"https:\/\/www.organisator.ch\/management\/2021-06-14\/rekrutierungskampagne-erfolgreich-opacc-foerdert-beruflichen-nachwuchs\/#primaryimage"},"thumbnailUrl":"https:\/\/www.organisator.ch\/wp-content\/uploads\/2021\/06\/Rekrutierungskampagne-erfolgreich-Opacc-foerdert-beruflichen-Nachwuchs_Organisator.jpg","datePublished":"2021-06-14T13:23:10+00:00","description":"A successful recruitment campaign resulted in 29 new jobs at software manufacturer Opacc. Further talent is being sought.","breadcrumb":{"@id":"https:\/\/www.organisator.ch\/management\/2021-06-14\/rekrutierungskampagne-erfolgreich-opacc-foerdert-beruflichen-nachwuchs\/#breadcrumb"},"inLanguage":"en-US","potentialAction":[{"@type":"ReadAction","target":["https:\/\/www.organisator.ch\/management\/2021-06-14\/rekrutierungskampagne-erfolgreich-opacc-foerdert-beruflichen-nachwuchs\/"]}]},{"@type":"ImageObject","inLanguage":"en-US","@id":"https:\/\/www.organisator.ch\/management\/2021-06-14\/rekrutierungskampagne-erfolgreich-opacc-foerdert-beruflichen-nachwuchs\/#primaryimage","url":"https:\/\/www.organisator.ch\/wp-content\/uploads\/2021\/06\/Rekrutierungskampagne-erfolgreich-Opacc-foerdert-beruflichen-Nachwuchs_Organisator.jpg","contentUrl":"https:\/\/www.organisator.ch\/wp-content\/uploads\/2021\/06\/Rekrutierungskampagne-erfolgreich-Opacc-foerdert-beruflichen-Nachwuchs_Organisator.jpg","width":680,"height":452,"caption":"Lernende bei Opacc - und dank einer Rekrutierungskampagne konnten 29 weitere Fachkr\u00e4fte gewonnen werden. (Bild: Opacc Software)"},{"@type":"BreadcrumbList","@id":"https:\/\/www.organisator.ch\/management\/2021-06-14\/rekrutierungskampagne-erfolgreich-opacc-foerdert-beruflichen-nachwuchs\/#breadcrumb","itemListElement":[{"@type":"ListItem","position":1,"name":"Home","item":"https:\/\/www.organisator.ch\/"},{"@type":"ListItem","position":2,"name":"Rekrutierungskampagne erfolgreich &#8211; Opacc f\u00f6rdert beruflichen Nachwuchs"}]},{"@type":"WebSite","@id":"https:\/\/www.organisator.ch\/#website","url":"https:\/\/www.organisator.ch\/","name":"Organizer","description":"Competent. Practical. In 10 issues per year, ORGANISATOR presents the essential topics for managers of SMEs.","publisher":{"@id":"https:\/\/www.organisator.ch\/#organization"},"potentialAction":[{"@type":"SearchAction","target":{"@type":"EntryPoint","urlTemplate":"https:\/\/www.organisator.ch\/?s={search_term_string}"},"query-input":{"@type":"PropertyValueSpecification","valueRequired":true,"valueName":"search_term_string"}}],"inLanguage":"en-US"},{"@type":"Organization","@id":"https:\/\/www.organisator.ch\/#organization","name":"Organizer","url":"https:\/\/www.organisator.ch\/","logo":{"@type":"ImageObject","inLanguage":"en-US","@id":"https:\/\/www.organisator.ch\/#\/schema\/logo\/image\/","url":"https:\/\/www.organisator.ch\/wp-content\/uploads\/2022\/01\/Logo_Organisator_Website.png","contentUrl":"https:\/\/www.organisator.ch\/wp-content\/uploads\/2022\/01\/Logo_Organisator_Website.png","width":800,"height":77,"caption":"Organisator"},"image":{"@id":"https:\/\/www.organisator.ch\/#\/schema\/logo\/image\/"},"sameAs":["https:\/\/www.facebook.com\/OrganisatorFachmagazin","https:\/\/www.linkedin.com\/showcase\/organisator-das-magazin-fr-kmu","https:\/\/www.xing.com\/news\/pages\/organisator-ch-695","https:\/\/www.youtube.com\/channel\/UCGP2Sq0iWaZwT3BdIAQFYpw"]},{"@type":"Person","@id":"https:\/\/www.organisator.ch\/#\/schema\/person\/6f650f90b2842cd4c0cc334b4e36f67e","name":"thomas.berner","image":{"@type":"ImageObject","inLanguage":"en-US","@id":"https:\/\/secure.gravatar.com\/avatar\/ac5001d2a36cb6c6cd3e50789007ffca834b477b74a2144564522e944eabff61?s=96&d=mm&r=g","url":"https:\/\/secure.gravatar.com\/avatar\/ac5001d2a36cb6c6cd3e50789007ffca834b477b74a2144564522e944eabff61?s=96&d=mm&r=g","contentUrl":"https:\/\/secure.gravatar.com\/avatar\/ac5001d2a36cb6c6cd3e50789007ffca834b477b74a2144564522e944eabff61?s=96&d=mm&r=g","caption":"thomas.berner"},"url":"https:\/\/www.organisator.ch\/en\/author\/thomas-berner\/"}]}},"_links":{"self":[{"href":"https:\/\/www.organisator.ch\/en\/wp-json\/wp\/v2\/posts\/8148","targetHints":{"allow":["GET"]}}],"collection":[{"href":"https:\/\/www.organisator.ch\/en\/wp-json\/wp\/v2\/posts"}],"about":[{"href":"https:\/\/www.organisator.ch\/en\/wp-json\/wp\/v2\/types\/post"}],"author":[{"embeddable":true,"href":"https:\/\/www.organisator.ch\/en\/wp-json\/wp\/v2\/users\/4"}],"replies":[{"embeddable":true,"href":"https:\/\/www.organisator.ch\/en\/wp-json\/wp\/v2\/comments?post=8148"}],"version-history":[{"count":0,"href":"https:\/\/www.organisator.ch\/en\/wp-json\/wp\/v2\/posts\/8148\/revisions"}],"wp:featuredmedia":[{"embeddable":true,"href":"https:\/\/www.organisator.ch\/en\/wp-json\/wp\/v2\/media\/8149"}],"wp:attachment":[{"href":"https:\/\/www.organisator.ch\/en\/wp-json\/wp\/v2\/media?parent=8148"}],"wp:term":[{"taxonomy":"category","embeddable":true,"href":"https:\/\/www.organisator.ch\/en\/wp-json\/wp\/v2\/categories?post=8148"},{"taxonomy":"post_tag","embeddable":true,"href":"https:\/\/www.organisator.ch\/en\/wp-json\/wp\/v2\/tags?post=8148"}],"curies":[{"name":"wp","href":"https:\/\/api.w.org\/{rel}","templated":true}]}}