{"id":8154,"date":"2021-06-15T13:51:51","date_gmt":"2021-06-15T11:51:51","guid":{"rendered":"https:\/\/www.organisator.ch\/?p=8154"},"modified":"2021-06-15T13:51:51","modified_gmt":"2021-06-15T11:51:51","slug":"leadership-trendbarometer-verlust-des-teamspirits-befuerchtet","status":"publish","type":"post","link":"https:\/\/www.organisator.ch\/en\/management\/2021-06-15\/leadership-trendbarometer-verlust-des-teamspirits-befuerchtet\/","title":{"rendered":"Leadership Trend Barometer: Loss of team spirit feared"},"content":{"rendered":"<figure id=\"attachment_8155\" aria-describedby=\"caption-attachment-8155\" style=\"width: 680px\" class=\"wp-caption alignnone\"><img loading=\"lazy\" decoding=\"async\" class=\"size-medium wp-image-8155\" src=\"https:\/\/www.organisator.ch\/wp-content\/uploads\/2021\/06\/Leadership-Trendbarometer-Verlust-des-Teamspirits-befuerchtet-1_Organisator.jpg\" alt=\"\" width=\"680\" height=\"453\" srcset=\"https:\/\/www.organisator.ch\/wp-content\/uploads\/2021\/06\/Leadership-Trendbarometer-Verlust-des-Teamspirits-befuerchtet-1_Organisator.jpg 680w, https:\/\/www.organisator.ch\/wp-content\/uploads\/2021\/06\/Leadership-Trendbarometer-Verlust-des-Teamspirits-befuerchtet-1_Organisator-16x12.jpg 16w, https:\/\/www.organisator.ch\/wp-content\/uploads\/2021\/06\/Leadership-Trendbarometer-Verlust-des-Teamspirits-befuerchtet-1_Organisator-263x175.jpg 263w, https:\/\/www.organisator.ch\/wp-content\/uploads\/2021\/06\/Leadership-Trendbarometer-Verlust-des-Teamspirits-befuerchtet-1_Organisator-525x350.jpg 525w, https:\/\/www.organisator.ch\/wp-content\/uploads\/2021\/06\/Leadership-Trendbarometer-Verlust-des-Teamspirits-befuerchtet-1_Organisator-300x200.jpg 300w\" sizes=\"auto, (max-width: 680px) 100vw, 680px\" \/><figcaption id=\"caption-attachment-8155\" class=\"wp-caption-text\">Does the team spirit get lost in hybrid forms of work? For Barbara Liebermeister, head of IFIDZ, this is a key finding from the latest Leadership Trend Barometer. (Image: zVg \/ IFIDZ)<\/figcaption><\/figure>\n<p>Many companies are currently confronted with the desire of a part of their employees to work in the home office even after the corona-related \"lockdown\" and are trying to comply with this. As a result, their managers are increasingly faced with the challenge of managing so-called hybrid teams - teams in which one part of the employees continues to work at the company while another part works in the home office or at another location of their choice. That's why the Institute for Executives in the Digital Age (IFIDZ), Frankfurt, decided to dedicate its latest Leadership Trend Barometer to the question: \"From your perspective, what are the biggest challenges in leading hybrid teams?\" 159 executives took part in the online survey. Already half a year ago, IFIDZ conducted an <a href=\"https:\/\/www.organisator.ch\/leadership-trendbarometer-fuehrung-erlebt-in-der-corona-krise-eine-renaissance\/\">similar study<\/a> published, which highlighted changes in leadership culture in the wake of the Corona Pandemei.<\/p>\n<h2>Only 16 percent of executives fear loss of control<\/h2>\n<p>The first striking aspect of the survey results is that the majority of executives apparently do not fear that team performance will suffer as a result of working in hybrid teams. For example, only 15 percent see a risk that employee motivation will decline as a result, and only 13 percent see a risk that goal orientation at work will suffer as a result. And only 9 percent fear or have experienced that this will have a negative impact on the quality of work. According to Barbara Liebermeister, head of the IFIDZ, most managers seem to be relaxed about the final decision on the extent to which their employees will work in the company or at home in the future - at least when it comes to the performance of their department. This assessment is supported, among other things, by the fact that only 16 percent of executives fear a loss of control when working in hybrid teams.<\/p>\n<figure id=\"attachment_8156\" aria-describedby=\"caption-attachment-8156\" style=\"width: 680px\" class=\"wp-caption alignnone\"><img loading=\"lazy\" decoding=\"async\" class=\"size-medium wp-image-8156\" src=\"https:\/\/www.organisator.ch\/wp-content\/uploads\/2021\/06\/Leadership-Trendbarometer-Verlust-des-Teamspirits-befuerchtet-2_Organisator.jpg\" alt=\"\" width=\"680\" height=\"335\" srcset=\"https:\/\/www.organisator.ch\/wp-content\/uploads\/2021\/06\/Leadership-Trendbarometer-Verlust-des-Teamspirits-befuerchtet-2_Organisator.jpg 680w, https:\/\/www.organisator.ch\/wp-content\/uploads\/2021\/06\/Leadership-Trendbarometer-Verlust-des-Teamspirits-befuerchtet-2_Organisator-16x8.jpg 16w, https:\/\/www.organisator.ch\/wp-content\/uploads\/2021\/06\/Leadership-Trendbarometer-Verlust-des-Teamspirits-befuerchtet-2_Organisator-355x175.jpg 355w, https:\/\/www.organisator.ch\/wp-content\/uploads\/2021\/06\/Leadership-Trendbarometer-Verlust-des-Teamspirits-befuerchtet-2_Organisator-300x148.jpg 300w\" sizes=\"auto, (max-width: 680px) 100vw, 680px\" \/><figcaption id=\"caption-attachment-8156\" class=\"wp-caption-text\">Results from the latest Leadership Trend Barometer. (Image: zVg \/ IFIDZ)<\/figcaption><\/figure>\n<h2>Leadership trend barometer highlights challenges of hybrid work<\/h2>\n<p>At the same time, however, it is striking that - presumably also due to the experiences of the past year - the majority of managers do not see working in hybrid teams through \"rose-colored glasses\" at all. Rather, according to Liebermeister, they see the two sides of the coin. Thus, only 9 percent agree with the statement \"I see no dangers, only opportunities\" in working in hybrid teams. For almost two-thirds of the executives surveyed, this form of collaboration poses the risk, for example, that individual employees will feel isolated. In addition, 54 percent see a risk that identification with the team will decline. One-third of those surveyed can also imagine that a certain front formation will develop in their team between the office and home office employees. In the opinion of the managers, these risks must be counteracted. Communication and mutual information obviously play a central role here, as around half of those surveyed are convinced that working in hybrid teams is definitely associated with the risk of \"insufficient communication\" (53 percent) and an \"insufficient flow of information\" (47 percent). This is where they see the greatest need for change.<\/p>\n<p><em>For more information on the results of the latest IFIDZ Leadership Trendbarometer, please visit the IFIDZ website (<a href=\"http:\/\/www.ifidz.de\">www.ifidz.de<\/a>) in the studies section.<\/em><\/p>","protected":false},"excerpt":{"rendered":"<p>Viele Unternehmen sehen sich zur Zeit mit dem Wunsch eines Teils ihrer Mitarbeitenden konfrontiert, auch nach dem corona-bedingten \u201eLockdown\u201c im Homeoffice zu arbeiten und versuchen diesem zu entsprechen. Deshalb stehen ihre F\u00fchrungskr\u00e4fte vermehrt vor der Herausforderung, sogenannte hybride Teams zu f\u00fchren \u2013 also Teams, bei denen ein Teil der Mitarbeiter weiterhin im Betrieb arbeitet, w\u00e4hrend [&hellip;]<\/p>\n","protected":false},"author":4,"featured_media":8155,"comment_status":"closed","ping_status":"closed","sticky":false,"template":"","format":"standard","meta":{"_acf_changed":false,"_yoast_wpseo_focuskw":"Leadership-Trendbarometer","_yoast_wpseo_metadesc":"Leadership-Trendbarometer zeigt: Das F\u00fchren hybrider Teams insbesondere im Bereich Kommunikation bringt teils neue Herausforderungen.","articlekey":"","footnotes":""},"categories":[28],"tags":[320,335,459,474],"class_list":["post-8154","post","type-post","status-publish","format-standard","has-post-thumbnail","hentry","category-management","tag-leadership","tag-management-und-unternehmensfuehrung","tag-studie","tag-teamspirit"],"acf":[],"yoast_head":"<!-- This site is optimized with the Yoast SEO plugin v27.5 - https:\/\/yoast.com\/product\/yoast-seo-wordpress\/ -->\n<title>Leadership-Trendbarometer: Verlust des Teamspirits bef\u00fcrchtet - Organisator<\/title>\n<meta name=\"description\" content=\"Leadership-Trendbarometer zeigt: Das F\u00fchren hybrider Teams insbesondere im Bereich Kommunikation bringt teils neue Herausforderungen.\" \/>\n<meta name=\"robots\" content=\"index, follow, max-snippet:-1, max-image-preview:large, max-video-preview:-1\" \/>\n<link rel=\"canonical\" href=\"https:\/\/www.organisator.ch\/en\/management\/2021-06-15\/leadership-trendbarometer-verlust-des-teamspirits-befuerchtet\/\" \/>\n<meta property=\"og:locale\" content=\"en_US\" \/>\n<meta property=\"og:type\" content=\"article\" \/>\n<meta property=\"og:title\" content=\"Leadership-Trendbarometer: Verlust des Teamspirits bef\u00fcrchtet\" \/>\n<meta property=\"og:description\" content=\"Leadership-Trendbarometer zeigt: Das F\u00fchren hybrider Teams insbesondere im Bereich Kommunikation bringt teils neue Herausforderungen.\" \/>\n<meta property=\"og:url\" content=\"https:\/\/www.organisator.ch\/en\/management\/2021-06-15\/leadership-trendbarometer-verlust-des-teamspirits-befuerchtet\/\" \/>\n<meta property=\"og:site_name\" content=\"Organisator\" \/>\n<meta property=\"article:publisher\" content=\"https:\/\/www.facebook.com\/OrganisatorFachmagazin\" \/>\n<meta property=\"article:published_time\" content=\"2021-06-15T11:51:51+00:00\" \/>\n<meta property=\"og:image\" content=\"https:\/\/www.organisator.ch\/wp-content\/uploads\/2021\/06\/Leadership-Trendbarometer-Verlust-des-Teamspirits-befuerchtet-1_Organisator.jpg\" \/>\n\t<meta property=\"og:image:width\" content=\"680\" \/>\n\t<meta property=\"og:image:height\" content=\"453\" \/>\n\t<meta property=\"og:image:type\" content=\"image\/jpeg\" \/>\n<meta name=\"author\" content=\"thomas.berner\" \/>\n<meta name=\"twitter:card\" content=\"summary_large_image\" \/>\n<meta name=\"twitter:title\" content=\"#Leadership-Trendbarometer: Verlust des #Teamspirits bef\u00fcrchtet\" \/>\n<meta name=\"twitter:description\" content=\"#Leadership-Trendbarometer zeigt: Das F\u00fchren #hybrider Teams insbesondere im Bereich #Kommunikation bringt teils neue Herausforderungen.\" \/>\n<meta name=\"twitter:image\" content=\"https:\/\/www.organisator.ch\/wp-content\/uploads\/2021\/06\/Leadership-Trendbarometer-Verlust-des-Teamspirits-befuerchtet-1_Organisator.jpg\" \/>\n<script type=\"application\/ld+json\" class=\"yoast-schema-graph\">{\"@context\":\"https:\\\/\\\/schema.org\",\"@graph\":[{\"@type\":\"Article\",\"@id\":\"https:\\\/\\\/www.organisator.ch\\\/management\\\/2021-06-15\\\/leadership-trendbarometer-verlust-des-teamspirits-befuerchtet\\\/#article\",\"isPartOf\":{\"@id\":\"https:\\\/\\\/www.organisator.ch\\\/management\\\/2021-06-15\\\/leadership-trendbarometer-verlust-des-teamspirits-befuerchtet\\\/\"},\"author\":{\"name\":\"thomas.berner\",\"@id\":\"https:\\\/\\\/www.organisator.ch\\\/#\\\/schema\\\/person\\\/6f650f90b2842cd4c0cc334b4e36f67e\"},\"headline\":\"Leadership-Trendbarometer: Verlust des Teamspirits bef\u00fcrchtet\",\"datePublished\":\"2021-06-15T11:51:51+00:00\",\"mainEntityOfPage\":{\"@id\":\"https:\\\/\\\/www.organisator.ch\\\/management\\\/2021-06-15\\\/leadership-trendbarometer-verlust-des-teamspirits-befuerchtet\\\/\"},\"wordCount\":568,\"publisher\":{\"@id\":\"https:\\\/\\\/www.organisator.ch\\\/#organization\"},\"image\":{\"@id\":\"https:\\\/\\\/www.organisator.ch\\\/management\\\/2021-06-15\\\/leadership-trendbarometer-verlust-des-teamspirits-befuerchtet\\\/#primaryimage\"},\"thumbnailUrl\":\"https:\\\/\\\/www.organisator.ch\\\/wp-content\\\/uploads\\\/2021\\\/06\\\/Leadership-Trendbarometer-Verlust-des-Teamspirits-befuerchtet-1_Organisator.jpg\",\"keywords\":[\"Leadership\",\"Management und Unternehmensf\u00fchrung\",\"Studie\",\"Teamspirit\"],\"articleSection\":[\"MANAGEMENT\"],\"inLanguage\":\"en-US\"},{\"@type\":\"WebPage\",\"@id\":\"https:\\\/\\\/www.organisator.ch\\\/management\\\/2021-06-15\\\/leadership-trendbarometer-verlust-des-teamspirits-befuerchtet\\\/\",\"url\":\"https:\\\/\\\/www.organisator.ch\\\/management\\\/2021-06-15\\\/leadership-trendbarometer-verlust-des-teamspirits-befuerchtet\\\/\",\"name\":\"Leadership-Trendbarometer: Verlust des Teamspirits bef\u00fcrchtet - Organisator\",\"isPartOf\":{\"@id\":\"https:\\\/\\\/www.organisator.ch\\\/#website\"},\"primaryImageOfPage\":{\"@id\":\"https:\\\/\\\/www.organisator.ch\\\/management\\\/2021-06-15\\\/leadership-trendbarometer-verlust-des-teamspirits-befuerchtet\\\/#primaryimage\"},\"image\":{\"@id\":\"https:\\\/\\\/www.organisator.ch\\\/management\\\/2021-06-15\\\/leadership-trendbarometer-verlust-des-teamspirits-befuerchtet\\\/#primaryimage\"},\"thumbnailUrl\":\"https:\\\/\\\/www.organisator.ch\\\/wp-content\\\/uploads\\\/2021\\\/06\\\/Leadership-Trendbarometer-Verlust-des-Teamspirits-befuerchtet-1_Organisator.jpg\",\"datePublished\":\"2021-06-15T11:51:51+00:00\",\"description\":\"Leadership-Trendbarometer zeigt: Das F\u00fchren hybrider Teams insbesondere im Bereich Kommunikation bringt teils neue Herausforderungen.\",\"breadcrumb\":{\"@id\":\"https:\\\/\\\/www.organisator.ch\\\/management\\\/2021-06-15\\\/leadership-trendbarometer-verlust-des-teamspirits-befuerchtet\\\/#breadcrumb\"},\"inLanguage\":\"en-US\",\"potentialAction\":[{\"@type\":\"ReadAction\",\"target\":[\"https:\\\/\\\/www.organisator.ch\\\/management\\\/2021-06-15\\\/leadership-trendbarometer-verlust-des-teamspirits-befuerchtet\\\/\"]}]},{\"@type\":\"ImageObject\",\"inLanguage\":\"en-US\",\"@id\":\"https:\\\/\\\/www.organisator.ch\\\/management\\\/2021-06-15\\\/leadership-trendbarometer-verlust-des-teamspirits-befuerchtet\\\/#primaryimage\",\"url\":\"https:\\\/\\\/www.organisator.ch\\\/wp-content\\\/uploads\\\/2021\\\/06\\\/Leadership-Trendbarometer-Verlust-des-Teamspirits-befuerchtet-1_Organisator.jpg\",\"contentUrl\":\"https:\\\/\\\/www.organisator.ch\\\/wp-content\\\/uploads\\\/2021\\\/06\\\/Leadership-Trendbarometer-Verlust-des-Teamspirits-befuerchtet-1_Organisator.jpg\",\"width\":680,\"height\":453,\"caption\":\"Geht bei hybriden Arbeitsformen der Teamspirit verloren? Barbara Liebermeister, Leiterin des IFIDZ, pr\u00e4sentiert die Ergebnisse des j\u00fcngsten Leadership-Trendbarometers. (Bild: zVg \\\/ IFIDZ)\"},{\"@type\":\"BreadcrumbList\",\"@id\":\"https:\\\/\\\/www.organisator.ch\\\/management\\\/2021-06-15\\\/leadership-trendbarometer-verlust-des-teamspirits-befuerchtet\\\/#breadcrumb\",\"itemListElement\":[{\"@type\":\"ListItem\",\"position\":1,\"name\":\"Home\",\"item\":\"https:\\\/\\\/www.organisator.ch\\\/\"},{\"@type\":\"ListItem\",\"position\":2,\"name\":\"Leadership-Trendbarometer: Verlust des Teamspirits bef\u00fcrchtet\"}]},{\"@type\":\"WebSite\",\"@id\":\"https:\\\/\\\/www.organisator.ch\\\/#website\",\"url\":\"https:\\\/\\\/www.organisator.ch\\\/\",\"name\":\"Organisator\",\"description\":\"Kompetent. Praxisnah. Der ORGANISATOR bereitet in 10 Ausgaben pro Jahr die wesentlichen Themen f\u00fcr F\u00fchrungskr\u00e4fte von KMU auf.\",\"publisher\":{\"@id\":\"https:\\\/\\\/www.organisator.ch\\\/#organization\"},\"potentialAction\":[{\"@type\":\"SearchAction\",\"target\":{\"@type\":\"EntryPoint\",\"urlTemplate\":\"https:\\\/\\\/www.organisator.ch\\\/?s={search_term_string}\"},\"query-input\":{\"@type\":\"PropertyValueSpecification\",\"valueRequired\":true,\"valueName\":\"search_term_string\"}}],\"inLanguage\":\"en-US\"},{\"@type\":\"Organization\",\"@id\":\"https:\\\/\\\/www.organisator.ch\\\/#organization\",\"name\":\"Organisator\",\"url\":\"https:\\\/\\\/www.organisator.ch\\\/\",\"logo\":{\"@type\":\"ImageObject\",\"inLanguage\":\"en-US\",\"@id\":\"https:\\\/\\\/www.organisator.ch\\\/#\\\/schema\\\/logo\\\/image\\\/\",\"url\":\"https:\\\/\\\/www.organisator.ch\\\/wp-content\\\/uploads\\\/2022\\\/01\\\/Logo_Organisator_Website.png\",\"contentUrl\":\"https:\\\/\\\/www.organisator.ch\\\/wp-content\\\/uploads\\\/2022\\\/01\\\/Logo_Organisator_Website.png\",\"width\":800,\"height\":77,\"caption\":\"Organisator\"},\"image\":{\"@id\":\"https:\\\/\\\/www.organisator.ch\\\/#\\\/schema\\\/logo\\\/image\\\/\"},\"sameAs\":[\"https:\\\/\\\/www.facebook.com\\\/OrganisatorFachmagazin\",\"https:\\\/\\\/www.linkedin.com\\\/showcase\\\/organisator-das-magazin-fr-kmu\",\"https:\\\/\\\/www.xing.com\\\/news\\\/pages\\\/organisator-ch-695\",\"https:\\\/\\\/www.youtube.com\\\/channel\\\/UCGP2Sq0iWaZwT3BdIAQFYpw\"]},{\"@type\":\"Person\",\"@id\":\"https:\\\/\\\/www.organisator.ch\\\/#\\\/schema\\\/person\\\/6f650f90b2842cd4c0cc334b4e36f67e\",\"name\":\"thomas.berner\",\"image\":{\"@type\":\"ImageObject\",\"inLanguage\":\"en-US\",\"@id\":\"https:\\\/\\\/secure.gravatar.com\\\/avatar\\\/ac5001d2a36cb6c6cd3e50789007ffca834b477b74a2144564522e944eabff61?s=96&d=mm&r=g\",\"url\":\"https:\\\/\\\/secure.gravatar.com\\\/avatar\\\/ac5001d2a36cb6c6cd3e50789007ffca834b477b74a2144564522e944eabff61?s=96&d=mm&r=g\",\"contentUrl\":\"https:\\\/\\\/secure.gravatar.com\\\/avatar\\\/ac5001d2a36cb6c6cd3e50789007ffca834b477b74a2144564522e944eabff61?s=96&d=mm&r=g\",\"caption\":\"thomas.berner\"},\"url\":\"https:\\\/\\\/www.organisator.ch\\\/en\\\/author\\\/thomas-berner\\\/\"}]}<\/script>\n<!-- \/ Yoast SEO plugin. -->","yoast_head_json":{"title":"Leadership Trend Barometer: Loss of team spirit feared - Organizer","description":"Leadership trend barometer shows: Leading hybrid teams, especially in the area of communication, brings new challenges in some cases.","robots":{"index":"index","follow":"follow","max-snippet":"max-snippet:-1","max-image-preview":"max-image-preview:large","max-video-preview":"max-video-preview:-1"},"canonical":"https:\/\/www.organisator.ch\/en\/management\/2021-06-15\/leadership-trendbarometer-verlust-des-teamspirits-befuerchtet\/","og_locale":"en_US","og_type":"article","og_title":"Leadership-Trendbarometer: Verlust des Teamspirits bef\u00fcrchtet","og_description":"Leadership-Trendbarometer zeigt: Das F\u00fchren hybrider Teams insbesondere im Bereich Kommunikation bringt teils neue Herausforderungen.","og_url":"https:\/\/www.organisator.ch\/en\/management\/2021-06-15\/leadership-trendbarometer-verlust-des-teamspirits-befuerchtet\/","og_site_name":"Organisator","article_publisher":"https:\/\/www.facebook.com\/OrganisatorFachmagazin","article_published_time":"2021-06-15T11:51:51+00:00","og_image":[{"width":680,"height":453,"url":"https:\/\/www.organisator.ch\/wp-content\/uploads\/2021\/06\/Leadership-Trendbarometer-Verlust-des-Teamspirits-befuerchtet-1_Organisator.jpg","type":"image\/jpeg"}],"author":"thomas.berner","twitter_card":"summary_large_image","twitter_title":"#Leadership-Trendbarometer: Verlust des #Teamspirits bef\u00fcrchtet","twitter_description":"#Leadership-Trendbarometer zeigt: Das F\u00fchren #hybrider Teams insbesondere im Bereich #Kommunikation bringt teils neue Herausforderungen.","twitter_image":"https:\/\/www.organisator.ch\/wp-content\/uploads\/2021\/06\/Leadership-Trendbarometer-Verlust-des-Teamspirits-befuerchtet-1_Organisator.jpg","schema":{"@context":"https:\/\/schema.org","@graph":[{"@type":"Article","@id":"https:\/\/www.organisator.ch\/management\/2021-06-15\/leadership-trendbarometer-verlust-des-teamspirits-befuerchtet\/#article","isPartOf":{"@id":"https:\/\/www.organisator.ch\/management\/2021-06-15\/leadership-trendbarometer-verlust-des-teamspirits-befuerchtet\/"},"author":{"name":"thomas.berner","@id":"https:\/\/www.organisator.ch\/#\/schema\/person\/6f650f90b2842cd4c0cc334b4e36f67e"},"headline":"Leadership-Trendbarometer: Verlust des Teamspirits bef\u00fcrchtet","datePublished":"2021-06-15T11:51:51+00:00","mainEntityOfPage":{"@id":"https:\/\/www.organisator.ch\/management\/2021-06-15\/leadership-trendbarometer-verlust-des-teamspirits-befuerchtet\/"},"wordCount":568,"publisher":{"@id":"https:\/\/www.organisator.ch\/#organization"},"image":{"@id":"https:\/\/www.organisator.ch\/management\/2021-06-15\/leadership-trendbarometer-verlust-des-teamspirits-befuerchtet\/#primaryimage"},"thumbnailUrl":"https:\/\/www.organisator.ch\/wp-content\/uploads\/2021\/06\/Leadership-Trendbarometer-Verlust-des-Teamspirits-befuerchtet-1_Organisator.jpg","keywords":["Leadership","Management und Unternehmensf\u00fchrung","Studie","Teamspirit"],"articleSection":["MANAGEMENT"],"inLanguage":"en-US"},{"@type":"WebPage","@id":"https:\/\/www.organisator.ch\/management\/2021-06-15\/leadership-trendbarometer-verlust-des-teamspirits-befuerchtet\/","url":"https:\/\/www.organisator.ch\/management\/2021-06-15\/leadership-trendbarometer-verlust-des-teamspirits-befuerchtet\/","name":"Leadership Trend Barometer: Loss of team spirit feared - Organizer","isPartOf":{"@id":"https:\/\/www.organisator.ch\/#website"},"primaryImageOfPage":{"@id":"https:\/\/www.organisator.ch\/management\/2021-06-15\/leadership-trendbarometer-verlust-des-teamspirits-befuerchtet\/#primaryimage"},"image":{"@id":"https:\/\/www.organisator.ch\/management\/2021-06-15\/leadership-trendbarometer-verlust-des-teamspirits-befuerchtet\/#primaryimage"},"thumbnailUrl":"https:\/\/www.organisator.ch\/wp-content\/uploads\/2021\/06\/Leadership-Trendbarometer-Verlust-des-Teamspirits-befuerchtet-1_Organisator.jpg","datePublished":"2021-06-15T11:51:51+00:00","description":"Leadership trend barometer shows: Leading hybrid teams, especially in the area of communication, brings new challenges in some cases.","breadcrumb":{"@id":"https:\/\/www.organisator.ch\/management\/2021-06-15\/leadership-trendbarometer-verlust-des-teamspirits-befuerchtet\/#breadcrumb"},"inLanguage":"en-US","potentialAction":[{"@type":"ReadAction","target":["https:\/\/www.organisator.ch\/management\/2021-06-15\/leadership-trendbarometer-verlust-des-teamspirits-befuerchtet\/"]}]},{"@type":"ImageObject","inLanguage":"en-US","@id":"https:\/\/www.organisator.ch\/management\/2021-06-15\/leadership-trendbarometer-verlust-des-teamspirits-befuerchtet\/#primaryimage","url":"https:\/\/www.organisator.ch\/wp-content\/uploads\/2021\/06\/Leadership-Trendbarometer-Verlust-des-Teamspirits-befuerchtet-1_Organisator.jpg","contentUrl":"https:\/\/www.organisator.ch\/wp-content\/uploads\/2021\/06\/Leadership-Trendbarometer-Verlust-des-Teamspirits-befuerchtet-1_Organisator.jpg","width":680,"height":453,"caption":"Geht bei hybriden Arbeitsformen der Teamspirit verloren? Barbara Liebermeister, Leiterin des IFIDZ, pr\u00e4sentiert die Ergebnisse des j\u00fcngsten Leadership-Trendbarometers. (Bild: zVg \/ IFIDZ)"},{"@type":"BreadcrumbList","@id":"https:\/\/www.organisator.ch\/management\/2021-06-15\/leadership-trendbarometer-verlust-des-teamspirits-befuerchtet\/#breadcrumb","itemListElement":[{"@type":"ListItem","position":1,"name":"Home","item":"https:\/\/www.organisator.ch\/"},{"@type":"ListItem","position":2,"name":"Leadership-Trendbarometer: Verlust des Teamspirits bef\u00fcrchtet"}]},{"@type":"WebSite","@id":"https:\/\/www.organisator.ch\/#website","url":"https:\/\/www.organisator.ch\/","name":"Organizer","description":"Competent. Practical. In 10 issues per year, ORGANISATOR presents the essential topics for managers of SMEs.","publisher":{"@id":"https:\/\/www.organisator.ch\/#organization"},"potentialAction":[{"@type":"SearchAction","target":{"@type":"EntryPoint","urlTemplate":"https:\/\/www.organisator.ch\/?s={search_term_string}"},"query-input":{"@type":"PropertyValueSpecification","valueRequired":true,"valueName":"search_term_string"}}],"inLanguage":"en-US"},{"@type":"Organization","@id":"https:\/\/www.organisator.ch\/#organization","name":"Organizer","url":"https:\/\/www.organisator.ch\/","logo":{"@type":"ImageObject","inLanguage":"en-US","@id":"https:\/\/www.organisator.ch\/#\/schema\/logo\/image\/","url":"https:\/\/www.organisator.ch\/wp-content\/uploads\/2022\/01\/Logo_Organisator_Website.png","contentUrl":"https:\/\/www.organisator.ch\/wp-content\/uploads\/2022\/01\/Logo_Organisator_Website.png","width":800,"height":77,"caption":"Organisator"},"image":{"@id":"https:\/\/www.organisator.ch\/#\/schema\/logo\/image\/"},"sameAs":["https:\/\/www.facebook.com\/OrganisatorFachmagazin","https:\/\/www.linkedin.com\/showcase\/organisator-das-magazin-fr-kmu","https:\/\/www.xing.com\/news\/pages\/organisator-ch-695","https:\/\/www.youtube.com\/channel\/UCGP2Sq0iWaZwT3BdIAQFYpw"]},{"@type":"Person","@id":"https:\/\/www.organisator.ch\/#\/schema\/person\/6f650f90b2842cd4c0cc334b4e36f67e","name":"thomas.berner","image":{"@type":"ImageObject","inLanguage":"en-US","@id":"https:\/\/secure.gravatar.com\/avatar\/ac5001d2a36cb6c6cd3e50789007ffca834b477b74a2144564522e944eabff61?s=96&d=mm&r=g","url":"https:\/\/secure.gravatar.com\/avatar\/ac5001d2a36cb6c6cd3e50789007ffca834b477b74a2144564522e944eabff61?s=96&d=mm&r=g","contentUrl":"https:\/\/secure.gravatar.com\/avatar\/ac5001d2a36cb6c6cd3e50789007ffca834b477b74a2144564522e944eabff61?s=96&d=mm&r=g","caption":"thomas.berner"},"url":"https:\/\/www.organisator.ch\/en\/author\/thomas-berner\/"}]}},"_links":{"self":[{"href":"https:\/\/www.organisator.ch\/en\/wp-json\/wp\/v2\/posts\/8154","targetHints":{"allow":["GET"]}}],"collection":[{"href":"https:\/\/www.organisator.ch\/en\/wp-json\/wp\/v2\/posts"}],"about":[{"href":"https:\/\/www.organisator.ch\/en\/wp-json\/wp\/v2\/types\/post"}],"author":[{"embeddable":true,"href":"https:\/\/www.organisator.ch\/en\/wp-json\/wp\/v2\/users\/4"}],"replies":[{"embeddable":true,"href":"https:\/\/www.organisator.ch\/en\/wp-json\/wp\/v2\/comments?post=8154"}],"version-history":[{"count":0,"href":"https:\/\/www.organisator.ch\/en\/wp-json\/wp\/v2\/posts\/8154\/revisions"}],"wp:featuredmedia":[{"embeddable":true,"href":"https:\/\/www.organisator.ch\/en\/wp-json\/wp\/v2\/media\/8155"}],"wp:attachment":[{"href":"https:\/\/www.organisator.ch\/en\/wp-json\/wp\/v2\/media?parent=8154"}],"wp:term":[{"taxonomy":"category","embeddable":true,"href":"https:\/\/www.organisator.ch\/en\/wp-json\/wp\/v2\/categories?post=8154"},{"taxonomy":"post_tag","embeddable":true,"href":"https:\/\/www.organisator.ch\/en\/wp-json\/wp\/v2\/tags?post=8154"}],"curies":[{"name":"wp","href":"https:\/\/api.w.org\/{rel}","templated":true}]}}