{"id":816,"date":"2016-09-16T17:06:07","date_gmt":"2016-09-16T15:06:07","guid":{"rendered":"http:\/\/dev.organisator.ch\/?p=816"},"modified":"2016-09-16T17:06:07","modified_gmt":"2016-09-16T15:06:07","slug":"how-can-a-kmu-be-a-brand","status":"publish","type":"post","link":"https:\/\/www.organisator.ch\/en\/marketing\/2016-09-16\/wie-wird-aus-einem-kmu-eine-marke\/","title":{"rendered":"How does an SME become a brand?"},"content":{"rendered":"<figure id=\"attachment_819\" aria-describedby=\"caption-attachment-819\" style=\"width: 640px\" class=\"wp-caption alignnone\"><img loading=\"lazy\" decoding=\"async\" class=\"size-full wp-image-819\" src=\"https:\/\/www.organisator.ch\/wp-content\/uploads\/2016\/12\/Wie-wird-aus-einem-KMU-eine-Marke-organisator.jpg\" alt=\"\" width=\"640\" height=\"480\" srcset=\"https:\/\/www.organisator.ch\/wp-content\/uploads\/2016\/12\/Wie-wird-aus-einem-KMU-eine-Marke-organisator.jpg 640w, https:\/\/www.organisator.ch\/wp-content\/uploads\/2016\/12\/Wie-wird-aus-einem-KMU-eine-Marke-organisator-16x12.jpg 16w, https:\/\/www.organisator.ch\/wp-content\/uploads\/2016\/12\/Wie-wird-aus-einem-KMU-eine-Marke-organisator-233x175.jpg 233w, https:\/\/www.organisator.ch\/wp-content\/uploads\/2016\/12\/Wie-wird-aus-einem-KMU-eine-Marke-organisator-467x350.jpg 467w, https:\/\/www.organisator.ch\/wp-content\/uploads\/2016\/12\/Wie-wird-aus-einem-KMU-eine-Marke-organisator-300x225.jpg 300w\" sizes=\"auto, (max-width: 640px) 100vw, 640px\" \/><figcaption id=\"caption-attachment-819\" class=\"wp-caption-text\">Roundtable discussion with Carla Kaufmann, Partner companymarket ag, Stefan R\u00fcssli, Managing Director of Assessa GmbH, and Giacomo Garaventa, M&amp;A consultant of nachfolger.ch. (Photo: Fabrice M\u00fcller)<\/figcaption><\/figure>\n<figure id=\"attachment_822\" aria-describedby=\"caption-attachment-822\" style=\"width: 680px\" class=\"wp-caption alignnone\"><img loading=\"lazy\" decoding=\"async\" class=\"wp-image-822 size-medium\" src=\"https:\/\/organisator.ch\/wp-content\/uploads\/2016\/12\/Wie-wird-aus-einem-KMU-eine-Marke2-organisator.jpg\" width=\"680\" height=\"567\" srcset=\"https:\/\/www.organisator.ch\/wp-content\/uploads\/2016\/12\/Wie-wird-aus-einem-KMU-eine-Marke2-organisator.jpg 2400w, https:\/\/www.organisator.ch\/wp-content\/uploads\/2016\/12\/Wie-wird-aus-einem-KMU-eine-Marke2-organisator-680x567.jpg 680w, https:\/\/www.organisator.ch\/wp-content\/uploads\/2016\/12\/Wie-wird-aus-einem-KMU-eine-Marke2-organisator-1024x853.jpg 1024w, https:\/\/www.organisator.ch\/wp-content\/uploads\/2016\/12\/Wie-wird-aus-einem-KMU-eine-Marke2-organisator-768x640.jpg 768w, https:\/\/www.organisator.ch\/wp-content\/uploads\/2016\/12\/Wie-wird-aus-einem-KMU-eine-Marke2-organisator-1536x1280.jpg 1536w, https:\/\/www.organisator.ch\/wp-content\/uploads\/2016\/12\/Wie-wird-aus-einem-KMU-eine-Marke2-organisator-2048x1707.jpg 2048w, https:\/\/www.organisator.ch\/wp-content\/uploads\/2016\/12\/Wie-wird-aus-einem-KMU-eine-Marke2-organisator-14x12.jpg 14w, https:\/\/www.organisator.ch\/wp-content\/uploads\/2016\/12\/Wie-wird-aus-einem-KMU-eine-Marke2-organisator-210x175.jpg 210w, https:\/\/www.organisator.ch\/wp-content\/uploads\/2016\/12\/Wie-wird-aus-einem-KMU-eine-Marke2-organisator-420x350.jpg 420w, https:\/\/www.organisator.ch\/wp-content\/uploads\/2016\/12\/Wie-wird-aus-einem-KMU-eine-Marke2-organisator-960x800.jpg 960w, https:\/\/www.organisator.ch\/wp-content\/uploads\/2016\/12\/Wie-wird-aus-einem-KMU-eine-Marke2-organisator-920x767.jpg 920w, https:\/\/www.organisator.ch\/wp-content\/uploads\/2016\/12\/Wie-wird-aus-einem-KMU-eine-Marke2-organisator-1400x1167.jpg 1400w, https:\/\/www.organisator.ch\/wp-content\/uploads\/2016\/12\/Wie-wird-aus-einem-KMU-eine-Marke2-organisator-1680x1400.jpg 1680w, https:\/\/www.organisator.ch\/wp-content\/uploads\/2016\/12\/Wie-wird-aus-einem-KMU-eine-Marke2-organisator-300x250.jpg 300w\" sizes=\"auto, (max-width: 680px) 100vw, 680px\" \/><figcaption id=\"caption-attachment-822\" class=\"wp-caption-text\">Adolf Ogi, former Federal Councillor and former President of the Swiss Confederation. (Photo: Fabrice M\u00fcller)<\/figcaption><\/figure>\n<p>Large companies such as Coca-Cola, Ford, Zweifel and Victorinox have created a brand that has established itself worldwide. But how can small and medium-sized companies build a brand that is still successful even when the patron is long gone from the company? \"What large companies demonstrate is not lost on smaller companies,\" said Stefan R\u00fcssli, Managing Director and brand specialist at Assessa GmbH. \"Strong personalities have shaped the company and transferred their expertise as well as their vision to the business and its brand.\" As a result, he said, the entrepreneur becomes the brand, but also the risk of the company. The key, he said, is to focus on what allows you to differentiate yourself in the market. \"To successfully build a brand, you don't have to jump on every trend. Rather, a strategy should fulfill its purpose in the long term,\" Stefan R\u00fcssli emphasized.<\/p>\n<p><strong>Sell moments of happiness<\/strong><\/p>\n<p>With long-term planning from a niche, Adrian Steiner, director of DAS ZELT AG, and his team built up the largest Swiss touring theater. The starting signal for the mobile event platform was given at Expo.02 in Biel. In the meantime, around 250 events with 18,000 visitors take place throughout Switzerland every year. The company shows an annual growth of 23 percent, as Adrian Steiner, known as a former bicycle acrobat in the Circus Knie, reported. \"Our vision is to sell people moments of happiness at affordable prices. We have stuck to that to this day.\"<\/p>\n<p><strong>Quality and regionality<\/strong><\/p>\n<p>The family business KNEUSS G\u00fcggeli in M\u00e4genwil is already in its third generation. At the heart of the company are the G\u00fcggeli as a Swiss product with high quality. \"Quality is our marketing. But we also know what our customers want. And we are inspired by our gut feeling,\" said Vice Chairman of the Board Daniel Kneuss, adding, \"We want to be regionally anchored, remain small and thus be able to make quick decisions.\"<\/p>\n<p><strong>Adolf Ogi: Use time windows when they are open<\/strong><\/p>\n<p>As the highlight of the KMU SWISS podium, former Federal Councilor Adolf Ogi spoke about his past in sports, business and politics. \"Sometimes there are windows of opportunity that you have to take advantage of when they are open,\" Adolf Ogi said in connection with the two transalpine routes through the Gotthard and L\u00f6tschberg. He went on to emphasize the importance of open and transparent communication, both internally and externally. This has also solved many problems in the international arena that today pose major challenges to the world.<\/p>\n<p><em>Text: Fabrice M\u00fcller, journalistenbuero.ch<\/em><\/p>","protected":false},"excerpt":{"rendered":"<p>Grosse Firmen wie Coca-Cola, Ford, Zweifel oder auch Victorinox haben eine Marke geschaffen, die sich weltweit etablieren konnte. Doch wie k\u00f6nnen kleine und mittlere Unternehmen eine Marke aufbauen, die auch dann noch erfolgreich ist, wenn der Patron l\u00e4ngst nicht mehr im Unternehmen wirkt? \u201eWas grossen Firmen vormachen, bleibt auch kleineren Unternehmen nicht vorenthalten\u201c, sagte Stefan [&hellip;]<\/p>\n","protected":false},"author":1,"featured_media":819,"comment_status":"open","ping_status":"open","sticky":false,"template":"","format":"standard","meta":{"_acf_changed":false,"_yoast_wpseo_focuskw":"KMU","_yoast_wpseo_metadesc":"Erfolgreiche Gesch\u00e4ftsmodelle aus verschiedenen Blickwinkeln wurden am KMU SWISS Podium vom 15. September im CAMPUSSAAL Brugg-Windisch beleuchtet.","articlekey":"","footnotes":""},"categories":[29],"tags":[103,193,335,339,492],"class_list":["post-816","post","type-post","status-publish","format-standard","has-post-thumbnail","hentry","category-marketing","tag-business-excellence","tag-fachkongressfachmesse","tag-management-und-unternehmensfuehrung","tag-marketing","tag-unternehmen"],"acf":[],"yoast_head":"<!-- This site is optimized with the Yoast SEO plugin v27.5 - https:\/\/yoast.com\/product\/yoast-seo-wordpress\/ -->\n<title>Wie wird aus einem KMU eine Marke? - Organisator<\/title>\n<meta name=\"description\" content=\"Erfolgreiche Gesch\u00e4ftsmodelle aus verschiedenen Blickwinkeln wurden am KMU SWISS Podium vom 15. September im CAMPUSSAAL Brugg-Windisch beleuchtet.\" \/>\n<meta name=\"robots\" content=\"index, follow, max-snippet:-1, max-image-preview:large, max-video-preview:-1\" \/>\n<link rel=\"canonical\" href=\"https:\/\/www.organisator.ch\/en\/marketing\/2016-09-16\/how-can-a-kmu-be-a-brand\/\" \/>\n<meta property=\"og:locale\" content=\"en_US\" \/>\n<meta property=\"og:type\" content=\"article\" \/>\n<meta property=\"og:title\" content=\"Wie wird aus einem KMU eine Marke?\" \/>\n<meta property=\"og:description\" content=\"Erfolgreiche Gesch\u00e4ftsmodelle aus verschiedenen Blickwinkeln wurden am KMU SWISS Podium vom 15. September im CAMPUSSAAL Brugg-Windisch beleuchtet.\" \/>\n<meta property=\"og:url\" content=\"https:\/\/www.organisator.ch\/en\/marketing\/2016-09-16\/how-can-a-kmu-be-a-brand\/\" \/>\n<meta property=\"og:site_name\" content=\"Organisator\" \/>\n<meta property=\"article:publisher\" content=\"https:\/\/www.facebook.com\/OrganisatorFachmagazin\" \/>\n<meta property=\"article:published_time\" content=\"2016-09-16T15:06:07+00:00\" \/>\n<meta name=\"author\" content=\"admin\" \/>\n<meta name=\"twitter:card\" content=\"summary_large_image\" \/>\n<meta name=\"twitter:image\" content=\"https:\/\/www.organisator.ch\/wp-content\/uploads\/2016\/12\/Wie-wird-aus-einem-KMU-eine-Marke-organisator.jpg\" \/>\n<script type=\"application\/ld+json\" class=\"yoast-schema-graph\">{\"@context\":\"https:\\\/\\\/schema.org\",\"@graph\":[{\"@type\":\"Article\",\"@id\":\"https:\\\/\\\/www.organisator.ch\\\/marketing\\\/2016-09-16\\\/wie-wird-aus-einem-kmu-eine-marke\\\/#article\",\"isPartOf\":{\"@id\":\"https:\\\/\\\/www.organisator.ch\\\/marketing\\\/2016-09-16\\\/wie-wird-aus-einem-kmu-eine-marke\\\/\"},\"author\":{\"name\":\"admin\",\"@id\":\"https:\\\/\\\/www.organisator.ch\\\/#\\\/schema\\\/person\\\/aa2bace6c5c5aad60102004a50c4eb1c\"},\"headline\":\"Wie wird aus einem KMU eine Marke?\",\"datePublished\":\"2016-09-16T15:06:07+00:00\",\"mainEntityOfPage\":{\"@id\":\"https:\\\/\\\/www.organisator.ch\\\/marketing\\\/2016-09-16\\\/wie-wird-aus-einem-kmu-eine-marke\\\/\"},\"wordCount\":475,\"commentCount\":0,\"publisher\":{\"@id\":\"https:\\\/\\\/www.organisator.ch\\\/#organization\"},\"image\":{\"@id\":\"https:\\\/\\\/www.organisator.ch\\\/marketing\\\/2016-09-16\\\/wie-wird-aus-einem-kmu-eine-marke\\\/#primaryimage\"},\"thumbnailUrl\":\"https:\\\/\\\/www.organisator.ch\\\/wp-content\\\/uploads\\\/2016\\\/12\\\/Wie-wird-aus-einem-KMU-eine-Marke-organisator.jpg\",\"keywords\":[\"Business Excellence\",\"Fachkongress\\\/Fachmesse\",\"Management und Unternehmensf\u00fchrung\",\"Marketing\",\"Unternehmen\"],\"articleSection\":[\"MARKETING\"],\"inLanguage\":\"en-US\"},{\"@type\":\"WebPage\",\"@id\":\"https:\\\/\\\/www.organisator.ch\\\/marketing\\\/2016-09-16\\\/wie-wird-aus-einem-kmu-eine-marke\\\/\",\"url\":\"https:\\\/\\\/www.organisator.ch\\\/marketing\\\/2016-09-16\\\/wie-wird-aus-einem-kmu-eine-marke\\\/\",\"name\":\"Wie wird aus einem KMU eine Marke? - Organisator\",\"isPartOf\":{\"@id\":\"https:\\\/\\\/www.organisator.ch\\\/#website\"},\"primaryImageOfPage\":{\"@id\":\"https:\\\/\\\/www.organisator.ch\\\/marketing\\\/2016-09-16\\\/wie-wird-aus-einem-kmu-eine-marke\\\/#primaryimage\"},\"image\":{\"@id\":\"https:\\\/\\\/www.organisator.ch\\\/marketing\\\/2016-09-16\\\/wie-wird-aus-einem-kmu-eine-marke\\\/#primaryimage\"},\"thumbnailUrl\":\"https:\\\/\\\/www.organisator.ch\\\/wp-content\\\/uploads\\\/2016\\\/12\\\/Wie-wird-aus-einem-KMU-eine-Marke-organisator.jpg\",\"datePublished\":\"2016-09-16T15:06:07+00:00\",\"description\":\"Erfolgreiche Gesch\u00e4ftsmodelle aus verschiedenen Blickwinkeln wurden am KMU SWISS Podium vom 15. September im CAMPUSSAAL Brugg-Windisch beleuchtet.\",\"breadcrumb\":{\"@id\":\"https:\\\/\\\/www.organisator.ch\\\/marketing\\\/2016-09-16\\\/wie-wird-aus-einem-kmu-eine-marke\\\/#breadcrumb\"},\"inLanguage\":\"en-US\",\"potentialAction\":[{\"@type\":\"ReadAction\",\"target\":[\"https:\\\/\\\/www.organisator.ch\\\/marketing\\\/2016-09-16\\\/wie-wird-aus-einem-kmu-eine-marke\\\/\"]}]},{\"@type\":\"ImageObject\",\"inLanguage\":\"en-US\",\"@id\":\"https:\\\/\\\/www.organisator.ch\\\/marketing\\\/2016-09-16\\\/wie-wird-aus-einem-kmu-eine-marke\\\/#primaryimage\",\"url\":\"https:\\\/\\\/www.organisator.ch\\\/wp-content\\\/uploads\\\/2016\\\/12\\\/Wie-wird-aus-einem-KMU-eine-Marke-organisator.jpg\",\"contentUrl\":\"https:\\\/\\\/www.organisator.ch\\\/wp-content\\\/uploads\\\/2016\\\/12\\\/Wie-wird-aus-einem-KMU-eine-Marke-organisator.jpg\",\"width\":640,\"height\":480,\"caption\":\"Gespr\u00e4chsrunde mit Carla Kaufmann, Partnerin companymarket ag, Stefan R\u00fcssli, Managing Director der Assessa GmbH, und Giacomo Garaventa, M&A-Berater von nachfolger.ch. (Foto: Fabrice M\u00fcller)\"},{\"@type\":\"BreadcrumbList\",\"@id\":\"https:\\\/\\\/www.organisator.ch\\\/marketing\\\/2016-09-16\\\/wie-wird-aus-einem-kmu-eine-marke\\\/#breadcrumb\",\"itemListElement\":[{\"@type\":\"ListItem\",\"position\":1,\"name\":\"Home\",\"item\":\"https:\\\/\\\/www.organisator.ch\\\/\"},{\"@type\":\"ListItem\",\"position\":2,\"name\":\"Wie wird aus einem KMU eine Marke?\"}]},{\"@type\":\"WebSite\",\"@id\":\"https:\\\/\\\/www.organisator.ch\\\/#website\",\"url\":\"https:\\\/\\\/www.organisator.ch\\\/\",\"name\":\"Organisator\",\"description\":\"Kompetent. Praxisnah. Der ORGANISATOR bereitet in 10 Ausgaben pro Jahr die wesentlichen Themen f\u00fcr F\u00fchrungskr\u00e4fte von KMU auf.\",\"publisher\":{\"@id\":\"https:\\\/\\\/www.organisator.ch\\\/#organization\"},\"potentialAction\":[{\"@type\":\"SearchAction\",\"target\":{\"@type\":\"EntryPoint\",\"urlTemplate\":\"https:\\\/\\\/www.organisator.ch\\\/?s={search_term_string}\"},\"query-input\":{\"@type\":\"PropertyValueSpecification\",\"valueRequired\":true,\"valueName\":\"search_term_string\"}}],\"inLanguage\":\"en-US\"},{\"@type\":\"Organization\",\"@id\":\"https:\\\/\\\/www.organisator.ch\\\/#organization\",\"name\":\"Organisator\",\"url\":\"https:\\\/\\\/www.organisator.ch\\\/\",\"logo\":{\"@type\":\"ImageObject\",\"inLanguage\":\"en-US\",\"@id\":\"https:\\\/\\\/www.organisator.ch\\\/#\\\/schema\\\/logo\\\/image\\\/\",\"url\":\"https:\\\/\\\/www.organisator.ch\\\/wp-content\\\/uploads\\\/2022\\\/01\\\/Logo_Organisator_Website.png\",\"contentUrl\":\"https:\\\/\\\/www.organisator.ch\\\/wp-content\\\/uploads\\\/2022\\\/01\\\/Logo_Organisator_Website.png\",\"width\":800,\"height\":77,\"caption\":\"Organisator\"},\"image\":{\"@id\":\"https:\\\/\\\/www.organisator.ch\\\/#\\\/schema\\\/logo\\\/image\\\/\"},\"sameAs\":[\"https:\\\/\\\/www.facebook.com\\\/OrganisatorFachmagazin\",\"https:\\\/\\\/www.linkedin.com\\\/showcase\\\/organisator-das-magazin-fr-kmu\",\"https:\\\/\\\/www.xing.com\\\/news\\\/pages\\\/organisator-ch-695\",\"https:\\\/\\\/www.youtube.com\\\/channel\\\/UCGP2Sq0iWaZwT3BdIAQFYpw\"]},{\"@type\":\"Person\",\"@id\":\"https:\\\/\\\/www.organisator.ch\\\/#\\\/schema\\\/person\\\/aa2bace6c5c5aad60102004a50c4eb1c\",\"name\":\"admin\",\"image\":{\"@type\":\"ImageObject\",\"inLanguage\":\"en-US\",\"@id\":\"https:\\\/\\\/secure.gravatar.com\\\/avatar\\\/ae2f4d718e6c49043e314ce431e7e645d646302a24a5ef5a8bc8e3f5a032e319?s=96&d=mm&r=g\",\"url\":\"https:\\\/\\\/secure.gravatar.com\\\/avatar\\\/ae2f4d718e6c49043e314ce431e7e645d646302a24a5ef5a8bc8e3f5a032e319?s=96&d=mm&r=g\",\"contentUrl\":\"https:\\\/\\\/secure.gravatar.com\\\/avatar\\\/ae2f4d718e6c49043e314ce431e7e645d646302a24a5ef5a8bc8e3f5a032e319?s=96&d=mm&r=g\",\"caption\":\"admin\"},\"sameAs\":[\"https:\\\/\\\/www.organisator.ch\"],\"url\":\"https:\\\/\\\/www.organisator.ch\\\/en\\\/author\\\/admin\\\/\"}]}<\/script>\n<!-- \/ Yoast SEO plugin. -->","yoast_head_json":{"title":"How does an SME become a brand? - Organizer","description":"Successful business models from different perspectives were highlighted at the KMU SWISS panel on September 15 in the CAMPUSSAAL Brugg-Windisch.","robots":{"index":"index","follow":"follow","max-snippet":"max-snippet:-1","max-image-preview":"max-image-preview:large","max-video-preview":"max-video-preview:-1"},"canonical":"https:\/\/www.organisator.ch\/en\/marketing\/2016-09-16\/how-can-a-kmu-be-a-brand\/","og_locale":"en_US","og_type":"article","og_title":"Wie wird aus einem KMU eine Marke?","og_description":"Erfolgreiche Gesch\u00e4ftsmodelle aus verschiedenen Blickwinkeln wurden am KMU SWISS Podium vom 15. September im CAMPUSSAAL Brugg-Windisch beleuchtet.","og_url":"https:\/\/www.organisator.ch\/en\/marketing\/2016-09-16\/how-can-a-kmu-be-a-brand\/","og_site_name":"Organisator","article_publisher":"https:\/\/www.facebook.com\/OrganisatorFachmagazin","article_published_time":"2016-09-16T15:06:07+00:00","author":"admin","twitter_card":"summary_large_image","twitter_image":"https:\/\/www.organisator.ch\/wp-content\/uploads\/2016\/12\/Wie-wird-aus-einem-KMU-eine-Marke-organisator.jpg","schema":{"@context":"https:\/\/schema.org","@graph":[{"@type":"Article","@id":"https:\/\/www.organisator.ch\/marketing\/2016-09-16\/wie-wird-aus-einem-kmu-eine-marke\/#article","isPartOf":{"@id":"https:\/\/www.organisator.ch\/marketing\/2016-09-16\/wie-wird-aus-einem-kmu-eine-marke\/"},"author":{"name":"admin","@id":"https:\/\/www.organisator.ch\/#\/schema\/person\/aa2bace6c5c5aad60102004a50c4eb1c"},"headline":"Wie wird aus einem KMU eine Marke?","datePublished":"2016-09-16T15:06:07+00:00","mainEntityOfPage":{"@id":"https:\/\/www.organisator.ch\/marketing\/2016-09-16\/wie-wird-aus-einem-kmu-eine-marke\/"},"wordCount":475,"commentCount":0,"publisher":{"@id":"https:\/\/www.organisator.ch\/#organization"},"image":{"@id":"https:\/\/www.organisator.ch\/marketing\/2016-09-16\/wie-wird-aus-einem-kmu-eine-marke\/#primaryimage"},"thumbnailUrl":"https:\/\/www.organisator.ch\/wp-content\/uploads\/2016\/12\/Wie-wird-aus-einem-KMU-eine-Marke-organisator.jpg","keywords":["Business Excellence","Fachkongress\/Fachmesse","Management und Unternehmensf\u00fchrung","Marketing","Unternehmen"],"articleSection":["MARKETING"],"inLanguage":"en-US"},{"@type":"WebPage","@id":"https:\/\/www.organisator.ch\/marketing\/2016-09-16\/wie-wird-aus-einem-kmu-eine-marke\/","url":"https:\/\/www.organisator.ch\/marketing\/2016-09-16\/wie-wird-aus-einem-kmu-eine-marke\/","name":"How does an SME become a brand? - Organizer","isPartOf":{"@id":"https:\/\/www.organisator.ch\/#website"},"primaryImageOfPage":{"@id":"https:\/\/www.organisator.ch\/marketing\/2016-09-16\/wie-wird-aus-einem-kmu-eine-marke\/#primaryimage"},"image":{"@id":"https:\/\/www.organisator.ch\/marketing\/2016-09-16\/wie-wird-aus-einem-kmu-eine-marke\/#primaryimage"},"thumbnailUrl":"https:\/\/www.organisator.ch\/wp-content\/uploads\/2016\/12\/Wie-wird-aus-einem-KMU-eine-Marke-organisator.jpg","datePublished":"2016-09-16T15:06:07+00:00","description":"Successful business models from different perspectives were highlighted at the KMU SWISS panel on September 15 in the CAMPUSSAAL Brugg-Windisch.","breadcrumb":{"@id":"https:\/\/www.organisator.ch\/marketing\/2016-09-16\/wie-wird-aus-einem-kmu-eine-marke\/#breadcrumb"},"inLanguage":"en-US","potentialAction":[{"@type":"ReadAction","target":["https:\/\/www.organisator.ch\/marketing\/2016-09-16\/wie-wird-aus-einem-kmu-eine-marke\/"]}]},{"@type":"ImageObject","inLanguage":"en-US","@id":"https:\/\/www.organisator.ch\/marketing\/2016-09-16\/wie-wird-aus-einem-kmu-eine-marke\/#primaryimage","url":"https:\/\/www.organisator.ch\/wp-content\/uploads\/2016\/12\/Wie-wird-aus-einem-KMU-eine-Marke-organisator.jpg","contentUrl":"https:\/\/www.organisator.ch\/wp-content\/uploads\/2016\/12\/Wie-wird-aus-einem-KMU-eine-Marke-organisator.jpg","width":640,"height":480,"caption":"Gespr\u00e4chsrunde mit Carla Kaufmann, Partnerin companymarket ag, Stefan R\u00fcssli, Managing Director der Assessa GmbH, und Giacomo Garaventa, M&A-Berater von nachfolger.ch. (Foto: Fabrice M\u00fcller)"},{"@type":"BreadcrumbList","@id":"https:\/\/www.organisator.ch\/marketing\/2016-09-16\/wie-wird-aus-einem-kmu-eine-marke\/#breadcrumb","itemListElement":[{"@type":"ListItem","position":1,"name":"Home","item":"https:\/\/www.organisator.ch\/"},{"@type":"ListItem","position":2,"name":"Wie wird aus einem KMU eine Marke?"}]},{"@type":"WebSite","@id":"https:\/\/www.organisator.ch\/#website","url":"https:\/\/www.organisator.ch\/","name":"Organizer","description":"Competent. Practical. In 10 issues per year, ORGANISATOR presents the essential topics for managers of SMEs.","publisher":{"@id":"https:\/\/www.organisator.ch\/#organization"},"potentialAction":[{"@type":"SearchAction","target":{"@type":"EntryPoint","urlTemplate":"https:\/\/www.organisator.ch\/?s={search_term_string}"},"query-input":{"@type":"PropertyValueSpecification","valueRequired":true,"valueName":"search_term_string"}}],"inLanguage":"en-US"},{"@type":"Organization","@id":"https:\/\/www.organisator.ch\/#organization","name":"Organizer","url":"https:\/\/www.organisator.ch\/","logo":{"@type":"ImageObject","inLanguage":"en-US","@id":"https:\/\/www.organisator.ch\/#\/schema\/logo\/image\/","url":"https:\/\/www.organisator.ch\/wp-content\/uploads\/2022\/01\/Logo_Organisator_Website.png","contentUrl":"https:\/\/www.organisator.ch\/wp-content\/uploads\/2022\/01\/Logo_Organisator_Website.png","width":800,"height":77,"caption":"Organisator"},"image":{"@id":"https:\/\/www.organisator.ch\/#\/schema\/logo\/image\/"},"sameAs":["https:\/\/www.facebook.com\/OrganisatorFachmagazin","https:\/\/www.linkedin.com\/showcase\/organisator-das-magazin-fr-kmu","https:\/\/www.xing.com\/news\/pages\/organisator-ch-695","https:\/\/www.youtube.com\/channel\/UCGP2Sq0iWaZwT3BdIAQFYpw"]},{"@type":"Person","@id":"https:\/\/www.organisator.ch\/#\/schema\/person\/aa2bace6c5c5aad60102004a50c4eb1c","name":"admin","image":{"@type":"ImageObject","inLanguage":"en-US","@id":"https:\/\/secure.gravatar.com\/avatar\/ae2f4d718e6c49043e314ce431e7e645d646302a24a5ef5a8bc8e3f5a032e319?s=96&d=mm&r=g","url":"https:\/\/secure.gravatar.com\/avatar\/ae2f4d718e6c49043e314ce431e7e645d646302a24a5ef5a8bc8e3f5a032e319?s=96&d=mm&r=g","contentUrl":"https:\/\/secure.gravatar.com\/avatar\/ae2f4d718e6c49043e314ce431e7e645d646302a24a5ef5a8bc8e3f5a032e319?s=96&d=mm&r=g","caption":"admin"},"sameAs":["https:\/\/www.organisator.ch"],"url":"https:\/\/www.organisator.ch\/en\/author\/admin\/"}]}},"_links":{"self":[{"href":"https:\/\/www.organisator.ch\/en\/wp-json\/wp\/v2\/posts\/816","targetHints":{"allow":["GET"]}}],"collection":[{"href":"https:\/\/www.organisator.ch\/en\/wp-json\/wp\/v2\/posts"}],"about":[{"href":"https:\/\/www.organisator.ch\/en\/wp-json\/wp\/v2\/types\/post"}],"author":[{"embeddable":true,"href":"https:\/\/www.organisator.ch\/en\/wp-json\/wp\/v2\/users\/1"}],"replies":[{"embeddable":true,"href":"https:\/\/www.organisator.ch\/en\/wp-json\/wp\/v2\/comments?post=816"}],"version-history":[{"count":0,"href":"https:\/\/www.organisator.ch\/en\/wp-json\/wp\/v2\/posts\/816\/revisions"}],"wp:featuredmedia":[{"embeddable":true,"href":"https:\/\/www.organisator.ch\/en\/wp-json\/wp\/v2\/media\/819"}],"wp:attachment":[{"href":"https:\/\/www.organisator.ch\/en\/wp-json\/wp\/v2\/media?parent=816"}],"wp:term":[{"taxonomy":"category","embeddable":true,"href":"https:\/\/www.organisator.ch\/en\/wp-json\/wp\/v2\/categories?post=816"},{"taxonomy":"post_tag","embeddable":true,"href":"https:\/\/www.organisator.ch\/en\/wp-json\/wp\/v2\/tags?post=816"}],"curies":[{"name":"wp","href":"https:\/\/api.w.org\/{rel}","templated":true}]}}