{"id":8196,"date":"2021-06-28T08:43:39","date_gmt":"2021-06-28T06:43:39","guid":{"rendered":"https:\/\/www.organisator.ch\/?p=8196"},"modified":"2021-06-28T08:43:39","modified_gmt":"2021-06-28T06:43:39","slug":"automobilgewerbe-praesentiert-die-fuehrungskraefte-von-morgen","status":"publish","type":"post","link":"https:\/\/www.organisator.ch\/en\/weiterbildung\/2021-06-28\/automobilgewerbe-praesentiert-die-fuehrungskraefte-von-morgen\/","title":{"rendered":"Automotive industry presents the leaders of tomorrow"},"content":{"rendered":"<figure id=\"attachment_8197\" aria-describedby=\"caption-attachment-8197\" style=\"width: 680px\" class=\"wp-caption alignnone\"><a href=\"https:\/\/www.organisator.ch\/wp-content\/uploads\/2021\/06\/Automobilgewerbe-praesentiert-die-Fuehrungskraefte-von-morgen_Organisator.jpg\"><img loading=\"lazy\" decoding=\"async\" class=\"size-medium wp-image-8197\" src=\"https:\/\/www.organisator.ch\/wp-content\/uploads\/2021\/06\/Automobilgewerbe-praesentiert-die-Fuehrungskraefte-von-morgen_Organisator.jpg\" alt=\"\" width=\"680\" height=\"452\" srcset=\"https:\/\/www.organisator.ch\/wp-content\/uploads\/2021\/06\/Automobilgewerbe-praesentiert-die-Fuehrungskraefte-von-morgen_Organisator.jpg 680w, https:\/\/www.organisator.ch\/wp-content\/uploads\/2021\/06\/Automobilgewerbe-praesentiert-die-Fuehrungskraefte-von-morgen_Organisator-16x12.jpg 16w, https:\/\/www.organisator.ch\/wp-content\/uploads\/2021\/06\/Automobilgewerbe-praesentiert-die-Fuehrungskraefte-von-morgen_Organisator-263x175.jpg 263w, https:\/\/www.organisator.ch\/wp-content\/uploads\/2021\/06\/Automobilgewerbe-praesentiert-die-Fuehrungskraefte-von-morgen_Organisator-527x350.jpg 527w, https:\/\/www.organisator.ch\/wp-content\/uploads\/2021\/06\/Automobilgewerbe-praesentiert-die-Fuehrungskraefte-von-morgen_Organisator-300x199.jpg 300w\" sizes=\"auto, (max-width: 680px) 100vw, 680px\" \/><\/a><figcaption id=\"caption-attachment-8197\" class=\"wp-caption-text\">AGVS Central President Urs Wernli (l.) and Peter Baschnagel, President of the AGVS Higher Technical Examination Commission (r.), congratulated the graduates (pictured: Marc Sch\u00f6nenberger) on their successful completion. The automotive industry depends on well-trained specialists. (Photo: AGVS media)<\/figcaption><\/figure>\n<p>During four semesters of extra-occupational training, they acquired the necessary skills to be able to run a modern garage business with all the associated services: the graduates of the Higher Technical Examination 2020 for Certified Business Managers in the Automotive Industry. Due to the Corona pandemic, they had to wait almost a year to receive the coveted diploma in person - and now the special moment in their professional careers had come on Bern's Gurten mountain.<\/p>\n<p>\"You have completed a training course that can withstand the constantly changing big weather in our trade and with which the demands of today as well as in the near future can be met,\" said Peter Baschnagel, president of the Higher Professional Examination Commission at the AGVS, to the 13 graduates present. He advised them to use their new knowledge and not to let it slow down their ideas. \"Be open to new things and excited about what you can do even better tomorrow!\"<\/p>\n<h2>Garagists also in demand in the future<\/h2>\n<p>AGVS Central President Urs Wernli was also present on Bern's Hausberg. \"We are very grateful that dedicated professionals continue their education and positively shape the image of the automotive industry through their competent and exemplary conduct.\" He emphasized that the automotive industry is one of the most fascinating business worlds. \"Functioning mobility is a prerequisite for economic success - and, as a consequence, the auto industry is indispensable.\" No matter which technologies would prevail in the long term, the garage owner would remain in business around the car. However, their role will change: Garages will become mobility consultants.<\/p>\n<p>As in previous years, during the diploma ceremony the AGVS was able to receive a check for 20,000 Swiss francs from the purchasing organization of the Swiss car and motor vehicle trade, ESA, in order to continue to support the training of qualified specialists in the future. \"You have invested a lot of free time in this very demanding training,\" said Matthias Krummen, Head of Management Services and Communications at ESA. Whether it's self-driving cars or electromobility - no matter where the journey takes you, he said, \"stay with it with your heart and soul and enjoy the privilege of working in an industry that's all about emotions.\"<\/p>\n<h2>Automotive industry relies on skilled workers<\/h2>\n<p>Olivier Maeder, Head of Vocational Training at the AGVS and member of the Executive Board, expressed his thanks for the generous support and congratulated the business administrators on their diploma. He took this opportunity to mention the approximately 3000 young people who start an apprenticeship in the automotive industry each year. \"It is particularly gratifying that more than 900 young people are newly enrolled in basic training to become automotive mechatronics technicians.\" This is ten percent more than the average of the past five years. \"Achieving this will take a lot of commitment on our part - but also on your part.\" He added that seasoned professionals serve as role models and motivate young people to start an apprenticeship in the automotive industry. Or to put it in the words of AGVS Central President Urs Wernli: \"The automotive and commercial vehicle industry is dependent on committed and excellently trained employees.\"<\/p>\n<p><em>Source: <a href=\"http:\/\/www.agvs-upsa.ch\">AGVS<\/a><\/em><\/p>","protected":false},"excerpt":{"rendered":"<p>W\u00e4hrend vier Semestern haben sie sich berufsbegleitend das n\u00f6tige R\u00fcstzeug geholt, um einen modernen Garagenbetrieb mit allen dazugeh\u00f6renden Dienstleistungen f\u00fchren zu k\u00f6nnen: die Absolventen der H\u00f6heren Fachpr\u00fcfung 2020 f\u00fcr diplomierte Betriebswirte im Automobilgewerbe. Fast ein Jahr mussten sie sich aufgrund der Corona-Pandemie gedulden, um das begehrte Diplom pers\u00f6nlich entgegennehmen zu d\u00fcrfen \u2013 nun war auf [&hellip;]<\/p>\n","protected":false},"author":4,"featured_media":8197,"comment_status":"closed","ping_status":"closed","sticky":false,"template":"","format":"standard","meta":{"_acf_changed":false,"_yoast_wpseo_focuskw":"Automobilgewerbe","_yoast_wpseo_metadesc":"18 Fachleute haben ihre Ausbildung zum dipl. Betriebswirt\/Betriebswirtin abgeschlossen. Damit werden sie f\u00fcr das Automobilgewerbe zu wertvollen Fachkr\u00e4ften.","articlekey":"","footnotes":""},"categories":[30],"tags":[62,294,503],"class_list":["post-8196","post","type-post","status-publish","format-standard","has-post-thumbnail","hentry","category-weiterbildung","tag-aus-weiterbildung","tag-karriere","tag-verbaende"],"acf":[],"yoast_head":"<!-- This site is optimized with the Yoast SEO plugin v27.5 - https:\/\/yoast.com\/product\/yoast-seo-wordpress\/ -->\n<title>Automobilgewerbe pr\u00e4sentiert die F\u00fchrungskr\u00e4fte von morgen - Organisator<\/title>\n<meta name=\"description\" content=\"18 Fachleute haben ihre Ausbildung zum dipl. Betriebswirt\/Betriebswirtin abgeschlossen. Damit werden sie f\u00fcr das Automobilgewerbe zu wertvollen Fachkr\u00e4ften.\" \/>\n<meta name=\"robots\" content=\"index, follow, max-snippet:-1, max-image-preview:large, max-video-preview:-1\" \/>\n<link rel=\"canonical\" href=\"https:\/\/www.organisator.ch\/en\/further-education\/2021-06-28\/automobilgewerbe-praesentiert-die-fuehrungskraefte-von-morgen\/\" \/>\n<meta property=\"og:locale\" content=\"en_US\" \/>\n<meta property=\"og:type\" content=\"article\" \/>\n<meta property=\"og:title\" content=\"Automobilgewerbe pr\u00e4sentiert die F\u00fchrungskr\u00e4fte von morgen\" \/>\n<meta property=\"og:description\" content=\"18 Fachleute haben ihre Ausbildung zum dipl. Betriebswirt\/Betriebswirtin abgeschlossen. Damit werden sie f\u00fcr das Automobilgewerbe zu wertvollen Fachkr\u00e4ften.\" \/>\n<meta property=\"og:url\" content=\"https:\/\/www.organisator.ch\/en\/further-education\/2021-06-28\/automobilgewerbe-praesentiert-die-fuehrungskraefte-von-morgen\/\" \/>\n<meta property=\"og:site_name\" content=\"Organisator\" \/>\n<meta property=\"article:publisher\" content=\"https:\/\/www.facebook.com\/OrganisatorFachmagazin\" \/>\n<meta property=\"article:published_time\" content=\"2021-06-28T06:43:39+00:00\" \/>\n<meta property=\"og:image\" content=\"https:\/\/www.organisator.ch\/wp-content\/uploads\/2021\/06\/Automobilgewerbe-praesentiert-die-Fuehrungskraefte-von-morgen_Organisator.jpg\" \/>\n\t<meta property=\"og:image:width\" content=\"680\" \/>\n\t<meta property=\"og:image:height\" content=\"452\" \/>\n\t<meta property=\"og:image:type\" content=\"image\/jpeg\" \/>\n<meta name=\"author\" content=\"thomas.berner\" \/>\n<meta name=\"twitter:card\" content=\"summary_large_image\" \/>\n<meta name=\"twitter:title\" content=\"#Automobilgewerbe pr\u00e4sentiert die #F\u00fchrungskr\u00e4fte von morgen\" \/>\n<meta name=\"twitter:description\" content=\"18 Fachleute haben ihre #Ausbildung zum dipl. #Betriebswirt\/Betriebswirtin abgeschlossen. Damit werden sie f\u00fcr das #Automobilgewerbe zu wertvollen Fachkr\u00e4ften.\" \/>\n<meta name=\"twitter:image\" content=\"https:\/\/www.organisator.ch\/wp-content\/uploads\/2021\/06\/Automobilgewerbe-praesentiert-die-Fuehrungskraefte-von-morgen_Organisator.jpg\" \/>\n<script type=\"application\/ld+json\" class=\"yoast-schema-graph\">{\"@context\":\"https:\\\/\\\/schema.org\",\"@graph\":[{\"@type\":\"Article\",\"@id\":\"https:\\\/\\\/www.organisator.ch\\\/weiterbildung\\\/2021-06-28\\\/automobilgewerbe-praesentiert-die-fuehrungskraefte-von-morgen\\\/#article\",\"isPartOf\":{\"@id\":\"https:\\\/\\\/www.organisator.ch\\\/weiterbildung\\\/2021-06-28\\\/automobilgewerbe-praesentiert-die-fuehrungskraefte-von-morgen\\\/\"},\"author\":{\"name\":\"thomas.berner\",\"@id\":\"https:\\\/\\\/www.organisator.ch\\\/#\\\/schema\\\/person\\\/6f650f90b2842cd4c0cc334b4e36f67e\"},\"headline\":\"Automobilgewerbe pr\u00e4sentiert die F\u00fchrungskr\u00e4fte von morgen\",\"datePublished\":\"2021-06-28T06:43:39+00:00\",\"mainEntityOfPage\":{\"@id\":\"https:\\\/\\\/www.organisator.ch\\\/weiterbildung\\\/2021-06-28\\\/automobilgewerbe-praesentiert-die-fuehrungskraefte-von-morgen\\\/\"},\"wordCount\":547,\"publisher\":{\"@id\":\"https:\\\/\\\/www.organisator.ch\\\/#organization\"},\"image\":{\"@id\":\"https:\\\/\\\/www.organisator.ch\\\/weiterbildung\\\/2021-06-28\\\/automobilgewerbe-praesentiert-die-fuehrungskraefte-von-morgen\\\/#primaryimage\"},\"thumbnailUrl\":\"https:\\\/\\\/www.organisator.ch\\\/wp-content\\\/uploads\\\/2021\\\/06\\\/Automobilgewerbe-praesentiert-die-Fuehrungskraefte-von-morgen_Organisator.jpg\",\"keywords\":[\"Aus-\\\/Weiterbildung\",\"Karriere\",\"Verb\u00e4nde\"],\"articleSection\":[\"WEITERBILDUNG\"],\"inLanguage\":\"en-US\"},{\"@type\":\"WebPage\",\"@id\":\"https:\\\/\\\/www.organisator.ch\\\/weiterbildung\\\/2021-06-28\\\/automobilgewerbe-praesentiert-die-fuehrungskraefte-von-morgen\\\/\",\"url\":\"https:\\\/\\\/www.organisator.ch\\\/weiterbildung\\\/2021-06-28\\\/automobilgewerbe-praesentiert-die-fuehrungskraefte-von-morgen\\\/\",\"name\":\"Automobilgewerbe pr\u00e4sentiert die F\u00fchrungskr\u00e4fte von morgen - Organisator\",\"isPartOf\":{\"@id\":\"https:\\\/\\\/www.organisator.ch\\\/#website\"},\"primaryImageOfPage\":{\"@id\":\"https:\\\/\\\/www.organisator.ch\\\/weiterbildung\\\/2021-06-28\\\/automobilgewerbe-praesentiert-die-fuehrungskraefte-von-morgen\\\/#primaryimage\"},\"image\":{\"@id\":\"https:\\\/\\\/www.organisator.ch\\\/weiterbildung\\\/2021-06-28\\\/automobilgewerbe-praesentiert-die-fuehrungskraefte-von-morgen\\\/#primaryimage\"},\"thumbnailUrl\":\"https:\\\/\\\/www.organisator.ch\\\/wp-content\\\/uploads\\\/2021\\\/06\\\/Automobilgewerbe-praesentiert-die-Fuehrungskraefte-von-morgen_Organisator.jpg\",\"datePublished\":\"2021-06-28T06:43:39+00:00\",\"description\":\"18 Fachleute haben ihre Ausbildung zum dipl. Betriebswirt\\\/Betriebswirtin abgeschlossen. Damit werden sie f\u00fcr das Automobilgewerbe zu wertvollen Fachkr\u00e4ften.\",\"breadcrumb\":{\"@id\":\"https:\\\/\\\/www.organisator.ch\\\/weiterbildung\\\/2021-06-28\\\/automobilgewerbe-praesentiert-die-fuehrungskraefte-von-morgen\\\/#breadcrumb\"},\"inLanguage\":\"en-US\",\"potentialAction\":[{\"@type\":\"ReadAction\",\"target\":[\"https:\\\/\\\/www.organisator.ch\\\/weiterbildung\\\/2021-06-28\\\/automobilgewerbe-praesentiert-die-fuehrungskraefte-von-morgen\\\/\"]}]},{\"@type\":\"ImageObject\",\"inLanguage\":\"en-US\",\"@id\":\"https:\\\/\\\/www.organisator.ch\\\/weiterbildung\\\/2021-06-28\\\/automobilgewerbe-praesentiert-die-fuehrungskraefte-von-morgen\\\/#primaryimage\",\"url\":\"https:\\\/\\\/www.organisator.ch\\\/wp-content\\\/uploads\\\/2021\\\/06\\\/Automobilgewerbe-praesentiert-die-Fuehrungskraefte-von-morgen_Organisator.jpg\",\"contentUrl\":\"https:\\\/\\\/www.organisator.ch\\\/wp-content\\\/uploads\\\/2021\\\/06\\\/Automobilgewerbe-praesentiert-die-Fuehrungskraefte-von-morgen_Organisator.jpg\",\"width\":680,\"height\":452,\"caption\":\"AGVS-Zentralpr\u00e4sident Urs Wernli (l.) und Peter Baschnagel, Pr\u00e4sident der Kommission H\u00f6here Fachpr\u00fcfung beim AGVS (r.), gratulierten den Absolventen (im Bild: Marc Sch\u00f6nenberger) zum erfolgreichen Abschluss. (Foto: AGVS-Medien)\"},{\"@type\":\"BreadcrumbList\",\"@id\":\"https:\\\/\\\/www.organisator.ch\\\/weiterbildung\\\/2021-06-28\\\/automobilgewerbe-praesentiert-die-fuehrungskraefte-von-morgen\\\/#breadcrumb\",\"itemListElement\":[{\"@type\":\"ListItem\",\"position\":1,\"name\":\"Home\",\"item\":\"https:\\\/\\\/www.organisator.ch\\\/\"},{\"@type\":\"ListItem\",\"position\":2,\"name\":\"Automobilgewerbe pr\u00e4sentiert die F\u00fchrungskr\u00e4fte von morgen\"}]},{\"@type\":\"WebSite\",\"@id\":\"https:\\\/\\\/www.organisator.ch\\\/#website\",\"url\":\"https:\\\/\\\/www.organisator.ch\\\/\",\"name\":\"Organisator\",\"description\":\"Kompetent. Praxisnah. Der ORGANISATOR bereitet in 10 Ausgaben pro Jahr die wesentlichen Themen f\u00fcr F\u00fchrungskr\u00e4fte von KMU auf.\",\"publisher\":{\"@id\":\"https:\\\/\\\/www.organisator.ch\\\/#organization\"},\"potentialAction\":[{\"@type\":\"SearchAction\",\"target\":{\"@type\":\"EntryPoint\",\"urlTemplate\":\"https:\\\/\\\/www.organisator.ch\\\/?s={search_term_string}\"},\"query-input\":{\"@type\":\"PropertyValueSpecification\",\"valueRequired\":true,\"valueName\":\"search_term_string\"}}],\"inLanguage\":\"en-US\"},{\"@type\":\"Organization\",\"@id\":\"https:\\\/\\\/www.organisator.ch\\\/#organization\",\"name\":\"Organisator\",\"url\":\"https:\\\/\\\/www.organisator.ch\\\/\",\"logo\":{\"@type\":\"ImageObject\",\"inLanguage\":\"en-US\",\"@id\":\"https:\\\/\\\/www.organisator.ch\\\/#\\\/schema\\\/logo\\\/image\\\/\",\"url\":\"https:\\\/\\\/www.organisator.ch\\\/wp-content\\\/uploads\\\/2022\\\/01\\\/Logo_Organisator_Website.png\",\"contentUrl\":\"https:\\\/\\\/www.organisator.ch\\\/wp-content\\\/uploads\\\/2022\\\/01\\\/Logo_Organisator_Website.png\",\"width\":800,\"height\":77,\"caption\":\"Organisator\"},\"image\":{\"@id\":\"https:\\\/\\\/www.organisator.ch\\\/#\\\/schema\\\/logo\\\/image\\\/\"},\"sameAs\":[\"https:\\\/\\\/www.facebook.com\\\/OrganisatorFachmagazin\",\"https:\\\/\\\/www.linkedin.com\\\/showcase\\\/organisator-das-magazin-fr-kmu\",\"https:\\\/\\\/www.xing.com\\\/news\\\/pages\\\/organisator-ch-695\",\"https:\\\/\\\/www.youtube.com\\\/channel\\\/UCGP2Sq0iWaZwT3BdIAQFYpw\"]},{\"@type\":\"Person\",\"@id\":\"https:\\\/\\\/www.organisator.ch\\\/#\\\/schema\\\/person\\\/6f650f90b2842cd4c0cc334b4e36f67e\",\"name\":\"thomas.berner\",\"image\":{\"@type\":\"ImageObject\",\"inLanguage\":\"en-US\",\"@id\":\"https:\\\/\\\/secure.gravatar.com\\\/avatar\\\/ac5001d2a36cb6c6cd3e50789007ffca834b477b74a2144564522e944eabff61?s=96&d=mm&r=g\",\"url\":\"https:\\\/\\\/secure.gravatar.com\\\/avatar\\\/ac5001d2a36cb6c6cd3e50789007ffca834b477b74a2144564522e944eabff61?s=96&d=mm&r=g\",\"contentUrl\":\"https:\\\/\\\/secure.gravatar.com\\\/avatar\\\/ac5001d2a36cb6c6cd3e50789007ffca834b477b74a2144564522e944eabff61?s=96&d=mm&r=g\",\"caption\":\"thomas.berner\"},\"url\":\"https:\\\/\\\/www.organisator.ch\\\/en\\\/author\\\/thomas-berner\\\/\"}]}<\/script>\n<!-- \/ Yoast SEO plugin. -->","yoast_head_json":{"title":"Automotive industry presents the leaders of tomorrow - Organizer","description":"18 specialists have completed their training to become certified business economists. This makes them valuable specialists for the automotive industry.","robots":{"index":"index","follow":"follow","max-snippet":"max-snippet:-1","max-image-preview":"max-image-preview:large","max-video-preview":"max-video-preview:-1"},"canonical":"https:\/\/www.organisator.ch\/en\/further-education\/2021-06-28\/automobilgewerbe-praesentiert-die-fuehrungskraefte-von-morgen\/","og_locale":"en_US","og_type":"article","og_title":"Automobilgewerbe pr\u00e4sentiert die F\u00fchrungskr\u00e4fte von morgen","og_description":"18 Fachleute haben ihre Ausbildung zum dipl. Betriebswirt\/Betriebswirtin abgeschlossen. Damit werden sie f\u00fcr das Automobilgewerbe zu wertvollen Fachkr\u00e4ften.","og_url":"https:\/\/www.organisator.ch\/en\/further-education\/2021-06-28\/automobilgewerbe-praesentiert-die-fuehrungskraefte-von-morgen\/","og_site_name":"Organisator","article_publisher":"https:\/\/www.facebook.com\/OrganisatorFachmagazin","article_published_time":"2021-06-28T06:43:39+00:00","og_image":[{"width":680,"height":452,"url":"https:\/\/www.organisator.ch\/wp-content\/uploads\/2021\/06\/Automobilgewerbe-praesentiert-die-Fuehrungskraefte-von-morgen_Organisator.jpg","type":"image\/jpeg"}],"author":"thomas.berner","twitter_card":"summary_large_image","twitter_title":"#Automobilgewerbe pr\u00e4sentiert die #F\u00fchrungskr\u00e4fte von morgen","twitter_description":"18 Fachleute haben ihre #Ausbildung zum dipl. #Betriebswirt\/Betriebswirtin abgeschlossen. Damit werden sie f\u00fcr das #Automobilgewerbe zu wertvollen Fachkr\u00e4ften.","twitter_image":"https:\/\/www.organisator.ch\/wp-content\/uploads\/2021\/06\/Automobilgewerbe-praesentiert-die-Fuehrungskraefte-von-morgen_Organisator.jpg","schema":{"@context":"https:\/\/schema.org","@graph":[{"@type":"Article","@id":"https:\/\/www.organisator.ch\/weiterbildung\/2021-06-28\/automobilgewerbe-praesentiert-die-fuehrungskraefte-von-morgen\/#article","isPartOf":{"@id":"https:\/\/www.organisator.ch\/weiterbildung\/2021-06-28\/automobilgewerbe-praesentiert-die-fuehrungskraefte-von-morgen\/"},"author":{"name":"thomas.berner","@id":"https:\/\/www.organisator.ch\/#\/schema\/person\/6f650f90b2842cd4c0cc334b4e36f67e"},"headline":"Automobilgewerbe pr\u00e4sentiert die F\u00fchrungskr\u00e4fte von morgen","datePublished":"2021-06-28T06:43:39+00:00","mainEntityOfPage":{"@id":"https:\/\/www.organisator.ch\/weiterbildung\/2021-06-28\/automobilgewerbe-praesentiert-die-fuehrungskraefte-von-morgen\/"},"wordCount":547,"publisher":{"@id":"https:\/\/www.organisator.ch\/#organization"},"image":{"@id":"https:\/\/www.organisator.ch\/weiterbildung\/2021-06-28\/automobilgewerbe-praesentiert-die-fuehrungskraefte-von-morgen\/#primaryimage"},"thumbnailUrl":"https:\/\/www.organisator.ch\/wp-content\/uploads\/2021\/06\/Automobilgewerbe-praesentiert-die-Fuehrungskraefte-von-morgen_Organisator.jpg","keywords":["Aus-\/Weiterbildung","Karriere","Verb\u00e4nde"],"articleSection":["WEITERBILDUNG"],"inLanguage":"en-US"},{"@type":"WebPage","@id":"https:\/\/www.organisator.ch\/weiterbildung\/2021-06-28\/automobilgewerbe-praesentiert-die-fuehrungskraefte-von-morgen\/","url":"https:\/\/www.organisator.ch\/weiterbildung\/2021-06-28\/automobilgewerbe-praesentiert-die-fuehrungskraefte-von-morgen\/","name":"Automotive industry presents the leaders of tomorrow - Organizer","isPartOf":{"@id":"https:\/\/www.organisator.ch\/#website"},"primaryImageOfPage":{"@id":"https:\/\/www.organisator.ch\/weiterbildung\/2021-06-28\/automobilgewerbe-praesentiert-die-fuehrungskraefte-von-morgen\/#primaryimage"},"image":{"@id":"https:\/\/www.organisator.ch\/weiterbildung\/2021-06-28\/automobilgewerbe-praesentiert-die-fuehrungskraefte-von-morgen\/#primaryimage"},"thumbnailUrl":"https:\/\/www.organisator.ch\/wp-content\/uploads\/2021\/06\/Automobilgewerbe-praesentiert-die-Fuehrungskraefte-von-morgen_Organisator.jpg","datePublished":"2021-06-28T06:43:39+00:00","description":"18 specialists have completed their training to become certified business economists. This makes them valuable specialists for the automotive industry.","breadcrumb":{"@id":"https:\/\/www.organisator.ch\/weiterbildung\/2021-06-28\/automobilgewerbe-praesentiert-die-fuehrungskraefte-von-morgen\/#breadcrumb"},"inLanguage":"en-US","potentialAction":[{"@type":"ReadAction","target":["https:\/\/www.organisator.ch\/weiterbildung\/2021-06-28\/automobilgewerbe-praesentiert-die-fuehrungskraefte-von-morgen\/"]}]},{"@type":"ImageObject","inLanguage":"en-US","@id":"https:\/\/www.organisator.ch\/weiterbildung\/2021-06-28\/automobilgewerbe-praesentiert-die-fuehrungskraefte-von-morgen\/#primaryimage","url":"https:\/\/www.organisator.ch\/wp-content\/uploads\/2021\/06\/Automobilgewerbe-praesentiert-die-Fuehrungskraefte-von-morgen_Organisator.jpg","contentUrl":"https:\/\/www.organisator.ch\/wp-content\/uploads\/2021\/06\/Automobilgewerbe-praesentiert-die-Fuehrungskraefte-von-morgen_Organisator.jpg","width":680,"height":452,"caption":"AGVS-Zentralpr\u00e4sident Urs Wernli (l.) und Peter Baschnagel, Pr\u00e4sident der Kommission H\u00f6here Fachpr\u00fcfung beim AGVS (r.), gratulierten den Absolventen (im Bild: Marc Sch\u00f6nenberger) zum erfolgreichen Abschluss. (Foto: AGVS-Medien)"},{"@type":"BreadcrumbList","@id":"https:\/\/www.organisator.ch\/weiterbildung\/2021-06-28\/automobilgewerbe-praesentiert-die-fuehrungskraefte-von-morgen\/#breadcrumb","itemListElement":[{"@type":"ListItem","position":1,"name":"Home","item":"https:\/\/www.organisator.ch\/"},{"@type":"ListItem","position":2,"name":"Automobilgewerbe pr\u00e4sentiert die F\u00fchrungskr\u00e4fte von morgen"}]},{"@type":"WebSite","@id":"https:\/\/www.organisator.ch\/#website","url":"https:\/\/www.organisator.ch\/","name":"Organizer","description":"Competent. Practical. In 10 issues per year, ORGANISATOR presents the essential topics for managers of SMEs.","publisher":{"@id":"https:\/\/www.organisator.ch\/#organization"},"potentialAction":[{"@type":"SearchAction","target":{"@type":"EntryPoint","urlTemplate":"https:\/\/www.organisator.ch\/?s={search_term_string}"},"query-input":{"@type":"PropertyValueSpecification","valueRequired":true,"valueName":"search_term_string"}}],"inLanguage":"en-US"},{"@type":"Organization","@id":"https:\/\/www.organisator.ch\/#organization","name":"Organizer","url":"https:\/\/www.organisator.ch\/","logo":{"@type":"ImageObject","inLanguage":"en-US","@id":"https:\/\/www.organisator.ch\/#\/schema\/logo\/image\/","url":"https:\/\/www.organisator.ch\/wp-content\/uploads\/2022\/01\/Logo_Organisator_Website.png","contentUrl":"https:\/\/www.organisator.ch\/wp-content\/uploads\/2022\/01\/Logo_Organisator_Website.png","width":800,"height":77,"caption":"Organisator"},"image":{"@id":"https:\/\/www.organisator.ch\/#\/schema\/logo\/image\/"},"sameAs":["https:\/\/www.facebook.com\/OrganisatorFachmagazin","https:\/\/www.linkedin.com\/showcase\/organisator-das-magazin-fr-kmu","https:\/\/www.xing.com\/news\/pages\/organisator-ch-695","https:\/\/www.youtube.com\/channel\/UCGP2Sq0iWaZwT3BdIAQFYpw"]},{"@type":"Person","@id":"https:\/\/www.organisator.ch\/#\/schema\/person\/6f650f90b2842cd4c0cc334b4e36f67e","name":"thomas.berner","image":{"@type":"ImageObject","inLanguage":"en-US","@id":"https:\/\/secure.gravatar.com\/avatar\/ac5001d2a36cb6c6cd3e50789007ffca834b477b74a2144564522e944eabff61?s=96&d=mm&r=g","url":"https:\/\/secure.gravatar.com\/avatar\/ac5001d2a36cb6c6cd3e50789007ffca834b477b74a2144564522e944eabff61?s=96&d=mm&r=g","contentUrl":"https:\/\/secure.gravatar.com\/avatar\/ac5001d2a36cb6c6cd3e50789007ffca834b477b74a2144564522e944eabff61?s=96&d=mm&r=g","caption":"thomas.berner"},"url":"https:\/\/www.organisator.ch\/en\/author\/thomas-berner\/"}]}},"_links":{"self":[{"href":"https:\/\/www.organisator.ch\/en\/wp-json\/wp\/v2\/posts\/8196","targetHints":{"allow":["GET"]}}],"collection":[{"href":"https:\/\/www.organisator.ch\/en\/wp-json\/wp\/v2\/posts"}],"about":[{"href":"https:\/\/www.organisator.ch\/en\/wp-json\/wp\/v2\/types\/post"}],"author":[{"embeddable":true,"href":"https:\/\/www.organisator.ch\/en\/wp-json\/wp\/v2\/users\/4"}],"replies":[{"embeddable":true,"href":"https:\/\/www.organisator.ch\/en\/wp-json\/wp\/v2\/comments?post=8196"}],"version-history":[{"count":0,"href":"https:\/\/www.organisator.ch\/en\/wp-json\/wp\/v2\/posts\/8196\/revisions"}],"wp:featuredmedia":[{"embeddable":true,"href":"https:\/\/www.organisator.ch\/en\/wp-json\/wp\/v2\/media\/8197"}],"wp:attachment":[{"href":"https:\/\/www.organisator.ch\/en\/wp-json\/wp\/v2\/media?parent=8196"}],"wp:term":[{"taxonomy":"category","embeddable":true,"href":"https:\/\/www.organisator.ch\/en\/wp-json\/wp\/v2\/categories?post=8196"},{"taxonomy":"post_tag","embeddable":true,"href":"https:\/\/www.organisator.ch\/en\/wp-json\/wp\/v2\/tags?post=8196"}],"curies":[{"name":"wp","href":"https:\/\/api.w.org\/{rel}","templated":true}]}}