{"id":8213,"date":"2021-06-30T15:01:33","date_gmt":"2021-06-30T13:01:33","guid":{"rendered":"https:\/\/www.organisator.ch\/?p=8213"},"modified":"2021-06-30T15:01:33","modified_gmt":"2021-06-30T13:01:33","slug":"firmengruendungsboom-in-der-schweiz-setzt-sich-fort","status":"publish","type":"post","link":"https:\/\/www.organisator.ch\/en\/allgemein\/2021-06-30\/firmengruendungsboom-in-der-schweiz-setzt-sich-fort\/","title":{"rendered":"Company formation boom continues in Switzerland"},"content":{"rendered":"<figure id=\"attachment_8214\" aria-describedby=\"caption-attachment-8214\" style=\"width: 680px\" class=\"wp-caption alignnone\"><a href=\"https:\/\/www.organisator.ch\/wp-content\/uploads\/2021\/06\/Firmengruendungsboom-in-der-Schweiz-setzt-sich-fort_Organisator.jpg\"><img loading=\"lazy\" decoding=\"async\" class=\"size-medium wp-image-8214\" src=\"https:\/\/www.organisator.ch\/wp-content\/uploads\/2021\/06\/Firmengruendungsboom-in-der-Schweiz-setzt-sich-fort_Organisator.jpg\" alt=\"\" width=\"680\" height=\"510\" srcset=\"https:\/\/www.organisator.ch\/wp-content\/uploads\/2021\/06\/Firmengruendungsboom-in-der-Schweiz-setzt-sich-fort_Organisator.jpg 680w, https:\/\/www.organisator.ch\/wp-content\/uploads\/2021\/06\/Firmengruendungsboom-in-der-Schweiz-setzt-sich-fort_Organisator-16x12.jpg 16w, https:\/\/www.organisator.ch\/wp-content\/uploads\/2021\/06\/Firmengruendungsboom-in-der-Schweiz-setzt-sich-fort_Organisator-233x175.jpg 233w, https:\/\/www.organisator.ch\/wp-content\/uploads\/2021\/06\/Firmengruendungsboom-in-der-Schweiz-setzt-sich-fort_Organisator-467x350.jpg 467w, https:\/\/www.organisator.ch\/wp-content\/uploads\/2021\/06\/Firmengruendungsboom-in-der-Schweiz-setzt-sich-fort_Organisator-300x225.jpg 300w\" sizes=\"auto, (max-width: 680px) 100vw, 680px\" \/><\/a><figcaption id=\"caption-attachment-8214\" class=\"wp-caption-text\">Company formation boom has picked up speed in the last six months. (Source: Swiss Official Gazette of Commerce SOGC; analysis and chart: IFJ Institut f\u00fcr Jungunternehmen AG)<\/figcaption><\/figure>\n<p>According to a new evaluation by the Institute for Young Enterprises IFJ, the company formation boom is continuing despite the Corona pandemic, which has not yet been overcome. The Swiss start-up scene is in high spirits and looks to the future with a great deal of confidence, according to the IFJ's assessment.<\/p>\n<h2>Where is the company formation boom greatest?<\/h2>\n<p>Most of the new companies were founded in the cantons of Zurich (4,638), Vaud (2,473), Bern (2,471) and Geneva with 2,173 new registrations. These four cantons account for almost half of all new foundations throughout Switzerland. Compared to the previous year, the canton of Schaffhausen is one of the biggest percentage gainers; it recorded an increase of a remarkable +63.7% compared to the previous half-year, followed by Zug with +40.3%, Uri with +32.7% and Bern with an increase of +31.6%. Except for Appenzell Innerrhoden (-19.4%) and Obwalden (-9.2%), all cantons recorded positive growth.<\/p>\n<h2>Comparison of the last 10 half-years<\/h2>\n<p>Since the slight declines in 2012 and 2015, the Commercial Register Office has recorded a steady increase in new registrations until 2020. In the first half of 2020, new registrations temporarily collapsed due to the Covid 19 measures. On average, 22,010 new companies were registered per half-year over the last 10 years. The current six months of 2021 recorded a remarkable 20% increase over the 10-year average, with 26,387 new registrations.<\/p>\n<h2>Legal forms in comparison<\/h2>\n<p>In Switzerland, 10,024 new limited liability companies (GmbH) were founded in the first half of the current year, representing growth of +18.5%. This is followed by the sole proprietorship with 8,743 new registrations (+21%), the stock corporation (AG) with 5,212 new registrations (+25%) and the general partnership with 800 (+21.8%) registrations.<\/p>\n<h2>Start-ups by industry<\/h2>\n<p>In terms of company start-ups by sector, all but two sectors are showing positive trends compared with the previous year. The top three growth sectors include Other Services (including video production, photography, facility management, horticulture) with +69%, Agriculture &amp; Forestry (+59.7%), and Retail Trade with +42.8%. The industries with the largest percentage declines were Transportation &amp; Logistics (-3.5%) and High Tech (-1.6%).<\/p>\n<p><em>Source: <a href=\"http:\/\/www.ifj.ch\">Institute for Young Enterprises IFJ<\/a><\/em><\/p>","protected":false},"excerpt":{"rendered":"<p>Gem\u00e4ss einer neuen Auswertung des Instituts f\u00fcr Jungunternehmen IFJ setzt sich der Firmengr\u00fcndungsboom ungeachtet der noch nicht \u00fcberwundenen Corona-Pandemie fort. Die Schweizer Gr\u00fcndungsszene zeigt sich hochgestimmt und schaut mit viel Zuversicht in die Zukunft, so die Einsch\u00e4tzung des IFJ. Wo ist der Firmengr\u00fcndungsboom am gr\u00f6ssten? Die meisten Neugr\u00fcndungen erfolgten in den Kantonen Z\u00fcrich (4&#8217;638), Waadt [&hellip;]<\/p>\n","protected":false},"author":4,"featured_media":8214,"comment_status":"closed","ping_status":"closed","sticky":false,"template":"","format":"standard","meta":{"_acf_changed":false,"_yoast_wpseo_focuskw":"Firmengr\u00fcndungsboom","_yoast_wpseo_metadesc":"Nachdem das Jahr 2020 bereits als Rekordjahr an Anzahl Neugr\u00fcndungen in die Geschichte einging, setzt sich der Firmengr\u00fcndungsboom 2021 fort.","articlekey":"","footnotes":""},"categories":[1],"tags":[205,451,492],"class_list":["post-8213","post","type-post","status-publish","format-standard","has-post-thumbnail","hentry","category-allgemein","tag-firmengruendungen","tag-startups","tag-unternehmen"],"acf":[],"yoast_head":"<!-- This site is optimized with the Yoast SEO plugin v27.5 - https:\/\/yoast.com\/product\/yoast-seo-wordpress\/ -->\n<title>Firmengr\u00fcndungsboom in der Schweiz setzt sich fort - Organisator<\/title>\n<meta name=\"description\" content=\"Nachdem das Jahr 2020 bereits als Rekordjahr an Anzahl Neugr\u00fcndungen in die Geschichte einging, setzt sich der Firmengr\u00fcndungsboom 2021 fort.\" \/>\n<meta name=\"robots\" content=\"index, follow, max-snippet:-1, max-image-preview:large, max-video-preview:-1\" \/>\n<link rel=\"canonical\" href=\"https:\/\/www.organisator.ch\/en\/general\/2021-06-30\/firmengruendungsboom-in-der-schweiz-setzt-sich-fort\/\" \/>\n<meta property=\"og:locale\" content=\"en_US\" \/>\n<meta property=\"og:type\" content=\"article\" \/>\n<meta property=\"og:title\" content=\"Firmengr\u00fcndungsboom in der Schweiz setzt sich fort\" \/>\n<meta property=\"og:description\" content=\"Nachdem das Jahr 2020 bereits als Rekordjahr an Anzahl Neugr\u00fcndungen in die Geschichte einging, setzt sich der Firmengr\u00fcndungsboom 2021 fort.\" \/>\n<meta property=\"og:url\" content=\"https:\/\/www.organisator.ch\/en\/general\/2021-06-30\/firmengruendungsboom-in-der-schweiz-setzt-sich-fort\/\" \/>\n<meta property=\"og:site_name\" content=\"Organisator\" \/>\n<meta property=\"article:publisher\" content=\"https:\/\/www.facebook.com\/OrganisatorFachmagazin\" \/>\n<meta property=\"article:published_time\" content=\"2021-06-30T13:01:33+00:00\" \/>\n<meta property=\"og:image\" content=\"https:\/\/www.organisator.ch\/wp-content\/uploads\/2021\/06\/Firmengruendungsboom-in-der-Schweiz-setzt-sich-fort_Organisator.jpg\" \/>\n\t<meta property=\"og:image:width\" content=\"680\" \/>\n\t<meta property=\"og:image:height\" content=\"510\" \/>\n\t<meta property=\"og:image:type\" content=\"image\/jpeg\" \/>\n<meta name=\"author\" content=\"thomas.berner\" \/>\n<meta name=\"twitter:card\" content=\"summary_large_image\" \/>\n<meta name=\"twitter:title\" content=\"#Firmengr\u00fcndungsboom in der Schweiz setzt sich fort\" \/>\n<meta name=\"twitter:description\" content=\"Nachdem das Jahr 2020 bereits als Rekordjahr an Anzahl Neugr\u00fcndungen in die Geschichte einging, setzt sich der #Firmengr\u00fcndungsboom 2021 fort.\" \/>\n<meta name=\"twitter:image\" content=\"https:\/\/www.organisator.ch\/wp-content\/uploads\/2021\/06\/Firmengruendungsboom-in-der-Schweiz-setzt-sich-fort_Organisator.jpg\" \/>\n<script type=\"application\/ld+json\" class=\"yoast-schema-graph\">{\"@context\":\"https:\\\/\\\/schema.org\",\"@graph\":[{\"@type\":\"Article\",\"@id\":\"https:\\\/\\\/www.organisator.ch\\\/de\\\/allgemein\\\/2021-06-30\\\/firmengruendungsboom-in-der-schweiz-setzt-sich-fort\\\/#article\",\"isPartOf\":{\"@id\":\"https:\\\/\\\/www.organisator.ch\\\/de\\\/allgemein\\\/2021-06-30\\\/firmengruendungsboom-in-der-schweiz-setzt-sich-fort\\\/\"},\"author\":{\"name\":\"thomas.berner\",\"@id\":\"https:\\\/\\\/www.organisator.ch\\\/#\\\/schema\\\/person\\\/6f650f90b2842cd4c0cc334b4e36f67e\"},\"headline\":\"Firmengr\u00fcndungsboom in der Schweiz setzt sich fort\",\"datePublished\":\"2021-06-30T13:01:33+00:00\",\"mainEntityOfPage\":{\"@id\":\"https:\\\/\\\/www.organisator.ch\\\/de\\\/allgemein\\\/2021-06-30\\\/firmengruendungsboom-in-der-schweiz-setzt-sich-fort\\\/\"},\"wordCount\":350,\"publisher\":{\"@id\":\"https:\\\/\\\/www.organisator.ch\\\/#organization\"},\"image\":{\"@id\":\"https:\\\/\\\/www.organisator.ch\\\/de\\\/allgemein\\\/2021-06-30\\\/firmengruendungsboom-in-der-schweiz-setzt-sich-fort\\\/#primaryimage\"},\"thumbnailUrl\":\"https:\\\/\\\/www.organisator.ch\\\/wp-content\\\/uploads\\\/2021\\\/06\\\/Firmengruendungsboom-in-der-Schweiz-setzt-sich-fort_Organisator.jpg\",\"keywords\":[\"Firmengr\u00fcndungen\",\"Startups\",\"Unternehmen\"],\"articleSection\":[\"Allgemein\"],\"inLanguage\":\"en-US\"},{\"@type\":\"WebPage\",\"@id\":\"https:\\\/\\\/www.organisator.ch\\\/de\\\/allgemein\\\/2021-06-30\\\/firmengruendungsboom-in-der-schweiz-setzt-sich-fort\\\/\",\"url\":\"https:\\\/\\\/www.organisator.ch\\\/de\\\/allgemein\\\/2021-06-30\\\/firmengruendungsboom-in-der-schweiz-setzt-sich-fort\\\/\",\"name\":\"Firmengr\u00fcndungsboom in der Schweiz setzt sich fort - Organisator\",\"isPartOf\":{\"@id\":\"https:\\\/\\\/www.organisator.ch\\\/#website\"},\"primaryImageOfPage\":{\"@id\":\"https:\\\/\\\/www.organisator.ch\\\/de\\\/allgemein\\\/2021-06-30\\\/firmengruendungsboom-in-der-schweiz-setzt-sich-fort\\\/#primaryimage\"},\"image\":{\"@id\":\"https:\\\/\\\/www.organisator.ch\\\/de\\\/allgemein\\\/2021-06-30\\\/firmengruendungsboom-in-der-schweiz-setzt-sich-fort\\\/#primaryimage\"},\"thumbnailUrl\":\"https:\\\/\\\/www.organisator.ch\\\/wp-content\\\/uploads\\\/2021\\\/06\\\/Firmengruendungsboom-in-der-Schweiz-setzt-sich-fort_Organisator.jpg\",\"datePublished\":\"2021-06-30T13:01:33+00:00\",\"description\":\"Nachdem das Jahr 2020 bereits als Rekordjahr an Anzahl Neugr\u00fcndungen in die Geschichte einging, setzt sich der Firmengr\u00fcndungsboom 2021 fort.\",\"breadcrumb\":{\"@id\":\"https:\\\/\\\/www.organisator.ch\\\/de\\\/allgemein\\\/2021-06-30\\\/firmengruendungsboom-in-der-schweiz-setzt-sich-fort\\\/#breadcrumb\"},\"inLanguage\":\"en-US\",\"potentialAction\":[{\"@type\":\"ReadAction\",\"target\":[\"https:\\\/\\\/www.organisator.ch\\\/de\\\/allgemein\\\/2021-06-30\\\/firmengruendungsboom-in-der-schweiz-setzt-sich-fort\\\/\"]}]},{\"@type\":\"ImageObject\",\"inLanguage\":\"en-US\",\"@id\":\"https:\\\/\\\/www.organisator.ch\\\/de\\\/allgemein\\\/2021-06-30\\\/firmengruendungsboom-in-der-schweiz-setzt-sich-fort\\\/#primaryimage\",\"url\":\"https:\\\/\\\/www.organisator.ch\\\/wp-content\\\/uploads\\\/2021\\\/06\\\/Firmengruendungsboom-in-der-Schweiz-setzt-sich-fort_Organisator.jpg\",\"contentUrl\":\"https:\\\/\\\/www.organisator.ch\\\/wp-content\\\/uploads\\\/2021\\\/06\\\/Firmengruendungsboom-in-der-Schweiz-setzt-sich-fort_Organisator.jpg\",\"width\":680,\"height\":510,\"caption\":\"Firmengr\u00fcndungsboom hat in den letzten Halbjahren Fahrt aufgenommen. (Quelle: Schweizerisches Handelsamtsblatt SHAB; Analyse und Grafik: IFJ Institut f\u00fcr Jungunternehmen AG)\"},{\"@type\":\"BreadcrumbList\",\"@id\":\"https:\\\/\\\/www.organisator.ch\\\/de\\\/allgemein\\\/2021-06-30\\\/firmengruendungsboom-in-der-schweiz-setzt-sich-fort\\\/#breadcrumb\",\"itemListElement\":[{\"@type\":\"ListItem\",\"position\":1,\"name\":\"Home\",\"item\":\"https:\\\/\\\/www.organisator.ch\\\/\"},{\"@type\":\"ListItem\",\"position\":2,\"name\":\"Firmengr\u00fcndungsboom in der Schweiz setzt sich fort\"}]},{\"@type\":\"WebSite\",\"@id\":\"https:\\\/\\\/www.organisator.ch\\\/#website\",\"url\":\"https:\\\/\\\/www.organisator.ch\\\/\",\"name\":\"Organisator\",\"description\":\"Kompetent. Praxisnah. Der ORGANISATOR bereitet in 10 Ausgaben pro Jahr die wesentlichen Themen f\u00fcr F\u00fchrungskr\u00e4fte von KMU auf.\",\"publisher\":{\"@id\":\"https:\\\/\\\/www.organisator.ch\\\/#organization\"},\"potentialAction\":[{\"@type\":\"SearchAction\",\"target\":{\"@type\":\"EntryPoint\",\"urlTemplate\":\"https:\\\/\\\/www.organisator.ch\\\/?s={search_term_string}\"},\"query-input\":{\"@type\":\"PropertyValueSpecification\",\"valueRequired\":true,\"valueName\":\"search_term_string\"}}],\"inLanguage\":\"en-US\"},{\"@type\":\"Organization\",\"@id\":\"https:\\\/\\\/www.organisator.ch\\\/#organization\",\"name\":\"Organisator\",\"url\":\"https:\\\/\\\/www.organisator.ch\\\/\",\"logo\":{\"@type\":\"ImageObject\",\"inLanguage\":\"en-US\",\"@id\":\"https:\\\/\\\/www.organisator.ch\\\/#\\\/schema\\\/logo\\\/image\\\/\",\"url\":\"https:\\\/\\\/www.organisator.ch\\\/wp-content\\\/uploads\\\/2022\\\/01\\\/Logo_Organisator_Website.png\",\"contentUrl\":\"https:\\\/\\\/www.organisator.ch\\\/wp-content\\\/uploads\\\/2022\\\/01\\\/Logo_Organisator_Website.png\",\"width\":800,\"height\":77,\"caption\":\"Organisator\"},\"image\":{\"@id\":\"https:\\\/\\\/www.organisator.ch\\\/#\\\/schema\\\/logo\\\/image\\\/\"},\"sameAs\":[\"https:\\\/\\\/www.facebook.com\\\/OrganisatorFachmagazin\",\"https:\\\/\\\/www.linkedin.com\\\/showcase\\\/organisator-das-magazin-fr-kmu\",\"https:\\\/\\\/www.xing.com\\\/news\\\/pages\\\/organisator-ch-695\",\"https:\\\/\\\/www.youtube.com\\\/channel\\\/UCGP2Sq0iWaZwT3BdIAQFYpw\"]},{\"@type\":\"Person\",\"@id\":\"https:\\\/\\\/www.organisator.ch\\\/#\\\/schema\\\/person\\\/6f650f90b2842cd4c0cc334b4e36f67e\",\"name\":\"thomas.berner\",\"image\":{\"@type\":\"ImageObject\",\"inLanguage\":\"en-US\",\"@id\":\"https:\\\/\\\/secure.gravatar.com\\\/avatar\\\/ac5001d2a36cb6c6cd3e50789007ffca834b477b74a2144564522e944eabff61?s=96&d=mm&r=g\",\"url\":\"https:\\\/\\\/secure.gravatar.com\\\/avatar\\\/ac5001d2a36cb6c6cd3e50789007ffca834b477b74a2144564522e944eabff61?s=96&d=mm&r=g\",\"contentUrl\":\"https:\\\/\\\/secure.gravatar.com\\\/avatar\\\/ac5001d2a36cb6c6cd3e50789007ffca834b477b74a2144564522e944eabff61?s=96&d=mm&r=g\",\"caption\":\"thomas.berner\"},\"url\":\"https:\\\/\\\/www.organisator.ch\\\/en\\\/author\\\/thomas-berner\\\/\"}]}<\/script>\n<!-- \/ Yoast SEO plugin. -->","yoast_head_json":{"title":"Company formation boom in Switzerland continues - Organizer","description":"After 2020 already went down in history as a record year in terms of the number of new companies founded, the company formation boom will continue in 2021.","robots":{"index":"index","follow":"follow","max-snippet":"max-snippet:-1","max-image-preview":"max-image-preview:large","max-video-preview":"max-video-preview:-1"},"canonical":"https:\/\/www.organisator.ch\/en\/general\/2021-06-30\/firmengruendungsboom-in-der-schweiz-setzt-sich-fort\/","og_locale":"en_US","og_type":"article","og_title":"Firmengr\u00fcndungsboom in der Schweiz setzt sich fort","og_description":"Nachdem das Jahr 2020 bereits als Rekordjahr an Anzahl Neugr\u00fcndungen in die Geschichte einging, setzt sich der Firmengr\u00fcndungsboom 2021 fort.","og_url":"https:\/\/www.organisator.ch\/en\/general\/2021-06-30\/firmengruendungsboom-in-der-schweiz-setzt-sich-fort\/","og_site_name":"Organisator","article_publisher":"https:\/\/www.facebook.com\/OrganisatorFachmagazin","article_published_time":"2021-06-30T13:01:33+00:00","og_image":[{"width":680,"height":510,"url":"https:\/\/www.organisator.ch\/wp-content\/uploads\/2021\/06\/Firmengruendungsboom-in-der-Schweiz-setzt-sich-fort_Organisator.jpg","type":"image\/jpeg"}],"author":"thomas.berner","twitter_card":"summary_large_image","twitter_title":"#Firmengr\u00fcndungsboom in der Schweiz setzt sich fort","twitter_description":"Nachdem das Jahr 2020 bereits als Rekordjahr an Anzahl Neugr\u00fcndungen in die Geschichte einging, setzt sich der #Firmengr\u00fcndungsboom 2021 fort.","twitter_image":"https:\/\/www.organisator.ch\/wp-content\/uploads\/2021\/06\/Firmengruendungsboom-in-der-Schweiz-setzt-sich-fort_Organisator.jpg","schema":{"@context":"https:\/\/schema.org","@graph":[{"@type":"Article","@id":"https:\/\/www.organisator.ch\/de\/allgemein\/2021-06-30\/firmengruendungsboom-in-der-schweiz-setzt-sich-fort\/#article","isPartOf":{"@id":"https:\/\/www.organisator.ch\/de\/allgemein\/2021-06-30\/firmengruendungsboom-in-der-schweiz-setzt-sich-fort\/"},"author":{"name":"thomas.berner","@id":"https:\/\/www.organisator.ch\/#\/schema\/person\/6f650f90b2842cd4c0cc334b4e36f67e"},"headline":"Firmengr\u00fcndungsboom in der Schweiz setzt sich fort","datePublished":"2021-06-30T13:01:33+00:00","mainEntityOfPage":{"@id":"https:\/\/www.organisator.ch\/de\/allgemein\/2021-06-30\/firmengruendungsboom-in-der-schweiz-setzt-sich-fort\/"},"wordCount":350,"publisher":{"@id":"https:\/\/www.organisator.ch\/#organization"},"image":{"@id":"https:\/\/www.organisator.ch\/de\/allgemein\/2021-06-30\/firmengruendungsboom-in-der-schweiz-setzt-sich-fort\/#primaryimage"},"thumbnailUrl":"https:\/\/www.organisator.ch\/wp-content\/uploads\/2021\/06\/Firmengruendungsboom-in-der-Schweiz-setzt-sich-fort_Organisator.jpg","keywords":["Firmengr\u00fcndungen","Startups","Unternehmen"],"articleSection":["Allgemein"],"inLanguage":"en-US"},{"@type":"WebPage","@id":"https:\/\/www.organisator.ch\/de\/allgemein\/2021-06-30\/firmengruendungsboom-in-der-schweiz-setzt-sich-fort\/","url":"https:\/\/www.organisator.ch\/de\/allgemein\/2021-06-30\/firmengruendungsboom-in-der-schweiz-setzt-sich-fort\/","name":"Company formation boom in Switzerland continues - Organizer","isPartOf":{"@id":"https:\/\/www.organisator.ch\/#website"},"primaryImageOfPage":{"@id":"https:\/\/www.organisator.ch\/de\/allgemein\/2021-06-30\/firmengruendungsboom-in-der-schweiz-setzt-sich-fort\/#primaryimage"},"image":{"@id":"https:\/\/www.organisator.ch\/de\/allgemein\/2021-06-30\/firmengruendungsboom-in-der-schweiz-setzt-sich-fort\/#primaryimage"},"thumbnailUrl":"https:\/\/www.organisator.ch\/wp-content\/uploads\/2021\/06\/Firmengruendungsboom-in-der-Schweiz-setzt-sich-fort_Organisator.jpg","datePublished":"2021-06-30T13:01:33+00:00","description":"After 2020 already went down in history as a record year in terms of the number of new companies founded, the company formation boom will continue in 2021.","breadcrumb":{"@id":"https:\/\/www.organisator.ch\/de\/allgemein\/2021-06-30\/firmengruendungsboom-in-der-schweiz-setzt-sich-fort\/#breadcrumb"},"inLanguage":"en-US","potentialAction":[{"@type":"ReadAction","target":["https:\/\/www.organisator.ch\/de\/allgemein\/2021-06-30\/firmengruendungsboom-in-der-schweiz-setzt-sich-fort\/"]}]},{"@type":"ImageObject","inLanguage":"en-US","@id":"https:\/\/www.organisator.ch\/de\/allgemein\/2021-06-30\/firmengruendungsboom-in-der-schweiz-setzt-sich-fort\/#primaryimage","url":"https:\/\/www.organisator.ch\/wp-content\/uploads\/2021\/06\/Firmengruendungsboom-in-der-Schweiz-setzt-sich-fort_Organisator.jpg","contentUrl":"https:\/\/www.organisator.ch\/wp-content\/uploads\/2021\/06\/Firmengruendungsboom-in-der-Schweiz-setzt-sich-fort_Organisator.jpg","width":680,"height":510,"caption":"Firmengr\u00fcndungsboom hat in den letzten Halbjahren Fahrt aufgenommen. (Quelle: Schweizerisches Handelsamtsblatt SHAB; Analyse und Grafik: IFJ Institut f\u00fcr Jungunternehmen AG)"},{"@type":"BreadcrumbList","@id":"https:\/\/www.organisator.ch\/de\/allgemein\/2021-06-30\/firmengruendungsboom-in-der-schweiz-setzt-sich-fort\/#breadcrumb","itemListElement":[{"@type":"ListItem","position":1,"name":"Home","item":"https:\/\/www.organisator.ch\/"},{"@type":"ListItem","position":2,"name":"Firmengr\u00fcndungsboom in der Schweiz setzt sich fort"}]},{"@type":"WebSite","@id":"https:\/\/www.organisator.ch\/#website","url":"https:\/\/www.organisator.ch\/","name":"Organizer","description":"Competent. Practical. In 10 issues per year, ORGANISATOR presents the essential topics for managers of SMEs.","publisher":{"@id":"https:\/\/www.organisator.ch\/#organization"},"potentialAction":[{"@type":"SearchAction","target":{"@type":"EntryPoint","urlTemplate":"https:\/\/www.organisator.ch\/?s={search_term_string}"},"query-input":{"@type":"PropertyValueSpecification","valueRequired":true,"valueName":"search_term_string"}}],"inLanguage":"en-US"},{"@type":"Organization","@id":"https:\/\/www.organisator.ch\/#organization","name":"Organizer","url":"https:\/\/www.organisator.ch\/","logo":{"@type":"ImageObject","inLanguage":"en-US","@id":"https:\/\/www.organisator.ch\/#\/schema\/logo\/image\/","url":"https:\/\/www.organisator.ch\/wp-content\/uploads\/2022\/01\/Logo_Organisator_Website.png","contentUrl":"https:\/\/www.organisator.ch\/wp-content\/uploads\/2022\/01\/Logo_Organisator_Website.png","width":800,"height":77,"caption":"Organisator"},"image":{"@id":"https:\/\/www.organisator.ch\/#\/schema\/logo\/image\/"},"sameAs":["https:\/\/www.facebook.com\/OrganisatorFachmagazin","https:\/\/www.linkedin.com\/showcase\/organisator-das-magazin-fr-kmu","https:\/\/www.xing.com\/news\/pages\/organisator-ch-695","https:\/\/www.youtube.com\/channel\/UCGP2Sq0iWaZwT3BdIAQFYpw"]},{"@type":"Person","@id":"https:\/\/www.organisator.ch\/#\/schema\/person\/6f650f90b2842cd4c0cc334b4e36f67e","name":"thomas.berner","image":{"@type":"ImageObject","inLanguage":"en-US","@id":"https:\/\/secure.gravatar.com\/avatar\/ac5001d2a36cb6c6cd3e50789007ffca834b477b74a2144564522e944eabff61?s=96&d=mm&r=g","url":"https:\/\/secure.gravatar.com\/avatar\/ac5001d2a36cb6c6cd3e50789007ffca834b477b74a2144564522e944eabff61?s=96&d=mm&r=g","contentUrl":"https:\/\/secure.gravatar.com\/avatar\/ac5001d2a36cb6c6cd3e50789007ffca834b477b74a2144564522e944eabff61?s=96&d=mm&r=g","caption":"thomas.berner"},"url":"https:\/\/www.organisator.ch\/en\/author\/thomas-berner\/"}]}},"_links":{"self":[{"href":"https:\/\/www.organisator.ch\/en\/wp-json\/wp\/v2\/posts\/8213","targetHints":{"allow":["GET"]}}],"collection":[{"href":"https:\/\/www.organisator.ch\/en\/wp-json\/wp\/v2\/posts"}],"about":[{"href":"https:\/\/www.organisator.ch\/en\/wp-json\/wp\/v2\/types\/post"}],"author":[{"embeddable":true,"href":"https:\/\/www.organisator.ch\/en\/wp-json\/wp\/v2\/users\/4"}],"replies":[{"embeddable":true,"href":"https:\/\/www.organisator.ch\/en\/wp-json\/wp\/v2\/comments?post=8213"}],"version-history":[{"count":0,"href":"https:\/\/www.organisator.ch\/en\/wp-json\/wp\/v2\/posts\/8213\/revisions"}],"wp:featuredmedia":[{"embeddable":true,"href":"https:\/\/www.organisator.ch\/en\/wp-json\/wp\/v2\/media\/8214"}],"wp:attachment":[{"href":"https:\/\/www.organisator.ch\/en\/wp-json\/wp\/v2\/media?parent=8213"}],"wp:term":[{"taxonomy":"category","embeddable":true,"href":"https:\/\/www.organisator.ch\/en\/wp-json\/wp\/v2\/categories?post=8213"},{"taxonomy":"post_tag","embeddable":true,"href":"https:\/\/www.organisator.ch\/en\/wp-json\/wp\/v2\/tags?post=8213"}],"curies":[{"name":"wp","href":"https:\/\/api.w.org\/{rel}","templated":true}]}}