{"id":8223,"date":"2021-07-02T07:57:31","date_gmt":"2021-07-02T05:57:31","guid":{"rendered":"https:\/\/www.organisator.ch\/?p=8223"},"modified":"2021-07-02T07:57:31","modified_gmt":"2021-07-02T05:57:31","slug":"erster-grosser-live-business-event-nach-lockdown-the-circle-conference-legt-vor","status":"publish","type":"post","link":"https:\/\/www.organisator.ch\/en\/marketing\/2021-07-02\/erster-grosser-live-business-event-nach-lockdown-the-circle-conference-legt-vor\/","title":{"rendered":"First major live business event after Lockdown: The Circle Conference submits"},"content":{"rendered":"<figure id=\"attachment_8224\" aria-describedby=\"caption-attachment-8224\" style=\"width: 680px\" class=\"wp-caption alignnone\"><a href=\"https:\/\/www.organisator.ch\/wp-content\/uploads\/2021\/07\/Erster-grosser-Live-Business-Event-nach-Lockdown-The-Circle-Conference-legt-vor-1_Organisator.jpg\"><img loading=\"lazy\" decoding=\"async\" class=\"size-medium wp-image-8224\" src=\"https:\/\/www.organisator.ch\/wp-content\/uploads\/2021\/07\/Erster-grosser-Live-Business-Event-nach-Lockdown-The-Circle-Conference-legt-vor-1_Organisator.jpg\" alt=\"\" width=\"680\" height=\"510\" srcset=\"https:\/\/www.organisator.ch\/wp-content\/uploads\/2021\/07\/Erster-grosser-Live-Business-Event-nach-Lockdown-The-Circle-Conference-legt-vor-1_Organisator.jpg 680w, https:\/\/www.organisator.ch\/wp-content\/uploads\/2021\/07\/Erster-grosser-Live-Business-Event-nach-Lockdown-The-Circle-Conference-legt-vor-1_Organisator-16x12.jpg 16w, https:\/\/www.organisator.ch\/wp-content\/uploads\/2021\/07\/Erster-grosser-Live-Business-Event-nach-Lockdown-The-Circle-Conference-legt-vor-1_Organisator-233x175.jpg 233w, https:\/\/www.organisator.ch\/wp-content\/uploads\/2021\/07\/Erster-grosser-Live-Business-Event-nach-Lockdown-The-Circle-Conference-legt-vor-1_Organisator-467x350.jpg 467w, https:\/\/www.organisator.ch\/wp-content\/uploads\/2021\/07\/Erster-grosser-Live-Business-Event-nach-Lockdown-The-Circle-Conference-legt-vor-1_Organisator-300x225.jpg 300w\" sizes=\"auto, (max-width: 680px) 100vw, 680px\" \/><\/a><figcaption id=\"caption-attachment-8224\" class=\"wp-caption-text\">Showtime! The Circle Conference on July 1, 2021 was the first big live business event after the Corona drought. (Image: Thomas Berner)<\/figcaption><\/figure>\n<p>It was finally showtime again: After more than twelve months without events, a major live business event took place for the first time again at the Circle Convention Center on July 1, 2021: <a href=\"http:\/\/www.circle-conference.com\">The Circle Conference<\/a>. 880 visitors, 70 exhibitors and 19 speakers provided the framework for a successful premiere. The event was hosted by Oliver Stoldt of MICE Service Group Switzerland in cooperation with the hosting partners Flughafen Z\u00fcrich AG, <a href=\"https:\/\/www.thecircleconventioncentre.ch\/?lang=de\">The Circle Convention Center<\/a>Hyatt Regency Zurich Airport The Circle and Hyatt Place Zurich Airport The Circle. He wanted to offer the MICE industry, i.e. the event and hospitality sector most affected by the Corona pandemic, a fitting re-start. Accordingly, the industry made itself the theme of the event. The exhibiting companies all showed their services for the organization of meetings, events, conferences and other occasions.<\/p>\n<h2>Live business event under corona conditions<\/h2>\n<p>Oliver Stoldt and Janine Heukamp began planning The Circle Conference while still in the midst of the lockdown. Their goal: July 1, 2021 should be the deadline for the first large live business event after Corona. As recently as April of this year, it was far from clear whether events with 1000 attendees would be approved as early as the beginning of summer. The relaxation of the Federal Council on May 26, 2021 paved the way, and a few days later the approval by the authorities followed. \"We gambled high,\" Oliver Stoldt said on the sidelines of a media conference held to mark The Circle Conference. \"There was only this Plan A.\" But the effort must have paid off: everywhere you looked, you saw happy faces - and not hidden behind protective masks. The rigorous protection concept - only pre-registered people were allowed in, and everyone had to show a valid Covid certificate or a negative test result - allowed for this newfound freedom. \"You have to get right back into the habit of personal closeness,\" was a statement often heard. Indeed, the \"elbow salute\" could still be observed frequently, and even when applauding, the audience sometimes seemed to exercise a little restraint...<\/p>\n<h2>Congress tourism in transition<\/h2>\n<p>At the media conference, Andreas Z\u00fcllig, President of HotellerieSuisse, epidemic expert and consultant Daniel Koch, jazz festival organizer and St. Moritz community president Christian Jott Jenny, Oliver Stoldt and Stefan Feldmann, Head The Circle, Flughafen Z\u00fcrich AG, expressed their views on the future of the MICE business. There was agreement that new, creative concepts will naturalize in the congress and event business alongside classic solutions - thanks to rapidly developing digital tools. \"We learned a lot during Corona,\" said Andreas Z\u00fcllig, pointing out that quite a few seminar hotels, for example, are now \"igniting the turbo\" to upgrade their infrastructures. It is possible that there will be fewer very large congresses in the future than before the pandemic, said Z\u00fcllig. He and Christian Jott Jenny were optimistic about tourism for the coming summer season in the mountain regions, but less so for places that rely on international customers. And Jenny is further clear with regard to cultural creation: \"Concerts cannot be digitized.\" The Festival da Jazz in St. Moritz, for example, will be held live next week with the 3G concept.<\/p>\n<figure id=\"attachment_8225\" aria-describedby=\"caption-attachment-8225\" style=\"width: 680px\" class=\"wp-caption alignnone\"><a href=\"https:\/\/www.organisator.ch\/wp-content\/uploads\/2021\/07\/Erster-grosser-Live-Business-Event-nach-Lockdown-The-Circle-Conference-legt-vor-2_Organisator.jpg\"><img loading=\"lazy\" decoding=\"async\" class=\"size-medium wp-image-8225\" src=\"https:\/\/www.organisator.ch\/wp-content\/uploads\/2021\/07\/Erster-grosser-Live-Business-Event-nach-Lockdown-The-Circle-Conference-legt-vor-2_Organisator.jpg\" alt=\"\" width=\"680\" height=\"453\" srcset=\"https:\/\/www.organisator.ch\/wp-content\/uploads\/2021\/07\/Erster-grosser-Live-Business-Event-nach-Lockdown-The-Circle-Conference-legt-vor-2_Organisator.jpg 680w, https:\/\/www.organisator.ch\/wp-content\/uploads\/2021\/07\/Erster-grosser-Live-Business-Event-nach-Lockdown-The-Circle-Conference-legt-vor-2_Organisator-16x12.jpg 16w, https:\/\/www.organisator.ch\/wp-content\/uploads\/2021\/07\/Erster-grosser-Live-Business-Event-nach-Lockdown-The-Circle-Conference-legt-vor-2_Organisator-263x175.jpg 263w, https:\/\/www.organisator.ch\/wp-content\/uploads\/2021\/07\/Erster-grosser-Live-Business-Event-nach-Lockdown-The-Circle-Conference-legt-vor-2_Organisator-525x350.jpg 525w, https:\/\/www.organisator.ch\/wp-content\/uploads\/2021\/07\/Erster-grosser-Live-Business-Event-nach-Lockdown-The-Circle-Conference-legt-vor-2_Organisator-300x200.jpg 300w\" sizes=\"auto, (max-width: 680px) 100vw, 680px\" \/><\/a><figcaption id=\"caption-attachment-8225\" class=\"wp-caption-text\">The future of the MICE industry: from left to right Stefan Feldmann, Oliver Stoldt, Christian Jott Jenny, Daniel Koch, Andreas Z\u00fcllig. (Image: zVg \/ Marco Stalder)<\/figcaption><\/figure>\n<h2>More sustainability - also for a live business event<\/h2>\n<p>What is the current demand for seminar hotels, for example? Andreas Z\u00fcllig knows of good booking levels with corresponding providers. However, in addition to technical possibilities for hybrid implementation, the focus has recently shifted to completely different values. \"Customers are paying more attention to sustainability. It is becoming more important to them to rely on regional products,\" says Z\u00fcllig. And what about internationally? A little patience still seems to be in order there. Stefan Feldmann pointed out that The Circle and its convention center, which is geared toward international events and has a capacity of 2,500 visitors, opened in the middle of the crisis. However, he is optimistic that demand will also increase here as soon as the market situation permits. Then the second hotel, Hyatt Place, which is currently still closed, will also definitely open its doors.<\/p>\n<h2>Audience enjoys live performances<\/h2>\n<p>However, the virus will certainly keep the industry busy for some time to come, according to Daniel Koch, who was also a speaker. He assumes that the normality we knew before the Corona pandemic will be reality again in a few years. In addition to Daniel Koch, the presentations of other renowned speakers also met with lively interest. Solar Impulse pioneer Bertrand Piccard and the honorary president of FC Basel, Bernhard Heusler, impressed the audience. International expert Sita Mazumder and experts German Ramirez and Reto Wampfler spoke on digitalization, innovation, social selling and change management. On topics such as new work, communication, leadership and mobility, the expert Leonie M\u00fcller, ex-FIFA referee Urs Meier, the pilot group #clearedtoland, professional pilot Philip Keil and the \"king of pickpockets\" Christian Lindemann, who as a keynote speaker addressed topics such as self-confidence, repartee and performance. \"People buy from people\" was one of the things he called out to the audience. What might generally be dismissed as an often-heard marketing platitude took on an almost programmatic meaning on July 1, 2021: live and face-to-face, the atmosphere is simply different from digital via screen...<\/p>","protected":false},"excerpt":{"rendered":"<p>Es war endlich wieder Showtime: Nach mehr als zw\u00f6lf Monaten ohne Veranstaltungen ging am 1. Juli 2021 im Circle Convention Center zum ersten Mal wieder ein grosser Live-Business-Event \u00fcber die B\u00fchne: The Circle Conference. 880 Besucherinnen und Besucher, 70 Aussteller und 19 Referentinnen und Referenten bildeten den Rahmen f\u00fcr eine erfolgreiche Premiere. Geladen zu diesem [&hellip;]<\/p>\n","protected":false},"author":4,"featured_media":8224,"comment_status":"closed","ping_status":"closed","sticky":false,"template":"","format":"standard","meta":{"_acf_changed":false,"_yoast_wpseo_focuskw":"Live-Business-Event","_yoast_wpseo_metadesc":"Am 1. Juli 2021 fand mit The Circle Conference der schweizweit wohl erste grosse Live-Business-Event nach dem Lockdown statt. 880 Besucher waren dabei.","articlekey":"","footnotes":""},"categories":[29],"tags":[193,339,348,502],"class_list":["post-8223","post","type-post","status-publish","format-standard","has-post-thumbnail","hentry","category-marketing","tag-fachkongressfachmesse","tag-marketing","tag-mice","tag-veranstaltungen"],"acf":[],"yoast_head":"<!-- This site is optimized with the Yoast SEO plugin v27.5 - https:\/\/yoast.com\/product\/yoast-seo-wordpress\/ -->\n<title>Erster grosser Live-Business-Event nach Lockdown: The Circle Conference legt vor - Organisator<\/title>\n<meta name=\"description\" content=\"Am 1. Juli 2021 fand mit The Circle Conference der schweizweit wohl erste grosse Live-Business-Event nach dem Lockdown statt. 880 Besucher waren dabei.\" \/>\n<meta name=\"robots\" content=\"index, follow, max-snippet:-1, max-image-preview:large, max-video-preview:-1\" \/>\n<link rel=\"canonical\" href=\"https:\/\/www.organisator.ch\/en\/marketing\/2021-07-02\/erster-grosser-live-business-event-nach-lockdown-the-circle-conference-legt-vor\/\" \/>\n<meta property=\"og:locale\" content=\"en_US\" \/>\n<meta property=\"og:type\" content=\"article\" \/>\n<meta property=\"og:title\" content=\"Erster grosser Live-Business-Event nach Lockdown: The Circle Conference legt vor\" \/>\n<meta property=\"og:description\" content=\"Am 1. Juli 2021 fand mit The Circle Conference der schweizweit wohl erste grosse Live-Business-Event nach dem Lockdown statt. 880 Besucher waren dabei.\" \/>\n<meta property=\"og:url\" content=\"https:\/\/www.organisator.ch\/en\/marketing\/2021-07-02\/erster-grosser-live-business-event-nach-lockdown-the-circle-conference-legt-vor\/\" \/>\n<meta property=\"og:site_name\" content=\"Organisator\" \/>\n<meta property=\"article:publisher\" content=\"https:\/\/www.facebook.com\/OrganisatorFachmagazin\" \/>\n<meta property=\"article:published_time\" content=\"2021-07-02T05:57:31+00:00\" \/>\n<meta property=\"og:image\" content=\"https:\/\/www.organisator.ch\/wp-content\/uploads\/2021\/07\/Erster-grosser-Live-Business-Event-nach-Lockdown-The-Circle-Conference-legt-vor-1_Organisator.jpg\" \/>\n\t<meta property=\"og:image:width\" content=\"680\" \/>\n\t<meta property=\"og:image:height\" content=\"510\" \/>\n\t<meta property=\"og:image:type\" content=\"image\/jpeg\" \/>\n<meta name=\"author\" content=\"thomas.berner\" \/>\n<meta name=\"twitter:card\" content=\"summary_large_image\" \/>\n<meta name=\"twitter:title\" content=\"Erster grosser #Live-Business-Event nach Lockdown: The Circle Conference legt vor\" \/>\n<meta name=\"twitter:description\" content=\"Am 1. Juli 2021 fand mit #TheCircle Conference der schweizweit wohl erste grosse #Live-Business-Event nach dem Lockdown statt. 880 Besucher waren dabei.\" \/>\n<meta name=\"twitter:image\" content=\"https:\/\/www.organisator.ch\/wp-content\/uploads\/2021\/07\/Erster-grosser-Live-Business-Event-nach-Lockdown-The-Circle-Conference-legt-vor-1_Organisator.jpg\" \/>\n<script type=\"application\/ld+json\" class=\"yoast-schema-graph\">{\"@context\":\"https:\\\/\\\/schema.org\",\"@graph\":[{\"@type\":\"Article\",\"@id\":\"https:\\\/\\\/www.organisator.ch\\\/marketing\\\/2021-07-02\\\/erster-grosser-live-business-event-nach-lockdown-the-circle-conference-legt-vor\\\/#article\",\"isPartOf\":{\"@id\":\"https:\\\/\\\/www.organisator.ch\\\/marketing\\\/2021-07-02\\\/erster-grosser-live-business-event-nach-lockdown-the-circle-conference-legt-vor\\\/\"},\"author\":{\"name\":\"thomas.berner\",\"@id\":\"https:\\\/\\\/www.organisator.ch\\\/#\\\/schema\\\/person\\\/6f650f90b2842cd4c0cc334b4e36f67e\"},\"headline\":\"Erster grosser Live-Business-Event nach Lockdown: The Circle Conference legt vor\",\"datePublished\":\"2021-07-02T05:57:31+00:00\",\"mainEntityOfPage\":{\"@id\":\"https:\\\/\\\/www.organisator.ch\\\/marketing\\\/2021-07-02\\\/erster-grosser-live-business-event-nach-lockdown-the-circle-conference-legt-vor\\\/\"},\"wordCount\":938,\"publisher\":{\"@id\":\"https:\\\/\\\/www.organisator.ch\\\/#organization\"},\"image\":{\"@id\":\"https:\\\/\\\/www.organisator.ch\\\/marketing\\\/2021-07-02\\\/erster-grosser-live-business-event-nach-lockdown-the-circle-conference-legt-vor\\\/#primaryimage\"},\"thumbnailUrl\":\"https:\\\/\\\/www.organisator.ch\\\/wp-content\\\/uploads\\\/2021\\\/07\\\/Erster-grosser-Live-Business-Event-nach-Lockdown-The-Circle-Conference-legt-vor-1_Organisator.jpg\",\"keywords\":[\"Fachkongress\\\/Fachmesse\",\"Marketing\",\"MICE\",\"Veranstaltungen\"],\"articleSection\":[\"MARKETING\"],\"inLanguage\":\"en-US\"},{\"@type\":\"WebPage\",\"@id\":\"https:\\\/\\\/www.organisator.ch\\\/marketing\\\/2021-07-02\\\/erster-grosser-live-business-event-nach-lockdown-the-circle-conference-legt-vor\\\/\",\"url\":\"https:\\\/\\\/www.organisator.ch\\\/marketing\\\/2021-07-02\\\/erster-grosser-live-business-event-nach-lockdown-the-circle-conference-legt-vor\\\/\",\"name\":\"Erster grosser Live-Business-Event nach Lockdown: The Circle Conference legt vor - Organisator\",\"isPartOf\":{\"@id\":\"https:\\\/\\\/www.organisator.ch\\\/#website\"},\"primaryImageOfPage\":{\"@id\":\"https:\\\/\\\/www.organisator.ch\\\/marketing\\\/2021-07-02\\\/erster-grosser-live-business-event-nach-lockdown-the-circle-conference-legt-vor\\\/#primaryimage\"},\"image\":{\"@id\":\"https:\\\/\\\/www.organisator.ch\\\/marketing\\\/2021-07-02\\\/erster-grosser-live-business-event-nach-lockdown-the-circle-conference-legt-vor\\\/#primaryimage\"},\"thumbnailUrl\":\"https:\\\/\\\/www.organisator.ch\\\/wp-content\\\/uploads\\\/2021\\\/07\\\/Erster-grosser-Live-Business-Event-nach-Lockdown-The-Circle-Conference-legt-vor-1_Organisator.jpg\",\"datePublished\":\"2021-07-02T05:57:31+00:00\",\"description\":\"Am 1. Juli 2021 fand mit The Circle Conference der schweizweit wohl erste grosse Live-Business-Event nach dem Lockdown statt. 880 Besucher waren dabei.\",\"breadcrumb\":{\"@id\":\"https:\\\/\\\/www.organisator.ch\\\/marketing\\\/2021-07-02\\\/erster-grosser-live-business-event-nach-lockdown-the-circle-conference-legt-vor\\\/#breadcrumb\"},\"inLanguage\":\"en-US\",\"potentialAction\":[{\"@type\":\"ReadAction\",\"target\":[\"https:\\\/\\\/www.organisator.ch\\\/marketing\\\/2021-07-02\\\/erster-grosser-live-business-event-nach-lockdown-the-circle-conference-legt-vor\\\/\"]}]},{\"@type\":\"ImageObject\",\"inLanguage\":\"en-US\",\"@id\":\"https:\\\/\\\/www.organisator.ch\\\/marketing\\\/2021-07-02\\\/erster-grosser-live-business-event-nach-lockdown-the-circle-conference-legt-vor\\\/#primaryimage\",\"url\":\"https:\\\/\\\/www.organisator.ch\\\/wp-content\\\/uploads\\\/2021\\\/07\\\/Erster-grosser-Live-Business-Event-nach-Lockdown-The-Circle-Conference-legt-vor-1_Organisator.jpg\",\"contentUrl\":\"https:\\\/\\\/www.organisator.ch\\\/wp-content\\\/uploads\\\/2021\\\/07\\\/Erster-grosser-Live-Business-Event-nach-Lockdown-The-Circle-Conference-legt-vor-1_Organisator.jpg\",\"width\":680,\"height\":510,\"caption\":\"Showtime! The Circle Conference vom 1. Juli 2021 war der erste grosse Live-Business-Event nach der Corona-Durststrecke. (Bild: Thomas Berner)\"},{\"@type\":\"BreadcrumbList\",\"@id\":\"https:\\\/\\\/www.organisator.ch\\\/marketing\\\/2021-07-02\\\/erster-grosser-live-business-event-nach-lockdown-the-circle-conference-legt-vor\\\/#breadcrumb\",\"itemListElement\":[{\"@type\":\"ListItem\",\"position\":1,\"name\":\"Home\",\"item\":\"https:\\\/\\\/www.organisator.ch\\\/\"},{\"@type\":\"ListItem\",\"position\":2,\"name\":\"Erster grosser Live-Business-Event nach Lockdown: The Circle Conference legt vor\"}]},{\"@type\":\"WebSite\",\"@id\":\"https:\\\/\\\/www.organisator.ch\\\/#website\",\"url\":\"https:\\\/\\\/www.organisator.ch\\\/\",\"name\":\"Organisator\",\"description\":\"Kompetent. Praxisnah. Der ORGANISATOR bereitet in 10 Ausgaben pro Jahr die wesentlichen Themen f\u00fcr F\u00fchrungskr\u00e4fte von KMU auf.\",\"publisher\":{\"@id\":\"https:\\\/\\\/www.organisator.ch\\\/#organization\"},\"potentialAction\":[{\"@type\":\"SearchAction\",\"target\":{\"@type\":\"EntryPoint\",\"urlTemplate\":\"https:\\\/\\\/www.organisator.ch\\\/?s={search_term_string}\"},\"query-input\":{\"@type\":\"PropertyValueSpecification\",\"valueRequired\":true,\"valueName\":\"search_term_string\"}}],\"inLanguage\":\"en-US\"},{\"@type\":\"Organization\",\"@id\":\"https:\\\/\\\/www.organisator.ch\\\/#organization\",\"name\":\"Organisator\",\"url\":\"https:\\\/\\\/www.organisator.ch\\\/\",\"logo\":{\"@type\":\"ImageObject\",\"inLanguage\":\"en-US\",\"@id\":\"https:\\\/\\\/www.organisator.ch\\\/#\\\/schema\\\/logo\\\/image\\\/\",\"url\":\"https:\\\/\\\/www.organisator.ch\\\/wp-content\\\/uploads\\\/2022\\\/01\\\/Logo_Organisator_Website.png\",\"contentUrl\":\"https:\\\/\\\/www.organisator.ch\\\/wp-content\\\/uploads\\\/2022\\\/01\\\/Logo_Organisator_Website.png\",\"width\":800,\"height\":77,\"caption\":\"Organisator\"},\"image\":{\"@id\":\"https:\\\/\\\/www.organisator.ch\\\/#\\\/schema\\\/logo\\\/image\\\/\"},\"sameAs\":[\"https:\\\/\\\/www.facebook.com\\\/OrganisatorFachmagazin\",\"https:\\\/\\\/www.linkedin.com\\\/showcase\\\/organisator-das-magazin-fr-kmu\",\"https:\\\/\\\/www.xing.com\\\/news\\\/pages\\\/organisator-ch-695\",\"https:\\\/\\\/www.youtube.com\\\/channel\\\/UCGP2Sq0iWaZwT3BdIAQFYpw\"]},{\"@type\":\"Person\",\"@id\":\"https:\\\/\\\/www.organisator.ch\\\/#\\\/schema\\\/person\\\/6f650f90b2842cd4c0cc334b4e36f67e\",\"name\":\"thomas.berner\",\"image\":{\"@type\":\"ImageObject\",\"inLanguage\":\"en-US\",\"@id\":\"https:\\\/\\\/secure.gravatar.com\\\/avatar\\\/ac5001d2a36cb6c6cd3e50789007ffca834b477b74a2144564522e944eabff61?s=96&d=mm&r=g\",\"url\":\"https:\\\/\\\/secure.gravatar.com\\\/avatar\\\/ac5001d2a36cb6c6cd3e50789007ffca834b477b74a2144564522e944eabff61?s=96&d=mm&r=g\",\"contentUrl\":\"https:\\\/\\\/secure.gravatar.com\\\/avatar\\\/ac5001d2a36cb6c6cd3e50789007ffca834b477b74a2144564522e944eabff61?s=96&d=mm&r=g\",\"caption\":\"thomas.berner\"},\"url\":\"https:\\\/\\\/www.organisator.ch\\\/en\\\/author\\\/thomas-berner\\\/\"}]}<\/script>\n<!-- \/ Yoast SEO plugin. -->","yoast_head_json":{"title":"First major live business event after Lockdown: The Circle Conference presents - organizer","description":"On July 1, 2021, The Circle Conference took place, probably the first major live business event in Switzerland after the lockdown. 880 visitors attended.","robots":{"index":"index","follow":"follow","max-snippet":"max-snippet:-1","max-image-preview":"max-image-preview:large","max-video-preview":"max-video-preview:-1"},"canonical":"https:\/\/www.organisator.ch\/en\/marketing\/2021-07-02\/erster-grosser-live-business-event-nach-lockdown-the-circle-conference-legt-vor\/","og_locale":"en_US","og_type":"article","og_title":"Erster grosser Live-Business-Event nach Lockdown: The Circle Conference legt vor","og_description":"Am 1. Juli 2021 fand mit The Circle Conference der schweizweit wohl erste grosse Live-Business-Event nach dem Lockdown statt. 880 Besucher waren dabei.","og_url":"https:\/\/www.organisator.ch\/en\/marketing\/2021-07-02\/erster-grosser-live-business-event-nach-lockdown-the-circle-conference-legt-vor\/","og_site_name":"Organisator","article_publisher":"https:\/\/www.facebook.com\/OrganisatorFachmagazin","article_published_time":"2021-07-02T05:57:31+00:00","og_image":[{"width":680,"height":510,"url":"https:\/\/www.organisator.ch\/wp-content\/uploads\/2021\/07\/Erster-grosser-Live-Business-Event-nach-Lockdown-The-Circle-Conference-legt-vor-1_Organisator.jpg","type":"image\/jpeg"}],"author":"thomas.berner","twitter_card":"summary_large_image","twitter_title":"Erster grosser #Live-Business-Event nach Lockdown: The Circle Conference legt vor","twitter_description":"Am 1. Juli 2021 fand mit #TheCircle Conference der schweizweit wohl erste grosse #Live-Business-Event nach dem Lockdown statt. 880 Besucher waren dabei.","twitter_image":"https:\/\/www.organisator.ch\/wp-content\/uploads\/2021\/07\/Erster-grosser-Live-Business-Event-nach-Lockdown-The-Circle-Conference-legt-vor-1_Organisator.jpg","schema":{"@context":"https:\/\/schema.org","@graph":[{"@type":"Article","@id":"https:\/\/www.organisator.ch\/marketing\/2021-07-02\/erster-grosser-live-business-event-nach-lockdown-the-circle-conference-legt-vor\/#article","isPartOf":{"@id":"https:\/\/www.organisator.ch\/marketing\/2021-07-02\/erster-grosser-live-business-event-nach-lockdown-the-circle-conference-legt-vor\/"},"author":{"name":"thomas.berner","@id":"https:\/\/www.organisator.ch\/#\/schema\/person\/6f650f90b2842cd4c0cc334b4e36f67e"},"headline":"Erster grosser Live-Business-Event nach Lockdown: The Circle Conference legt vor","datePublished":"2021-07-02T05:57:31+00:00","mainEntityOfPage":{"@id":"https:\/\/www.organisator.ch\/marketing\/2021-07-02\/erster-grosser-live-business-event-nach-lockdown-the-circle-conference-legt-vor\/"},"wordCount":938,"publisher":{"@id":"https:\/\/www.organisator.ch\/#organization"},"image":{"@id":"https:\/\/www.organisator.ch\/marketing\/2021-07-02\/erster-grosser-live-business-event-nach-lockdown-the-circle-conference-legt-vor\/#primaryimage"},"thumbnailUrl":"https:\/\/www.organisator.ch\/wp-content\/uploads\/2021\/07\/Erster-grosser-Live-Business-Event-nach-Lockdown-The-Circle-Conference-legt-vor-1_Organisator.jpg","keywords":["Fachkongress\/Fachmesse","Marketing","MICE","Veranstaltungen"],"articleSection":["MARKETING"],"inLanguage":"en-US"},{"@type":"WebPage","@id":"https:\/\/www.organisator.ch\/marketing\/2021-07-02\/erster-grosser-live-business-event-nach-lockdown-the-circle-conference-legt-vor\/","url":"https:\/\/www.organisator.ch\/marketing\/2021-07-02\/erster-grosser-live-business-event-nach-lockdown-the-circle-conference-legt-vor\/","name":"First major live business event after Lockdown: The Circle Conference presents - organizer","isPartOf":{"@id":"https:\/\/www.organisator.ch\/#website"},"primaryImageOfPage":{"@id":"https:\/\/www.organisator.ch\/marketing\/2021-07-02\/erster-grosser-live-business-event-nach-lockdown-the-circle-conference-legt-vor\/#primaryimage"},"image":{"@id":"https:\/\/www.organisator.ch\/marketing\/2021-07-02\/erster-grosser-live-business-event-nach-lockdown-the-circle-conference-legt-vor\/#primaryimage"},"thumbnailUrl":"https:\/\/www.organisator.ch\/wp-content\/uploads\/2021\/07\/Erster-grosser-Live-Business-Event-nach-Lockdown-The-Circle-Conference-legt-vor-1_Organisator.jpg","datePublished":"2021-07-02T05:57:31+00:00","description":"On July 1, 2021, The Circle Conference took place, probably the first major live business event in Switzerland after the lockdown. 880 visitors attended.","breadcrumb":{"@id":"https:\/\/www.organisator.ch\/marketing\/2021-07-02\/erster-grosser-live-business-event-nach-lockdown-the-circle-conference-legt-vor\/#breadcrumb"},"inLanguage":"en-US","potentialAction":[{"@type":"ReadAction","target":["https:\/\/www.organisator.ch\/marketing\/2021-07-02\/erster-grosser-live-business-event-nach-lockdown-the-circle-conference-legt-vor\/"]}]},{"@type":"ImageObject","inLanguage":"en-US","@id":"https:\/\/www.organisator.ch\/marketing\/2021-07-02\/erster-grosser-live-business-event-nach-lockdown-the-circle-conference-legt-vor\/#primaryimage","url":"https:\/\/www.organisator.ch\/wp-content\/uploads\/2021\/07\/Erster-grosser-Live-Business-Event-nach-Lockdown-The-Circle-Conference-legt-vor-1_Organisator.jpg","contentUrl":"https:\/\/www.organisator.ch\/wp-content\/uploads\/2021\/07\/Erster-grosser-Live-Business-Event-nach-Lockdown-The-Circle-Conference-legt-vor-1_Organisator.jpg","width":680,"height":510,"caption":"Showtime! The Circle Conference vom 1. Juli 2021 war der erste grosse Live-Business-Event nach der Corona-Durststrecke. (Bild: Thomas Berner)"},{"@type":"BreadcrumbList","@id":"https:\/\/www.organisator.ch\/marketing\/2021-07-02\/erster-grosser-live-business-event-nach-lockdown-the-circle-conference-legt-vor\/#breadcrumb","itemListElement":[{"@type":"ListItem","position":1,"name":"Home","item":"https:\/\/www.organisator.ch\/"},{"@type":"ListItem","position":2,"name":"Erster grosser Live-Business-Event nach Lockdown: The Circle Conference legt vor"}]},{"@type":"WebSite","@id":"https:\/\/www.organisator.ch\/#website","url":"https:\/\/www.organisator.ch\/","name":"Organizer","description":"Competent. Practical. In 10 issues per year, ORGANISATOR presents the essential topics for managers of SMEs.","publisher":{"@id":"https:\/\/www.organisator.ch\/#organization"},"potentialAction":[{"@type":"SearchAction","target":{"@type":"EntryPoint","urlTemplate":"https:\/\/www.organisator.ch\/?s={search_term_string}"},"query-input":{"@type":"PropertyValueSpecification","valueRequired":true,"valueName":"search_term_string"}}],"inLanguage":"en-US"},{"@type":"Organization","@id":"https:\/\/www.organisator.ch\/#organization","name":"Organizer","url":"https:\/\/www.organisator.ch\/","logo":{"@type":"ImageObject","inLanguage":"en-US","@id":"https:\/\/www.organisator.ch\/#\/schema\/logo\/image\/","url":"https:\/\/www.organisator.ch\/wp-content\/uploads\/2022\/01\/Logo_Organisator_Website.png","contentUrl":"https:\/\/www.organisator.ch\/wp-content\/uploads\/2022\/01\/Logo_Organisator_Website.png","width":800,"height":77,"caption":"Organisator"},"image":{"@id":"https:\/\/www.organisator.ch\/#\/schema\/logo\/image\/"},"sameAs":["https:\/\/www.facebook.com\/OrganisatorFachmagazin","https:\/\/www.linkedin.com\/showcase\/organisator-das-magazin-fr-kmu","https:\/\/www.xing.com\/news\/pages\/organisator-ch-695","https:\/\/www.youtube.com\/channel\/UCGP2Sq0iWaZwT3BdIAQFYpw"]},{"@type":"Person","@id":"https:\/\/www.organisator.ch\/#\/schema\/person\/6f650f90b2842cd4c0cc334b4e36f67e","name":"thomas.berner","image":{"@type":"ImageObject","inLanguage":"en-US","@id":"https:\/\/secure.gravatar.com\/avatar\/ac5001d2a36cb6c6cd3e50789007ffca834b477b74a2144564522e944eabff61?s=96&d=mm&r=g","url":"https:\/\/secure.gravatar.com\/avatar\/ac5001d2a36cb6c6cd3e50789007ffca834b477b74a2144564522e944eabff61?s=96&d=mm&r=g","contentUrl":"https:\/\/secure.gravatar.com\/avatar\/ac5001d2a36cb6c6cd3e50789007ffca834b477b74a2144564522e944eabff61?s=96&d=mm&r=g","caption":"thomas.berner"},"url":"https:\/\/www.organisator.ch\/en\/author\/thomas-berner\/"}]}},"_links":{"self":[{"href":"https:\/\/www.organisator.ch\/en\/wp-json\/wp\/v2\/posts\/8223","targetHints":{"allow":["GET"]}}],"collection":[{"href":"https:\/\/www.organisator.ch\/en\/wp-json\/wp\/v2\/posts"}],"about":[{"href":"https:\/\/www.organisator.ch\/en\/wp-json\/wp\/v2\/types\/post"}],"author":[{"embeddable":true,"href":"https:\/\/www.organisator.ch\/en\/wp-json\/wp\/v2\/users\/4"}],"replies":[{"embeddable":true,"href":"https:\/\/www.organisator.ch\/en\/wp-json\/wp\/v2\/comments?post=8223"}],"version-history":[{"count":0,"href":"https:\/\/www.organisator.ch\/en\/wp-json\/wp\/v2\/posts\/8223\/revisions"}],"wp:featuredmedia":[{"embeddable":true,"href":"https:\/\/www.organisator.ch\/en\/wp-json\/wp\/v2\/media\/8224"}],"wp:attachment":[{"href":"https:\/\/www.organisator.ch\/en\/wp-json\/wp\/v2\/media?parent=8223"}],"wp:term":[{"taxonomy":"category","embeddable":true,"href":"https:\/\/www.organisator.ch\/en\/wp-json\/wp\/v2\/categories?post=8223"},{"taxonomy":"post_tag","embeddable":true,"href":"https:\/\/www.organisator.ch\/en\/wp-json\/wp\/v2\/tags?post=8223"}],"curies":[{"name":"wp","href":"https:\/\/api.w.org\/{rel}","templated":true}]}}