{"id":8243,"date":"2021-07-06T11:27:26","date_gmt":"2021-07-06T09:27:26","guid":{"rendered":"https:\/\/www.organisator.ch\/?p=8243"},"modified":"2021-07-06T11:27:26","modified_gmt":"2021-07-06T09:27:26","slug":"neue-fuehrungsstruktur-bei-ramseyer-und-dilger-ag","status":"publish","type":"post","link":"https:\/\/www.organisator.ch\/en\/management\/2021-07-06\/neue-fuehrungsstruktur-bei-ramseyer-und-dilger-ag\/","title":{"rendered":"New management structure at Ramseyer und Dilger AG"},"content":{"rendered":"<figure id=\"attachment_8244\" aria-describedby=\"caption-attachment-8244\" style=\"width: 680px\" class=\"wp-caption alignnone\"><a href=\"https:\/\/www.organisator.ch\/wp-content\/uploads\/2021\/07\/Neue-Fuehrungsstruktur-bei-Ramseyer-und-Dilger-AG_Organisator.jpg\"><img loading=\"lazy\" decoding=\"async\" class=\"size-medium wp-image-8244\" src=\"https:\/\/www.organisator.ch\/wp-content\/uploads\/2021\/07\/Neue-Fuehrungsstruktur-bei-Ramseyer-und-Dilger-AG_Organisator.jpg\" alt=\"\" width=\"680\" height=\"510\" srcset=\"https:\/\/www.organisator.ch\/wp-content\/uploads\/2021\/07\/Neue-Fuehrungsstruktur-bei-Ramseyer-und-Dilger-AG_Organisator.jpg 680w, https:\/\/www.organisator.ch\/wp-content\/uploads\/2021\/07\/Neue-Fuehrungsstruktur-bei-Ramseyer-und-Dilger-AG_Organisator-16x12.jpg 16w, https:\/\/www.organisator.ch\/wp-content\/uploads\/2021\/07\/Neue-Fuehrungsstruktur-bei-Ramseyer-und-Dilger-AG_Organisator-233x175.jpg 233w, https:\/\/www.organisator.ch\/wp-content\/uploads\/2021\/07\/Neue-Fuehrungsstruktur-bei-Ramseyer-und-Dilger-AG_Organisator-467x350.jpg 467w, https:\/\/www.organisator.ch\/wp-content\/uploads\/2021\/07\/Neue-Fuehrungsstruktur-bei-Ramseyer-und-Dilger-AG_Organisator-300x225.jpg 300w\" sizes=\"auto, (max-width: 680px) 100vw, 680px\" \/><\/a><figcaption id=\"caption-attachment-8244\" class=\"wp-caption-text\">Mainly responsible for the new management structure of Ramseyer und Dilger AG: Sandro Wyss (left) is the managing director and takes over the operational keys from his brother Remo Wyss (right). Remo Wyss, as delegate of the board of directors, takes care of the strategic development of the Bernese SME. (Image: zVg)<\/figcaption><\/figure>\n<p>What do the Bundeshaus, the Zentrum Paul Klee, the Interlaken congress building, the Loryhaus of the Bern Inselspital, numerous mountain railway stations and mountain houses, many other public buildings and hundreds of private detached houses and apartment buildings have in common? Either their roofs, facades or heating systems or their sanitary installations were co-designed, co-built or renovated by the plumbing, roofing, sanitary and heating specialists of Ramseyer und Dilger AG. The renowned Bernese SME with its more than 100 employees (including around 20 apprentices) delivers quality work every day. Because the principle applies: \"Only those who love their work do it well.\"<\/p>\n<p>To ensure that the company, which has proven itself for 127 years, continues to impress its customers in the future and remains fresher than ever thanks to a great deal of innovation, those responsible have adjusted the management team: Sandro Wyss is taking over the management of the company; his brother Remo Wyss is devoting himself to strategic development as Delegate of the Board of Directors.<\/p>\n<h2>New management structure and strategically fit<\/h2>\n<p>Sandro and Remo Wyss agree that the market in the main and ancillary construction trades is becoming increasingly demanding: \"Only those who have the organization and processes under control and at the same time can invest a lot of energy in innovation and thus in the future will remain on the ball in the medium and long term and thus successful.\" Remo Wyss, who in his function as Delegate of the Board of Directors will be able to drive this very further development in a more targeted and stronger way than before, is glad that his brother Sandro Wyss is taking over the management. \"Sandro Wyss is a top man and will perform his task excellently,\" says the co-owner, who is also particularly concerned about promoting young talent in the industry both inside and outside the company and is also involved in the building technology association Suissetec for this purpose. \"Above all, however, I can see to it that we create additional solutions and offerings and can thus offer our customers even better and more beautiful solutions for their facades, roofs, heating systems and sanitary areas,\" Remo Wyss adds.<\/p>\n<h2>Operationally optimized<\/h2>\n<p>His younger brother, Sandro Wyss, has set himself and all the employees big goals in the operational area: \"Organizationally, we also have potential: we want to become even more effective and efficient - this is entirely in the interest of our customers. It is my task to make sure that this will succeed\", explains the new managing director of Ramseyer und Dilger AG. For the two brothers - as well as for the Board of Directors and the remaining members of the Executive Board Marcel Filli, Roland Herzog, Robert Burri and Alain Meuwly - the new management structure is a double benefit: \"Strategically and operationally, the advantages are considerable\", Remo and Sandro Wyss are pleased on behalf of the entire management of Ramseyer und Dilger AG.<\/p>\n<p><em>More information: <a href=\"http:\/\/www.ramseyer-dilger.ch\">ramseyer-dilger.ch<\/a><\/em><\/p>","protected":false},"excerpt":{"rendered":"<p>Was haben das Bundeshaus, das Zentrum Paul Klee, das Kongressgeb\u00e4ude Interlaken, das Loryhaus des Berner Inselspitals, zahlreiche Bergbahnstationen und Bergh\u00e4user, viele andere \u00f6ffentliche Geb\u00e4ude sowie hunderte private Ein- und Mehrfamilienh\u00e4user gemeinsam? Entweder wurden ihre D\u00e4cher, Fassaden oder Heizungen oder ihre Sanit\u00e4ranlagen von den Spengler-, Dachtechnik-, Sanit\u00e4r- und Heizungsspezialisten der Ramseyer und Dilger AG mitkonzipiert, miterbaut [&hellip;]<\/p>\n","protected":false},"author":4,"featured_media":8244,"comment_status":"closed","ping_status":"closed","sticky":false,"template":"","format":"standard","meta":{"_acf_changed":false,"_yoast_wpseo_focuskw":"neue F\u00fchrungsstruktur","_yoast_wpseo_metadesc":"Das Berner Unternehmen Ramseyer und Dilger AG gibt sich eine neue F\u00fchrungsstruktur: Sandro Wyss \u00fcbernimmt die Gesch\u00e4ftsleitung.","articlekey":"","footnotes":""},"categories":[28],"tags":[335,381,492],"class_list":["post-8243","post","type-post","status-publish","format-standard","has-post-thumbnail","hentry","category-management","tag-management-und-unternehmensfuehrung","tag-personalia","tag-unternehmen"],"acf":[],"yoast_head":"<!-- This site is optimized with the Yoast SEO plugin v27.4 - https:\/\/yoast.com\/product\/yoast-seo-wordpress\/ -->\n<title>Neue F\u00fchrungsstruktur bei Ramseyer und Dilger AG - Organisator<\/title>\n<meta name=\"description\" content=\"Das Berner Unternehmen Ramseyer und Dilger AG gibt sich eine neue F\u00fchrungsstruktur: Sandro Wyss \u00fcbernimmt die Gesch\u00e4ftsleitung.\" \/>\n<meta name=\"robots\" content=\"index, follow, max-snippet:-1, max-image-preview:large, max-video-preview:-1\" \/>\n<link rel=\"canonical\" href=\"https:\/\/www.organisator.ch\/en\/management\/2021-07-06\/neue-fuehrungsstruktur-bei-ramseyer-und-dilger-ag\/\" \/>\n<meta property=\"og:locale\" content=\"en_US\" \/>\n<meta property=\"og:type\" content=\"article\" \/>\n<meta property=\"og:title\" content=\"Neue F\u00fchrungsstruktur bei Ramseyer und Dilger AG\" \/>\n<meta property=\"og:description\" content=\"Das Berner Unternehmen Ramseyer und Dilger AG gibt sich eine neue F\u00fchrungsstruktur: Sandro Wyss \u00fcbernimmt die Gesch\u00e4ftsleitung.\" \/>\n<meta property=\"og:url\" content=\"https:\/\/www.organisator.ch\/en\/management\/2021-07-06\/neue-fuehrungsstruktur-bei-ramseyer-und-dilger-ag\/\" \/>\n<meta property=\"og:site_name\" content=\"Organisator\" \/>\n<meta property=\"article:publisher\" content=\"https:\/\/www.facebook.com\/OrganisatorFachmagazin\" \/>\n<meta property=\"article:published_time\" content=\"2021-07-06T09:27:26+00:00\" \/>\n<meta property=\"og:image\" content=\"https:\/\/www.organisator.ch\/wp-content\/uploads\/2021\/07\/Neue-Fuehrungsstruktur-bei-Ramseyer-und-Dilger-AG_Organisator.jpg\" \/>\n\t<meta property=\"og:image:width\" content=\"680\" \/>\n\t<meta property=\"og:image:height\" content=\"510\" \/>\n\t<meta property=\"og:image:type\" content=\"image\/jpeg\" \/>\n<meta name=\"author\" content=\"thomas.berner\" \/>\n<meta name=\"twitter:card\" content=\"summary_large_image\" \/>\n<meta name=\"twitter:title\" content=\"Neue #F\u00fchrungsstruktur bei #Ramseyer und #Dilger AG\" \/>\n<meta name=\"twitter:description\" content=\"Das Berner Unternehmen #Ramseyer und #Dilger AG gibt sich eine neue #F\u00fchrungsstruktur: Sandro Wyss \u00fcbernimmt die Gesch\u00e4ftsleitung.\" \/>\n<meta name=\"twitter:image\" content=\"https:\/\/www.organisator.ch\/wp-content\/uploads\/2021\/07\/Neue-Fuehrungsstruktur-bei-Ramseyer-und-Dilger-AG_Organisator.jpg\" \/>\n<script type=\"application\/ld+json\" class=\"yoast-schema-graph\">{\"@context\":\"https:\\\/\\\/schema.org\",\"@graph\":[{\"@type\":\"Article\",\"@id\":\"https:\\\/\\\/www.organisator.ch\\\/management\\\/2021-07-06\\\/neue-fuehrungsstruktur-bei-ramseyer-und-dilger-ag\\\/#article\",\"isPartOf\":{\"@id\":\"https:\\\/\\\/www.organisator.ch\\\/management\\\/2021-07-06\\\/neue-fuehrungsstruktur-bei-ramseyer-und-dilger-ag\\\/\"},\"author\":{\"name\":\"thomas.berner\",\"@id\":\"https:\\\/\\\/www.organisator.ch\\\/#\\\/schema\\\/person\\\/6f650f90b2842cd4c0cc334b4e36f67e\"},\"headline\":\"Neue F\u00fchrungsstruktur bei Ramseyer und Dilger AG\",\"datePublished\":\"2021-07-06T09:27:26+00:00\",\"mainEntityOfPage\":{\"@id\":\"https:\\\/\\\/www.organisator.ch\\\/management\\\/2021-07-06\\\/neue-fuehrungsstruktur-bei-ramseyer-und-dilger-ag\\\/\"},\"wordCount\":503,\"publisher\":{\"@id\":\"https:\\\/\\\/www.organisator.ch\\\/#organization\"},\"image\":{\"@id\":\"https:\\\/\\\/www.organisator.ch\\\/management\\\/2021-07-06\\\/neue-fuehrungsstruktur-bei-ramseyer-und-dilger-ag\\\/#primaryimage\"},\"thumbnailUrl\":\"https:\\\/\\\/www.organisator.ch\\\/wp-content\\\/uploads\\\/2021\\\/07\\\/Neue-Fuehrungsstruktur-bei-Ramseyer-und-Dilger-AG_Organisator.jpg\",\"keywords\":[\"Management und Unternehmensf\u00fchrung\",\"Personalia\",\"Unternehmen\"],\"articleSection\":[\"MANAGEMENT\"],\"inLanguage\":\"en-US\"},{\"@type\":\"WebPage\",\"@id\":\"https:\\\/\\\/www.organisator.ch\\\/management\\\/2021-07-06\\\/neue-fuehrungsstruktur-bei-ramseyer-und-dilger-ag\\\/\",\"url\":\"https:\\\/\\\/www.organisator.ch\\\/management\\\/2021-07-06\\\/neue-fuehrungsstruktur-bei-ramseyer-und-dilger-ag\\\/\",\"name\":\"Neue F\u00fchrungsstruktur bei Ramseyer und Dilger AG - Organisator\",\"isPartOf\":{\"@id\":\"https:\\\/\\\/www.organisator.ch\\\/#website\"},\"primaryImageOfPage\":{\"@id\":\"https:\\\/\\\/www.organisator.ch\\\/management\\\/2021-07-06\\\/neue-fuehrungsstruktur-bei-ramseyer-und-dilger-ag\\\/#primaryimage\"},\"image\":{\"@id\":\"https:\\\/\\\/www.organisator.ch\\\/management\\\/2021-07-06\\\/neue-fuehrungsstruktur-bei-ramseyer-und-dilger-ag\\\/#primaryimage\"},\"thumbnailUrl\":\"https:\\\/\\\/www.organisator.ch\\\/wp-content\\\/uploads\\\/2021\\\/07\\\/Neue-Fuehrungsstruktur-bei-Ramseyer-und-Dilger-AG_Organisator.jpg\",\"datePublished\":\"2021-07-06T09:27:26+00:00\",\"description\":\"Das Berner Unternehmen Ramseyer und Dilger AG gibt sich eine neue F\u00fchrungsstruktur: Sandro Wyss \u00fcbernimmt die Gesch\u00e4ftsleitung.\",\"breadcrumb\":{\"@id\":\"https:\\\/\\\/www.organisator.ch\\\/management\\\/2021-07-06\\\/neue-fuehrungsstruktur-bei-ramseyer-und-dilger-ag\\\/#breadcrumb\"},\"inLanguage\":\"en-US\",\"potentialAction\":[{\"@type\":\"ReadAction\",\"target\":[\"https:\\\/\\\/www.organisator.ch\\\/management\\\/2021-07-06\\\/neue-fuehrungsstruktur-bei-ramseyer-und-dilger-ag\\\/\"]}]},{\"@type\":\"ImageObject\",\"inLanguage\":\"en-US\",\"@id\":\"https:\\\/\\\/www.organisator.ch\\\/management\\\/2021-07-06\\\/neue-fuehrungsstruktur-bei-ramseyer-und-dilger-ag\\\/#primaryimage\",\"url\":\"https:\\\/\\\/www.organisator.ch\\\/wp-content\\\/uploads\\\/2021\\\/07\\\/Neue-Fuehrungsstruktur-bei-Ramseyer-und-Dilger-AG_Organisator.jpg\",\"contentUrl\":\"https:\\\/\\\/www.organisator.ch\\\/wp-content\\\/uploads\\\/2021\\\/07\\\/Neue-Fuehrungsstruktur-bei-Ramseyer-und-Dilger-AG_Organisator.jpg\",\"width\":680,\"height\":510,\"caption\":\"Sie sind bei der neuen F\u00fchrungsstruktur der Ramseyer und Dilger AG die Hauptverantwortlichen: Sandro Wyss (links) ist der Gesch\u00e4ftsf\u00fchrer und \u00fcbernimmt von seinem Bruder Remo Wyss (rechts) die operativen Schl\u00fcssel. Remo Wyss k\u00fcmmert sich als Delegierter des Verwaltungsrats um die strategische Weiterentwicklung des Berner KMU. (Bild: zVg)\"},{\"@type\":\"BreadcrumbList\",\"@id\":\"https:\\\/\\\/www.organisator.ch\\\/management\\\/2021-07-06\\\/neue-fuehrungsstruktur-bei-ramseyer-und-dilger-ag\\\/#breadcrumb\",\"itemListElement\":[{\"@type\":\"ListItem\",\"position\":1,\"name\":\"Home\",\"item\":\"https:\\\/\\\/www.organisator.ch\\\/\"},{\"@type\":\"ListItem\",\"position\":2,\"name\":\"Neue F\u00fchrungsstruktur bei Ramseyer und Dilger AG\"}]},{\"@type\":\"WebSite\",\"@id\":\"https:\\\/\\\/www.organisator.ch\\\/#website\",\"url\":\"https:\\\/\\\/www.organisator.ch\\\/\",\"name\":\"Organisator\",\"description\":\"Kompetent. Praxisnah. Der ORGANISATOR bereitet in 10 Ausgaben pro Jahr die wesentlichen Themen f\u00fcr F\u00fchrungskr\u00e4fte von KMU auf.\",\"publisher\":{\"@id\":\"https:\\\/\\\/www.organisator.ch\\\/#organization\"},\"potentialAction\":[{\"@type\":\"SearchAction\",\"target\":{\"@type\":\"EntryPoint\",\"urlTemplate\":\"https:\\\/\\\/www.organisator.ch\\\/?s={search_term_string}\"},\"query-input\":{\"@type\":\"PropertyValueSpecification\",\"valueRequired\":true,\"valueName\":\"search_term_string\"}}],\"inLanguage\":\"en-US\"},{\"@type\":\"Organization\",\"@id\":\"https:\\\/\\\/www.organisator.ch\\\/#organization\",\"name\":\"Organisator\",\"url\":\"https:\\\/\\\/www.organisator.ch\\\/\",\"logo\":{\"@type\":\"ImageObject\",\"inLanguage\":\"en-US\",\"@id\":\"https:\\\/\\\/www.organisator.ch\\\/#\\\/schema\\\/logo\\\/image\\\/\",\"url\":\"https:\\\/\\\/www.organisator.ch\\\/wp-content\\\/uploads\\\/2022\\\/01\\\/Logo_Organisator_Website.png\",\"contentUrl\":\"https:\\\/\\\/www.organisator.ch\\\/wp-content\\\/uploads\\\/2022\\\/01\\\/Logo_Organisator_Website.png\",\"width\":800,\"height\":77,\"caption\":\"Organisator\"},\"image\":{\"@id\":\"https:\\\/\\\/www.organisator.ch\\\/#\\\/schema\\\/logo\\\/image\\\/\"},\"sameAs\":[\"https:\\\/\\\/www.facebook.com\\\/OrganisatorFachmagazin\",\"https:\\\/\\\/www.linkedin.com\\\/showcase\\\/organisator-das-magazin-fr-kmu\",\"https:\\\/\\\/www.xing.com\\\/news\\\/pages\\\/organisator-ch-695\",\"https:\\\/\\\/www.youtube.com\\\/channel\\\/UCGP2Sq0iWaZwT3BdIAQFYpw\"]},{\"@type\":\"Person\",\"@id\":\"https:\\\/\\\/www.organisator.ch\\\/#\\\/schema\\\/person\\\/6f650f90b2842cd4c0cc334b4e36f67e\",\"name\":\"thomas.berner\",\"image\":{\"@type\":\"ImageObject\",\"inLanguage\":\"en-US\",\"@id\":\"https:\\\/\\\/secure.gravatar.com\\\/avatar\\\/ac5001d2a36cb6c6cd3e50789007ffca834b477b74a2144564522e944eabff61?s=96&d=mm&r=g\",\"url\":\"https:\\\/\\\/secure.gravatar.com\\\/avatar\\\/ac5001d2a36cb6c6cd3e50789007ffca834b477b74a2144564522e944eabff61?s=96&d=mm&r=g\",\"contentUrl\":\"https:\\\/\\\/secure.gravatar.com\\\/avatar\\\/ac5001d2a36cb6c6cd3e50789007ffca834b477b74a2144564522e944eabff61?s=96&d=mm&r=g\",\"caption\":\"thomas.berner\"},\"url\":\"https:\\\/\\\/www.organisator.ch\\\/en\\\/author\\\/thomas-berner\\\/\"}]}<\/script>\n<!-- \/ Yoast SEO plugin. -->","yoast_head_json":{"title":"New management structure at Ramseyer und Dilger AG - Organizer","description":"The Bernese company Ramseyer und Dilger AG has a new management structure: Sandro Wyss takes over the management.","robots":{"index":"index","follow":"follow","max-snippet":"max-snippet:-1","max-image-preview":"max-image-preview:large","max-video-preview":"max-video-preview:-1"},"canonical":"https:\/\/www.organisator.ch\/en\/management\/2021-07-06\/neue-fuehrungsstruktur-bei-ramseyer-und-dilger-ag\/","og_locale":"en_US","og_type":"article","og_title":"Neue F\u00fchrungsstruktur bei Ramseyer und Dilger AG","og_description":"Das Berner Unternehmen Ramseyer und Dilger AG gibt sich eine neue F\u00fchrungsstruktur: Sandro Wyss \u00fcbernimmt die Gesch\u00e4ftsleitung.","og_url":"https:\/\/www.organisator.ch\/en\/management\/2021-07-06\/neue-fuehrungsstruktur-bei-ramseyer-und-dilger-ag\/","og_site_name":"Organisator","article_publisher":"https:\/\/www.facebook.com\/OrganisatorFachmagazin","article_published_time":"2021-07-06T09:27:26+00:00","og_image":[{"width":680,"height":510,"url":"https:\/\/www.organisator.ch\/wp-content\/uploads\/2021\/07\/Neue-Fuehrungsstruktur-bei-Ramseyer-und-Dilger-AG_Organisator.jpg","type":"image\/jpeg"}],"author":"thomas.berner","twitter_card":"summary_large_image","twitter_title":"Neue #F\u00fchrungsstruktur bei #Ramseyer und #Dilger AG","twitter_description":"Das Berner Unternehmen #Ramseyer und #Dilger AG gibt sich eine neue #F\u00fchrungsstruktur: Sandro Wyss \u00fcbernimmt die Gesch\u00e4ftsleitung.","twitter_image":"https:\/\/www.organisator.ch\/wp-content\/uploads\/2021\/07\/Neue-Fuehrungsstruktur-bei-Ramseyer-und-Dilger-AG_Organisator.jpg","schema":{"@context":"https:\/\/schema.org","@graph":[{"@type":"Article","@id":"https:\/\/www.organisator.ch\/management\/2021-07-06\/neue-fuehrungsstruktur-bei-ramseyer-und-dilger-ag\/#article","isPartOf":{"@id":"https:\/\/www.organisator.ch\/management\/2021-07-06\/neue-fuehrungsstruktur-bei-ramseyer-und-dilger-ag\/"},"author":{"name":"thomas.berner","@id":"https:\/\/www.organisator.ch\/#\/schema\/person\/6f650f90b2842cd4c0cc334b4e36f67e"},"headline":"Neue F\u00fchrungsstruktur bei Ramseyer und Dilger AG","datePublished":"2021-07-06T09:27:26+00:00","mainEntityOfPage":{"@id":"https:\/\/www.organisator.ch\/management\/2021-07-06\/neue-fuehrungsstruktur-bei-ramseyer-und-dilger-ag\/"},"wordCount":503,"publisher":{"@id":"https:\/\/www.organisator.ch\/#organization"},"image":{"@id":"https:\/\/www.organisator.ch\/management\/2021-07-06\/neue-fuehrungsstruktur-bei-ramseyer-und-dilger-ag\/#primaryimage"},"thumbnailUrl":"https:\/\/www.organisator.ch\/wp-content\/uploads\/2021\/07\/Neue-Fuehrungsstruktur-bei-Ramseyer-und-Dilger-AG_Organisator.jpg","keywords":["Management und Unternehmensf\u00fchrung","Personalia","Unternehmen"],"articleSection":["MANAGEMENT"],"inLanguage":"en-US"},{"@type":"WebPage","@id":"https:\/\/www.organisator.ch\/management\/2021-07-06\/neue-fuehrungsstruktur-bei-ramseyer-und-dilger-ag\/","url":"https:\/\/www.organisator.ch\/management\/2021-07-06\/neue-fuehrungsstruktur-bei-ramseyer-und-dilger-ag\/","name":"New management structure at Ramseyer und Dilger AG - Organizer","isPartOf":{"@id":"https:\/\/www.organisator.ch\/#website"},"primaryImageOfPage":{"@id":"https:\/\/www.organisator.ch\/management\/2021-07-06\/neue-fuehrungsstruktur-bei-ramseyer-und-dilger-ag\/#primaryimage"},"image":{"@id":"https:\/\/www.organisator.ch\/management\/2021-07-06\/neue-fuehrungsstruktur-bei-ramseyer-und-dilger-ag\/#primaryimage"},"thumbnailUrl":"https:\/\/www.organisator.ch\/wp-content\/uploads\/2021\/07\/Neue-Fuehrungsstruktur-bei-Ramseyer-und-Dilger-AG_Organisator.jpg","datePublished":"2021-07-06T09:27:26+00:00","description":"The Bernese company Ramseyer und Dilger AG has a new management structure: Sandro Wyss takes over the management.","breadcrumb":{"@id":"https:\/\/www.organisator.ch\/management\/2021-07-06\/neue-fuehrungsstruktur-bei-ramseyer-und-dilger-ag\/#breadcrumb"},"inLanguage":"en-US","potentialAction":[{"@type":"ReadAction","target":["https:\/\/www.organisator.ch\/management\/2021-07-06\/neue-fuehrungsstruktur-bei-ramseyer-und-dilger-ag\/"]}]},{"@type":"ImageObject","inLanguage":"en-US","@id":"https:\/\/www.organisator.ch\/management\/2021-07-06\/neue-fuehrungsstruktur-bei-ramseyer-und-dilger-ag\/#primaryimage","url":"https:\/\/www.organisator.ch\/wp-content\/uploads\/2021\/07\/Neue-Fuehrungsstruktur-bei-Ramseyer-und-Dilger-AG_Organisator.jpg","contentUrl":"https:\/\/www.organisator.ch\/wp-content\/uploads\/2021\/07\/Neue-Fuehrungsstruktur-bei-Ramseyer-und-Dilger-AG_Organisator.jpg","width":680,"height":510,"caption":"Sie sind bei der neuen F\u00fchrungsstruktur der Ramseyer und Dilger AG die Hauptverantwortlichen: Sandro Wyss (links) ist der Gesch\u00e4ftsf\u00fchrer und \u00fcbernimmt von seinem Bruder Remo Wyss (rechts) die operativen Schl\u00fcssel. Remo Wyss k\u00fcmmert sich als Delegierter des Verwaltungsrats um die strategische Weiterentwicklung des Berner KMU. (Bild: zVg)"},{"@type":"BreadcrumbList","@id":"https:\/\/www.organisator.ch\/management\/2021-07-06\/neue-fuehrungsstruktur-bei-ramseyer-und-dilger-ag\/#breadcrumb","itemListElement":[{"@type":"ListItem","position":1,"name":"Home","item":"https:\/\/www.organisator.ch\/"},{"@type":"ListItem","position":2,"name":"Neue F\u00fchrungsstruktur bei Ramseyer und Dilger AG"}]},{"@type":"WebSite","@id":"https:\/\/www.organisator.ch\/#website","url":"https:\/\/www.organisator.ch\/","name":"Organizer","description":"Competent. Practical. In 10 issues per year, ORGANISATOR presents the essential topics for managers of SMEs.","publisher":{"@id":"https:\/\/www.organisator.ch\/#organization"},"potentialAction":[{"@type":"SearchAction","target":{"@type":"EntryPoint","urlTemplate":"https:\/\/www.organisator.ch\/?s={search_term_string}"},"query-input":{"@type":"PropertyValueSpecification","valueRequired":true,"valueName":"search_term_string"}}],"inLanguage":"en-US"},{"@type":"Organization","@id":"https:\/\/www.organisator.ch\/#organization","name":"Organizer","url":"https:\/\/www.organisator.ch\/","logo":{"@type":"ImageObject","inLanguage":"en-US","@id":"https:\/\/www.organisator.ch\/#\/schema\/logo\/image\/","url":"https:\/\/www.organisator.ch\/wp-content\/uploads\/2022\/01\/Logo_Organisator_Website.png","contentUrl":"https:\/\/www.organisator.ch\/wp-content\/uploads\/2022\/01\/Logo_Organisator_Website.png","width":800,"height":77,"caption":"Organisator"},"image":{"@id":"https:\/\/www.organisator.ch\/#\/schema\/logo\/image\/"},"sameAs":["https:\/\/www.facebook.com\/OrganisatorFachmagazin","https:\/\/www.linkedin.com\/showcase\/organisator-das-magazin-fr-kmu","https:\/\/www.xing.com\/news\/pages\/organisator-ch-695","https:\/\/www.youtube.com\/channel\/UCGP2Sq0iWaZwT3BdIAQFYpw"]},{"@type":"Person","@id":"https:\/\/www.organisator.ch\/#\/schema\/person\/6f650f90b2842cd4c0cc334b4e36f67e","name":"thomas.berner","image":{"@type":"ImageObject","inLanguage":"en-US","@id":"https:\/\/secure.gravatar.com\/avatar\/ac5001d2a36cb6c6cd3e50789007ffca834b477b74a2144564522e944eabff61?s=96&d=mm&r=g","url":"https:\/\/secure.gravatar.com\/avatar\/ac5001d2a36cb6c6cd3e50789007ffca834b477b74a2144564522e944eabff61?s=96&d=mm&r=g","contentUrl":"https:\/\/secure.gravatar.com\/avatar\/ac5001d2a36cb6c6cd3e50789007ffca834b477b74a2144564522e944eabff61?s=96&d=mm&r=g","caption":"thomas.berner"},"url":"https:\/\/www.organisator.ch\/en\/author\/thomas-berner\/"}]}},"_links":{"self":[{"href":"https:\/\/www.organisator.ch\/en\/wp-json\/wp\/v2\/posts\/8243","targetHints":{"allow":["GET"]}}],"collection":[{"href":"https:\/\/www.organisator.ch\/en\/wp-json\/wp\/v2\/posts"}],"about":[{"href":"https:\/\/www.organisator.ch\/en\/wp-json\/wp\/v2\/types\/post"}],"author":[{"embeddable":true,"href":"https:\/\/www.organisator.ch\/en\/wp-json\/wp\/v2\/users\/4"}],"replies":[{"embeddable":true,"href":"https:\/\/www.organisator.ch\/en\/wp-json\/wp\/v2\/comments?post=8243"}],"version-history":[{"count":0,"href":"https:\/\/www.organisator.ch\/en\/wp-json\/wp\/v2\/posts\/8243\/revisions"}],"wp:featuredmedia":[{"embeddable":true,"href":"https:\/\/www.organisator.ch\/en\/wp-json\/wp\/v2\/media\/8244"}],"wp:attachment":[{"href":"https:\/\/www.organisator.ch\/en\/wp-json\/wp\/v2\/media?parent=8243"}],"wp:term":[{"taxonomy":"category","embeddable":true,"href":"https:\/\/www.organisator.ch\/en\/wp-json\/wp\/v2\/categories?post=8243"},{"taxonomy":"post_tag","embeddable":true,"href":"https:\/\/www.organisator.ch\/en\/wp-json\/wp\/v2\/tags?post=8243"}],"curies":[{"name":"wp","href":"https:\/\/api.w.org\/{rel}","templated":true}]}}