{"id":826,"date":"2016-06-30T17:06:09","date_gmt":"2016-06-30T15:06:09","guid":{"rendered":"http:\/\/dev.organisator.ch\/?p=826"},"modified":"2016-06-30T17:06:09","modified_gmt":"2016-06-30T15:06:09","slug":"wo-steht-das-green-controlling","status":"publish","type":"post","link":"https:\/\/www.organisator.ch\/en\/management\/2016-06-30\/wo-steht-das-green-controlling\/","title":{"rendered":"Where does green controlling stand?"},"content":{"rendered":"<figure id=\"attachment_827\" aria-describedby=\"caption-attachment-827\" style=\"width: 640px\" class=\"wp-caption alignnone\"><img loading=\"lazy\" decoding=\"async\" class=\"size-full wp-image-827\" src=\"https:\/\/www.organisator.ch\/wp-content\/uploads\/2016\/12\/Wo-steht-das-Green-Controlling-organisator.jpg\" alt=\"\" width=\"640\" height=\"425\" srcset=\"https:\/\/www.organisator.ch\/wp-content\/uploads\/2016\/12\/Wo-steht-das-Green-Controlling-organisator.jpg 640w, https:\/\/www.organisator.ch\/wp-content\/uploads\/2016\/12\/Wo-steht-das-Green-Controlling-organisator-16x12.jpg 16w, https:\/\/www.organisator.ch\/wp-content\/uploads\/2016\/12\/Wo-steht-das-Green-Controlling-organisator-264x175.jpg 264w, https:\/\/www.organisator.ch\/wp-content\/uploads\/2016\/12\/Wo-steht-das-Green-Controlling-organisator-527x350.jpg 527w, https:\/\/www.organisator.ch\/wp-content\/uploads\/2016\/12\/Wo-steht-das-Green-Controlling-organisator-300x199.jpg 300w\" sizes=\"auto, (max-width: 640px) 100vw, 640px\" \/><figcaption id=\"caption-attachment-827\" class=\"wp-caption-text\">Green controlling: times are volatile for sustainability issues. (Image: Fotolia.com)<\/figcaption><\/figure>\n<p>The Green Controlling Study 2016 was designed to ascertain the current status of green controlling. The main focus was on changes in the degree of implementation and relevance of green controlling compared with the first study from 2010. For the first time, the controlling of social issues was also considered.<\/p>\n<p><strong>Volatile times for the sustainability issue<\/strong><\/p>\n<p>The authors begin their report by noting \"volatile times for the sustainability issue.\" Although the issue of sustainability has continued to gain in importance, contradictory developments cannot be overlooked. For example, landmark decisions at the climate summit in Paris were overshadowed by environmental scandals that \"clearly call into question the seriousness of sustainable development at the corporate level\" for some companies. In parallel, regulatory pressure to publish non-financial information (e.g., on environmental and labor issues) is increasing, he said. At the same time, a decline in commodity prices such as oil can be observed, which in turn can be detrimental to the business case for sustainability.<\/p>\n<p><strong>Meet customer requirements, improve corporate image<\/strong><\/p>\n<p>The ICV's second Green Controlling Study has shown that the strategic importance of sustainability in companies has increased compared to 2010, albeit to a lesser extent than had been expected five years ago. In corporate controlling, the topic of sustainability has matured in recent times. By a more \"grown-up\" approach, the authors mean that economic benefits are now in the foreground, combined with social responsibility and the fulfillment of legal obligations. It also became apparent that a company's sustainability strategy is decisive for how green controlling is designed. According to this, companies that are holistically sustainable, for example, rely significantly more on green controlling than companies that follow a compliance-dominated strategy, for example.<\/p>\n<p>Since the first study, the proportion of companies pursuing a market-oriented strategy of \"green products and solutions\" in the context of sustainability has grown. \"Meeting customer requirements and improving the company's image are among the most important objectives to be achieved with an ecological orientation,\" the study said. This had also examined where the main responsibility for the topic of sustainability lies in the companies: Here it is not controlling, but top management and the departments specializing in this topic (e.g. environmental management).<\/p>\n<p><strong>Measure- and reporting-oriented tasks<\/strong><\/p>\n<p>When asked about the most important motives for involving controlling, the main reasons given were better financial evaluation of sustainability measures and the provision of suitable systems and processes by controlling. In contrast, a lack of resources in controlling and the conscious decision not to involve controllers were among the main barriers to involvement. Management seek support for environmental and social decisions primarily through the provision of KPIs and reporting information. Companies with a holistic green strategy also have a very comprehensive need for support, including in the context of strategy development and implementation.<\/p>\n<p>The majority of the companies surveyed view the future responsibility for green controlling as integrative, i.e., as a shared responsibility between corporate controlling and sustainability management. The most important tasks of green controlling include above all those that can be characterized as measure- and reporting-oriented task types.<\/p>\n<p><strong>More self-promotion needed<\/strong><\/p>\n<p>As the study also shows, controlling often lacks the capacity to take on green controlling tasks, or the involvement of controlling is even undesirable. The authors conclude: \"In summary, it should be emphasized that the management of many companies apparently does not yet see the controllers as a point of contact for green controlling. In this respect, controlling should be more active in promoting its own cause so that it can become involved in the implementation of ecological and social goals in the company. In addition, controlling should network more closely with the departments that deal with sustainability aspects. This includes both environmental management and the human resources department.\"<\/p>\n<p><em>More information: <a href=\"http:\/\/www.icv-controlling.com\" target=\"_blank\" data-cke-saved-href=\"http:\/\/www.icv-controlling.com\" rel=\"noopener\">www.icv-controlling.com<\/a><\/em><\/p>","protected":false},"excerpt":{"rendered":"<p>Mit der Green-Controlling-Studie 2016 sollte der aktuelle Stand des Green Controlling erhoben werden. Vor allem Ver\u00e4nderungen gegen\u00fcber der ersten Studie aus dem Jahr 2010 im Umsetzungsgrad und bei der Relevanz des Green Controlling standen im Mittelpunkt. Erstmals wurde auch die Steuerung von sozialen Themen betrachtet. Volatile Zeiten f\u00fcr die Nachhaltigkeits-Thematik Die Autoren stellen zum Beginn [&hellip;]<\/p>\n","protected":false},"author":1,"featured_media":827,"comment_status":"open","ping_status":"open","sticky":false,"template":"","format":"standard","meta":{"_acf_changed":false,"_yoast_wpseo_focuskw":"Green Controlling","_yoast_wpseo_metadesc":"Das Controlling soll sich st\u00e4rker mit den Abteilungen vernetzen, die sich mit Nachhaltigkeitsaspekten besch\u00e4ftigen.","articlekey":"","footnotes":""},"categories":[28],"tags":[335],"class_list":["post-826","post","type-post","status-publish","format-standard","has-post-thumbnail","hentry","category-management","tag-management-und-unternehmensfuehrung"],"acf":[],"yoast_head":"<!-- This site is optimized with the Yoast SEO plugin v27.5 - https:\/\/yoast.com\/product\/yoast-seo-wordpress\/ -->\n<title>Wo steht das Green Controlling? - Organisator<\/title>\n<meta name=\"description\" content=\"Das Controlling soll sich st\u00e4rker mit den Abteilungen vernetzen, die sich mit Nachhaltigkeitsaspekten besch\u00e4ftigen.\" \/>\n<meta name=\"robots\" content=\"index, follow, max-snippet:-1, max-image-preview:large, max-video-preview:-1\" \/>\n<link rel=\"canonical\" href=\"https:\/\/www.organisator.ch\/en\/management\/2016-06-30\/wo-steht-das-green-controlling\/\" \/>\n<meta property=\"og:locale\" content=\"en_US\" \/>\n<meta property=\"og:type\" content=\"article\" \/>\n<meta property=\"og:title\" content=\"Wo steht das Green Controlling?\" \/>\n<meta property=\"og:description\" content=\"In der Unternehmenssteuerung ist das Thema Nachhaltigkeit in den letzten Jahren gereift. Das Controlling ist aber nicht oder nur sehr wenig in die Umsetzung sozialer und \u00f6kologischer Unternehmensziele eingebunden. Die Controller sind gefordert, gegen\u00fcber ihren Gesch\u00e4ftsf\u00fchrungen st\u00e4rker in eigener Sache aufzutreten. Das Controlling soll sich zudem st\u00e4rker mit den Abteilungen vernetzen, die sich mit Nachhaltigkeitsaspekten besch\u00e4ftigen. Das ist das Fazit der Green-Controlling-Studie 2016 des Internationalen Controller Vereins (ICV).\" \/>\n<meta property=\"og:url\" content=\"https:\/\/www.organisator.ch\/en\/management\/2016-06-30\/wo-steht-das-green-controlling\/\" \/>\n<meta property=\"og:site_name\" content=\"Organisator\" \/>\n<meta property=\"article:publisher\" content=\"https:\/\/www.facebook.com\/OrganisatorFachmagazin\" \/>\n<meta property=\"article:published_time\" content=\"2016-06-30T15:06:09+00:00\" \/>\n<meta name=\"author\" content=\"admin\" \/>\n<meta name=\"twitter:card\" content=\"summary_large_image\" \/>\n<meta name=\"twitter:image\" content=\"https:\/\/www.organisator.ch\/wp-content\/uploads\/2016\/12\/Wo-steht-das-Green-Controlling-organisator.jpg\" \/>\n<script type=\"application\/ld+json\" class=\"yoast-schema-graph\">{\"@context\":\"https:\\\/\\\/schema.org\",\"@graph\":[{\"@type\":\"Article\",\"@id\":\"https:\\\/\\\/www.organisator.ch\\\/management\\\/2016-06-30\\\/wo-steht-das-green-controlling\\\/#article\",\"isPartOf\":{\"@id\":\"https:\\\/\\\/www.organisator.ch\\\/management\\\/2016-06-30\\\/wo-steht-das-green-controlling\\\/\"},\"author\":{\"name\":\"admin\",\"@id\":\"https:\\\/\\\/www.organisator.ch\\\/#\\\/schema\\\/person\\\/aa2bace6c5c5aad60102004a50c4eb1c\"},\"headline\":\"Wo steht das Green Controlling?\",\"datePublished\":\"2016-06-30T15:06:09+00:00\",\"mainEntityOfPage\":{\"@id\":\"https:\\\/\\\/www.organisator.ch\\\/management\\\/2016-06-30\\\/wo-steht-das-green-controlling\\\/\"},\"wordCount\":660,\"commentCount\":0,\"publisher\":{\"@id\":\"https:\\\/\\\/www.organisator.ch\\\/#organization\"},\"image\":{\"@id\":\"https:\\\/\\\/www.organisator.ch\\\/management\\\/2016-06-30\\\/wo-steht-das-green-controlling\\\/#primaryimage\"},\"thumbnailUrl\":\"https:\\\/\\\/www.organisator.ch\\\/wp-content\\\/uploads\\\/2016\\\/12\\\/Wo-steht-das-Green-Controlling-organisator.jpg\",\"keywords\":[\"Management und Unternehmensf\u00fchrung\"],\"articleSection\":[\"MANAGEMENT\"],\"inLanguage\":\"en-US\"},{\"@type\":\"WebPage\",\"@id\":\"https:\\\/\\\/www.organisator.ch\\\/management\\\/2016-06-30\\\/wo-steht-das-green-controlling\\\/\",\"url\":\"https:\\\/\\\/www.organisator.ch\\\/management\\\/2016-06-30\\\/wo-steht-das-green-controlling\\\/\",\"name\":\"Wo steht das Green Controlling? - Organisator\",\"isPartOf\":{\"@id\":\"https:\\\/\\\/www.organisator.ch\\\/#website\"},\"primaryImageOfPage\":{\"@id\":\"https:\\\/\\\/www.organisator.ch\\\/management\\\/2016-06-30\\\/wo-steht-das-green-controlling\\\/#primaryimage\"},\"image\":{\"@id\":\"https:\\\/\\\/www.organisator.ch\\\/management\\\/2016-06-30\\\/wo-steht-das-green-controlling\\\/#primaryimage\"},\"thumbnailUrl\":\"https:\\\/\\\/www.organisator.ch\\\/wp-content\\\/uploads\\\/2016\\\/12\\\/Wo-steht-das-Green-Controlling-organisator.jpg\",\"datePublished\":\"2016-06-30T15:06:09+00:00\",\"description\":\"Das Controlling soll sich st\u00e4rker mit den Abteilungen vernetzen, die sich mit Nachhaltigkeitsaspekten besch\u00e4ftigen.\",\"breadcrumb\":{\"@id\":\"https:\\\/\\\/www.organisator.ch\\\/management\\\/2016-06-30\\\/wo-steht-das-green-controlling\\\/#breadcrumb\"},\"inLanguage\":\"en-US\",\"potentialAction\":[{\"@type\":\"ReadAction\",\"target\":[\"https:\\\/\\\/www.organisator.ch\\\/management\\\/2016-06-30\\\/wo-steht-das-green-controlling\\\/\"]}]},{\"@type\":\"ImageObject\",\"inLanguage\":\"en-US\",\"@id\":\"https:\\\/\\\/www.organisator.ch\\\/management\\\/2016-06-30\\\/wo-steht-das-green-controlling\\\/#primaryimage\",\"url\":\"https:\\\/\\\/www.organisator.ch\\\/wp-content\\\/uploads\\\/2016\\\/12\\\/Wo-steht-das-Green-Controlling-organisator.jpg\",\"contentUrl\":\"https:\\\/\\\/www.organisator.ch\\\/wp-content\\\/uploads\\\/2016\\\/12\\\/Wo-steht-das-Green-Controlling-organisator.jpg\",\"width\":640,\"height\":425,\"caption\":\"Green Controlling: Die Zeiten f\u00fcr Nachhaltigkeits-Themen sind volatil. (Bild: Fotolia.com)\"},{\"@type\":\"BreadcrumbList\",\"@id\":\"https:\\\/\\\/www.organisator.ch\\\/management\\\/2016-06-30\\\/wo-steht-das-green-controlling\\\/#breadcrumb\",\"itemListElement\":[{\"@type\":\"ListItem\",\"position\":1,\"name\":\"Home\",\"item\":\"https:\\\/\\\/www.organisator.ch\\\/\"},{\"@type\":\"ListItem\",\"position\":2,\"name\":\"Wo steht das Green Controlling?\"}]},{\"@type\":\"WebSite\",\"@id\":\"https:\\\/\\\/www.organisator.ch\\\/#website\",\"url\":\"https:\\\/\\\/www.organisator.ch\\\/\",\"name\":\"Organisator\",\"description\":\"Kompetent. Praxisnah. Der ORGANISATOR bereitet in 10 Ausgaben pro Jahr die wesentlichen Themen f\u00fcr F\u00fchrungskr\u00e4fte von KMU auf.\",\"publisher\":{\"@id\":\"https:\\\/\\\/www.organisator.ch\\\/#organization\"},\"potentialAction\":[{\"@type\":\"SearchAction\",\"target\":{\"@type\":\"EntryPoint\",\"urlTemplate\":\"https:\\\/\\\/www.organisator.ch\\\/?s={search_term_string}\"},\"query-input\":{\"@type\":\"PropertyValueSpecification\",\"valueRequired\":true,\"valueName\":\"search_term_string\"}}],\"inLanguage\":\"en-US\"},{\"@type\":\"Organization\",\"@id\":\"https:\\\/\\\/www.organisator.ch\\\/#organization\",\"name\":\"Organisator\",\"url\":\"https:\\\/\\\/www.organisator.ch\\\/\",\"logo\":{\"@type\":\"ImageObject\",\"inLanguage\":\"en-US\",\"@id\":\"https:\\\/\\\/www.organisator.ch\\\/#\\\/schema\\\/logo\\\/image\\\/\",\"url\":\"https:\\\/\\\/www.organisator.ch\\\/wp-content\\\/uploads\\\/2022\\\/01\\\/Logo_Organisator_Website.png\",\"contentUrl\":\"https:\\\/\\\/www.organisator.ch\\\/wp-content\\\/uploads\\\/2022\\\/01\\\/Logo_Organisator_Website.png\",\"width\":800,\"height\":77,\"caption\":\"Organisator\"},\"image\":{\"@id\":\"https:\\\/\\\/www.organisator.ch\\\/#\\\/schema\\\/logo\\\/image\\\/\"},\"sameAs\":[\"https:\\\/\\\/www.facebook.com\\\/OrganisatorFachmagazin\",\"https:\\\/\\\/www.linkedin.com\\\/showcase\\\/organisator-das-magazin-fr-kmu\",\"https:\\\/\\\/www.xing.com\\\/news\\\/pages\\\/organisator-ch-695\",\"https:\\\/\\\/www.youtube.com\\\/channel\\\/UCGP2Sq0iWaZwT3BdIAQFYpw\"]},{\"@type\":\"Person\",\"@id\":\"https:\\\/\\\/www.organisator.ch\\\/#\\\/schema\\\/person\\\/aa2bace6c5c5aad60102004a50c4eb1c\",\"name\":\"admin\",\"image\":{\"@type\":\"ImageObject\",\"inLanguage\":\"en-US\",\"@id\":\"https:\\\/\\\/secure.gravatar.com\\\/avatar\\\/ae2f4d718e6c49043e314ce431e7e645d646302a24a5ef5a8bc8e3f5a032e319?s=96&d=mm&r=g\",\"url\":\"https:\\\/\\\/secure.gravatar.com\\\/avatar\\\/ae2f4d718e6c49043e314ce431e7e645d646302a24a5ef5a8bc8e3f5a032e319?s=96&d=mm&r=g\",\"contentUrl\":\"https:\\\/\\\/secure.gravatar.com\\\/avatar\\\/ae2f4d718e6c49043e314ce431e7e645d646302a24a5ef5a8bc8e3f5a032e319?s=96&d=mm&r=g\",\"caption\":\"admin\"},\"sameAs\":[\"https:\\\/\\\/www.organisator.ch\"],\"url\":\"https:\\\/\\\/www.organisator.ch\\\/en\\\/author\\\/admin\\\/\"}]}<\/script>\n<!-- \/ Yoast SEO plugin. -->","yoast_head_json":{"title":"Where does green controlling stand? - Organizer","description":"Controlling should network more closely with the departments that deal with sustainability aspects.","robots":{"index":"index","follow":"follow","max-snippet":"max-snippet:-1","max-image-preview":"max-image-preview:large","max-video-preview":"max-video-preview:-1"},"canonical":"https:\/\/www.organisator.ch\/en\/management\/2016-06-30\/wo-steht-das-green-controlling\/","og_locale":"en_US","og_type":"article","og_title":"Wo steht das Green Controlling?","og_description":"In der Unternehmenssteuerung ist das Thema Nachhaltigkeit in den letzten Jahren gereift. Das Controlling ist aber nicht oder nur sehr wenig in die Umsetzung sozialer und \u00f6kologischer Unternehmensziele eingebunden. Die Controller sind gefordert, gegen\u00fcber ihren Gesch\u00e4ftsf\u00fchrungen st\u00e4rker in eigener Sache aufzutreten. Das Controlling soll sich zudem st\u00e4rker mit den Abteilungen vernetzen, die sich mit Nachhaltigkeitsaspekten besch\u00e4ftigen. Das ist das Fazit der Green-Controlling-Studie 2016 des Internationalen Controller Vereins (ICV).","og_url":"https:\/\/www.organisator.ch\/en\/management\/2016-06-30\/wo-steht-das-green-controlling\/","og_site_name":"Organisator","article_publisher":"https:\/\/www.facebook.com\/OrganisatorFachmagazin","article_published_time":"2016-06-30T15:06:09+00:00","author":"admin","twitter_card":"summary_large_image","twitter_image":"https:\/\/www.organisator.ch\/wp-content\/uploads\/2016\/12\/Wo-steht-das-Green-Controlling-organisator.jpg","schema":{"@context":"https:\/\/schema.org","@graph":[{"@type":"Article","@id":"https:\/\/www.organisator.ch\/management\/2016-06-30\/wo-steht-das-green-controlling\/#article","isPartOf":{"@id":"https:\/\/www.organisator.ch\/management\/2016-06-30\/wo-steht-das-green-controlling\/"},"author":{"name":"admin","@id":"https:\/\/www.organisator.ch\/#\/schema\/person\/aa2bace6c5c5aad60102004a50c4eb1c"},"headline":"Wo steht das Green Controlling?","datePublished":"2016-06-30T15:06:09+00:00","mainEntityOfPage":{"@id":"https:\/\/www.organisator.ch\/management\/2016-06-30\/wo-steht-das-green-controlling\/"},"wordCount":660,"commentCount":0,"publisher":{"@id":"https:\/\/www.organisator.ch\/#organization"},"image":{"@id":"https:\/\/www.organisator.ch\/management\/2016-06-30\/wo-steht-das-green-controlling\/#primaryimage"},"thumbnailUrl":"https:\/\/www.organisator.ch\/wp-content\/uploads\/2016\/12\/Wo-steht-das-Green-Controlling-organisator.jpg","keywords":["Management und Unternehmensf\u00fchrung"],"articleSection":["MANAGEMENT"],"inLanguage":"en-US"},{"@type":"WebPage","@id":"https:\/\/www.organisator.ch\/management\/2016-06-30\/wo-steht-das-green-controlling\/","url":"https:\/\/www.organisator.ch\/management\/2016-06-30\/wo-steht-das-green-controlling\/","name":"Where does green controlling stand? - Organizer","isPartOf":{"@id":"https:\/\/www.organisator.ch\/#website"},"primaryImageOfPage":{"@id":"https:\/\/www.organisator.ch\/management\/2016-06-30\/wo-steht-das-green-controlling\/#primaryimage"},"image":{"@id":"https:\/\/www.organisator.ch\/management\/2016-06-30\/wo-steht-das-green-controlling\/#primaryimage"},"thumbnailUrl":"https:\/\/www.organisator.ch\/wp-content\/uploads\/2016\/12\/Wo-steht-das-Green-Controlling-organisator.jpg","datePublished":"2016-06-30T15:06:09+00:00","description":"Controlling should network more closely with the departments that deal with sustainability aspects.","breadcrumb":{"@id":"https:\/\/www.organisator.ch\/management\/2016-06-30\/wo-steht-das-green-controlling\/#breadcrumb"},"inLanguage":"en-US","potentialAction":[{"@type":"ReadAction","target":["https:\/\/www.organisator.ch\/management\/2016-06-30\/wo-steht-das-green-controlling\/"]}]},{"@type":"ImageObject","inLanguage":"en-US","@id":"https:\/\/www.organisator.ch\/management\/2016-06-30\/wo-steht-das-green-controlling\/#primaryimage","url":"https:\/\/www.organisator.ch\/wp-content\/uploads\/2016\/12\/Wo-steht-das-Green-Controlling-organisator.jpg","contentUrl":"https:\/\/www.organisator.ch\/wp-content\/uploads\/2016\/12\/Wo-steht-das-Green-Controlling-organisator.jpg","width":640,"height":425,"caption":"Green Controlling: Die Zeiten f\u00fcr Nachhaltigkeits-Themen sind volatil. (Bild: Fotolia.com)"},{"@type":"BreadcrumbList","@id":"https:\/\/www.organisator.ch\/management\/2016-06-30\/wo-steht-das-green-controlling\/#breadcrumb","itemListElement":[{"@type":"ListItem","position":1,"name":"Home","item":"https:\/\/www.organisator.ch\/"},{"@type":"ListItem","position":2,"name":"Wo steht das Green Controlling?"}]},{"@type":"WebSite","@id":"https:\/\/www.organisator.ch\/#website","url":"https:\/\/www.organisator.ch\/","name":"Organizer","description":"Competent. Practical. In 10 issues per year, ORGANISATOR presents the essential topics for managers of SMEs.","publisher":{"@id":"https:\/\/www.organisator.ch\/#organization"},"potentialAction":[{"@type":"SearchAction","target":{"@type":"EntryPoint","urlTemplate":"https:\/\/www.organisator.ch\/?s={search_term_string}"},"query-input":{"@type":"PropertyValueSpecification","valueRequired":true,"valueName":"search_term_string"}}],"inLanguage":"en-US"},{"@type":"Organization","@id":"https:\/\/www.organisator.ch\/#organization","name":"Organizer","url":"https:\/\/www.organisator.ch\/","logo":{"@type":"ImageObject","inLanguage":"en-US","@id":"https:\/\/www.organisator.ch\/#\/schema\/logo\/image\/","url":"https:\/\/www.organisator.ch\/wp-content\/uploads\/2022\/01\/Logo_Organisator_Website.png","contentUrl":"https:\/\/www.organisator.ch\/wp-content\/uploads\/2022\/01\/Logo_Organisator_Website.png","width":800,"height":77,"caption":"Organisator"},"image":{"@id":"https:\/\/www.organisator.ch\/#\/schema\/logo\/image\/"},"sameAs":["https:\/\/www.facebook.com\/OrganisatorFachmagazin","https:\/\/www.linkedin.com\/showcase\/organisator-das-magazin-fr-kmu","https:\/\/www.xing.com\/news\/pages\/organisator-ch-695","https:\/\/www.youtube.com\/channel\/UCGP2Sq0iWaZwT3BdIAQFYpw"]},{"@type":"Person","@id":"https:\/\/www.organisator.ch\/#\/schema\/person\/aa2bace6c5c5aad60102004a50c4eb1c","name":"admin","image":{"@type":"ImageObject","inLanguage":"en-US","@id":"https:\/\/secure.gravatar.com\/avatar\/ae2f4d718e6c49043e314ce431e7e645d646302a24a5ef5a8bc8e3f5a032e319?s=96&d=mm&r=g","url":"https:\/\/secure.gravatar.com\/avatar\/ae2f4d718e6c49043e314ce431e7e645d646302a24a5ef5a8bc8e3f5a032e319?s=96&d=mm&r=g","contentUrl":"https:\/\/secure.gravatar.com\/avatar\/ae2f4d718e6c49043e314ce431e7e645d646302a24a5ef5a8bc8e3f5a032e319?s=96&d=mm&r=g","caption":"admin"},"sameAs":["https:\/\/www.organisator.ch"],"url":"https:\/\/www.organisator.ch\/en\/author\/admin\/"}]}},"_links":{"self":[{"href":"https:\/\/www.organisator.ch\/en\/wp-json\/wp\/v2\/posts\/826","targetHints":{"allow":["GET"]}}],"collection":[{"href":"https:\/\/www.organisator.ch\/en\/wp-json\/wp\/v2\/posts"}],"about":[{"href":"https:\/\/www.organisator.ch\/en\/wp-json\/wp\/v2\/types\/post"}],"author":[{"embeddable":true,"href":"https:\/\/www.organisator.ch\/en\/wp-json\/wp\/v2\/users\/1"}],"replies":[{"embeddable":true,"href":"https:\/\/www.organisator.ch\/en\/wp-json\/wp\/v2\/comments?post=826"}],"version-history":[{"count":0,"href":"https:\/\/www.organisator.ch\/en\/wp-json\/wp\/v2\/posts\/826\/revisions"}],"wp:featuredmedia":[{"embeddable":true,"href":"https:\/\/www.organisator.ch\/en\/wp-json\/wp\/v2\/media\/827"}],"wp:attachment":[{"href":"https:\/\/www.organisator.ch\/en\/wp-json\/wp\/v2\/media?parent=826"}],"wp:term":[{"taxonomy":"category","embeddable":true,"href":"https:\/\/www.organisator.ch\/en\/wp-json\/wp\/v2\/categories?post=826"},{"taxonomy":"post_tag","embeddable":true,"href":"https:\/\/www.organisator.ch\/en\/wp-json\/wp\/v2\/tags?post=826"}],"curies":[{"name":"wp","href":"https:\/\/api.w.org\/{rel}","templated":true}]}}