{"id":8268,"date":"2021-07-23T08:29:00","date_gmt":"2021-07-23T06:29:00","guid":{"rendered":"https:\/\/www.organisator.ch\/?p=8268"},"modified":"2021-07-23T08:29:00","modified_gmt":"2021-07-23T06:29:00","slug":"4-von-5-mitarbeitenden-wuenschen-sich-hybrides-arbeiten","status":"publish","type":"post","link":"https:\/\/www.organisator.ch\/en\/management\/2021-07-23\/4-von-5-mitarbeitenden-wuenschen-sich-hybrides-arbeiten\/","title":{"rendered":"4 out of 5 employees want hybrid working"},"content":{"rendered":"<p>For the study \"<a href=\"https:\/\/www.accenture.com\/ch-en\/insights\/consulting\/future-work?c=acn_glb_talentandorganimediarelations_12163686&amp;n=mrl_0521\">The Future of Work: Productive anywhere<\/a>\" by consulting firm Accenture, more than 9,000 employees were surveyed in eleven countries. 83 percent of global respondents consider hybrid working, where they have the option to work remotely between 25 and 75 percent of the time, to be optimal. 40 percent of respondents feel they can work productively and feel healthy anywhere - remote, on-site or a combination as a hybrid work model. And 85 percent of these employees say they are looking for longer-term employment at their current company.<\/p>\n<figure id=\"attachment_8269\" aria-describedby=\"caption-attachment-8269\" style=\"width: 680px\" class=\"wp-caption alignnone\"><a href=\"https:\/\/www.organisator.ch\/wp-content\/uploads\/2021\/07\/4-von-5-Mitarbeitenden-wuenschen-sich-hybrides-Arbeiten_Organisator.jpg\"><img loading=\"lazy\" decoding=\"async\" class=\"size-medium wp-image-8269\" src=\"https:\/\/www.organisator.ch\/wp-content\/uploads\/2021\/07\/4-von-5-Mitarbeitenden-wuenschen-sich-hybrides-Arbeiten_Organisator.jpg\" alt=\"\" width=\"680\" height=\"382\" srcset=\"https:\/\/www.organisator.ch\/wp-content\/uploads\/2021\/07\/4-von-5-Mitarbeitenden-wuenschen-sich-hybrides-Arbeiten_Organisator.jpg 680w, https:\/\/www.organisator.ch\/wp-content\/uploads\/2021\/07\/4-von-5-Mitarbeitenden-wuenschen-sich-hybrides-Arbeiten_Organisator-16x9.jpg 16w, https:\/\/www.organisator.ch\/wp-content\/uploads\/2021\/07\/4-von-5-Mitarbeitenden-wuenschen-sich-hybrides-Arbeiten_Organisator-312x175.jpg 312w, https:\/\/www.organisator.ch\/wp-content\/uploads\/2021\/07\/4-von-5-Mitarbeitenden-wuenschen-sich-hybrides-Arbeiten_Organisator-623x350.jpg 623w, https:\/\/www.organisator.ch\/wp-content\/uploads\/2021\/07\/4-von-5-Mitarbeitenden-wuenschen-sich-hybrides-Arbeiten_Organisator-300x169.jpg 300w\" sizes=\"auto, (max-width: 680px) 100vw, 680px\" \/><\/a><figcaption id=\"caption-attachment-8269\" class=\"wp-caption-text\">Hybrid working is also a question of generation and demographics. (Graphic: Accenture)<\/figcaption><\/figure>\n<h2>Home office as the new normal<\/h2>\n<p>\"Until the COVID19 pandemic, working outside the office was difficult to imagine for the majority of companies. There was a lot of concern from supervisors that their team members would be unfocused and less efficient in the home office,\" said Miriam Dachsel, managing director at Accenture Switzerland. But now, she said, some companies are already announcing that home office work should become part of the new \"normal,\" regardless of the pandemic and its associated restrictions. \"There is no universal answer to the question of whether employees are more productive working in the office or from home. This depends on the organizational and individual conditions of the employees, which also change over time,\" explains Miriam Dachsel.<\/p>\n<h2>Hybrid working becomes a challenge<\/h2>\n<p>Finding a hybrid work model that works for all generations can be a challenge: Globally, three out of four Gen Z respondents (74 percent) want more opportunities to work face-to-face with colleagues - a higher proportion than Gen X (66 percent) and Baby Boomers (68 percent).<\/p>\n<p>\"A flexible working model is therefore advantageous. This should enable employees to reconcile concentrated and efficient working hours with their living conditions. For employers, the move to flexibility requires some courage and trust in their employees. In the medium to long term, however, this courage and trust will pay off in higher productivity and greater employee retention,\" adds Dachsler.<\/p>\n<h2>Recommended measures<\/h2>\n<p>Accenture recommends companies that want to create the conditions for location-independent productive working consider the following specific measures:<\/p>\n<ul>\n<li><strong>Accelerate modern HR management: <\/strong>HR policies and practices need to evolve. A strategy is needed to ensure that employees can transition easily to new jobs, teams and roles.<\/li>\n<li><strong>Seeing the human being in employees: <\/strong>Organizations must recognize and respond to the diverse needs of all types of employees, fostering trust.<\/li>\n<li><strong>Building digital literacy: <\/strong>Digitally competent companies have higher revenue growth and are more likely to be considered attractive places to work.<\/li>\n<li><strong>Leading with humanity: <\/strong>Accountable leaders create environments where the board, the CEO and the entire C-suite work together - no matter where they are.<\/li>\n<\/ul>\n<p><em>Source: <a href=\"http:\/\/www.accenture.com\">Accenture<\/a><\/em><\/p>\n<p><em>Tips for working from home office there are <a href=\"https:\/\/www.organisator.ch\/so-werden-sie-ein-homeoffice-superstar-zehn-tipps\/\">here<\/a>.<\/em><\/p>","protected":false},"excerpt":{"rendered":"<p>F\u00fcr die Studie \u00abThe Future of Work: Productive anywhere\u00bb des Beratungsunternehmens Accenture wurden in elf L\u00e4ndern \u00fcber 9000 Arbeitnehmende befragt. 83 Prozent der weltweit Befragten halten hybrides Arbeiten, bei dem sie die M\u00f6glichkeit haben zwischen 25 und 75 Prozent der Zeit im Remote zu arbeiten, f\u00fcr optimal. 40 Prozent der befragten Personen haben das Gef\u00fchl, [&hellip;]<\/p>\n","protected":false},"author":4,"featured_media":8269,"comment_status":"closed","ping_status":"closed","sticky":false,"template":"","format":"standard","meta":{"_acf_changed":false,"_yoast_wpseo_focuskw":"hybrides Arbeiten","_yoast_wpseo_metadesc":"R\u00fcckkehr vom Homeoffice an den Arbeitsplatz: Eine Studie des Beratungsunternehmen Accenture zeigt, dass sich Mitarbeitende mehr hybrides Arbeiten w\u00fcnschen.","articlekey":"","footnotes":""},"categories":[28],"tags":[51,254,335,363,459],"class_list":["post-8268","post","type-post","status-publish","format-standard","has-post-thumbnail","hentry","category-management","tag-arbeitsplatzgestaltung","tag-hrm","tag-management-und-unternehmensfuehrung","tag-new-work","tag-studie"],"acf":[],"yoast_head":"<!-- This site is optimized with the Yoast SEO plugin v27.5 - https:\/\/yoast.com\/product\/yoast-seo-wordpress\/ -->\n<title>4 von 5 Mitarbeitenden w\u00fcnschen sich hybrides Arbeiten - Organisator<\/title>\n<meta name=\"description\" content=\"R\u00fcckkehr vom Homeoffice an den Arbeitsplatz: Eine Studie des Beratungsunternehmen Accenture zeigt, dass sich Mitarbeitende mehr hybrides Arbeiten w\u00fcnschen.\" \/>\n<meta name=\"robots\" content=\"index, follow, max-snippet:-1, max-image-preview:large, max-video-preview:-1\" \/>\n<link rel=\"canonical\" href=\"https:\/\/www.organisator.ch\/en\/management\/2021-07-23\/4-von-5-mitarbeitenden-wuenschen-sich-hybrides-arbeiten\/\" \/>\n<meta property=\"og:locale\" content=\"en_US\" \/>\n<meta property=\"og:type\" content=\"article\" \/>\n<meta property=\"og:title\" content=\"4 von 5 Mitarbeitenden w\u00fcnschen sich hybrides Arbeiten\" \/>\n<meta property=\"og:description\" content=\"R\u00fcckkehr vom Homeoffice an den Arbeitsplatz: Eine Studie des Beratungsunternehmen Accenture zeigt, dass sich Mitarbeitende mehr hybrides Arbeiten w\u00fcnschen.\" \/>\n<meta property=\"og:url\" content=\"https:\/\/www.organisator.ch\/en\/management\/2021-07-23\/4-von-5-mitarbeitenden-wuenschen-sich-hybrides-arbeiten\/\" \/>\n<meta property=\"og:site_name\" content=\"Organisator\" \/>\n<meta property=\"article:publisher\" content=\"https:\/\/www.facebook.com\/OrganisatorFachmagazin\" \/>\n<meta property=\"article:published_time\" content=\"2021-07-23T06:29:00+00:00\" \/>\n<meta property=\"og:image\" content=\"https:\/\/www.organisator.ch\/wp-content\/uploads\/2021\/07\/4-von-5-Mitarbeitenden-wuenschen-sich-hybrides-Arbeiten_Organisator.jpg\" \/>\n\t<meta property=\"og:image:width\" content=\"680\" \/>\n\t<meta property=\"og:image:height\" content=\"382\" \/>\n\t<meta property=\"og:image:type\" content=\"image\/jpeg\" \/>\n<meta name=\"author\" content=\"thomas.berner\" \/>\n<meta name=\"twitter:card\" content=\"summary_large_image\" \/>\n<meta name=\"twitter:title\" content=\"4 von 5 Mitarbeitenden w\u00fcnschen sich #hybrides Arbeiten\" \/>\n<meta name=\"twitter:description\" content=\"R\u00fcckkehr vom #Homeoffice an den #Arbeitsplatz: Eine Studie des Beratungsunternehmen #Accenture zeigt, dass sich Mitarbeitende mehr #hybrides Arbeiten w\u00fcnschen.\" \/>\n<meta name=\"twitter:image\" content=\"https:\/\/www.organisator.ch\/wp-content\/uploads\/2021\/07\/4-von-5-Mitarbeitenden-wuenschen-sich-hybrides-Arbeiten_Organisator.jpg\" \/>\n<script type=\"application\/ld+json\" class=\"yoast-schema-graph\">{\"@context\":\"https:\\\/\\\/schema.org\",\"@graph\":[{\"@type\":\"Article\",\"@id\":\"https:\\\/\\\/www.organisator.ch\\\/management\\\/2021-07-23\\\/4-von-5-mitarbeitenden-wuenschen-sich-hybrides-arbeiten\\\/#article\",\"isPartOf\":{\"@id\":\"https:\\\/\\\/www.organisator.ch\\\/management\\\/2021-07-23\\\/4-von-5-mitarbeitenden-wuenschen-sich-hybrides-arbeiten\\\/\"},\"author\":{\"name\":\"thomas.berner\",\"@id\":\"https:\\\/\\\/www.organisator.ch\\\/#\\\/schema\\\/person\\\/6f650f90b2842cd4c0cc334b4e36f67e\"},\"headline\":\"4 von 5 Mitarbeitenden w\u00fcnschen sich hybrides Arbeiten\",\"datePublished\":\"2021-07-23T06:29:00+00:00\",\"mainEntityOfPage\":{\"@id\":\"https:\\\/\\\/www.organisator.ch\\\/management\\\/2021-07-23\\\/4-von-5-mitarbeitenden-wuenschen-sich-hybrides-arbeiten\\\/\"},\"wordCount\":514,\"publisher\":{\"@id\":\"https:\\\/\\\/www.organisator.ch\\\/#organization\"},\"image\":{\"@id\":\"https:\\\/\\\/www.organisator.ch\\\/management\\\/2021-07-23\\\/4-von-5-mitarbeitenden-wuenschen-sich-hybrides-arbeiten\\\/#primaryimage\"},\"thumbnailUrl\":\"https:\\\/\\\/www.organisator.ch\\\/wp-content\\\/uploads\\\/2021\\\/07\\\/4-von-5-Mitarbeitenden-wuenschen-sich-hybrides-Arbeiten_Organisator.jpg\",\"keywords\":[\"Arbeitsplatzgestaltung\",\"HRM\",\"Management und Unternehmensf\u00fchrung\",\"New Work\",\"Studie\"],\"articleSection\":[\"MANAGEMENT\"],\"inLanguage\":\"en-US\"},{\"@type\":\"WebPage\",\"@id\":\"https:\\\/\\\/www.organisator.ch\\\/management\\\/2021-07-23\\\/4-von-5-mitarbeitenden-wuenschen-sich-hybrides-arbeiten\\\/\",\"url\":\"https:\\\/\\\/www.organisator.ch\\\/management\\\/2021-07-23\\\/4-von-5-mitarbeitenden-wuenschen-sich-hybrides-arbeiten\\\/\",\"name\":\"4 von 5 Mitarbeitenden w\u00fcnschen sich hybrides Arbeiten - Organisator\",\"isPartOf\":{\"@id\":\"https:\\\/\\\/www.organisator.ch\\\/#website\"},\"primaryImageOfPage\":{\"@id\":\"https:\\\/\\\/www.organisator.ch\\\/management\\\/2021-07-23\\\/4-von-5-mitarbeitenden-wuenschen-sich-hybrides-arbeiten\\\/#primaryimage\"},\"image\":{\"@id\":\"https:\\\/\\\/www.organisator.ch\\\/management\\\/2021-07-23\\\/4-von-5-mitarbeitenden-wuenschen-sich-hybrides-arbeiten\\\/#primaryimage\"},\"thumbnailUrl\":\"https:\\\/\\\/www.organisator.ch\\\/wp-content\\\/uploads\\\/2021\\\/07\\\/4-von-5-Mitarbeitenden-wuenschen-sich-hybrides-Arbeiten_Organisator.jpg\",\"datePublished\":\"2021-07-23T06:29:00+00:00\",\"description\":\"R\u00fcckkehr vom Homeoffice an den Arbeitsplatz: Eine Studie des Beratungsunternehmen Accenture zeigt, dass sich Mitarbeitende mehr hybrides Arbeiten w\u00fcnschen.\",\"breadcrumb\":{\"@id\":\"https:\\\/\\\/www.organisator.ch\\\/management\\\/2021-07-23\\\/4-von-5-mitarbeitenden-wuenschen-sich-hybrides-arbeiten\\\/#breadcrumb\"},\"inLanguage\":\"en-US\",\"potentialAction\":[{\"@type\":\"ReadAction\",\"target\":[\"https:\\\/\\\/www.organisator.ch\\\/management\\\/2021-07-23\\\/4-von-5-mitarbeitenden-wuenschen-sich-hybrides-arbeiten\\\/\"]}]},{\"@type\":\"ImageObject\",\"inLanguage\":\"en-US\",\"@id\":\"https:\\\/\\\/www.organisator.ch\\\/management\\\/2021-07-23\\\/4-von-5-mitarbeitenden-wuenschen-sich-hybrides-arbeiten\\\/#primaryimage\",\"url\":\"https:\\\/\\\/www.organisator.ch\\\/wp-content\\\/uploads\\\/2021\\\/07\\\/4-von-5-Mitarbeitenden-wuenschen-sich-hybrides-Arbeiten_Organisator.jpg\",\"contentUrl\":\"https:\\\/\\\/www.organisator.ch\\\/wp-content\\\/uploads\\\/2021\\\/07\\\/4-von-5-Mitarbeitenden-wuenschen-sich-hybrides-Arbeiten_Organisator.jpg\",\"width\":680,\"height\":382,\"caption\":\"Hybrides Arbeiten ist auch eine Frage der Generation und der Demografie. (Grafik: Accenture)\"},{\"@type\":\"BreadcrumbList\",\"@id\":\"https:\\\/\\\/www.organisator.ch\\\/management\\\/2021-07-23\\\/4-von-5-mitarbeitenden-wuenschen-sich-hybrides-arbeiten\\\/#breadcrumb\",\"itemListElement\":[{\"@type\":\"ListItem\",\"position\":1,\"name\":\"Home\",\"item\":\"https:\\\/\\\/www.organisator.ch\\\/\"},{\"@type\":\"ListItem\",\"position\":2,\"name\":\"4 von 5 Mitarbeitenden w\u00fcnschen sich hybrides Arbeiten\"}]},{\"@type\":\"WebSite\",\"@id\":\"https:\\\/\\\/www.organisator.ch\\\/#website\",\"url\":\"https:\\\/\\\/www.organisator.ch\\\/\",\"name\":\"Organisator\",\"description\":\"Kompetent. Praxisnah. Der ORGANISATOR bereitet in 10 Ausgaben pro Jahr die wesentlichen Themen f\u00fcr F\u00fchrungskr\u00e4fte von KMU auf.\",\"publisher\":{\"@id\":\"https:\\\/\\\/www.organisator.ch\\\/#organization\"},\"potentialAction\":[{\"@type\":\"SearchAction\",\"target\":{\"@type\":\"EntryPoint\",\"urlTemplate\":\"https:\\\/\\\/www.organisator.ch\\\/?s={search_term_string}\"},\"query-input\":{\"@type\":\"PropertyValueSpecification\",\"valueRequired\":true,\"valueName\":\"search_term_string\"}}],\"inLanguage\":\"en-US\"},{\"@type\":\"Organization\",\"@id\":\"https:\\\/\\\/www.organisator.ch\\\/#organization\",\"name\":\"Organisator\",\"url\":\"https:\\\/\\\/www.organisator.ch\\\/\",\"logo\":{\"@type\":\"ImageObject\",\"inLanguage\":\"en-US\",\"@id\":\"https:\\\/\\\/www.organisator.ch\\\/#\\\/schema\\\/logo\\\/image\\\/\",\"url\":\"https:\\\/\\\/www.organisator.ch\\\/wp-content\\\/uploads\\\/2022\\\/01\\\/Logo_Organisator_Website.png\",\"contentUrl\":\"https:\\\/\\\/www.organisator.ch\\\/wp-content\\\/uploads\\\/2022\\\/01\\\/Logo_Organisator_Website.png\",\"width\":800,\"height\":77,\"caption\":\"Organisator\"},\"image\":{\"@id\":\"https:\\\/\\\/www.organisator.ch\\\/#\\\/schema\\\/logo\\\/image\\\/\"},\"sameAs\":[\"https:\\\/\\\/www.facebook.com\\\/OrganisatorFachmagazin\",\"https:\\\/\\\/www.linkedin.com\\\/showcase\\\/organisator-das-magazin-fr-kmu\",\"https:\\\/\\\/www.xing.com\\\/news\\\/pages\\\/organisator-ch-695\",\"https:\\\/\\\/www.youtube.com\\\/channel\\\/UCGP2Sq0iWaZwT3BdIAQFYpw\"]},{\"@type\":\"Person\",\"@id\":\"https:\\\/\\\/www.organisator.ch\\\/#\\\/schema\\\/person\\\/6f650f90b2842cd4c0cc334b4e36f67e\",\"name\":\"thomas.berner\",\"image\":{\"@type\":\"ImageObject\",\"inLanguage\":\"en-US\",\"@id\":\"https:\\\/\\\/secure.gravatar.com\\\/avatar\\\/ac5001d2a36cb6c6cd3e50789007ffca834b477b74a2144564522e944eabff61?s=96&d=mm&r=g\",\"url\":\"https:\\\/\\\/secure.gravatar.com\\\/avatar\\\/ac5001d2a36cb6c6cd3e50789007ffca834b477b74a2144564522e944eabff61?s=96&d=mm&r=g\",\"contentUrl\":\"https:\\\/\\\/secure.gravatar.com\\\/avatar\\\/ac5001d2a36cb6c6cd3e50789007ffca834b477b74a2144564522e944eabff61?s=96&d=mm&r=g\",\"caption\":\"thomas.berner\"},\"url\":\"https:\\\/\\\/www.organisator.ch\\\/en\\\/author\\\/thomas-berner\\\/\"}]}<\/script>\n<!-- \/ Yoast SEO plugin. -->","yoast_head_json":{"title":"4 out of 5 employees want hybrid working - organizer","description":"Returning from the home office to the workplace: A study by consulting firm Accenture shows that employees want more hybrid working.","robots":{"index":"index","follow":"follow","max-snippet":"max-snippet:-1","max-image-preview":"max-image-preview:large","max-video-preview":"max-video-preview:-1"},"canonical":"https:\/\/www.organisator.ch\/en\/management\/2021-07-23\/4-von-5-mitarbeitenden-wuenschen-sich-hybrides-arbeiten\/","og_locale":"en_US","og_type":"article","og_title":"4 von 5 Mitarbeitenden w\u00fcnschen sich hybrides Arbeiten","og_description":"R\u00fcckkehr vom Homeoffice an den Arbeitsplatz: Eine Studie des Beratungsunternehmen Accenture zeigt, dass sich Mitarbeitende mehr hybrides Arbeiten w\u00fcnschen.","og_url":"https:\/\/www.organisator.ch\/en\/management\/2021-07-23\/4-von-5-mitarbeitenden-wuenschen-sich-hybrides-arbeiten\/","og_site_name":"Organisator","article_publisher":"https:\/\/www.facebook.com\/OrganisatorFachmagazin","article_published_time":"2021-07-23T06:29:00+00:00","og_image":[{"width":680,"height":382,"url":"https:\/\/www.organisator.ch\/wp-content\/uploads\/2021\/07\/4-von-5-Mitarbeitenden-wuenschen-sich-hybrides-Arbeiten_Organisator.jpg","type":"image\/jpeg"}],"author":"thomas.berner","twitter_card":"summary_large_image","twitter_title":"4 von 5 Mitarbeitenden w\u00fcnschen sich #hybrides Arbeiten","twitter_description":"R\u00fcckkehr vom #Homeoffice an den #Arbeitsplatz: Eine Studie des Beratungsunternehmen #Accenture zeigt, dass sich Mitarbeitende mehr #hybrides Arbeiten w\u00fcnschen.","twitter_image":"https:\/\/www.organisator.ch\/wp-content\/uploads\/2021\/07\/4-von-5-Mitarbeitenden-wuenschen-sich-hybrides-Arbeiten_Organisator.jpg","schema":{"@context":"https:\/\/schema.org","@graph":[{"@type":"Article","@id":"https:\/\/www.organisator.ch\/management\/2021-07-23\/4-von-5-mitarbeitenden-wuenschen-sich-hybrides-arbeiten\/#article","isPartOf":{"@id":"https:\/\/www.organisator.ch\/management\/2021-07-23\/4-von-5-mitarbeitenden-wuenschen-sich-hybrides-arbeiten\/"},"author":{"name":"thomas.berner","@id":"https:\/\/www.organisator.ch\/#\/schema\/person\/6f650f90b2842cd4c0cc334b4e36f67e"},"headline":"4 von 5 Mitarbeitenden w\u00fcnschen sich hybrides Arbeiten","datePublished":"2021-07-23T06:29:00+00:00","mainEntityOfPage":{"@id":"https:\/\/www.organisator.ch\/management\/2021-07-23\/4-von-5-mitarbeitenden-wuenschen-sich-hybrides-arbeiten\/"},"wordCount":514,"publisher":{"@id":"https:\/\/www.organisator.ch\/#organization"},"image":{"@id":"https:\/\/www.organisator.ch\/management\/2021-07-23\/4-von-5-mitarbeitenden-wuenschen-sich-hybrides-arbeiten\/#primaryimage"},"thumbnailUrl":"https:\/\/www.organisator.ch\/wp-content\/uploads\/2021\/07\/4-von-5-Mitarbeitenden-wuenschen-sich-hybrides-Arbeiten_Organisator.jpg","keywords":["Arbeitsplatzgestaltung","HRM","Management und Unternehmensf\u00fchrung","New Work","Studie"],"articleSection":["MANAGEMENT"],"inLanguage":"en-US"},{"@type":"WebPage","@id":"https:\/\/www.organisator.ch\/management\/2021-07-23\/4-von-5-mitarbeitenden-wuenschen-sich-hybrides-arbeiten\/","url":"https:\/\/www.organisator.ch\/management\/2021-07-23\/4-von-5-mitarbeitenden-wuenschen-sich-hybrides-arbeiten\/","name":"4 out of 5 employees want hybrid working - organizer","isPartOf":{"@id":"https:\/\/www.organisator.ch\/#website"},"primaryImageOfPage":{"@id":"https:\/\/www.organisator.ch\/management\/2021-07-23\/4-von-5-mitarbeitenden-wuenschen-sich-hybrides-arbeiten\/#primaryimage"},"image":{"@id":"https:\/\/www.organisator.ch\/management\/2021-07-23\/4-von-5-mitarbeitenden-wuenschen-sich-hybrides-arbeiten\/#primaryimage"},"thumbnailUrl":"https:\/\/www.organisator.ch\/wp-content\/uploads\/2021\/07\/4-von-5-Mitarbeitenden-wuenschen-sich-hybrides-Arbeiten_Organisator.jpg","datePublished":"2021-07-23T06:29:00+00:00","description":"Returning from the home office to the workplace: A study by consulting firm Accenture shows that employees want more hybrid working.","breadcrumb":{"@id":"https:\/\/www.organisator.ch\/management\/2021-07-23\/4-von-5-mitarbeitenden-wuenschen-sich-hybrides-arbeiten\/#breadcrumb"},"inLanguage":"en-US","potentialAction":[{"@type":"ReadAction","target":["https:\/\/www.organisator.ch\/management\/2021-07-23\/4-von-5-mitarbeitenden-wuenschen-sich-hybrides-arbeiten\/"]}]},{"@type":"ImageObject","inLanguage":"en-US","@id":"https:\/\/www.organisator.ch\/management\/2021-07-23\/4-von-5-mitarbeitenden-wuenschen-sich-hybrides-arbeiten\/#primaryimage","url":"https:\/\/www.organisator.ch\/wp-content\/uploads\/2021\/07\/4-von-5-Mitarbeitenden-wuenschen-sich-hybrides-Arbeiten_Organisator.jpg","contentUrl":"https:\/\/www.organisator.ch\/wp-content\/uploads\/2021\/07\/4-von-5-Mitarbeitenden-wuenschen-sich-hybrides-Arbeiten_Organisator.jpg","width":680,"height":382,"caption":"Hybrides Arbeiten ist auch eine Frage der Generation und der Demografie. (Grafik: Accenture)"},{"@type":"BreadcrumbList","@id":"https:\/\/www.organisator.ch\/management\/2021-07-23\/4-von-5-mitarbeitenden-wuenschen-sich-hybrides-arbeiten\/#breadcrumb","itemListElement":[{"@type":"ListItem","position":1,"name":"Home","item":"https:\/\/www.organisator.ch\/"},{"@type":"ListItem","position":2,"name":"4 von 5 Mitarbeitenden w\u00fcnschen sich hybrides Arbeiten"}]},{"@type":"WebSite","@id":"https:\/\/www.organisator.ch\/#website","url":"https:\/\/www.organisator.ch\/","name":"Organizer","description":"Competent. Practical. In 10 issues per year, ORGANISATOR presents the essential topics for managers of SMEs.","publisher":{"@id":"https:\/\/www.organisator.ch\/#organization"},"potentialAction":[{"@type":"SearchAction","target":{"@type":"EntryPoint","urlTemplate":"https:\/\/www.organisator.ch\/?s={search_term_string}"},"query-input":{"@type":"PropertyValueSpecification","valueRequired":true,"valueName":"search_term_string"}}],"inLanguage":"en-US"},{"@type":"Organization","@id":"https:\/\/www.organisator.ch\/#organization","name":"Organizer","url":"https:\/\/www.organisator.ch\/","logo":{"@type":"ImageObject","inLanguage":"en-US","@id":"https:\/\/www.organisator.ch\/#\/schema\/logo\/image\/","url":"https:\/\/www.organisator.ch\/wp-content\/uploads\/2022\/01\/Logo_Organisator_Website.png","contentUrl":"https:\/\/www.organisator.ch\/wp-content\/uploads\/2022\/01\/Logo_Organisator_Website.png","width":800,"height":77,"caption":"Organisator"},"image":{"@id":"https:\/\/www.organisator.ch\/#\/schema\/logo\/image\/"},"sameAs":["https:\/\/www.facebook.com\/OrganisatorFachmagazin","https:\/\/www.linkedin.com\/showcase\/organisator-das-magazin-fr-kmu","https:\/\/www.xing.com\/news\/pages\/organisator-ch-695","https:\/\/www.youtube.com\/channel\/UCGP2Sq0iWaZwT3BdIAQFYpw"]},{"@type":"Person","@id":"https:\/\/www.organisator.ch\/#\/schema\/person\/6f650f90b2842cd4c0cc334b4e36f67e","name":"thomas.berner","image":{"@type":"ImageObject","inLanguage":"en-US","@id":"https:\/\/secure.gravatar.com\/avatar\/ac5001d2a36cb6c6cd3e50789007ffca834b477b74a2144564522e944eabff61?s=96&d=mm&r=g","url":"https:\/\/secure.gravatar.com\/avatar\/ac5001d2a36cb6c6cd3e50789007ffca834b477b74a2144564522e944eabff61?s=96&d=mm&r=g","contentUrl":"https:\/\/secure.gravatar.com\/avatar\/ac5001d2a36cb6c6cd3e50789007ffca834b477b74a2144564522e944eabff61?s=96&d=mm&r=g","caption":"thomas.berner"},"url":"https:\/\/www.organisator.ch\/en\/author\/thomas-berner\/"}]}},"_links":{"self":[{"href":"https:\/\/www.organisator.ch\/en\/wp-json\/wp\/v2\/posts\/8268","targetHints":{"allow":["GET"]}}],"collection":[{"href":"https:\/\/www.organisator.ch\/en\/wp-json\/wp\/v2\/posts"}],"about":[{"href":"https:\/\/www.organisator.ch\/en\/wp-json\/wp\/v2\/types\/post"}],"author":[{"embeddable":true,"href":"https:\/\/www.organisator.ch\/en\/wp-json\/wp\/v2\/users\/4"}],"replies":[{"embeddable":true,"href":"https:\/\/www.organisator.ch\/en\/wp-json\/wp\/v2\/comments?post=8268"}],"version-history":[{"count":0,"href":"https:\/\/www.organisator.ch\/en\/wp-json\/wp\/v2\/posts\/8268\/revisions"}],"wp:featuredmedia":[{"embeddable":true,"href":"https:\/\/www.organisator.ch\/en\/wp-json\/wp\/v2\/media\/8269"}],"wp:attachment":[{"href":"https:\/\/www.organisator.ch\/en\/wp-json\/wp\/v2\/media?parent=8268"}],"wp:term":[{"taxonomy":"category","embeddable":true,"href":"https:\/\/www.organisator.ch\/en\/wp-json\/wp\/v2\/categories?post=8268"},{"taxonomy":"post_tag","embeddable":true,"href":"https:\/\/www.organisator.ch\/en\/wp-json\/wp\/v2\/tags?post=8268"}],"curies":[{"name":"wp","href":"https:\/\/api.w.org\/{rel}","templated":true}]}}