{"id":8328,"date":"2021-07-29T13:16:33","date_gmt":"2021-07-29T11:16:33","guid":{"rendered":"https:\/\/www.organisator.ch\/?p=8328"},"modified":"2021-07-29T13:16:33","modified_gmt":"2021-07-29T11:16:33","slug":"topsoft-fachmesse-wird-auf-juni-2022-verschoben","status":"publish","type":"post","link":"https:\/\/www.organisator.ch\/en\/management\/it\/2021-07-29\/topsoft-fachmesse-wird-auf-juni-2022-verschoben\/","title":{"rendered":"topsoft trade fair to be postponed until June 2022"},"content":{"rendered":"<figure id=\"attachment_8106\" aria-describedby=\"caption-attachment-8106\" style=\"width: 680px\" class=\"wp-caption alignnone\"><a href=\"https:\/\/www.organisator.ch\/wp-content\/uploads\/2021\/06\/IT-Fachmesse-topsoft-am-1-2-September-2021-voraussichtlich-wieder-live_Organisator.jpg\"><img loading=\"lazy\" decoding=\"async\" class=\"size-medium wp-image-8106\" src=\"https:\/\/www.organisator.ch\/wp-content\/uploads\/2021\/06\/IT-Fachmesse-topsoft-am-1-2-September-2021-voraussichtlich-wieder-live_Organisator.jpg\" alt=\"\" width=\"680\" height=\"256\" srcset=\"https:\/\/www.organisator.ch\/wp-content\/uploads\/2021\/06\/IT-Fachmesse-topsoft-am-1-2-September-2021-voraussichtlich-wieder-live_Organisator.jpg 680w, https:\/\/www.organisator.ch\/wp-content\/uploads\/2021\/06\/IT-Fachmesse-topsoft-am-1-2-September-2021-voraussichtlich-wieder-live_Organisator-16x6.jpg 16w, https:\/\/www.organisator.ch\/wp-content\/uploads\/2021\/06\/IT-Fachmesse-topsoft-am-1-2-September-2021-voraussichtlich-wieder-live_Organisator-375x141.jpg 375w, https:\/\/www.organisator.ch\/wp-content\/uploads\/2021\/06\/IT-Fachmesse-topsoft-am-1-2-September-2021-voraussichtlich-wieder-live_Organisator-300x113.jpg 300w\" sizes=\"auto, (max-width: 680px) 100vw, 680px\" \/><\/a><figcaption id=\"caption-attachment-8106\" class=\"wp-caption-text\">The topsoft trade fair will now go live again on June 22\/23, 2022 instead of at the beginning of September as previously announced.<\/figcaption><\/figure>\n<p>The Federal Council's announcement of the relaxation of Corona measures at the beginning of June was met with great expectations on the part of topsoft. Various software providers were immediately prepared to participate in the topsoft trade fair at the beginning of September (<a href=\"https:\/\/www.organisator.ch\/it-fachmesse-topsoft-am-1-2-september-2021-voraussichtlich-wieder-live\/\">we reported on it<\/a>). Unfortunately, the incidence values are now picking up again. No one knows how things will look after the summer vacations. \"Whether under these circumstances enough visitors would be willing to participate in a life event is questionable. Thus, the uncertainty among exhibitors became greater again,\" write the organizers of the IT trade fair in a media release.<\/p>\n<p>\"Although a large number of exhibitors have registered in the short time available, we consider the risk of holding a live event of this size to be too high at present,\" explains topsoft exhibition manager Cyrill Schmid. \"In the end, it's about the health of the exhibitors and trade fair visitors, but it's also about the quality of the event. The increasing planning uncertainty makes it very difficult to hold an event that meets the demands.\"<\/p>\n<p>This awareness ultimately led to the decision to postpone this year's topsoft trade fair to June 22\/23, 2022. The venue will still be the Umwelt Arena Schweiz in Spreitenbach.<\/p>\n<p><em>More information: <a href=\"http:\/\/www.topsoft.ch\">topsoft<\/a><\/em><\/p>","protected":false},"excerpt":{"rendered":"<p>Mit grossen Erwartungen hat man seitens topsoft die bundesr\u00e4tliche Ank\u00fcndigung der Lockerung von Corona-Massnahmen anfangs Juni zur Kenntnis genommen. Verschiedene Softwareanbieter waren sofort bereit, sich an der topsoft Fachmesse anfangs September zu beteiligen (wir berichteten dar\u00fcber). Leider ziehen die Inzidenzwerte nun wieder an. Niemand weiss, wie es nach den Sommerferien aussieht. \u00abOb unter diesen Umst\u00e4nden [&hellip;]<\/p>\n","protected":false},"author":4,"featured_media":8106,"comment_status":"closed","ping_status":"closed","sticky":false,"template":"","format":"standard","meta":{"_acf_changed":false,"_yoast_wpseo_focuskw":"topsoft Fachmesse","_yoast_wpseo_metadesc":"Anfangs Sommer standen die Zeichen noch gut f\u00fcr eine Durchf\u00fchrung der topsoft Fachmesse. Angesichts steigender Fallzahlen wird sie aber auf 2022 verschoben.","articlekey":"","footnotes":""},"categories":[27],"tags":[193,286,288],"class_list":["post-8328","post","type-post","status-publish","format-standard","has-post-thumbnail","hentry","category-it","tag-fachkongressfachmesse","tag-it","tag-it-business-software"],"acf":[],"yoast_head":"<!-- This site is optimized with the Yoast SEO plugin v27.4 - https:\/\/yoast.com\/product\/yoast-seo-wordpress\/ -->\n<title>topsoft Fachmesse wird auf Juni 2022 verschoben - Organisator<\/title>\n<meta name=\"description\" content=\"Anfangs Sommer standen die Zeichen noch gut f\u00fcr eine Durchf\u00fchrung der topsoft Fachmesse. Angesichts steigender Fallzahlen wird sie aber auf 2022 verschoben.\" \/>\n<meta name=\"robots\" content=\"index, follow, max-snippet:-1, max-image-preview:large, max-video-preview:-1\" \/>\n<link rel=\"canonical\" href=\"https:\/\/www.organisator.ch\/en\/management\/it\/2021-07-29\/topsoft-fachmesse-wird-auf-juni-2022-verschoben\/\" \/>\n<meta property=\"og:locale\" content=\"en_US\" \/>\n<meta property=\"og:type\" content=\"article\" \/>\n<meta property=\"og:title\" content=\"topsoft Fachmesse wird auf Juni 2022 verschoben\" \/>\n<meta property=\"og:description\" content=\"Anfangs Sommer standen die Zeichen noch gut f\u00fcr eine Durchf\u00fchrung der topsoft Fachmesse. Angesichts steigender Fallzahlen wird sie aber auf 2022 verschoben.\" \/>\n<meta property=\"og:url\" content=\"https:\/\/www.organisator.ch\/en\/management\/it\/2021-07-29\/topsoft-fachmesse-wird-auf-juni-2022-verschoben\/\" \/>\n<meta property=\"og:site_name\" content=\"Organisator\" \/>\n<meta property=\"article:publisher\" content=\"https:\/\/www.facebook.com\/OrganisatorFachmagazin\" \/>\n<meta property=\"article:published_time\" content=\"2021-07-29T11:16:33+00:00\" \/>\n<meta property=\"og:image\" content=\"https:\/\/www.organisator.ch\/wp-content\/uploads\/2021\/06\/IT-Fachmesse-topsoft-am-1-2-September-2021-voraussichtlich-wieder-live_Organisator.jpg\" \/>\n\t<meta property=\"og:image:width\" content=\"680\" \/>\n\t<meta property=\"og:image:height\" content=\"256\" \/>\n\t<meta property=\"og:image:type\" content=\"image\/jpeg\" \/>\n<meta name=\"author\" content=\"thomas.berner\" \/>\n<meta name=\"twitter:card\" content=\"summary_large_image\" \/>\n<meta name=\"twitter:title\" content=\"#topsoft Fachmesse wird auf Juni 2022 verschoben\" \/>\n<meta name=\"twitter:description\" content=\"Anfangs Sommer standen die Zeichen noch gut f\u00fcr eine Durchf\u00fchrung der #topsoft Fachmesse. Angesichts steigender Fallzahlen wird sie aber auf 2022 verschoben.\" \/>\n<meta name=\"twitter:image\" content=\"https:\/\/www.organisator.ch\/wp-content\/uploads\/2021\/06\/IT-Fachmesse-topsoft-am-1-2-September-2021-voraussichtlich-wieder-live_Organisator.jpg\" \/>\n<script type=\"application\/ld+json\" class=\"yoast-schema-graph\">{\"@context\":\"https:\\\/\\\/schema.org\",\"@graph\":[{\"@type\":\"Article\",\"@id\":\"https:\\\/\\\/www.organisator.ch\\\/management\\\/it\\\/2021-07-29\\\/topsoft-fachmesse-wird-auf-juni-2022-verschoben\\\/#article\",\"isPartOf\":{\"@id\":\"https:\\\/\\\/www.organisator.ch\\\/management\\\/it\\\/2021-07-29\\\/topsoft-fachmesse-wird-auf-juni-2022-verschoben\\\/\"},\"author\":{\"name\":\"thomas.berner\",\"@id\":\"https:\\\/\\\/www.organisator.ch\\\/#\\\/schema\\\/person\\\/6f650f90b2842cd4c0cc334b4e36f67e\"},\"headline\":\"topsoft Fachmesse wird auf Juni 2022 verschoben\",\"datePublished\":\"2021-07-29T11:16:33+00:00\",\"mainEntityOfPage\":{\"@id\":\"https:\\\/\\\/www.organisator.ch\\\/management\\\/it\\\/2021-07-29\\\/topsoft-fachmesse-wird-auf-juni-2022-verschoben\\\/\"},\"wordCount\":224,\"publisher\":{\"@id\":\"https:\\\/\\\/www.organisator.ch\\\/#organization\"},\"image\":{\"@id\":\"https:\\\/\\\/www.organisator.ch\\\/management\\\/it\\\/2021-07-29\\\/topsoft-fachmesse-wird-auf-juni-2022-verschoben\\\/#primaryimage\"},\"thumbnailUrl\":\"https:\\\/\\\/www.organisator.ch\\\/wp-content\\\/uploads\\\/2021\\\/06\\\/IT-Fachmesse-topsoft-am-1-2-September-2021-voraussichtlich-wieder-live_Organisator.jpg\",\"keywords\":[\"Fachkongress\\\/Fachmesse\",\"IT\",\"IT &amp; Business Software\"],\"articleSection\":[\"IT\"],\"inLanguage\":\"en-US\"},{\"@type\":\"WebPage\",\"@id\":\"https:\\\/\\\/www.organisator.ch\\\/management\\\/it\\\/2021-07-29\\\/topsoft-fachmesse-wird-auf-juni-2022-verschoben\\\/\",\"url\":\"https:\\\/\\\/www.organisator.ch\\\/management\\\/it\\\/2021-07-29\\\/topsoft-fachmesse-wird-auf-juni-2022-verschoben\\\/\",\"name\":\"topsoft Fachmesse wird auf Juni 2022 verschoben - Organisator\",\"isPartOf\":{\"@id\":\"https:\\\/\\\/www.organisator.ch\\\/#website\"},\"primaryImageOfPage\":{\"@id\":\"https:\\\/\\\/www.organisator.ch\\\/management\\\/it\\\/2021-07-29\\\/topsoft-fachmesse-wird-auf-juni-2022-verschoben\\\/#primaryimage\"},\"image\":{\"@id\":\"https:\\\/\\\/www.organisator.ch\\\/management\\\/it\\\/2021-07-29\\\/topsoft-fachmesse-wird-auf-juni-2022-verschoben\\\/#primaryimage\"},\"thumbnailUrl\":\"https:\\\/\\\/www.organisator.ch\\\/wp-content\\\/uploads\\\/2021\\\/06\\\/IT-Fachmesse-topsoft-am-1-2-September-2021-voraussichtlich-wieder-live_Organisator.jpg\",\"datePublished\":\"2021-07-29T11:16:33+00:00\",\"description\":\"Anfangs Sommer standen die Zeichen noch gut f\u00fcr eine Durchf\u00fchrung der topsoft Fachmesse. Angesichts steigender Fallzahlen wird sie aber auf 2022 verschoben.\",\"breadcrumb\":{\"@id\":\"https:\\\/\\\/www.organisator.ch\\\/management\\\/it\\\/2021-07-29\\\/topsoft-fachmesse-wird-auf-juni-2022-verschoben\\\/#breadcrumb\"},\"inLanguage\":\"en-US\",\"potentialAction\":[{\"@type\":\"ReadAction\",\"target\":[\"https:\\\/\\\/www.organisator.ch\\\/management\\\/it\\\/2021-07-29\\\/topsoft-fachmesse-wird-auf-juni-2022-verschoben\\\/\"]}]},{\"@type\":\"ImageObject\",\"inLanguage\":\"en-US\",\"@id\":\"https:\\\/\\\/www.organisator.ch\\\/management\\\/it\\\/2021-07-29\\\/topsoft-fachmesse-wird-auf-juni-2022-verschoben\\\/#primaryimage\",\"url\":\"https:\\\/\\\/www.organisator.ch\\\/wp-content\\\/uploads\\\/2021\\\/06\\\/IT-Fachmesse-topsoft-am-1-2-September-2021-voraussichtlich-wieder-live_Organisator.jpg\",\"contentUrl\":\"https:\\\/\\\/www.organisator.ch\\\/wp-content\\\/uploads\\\/2021\\\/06\\\/IT-Fachmesse-topsoft-am-1-2-September-2021-voraussichtlich-wieder-live_Organisator.jpg\",\"width\":680,\"height\":256,\"caption\":\"Am 1.\\\/2. September 2021 wieder live in der Umweltarena Spreitenbach: Die Schweizer IT-Fachmesse topsoft.\"},{\"@type\":\"BreadcrumbList\",\"@id\":\"https:\\\/\\\/www.organisator.ch\\\/management\\\/it\\\/2021-07-29\\\/topsoft-fachmesse-wird-auf-juni-2022-verschoben\\\/#breadcrumb\",\"itemListElement\":[{\"@type\":\"ListItem\",\"position\":1,\"name\":\"Home\",\"item\":\"https:\\\/\\\/www.organisator.ch\\\/\"},{\"@type\":\"ListItem\",\"position\":2,\"name\":\"topsoft Fachmesse wird auf Juni 2022 verschoben\"}]},{\"@type\":\"WebSite\",\"@id\":\"https:\\\/\\\/www.organisator.ch\\\/#website\",\"url\":\"https:\\\/\\\/www.organisator.ch\\\/\",\"name\":\"Organisator\",\"description\":\"Kompetent. Praxisnah. Der ORGANISATOR bereitet in 10 Ausgaben pro Jahr die wesentlichen Themen f\u00fcr F\u00fchrungskr\u00e4fte von KMU auf.\",\"publisher\":{\"@id\":\"https:\\\/\\\/www.organisator.ch\\\/#organization\"},\"potentialAction\":[{\"@type\":\"SearchAction\",\"target\":{\"@type\":\"EntryPoint\",\"urlTemplate\":\"https:\\\/\\\/www.organisator.ch\\\/?s={search_term_string}\"},\"query-input\":{\"@type\":\"PropertyValueSpecification\",\"valueRequired\":true,\"valueName\":\"search_term_string\"}}],\"inLanguage\":\"en-US\"},{\"@type\":\"Organization\",\"@id\":\"https:\\\/\\\/www.organisator.ch\\\/#organization\",\"name\":\"Organisator\",\"url\":\"https:\\\/\\\/www.organisator.ch\\\/\",\"logo\":{\"@type\":\"ImageObject\",\"inLanguage\":\"en-US\",\"@id\":\"https:\\\/\\\/www.organisator.ch\\\/#\\\/schema\\\/logo\\\/image\\\/\",\"url\":\"https:\\\/\\\/www.organisator.ch\\\/wp-content\\\/uploads\\\/2022\\\/01\\\/Logo_Organisator_Website.png\",\"contentUrl\":\"https:\\\/\\\/www.organisator.ch\\\/wp-content\\\/uploads\\\/2022\\\/01\\\/Logo_Organisator_Website.png\",\"width\":800,\"height\":77,\"caption\":\"Organisator\"},\"image\":{\"@id\":\"https:\\\/\\\/www.organisator.ch\\\/#\\\/schema\\\/logo\\\/image\\\/\"},\"sameAs\":[\"https:\\\/\\\/www.facebook.com\\\/OrganisatorFachmagazin\",\"https:\\\/\\\/www.linkedin.com\\\/showcase\\\/organisator-das-magazin-fr-kmu\",\"https:\\\/\\\/www.xing.com\\\/news\\\/pages\\\/organisator-ch-695\",\"https:\\\/\\\/www.youtube.com\\\/channel\\\/UCGP2Sq0iWaZwT3BdIAQFYpw\"]},{\"@type\":\"Person\",\"@id\":\"https:\\\/\\\/www.organisator.ch\\\/#\\\/schema\\\/person\\\/6f650f90b2842cd4c0cc334b4e36f67e\",\"name\":\"thomas.berner\",\"image\":{\"@type\":\"ImageObject\",\"inLanguage\":\"en-US\",\"@id\":\"https:\\\/\\\/secure.gravatar.com\\\/avatar\\\/ac5001d2a36cb6c6cd3e50789007ffca834b477b74a2144564522e944eabff61?s=96&d=mm&r=g\",\"url\":\"https:\\\/\\\/secure.gravatar.com\\\/avatar\\\/ac5001d2a36cb6c6cd3e50789007ffca834b477b74a2144564522e944eabff61?s=96&d=mm&r=g\",\"contentUrl\":\"https:\\\/\\\/secure.gravatar.com\\\/avatar\\\/ac5001d2a36cb6c6cd3e50789007ffca834b477b74a2144564522e944eabff61?s=96&d=mm&r=g\",\"caption\":\"thomas.berner\"},\"url\":\"https:\\\/\\\/www.organisator.ch\\\/en\\\/author\\\/thomas-berner\\\/\"}]}<\/script>\n<!-- \/ Yoast SEO plugin. -->","yoast_head_json":{"title":"topsoft trade fair to be postponed until June 2022 - organizer","description":"At the beginning of the summer, the signs were still good for holding the topsoft trade fair. However, in view of rising case numbers, it will be postponed until 2022.","robots":{"index":"index","follow":"follow","max-snippet":"max-snippet:-1","max-image-preview":"max-image-preview:large","max-video-preview":"max-video-preview:-1"},"canonical":"https:\/\/www.organisator.ch\/en\/management\/it\/2021-07-29\/topsoft-fachmesse-wird-auf-juni-2022-verschoben\/","og_locale":"en_US","og_type":"article","og_title":"topsoft Fachmesse wird auf Juni 2022 verschoben","og_description":"Anfangs Sommer standen die Zeichen noch gut f\u00fcr eine Durchf\u00fchrung der topsoft Fachmesse. Angesichts steigender Fallzahlen wird sie aber auf 2022 verschoben.","og_url":"https:\/\/www.organisator.ch\/en\/management\/it\/2021-07-29\/topsoft-fachmesse-wird-auf-juni-2022-verschoben\/","og_site_name":"Organisator","article_publisher":"https:\/\/www.facebook.com\/OrganisatorFachmagazin","article_published_time":"2021-07-29T11:16:33+00:00","og_image":[{"width":680,"height":256,"url":"https:\/\/www.organisator.ch\/wp-content\/uploads\/2021\/06\/IT-Fachmesse-topsoft-am-1-2-September-2021-voraussichtlich-wieder-live_Organisator.jpg","type":"image\/jpeg"}],"author":"thomas.berner","twitter_card":"summary_large_image","twitter_title":"#topsoft Fachmesse wird auf Juni 2022 verschoben","twitter_description":"Anfangs Sommer standen die Zeichen noch gut f\u00fcr eine Durchf\u00fchrung der #topsoft Fachmesse. Angesichts steigender Fallzahlen wird sie aber auf 2022 verschoben.","twitter_image":"https:\/\/www.organisator.ch\/wp-content\/uploads\/2021\/06\/IT-Fachmesse-topsoft-am-1-2-September-2021-voraussichtlich-wieder-live_Organisator.jpg","schema":{"@context":"https:\/\/schema.org","@graph":[{"@type":"Article","@id":"https:\/\/www.organisator.ch\/management\/it\/2021-07-29\/topsoft-fachmesse-wird-auf-juni-2022-verschoben\/#article","isPartOf":{"@id":"https:\/\/www.organisator.ch\/management\/it\/2021-07-29\/topsoft-fachmesse-wird-auf-juni-2022-verschoben\/"},"author":{"name":"thomas.berner","@id":"https:\/\/www.organisator.ch\/#\/schema\/person\/6f650f90b2842cd4c0cc334b4e36f67e"},"headline":"topsoft Fachmesse wird auf Juni 2022 verschoben","datePublished":"2021-07-29T11:16:33+00:00","mainEntityOfPage":{"@id":"https:\/\/www.organisator.ch\/management\/it\/2021-07-29\/topsoft-fachmesse-wird-auf-juni-2022-verschoben\/"},"wordCount":224,"publisher":{"@id":"https:\/\/www.organisator.ch\/#organization"},"image":{"@id":"https:\/\/www.organisator.ch\/management\/it\/2021-07-29\/topsoft-fachmesse-wird-auf-juni-2022-verschoben\/#primaryimage"},"thumbnailUrl":"https:\/\/www.organisator.ch\/wp-content\/uploads\/2021\/06\/IT-Fachmesse-topsoft-am-1-2-September-2021-voraussichtlich-wieder-live_Organisator.jpg","keywords":["Fachkongress\/Fachmesse","IT","IT &amp; Business Software"],"articleSection":["IT"],"inLanguage":"en-US"},{"@type":"WebPage","@id":"https:\/\/www.organisator.ch\/management\/it\/2021-07-29\/topsoft-fachmesse-wird-auf-juni-2022-verschoben\/","url":"https:\/\/www.organisator.ch\/management\/it\/2021-07-29\/topsoft-fachmesse-wird-auf-juni-2022-verschoben\/","name":"topsoft trade fair to be postponed until June 2022 - organizer","isPartOf":{"@id":"https:\/\/www.organisator.ch\/#website"},"primaryImageOfPage":{"@id":"https:\/\/www.organisator.ch\/management\/it\/2021-07-29\/topsoft-fachmesse-wird-auf-juni-2022-verschoben\/#primaryimage"},"image":{"@id":"https:\/\/www.organisator.ch\/management\/it\/2021-07-29\/topsoft-fachmesse-wird-auf-juni-2022-verschoben\/#primaryimage"},"thumbnailUrl":"https:\/\/www.organisator.ch\/wp-content\/uploads\/2021\/06\/IT-Fachmesse-topsoft-am-1-2-September-2021-voraussichtlich-wieder-live_Organisator.jpg","datePublished":"2021-07-29T11:16:33+00:00","description":"At the beginning of the summer, the signs were still good for holding the topsoft trade fair. However, in view of rising case numbers, it will be postponed until 2022.","breadcrumb":{"@id":"https:\/\/www.organisator.ch\/management\/it\/2021-07-29\/topsoft-fachmesse-wird-auf-juni-2022-verschoben\/#breadcrumb"},"inLanguage":"en-US","potentialAction":[{"@type":"ReadAction","target":["https:\/\/www.organisator.ch\/management\/it\/2021-07-29\/topsoft-fachmesse-wird-auf-juni-2022-verschoben\/"]}]},{"@type":"ImageObject","inLanguage":"en-US","@id":"https:\/\/www.organisator.ch\/management\/it\/2021-07-29\/topsoft-fachmesse-wird-auf-juni-2022-verschoben\/#primaryimage","url":"https:\/\/www.organisator.ch\/wp-content\/uploads\/2021\/06\/IT-Fachmesse-topsoft-am-1-2-September-2021-voraussichtlich-wieder-live_Organisator.jpg","contentUrl":"https:\/\/www.organisator.ch\/wp-content\/uploads\/2021\/06\/IT-Fachmesse-topsoft-am-1-2-September-2021-voraussichtlich-wieder-live_Organisator.jpg","width":680,"height":256,"caption":"Am 1.\/2. September 2021 wieder live in der Umweltarena Spreitenbach: Die Schweizer IT-Fachmesse topsoft."},{"@type":"BreadcrumbList","@id":"https:\/\/www.organisator.ch\/management\/it\/2021-07-29\/topsoft-fachmesse-wird-auf-juni-2022-verschoben\/#breadcrumb","itemListElement":[{"@type":"ListItem","position":1,"name":"Home","item":"https:\/\/www.organisator.ch\/"},{"@type":"ListItem","position":2,"name":"topsoft Fachmesse wird auf Juni 2022 verschoben"}]},{"@type":"WebSite","@id":"https:\/\/www.organisator.ch\/#website","url":"https:\/\/www.organisator.ch\/","name":"Organizer","description":"Competent. Practical. In 10 issues per year, ORGANISATOR presents the essential topics for managers of SMEs.","publisher":{"@id":"https:\/\/www.organisator.ch\/#organization"},"potentialAction":[{"@type":"SearchAction","target":{"@type":"EntryPoint","urlTemplate":"https:\/\/www.organisator.ch\/?s={search_term_string}"},"query-input":{"@type":"PropertyValueSpecification","valueRequired":true,"valueName":"search_term_string"}}],"inLanguage":"en-US"},{"@type":"Organization","@id":"https:\/\/www.organisator.ch\/#organization","name":"Organizer","url":"https:\/\/www.organisator.ch\/","logo":{"@type":"ImageObject","inLanguage":"en-US","@id":"https:\/\/www.organisator.ch\/#\/schema\/logo\/image\/","url":"https:\/\/www.organisator.ch\/wp-content\/uploads\/2022\/01\/Logo_Organisator_Website.png","contentUrl":"https:\/\/www.organisator.ch\/wp-content\/uploads\/2022\/01\/Logo_Organisator_Website.png","width":800,"height":77,"caption":"Organisator"},"image":{"@id":"https:\/\/www.organisator.ch\/#\/schema\/logo\/image\/"},"sameAs":["https:\/\/www.facebook.com\/OrganisatorFachmagazin","https:\/\/www.linkedin.com\/showcase\/organisator-das-magazin-fr-kmu","https:\/\/www.xing.com\/news\/pages\/organisator-ch-695","https:\/\/www.youtube.com\/channel\/UCGP2Sq0iWaZwT3BdIAQFYpw"]},{"@type":"Person","@id":"https:\/\/www.organisator.ch\/#\/schema\/person\/6f650f90b2842cd4c0cc334b4e36f67e","name":"thomas.berner","image":{"@type":"ImageObject","inLanguage":"en-US","@id":"https:\/\/secure.gravatar.com\/avatar\/ac5001d2a36cb6c6cd3e50789007ffca834b477b74a2144564522e944eabff61?s=96&d=mm&r=g","url":"https:\/\/secure.gravatar.com\/avatar\/ac5001d2a36cb6c6cd3e50789007ffca834b477b74a2144564522e944eabff61?s=96&d=mm&r=g","contentUrl":"https:\/\/secure.gravatar.com\/avatar\/ac5001d2a36cb6c6cd3e50789007ffca834b477b74a2144564522e944eabff61?s=96&d=mm&r=g","caption":"thomas.berner"},"url":"https:\/\/www.organisator.ch\/en\/author\/thomas-berner\/"}]}},"_links":{"self":[{"href":"https:\/\/www.organisator.ch\/en\/wp-json\/wp\/v2\/posts\/8328","targetHints":{"allow":["GET"]}}],"collection":[{"href":"https:\/\/www.organisator.ch\/en\/wp-json\/wp\/v2\/posts"}],"about":[{"href":"https:\/\/www.organisator.ch\/en\/wp-json\/wp\/v2\/types\/post"}],"author":[{"embeddable":true,"href":"https:\/\/www.organisator.ch\/en\/wp-json\/wp\/v2\/users\/4"}],"replies":[{"embeddable":true,"href":"https:\/\/www.organisator.ch\/en\/wp-json\/wp\/v2\/comments?post=8328"}],"version-history":[{"count":0,"href":"https:\/\/www.organisator.ch\/en\/wp-json\/wp\/v2\/posts\/8328\/revisions"}],"wp:featuredmedia":[{"embeddable":true,"href":"https:\/\/www.organisator.ch\/en\/wp-json\/wp\/v2\/media\/8106"}],"wp:attachment":[{"href":"https:\/\/www.organisator.ch\/en\/wp-json\/wp\/v2\/media?parent=8328"}],"wp:term":[{"taxonomy":"category","embeddable":true,"href":"https:\/\/www.organisator.ch\/en\/wp-json\/wp\/v2\/categories?post=8328"},{"taxonomy":"post_tag","embeddable":true,"href":"https:\/\/www.organisator.ch\/en\/wp-json\/wp\/v2\/tags?post=8328"}],"curies":[{"name":"wp","href":"https:\/\/api.w.org\/{rel}","templated":true}]}}