{"id":8351,"date":"2021-08-05T14:03:15","date_gmt":"2021-08-05T12:03:15","guid":{"rendered":"https:\/\/www.organisator.ch\/?p=8351"},"modified":"2021-08-05T14:03:15","modified_gmt":"2021-08-05T12:03:15","slug":"buchtipp-arbeitswelt-4-0-das-kmu-der-zukunft","status":"publish","type":"post","link":"https:\/\/www.organisator.ch\/en\/management\/2021-08-05\/buchtipp-arbeitswelt-4-0-das-kmu-der-zukunft\/","title":{"rendered":"Book tip: Working World 4.0: The SME of the Future"},"content":{"rendered":"<p><a href=\"https:\/\/www.organisator.ch\/wp-content\/uploads\/2021\/08\/Buchtipp-Arbeitswelt-4-0-Das-KMU-der-Zukunft_Organisator.jpg\"><img loading=\"lazy\" decoding=\"async\" class=\"alignnone size-medium wp-image-8352\" src=\"https:\/\/www.organisator.ch\/wp-content\/uploads\/2021\/08\/Buchtipp-Arbeitswelt-4-0-Das-KMU-der-Zukunft_Organisator.jpg\" alt=\"\" width=\"680\" height=\"878\" srcset=\"https:\/\/www.organisator.ch\/wp-content\/uploads\/2021\/08\/Buchtipp-Arbeitswelt-4-0-Das-KMU-der-Zukunft_Organisator.jpg 680w, https:\/\/www.organisator.ch\/wp-content\/uploads\/2021\/08\/Buchtipp-Arbeitswelt-4-0-Das-KMU-der-Zukunft_Organisator-9x12.jpg 9w, https:\/\/www.organisator.ch\/wp-content\/uploads\/2021\/08\/Buchtipp-Arbeitswelt-4-0-Das-KMU-der-Zukunft_Organisator-136x175.jpg 136w, https:\/\/www.organisator.ch\/wp-content\/uploads\/2021\/08\/Buchtipp-Arbeitswelt-4-0-Das-KMU-der-Zukunft_Organisator-271x350.jpg 271w, https:\/\/www.organisator.ch\/wp-content\/uploads\/2021\/08\/Buchtipp-Arbeitswelt-4-0-Das-KMU-der-Zukunft_Organisator-620x800.jpg 620w, https:\/\/www.organisator.ch\/wp-content\/uploads\/2021\/08\/Buchtipp-Arbeitswelt-4-0-Das-KMU-der-Zukunft_Organisator-300x387.jpg 300w\" sizes=\"auto, (max-width: 680px) 100vw, 680px\" \/><\/a><\/p>\n<p>What will the SME of the future look like? How can companies change so that the working world 4.0 becomes reality? In the digital age, new strategies and tools are needed. The guidebook \"Arbeitswelt 4.0: Das KMU der Zukunft\" (Working World 4.0: The SME of the Future), published in the Beobachter edition, uses numerous practical examples to show how new, innovative business models are developed and implemented. Newer working methods such as design thinking and agile project management are explained clearly in this book.<\/p>\n<h2>Practical tips for the SME of the future<\/h2>\n<p>Transformation is above all also a cultural process. The way work is done and how people want to work is changing. That's why the guidebook also focuses on the design of the work environment, leadership and collaboration, and recruitment, and it highlights the value of a strong corporate culture in the age of social collaboration and blended and remote work.<\/p>\n<p>The book is intended as a guide for a broad readership: whether as an entrepreneur, freelancer, employer, self-employed person or manager - the practice-oriented work introduces readers to the working world 4.0 as an interplay of people, technologies and working environments. The content focuses on:<\/p>\n<ul>\n<li>What is digital transformation and what do I need to consider for my company? With step-by-step instructions for the transition to the working world 4.0<\/li>\n<li>The future of recruiting and personnel management: Which competencies are important? How do I recruit? Social media, mobile recruiting? And once you have found your employees: How do I lead in the working world 4.0?<\/li>\n<li>Where and when do my employees and I work? Everything about the flexible workplace, home office and modern working time arrangements<\/li>\n<li>Virtual collaboration: Many useful tools for digital meetings, IT-supported communication, social collaboration, and answers to questions about data protection and IT security.<\/li>\n<li>Legal framework including sample clauses for employment contracts with your homeworkers<\/li>\n<\/ul>\n<h2>The authors<\/h2>\n<p>Nicole Kr\u00e4ttli is a multimedia journalist and book author. As part of her journalistic work, she regularly deals with the digitalization of the working world and the economic, social and legal consequences arising from these changes. Marc K. Peter is a professor at the FHNW School of Business and has supported many companies with their digital strategies and projects. His topics include digital transformation, IT security and the working world 4.0. He is also co-author of the book \"<a href=\"https:\/\/www.organisator.ch\/it-sicherheit-fuer-kmu-neues-buch-gibt-praktische-tipps\/\">IT security for SMEs<\/a>\" from the same publisher.<\/p>\n<p><strong><em>Working world 4.0<\/em><\/strong><br \/>\n<em>Nicole Kr\u00e4ttli, Marc K. Peter<\/em><br \/>\n<em>232 pages, softcover,<\/em><br \/>\n<em>CHF 48.- , 1st edition, August 2021<\/em><br \/>\n<em>ISBN 978-3-03875-379-7<br \/>\n<a href=\"https:\/\/shop.beobachter.ch\/buchshop\/arbeit\/arbeitswelt\">Observer Edition<\/a><\/em><\/p>","protected":false},"excerpt":{"rendered":"<p>Wie sieht das KMU der Zukunft aus? Wie k\u00f6nnen Unternehmen sich ver\u00e4ndern, damit die Arbeitswelt 4.0 Realit\u00e4t wird? Im digitalen Zeitalter braucht es neue Strategien und Werkzeuge. Der in der Beobachter-Edition erschienene Ratgeber \u00abArbeitswelt 4.0: Das KMU der Zukunft\u00bb zeigt anhand zahlreicher Praxisbeispiele auf, wie neue, innovative Gesch\u00e4ftsmodelle entwickelt und implementiert werden. Neuere Arbeitsmethoden wie [&hellip;]<\/p>\n","protected":false},"author":4,"featured_media":8352,"comment_status":"closed","ping_status":"closed","sticky":false,"template":"","format":"standard","meta":{"_acf_changed":false,"_yoast_wpseo_focuskw":"KMU der Zukunft","_yoast_wpseo_metadesc":"Wie gehen KMU aktiv weitere Ver\u00e4nderungen an? Worauf m\u00fcssen sie sich vorbereiten? Das Buch \"Arbeitswelt 4.0: Das KMU der Zukunft\" liefert Praxistipps.","articlekey":"","footnotes":""},"categories":[28],"tags":[92,95,335,363],"class_list":["post-8351","post","type-post","status-publish","format-standard","has-post-thumbnail","hentry","category-management","tag-buch","tag-buchtipps","tag-management-und-unternehmensfuehrung","tag-new-work"],"acf":[],"yoast_head":"<!-- This site is optimized with the Yoast SEO plugin v27.5 - https:\/\/yoast.com\/product\/yoast-seo-wordpress\/ -->\n<title>Buchtipp: Arbeitswelt 4.0: Das KMU der Zukunft - Organisator<\/title>\n<meta name=\"description\" content=\"Wie gehen KMU aktiv weitere Ver\u00e4nderungen an? Worauf m\u00fcssen sie sich vorbereiten? Das Buch &quot;Arbeitswelt 4.0: Das KMU der Zukunft&quot; liefert Praxistipps.\" \/>\n<meta name=\"robots\" content=\"index, follow, max-snippet:-1, max-image-preview:large, max-video-preview:-1\" \/>\n<link rel=\"canonical\" href=\"https:\/\/www.organisator.ch\/en\/management\/2021-08-05\/buchtipp-arbeitswelt-4-0-das-kmu-der-zukunft\/\" \/>\n<meta property=\"og:locale\" content=\"en_US\" \/>\n<meta property=\"og:type\" content=\"article\" \/>\n<meta property=\"og:title\" content=\"Buchtipp: Arbeitswelt 4.0: Das KMU der Zukunft\" \/>\n<meta property=\"og:description\" content=\"Wie gehen KMU aktiv weitere Ver\u00e4nderungen an? Worauf m\u00fcssen sie sich vorbereiten? Das Buch &quot;Arbeitswelt 4.0: Das KMU der Zukunft&quot; liefert Praxistipps.\" \/>\n<meta property=\"og:url\" content=\"https:\/\/www.organisator.ch\/en\/management\/2021-08-05\/buchtipp-arbeitswelt-4-0-das-kmu-der-zukunft\/\" \/>\n<meta property=\"og:site_name\" content=\"Organisator\" \/>\n<meta property=\"article:publisher\" content=\"https:\/\/www.facebook.com\/OrganisatorFachmagazin\" \/>\n<meta property=\"article:published_time\" content=\"2021-08-05T12:03:15+00:00\" \/>\n<meta property=\"og:image\" content=\"https:\/\/www.organisator.ch\/wp-content\/uploads\/2021\/08\/Buchtipp-Arbeitswelt-4-0-Das-KMU-der-Zukunft_Organisator.jpg\" \/>\n\t<meta property=\"og:image:width\" content=\"680\" \/>\n\t<meta property=\"og:image:height\" content=\"878\" \/>\n\t<meta property=\"og:image:type\" content=\"image\/jpeg\" \/>\n<meta name=\"author\" content=\"thomas.berner\" \/>\n<meta name=\"twitter:card\" content=\"summary_large_image\" \/>\n<meta name=\"twitter:title\" content=\"#Buchtipp: #Arbeitswelt 4.0: Das #KMU der Zukunft\" \/>\n<meta name=\"twitter:description\" content=\"Wie gehen #KMU aktiv weitere Ver\u00e4nderungen an? Worauf m\u00fcssen sie sich vorbereiten? Das Buch &quot;#Arbeitswelt 4.0: Das KMU der Zukunft&quot; liefert #Praxistipps.\" \/>\n<meta name=\"twitter:image\" content=\"https:\/\/www.organisator.ch\/wp-content\/uploads\/2021\/08\/Buchtipp-Arbeitswelt-4-0-Das-KMU-der-Zukunft_Organisator.jpg\" \/>\n<script type=\"application\/ld+json\" class=\"yoast-schema-graph\">{\"@context\":\"https:\\\/\\\/schema.org\",\"@graph\":[{\"@type\":\"Article\",\"@id\":\"https:\\\/\\\/www.organisator.ch\\\/management\\\/2021-08-05\\\/buchtipp-arbeitswelt-4-0-das-kmu-der-zukunft\\\/#article\",\"isPartOf\":{\"@id\":\"https:\\\/\\\/www.organisator.ch\\\/management\\\/2021-08-05\\\/buchtipp-arbeitswelt-4-0-das-kmu-der-zukunft\\\/\"},\"author\":{\"name\":\"thomas.berner\",\"@id\":\"https:\\\/\\\/www.organisator.ch\\\/#\\\/schema\\\/person\\\/6f650f90b2842cd4c0cc334b4e36f67e\"},\"headline\":\"Buchtipp: Arbeitswelt 4.0: Das KMU der Zukunft\",\"datePublished\":\"2021-08-05T12:03:15+00:00\",\"mainEntityOfPage\":{\"@id\":\"https:\\\/\\\/www.organisator.ch\\\/management\\\/2021-08-05\\\/buchtipp-arbeitswelt-4-0-das-kmu-der-zukunft\\\/\"},\"wordCount\":410,\"publisher\":{\"@id\":\"https:\\\/\\\/www.organisator.ch\\\/#organization\"},\"image\":{\"@id\":\"https:\\\/\\\/www.organisator.ch\\\/management\\\/2021-08-05\\\/buchtipp-arbeitswelt-4-0-das-kmu-der-zukunft\\\/#primaryimage\"},\"thumbnailUrl\":\"https:\\\/\\\/www.organisator.ch\\\/wp-content\\\/uploads\\\/2021\\\/08\\\/Buchtipp-Arbeitswelt-4-0-Das-KMU-der-Zukunft_Organisator.jpg\",\"keywords\":[\"Buch\",\"Buchtipps\",\"Management und Unternehmensf\u00fchrung\",\"New Work\"],\"articleSection\":[\"MANAGEMENT\"],\"inLanguage\":\"en-US\"},{\"@type\":\"WebPage\",\"@id\":\"https:\\\/\\\/www.organisator.ch\\\/management\\\/2021-08-05\\\/buchtipp-arbeitswelt-4-0-das-kmu-der-zukunft\\\/\",\"url\":\"https:\\\/\\\/www.organisator.ch\\\/management\\\/2021-08-05\\\/buchtipp-arbeitswelt-4-0-das-kmu-der-zukunft\\\/\",\"name\":\"Buchtipp: Arbeitswelt 4.0: Das KMU der Zukunft - Organisator\",\"isPartOf\":{\"@id\":\"https:\\\/\\\/www.organisator.ch\\\/#website\"},\"primaryImageOfPage\":{\"@id\":\"https:\\\/\\\/www.organisator.ch\\\/management\\\/2021-08-05\\\/buchtipp-arbeitswelt-4-0-das-kmu-der-zukunft\\\/#primaryimage\"},\"image\":{\"@id\":\"https:\\\/\\\/www.organisator.ch\\\/management\\\/2021-08-05\\\/buchtipp-arbeitswelt-4-0-das-kmu-der-zukunft\\\/#primaryimage\"},\"thumbnailUrl\":\"https:\\\/\\\/www.organisator.ch\\\/wp-content\\\/uploads\\\/2021\\\/08\\\/Buchtipp-Arbeitswelt-4-0-Das-KMU-der-Zukunft_Organisator.jpg\",\"datePublished\":\"2021-08-05T12:03:15+00:00\",\"description\":\"Wie gehen KMU aktiv weitere Ver\u00e4nderungen an? Worauf m\u00fcssen sie sich vorbereiten? Das Buch \\\"Arbeitswelt 4.0: Das KMU der Zukunft\\\" liefert Praxistipps.\",\"breadcrumb\":{\"@id\":\"https:\\\/\\\/www.organisator.ch\\\/management\\\/2021-08-05\\\/buchtipp-arbeitswelt-4-0-das-kmu-der-zukunft\\\/#breadcrumb\"},\"inLanguage\":\"en-US\",\"potentialAction\":[{\"@type\":\"ReadAction\",\"target\":[\"https:\\\/\\\/www.organisator.ch\\\/management\\\/2021-08-05\\\/buchtipp-arbeitswelt-4-0-das-kmu-der-zukunft\\\/\"]}]},{\"@type\":\"ImageObject\",\"inLanguage\":\"en-US\",\"@id\":\"https:\\\/\\\/www.organisator.ch\\\/management\\\/2021-08-05\\\/buchtipp-arbeitswelt-4-0-das-kmu-der-zukunft\\\/#primaryimage\",\"url\":\"https:\\\/\\\/www.organisator.ch\\\/wp-content\\\/uploads\\\/2021\\\/08\\\/Buchtipp-Arbeitswelt-4-0-Das-KMU-der-Zukunft_Organisator.jpg\",\"contentUrl\":\"https:\\\/\\\/www.organisator.ch\\\/wp-content\\\/uploads\\\/2021\\\/08\\\/Buchtipp-Arbeitswelt-4-0-Das-KMU-der-Zukunft_Organisator.jpg\",\"width\":680,\"height\":878},{\"@type\":\"BreadcrumbList\",\"@id\":\"https:\\\/\\\/www.organisator.ch\\\/management\\\/2021-08-05\\\/buchtipp-arbeitswelt-4-0-das-kmu-der-zukunft\\\/#breadcrumb\",\"itemListElement\":[{\"@type\":\"ListItem\",\"position\":1,\"name\":\"Home\",\"item\":\"https:\\\/\\\/www.organisator.ch\\\/\"},{\"@type\":\"ListItem\",\"position\":2,\"name\":\"Buchtipp: Arbeitswelt 4.0: Das KMU der Zukunft\"}]},{\"@type\":\"WebSite\",\"@id\":\"https:\\\/\\\/www.organisator.ch\\\/#website\",\"url\":\"https:\\\/\\\/www.organisator.ch\\\/\",\"name\":\"Organisator\",\"description\":\"Kompetent. Praxisnah. Der ORGANISATOR bereitet in 10 Ausgaben pro Jahr die wesentlichen Themen f\u00fcr F\u00fchrungskr\u00e4fte von KMU auf.\",\"publisher\":{\"@id\":\"https:\\\/\\\/www.organisator.ch\\\/#organization\"},\"potentialAction\":[{\"@type\":\"SearchAction\",\"target\":{\"@type\":\"EntryPoint\",\"urlTemplate\":\"https:\\\/\\\/www.organisator.ch\\\/?s={search_term_string}\"},\"query-input\":{\"@type\":\"PropertyValueSpecification\",\"valueRequired\":true,\"valueName\":\"search_term_string\"}}],\"inLanguage\":\"en-US\"},{\"@type\":\"Organization\",\"@id\":\"https:\\\/\\\/www.organisator.ch\\\/#organization\",\"name\":\"Organisator\",\"url\":\"https:\\\/\\\/www.organisator.ch\\\/\",\"logo\":{\"@type\":\"ImageObject\",\"inLanguage\":\"en-US\",\"@id\":\"https:\\\/\\\/www.organisator.ch\\\/#\\\/schema\\\/logo\\\/image\\\/\",\"url\":\"https:\\\/\\\/www.organisator.ch\\\/wp-content\\\/uploads\\\/2022\\\/01\\\/Logo_Organisator_Website.png\",\"contentUrl\":\"https:\\\/\\\/www.organisator.ch\\\/wp-content\\\/uploads\\\/2022\\\/01\\\/Logo_Organisator_Website.png\",\"width\":800,\"height\":77,\"caption\":\"Organisator\"},\"image\":{\"@id\":\"https:\\\/\\\/www.organisator.ch\\\/#\\\/schema\\\/logo\\\/image\\\/\"},\"sameAs\":[\"https:\\\/\\\/www.facebook.com\\\/OrganisatorFachmagazin\",\"https:\\\/\\\/www.linkedin.com\\\/showcase\\\/organisator-das-magazin-fr-kmu\",\"https:\\\/\\\/www.xing.com\\\/news\\\/pages\\\/organisator-ch-695\",\"https:\\\/\\\/www.youtube.com\\\/channel\\\/UCGP2Sq0iWaZwT3BdIAQFYpw\"]},{\"@type\":\"Person\",\"@id\":\"https:\\\/\\\/www.organisator.ch\\\/#\\\/schema\\\/person\\\/6f650f90b2842cd4c0cc334b4e36f67e\",\"name\":\"thomas.berner\",\"image\":{\"@type\":\"ImageObject\",\"inLanguage\":\"en-US\",\"@id\":\"https:\\\/\\\/secure.gravatar.com\\\/avatar\\\/ac5001d2a36cb6c6cd3e50789007ffca834b477b74a2144564522e944eabff61?s=96&d=mm&r=g\",\"url\":\"https:\\\/\\\/secure.gravatar.com\\\/avatar\\\/ac5001d2a36cb6c6cd3e50789007ffca834b477b74a2144564522e944eabff61?s=96&d=mm&r=g\",\"contentUrl\":\"https:\\\/\\\/secure.gravatar.com\\\/avatar\\\/ac5001d2a36cb6c6cd3e50789007ffca834b477b74a2144564522e944eabff61?s=96&d=mm&r=g\",\"caption\":\"thomas.berner\"},\"url\":\"https:\\\/\\\/www.organisator.ch\\\/en\\\/author\\\/thomas-berner\\\/\"}]}<\/script>\n<!-- \/ Yoast SEO plugin. -->","yoast_head_json":{"title":"Book tip: Working World 4.0: The SME of the Future - Organizer","description":"How do SMEs actively tackle further changes? What do they need to prepare for? The book \"Arbeitswelt 4.0: Das KMU der Zukunft\" provides practical tips.","robots":{"index":"index","follow":"follow","max-snippet":"max-snippet:-1","max-image-preview":"max-image-preview:large","max-video-preview":"max-video-preview:-1"},"canonical":"https:\/\/www.organisator.ch\/en\/management\/2021-08-05\/buchtipp-arbeitswelt-4-0-das-kmu-der-zukunft\/","og_locale":"en_US","og_type":"article","og_title":"Buchtipp: Arbeitswelt 4.0: Das KMU der Zukunft","og_description":"Wie gehen KMU aktiv weitere Ver\u00e4nderungen an? Worauf m\u00fcssen sie sich vorbereiten? Das Buch \"Arbeitswelt 4.0: Das KMU der Zukunft\" liefert Praxistipps.","og_url":"https:\/\/www.organisator.ch\/en\/management\/2021-08-05\/buchtipp-arbeitswelt-4-0-das-kmu-der-zukunft\/","og_site_name":"Organisator","article_publisher":"https:\/\/www.facebook.com\/OrganisatorFachmagazin","article_published_time":"2021-08-05T12:03:15+00:00","og_image":[{"width":680,"height":878,"url":"https:\/\/www.organisator.ch\/wp-content\/uploads\/2021\/08\/Buchtipp-Arbeitswelt-4-0-Das-KMU-der-Zukunft_Organisator.jpg","type":"image\/jpeg"}],"author":"thomas.berner","twitter_card":"summary_large_image","twitter_title":"#Buchtipp: #Arbeitswelt 4.0: Das #KMU der Zukunft","twitter_description":"Wie gehen #KMU aktiv weitere Ver\u00e4nderungen an? Worauf m\u00fcssen sie sich vorbereiten? Das Buch \"#Arbeitswelt 4.0: Das KMU der Zukunft\" liefert #Praxistipps.","twitter_image":"https:\/\/www.organisator.ch\/wp-content\/uploads\/2021\/08\/Buchtipp-Arbeitswelt-4-0-Das-KMU-der-Zukunft_Organisator.jpg","schema":{"@context":"https:\/\/schema.org","@graph":[{"@type":"Article","@id":"https:\/\/www.organisator.ch\/management\/2021-08-05\/buchtipp-arbeitswelt-4-0-das-kmu-der-zukunft\/#article","isPartOf":{"@id":"https:\/\/www.organisator.ch\/management\/2021-08-05\/buchtipp-arbeitswelt-4-0-das-kmu-der-zukunft\/"},"author":{"name":"thomas.berner","@id":"https:\/\/www.organisator.ch\/#\/schema\/person\/6f650f90b2842cd4c0cc334b4e36f67e"},"headline":"Buchtipp: Arbeitswelt 4.0: Das KMU der Zukunft","datePublished":"2021-08-05T12:03:15+00:00","mainEntityOfPage":{"@id":"https:\/\/www.organisator.ch\/management\/2021-08-05\/buchtipp-arbeitswelt-4-0-das-kmu-der-zukunft\/"},"wordCount":410,"publisher":{"@id":"https:\/\/www.organisator.ch\/#organization"},"image":{"@id":"https:\/\/www.organisator.ch\/management\/2021-08-05\/buchtipp-arbeitswelt-4-0-das-kmu-der-zukunft\/#primaryimage"},"thumbnailUrl":"https:\/\/www.organisator.ch\/wp-content\/uploads\/2021\/08\/Buchtipp-Arbeitswelt-4-0-Das-KMU-der-Zukunft_Organisator.jpg","keywords":["Buch","Buchtipps","Management und Unternehmensf\u00fchrung","New Work"],"articleSection":["MANAGEMENT"],"inLanguage":"en-US"},{"@type":"WebPage","@id":"https:\/\/www.organisator.ch\/management\/2021-08-05\/buchtipp-arbeitswelt-4-0-das-kmu-der-zukunft\/","url":"https:\/\/www.organisator.ch\/management\/2021-08-05\/buchtipp-arbeitswelt-4-0-das-kmu-der-zukunft\/","name":"Book tip: Working World 4.0: The SME of the Future - Organizer","isPartOf":{"@id":"https:\/\/www.organisator.ch\/#website"},"primaryImageOfPage":{"@id":"https:\/\/www.organisator.ch\/management\/2021-08-05\/buchtipp-arbeitswelt-4-0-das-kmu-der-zukunft\/#primaryimage"},"image":{"@id":"https:\/\/www.organisator.ch\/management\/2021-08-05\/buchtipp-arbeitswelt-4-0-das-kmu-der-zukunft\/#primaryimage"},"thumbnailUrl":"https:\/\/www.organisator.ch\/wp-content\/uploads\/2021\/08\/Buchtipp-Arbeitswelt-4-0-Das-KMU-der-Zukunft_Organisator.jpg","datePublished":"2021-08-05T12:03:15+00:00","description":"How do SMEs actively tackle further changes? What do they need to prepare for? The book \"Arbeitswelt 4.0: Das KMU der Zukunft\" provides practical tips.","breadcrumb":{"@id":"https:\/\/www.organisator.ch\/management\/2021-08-05\/buchtipp-arbeitswelt-4-0-das-kmu-der-zukunft\/#breadcrumb"},"inLanguage":"en-US","potentialAction":[{"@type":"ReadAction","target":["https:\/\/www.organisator.ch\/management\/2021-08-05\/buchtipp-arbeitswelt-4-0-das-kmu-der-zukunft\/"]}]},{"@type":"ImageObject","inLanguage":"en-US","@id":"https:\/\/www.organisator.ch\/management\/2021-08-05\/buchtipp-arbeitswelt-4-0-das-kmu-der-zukunft\/#primaryimage","url":"https:\/\/www.organisator.ch\/wp-content\/uploads\/2021\/08\/Buchtipp-Arbeitswelt-4-0-Das-KMU-der-Zukunft_Organisator.jpg","contentUrl":"https:\/\/www.organisator.ch\/wp-content\/uploads\/2021\/08\/Buchtipp-Arbeitswelt-4-0-Das-KMU-der-Zukunft_Organisator.jpg","width":680,"height":878},{"@type":"BreadcrumbList","@id":"https:\/\/www.organisator.ch\/management\/2021-08-05\/buchtipp-arbeitswelt-4-0-das-kmu-der-zukunft\/#breadcrumb","itemListElement":[{"@type":"ListItem","position":1,"name":"Home","item":"https:\/\/www.organisator.ch\/"},{"@type":"ListItem","position":2,"name":"Buchtipp: Arbeitswelt 4.0: Das KMU der Zukunft"}]},{"@type":"WebSite","@id":"https:\/\/www.organisator.ch\/#website","url":"https:\/\/www.organisator.ch\/","name":"Organizer","description":"Competent. Practical. In 10 issues per year, ORGANISATOR presents the essential topics for managers of SMEs.","publisher":{"@id":"https:\/\/www.organisator.ch\/#organization"},"potentialAction":[{"@type":"SearchAction","target":{"@type":"EntryPoint","urlTemplate":"https:\/\/www.organisator.ch\/?s={search_term_string}"},"query-input":{"@type":"PropertyValueSpecification","valueRequired":true,"valueName":"search_term_string"}}],"inLanguage":"en-US"},{"@type":"Organization","@id":"https:\/\/www.organisator.ch\/#organization","name":"Organizer","url":"https:\/\/www.organisator.ch\/","logo":{"@type":"ImageObject","inLanguage":"en-US","@id":"https:\/\/www.organisator.ch\/#\/schema\/logo\/image\/","url":"https:\/\/www.organisator.ch\/wp-content\/uploads\/2022\/01\/Logo_Organisator_Website.png","contentUrl":"https:\/\/www.organisator.ch\/wp-content\/uploads\/2022\/01\/Logo_Organisator_Website.png","width":800,"height":77,"caption":"Organisator"},"image":{"@id":"https:\/\/www.organisator.ch\/#\/schema\/logo\/image\/"},"sameAs":["https:\/\/www.facebook.com\/OrganisatorFachmagazin","https:\/\/www.linkedin.com\/showcase\/organisator-das-magazin-fr-kmu","https:\/\/www.xing.com\/news\/pages\/organisator-ch-695","https:\/\/www.youtube.com\/channel\/UCGP2Sq0iWaZwT3BdIAQFYpw"]},{"@type":"Person","@id":"https:\/\/www.organisator.ch\/#\/schema\/person\/6f650f90b2842cd4c0cc334b4e36f67e","name":"thomas.berner","image":{"@type":"ImageObject","inLanguage":"en-US","@id":"https:\/\/secure.gravatar.com\/avatar\/ac5001d2a36cb6c6cd3e50789007ffca834b477b74a2144564522e944eabff61?s=96&d=mm&r=g","url":"https:\/\/secure.gravatar.com\/avatar\/ac5001d2a36cb6c6cd3e50789007ffca834b477b74a2144564522e944eabff61?s=96&d=mm&r=g","contentUrl":"https:\/\/secure.gravatar.com\/avatar\/ac5001d2a36cb6c6cd3e50789007ffca834b477b74a2144564522e944eabff61?s=96&d=mm&r=g","caption":"thomas.berner"},"url":"https:\/\/www.organisator.ch\/en\/author\/thomas-berner\/"}]}},"_links":{"self":[{"href":"https:\/\/www.organisator.ch\/en\/wp-json\/wp\/v2\/posts\/8351","targetHints":{"allow":["GET"]}}],"collection":[{"href":"https:\/\/www.organisator.ch\/en\/wp-json\/wp\/v2\/posts"}],"about":[{"href":"https:\/\/www.organisator.ch\/en\/wp-json\/wp\/v2\/types\/post"}],"author":[{"embeddable":true,"href":"https:\/\/www.organisator.ch\/en\/wp-json\/wp\/v2\/users\/4"}],"replies":[{"embeddable":true,"href":"https:\/\/www.organisator.ch\/en\/wp-json\/wp\/v2\/comments?post=8351"}],"version-history":[{"count":0,"href":"https:\/\/www.organisator.ch\/en\/wp-json\/wp\/v2\/posts\/8351\/revisions"}],"wp:featuredmedia":[{"embeddable":true,"href":"https:\/\/www.organisator.ch\/en\/wp-json\/wp\/v2\/media\/8352"}],"wp:attachment":[{"href":"https:\/\/www.organisator.ch\/en\/wp-json\/wp\/v2\/media?parent=8351"}],"wp:term":[{"taxonomy":"category","embeddable":true,"href":"https:\/\/www.organisator.ch\/en\/wp-json\/wp\/v2\/categories?post=8351"},{"taxonomy":"post_tag","embeddable":true,"href":"https:\/\/www.organisator.ch\/en\/wp-json\/wp\/v2\/tags?post=8351"}],"curies":[{"name":"wp","href":"https:\/\/api.w.org\/{rel}","templated":true}]}}