{"id":8365,"date":"2021-08-09T13:51:52","date_gmt":"2021-08-09T11:51:52","guid":{"rendered":"https:\/\/www.organisator.ch\/?p=8365"},"modified":"2021-08-09T13:51:52","modified_gmt":"2021-08-09T11:51:52","slug":"kmu-swiss-symposium-findet-am-2-september-statt","status":"publish","type":"post","link":"https:\/\/www.organisator.ch\/en\/allgemein\/2021-08-09\/kmu-swiss-symposium-findet-am-2-september-statt\/","title":{"rendered":"KMU Swiss Symposium will take place on September 2"},"content":{"rendered":"<figure id=\"attachment_8366\" aria-describedby=\"caption-attachment-8366\" style=\"width: 680px\" class=\"wp-caption alignnone\"><a href=\"https:\/\/www.organisator.ch\/wp-content\/uploads\/2021\/08\/KMU-Swiss-Symposium-findet-am-2-September-statt_Organisator.jpg\"><img loading=\"lazy\" decoding=\"async\" class=\"size-medium wp-image-8366\" src=\"https:\/\/www.organisator.ch\/wp-content\/uploads\/2021\/08\/KMU-Swiss-Symposium-findet-am-2-September-statt_Organisator.jpg\" alt=\"\" width=\"680\" height=\"383\" srcset=\"https:\/\/www.organisator.ch\/wp-content\/uploads\/2021\/08\/KMU-Swiss-Symposium-findet-am-2-September-statt_Organisator.jpg 680w, https:\/\/www.organisator.ch\/wp-content\/uploads\/2021\/08\/KMU-Swiss-Symposium-findet-am-2-September-statt_Organisator-18x10.jpg 18w, https:\/\/www.organisator.ch\/wp-content\/uploads\/2021\/08\/KMU-Swiss-Symposium-findet-am-2-September-statt_Organisator-311x175.jpg 311w, https:\/\/www.organisator.ch\/wp-content\/uploads\/2021\/08\/KMU-Swiss-Symposium-findet-am-2-September-statt_Organisator-621x350.jpg 621w, https:\/\/www.organisator.ch\/wp-content\/uploads\/2021\/08\/KMU-Swiss-Symposium-findet-am-2-September-statt_Organisator-300x169.jpg 300w\" sizes=\"auto, (max-width: 680px) 100vw, 680px\" \/><\/a><figcaption id=\"caption-attachment-8366\" class=\"wp-caption-text\">After the postponement, the KMU Swiss Symposium should finally be able to take place on September 2, 2021 - with the same conference program as already planned for 2020. (Image: KMU Swiss)<\/figcaption><\/figure>\n<p>At the KMU Swiss Symposium, successful personalities from various sectors and industries speak about their experiences in a practical and timely manner. They illuminate and discuss the conference topic from different perspectives on keywords such as industry, trade, money, security, law, personnel, association and sport. Due to the pandemic, the last symposium, originally planned for March 2020, could not be held.<\/p>\n<h2>KMU Swiss Symposium: Over 300 participants expected<\/h2>\n<p>The next KMU Swiss Symposium will take place on Thursday 2 September in the Campus Hall Culture + Congresses in Brugg-Windisch. This year's theme deals with the upheaval in the economy and society, which is very appropriate to what has been experienced in recent months. According to the organizers, around 300-400 participants are expected, including various guests of honor and personalities from business and politics. \"Our guests appreciate the high practical relevance of the presentations,\" says Armin Baumann, initiator of KMU Swiss<\/p>\n<h2><strong>Conference Topic: Upheaval in Economy and Society<\/strong><\/h2>\n<p>\"The only constant is change!\" is often heard. Currently, much is in upheaval or questioned. This leads to the fact that certainly an upheaval in economy and society will take place and will be accelerated by the pandemic. This will happen earlier for some people and later for others. What will be the challenges we encounter in our private, business and social environment? There will certainly be losers and winners. Those who participate will certainly belong to the second group.<\/p>\n<h2><strong>Famous personalities on stage<\/strong><\/h2>\n<p>The following entrepreneurial personalities provide lasting impressions:<\/p>\n<ul>\n<li>Werner van Gent (Co-Founder Treffpunkt Orient and Reporter SRF<\/li>\n<li>Beni Huggel (young entrepreneur and former Swiss football player)<\/li>\n<li>Atilla Vuran (Founder PONTEA AG)<\/li>\n<li>Rolf H\u00e4rdi (CTIO DB Group Management)<\/li>\n<li>Daniel Fiechter (CIO STOBAG AG, Lecturer MAS Industry 4.0, FFHS)<\/li>\n<li>Britta Pukall (Founder milani design &amp; consulting AG)<\/li>\n<li>Rafael Waber (Managing Director SwissShrimp AG)<\/li>\n<\/ul>\n<p><em>For more information on the speakers, please visit <\/em><a href=\"http:\/\/www.kmuswiss.ch\/symposium\"><em>www.kmuswiss.ch\/symposium<\/em><\/a><\/p>","protected":false},"excerpt":{"rendered":"<p>Am KMU Swiss Symposium referieren jeweils erfolgreiche Pers\u00f6nlichkeiten aus verschiedenen Bereichen und Branchen \u00fcber ihre Erfahrungen praxis- und zeitnah. Sie beleuchten und diskutieren das Tagungsthema aus verschiedenen Perspektiven zu Stichworten wie Industrie, Handel, Geld, Sicherheit, Recht, Personal, Verband und Sport. Wegen der Pandemie konnte das letzte, urspr\u00fcnglich im M\u00e4rz 2020 geplante Symposium nicht durchgef\u00fchrt werden. [&hellip;]<\/p>\n","protected":false},"author":4,"featured_media":8366,"comment_status":"closed","ping_status":"closed","sticky":false,"template":"","format":"standard","meta":{"_acf_changed":false,"_yoast_wpseo_focuskw":"KMU Swiss Symposium","_yoast_wpseo_metadesc":"Endlich wird das langgeplante KMU Swiss Symposium zum Thema \u00abUmbruch in Wirtschaft und Gesellschaft\u00bb am 2. September 2021 durchgef\u00fchrt werden k\u00f6nnen.","articlekey":"","footnotes":""},"categories":[1],"tags":[320,335,502,531],"class_list":["post-8365","post","type-post","status-publish","format-standard","has-post-thumbnail","hentry","category-allgemein","tag-leadership","tag-management-und-unternehmensfuehrung","tag-veranstaltungen","tag-wirtschaftspolitik"],"acf":[],"yoast_head":"<!-- This site is optimized with the Yoast SEO plugin v27.5 - https:\/\/yoast.com\/product\/yoast-seo-wordpress\/ -->\n<title>KMU Swiss Symposium findet am 2. September statt - Organisator<\/title>\n<meta name=\"description\" content=\"Endlich wird das langgeplante KMU Swiss Symposium zum Thema \u00abUmbruch in Wirtschaft und Gesellschaft\u00bb am 2. September 2021 durchgef\u00fchrt werden k\u00f6nnen.\" \/>\n<meta name=\"robots\" content=\"index, follow, max-snippet:-1, max-image-preview:large, max-video-preview:-1\" \/>\n<link rel=\"canonical\" href=\"https:\/\/www.organisator.ch\/en\/general\/2021-08-09\/kmu-swiss-symposium-findet-am-2-september-statt\/\" \/>\n<meta property=\"og:locale\" content=\"en_US\" \/>\n<meta property=\"og:type\" content=\"article\" \/>\n<meta property=\"og:title\" content=\"KMU Swiss Symposium findet am 2. September statt\" \/>\n<meta property=\"og:description\" content=\"Endlich wird das langgeplante KMU Swiss Symposium zum Thema \u00abUmbruch in Wirtschaft und Gesellschaft\u00bb am 2. September 2021 durchgef\u00fchrt werden k\u00f6nnen.\" \/>\n<meta property=\"og:url\" content=\"https:\/\/www.organisator.ch\/en\/general\/2021-08-09\/kmu-swiss-symposium-findet-am-2-september-statt\/\" \/>\n<meta property=\"og:site_name\" content=\"Organisator\" \/>\n<meta property=\"article:publisher\" content=\"https:\/\/www.facebook.com\/OrganisatorFachmagazin\" \/>\n<meta property=\"article:published_time\" content=\"2021-08-09T11:51:52+00:00\" \/>\n<meta property=\"og:image\" content=\"https:\/\/www.organisator.ch\/wp-content\/uploads\/2021\/08\/KMU-Swiss-Symposium-findet-am-2-September-statt_Organisator.jpg\" \/>\n\t<meta property=\"og:image:width\" content=\"680\" \/>\n\t<meta property=\"og:image:height\" content=\"383\" \/>\n\t<meta property=\"og:image:type\" content=\"image\/jpeg\" \/>\n<meta name=\"author\" content=\"thomas.berner\" \/>\n<meta name=\"twitter:card\" content=\"summary_large_image\" \/>\n<meta name=\"twitter:title\" content=\"#KMUSwiss Symposium findet am 2. September statt\" \/>\n<meta name=\"twitter:description\" content=\"Endlich wird das langgeplante #KMUSwiss Symposium zum Thema \u00abUmbruch in Wirtschaft und Gesellschaft\u00bb am 2. September 2021 durchgef\u00fchrt werden k\u00f6nnen.\" \/>\n<meta name=\"twitter:image\" content=\"https:\/\/www.organisator.ch\/wp-content\/uploads\/2021\/08\/KMU-Swiss-Symposium-findet-am-2-September-statt_Organisator.jpg\" \/>\n<script type=\"application\/ld+json\" class=\"yoast-schema-graph\">{\"@context\":\"https:\\\/\\\/schema.org\",\"@graph\":[{\"@type\":\"Article\",\"@id\":\"https:\\\/\\\/www.organisator.ch\\\/en\\\/general\\\/2021-08-09\\\/kmu-swiss-symposium-findet-am-2-september-statt\\\/#article\",\"isPartOf\":{\"@id\":\"https:\\\/\\\/www.organisator.ch\\\/en\\\/general\\\/2021-08-09\\\/kmu-swiss-symposium-findet-am-2-september-statt\\\/\"},\"author\":{\"name\":\"thomas.berner\",\"@id\":\"https:\\\/\\\/www.organisator.ch\\\/#\\\/schema\\\/person\\\/6f650f90b2842cd4c0cc334b4e36f67e\"},\"headline\":\"KMU Swiss Symposium findet am 2. September statt\",\"datePublished\":\"2021-08-09T11:51:52+00:00\",\"mainEntityOfPage\":{\"@id\":\"https:\\\/\\\/www.organisator.ch\\\/en\\\/general\\\/2021-08-09\\\/kmu-swiss-symposium-findet-am-2-september-statt\\\/\"},\"wordCount\":352,\"publisher\":{\"@id\":\"https:\\\/\\\/www.organisator.ch\\\/#organization\"},\"image\":{\"@id\":\"https:\\\/\\\/www.organisator.ch\\\/en\\\/general\\\/2021-08-09\\\/kmu-swiss-symposium-findet-am-2-september-statt\\\/#primaryimage\"},\"thumbnailUrl\":\"https:\\\/\\\/www.organisator.ch\\\/wp-content\\\/uploads\\\/2021\\\/08\\\/KMU-Swiss-Symposium-findet-am-2-September-statt_Organisator.jpg\",\"keywords\":[\"Leadership\",\"Management und Unternehmensf\u00fchrung\",\"Veranstaltungen\",\"Wirtschaftspolitik\"],\"articleSection\":[\"Allgemein\"],\"inLanguage\":\"en-US\"},{\"@type\":\"WebPage\",\"@id\":\"https:\\\/\\\/www.organisator.ch\\\/en\\\/general\\\/2021-08-09\\\/kmu-swiss-symposium-findet-am-2-september-statt\\\/\",\"url\":\"https:\\\/\\\/www.organisator.ch\\\/en\\\/general\\\/2021-08-09\\\/kmu-swiss-symposium-findet-am-2-september-statt\\\/\",\"name\":\"KMU Swiss Symposium findet am 2. September statt - Organisator\",\"isPartOf\":{\"@id\":\"https:\\\/\\\/www.organisator.ch\\\/#website\"},\"primaryImageOfPage\":{\"@id\":\"https:\\\/\\\/www.organisator.ch\\\/en\\\/general\\\/2021-08-09\\\/kmu-swiss-symposium-findet-am-2-september-statt\\\/#primaryimage\"},\"image\":{\"@id\":\"https:\\\/\\\/www.organisator.ch\\\/en\\\/general\\\/2021-08-09\\\/kmu-swiss-symposium-findet-am-2-september-statt\\\/#primaryimage\"},\"thumbnailUrl\":\"https:\\\/\\\/www.organisator.ch\\\/wp-content\\\/uploads\\\/2021\\\/08\\\/KMU-Swiss-Symposium-findet-am-2-September-statt_Organisator.jpg\",\"datePublished\":\"2021-08-09T11:51:52+00:00\",\"description\":\"Endlich wird das langgeplante KMU Swiss Symposium zum Thema \u00abUmbruch in Wirtschaft und Gesellschaft\u00bb am 2. September 2021 durchgef\u00fchrt werden k\u00f6nnen.\",\"breadcrumb\":{\"@id\":\"https:\\\/\\\/www.organisator.ch\\\/en\\\/general\\\/2021-08-09\\\/kmu-swiss-symposium-findet-am-2-september-statt\\\/#breadcrumb\"},\"inLanguage\":\"en-US\",\"potentialAction\":[{\"@type\":\"ReadAction\",\"target\":[\"https:\\\/\\\/www.organisator.ch\\\/en\\\/general\\\/2021-08-09\\\/kmu-swiss-symposium-findet-am-2-september-statt\\\/\"]}]},{\"@type\":\"ImageObject\",\"inLanguage\":\"en-US\",\"@id\":\"https:\\\/\\\/www.organisator.ch\\\/en\\\/general\\\/2021-08-09\\\/kmu-swiss-symposium-findet-am-2-september-statt\\\/#primaryimage\",\"url\":\"https:\\\/\\\/www.organisator.ch\\\/wp-content\\\/uploads\\\/2021\\\/08\\\/KMU-Swiss-Symposium-findet-am-2-September-statt_Organisator.jpg\",\"contentUrl\":\"https:\\\/\\\/www.organisator.ch\\\/wp-content\\\/uploads\\\/2021\\\/08\\\/KMU-Swiss-Symposium-findet-am-2-September-statt_Organisator.jpg\",\"width\":680,\"height\":383,\"caption\":\"Nach der Verschiebung soll das KMU Swiss Symposium am 2. September 2021 endlich stattfinden k\u00f6nnen - mit dem gleichen Tagungsprogramm wie schon 2020 vorgesehen. (Bild: KMU Swiss)\"},{\"@type\":\"BreadcrumbList\",\"@id\":\"https:\\\/\\\/www.organisator.ch\\\/en\\\/general\\\/2021-08-09\\\/kmu-swiss-symposium-findet-am-2-september-statt\\\/#breadcrumb\",\"itemListElement\":[{\"@type\":\"ListItem\",\"position\":1,\"name\":\"Home\",\"item\":\"https:\\\/\\\/www.organisator.ch\\\/\"},{\"@type\":\"ListItem\",\"position\":2,\"name\":\"KMU Swiss Symposium findet am 2. September statt\"}]},{\"@type\":\"WebSite\",\"@id\":\"https:\\\/\\\/www.organisator.ch\\\/#website\",\"url\":\"https:\\\/\\\/www.organisator.ch\\\/\",\"name\":\"Organisator\",\"description\":\"Kompetent. Praxisnah. Der ORGANISATOR bereitet in 10 Ausgaben pro Jahr die wesentlichen Themen f\u00fcr F\u00fchrungskr\u00e4fte von KMU auf.\",\"publisher\":{\"@id\":\"https:\\\/\\\/www.organisator.ch\\\/#organization\"},\"potentialAction\":[{\"@type\":\"SearchAction\",\"target\":{\"@type\":\"EntryPoint\",\"urlTemplate\":\"https:\\\/\\\/www.organisator.ch\\\/?s={search_term_string}\"},\"query-input\":{\"@type\":\"PropertyValueSpecification\",\"valueRequired\":true,\"valueName\":\"search_term_string\"}}],\"inLanguage\":\"en-US\"},{\"@type\":\"Organization\",\"@id\":\"https:\\\/\\\/www.organisator.ch\\\/#organization\",\"name\":\"Organisator\",\"url\":\"https:\\\/\\\/www.organisator.ch\\\/\",\"logo\":{\"@type\":\"ImageObject\",\"inLanguage\":\"en-US\",\"@id\":\"https:\\\/\\\/www.organisator.ch\\\/#\\\/schema\\\/logo\\\/image\\\/\",\"url\":\"https:\\\/\\\/www.organisator.ch\\\/wp-content\\\/uploads\\\/2022\\\/01\\\/Logo_Organisator_Website.png\",\"contentUrl\":\"https:\\\/\\\/www.organisator.ch\\\/wp-content\\\/uploads\\\/2022\\\/01\\\/Logo_Organisator_Website.png\",\"width\":800,\"height\":77,\"caption\":\"Organisator\"},\"image\":{\"@id\":\"https:\\\/\\\/www.organisator.ch\\\/#\\\/schema\\\/logo\\\/image\\\/\"},\"sameAs\":[\"https:\\\/\\\/www.facebook.com\\\/OrganisatorFachmagazin\",\"https:\\\/\\\/www.linkedin.com\\\/showcase\\\/organisator-das-magazin-fr-kmu\",\"https:\\\/\\\/www.xing.com\\\/news\\\/pages\\\/organisator-ch-695\",\"https:\\\/\\\/www.youtube.com\\\/channel\\\/UCGP2Sq0iWaZwT3BdIAQFYpw\"]},{\"@type\":\"Person\",\"@id\":\"https:\\\/\\\/www.organisator.ch\\\/#\\\/schema\\\/person\\\/6f650f90b2842cd4c0cc334b4e36f67e\",\"name\":\"thomas.berner\",\"image\":{\"@type\":\"ImageObject\",\"inLanguage\":\"en-US\",\"@id\":\"https:\\\/\\\/secure.gravatar.com\\\/avatar\\\/ac5001d2a36cb6c6cd3e50789007ffca834b477b74a2144564522e944eabff61?s=96&d=mm&r=g\",\"url\":\"https:\\\/\\\/secure.gravatar.com\\\/avatar\\\/ac5001d2a36cb6c6cd3e50789007ffca834b477b74a2144564522e944eabff61?s=96&d=mm&r=g\",\"contentUrl\":\"https:\\\/\\\/secure.gravatar.com\\\/avatar\\\/ac5001d2a36cb6c6cd3e50789007ffca834b477b74a2144564522e944eabff61?s=96&d=mm&r=g\",\"caption\":\"thomas.berner\"},\"url\":\"https:\\\/\\\/www.organisator.ch\\\/en\\\/author\\\/thomas-berner\\\/\"}]}<\/script>\n<!-- \/ Yoast SEO plugin. -->","yoast_head_json":{"title":"KMU Swiss Symposium will take place on September 2 - organizer","description":"Finally, the long-planned KMU Swiss Symposium on the topic of \"Upheaval in Business and Society\" will be able to take place on September 2, 2021.","robots":{"index":"index","follow":"follow","max-snippet":"max-snippet:-1","max-image-preview":"max-image-preview:large","max-video-preview":"max-video-preview:-1"},"canonical":"https:\/\/www.organisator.ch\/en\/general\/2021-08-09\/kmu-swiss-symposium-findet-am-2-september-statt\/","og_locale":"en_US","og_type":"article","og_title":"KMU Swiss Symposium findet am 2. September statt","og_description":"Endlich wird das langgeplante KMU Swiss Symposium zum Thema \u00abUmbruch in Wirtschaft und Gesellschaft\u00bb am 2. September 2021 durchgef\u00fchrt werden k\u00f6nnen.","og_url":"https:\/\/www.organisator.ch\/en\/general\/2021-08-09\/kmu-swiss-symposium-findet-am-2-september-statt\/","og_site_name":"Organisator","article_publisher":"https:\/\/www.facebook.com\/OrganisatorFachmagazin","article_published_time":"2021-08-09T11:51:52+00:00","og_image":[{"width":680,"height":383,"url":"https:\/\/www.organisator.ch\/wp-content\/uploads\/2021\/08\/KMU-Swiss-Symposium-findet-am-2-September-statt_Organisator.jpg","type":"image\/jpeg"}],"author":"thomas.berner","twitter_card":"summary_large_image","twitter_title":"#KMUSwiss Symposium findet am 2. September statt","twitter_description":"Endlich wird das langgeplante #KMUSwiss Symposium zum Thema \u00abUmbruch in Wirtschaft und Gesellschaft\u00bb am 2. September 2021 durchgef\u00fchrt werden k\u00f6nnen.","twitter_image":"https:\/\/www.organisator.ch\/wp-content\/uploads\/2021\/08\/KMU-Swiss-Symposium-findet-am-2-September-statt_Organisator.jpg","schema":{"@context":"https:\/\/schema.org","@graph":[{"@type":"Article","@id":"https:\/\/www.organisator.ch\/en\/general\/2021-08-09\/kmu-swiss-symposium-findet-am-2-september-statt\/#article","isPartOf":{"@id":"https:\/\/www.organisator.ch\/en\/general\/2021-08-09\/kmu-swiss-symposium-findet-am-2-september-statt\/"},"author":{"name":"thomas.berner","@id":"https:\/\/www.organisator.ch\/#\/schema\/person\/6f650f90b2842cd4c0cc334b4e36f67e"},"headline":"KMU Swiss Symposium findet am 2. September statt","datePublished":"2021-08-09T11:51:52+00:00","mainEntityOfPage":{"@id":"https:\/\/www.organisator.ch\/en\/general\/2021-08-09\/kmu-swiss-symposium-findet-am-2-september-statt\/"},"wordCount":352,"publisher":{"@id":"https:\/\/www.organisator.ch\/#organization"},"image":{"@id":"https:\/\/www.organisator.ch\/en\/general\/2021-08-09\/kmu-swiss-symposium-findet-am-2-september-statt\/#primaryimage"},"thumbnailUrl":"https:\/\/www.organisator.ch\/wp-content\/uploads\/2021\/08\/KMU-Swiss-Symposium-findet-am-2-September-statt_Organisator.jpg","keywords":["Leadership","Management und Unternehmensf\u00fchrung","Veranstaltungen","Wirtschaftspolitik"],"articleSection":["Allgemein"],"inLanguage":"en-US"},{"@type":"WebPage","@id":"https:\/\/www.organisator.ch\/en\/general\/2021-08-09\/kmu-swiss-symposium-findet-am-2-september-statt\/","url":"https:\/\/www.organisator.ch\/en\/general\/2021-08-09\/kmu-swiss-symposium-findet-am-2-september-statt\/","name":"KMU Swiss Symposium will take place on September 2 - organizer","isPartOf":{"@id":"https:\/\/www.organisator.ch\/#website"},"primaryImageOfPage":{"@id":"https:\/\/www.organisator.ch\/en\/general\/2021-08-09\/kmu-swiss-symposium-findet-am-2-september-statt\/#primaryimage"},"image":{"@id":"https:\/\/www.organisator.ch\/en\/general\/2021-08-09\/kmu-swiss-symposium-findet-am-2-september-statt\/#primaryimage"},"thumbnailUrl":"https:\/\/www.organisator.ch\/wp-content\/uploads\/2021\/08\/KMU-Swiss-Symposium-findet-am-2-September-statt_Organisator.jpg","datePublished":"2021-08-09T11:51:52+00:00","description":"Finally, the long-planned KMU Swiss Symposium on the topic of \"Upheaval in Business and Society\" will be able to take place on September 2, 2021.","breadcrumb":{"@id":"https:\/\/www.organisator.ch\/en\/general\/2021-08-09\/kmu-swiss-symposium-findet-am-2-september-statt\/#breadcrumb"},"inLanguage":"en-US","potentialAction":[{"@type":"ReadAction","target":["https:\/\/www.organisator.ch\/en\/general\/2021-08-09\/kmu-swiss-symposium-findet-am-2-september-statt\/"]}]},{"@type":"ImageObject","inLanguage":"en-US","@id":"https:\/\/www.organisator.ch\/en\/general\/2021-08-09\/kmu-swiss-symposium-findet-am-2-september-statt\/#primaryimage","url":"https:\/\/www.organisator.ch\/wp-content\/uploads\/2021\/08\/KMU-Swiss-Symposium-findet-am-2-September-statt_Organisator.jpg","contentUrl":"https:\/\/www.organisator.ch\/wp-content\/uploads\/2021\/08\/KMU-Swiss-Symposium-findet-am-2-September-statt_Organisator.jpg","width":680,"height":383,"caption":"Nach der Verschiebung soll das KMU Swiss Symposium am 2. September 2021 endlich stattfinden k\u00f6nnen - mit dem gleichen Tagungsprogramm wie schon 2020 vorgesehen. (Bild: KMU Swiss)"},{"@type":"BreadcrumbList","@id":"https:\/\/www.organisator.ch\/en\/general\/2021-08-09\/kmu-swiss-symposium-findet-am-2-september-statt\/#breadcrumb","itemListElement":[{"@type":"ListItem","position":1,"name":"Home","item":"https:\/\/www.organisator.ch\/"},{"@type":"ListItem","position":2,"name":"KMU Swiss Symposium findet am 2. September statt"}]},{"@type":"WebSite","@id":"https:\/\/www.organisator.ch\/#website","url":"https:\/\/www.organisator.ch\/","name":"Organizer","description":"Competent. Practical. In 10 issues per year, ORGANISATOR presents the essential topics for managers of SMEs.","publisher":{"@id":"https:\/\/www.organisator.ch\/#organization"},"potentialAction":[{"@type":"SearchAction","target":{"@type":"EntryPoint","urlTemplate":"https:\/\/www.organisator.ch\/?s={search_term_string}"},"query-input":{"@type":"PropertyValueSpecification","valueRequired":true,"valueName":"search_term_string"}}],"inLanguage":"en-US"},{"@type":"Organization","@id":"https:\/\/www.organisator.ch\/#organization","name":"Organizer","url":"https:\/\/www.organisator.ch\/","logo":{"@type":"ImageObject","inLanguage":"en-US","@id":"https:\/\/www.organisator.ch\/#\/schema\/logo\/image\/","url":"https:\/\/www.organisator.ch\/wp-content\/uploads\/2022\/01\/Logo_Organisator_Website.png","contentUrl":"https:\/\/www.organisator.ch\/wp-content\/uploads\/2022\/01\/Logo_Organisator_Website.png","width":800,"height":77,"caption":"Organisator"},"image":{"@id":"https:\/\/www.organisator.ch\/#\/schema\/logo\/image\/"},"sameAs":["https:\/\/www.facebook.com\/OrganisatorFachmagazin","https:\/\/www.linkedin.com\/showcase\/organisator-das-magazin-fr-kmu","https:\/\/www.xing.com\/news\/pages\/organisator-ch-695","https:\/\/www.youtube.com\/channel\/UCGP2Sq0iWaZwT3BdIAQFYpw"]},{"@type":"Person","@id":"https:\/\/www.organisator.ch\/#\/schema\/person\/6f650f90b2842cd4c0cc334b4e36f67e","name":"thomas.berner","image":{"@type":"ImageObject","inLanguage":"en-US","@id":"https:\/\/secure.gravatar.com\/avatar\/ac5001d2a36cb6c6cd3e50789007ffca834b477b74a2144564522e944eabff61?s=96&d=mm&r=g","url":"https:\/\/secure.gravatar.com\/avatar\/ac5001d2a36cb6c6cd3e50789007ffca834b477b74a2144564522e944eabff61?s=96&d=mm&r=g","contentUrl":"https:\/\/secure.gravatar.com\/avatar\/ac5001d2a36cb6c6cd3e50789007ffca834b477b74a2144564522e944eabff61?s=96&d=mm&r=g","caption":"thomas.berner"},"url":"https:\/\/www.organisator.ch\/en\/author\/thomas-berner\/"}]}},"_links":{"self":[{"href":"https:\/\/www.organisator.ch\/en\/wp-json\/wp\/v2\/posts\/8365","targetHints":{"allow":["GET"]}}],"collection":[{"href":"https:\/\/www.organisator.ch\/en\/wp-json\/wp\/v2\/posts"}],"about":[{"href":"https:\/\/www.organisator.ch\/en\/wp-json\/wp\/v2\/types\/post"}],"author":[{"embeddable":true,"href":"https:\/\/www.organisator.ch\/en\/wp-json\/wp\/v2\/users\/4"}],"replies":[{"embeddable":true,"href":"https:\/\/www.organisator.ch\/en\/wp-json\/wp\/v2\/comments?post=8365"}],"version-history":[{"count":0,"href":"https:\/\/www.organisator.ch\/en\/wp-json\/wp\/v2\/posts\/8365\/revisions"}],"wp:featuredmedia":[{"embeddable":true,"href":"https:\/\/www.organisator.ch\/en\/wp-json\/wp\/v2\/media\/8366"}],"wp:attachment":[{"href":"https:\/\/www.organisator.ch\/en\/wp-json\/wp\/v2\/media?parent=8365"}],"wp:term":[{"taxonomy":"category","embeddable":true,"href":"https:\/\/www.organisator.ch\/en\/wp-json\/wp\/v2\/categories?post=8365"},{"taxonomy":"post_tag","embeddable":true,"href":"https:\/\/www.organisator.ch\/en\/wp-json\/wp\/v2\/tags?post=8365"}],"curies":[{"name":"wp","href":"https:\/\/api.w.org\/{rel}","templated":true}]}}