{"id":8396,"date":"2021-08-16T09:00:59","date_gmt":"2021-08-16T07:00:59","guid":{"rendered":"https:\/\/www.organisator.ch\/?p=8396"},"modified":"2021-08-16T09:00:59","modified_gmt":"2021-08-16T07:00:59","slug":"faigle-gruppe-uebernimmt-print-more-logistics-ag","status":"publish","type":"post","link":"https:\/\/www.organisator.ch\/en\/management\/it\/2021-08-16\/faigle-gruppe-uebernimmt-print-more-logistics-ag\/","title":{"rendered":"Faigle Group takes over Print &amp; More Logistics AG"},"content":{"rendered":"<figure id=\"attachment_8397\" aria-describedby=\"caption-attachment-8397\" style=\"width: 680px\" class=\"wp-caption alignnone\"><a href=\"https:\/\/www.organisator.ch\/wp-content\/uploads\/2021\/08\/Faigle-Gruppe-uebernimmt-Print-More-Logistics-AG_Organisator.jpg\"><img loading=\"lazy\" decoding=\"async\" class=\"size-medium wp-image-8397\" src=\"https:\/\/www.organisator.ch\/wp-content\/uploads\/2021\/08\/Faigle-Gruppe-uebernimmt-Print-More-Logistics-AG_Organisator.jpg\" alt=\"\" width=\"680\" height=\"310\" srcset=\"https:\/\/www.organisator.ch\/wp-content\/uploads\/2021\/08\/Faigle-Gruppe-uebernimmt-Print-More-Logistics-AG_Organisator.jpg 680w, https:\/\/www.organisator.ch\/wp-content\/uploads\/2021\/08\/Faigle-Gruppe-uebernimmt-Print-More-Logistics-AG_Organisator-18x8.jpg 18w, https:\/\/www.organisator.ch\/wp-content\/uploads\/2021\/08\/Faigle-Gruppe-uebernimmt-Print-More-Logistics-AG_Organisator-375x171.jpg 375w, https:\/\/www.organisator.ch\/wp-content\/uploads\/2021\/08\/Faigle-Gruppe-uebernimmt-Print-More-Logistics-AG_Organisator-300x137.jpg 300w\" sizes=\"auto, (max-width: 680px) 100vw, 680px\" \/><\/a><figcaption id=\"caption-attachment-8397\" class=\"wp-caption-text\">The Faigle Group acquires Print &amp; More Logistics AG and expands its range of services in the field of data output management. (Image: zVg \/ Print &amp; More Logistics<\/figcaption><\/figure>\n<p>The Faigle Group has acquired Print &amp; More Logistics AG, based in Mellingen, effective August 1, 2021. The company, which has been in business for more than 85 years, is thus expanding the expertise and capacities of its subsidiary Couvertic AG, according to a statement issued to the media. Print &amp; More is a company with many years of experience specializing in data output management and print outsourcing. The company takes over the complete data preparation, printing and machine packaging as well as the mailing of all kinds of documents for its customers. Print &amp; More Logistics AG specializes in transactional printing at a very high level of quality and security.<\/p>\n<h2>Even more safety and flexibility<\/h2>\n<p>With a second production site, Print &amp; More together with Couvertic can now offer their customers even more security and flexibility. \"During the negotiations, I was able to convince myself that the business philosophy and culture of both companies are in line. I am therefore pleased that, with this partnership, we have found a future-oriented solution for both our long-standing customers and our employees that guarantees continuity and high-quality products and services,\" says Andreas Kleeb, who founded Print &amp; More Logistics AG in 1989 and has also managed it since then.<\/p>\n<h2>In accordance with the Faigle Group guideline<\/h2>\n<p>Both companies are owner-managed Swiss enterprises. Dr. Andres Iten, Chairman of the Board of Directors and owner of the Faigle Group, adds: \"Our business maxim 'high-quality products and first-class service at interesting conditions' has proven itself to date and will continue to be the guideline by which both companies want to be measured. Andreas Kleeb will remain a member of the Board of Directors.\" As an integrative solution provider, the Faigle Group accompanies customers with what it describes as a sustainable consulting approach and targeted solutions, and guarantees efficient and effective information and output management as well as consistently excellent quality and service levels from strategic planning to operational implementation.<\/p>\n<p><a href=\"http:\/\/www.faigle.ch\"><em>Source and further information<\/em><\/a><\/p>","protected":false},"excerpt":{"rendered":"<p>Die Faigle Gruppe hat per 1. August 2021 die Print &amp; More Logistics AG mit Sitz in Mellingen \u00fcbernommen. Damit erweitert das mehr als 85 Jahre bestehende Unternehmen die Expertise und die Kapazit\u00e4ten ihrer Tochtergesellschaft Couvertic AG, wie es in einer Mitteilung an die Medien heisst. Bei Print &amp; More handelt es sich um ein [&hellip;]<\/p>\n","protected":false},"author":4,"featured_media":8397,"comment_status":"closed","ping_status":"closed","sticky":false,"template":"","format":"standard","meta":{"_acf_changed":false,"_yoast_wpseo_focuskw":"Faigle Gruppe","_yoast_wpseo_metadesc":"Per 1. August 2021 hat die Faigle Gruppe die Print & More Logistics AG in Mellingen \u00fcbernommen. Damit kommt ein zweiter Produktionsstandort hinzu.","articlekey":"","footnotes":""},"categories":[27],"tags":[145,286,492],"class_list":["post-8396","post","type-post","status-publish","format-standard","has-post-thumbnail","hentry","category-it","tag-datenmanagement","tag-it","tag-unternehmen"],"acf":[],"yoast_head":"<!-- This site is optimized with the Yoast SEO plugin v27.4 - https:\/\/yoast.com\/product\/yoast-seo-wordpress\/ -->\n<title>Faigle Gruppe \u00fcbernimmt Print &amp; More Logistics AG - Organisator<\/title>\n<meta name=\"description\" content=\"Per 1. August 2021 hat die Faigle Gruppe die Print &amp; More Logistics AG in Mellingen \u00fcbernommen. Damit kommt ein zweiter Produktionsstandort hinzu.\" \/>\n<meta name=\"robots\" content=\"index, follow, max-snippet:-1, max-image-preview:large, max-video-preview:-1\" \/>\n<link rel=\"canonical\" href=\"https:\/\/www.organisator.ch\/en\/management\/it\/2021-08-16\/faigle-gruppe-uebernimmt-print-more-logistics-ag\/\" \/>\n<meta property=\"og:locale\" content=\"en_US\" \/>\n<meta property=\"og:type\" content=\"article\" \/>\n<meta property=\"og:title\" content=\"Faigle Gruppe \u00fcbernimmt Print &amp; More Logistics AG\" \/>\n<meta property=\"og:description\" content=\"Per 1. August 2021 hat die Faigle Gruppe die Print &amp; More Logistics AG in Mellingen \u00fcbernommen. Damit kommt ein zweiter Produktionsstandort hinzu.\" \/>\n<meta property=\"og:url\" content=\"https:\/\/www.organisator.ch\/en\/management\/it\/2021-08-16\/faigle-gruppe-uebernimmt-print-more-logistics-ag\/\" \/>\n<meta property=\"og:site_name\" content=\"Organisator\" \/>\n<meta property=\"article:publisher\" content=\"https:\/\/www.facebook.com\/OrganisatorFachmagazin\" \/>\n<meta property=\"article:published_time\" content=\"2021-08-16T07:00:59+00:00\" \/>\n<meta property=\"og:image\" content=\"https:\/\/www.organisator.ch\/wp-content\/uploads\/2021\/08\/Faigle-Gruppe-uebernimmt-Print-More-Logistics-AG_Organisator.jpg\" \/>\n\t<meta property=\"og:image:width\" content=\"680\" \/>\n\t<meta property=\"og:image:height\" content=\"310\" \/>\n\t<meta property=\"og:image:type\" content=\"image\/jpeg\" \/>\n<meta name=\"author\" content=\"thomas.berner\" \/>\n<meta name=\"twitter:card\" content=\"summary_large_image\" \/>\n<meta name=\"twitter:title\" content=\"#Faigle Gruppe \u00fcbernimmt Print &amp; More Logistics AG\" \/>\n<meta name=\"twitter:description\" content=\"Per 1. August 2021 hat die #Faigle Gruppe die Print &amp; More Logistics AG in Mellingen \u00fcbernommen. Damit kommt ein zweiter Produktionsstandort hinzu.\" \/>\n<meta name=\"twitter:image\" content=\"https:\/\/www.organisator.ch\/wp-content\/uploads\/2021\/08\/Faigle-Gruppe-uebernimmt-Print-More-Logistics-AG_Organisator.jpg\" \/>\n<script type=\"application\/ld+json\" class=\"yoast-schema-graph\">{\"@context\":\"https:\\\/\\\/schema.org\",\"@graph\":[{\"@type\":\"Article\",\"@id\":\"https:\\\/\\\/www.organisator.ch\\\/management\\\/it\\\/2021-08-16\\\/faigle-gruppe-uebernimmt-print-more-logistics-ag\\\/#article\",\"isPartOf\":{\"@id\":\"https:\\\/\\\/www.organisator.ch\\\/management\\\/it\\\/2021-08-16\\\/faigle-gruppe-uebernimmt-print-more-logistics-ag\\\/\"},\"author\":{\"name\":\"thomas.berner\",\"@id\":\"https:\\\/\\\/www.organisator.ch\\\/#\\\/schema\\\/person\\\/6f650f90b2842cd4c0cc334b4e36f67e\"},\"headline\":\"Faigle Gruppe \u00fcbernimmt Print &#038; More Logistics AG\",\"datePublished\":\"2021-08-16T07:00:59+00:00\",\"mainEntityOfPage\":{\"@id\":\"https:\\\/\\\/www.organisator.ch\\\/management\\\/it\\\/2021-08-16\\\/faigle-gruppe-uebernimmt-print-more-logistics-ag\\\/\"},\"wordCount\":360,\"publisher\":{\"@id\":\"https:\\\/\\\/www.organisator.ch\\\/#organization\"},\"image\":{\"@id\":\"https:\\\/\\\/www.organisator.ch\\\/management\\\/it\\\/2021-08-16\\\/faigle-gruppe-uebernimmt-print-more-logistics-ag\\\/#primaryimage\"},\"thumbnailUrl\":\"https:\\\/\\\/www.organisator.ch\\\/wp-content\\\/uploads\\\/2021\\\/08\\\/Faigle-Gruppe-uebernimmt-Print-More-Logistics-AG_Organisator.jpg\",\"keywords\":[\"Datenmanagement\",\"IT\",\"Unternehmen\"],\"articleSection\":[\"IT\"],\"inLanguage\":\"en-US\"},{\"@type\":\"WebPage\",\"@id\":\"https:\\\/\\\/www.organisator.ch\\\/management\\\/it\\\/2021-08-16\\\/faigle-gruppe-uebernimmt-print-more-logistics-ag\\\/\",\"url\":\"https:\\\/\\\/www.organisator.ch\\\/management\\\/it\\\/2021-08-16\\\/faigle-gruppe-uebernimmt-print-more-logistics-ag\\\/\",\"name\":\"Faigle Gruppe \u00fcbernimmt Print & More Logistics AG - Organisator\",\"isPartOf\":{\"@id\":\"https:\\\/\\\/www.organisator.ch\\\/#website\"},\"primaryImageOfPage\":{\"@id\":\"https:\\\/\\\/www.organisator.ch\\\/management\\\/it\\\/2021-08-16\\\/faigle-gruppe-uebernimmt-print-more-logistics-ag\\\/#primaryimage\"},\"image\":{\"@id\":\"https:\\\/\\\/www.organisator.ch\\\/management\\\/it\\\/2021-08-16\\\/faigle-gruppe-uebernimmt-print-more-logistics-ag\\\/#primaryimage\"},\"thumbnailUrl\":\"https:\\\/\\\/www.organisator.ch\\\/wp-content\\\/uploads\\\/2021\\\/08\\\/Faigle-Gruppe-uebernimmt-Print-More-Logistics-AG_Organisator.jpg\",\"datePublished\":\"2021-08-16T07:00:59+00:00\",\"description\":\"Per 1. August 2021 hat die Faigle Gruppe die Print & More Logistics AG in Mellingen \u00fcbernommen. Damit kommt ein zweiter Produktionsstandort hinzu.\",\"breadcrumb\":{\"@id\":\"https:\\\/\\\/www.organisator.ch\\\/management\\\/it\\\/2021-08-16\\\/faigle-gruppe-uebernimmt-print-more-logistics-ag\\\/#breadcrumb\"},\"inLanguage\":\"en-US\",\"potentialAction\":[{\"@type\":\"ReadAction\",\"target\":[\"https:\\\/\\\/www.organisator.ch\\\/management\\\/it\\\/2021-08-16\\\/faigle-gruppe-uebernimmt-print-more-logistics-ag\\\/\"]}]},{\"@type\":\"ImageObject\",\"inLanguage\":\"en-US\",\"@id\":\"https:\\\/\\\/www.organisator.ch\\\/management\\\/it\\\/2021-08-16\\\/faigle-gruppe-uebernimmt-print-more-logistics-ag\\\/#primaryimage\",\"url\":\"https:\\\/\\\/www.organisator.ch\\\/wp-content\\\/uploads\\\/2021\\\/08\\\/Faigle-Gruppe-uebernimmt-Print-More-Logistics-AG_Organisator.jpg\",\"contentUrl\":\"https:\\\/\\\/www.organisator.ch\\\/wp-content\\\/uploads\\\/2021\\\/08\\\/Faigle-Gruppe-uebernimmt-Print-More-Logistics-AG_Organisator.jpg\",\"width\":680,\"height\":310,\"caption\":\"Die Faigle Gruppe \u00fcbernimmt die Print & More Logistics AG und baut das Dienstleistungsangebot im Bereich Datenoutput-Management aus. (Bild: zVg \\\/ Print & More Logistics\"},{\"@type\":\"BreadcrumbList\",\"@id\":\"https:\\\/\\\/www.organisator.ch\\\/management\\\/it\\\/2021-08-16\\\/faigle-gruppe-uebernimmt-print-more-logistics-ag\\\/#breadcrumb\",\"itemListElement\":[{\"@type\":\"ListItem\",\"position\":1,\"name\":\"Home\",\"item\":\"https:\\\/\\\/www.organisator.ch\\\/\"},{\"@type\":\"ListItem\",\"position\":2,\"name\":\"Faigle Gruppe \u00fcbernimmt Print &#038; More Logistics AG\"}]},{\"@type\":\"WebSite\",\"@id\":\"https:\\\/\\\/www.organisator.ch\\\/#website\",\"url\":\"https:\\\/\\\/www.organisator.ch\\\/\",\"name\":\"Organisator\",\"description\":\"Kompetent. Praxisnah. Der ORGANISATOR bereitet in 10 Ausgaben pro Jahr die wesentlichen Themen f\u00fcr F\u00fchrungskr\u00e4fte von KMU auf.\",\"publisher\":{\"@id\":\"https:\\\/\\\/www.organisator.ch\\\/#organization\"},\"potentialAction\":[{\"@type\":\"SearchAction\",\"target\":{\"@type\":\"EntryPoint\",\"urlTemplate\":\"https:\\\/\\\/www.organisator.ch\\\/?s={search_term_string}\"},\"query-input\":{\"@type\":\"PropertyValueSpecification\",\"valueRequired\":true,\"valueName\":\"search_term_string\"}}],\"inLanguage\":\"en-US\"},{\"@type\":\"Organization\",\"@id\":\"https:\\\/\\\/www.organisator.ch\\\/#organization\",\"name\":\"Organisator\",\"url\":\"https:\\\/\\\/www.organisator.ch\\\/\",\"logo\":{\"@type\":\"ImageObject\",\"inLanguage\":\"en-US\",\"@id\":\"https:\\\/\\\/www.organisator.ch\\\/#\\\/schema\\\/logo\\\/image\\\/\",\"url\":\"https:\\\/\\\/www.organisator.ch\\\/wp-content\\\/uploads\\\/2022\\\/01\\\/Logo_Organisator_Website.png\",\"contentUrl\":\"https:\\\/\\\/www.organisator.ch\\\/wp-content\\\/uploads\\\/2022\\\/01\\\/Logo_Organisator_Website.png\",\"width\":800,\"height\":77,\"caption\":\"Organisator\"},\"image\":{\"@id\":\"https:\\\/\\\/www.organisator.ch\\\/#\\\/schema\\\/logo\\\/image\\\/\"},\"sameAs\":[\"https:\\\/\\\/www.facebook.com\\\/OrganisatorFachmagazin\",\"https:\\\/\\\/www.linkedin.com\\\/showcase\\\/organisator-das-magazin-fr-kmu\",\"https:\\\/\\\/www.xing.com\\\/news\\\/pages\\\/organisator-ch-695\",\"https:\\\/\\\/www.youtube.com\\\/channel\\\/UCGP2Sq0iWaZwT3BdIAQFYpw\"]},{\"@type\":\"Person\",\"@id\":\"https:\\\/\\\/www.organisator.ch\\\/#\\\/schema\\\/person\\\/6f650f90b2842cd4c0cc334b4e36f67e\",\"name\":\"thomas.berner\",\"image\":{\"@type\":\"ImageObject\",\"inLanguage\":\"en-US\",\"@id\":\"https:\\\/\\\/secure.gravatar.com\\\/avatar\\\/ac5001d2a36cb6c6cd3e50789007ffca834b477b74a2144564522e944eabff61?s=96&d=mm&r=g\",\"url\":\"https:\\\/\\\/secure.gravatar.com\\\/avatar\\\/ac5001d2a36cb6c6cd3e50789007ffca834b477b74a2144564522e944eabff61?s=96&d=mm&r=g\",\"contentUrl\":\"https:\\\/\\\/secure.gravatar.com\\\/avatar\\\/ac5001d2a36cb6c6cd3e50789007ffca834b477b74a2144564522e944eabff61?s=96&d=mm&r=g\",\"caption\":\"thomas.berner\"},\"url\":\"https:\\\/\\\/www.organisator.ch\\\/en\\\/author\\\/thomas-berner\\\/\"}]}<\/script>\n<!-- \/ Yoast SEO plugin. -->","yoast_head_json":{"title":"Faigle Group takes over Print &amp; More Logistics AG - Organizer","description":"As of August 1, 2021, the Faigle Group has taken over Print &amp; More Logistics AG in Mellingen. This adds a second production site.","robots":{"index":"index","follow":"follow","max-snippet":"max-snippet:-1","max-image-preview":"max-image-preview:large","max-video-preview":"max-video-preview:-1"},"canonical":"https:\/\/www.organisator.ch\/en\/management\/it\/2021-08-16\/faigle-gruppe-uebernimmt-print-more-logistics-ag\/","og_locale":"en_US","og_type":"article","og_title":"Faigle Gruppe \u00fcbernimmt Print & More Logistics AG","og_description":"Per 1. August 2021 hat die Faigle Gruppe die Print & More Logistics AG in Mellingen \u00fcbernommen. Damit kommt ein zweiter Produktionsstandort hinzu.","og_url":"https:\/\/www.organisator.ch\/en\/management\/it\/2021-08-16\/faigle-gruppe-uebernimmt-print-more-logistics-ag\/","og_site_name":"Organisator","article_publisher":"https:\/\/www.facebook.com\/OrganisatorFachmagazin","article_published_time":"2021-08-16T07:00:59+00:00","og_image":[{"width":680,"height":310,"url":"https:\/\/www.organisator.ch\/wp-content\/uploads\/2021\/08\/Faigle-Gruppe-uebernimmt-Print-More-Logistics-AG_Organisator.jpg","type":"image\/jpeg"}],"author":"thomas.berner","twitter_card":"summary_large_image","twitter_title":"#Faigle Gruppe \u00fcbernimmt Print & More Logistics AG","twitter_description":"Per 1. August 2021 hat die #Faigle Gruppe die Print & More Logistics AG in Mellingen \u00fcbernommen. Damit kommt ein zweiter Produktionsstandort hinzu.","twitter_image":"https:\/\/www.organisator.ch\/wp-content\/uploads\/2021\/08\/Faigle-Gruppe-uebernimmt-Print-More-Logistics-AG_Organisator.jpg","schema":{"@context":"https:\/\/schema.org","@graph":[{"@type":"Article","@id":"https:\/\/www.organisator.ch\/management\/it\/2021-08-16\/faigle-gruppe-uebernimmt-print-more-logistics-ag\/#article","isPartOf":{"@id":"https:\/\/www.organisator.ch\/management\/it\/2021-08-16\/faigle-gruppe-uebernimmt-print-more-logistics-ag\/"},"author":{"name":"thomas.berner","@id":"https:\/\/www.organisator.ch\/#\/schema\/person\/6f650f90b2842cd4c0cc334b4e36f67e"},"headline":"Faigle Gruppe \u00fcbernimmt Print &#038; More Logistics AG","datePublished":"2021-08-16T07:00:59+00:00","mainEntityOfPage":{"@id":"https:\/\/www.organisator.ch\/management\/it\/2021-08-16\/faigle-gruppe-uebernimmt-print-more-logistics-ag\/"},"wordCount":360,"publisher":{"@id":"https:\/\/www.organisator.ch\/#organization"},"image":{"@id":"https:\/\/www.organisator.ch\/management\/it\/2021-08-16\/faigle-gruppe-uebernimmt-print-more-logistics-ag\/#primaryimage"},"thumbnailUrl":"https:\/\/www.organisator.ch\/wp-content\/uploads\/2021\/08\/Faigle-Gruppe-uebernimmt-Print-More-Logistics-AG_Organisator.jpg","keywords":["Datenmanagement","IT","Unternehmen"],"articleSection":["IT"],"inLanguage":"en-US"},{"@type":"WebPage","@id":"https:\/\/www.organisator.ch\/management\/it\/2021-08-16\/faigle-gruppe-uebernimmt-print-more-logistics-ag\/","url":"https:\/\/www.organisator.ch\/management\/it\/2021-08-16\/faigle-gruppe-uebernimmt-print-more-logistics-ag\/","name":"Faigle Group takes over Print &amp; More Logistics AG - Organizer","isPartOf":{"@id":"https:\/\/www.organisator.ch\/#website"},"primaryImageOfPage":{"@id":"https:\/\/www.organisator.ch\/management\/it\/2021-08-16\/faigle-gruppe-uebernimmt-print-more-logistics-ag\/#primaryimage"},"image":{"@id":"https:\/\/www.organisator.ch\/management\/it\/2021-08-16\/faigle-gruppe-uebernimmt-print-more-logistics-ag\/#primaryimage"},"thumbnailUrl":"https:\/\/www.organisator.ch\/wp-content\/uploads\/2021\/08\/Faigle-Gruppe-uebernimmt-Print-More-Logistics-AG_Organisator.jpg","datePublished":"2021-08-16T07:00:59+00:00","description":"As of August 1, 2021, the Faigle Group has taken over Print &amp; More Logistics AG in Mellingen. This adds a second production site.","breadcrumb":{"@id":"https:\/\/www.organisator.ch\/management\/it\/2021-08-16\/faigle-gruppe-uebernimmt-print-more-logistics-ag\/#breadcrumb"},"inLanguage":"en-US","potentialAction":[{"@type":"ReadAction","target":["https:\/\/www.organisator.ch\/management\/it\/2021-08-16\/faigle-gruppe-uebernimmt-print-more-logistics-ag\/"]}]},{"@type":"ImageObject","inLanguage":"en-US","@id":"https:\/\/www.organisator.ch\/management\/it\/2021-08-16\/faigle-gruppe-uebernimmt-print-more-logistics-ag\/#primaryimage","url":"https:\/\/www.organisator.ch\/wp-content\/uploads\/2021\/08\/Faigle-Gruppe-uebernimmt-Print-More-Logistics-AG_Organisator.jpg","contentUrl":"https:\/\/www.organisator.ch\/wp-content\/uploads\/2021\/08\/Faigle-Gruppe-uebernimmt-Print-More-Logistics-AG_Organisator.jpg","width":680,"height":310,"caption":"Die Faigle Gruppe \u00fcbernimmt die Print & More Logistics AG und baut das Dienstleistungsangebot im Bereich Datenoutput-Management aus. (Bild: zVg \/ Print & More Logistics"},{"@type":"BreadcrumbList","@id":"https:\/\/www.organisator.ch\/management\/it\/2021-08-16\/faigle-gruppe-uebernimmt-print-more-logistics-ag\/#breadcrumb","itemListElement":[{"@type":"ListItem","position":1,"name":"Home","item":"https:\/\/www.organisator.ch\/"},{"@type":"ListItem","position":2,"name":"Faigle Gruppe \u00fcbernimmt Print &#038; More Logistics AG"}]},{"@type":"WebSite","@id":"https:\/\/www.organisator.ch\/#website","url":"https:\/\/www.organisator.ch\/","name":"Organizer","description":"Competent. Practical. In 10 issues per year, ORGANISATOR presents the essential topics for managers of SMEs.","publisher":{"@id":"https:\/\/www.organisator.ch\/#organization"},"potentialAction":[{"@type":"SearchAction","target":{"@type":"EntryPoint","urlTemplate":"https:\/\/www.organisator.ch\/?s={search_term_string}"},"query-input":{"@type":"PropertyValueSpecification","valueRequired":true,"valueName":"search_term_string"}}],"inLanguage":"en-US"},{"@type":"Organization","@id":"https:\/\/www.organisator.ch\/#organization","name":"Organizer","url":"https:\/\/www.organisator.ch\/","logo":{"@type":"ImageObject","inLanguage":"en-US","@id":"https:\/\/www.organisator.ch\/#\/schema\/logo\/image\/","url":"https:\/\/www.organisator.ch\/wp-content\/uploads\/2022\/01\/Logo_Organisator_Website.png","contentUrl":"https:\/\/www.organisator.ch\/wp-content\/uploads\/2022\/01\/Logo_Organisator_Website.png","width":800,"height":77,"caption":"Organisator"},"image":{"@id":"https:\/\/www.organisator.ch\/#\/schema\/logo\/image\/"},"sameAs":["https:\/\/www.facebook.com\/OrganisatorFachmagazin","https:\/\/www.linkedin.com\/showcase\/organisator-das-magazin-fr-kmu","https:\/\/www.xing.com\/news\/pages\/organisator-ch-695","https:\/\/www.youtube.com\/channel\/UCGP2Sq0iWaZwT3BdIAQFYpw"]},{"@type":"Person","@id":"https:\/\/www.organisator.ch\/#\/schema\/person\/6f650f90b2842cd4c0cc334b4e36f67e","name":"thomas.berner","image":{"@type":"ImageObject","inLanguage":"en-US","@id":"https:\/\/secure.gravatar.com\/avatar\/ac5001d2a36cb6c6cd3e50789007ffca834b477b74a2144564522e944eabff61?s=96&d=mm&r=g","url":"https:\/\/secure.gravatar.com\/avatar\/ac5001d2a36cb6c6cd3e50789007ffca834b477b74a2144564522e944eabff61?s=96&d=mm&r=g","contentUrl":"https:\/\/secure.gravatar.com\/avatar\/ac5001d2a36cb6c6cd3e50789007ffca834b477b74a2144564522e944eabff61?s=96&d=mm&r=g","caption":"thomas.berner"},"url":"https:\/\/www.organisator.ch\/en\/author\/thomas-berner\/"}]}},"_links":{"self":[{"href":"https:\/\/www.organisator.ch\/en\/wp-json\/wp\/v2\/posts\/8396","targetHints":{"allow":["GET"]}}],"collection":[{"href":"https:\/\/www.organisator.ch\/en\/wp-json\/wp\/v2\/posts"}],"about":[{"href":"https:\/\/www.organisator.ch\/en\/wp-json\/wp\/v2\/types\/post"}],"author":[{"embeddable":true,"href":"https:\/\/www.organisator.ch\/en\/wp-json\/wp\/v2\/users\/4"}],"replies":[{"embeddable":true,"href":"https:\/\/www.organisator.ch\/en\/wp-json\/wp\/v2\/comments?post=8396"}],"version-history":[{"count":0,"href":"https:\/\/www.organisator.ch\/en\/wp-json\/wp\/v2\/posts\/8396\/revisions"}],"wp:featuredmedia":[{"embeddable":true,"href":"https:\/\/www.organisator.ch\/en\/wp-json\/wp\/v2\/media\/8397"}],"wp:attachment":[{"href":"https:\/\/www.organisator.ch\/en\/wp-json\/wp\/v2\/media?parent=8396"}],"wp:term":[{"taxonomy":"category","embeddable":true,"href":"https:\/\/www.organisator.ch\/en\/wp-json\/wp\/v2\/categories?post=8396"},{"taxonomy":"post_tag","embeddable":true,"href":"https:\/\/www.organisator.ch\/en\/wp-json\/wp\/v2\/tags?post=8396"}],"curies":[{"name":"wp","href":"https:\/\/api.w.org\/{rel}","templated":true}]}}