{"id":8399,"date":"2021-08-17T14:25:49","date_gmt":"2021-08-17T12:25:49","guid":{"rendered":"https:\/\/www.organisator.ch\/?p=8399"},"modified":"2021-08-17T14:25:49","modified_gmt":"2021-08-17T12:25:49","slug":"lehrbeginn-fuer-240-jugendliche-bei-amag","status":"publish","type":"post","link":"https:\/\/www.organisator.ch\/en\/weiterbildung\/2021-08-17\/lehrbeginn-fuer-240-jugendliche-bei-amag\/","title":{"rendered":"Start of apprenticeship for 240 young people at AMAG"},"content":{"rendered":"<figure id=\"attachment_8401\" aria-describedby=\"caption-attachment-8401\" style=\"width: 680px\" class=\"wp-caption alignnone\"><a href=\"https:\/\/www.organisator.ch\/wp-content\/uploads\/2021\/08\/Lehrbeginn-fuer-240-Jugendliche-bei-AMAG_Organisator.jpg\"><img loading=\"lazy\" decoding=\"async\" class=\"size-medium wp-image-8401\" src=\"https:\/\/www.organisator.ch\/wp-content\/uploads\/2021\/08\/Lehrbeginn-fuer-240-Jugendliche-bei-AMAG_Organisator.jpg\" alt=\"\" width=\"680\" height=\"496\" srcset=\"https:\/\/www.organisator.ch\/wp-content\/uploads\/2021\/08\/Lehrbeginn-fuer-240-Jugendliche-bei-AMAG_Organisator.jpg 680w, https:\/\/www.organisator.ch\/wp-content\/uploads\/2021\/08\/Lehrbeginn-fuer-240-Jugendliche-bei-AMAG_Organisator-16x12.jpg 16w, https:\/\/www.organisator.ch\/wp-content\/uploads\/2021\/08\/Lehrbeginn-fuer-240-Jugendliche-bei-AMAG_Organisator-240x175.jpg 240w, https:\/\/www.organisator.ch\/wp-content\/uploads\/2021\/08\/Lehrbeginn-fuer-240-Jugendliche-bei-AMAG_Organisator-480x350.jpg 480w, https:\/\/www.organisator.ch\/wp-content\/uploads\/2021\/08\/Lehrbeginn-fuer-240-Jugendliche-bei-AMAG_Organisator-300x219.jpg 300w\" sizes=\"auto, (max-width: 680px) 100vw, 680px\" \/><\/a><figcaption id=\"caption-attachment-8401\" class=\"wp-caption-text\">Answering questions from 240 new apprentices at the start of their training: AMAG CEO Helmut Ruhl. (Image: AMAG)<\/figcaption><\/figure>\n<p>In August 2021, many young people will again begin a new phase in their lives with the start of their vocational apprenticeship. Countless SMEs and large companies are once again training young people in a wide range of professions. One of the largest training centers in Switzerland is the car dealer AMAG. This company currently trains 760 apprentices, or around 11 percent of all employees, in eleven different professions ranging from car body mechanic or automotive mechatronics technician to commercial clerk.<\/p>\n<h2>No effort spared for a successful start to apprenticeship<\/h2>\n<p>At the start of their apprenticeship, new apprentices usually attend a one-day Welcome Camp. There, they learn everything they need to know about AMAG for a smooth start. This year, the introductory event still took place in a digital setting. For example, last Thursday, August 12, AMAG Group CEO Helmut Ruhl welcomed the apprentices via screen, from a specially equipped studio at AMAG headquarters in Cham with countless cameras, a control room and interpreters who translated live for the young people from French-speaking Switzerland and Ticino.<\/p>\n<h2>Digital exchange with the CEO<\/h2>\n<p>Although the 240 new apprentices were not all able to meet in person to listen to the various speakers live, a good atmosphere was nevertheless created, according to AMAG. This was felt, for example, in the interactive (digital) exchange during the event. Right at the beginning, the new apprentices were allowed to ask Helmut Ruhl questions online. The CEO of AMAG supports the fact that apprentices show curiosity and initiative: \"As one of the largest training companies in Switzerland, we are very pleased that we have been able to recruit 240 young people for our current eleven apprenticeships. AMAG's vocational training is sustainable, innovative and our apprentices learn - supported by coaches - with a great deal of personal responsibility. An apprenticeship with the AMAG Group provides a great start to a career in one of the most exciting industries of our time: AMAG has the vision of becoming the leading provider of sustainable individual mobility. And apprentices can help shape this.\"<\/p>\n<p><em>Source and further information: <a href=\"http:\/\/www.amag.ch\">AMAG<\/a><\/em><\/p>","protected":false},"excerpt":{"rendered":"<p>Auch im August 2021 startet mit dem Beginn der Berufslehre f\u00fcr viele junge Menschen ein neuer Lebensabschnitt. Unz\u00e4hlige KMU und Grossunternehmen bilden wieder Jugendliche in den verschiedensten Berufsgattungen aus. Eine der gr\u00f6ssten Ausbildungsst\u00e4tten der Schweiz ist der Autoh\u00e4ndler AMAG. 760 Lernende, das sind ca. 11 Prozent aller Mitarbeitenden, bildet dieses Unternehmen derzeit aus &#8211; in [&hellip;]<\/p>\n","protected":false},"author":4,"featured_media":8401,"comment_status":"closed","ping_status":"closed","sticky":false,"template":"","format":"standard","meta":{"_acf_changed":false,"_yoast_wpseo_focuskw":"Lehrbeginn","_yoast_wpseo_metadesc":"240 junge Menschen haben sich dieses Jahr f\u00fcr eine Lehre bei der AMAG entschieden. Jetzt heisst es: f\u00fcr den Lehrbeginn einsteigen und Gas geben.","articlekey":"","footnotes":""},"categories":[30],"tags":[62,73,492],"class_list":["post-8399","post","type-post","status-publish","format-standard","has-post-thumbnail","hentry","category-weiterbildung","tag-aus-weiterbildung","tag-berufsbildung","tag-unternehmen"],"acf":[],"yoast_head":"<!-- This site is optimized with the Yoast SEO plugin v27.5 - https:\/\/yoast.com\/product\/yoast-seo-wordpress\/ -->\n<title>Lehrbeginn f\u00fcr 240 Jugendliche bei AMAG - Organisator<\/title>\n<meta name=\"description\" content=\"240 junge Menschen haben sich dieses Jahr f\u00fcr eine Lehre bei der AMAG entschieden. Jetzt heisst es: f\u00fcr den Lehrbeginn einsteigen und Gas geben.\" \/>\n<meta name=\"robots\" content=\"index, follow, max-snippet:-1, max-image-preview:large, max-video-preview:-1\" \/>\n<link rel=\"canonical\" href=\"https:\/\/www.organisator.ch\/en\/further-education\/2021-08-17\/lehrbeginn-fuer-240-jugendliche-bei-amag\/\" \/>\n<meta property=\"og:locale\" content=\"en_US\" \/>\n<meta property=\"og:type\" content=\"article\" \/>\n<meta property=\"og:title\" content=\"Lehrbeginn f\u00fcr 240 Jugendliche bei AMAG\" \/>\n<meta property=\"og:description\" content=\"240 junge Menschen haben sich dieses Jahr f\u00fcr eine Lehre bei der AMAG entschieden. Jetzt heisst es: f\u00fcr den Lehrbeginn einsteigen und Gas geben.\" \/>\n<meta property=\"og:url\" content=\"https:\/\/www.organisator.ch\/en\/further-education\/2021-08-17\/lehrbeginn-fuer-240-jugendliche-bei-amag\/\" \/>\n<meta property=\"og:site_name\" content=\"Organisator\" \/>\n<meta property=\"article:publisher\" content=\"https:\/\/www.facebook.com\/OrganisatorFachmagazin\" \/>\n<meta property=\"article:published_time\" content=\"2021-08-17T12:25:49+00:00\" \/>\n<meta property=\"og:image\" content=\"https:\/\/www.organisator.ch\/wp-content\/uploads\/2021\/08\/Lehrbeginn-fuer-240-Jugendliche-bei-AMAG_Organisator.jpg\" \/>\n\t<meta property=\"og:image:width\" content=\"680\" \/>\n\t<meta property=\"og:image:height\" content=\"496\" \/>\n\t<meta property=\"og:image:type\" content=\"image\/jpeg\" \/>\n<meta name=\"author\" content=\"thomas.berner\" \/>\n<meta name=\"twitter:card\" content=\"summary_large_image\" \/>\n<meta name=\"twitter:title\" content=\"#Lehrbeginn f\u00fcr 240 Jugendliche bei #AMAG\" \/>\n<meta name=\"twitter:description\" content=\"240 junge Menschen haben sich dieses Jahr f\u00fcr eine Lehre bei der #AMAG entschieden. Jetzt heisst es: f\u00fcr den #Lehrbeginn einsteigen und Gas geben.\" \/>\n<meta name=\"twitter:image\" content=\"https:\/\/www.organisator.ch\/wp-content\/uploads\/2021\/08\/Lehrbeginn-fuer-240-Jugendliche-bei-AMAG_Organisator.jpg\" \/>\n<script type=\"application\/ld+json\" class=\"yoast-schema-graph\">{\"@context\":\"https:\\\/\\\/schema.org\",\"@graph\":[{\"@type\":\"Article\",\"@id\":\"https:\\\/\\\/www.organisator.ch\\\/weiterbildung\\\/2021-08-17\\\/lehrbeginn-fuer-240-jugendliche-bei-amag\\\/#article\",\"isPartOf\":{\"@id\":\"https:\\\/\\\/www.organisator.ch\\\/weiterbildung\\\/2021-08-17\\\/lehrbeginn-fuer-240-jugendliche-bei-amag\\\/\"},\"author\":{\"name\":\"thomas.berner\",\"@id\":\"https:\\\/\\\/www.organisator.ch\\\/#\\\/schema\\\/person\\\/6f650f90b2842cd4c0cc334b4e36f67e\"},\"headline\":\"Lehrbeginn f\u00fcr 240 Jugendliche bei AMAG\",\"datePublished\":\"2021-08-17T12:25:49+00:00\",\"mainEntityOfPage\":{\"@id\":\"https:\\\/\\\/www.organisator.ch\\\/weiterbildung\\\/2021-08-17\\\/lehrbeginn-fuer-240-jugendliche-bei-amag\\\/\"},\"wordCount\":364,\"publisher\":{\"@id\":\"https:\\\/\\\/www.organisator.ch\\\/#organization\"},\"image\":{\"@id\":\"https:\\\/\\\/www.organisator.ch\\\/weiterbildung\\\/2021-08-17\\\/lehrbeginn-fuer-240-jugendliche-bei-amag\\\/#primaryimage\"},\"thumbnailUrl\":\"https:\\\/\\\/www.organisator.ch\\\/wp-content\\\/uploads\\\/2021\\\/08\\\/Lehrbeginn-fuer-240-Jugendliche-bei-AMAG_Organisator.jpg\",\"keywords\":[\"Aus-\\\/Weiterbildung\",\"Berufsbildung\",\"Unternehmen\"],\"articleSection\":[\"WEITERBILDUNG\"],\"inLanguage\":\"en-US\"},{\"@type\":\"WebPage\",\"@id\":\"https:\\\/\\\/www.organisator.ch\\\/weiterbildung\\\/2021-08-17\\\/lehrbeginn-fuer-240-jugendliche-bei-amag\\\/\",\"url\":\"https:\\\/\\\/www.organisator.ch\\\/weiterbildung\\\/2021-08-17\\\/lehrbeginn-fuer-240-jugendliche-bei-amag\\\/\",\"name\":\"Lehrbeginn f\u00fcr 240 Jugendliche bei AMAG - Organisator\",\"isPartOf\":{\"@id\":\"https:\\\/\\\/www.organisator.ch\\\/#website\"},\"primaryImageOfPage\":{\"@id\":\"https:\\\/\\\/www.organisator.ch\\\/weiterbildung\\\/2021-08-17\\\/lehrbeginn-fuer-240-jugendliche-bei-amag\\\/#primaryimage\"},\"image\":{\"@id\":\"https:\\\/\\\/www.organisator.ch\\\/weiterbildung\\\/2021-08-17\\\/lehrbeginn-fuer-240-jugendliche-bei-amag\\\/#primaryimage\"},\"thumbnailUrl\":\"https:\\\/\\\/www.organisator.ch\\\/wp-content\\\/uploads\\\/2021\\\/08\\\/Lehrbeginn-fuer-240-Jugendliche-bei-AMAG_Organisator.jpg\",\"datePublished\":\"2021-08-17T12:25:49+00:00\",\"description\":\"240 junge Menschen haben sich dieses Jahr f\u00fcr eine Lehre bei der AMAG entschieden. Jetzt heisst es: f\u00fcr den Lehrbeginn einsteigen und Gas geben.\",\"breadcrumb\":{\"@id\":\"https:\\\/\\\/www.organisator.ch\\\/weiterbildung\\\/2021-08-17\\\/lehrbeginn-fuer-240-jugendliche-bei-amag\\\/#breadcrumb\"},\"inLanguage\":\"en-US\",\"potentialAction\":[{\"@type\":\"ReadAction\",\"target\":[\"https:\\\/\\\/www.organisator.ch\\\/weiterbildung\\\/2021-08-17\\\/lehrbeginn-fuer-240-jugendliche-bei-amag\\\/\"]}]},{\"@type\":\"ImageObject\",\"inLanguage\":\"en-US\",\"@id\":\"https:\\\/\\\/www.organisator.ch\\\/weiterbildung\\\/2021-08-17\\\/lehrbeginn-fuer-240-jugendliche-bei-amag\\\/#primaryimage\",\"url\":\"https:\\\/\\\/www.organisator.ch\\\/wp-content\\\/uploads\\\/2021\\\/08\\\/Lehrbeginn-fuer-240-Jugendliche-bei-AMAG_Organisator.jpg\",\"contentUrl\":\"https:\\\/\\\/www.organisator.ch\\\/wp-content\\\/uploads\\\/2021\\\/08\\\/Lehrbeginn-fuer-240-Jugendliche-bei-AMAG_Organisator.jpg\",\"width\":680,\"height\":496,\"caption\":\"Stellt sich zu Lehrbeginn den Fragen von 240 neuen Lernenden: AMAG-CEO Helmut Ruhl. (Bild: AMAG)\"},{\"@type\":\"BreadcrumbList\",\"@id\":\"https:\\\/\\\/www.organisator.ch\\\/weiterbildung\\\/2021-08-17\\\/lehrbeginn-fuer-240-jugendliche-bei-amag\\\/#breadcrumb\",\"itemListElement\":[{\"@type\":\"ListItem\",\"position\":1,\"name\":\"Home\",\"item\":\"https:\\\/\\\/www.organisator.ch\\\/\"},{\"@type\":\"ListItem\",\"position\":2,\"name\":\"Lehrbeginn f\u00fcr 240 Jugendliche bei AMAG\"}]},{\"@type\":\"WebSite\",\"@id\":\"https:\\\/\\\/www.organisator.ch\\\/#website\",\"url\":\"https:\\\/\\\/www.organisator.ch\\\/\",\"name\":\"Organisator\",\"description\":\"Kompetent. Praxisnah. Der ORGANISATOR bereitet in 10 Ausgaben pro Jahr die wesentlichen Themen f\u00fcr F\u00fchrungskr\u00e4fte von KMU auf.\",\"publisher\":{\"@id\":\"https:\\\/\\\/www.organisator.ch\\\/#organization\"},\"potentialAction\":[{\"@type\":\"SearchAction\",\"target\":{\"@type\":\"EntryPoint\",\"urlTemplate\":\"https:\\\/\\\/www.organisator.ch\\\/?s={search_term_string}\"},\"query-input\":{\"@type\":\"PropertyValueSpecification\",\"valueRequired\":true,\"valueName\":\"search_term_string\"}}],\"inLanguage\":\"en-US\"},{\"@type\":\"Organization\",\"@id\":\"https:\\\/\\\/www.organisator.ch\\\/#organization\",\"name\":\"Organisator\",\"url\":\"https:\\\/\\\/www.organisator.ch\\\/\",\"logo\":{\"@type\":\"ImageObject\",\"inLanguage\":\"en-US\",\"@id\":\"https:\\\/\\\/www.organisator.ch\\\/#\\\/schema\\\/logo\\\/image\\\/\",\"url\":\"https:\\\/\\\/www.organisator.ch\\\/wp-content\\\/uploads\\\/2022\\\/01\\\/Logo_Organisator_Website.png\",\"contentUrl\":\"https:\\\/\\\/www.organisator.ch\\\/wp-content\\\/uploads\\\/2022\\\/01\\\/Logo_Organisator_Website.png\",\"width\":800,\"height\":77,\"caption\":\"Organisator\"},\"image\":{\"@id\":\"https:\\\/\\\/www.organisator.ch\\\/#\\\/schema\\\/logo\\\/image\\\/\"},\"sameAs\":[\"https:\\\/\\\/www.facebook.com\\\/OrganisatorFachmagazin\",\"https:\\\/\\\/www.linkedin.com\\\/showcase\\\/organisator-das-magazin-fr-kmu\",\"https:\\\/\\\/www.xing.com\\\/news\\\/pages\\\/organisator-ch-695\",\"https:\\\/\\\/www.youtube.com\\\/channel\\\/UCGP2Sq0iWaZwT3BdIAQFYpw\"]},{\"@type\":\"Person\",\"@id\":\"https:\\\/\\\/www.organisator.ch\\\/#\\\/schema\\\/person\\\/6f650f90b2842cd4c0cc334b4e36f67e\",\"name\":\"thomas.berner\",\"image\":{\"@type\":\"ImageObject\",\"inLanguage\":\"en-US\",\"@id\":\"https:\\\/\\\/secure.gravatar.com\\\/avatar\\\/ac5001d2a36cb6c6cd3e50789007ffca834b477b74a2144564522e944eabff61?s=96&d=mm&r=g\",\"url\":\"https:\\\/\\\/secure.gravatar.com\\\/avatar\\\/ac5001d2a36cb6c6cd3e50789007ffca834b477b74a2144564522e944eabff61?s=96&d=mm&r=g\",\"contentUrl\":\"https:\\\/\\\/secure.gravatar.com\\\/avatar\\\/ac5001d2a36cb6c6cd3e50789007ffca834b477b74a2144564522e944eabff61?s=96&d=mm&r=g\",\"caption\":\"thomas.berner\"},\"url\":\"https:\\\/\\\/www.organisator.ch\\\/en\\\/author\\\/thomas-berner\\\/\"}]}<\/script>\n<!-- \/ Yoast SEO plugin. -->","yoast_head_json":{"title":"Start of apprenticeship for 240 young people at AMAG - Organizer","description":"240 young people have chosen an apprenticeship at AMAG this year. Now it's time to get on board for the start of the apprenticeship and step on the gas.","robots":{"index":"index","follow":"follow","max-snippet":"max-snippet:-1","max-image-preview":"max-image-preview:large","max-video-preview":"max-video-preview:-1"},"canonical":"https:\/\/www.organisator.ch\/en\/further-education\/2021-08-17\/lehrbeginn-fuer-240-jugendliche-bei-amag\/","og_locale":"en_US","og_type":"article","og_title":"Lehrbeginn f\u00fcr 240 Jugendliche bei AMAG","og_description":"240 junge Menschen haben sich dieses Jahr f\u00fcr eine Lehre bei der AMAG entschieden. Jetzt heisst es: f\u00fcr den Lehrbeginn einsteigen und Gas geben.","og_url":"https:\/\/www.organisator.ch\/en\/further-education\/2021-08-17\/lehrbeginn-fuer-240-jugendliche-bei-amag\/","og_site_name":"Organisator","article_publisher":"https:\/\/www.facebook.com\/OrganisatorFachmagazin","article_published_time":"2021-08-17T12:25:49+00:00","og_image":[{"width":680,"height":496,"url":"https:\/\/www.organisator.ch\/wp-content\/uploads\/2021\/08\/Lehrbeginn-fuer-240-Jugendliche-bei-AMAG_Organisator.jpg","type":"image\/jpeg"}],"author":"thomas.berner","twitter_card":"summary_large_image","twitter_title":"#Lehrbeginn f\u00fcr 240 Jugendliche bei #AMAG","twitter_description":"240 junge Menschen haben sich dieses Jahr f\u00fcr eine Lehre bei der #AMAG entschieden. Jetzt heisst es: f\u00fcr den #Lehrbeginn einsteigen und Gas geben.","twitter_image":"https:\/\/www.organisator.ch\/wp-content\/uploads\/2021\/08\/Lehrbeginn-fuer-240-Jugendliche-bei-AMAG_Organisator.jpg","schema":{"@context":"https:\/\/schema.org","@graph":[{"@type":"Article","@id":"https:\/\/www.organisator.ch\/weiterbildung\/2021-08-17\/lehrbeginn-fuer-240-jugendliche-bei-amag\/#article","isPartOf":{"@id":"https:\/\/www.organisator.ch\/weiterbildung\/2021-08-17\/lehrbeginn-fuer-240-jugendliche-bei-amag\/"},"author":{"name":"thomas.berner","@id":"https:\/\/www.organisator.ch\/#\/schema\/person\/6f650f90b2842cd4c0cc334b4e36f67e"},"headline":"Lehrbeginn f\u00fcr 240 Jugendliche bei AMAG","datePublished":"2021-08-17T12:25:49+00:00","mainEntityOfPage":{"@id":"https:\/\/www.organisator.ch\/weiterbildung\/2021-08-17\/lehrbeginn-fuer-240-jugendliche-bei-amag\/"},"wordCount":364,"publisher":{"@id":"https:\/\/www.organisator.ch\/#organization"},"image":{"@id":"https:\/\/www.organisator.ch\/weiterbildung\/2021-08-17\/lehrbeginn-fuer-240-jugendliche-bei-amag\/#primaryimage"},"thumbnailUrl":"https:\/\/www.organisator.ch\/wp-content\/uploads\/2021\/08\/Lehrbeginn-fuer-240-Jugendliche-bei-AMAG_Organisator.jpg","keywords":["Aus-\/Weiterbildung","Berufsbildung","Unternehmen"],"articleSection":["WEITERBILDUNG"],"inLanguage":"en-US"},{"@type":"WebPage","@id":"https:\/\/www.organisator.ch\/weiterbildung\/2021-08-17\/lehrbeginn-fuer-240-jugendliche-bei-amag\/","url":"https:\/\/www.organisator.ch\/weiterbildung\/2021-08-17\/lehrbeginn-fuer-240-jugendliche-bei-amag\/","name":"Start of apprenticeship for 240 young people at AMAG - Organizer","isPartOf":{"@id":"https:\/\/www.organisator.ch\/#website"},"primaryImageOfPage":{"@id":"https:\/\/www.organisator.ch\/weiterbildung\/2021-08-17\/lehrbeginn-fuer-240-jugendliche-bei-amag\/#primaryimage"},"image":{"@id":"https:\/\/www.organisator.ch\/weiterbildung\/2021-08-17\/lehrbeginn-fuer-240-jugendliche-bei-amag\/#primaryimage"},"thumbnailUrl":"https:\/\/www.organisator.ch\/wp-content\/uploads\/2021\/08\/Lehrbeginn-fuer-240-Jugendliche-bei-AMAG_Organisator.jpg","datePublished":"2021-08-17T12:25:49+00:00","description":"240 young people have chosen an apprenticeship at AMAG this year. Now it's time to get on board for the start of the apprenticeship and step on the gas.","breadcrumb":{"@id":"https:\/\/www.organisator.ch\/weiterbildung\/2021-08-17\/lehrbeginn-fuer-240-jugendliche-bei-amag\/#breadcrumb"},"inLanguage":"en-US","potentialAction":[{"@type":"ReadAction","target":["https:\/\/www.organisator.ch\/weiterbildung\/2021-08-17\/lehrbeginn-fuer-240-jugendliche-bei-amag\/"]}]},{"@type":"ImageObject","inLanguage":"en-US","@id":"https:\/\/www.organisator.ch\/weiterbildung\/2021-08-17\/lehrbeginn-fuer-240-jugendliche-bei-amag\/#primaryimage","url":"https:\/\/www.organisator.ch\/wp-content\/uploads\/2021\/08\/Lehrbeginn-fuer-240-Jugendliche-bei-AMAG_Organisator.jpg","contentUrl":"https:\/\/www.organisator.ch\/wp-content\/uploads\/2021\/08\/Lehrbeginn-fuer-240-Jugendliche-bei-AMAG_Organisator.jpg","width":680,"height":496,"caption":"Stellt sich zu Lehrbeginn den Fragen von 240 neuen Lernenden: AMAG-CEO Helmut Ruhl. (Bild: AMAG)"},{"@type":"BreadcrumbList","@id":"https:\/\/www.organisator.ch\/weiterbildung\/2021-08-17\/lehrbeginn-fuer-240-jugendliche-bei-amag\/#breadcrumb","itemListElement":[{"@type":"ListItem","position":1,"name":"Home","item":"https:\/\/www.organisator.ch\/"},{"@type":"ListItem","position":2,"name":"Lehrbeginn f\u00fcr 240 Jugendliche bei AMAG"}]},{"@type":"WebSite","@id":"https:\/\/www.organisator.ch\/#website","url":"https:\/\/www.organisator.ch\/","name":"Organizer","description":"Competent. Practical. In 10 issues per year, ORGANISATOR presents the essential topics for managers of SMEs.","publisher":{"@id":"https:\/\/www.organisator.ch\/#organization"},"potentialAction":[{"@type":"SearchAction","target":{"@type":"EntryPoint","urlTemplate":"https:\/\/www.organisator.ch\/?s={search_term_string}"},"query-input":{"@type":"PropertyValueSpecification","valueRequired":true,"valueName":"search_term_string"}}],"inLanguage":"en-US"},{"@type":"Organization","@id":"https:\/\/www.organisator.ch\/#organization","name":"Organizer","url":"https:\/\/www.organisator.ch\/","logo":{"@type":"ImageObject","inLanguage":"en-US","@id":"https:\/\/www.organisator.ch\/#\/schema\/logo\/image\/","url":"https:\/\/www.organisator.ch\/wp-content\/uploads\/2022\/01\/Logo_Organisator_Website.png","contentUrl":"https:\/\/www.organisator.ch\/wp-content\/uploads\/2022\/01\/Logo_Organisator_Website.png","width":800,"height":77,"caption":"Organisator"},"image":{"@id":"https:\/\/www.organisator.ch\/#\/schema\/logo\/image\/"},"sameAs":["https:\/\/www.facebook.com\/OrganisatorFachmagazin","https:\/\/www.linkedin.com\/showcase\/organisator-das-magazin-fr-kmu","https:\/\/www.xing.com\/news\/pages\/organisator-ch-695","https:\/\/www.youtube.com\/channel\/UCGP2Sq0iWaZwT3BdIAQFYpw"]},{"@type":"Person","@id":"https:\/\/www.organisator.ch\/#\/schema\/person\/6f650f90b2842cd4c0cc334b4e36f67e","name":"thomas.berner","image":{"@type":"ImageObject","inLanguage":"en-US","@id":"https:\/\/secure.gravatar.com\/avatar\/ac5001d2a36cb6c6cd3e50789007ffca834b477b74a2144564522e944eabff61?s=96&d=mm&r=g","url":"https:\/\/secure.gravatar.com\/avatar\/ac5001d2a36cb6c6cd3e50789007ffca834b477b74a2144564522e944eabff61?s=96&d=mm&r=g","contentUrl":"https:\/\/secure.gravatar.com\/avatar\/ac5001d2a36cb6c6cd3e50789007ffca834b477b74a2144564522e944eabff61?s=96&d=mm&r=g","caption":"thomas.berner"},"url":"https:\/\/www.organisator.ch\/en\/author\/thomas-berner\/"}]}},"_links":{"self":[{"href":"https:\/\/www.organisator.ch\/en\/wp-json\/wp\/v2\/posts\/8399","targetHints":{"allow":["GET"]}}],"collection":[{"href":"https:\/\/www.organisator.ch\/en\/wp-json\/wp\/v2\/posts"}],"about":[{"href":"https:\/\/www.organisator.ch\/en\/wp-json\/wp\/v2\/types\/post"}],"author":[{"embeddable":true,"href":"https:\/\/www.organisator.ch\/en\/wp-json\/wp\/v2\/users\/4"}],"replies":[{"embeddable":true,"href":"https:\/\/www.organisator.ch\/en\/wp-json\/wp\/v2\/comments?post=8399"}],"version-history":[{"count":0,"href":"https:\/\/www.organisator.ch\/en\/wp-json\/wp\/v2\/posts\/8399\/revisions"}],"wp:featuredmedia":[{"embeddable":true,"href":"https:\/\/www.organisator.ch\/en\/wp-json\/wp\/v2\/media\/8401"}],"wp:attachment":[{"href":"https:\/\/www.organisator.ch\/en\/wp-json\/wp\/v2\/media?parent=8399"}],"wp:term":[{"taxonomy":"category","embeddable":true,"href":"https:\/\/www.organisator.ch\/en\/wp-json\/wp\/v2\/categories?post=8399"},{"taxonomy":"post_tag","embeddable":true,"href":"https:\/\/www.organisator.ch\/en\/wp-json\/wp\/v2\/tags?post=8399"}],"curies":[{"name":"wp","href":"https:\/\/api.w.org\/{rel}","templated":true}]}}