{"id":8404,"date":"2021-08-19T08:06:57","date_gmt":"2021-08-19T06:06:57","guid":{"rendered":"https:\/\/www.organisator.ch\/?p=8404"},"modified":"2021-08-19T08:06:57","modified_gmt":"2021-08-19T06:06:57","slug":"angewandte-forschung-der-hes-so-unterstuetzt-lokale-kmu","status":"publish","type":"post","link":"https:\/\/www.organisator.ch\/en\/weiterbildung\/2021-08-19\/angewandte-forschung-der-hes-so-unterstuetzt-lokale-kmu\/","title":{"rendered":"Applied research at the HES-SO supports local SMEs"},"content":{"rendered":"<figure id=\"attachment_8405\" aria-describedby=\"caption-attachment-8405\" style=\"width: 680px\" class=\"wp-caption alignnone\"><a href=\"https:\/\/www.organisator.ch\/wp-content\/uploads\/2021\/08\/Angewandte-Forschung-der-HES-SO-unterstuetzt-lokale-KMU_Organisator.jpg\"><img loading=\"lazy\" decoding=\"async\" class=\"size-medium wp-image-8405\" src=\"https:\/\/www.organisator.ch\/wp-content\/uploads\/2021\/08\/Angewandte-Forschung-der-HES-SO-unterstuetzt-lokale-KMU_Organisator.jpg\" alt=\"\" width=\"680\" height=\"447\" srcset=\"https:\/\/www.organisator.ch\/wp-content\/uploads\/2021\/08\/Angewandte-Forschung-der-HES-SO-unterstuetzt-lokale-KMU_Organisator.jpg 680w, https:\/\/www.organisator.ch\/wp-content\/uploads\/2021\/08\/Angewandte-Forschung-der-HES-SO-unterstuetzt-lokale-KMU_Organisator-18x12.jpg 18w, https:\/\/www.organisator.ch\/wp-content\/uploads\/2021\/08\/Angewandte-Forschung-der-HES-SO-unterstuetzt-lokale-KMU_Organisator-266x175.jpg 266w, https:\/\/www.organisator.ch\/wp-content\/uploads\/2021\/08\/Angewandte-Forschung-der-HES-SO-unterstuetzt-lokale-KMU_Organisator-532x350.jpg 532w, https:\/\/www.organisator.ch\/wp-content\/uploads\/2021\/08\/Angewandte-Forschung-der-HES-SO-unterstuetzt-lokale-KMU_Organisator-300x197.jpg 300w\" sizes=\"auto, (max-width: 680px) 100vw, 680px\" \/><\/a><figcaption id=\"caption-attachment-8405\" class=\"wp-caption-text\">Applied research for the benefit of SMEs: The HES-SO University of Applied Sciences of Western Switzerland has launched an extraordinary call for projects. (Image: Pixabay.com)<\/figcaption><\/figure>\n<p>Numerous Swiss SMEs have been affected by the pandemic in very different ways: Entire sectors of the economy have been paralyzed, global markets have slowed down, suppliers have fallen behind schedule or staff have been absent. Despite these difficulties, however, it is crucial for them to remain competitive and continue to offer innovative products. Applied research at the University of Applied Sciences Western Switzerland HES-SO now wants to support SMEs with concrete projects.<\/p>\n<h2>Applied research for the benefit of SMEs<\/h2>\n<p>The projects were selected from 100 submissions and come from all the colleges of the Engineering and Architecture Department of the HES-SO: HE-Arc Ing\u00e9nierie, Fribourg School of Engineering and Architecture - HEIA-FR, Haute \u00e9cole du paysage, d'ing\u00e9nierie et d'architecture de Gen\u00e8ve - HEPIA, HES-SO Valais-Wallis School of Engineering - HEI, Haute Ecole d'Ing\u00e9nierie et de Gestion du Canton de Vaud - HEIG-VD and Changins School of Viticulture and Enology.<\/p>\n<p>The numerous responses to this call for proposals show that researchers from the HES-SO universities maintain close links with SMEs and have skills that enable them to support these companies in their innovation process, regardless of the economic circumstances. The 33 research projects that emerged from this extraordinary call for projects are short-term projects to be completed by the end of 2021. Some enable new technologies to be tested, while others focus on developing innovations that can be used directly by companies.<\/p>\n<h2>Wide range of projects<\/h2>\n<p>One of these 33 projects is a collaboration between a team of engineers from HEIA-FR and the Freiburg-based startup Softcar. This company wants to launch an electric city car in the coming months and is developing a gas-powered range extender for this purpose in partnership with HEIA-FR. This would give the city car a range of 400 km, compared with 170 km today.<\/p>\n<p>A team from HE-Arc Ing\u00e9nierie is again developing a new electropolishing process for beta titanium for the watchmaking industry: a material that has excellent cold forming properties and is therefore of great interest to the industry. For this, the team is working with the PX Group - an SME from La Chaux-de-Fonds specializing in high added-value metals.<\/p>\n<p>In Yverdon-les-Bains, engineers work hand in hand with the company Livetools Technology, which provides high-end broadcasting technology for major sporting and cultural events. After all of these events were canceled as part of the pandemic response, the SME wanted to expand its product range and secure a good position for when the market picks up again. To do this, the company turned to the engineers at HEIG-VD: They support the SME in the integration of new algorithms so that in the future, flawless image quality can be achieved at major events, regardless of constraints such as weather or interference with other transmission systems.<\/p>\n<p><em>Source: <a href=\"https:\/\/www.hes-so.ch\/domaines-et-hautes-ecoles\/ingenierie-et-architecture\/projets-de-recherche-apres-covid\">HES-SO<\/a><\/em><\/p>","protected":false},"excerpt":{"rendered":"<p>Zahlreiche Schweizer KMU sind auf ganz unterschiedliche Weise von der Pandemie betroffen: Ganze Wirtschaftszweige wurden lahmgelegt, die globalen M\u00e4rkte haben sich verlangsamt, Lieferanten sind in Verzug gekommen oder das Personal ist ausgefallen. Trotz dieser Schwierigkeiten ist es f\u00fcr sie aber entscheidend, wettbewerbsf\u00e4hig zu bleiben und weiterhin innovative Produkte anbieten zu k\u00f6nnen. Die angewandte Forschung der [&hellip;]<\/p>\n","protected":false},"author":4,"featured_media":8405,"comment_status":"closed","ping_status":"closed","sticky":false,"template":"","format":"standard","meta":{"_acf_changed":false,"_yoast_wpseo_focuskw":"angewandte Forschung","_yoast_wpseo_metadesc":"Die Westschweizer Fachhochschule HES-SO hat eine ausserordentliche Projektausschreibung lanciert. Angewandte Forschung soll KMU unterst\u00fctzen.","articlekey":"","footnotes":""},"categories":[30],"tags":[62,492,533],"class_list":["post-8404","post","type-post","status-publish","format-standard","has-post-thumbnail","hentry","category-weiterbildung","tag-aus-weiterbildung","tag-unternehmen","tag-wissenschaft"],"acf":[],"yoast_head":"<!-- This site is optimized with the Yoast SEO plugin v27.4 - https:\/\/yoast.com\/product\/yoast-seo-wordpress\/ -->\n<title>Angewandte Forschung der HES-SO unterst\u00fctzt lokale KMU - Organisator<\/title>\n<meta name=\"description\" content=\"Die Westschweizer Fachhochschule HES-SO hat eine ausserordentliche Projektausschreibung lanciert. Angewandte Forschung soll KMU unterst\u00fctzen.\" \/>\n<meta name=\"robots\" content=\"index, follow, max-snippet:-1, max-image-preview:large, max-video-preview:-1\" \/>\n<link rel=\"canonical\" href=\"https:\/\/www.organisator.ch\/en\/further-education\/2021-08-19\/angewandte-forschung-der-hes-so-unterstuetzt-lokale-kmu\/\" \/>\n<meta property=\"og:locale\" content=\"en_US\" \/>\n<meta property=\"og:type\" content=\"article\" \/>\n<meta property=\"og:title\" content=\"Angewandte Forschung der HES-SO unterst\u00fctzt lokale KMU\" \/>\n<meta property=\"og:description\" content=\"Die Westschweizer Fachhochschule HES-SO hat eine ausserordentliche Projektausschreibung lanciert. Angewandte Forschung soll KMU unterst\u00fctzen.\" \/>\n<meta property=\"og:url\" content=\"https:\/\/www.organisator.ch\/en\/further-education\/2021-08-19\/angewandte-forschung-der-hes-so-unterstuetzt-lokale-kmu\/\" \/>\n<meta property=\"og:site_name\" content=\"Organisator\" \/>\n<meta property=\"article:publisher\" content=\"https:\/\/www.facebook.com\/OrganisatorFachmagazin\" \/>\n<meta property=\"article:published_time\" content=\"2021-08-19T06:06:57+00:00\" \/>\n<meta property=\"og:image\" content=\"https:\/\/www.organisator.ch\/wp-content\/uploads\/2021\/08\/Angewandte-Forschung-der-HES-SO-unterstuetzt-lokale-KMU_Organisator.jpg\" \/>\n\t<meta property=\"og:image:width\" content=\"680\" \/>\n\t<meta property=\"og:image:height\" content=\"447\" \/>\n\t<meta property=\"og:image:type\" content=\"image\/jpeg\" \/>\n<meta name=\"author\" content=\"thomas.berner\" \/>\n<meta name=\"twitter:card\" content=\"summary_large_image\" \/>\n<meta name=\"twitter:title\" content=\"Angewandte #Forschung der #HES-SO unterst\u00fctzt lokale #KMU\" \/>\n<meta name=\"twitter:description\" content=\"Die Westschweizer #Fachhochschule #HES-SO hat eine ausserordentliche Projektausschreibung lanciert. Angewandte #Forschung soll KMU unterst\u00fctzen.\" \/>\n<meta name=\"twitter:image\" content=\"https:\/\/www.organisator.ch\/wp-content\/uploads\/2021\/08\/Angewandte-Forschung-der-HES-SO-unterstuetzt-lokale-KMU_Organisator.jpg\" \/>\n<script type=\"application\/ld+json\" class=\"yoast-schema-graph\">{\"@context\":\"https:\\\/\\\/schema.org\",\"@graph\":[{\"@type\":\"Article\",\"@id\":\"https:\\\/\\\/www.organisator.ch\\\/weiterbildung\\\/2021-08-19\\\/angewandte-forschung-der-hes-so-unterstuetzt-lokale-kmu\\\/#article\",\"isPartOf\":{\"@id\":\"https:\\\/\\\/www.organisator.ch\\\/weiterbildung\\\/2021-08-19\\\/angewandte-forschung-der-hes-so-unterstuetzt-lokale-kmu\\\/\"},\"author\":{\"name\":\"thomas.berner\",\"@id\":\"https:\\\/\\\/www.organisator.ch\\\/#\\\/schema\\\/person\\\/6f650f90b2842cd4c0cc334b4e36f67e\"},\"headline\":\"Angewandte Forschung der HES-SO unterst\u00fctzt lokale KMU\",\"datePublished\":\"2021-08-19T06:06:57+00:00\",\"mainEntityOfPage\":{\"@id\":\"https:\\\/\\\/www.organisator.ch\\\/weiterbildung\\\/2021-08-19\\\/angewandte-forschung-der-hes-so-unterstuetzt-lokale-kmu\\\/\"},\"wordCount\":505,\"publisher\":{\"@id\":\"https:\\\/\\\/www.organisator.ch\\\/#organization\"},\"image\":{\"@id\":\"https:\\\/\\\/www.organisator.ch\\\/weiterbildung\\\/2021-08-19\\\/angewandte-forschung-der-hes-so-unterstuetzt-lokale-kmu\\\/#primaryimage\"},\"thumbnailUrl\":\"https:\\\/\\\/www.organisator.ch\\\/wp-content\\\/uploads\\\/2021\\\/08\\\/Angewandte-Forschung-der-HES-SO-unterstuetzt-lokale-KMU_Organisator.jpg\",\"keywords\":[\"Aus-\\\/Weiterbildung\",\"Unternehmen\",\"Wissenschaft\"],\"articleSection\":[\"WEITERBILDUNG\"],\"inLanguage\":\"en-US\"},{\"@type\":\"WebPage\",\"@id\":\"https:\\\/\\\/www.organisator.ch\\\/weiterbildung\\\/2021-08-19\\\/angewandte-forschung-der-hes-so-unterstuetzt-lokale-kmu\\\/\",\"url\":\"https:\\\/\\\/www.organisator.ch\\\/weiterbildung\\\/2021-08-19\\\/angewandte-forschung-der-hes-so-unterstuetzt-lokale-kmu\\\/\",\"name\":\"Angewandte Forschung der HES-SO unterst\u00fctzt lokale KMU - Organisator\",\"isPartOf\":{\"@id\":\"https:\\\/\\\/www.organisator.ch\\\/#website\"},\"primaryImageOfPage\":{\"@id\":\"https:\\\/\\\/www.organisator.ch\\\/weiterbildung\\\/2021-08-19\\\/angewandte-forschung-der-hes-so-unterstuetzt-lokale-kmu\\\/#primaryimage\"},\"image\":{\"@id\":\"https:\\\/\\\/www.organisator.ch\\\/weiterbildung\\\/2021-08-19\\\/angewandte-forschung-der-hes-so-unterstuetzt-lokale-kmu\\\/#primaryimage\"},\"thumbnailUrl\":\"https:\\\/\\\/www.organisator.ch\\\/wp-content\\\/uploads\\\/2021\\\/08\\\/Angewandte-Forschung-der-HES-SO-unterstuetzt-lokale-KMU_Organisator.jpg\",\"datePublished\":\"2021-08-19T06:06:57+00:00\",\"description\":\"Die Westschweizer Fachhochschule HES-SO hat eine ausserordentliche Projektausschreibung lanciert. Angewandte Forschung soll KMU unterst\u00fctzen.\",\"breadcrumb\":{\"@id\":\"https:\\\/\\\/www.organisator.ch\\\/weiterbildung\\\/2021-08-19\\\/angewandte-forschung-der-hes-so-unterstuetzt-lokale-kmu\\\/#breadcrumb\"},\"inLanguage\":\"en-US\",\"potentialAction\":[{\"@type\":\"ReadAction\",\"target\":[\"https:\\\/\\\/www.organisator.ch\\\/weiterbildung\\\/2021-08-19\\\/angewandte-forschung-der-hes-so-unterstuetzt-lokale-kmu\\\/\"]}]},{\"@type\":\"ImageObject\",\"inLanguage\":\"en-US\",\"@id\":\"https:\\\/\\\/www.organisator.ch\\\/weiterbildung\\\/2021-08-19\\\/angewandte-forschung-der-hes-so-unterstuetzt-lokale-kmu\\\/#primaryimage\",\"url\":\"https:\\\/\\\/www.organisator.ch\\\/wp-content\\\/uploads\\\/2021\\\/08\\\/Angewandte-Forschung-der-HES-SO-unterstuetzt-lokale-KMU_Organisator.jpg\",\"contentUrl\":\"https:\\\/\\\/www.organisator.ch\\\/wp-content\\\/uploads\\\/2021\\\/08\\\/Angewandte-Forschung-der-HES-SO-unterstuetzt-lokale-KMU_Organisator.jpg\",\"width\":680,\"height\":447,\"caption\":\"Angewandte Forschung zu Gunsten von KMU: Die Westschweizer Fachhochschule HES-SO hat eine ausserordentliche Projektausschreibung lanciert. (Bild: Pixabay.com)\"},{\"@type\":\"BreadcrumbList\",\"@id\":\"https:\\\/\\\/www.organisator.ch\\\/weiterbildung\\\/2021-08-19\\\/angewandte-forschung-der-hes-so-unterstuetzt-lokale-kmu\\\/#breadcrumb\",\"itemListElement\":[{\"@type\":\"ListItem\",\"position\":1,\"name\":\"Home\",\"item\":\"https:\\\/\\\/www.organisator.ch\\\/\"},{\"@type\":\"ListItem\",\"position\":2,\"name\":\"Angewandte Forschung der HES-SO unterst\u00fctzt lokale KMU\"}]},{\"@type\":\"WebSite\",\"@id\":\"https:\\\/\\\/www.organisator.ch\\\/#website\",\"url\":\"https:\\\/\\\/www.organisator.ch\\\/\",\"name\":\"Organisator\",\"description\":\"Kompetent. Praxisnah. Der ORGANISATOR bereitet in 10 Ausgaben pro Jahr die wesentlichen Themen f\u00fcr F\u00fchrungskr\u00e4fte von KMU auf.\",\"publisher\":{\"@id\":\"https:\\\/\\\/www.organisator.ch\\\/#organization\"},\"potentialAction\":[{\"@type\":\"SearchAction\",\"target\":{\"@type\":\"EntryPoint\",\"urlTemplate\":\"https:\\\/\\\/www.organisator.ch\\\/?s={search_term_string}\"},\"query-input\":{\"@type\":\"PropertyValueSpecification\",\"valueRequired\":true,\"valueName\":\"search_term_string\"}}],\"inLanguage\":\"en-US\"},{\"@type\":\"Organization\",\"@id\":\"https:\\\/\\\/www.organisator.ch\\\/#organization\",\"name\":\"Organisator\",\"url\":\"https:\\\/\\\/www.organisator.ch\\\/\",\"logo\":{\"@type\":\"ImageObject\",\"inLanguage\":\"en-US\",\"@id\":\"https:\\\/\\\/www.organisator.ch\\\/#\\\/schema\\\/logo\\\/image\\\/\",\"url\":\"https:\\\/\\\/www.organisator.ch\\\/wp-content\\\/uploads\\\/2022\\\/01\\\/Logo_Organisator_Website.png\",\"contentUrl\":\"https:\\\/\\\/www.organisator.ch\\\/wp-content\\\/uploads\\\/2022\\\/01\\\/Logo_Organisator_Website.png\",\"width\":800,\"height\":77,\"caption\":\"Organisator\"},\"image\":{\"@id\":\"https:\\\/\\\/www.organisator.ch\\\/#\\\/schema\\\/logo\\\/image\\\/\"},\"sameAs\":[\"https:\\\/\\\/www.facebook.com\\\/OrganisatorFachmagazin\",\"https:\\\/\\\/www.linkedin.com\\\/showcase\\\/organisator-das-magazin-fr-kmu\",\"https:\\\/\\\/www.xing.com\\\/news\\\/pages\\\/organisator-ch-695\",\"https:\\\/\\\/www.youtube.com\\\/channel\\\/UCGP2Sq0iWaZwT3BdIAQFYpw\"]},{\"@type\":\"Person\",\"@id\":\"https:\\\/\\\/www.organisator.ch\\\/#\\\/schema\\\/person\\\/6f650f90b2842cd4c0cc334b4e36f67e\",\"name\":\"thomas.berner\",\"image\":{\"@type\":\"ImageObject\",\"inLanguage\":\"en-US\",\"@id\":\"https:\\\/\\\/secure.gravatar.com\\\/avatar\\\/ac5001d2a36cb6c6cd3e50789007ffca834b477b74a2144564522e944eabff61?s=96&d=mm&r=g\",\"url\":\"https:\\\/\\\/secure.gravatar.com\\\/avatar\\\/ac5001d2a36cb6c6cd3e50789007ffca834b477b74a2144564522e944eabff61?s=96&d=mm&r=g\",\"contentUrl\":\"https:\\\/\\\/secure.gravatar.com\\\/avatar\\\/ac5001d2a36cb6c6cd3e50789007ffca834b477b74a2144564522e944eabff61?s=96&d=mm&r=g\",\"caption\":\"thomas.berner\"},\"url\":\"https:\\\/\\\/www.organisator.ch\\\/en\\\/author\\\/thomas-berner\\\/\"}]}<\/script>\n<!-- \/ Yoast SEO plugin. -->","yoast_head_json":{"title":"Applied research of the HES-SO supports local SMEs - Organizer","description":"The HES-SO University of Applied Sciences of Western Switzerland has launched an extraordinary call for projects. Applied research is to support SMEs.","robots":{"index":"index","follow":"follow","max-snippet":"max-snippet:-1","max-image-preview":"max-image-preview:large","max-video-preview":"max-video-preview:-1"},"canonical":"https:\/\/www.organisator.ch\/en\/further-education\/2021-08-19\/angewandte-forschung-der-hes-so-unterstuetzt-lokale-kmu\/","og_locale":"en_US","og_type":"article","og_title":"Angewandte Forschung der HES-SO unterst\u00fctzt lokale KMU","og_description":"Die Westschweizer Fachhochschule HES-SO hat eine ausserordentliche Projektausschreibung lanciert. Angewandte Forschung soll KMU unterst\u00fctzen.","og_url":"https:\/\/www.organisator.ch\/en\/further-education\/2021-08-19\/angewandte-forschung-der-hes-so-unterstuetzt-lokale-kmu\/","og_site_name":"Organisator","article_publisher":"https:\/\/www.facebook.com\/OrganisatorFachmagazin","article_published_time":"2021-08-19T06:06:57+00:00","og_image":[{"width":680,"height":447,"url":"https:\/\/www.organisator.ch\/wp-content\/uploads\/2021\/08\/Angewandte-Forschung-der-HES-SO-unterstuetzt-lokale-KMU_Organisator.jpg","type":"image\/jpeg"}],"author":"thomas.berner","twitter_card":"summary_large_image","twitter_title":"Angewandte #Forschung der #HES-SO unterst\u00fctzt lokale #KMU","twitter_description":"Die Westschweizer #Fachhochschule #HES-SO hat eine ausserordentliche Projektausschreibung lanciert. Angewandte #Forschung soll KMU unterst\u00fctzen.","twitter_image":"https:\/\/www.organisator.ch\/wp-content\/uploads\/2021\/08\/Angewandte-Forschung-der-HES-SO-unterstuetzt-lokale-KMU_Organisator.jpg","schema":{"@context":"https:\/\/schema.org","@graph":[{"@type":"Article","@id":"https:\/\/www.organisator.ch\/weiterbildung\/2021-08-19\/angewandte-forschung-der-hes-so-unterstuetzt-lokale-kmu\/#article","isPartOf":{"@id":"https:\/\/www.organisator.ch\/weiterbildung\/2021-08-19\/angewandte-forschung-der-hes-so-unterstuetzt-lokale-kmu\/"},"author":{"name":"thomas.berner","@id":"https:\/\/www.organisator.ch\/#\/schema\/person\/6f650f90b2842cd4c0cc334b4e36f67e"},"headline":"Angewandte Forschung der HES-SO unterst\u00fctzt lokale KMU","datePublished":"2021-08-19T06:06:57+00:00","mainEntityOfPage":{"@id":"https:\/\/www.organisator.ch\/weiterbildung\/2021-08-19\/angewandte-forschung-der-hes-so-unterstuetzt-lokale-kmu\/"},"wordCount":505,"publisher":{"@id":"https:\/\/www.organisator.ch\/#organization"},"image":{"@id":"https:\/\/www.organisator.ch\/weiterbildung\/2021-08-19\/angewandte-forschung-der-hes-so-unterstuetzt-lokale-kmu\/#primaryimage"},"thumbnailUrl":"https:\/\/www.organisator.ch\/wp-content\/uploads\/2021\/08\/Angewandte-Forschung-der-HES-SO-unterstuetzt-lokale-KMU_Organisator.jpg","keywords":["Aus-\/Weiterbildung","Unternehmen","Wissenschaft"],"articleSection":["WEITERBILDUNG"],"inLanguage":"en-US"},{"@type":"WebPage","@id":"https:\/\/www.organisator.ch\/weiterbildung\/2021-08-19\/angewandte-forschung-der-hes-so-unterstuetzt-lokale-kmu\/","url":"https:\/\/www.organisator.ch\/weiterbildung\/2021-08-19\/angewandte-forschung-der-hes-so-unterstuetzt-lokale-kmu\/","name":"Applied research of the HES-SO supports local SMEs - Organizer","isPartOf":{"@id":"https:\/\/www.organisator.ch\/#website"},"primaryImageOfPage":{"@id":"https:\/\/www.organisator.ch\/weiterbildung\/2021-08-19\/angewandte-forschung-der-hes-so-unterstuetzt-lokale-kmu\/#primaryimage"},"image":{"@id":"https:\/\/www.organisator.ch\/weiterbildung\/2021-08-19\/angewandte-forschung-der-hes-so-unterstuetzt-lokale-kmu\/#primaryimage"},"thumbnailUrl":"https:\/\/www.organisator.ch\/wp-content\/uploads\/2021\/08\/Angewandte-Forschung-der-HES-SO-unterstuetzt-lokale-KMU_Organisator.jpg","datePublished":"2021-08-19T06:06:57+00:00","description":"The HES-SO University of Applied Sciences of Western Switzerland has launched an extraordinary call for projects. Applied research is to support SMEs.","breadcrumb":{"@id":"https:\/\/www.organisator.ch\/weiterbildung\/2021-08-19\/angewandte-forschung-der-hes-so-unterstuetzt-lokale-kmu\/#breadcrumb"},"inLanguage":"en-US","potentialAction":[{"@type":"ReadAction","target":["https:\/\/www.organisator.ch\/weiterbildung\/2021-08-19\/angewandte-forschung-der-hes-so-unterstuetzt-lokale-kmu\/"]}]},{"@type":"ImageObject","inLanguage":"en-US","@id":"https:\/\/www.organisator.ch\/weiterbildung\/2021-08-19\/angewandte-forschung-der-hes-so-unterstuetzt-lokale-kmu\/#primaryimage","url":"https:\/\/www.organisator.ch\/wp-content\/uploads\/2021\/08\/Angewandte-Forschung-der-HES-SO-unterstuetzt-lokale-KMU_Organisator.jpg","contentUrl":"https:\/\/www.organisator.ch\/wp-content\/uploads\/2021\/08\/Angewandte-Forschung-der-HES-SO-unterstuetzt-lokale-KMU_Organisator.jpg","width":680,"height":447,"caption":"Angewandte Forschung zu Gunsten von KMU: Die Westschweizer Fachhochschule HES-SO hat eine ausserordentliche Projektausschreibung lanciert. (Bild: Pixabay.com)"},{"@type":"BreadcrumbList","@id":"https:\/\/www.organisator.ch\/weiterbildung\/2021-08-19\/angewandte-forschung-der-hes-so-unterstuetzt-lokale-kmu\/#breadcrumb","itemListElement":[{"@type":"ListItem","position":1,"name":"Home","item":"https:\/\/www.organisator.ch\/"},{"@type":"ListItem","position":2,"name":"Angewandte Forschung der HES-SO unterst\u00fctzt lokale KMU"}]},{"@type":"WebSite","@id":"https:\/\/www.organisator.ch\/#website","url":"https:\/\/www.organisator.ch\/","name":"Organizer","description":"Competent. Practical. In 10 issues per year, ORGANISATOR presents the essential topics for managers of SMEs.","publisher":{"@id":"https:\/\/www.organisator.ch\/#organization"},"potentialAction":[{"@type":"SearchAction","target":{"@type":"EntryPoint","urlTemplate":"https:\/\/www.organisator.ch\/?s={search_term_string}"},"query-input":{"@type":"PropertyValueSpecification","valueRequired":true,"valueName":"search_term_string"}}],"inLanguage":"en-US"},{"@type":"Organization","@id":"https:\/\/www.organisator.ch\/#organization","name":"Organizer","url":"https:\/\/www.organisator.ch\/","logo":{"@type":"ImageObject","inLanguage":"en-US","@id":"https:\/\/www.organisator.ch\/#\/schema\/logo\/image\/","url":"https:\/\/www.organisator.ch\/wp-content\/uploads\/2022\/01\/Logo_Organisator_Website.png","contentUrl":"https:\/\/www.organisator.ch\/wp-content\/uploads\/2022\/01\/Logo_Organisator_Website.png","width":800,"height":77,"caption":"Organisator"},"image":{"@id":"https:\/\/www.organisator.ch\/#\/schema\/logo\/image\/"},"sameAs":["https:\/\/www.facebook.com\/OrganisatorFachmagazin","https:\/\/www.linkedin.com\/showcase\/organisator-das-magazin-fr-kmu","https:\/\/www.xing.com\/news\/pages\/organisator-ch-695","https:\/\/www.youtube.com\/channel\/UCGP2Sq0iWaZwT3BdIAQFYpw"]},{"@type":"Person","@id":"https:\/\/www.organisator.ch\/#\/schema\/person\/6f650f90b2842cd4c0cc334b4e36f67e","name":"thomas.berner","image":{"@type":"ImageObject","inLanguage":"en-US","@id":"https:\/\/secure.gravatar.com\/avatar\/ac5001d2a36cb6c6cd3e50789007ffca834b477b74a2144564522e944eabff61?s=96&d=mm&r=g","url":"https:\/\/secure.gravatar.com\/avatar\/ac5001d2a36cb6c6cd3e50789007ffca834b477b74a2144564522e944eabff61?s=96&d=mm&r=g","contentUrl":"https:\/\/secure.gravatar.com\/avatar\/ac5001d2a36cb6c6cd3e50789007ffca834b477b74a2144564522e944eabff61?s=96&d=mm&r=g","caption":"thomas.berner"},"url":"https:\/\/www.organisator.ch\/en\/author\/thomas-berner\/"}]}},"_links":{"self":[{"href":"https:\/\/www.organisator.ch\/en\/wp-json\/wp\/v2\/posts\/8404","targetHints":{"allow":["GET"]}}],"collection":[{"href":"https:\/\/www.organisator.ch\/en\/wp-json\/wp\/v2\/posts"}],"about":[{"href":"https:\/\/www.organisator.ch\/en\/wp-json\/wp\/v2\/types\/post"}],"author":[{"embeddable":true,"href":"https:\/\/www.organisator.ch\/en\/wp-json\/wp\/v2\/users\/4"}],"replies":[{"embeddable":true,"href":"https:\/\/www.organisator.ch\/en\/wp-json\/wp\/v2\/comments?post=8404"}],"version-history":[{"count":0,"href":"https:\/\/www.organisator.ch\/en\/wp-json\/wp\/v2\/posts\/8404\/revisions"}],"wp:featuredmedia":[{"embeddable":true,"href":"https:\/\/www.organisator.ch\/en\/wp-json\/wp\/v2\/media\/8405"}],"wp:attachment":[{"href":"https:\/\/www.organisator.ch\/en\/wp-json\/wp\/v2\/media?parent=8404"}],"wp:term":[{"taxonomy":"category","embeddable":true,"href":"https:\/\/www.organisator.ch\/en\/wp-json\/wp\/v2\/categories?post=8404"},{"taxonomy":"post_tag","embeddable":true,"href":"https:\/\/www.organisator.ch\/en\/wp-json\/wp\/v2\/tags?post=8404"}],"curies":[{"name":"wp","href":"https:\/\/api.w.org\/{rel}","templated":true}]}}