{"id":8431,"date":"2021-08-30T08:19:59","date_gmt":"2021-08-30T06:19:59","guid":{"rendered":"https:\/\/www.organisator.ch\/?p=8431"},"modified":"2021-08-30T08:19:59","modified_gmt":"2021-08-30T06:19:59","slug":"mit-dem-cyber-incident-hub-gegen-cyberattacken","status":"publish","type":"post","link":"https:\/\/www.organisator.ch\/en\/management\/it\/2021-08-30\/mit-dem-cyber-incident-hub-gegen-cyberattacken\/","title":{"rendered":"With the Cyber Incident Hub against cyberattacks"},"content":{"rendered":"<figure id=\"attachment_8446\" aria-describedby=\"caption-attachment-8446\" style=\"width: 680px\" class=\"wp-caption alignnone\"><a href=\"https:\/\/www.organisator.ch\/wp-content\/uploads\/2021\/08\/Mit-dem-Cyber-Incident-Hub-gegen-Cyberattacken_Organisator.jpg\"><img loading=\"lazy\" decoding=\"async\" class=\"size-medium wp-image-8446\" src=\"https:\/\/www.organisator.ch\/wp-content\/uploads\/2021\/08\/Mit-dem-Cyber-Incident-Hub-gegen-Cyberattacken_Organisator.jpg\" alt=\"\" width=\"680\" height=\"454\" srcset=\"https:\/\/www.organisator.ch\/wp-content\/uploads\/2021\/08\/Mit-dem-Cyber-Incident-Hub-gegen-Cyberattacken_Organisator.jpg 680w, https:\/\/www.organisator.ch\/wp-content\/uploads\/2021\/08\/Mit-dem-Cyber-Incident-Hub-gegen-Cyberattacken_Organisator-18x12.jpg 18w, https:\/\/www.organisator.ch\/wp-content\/uploads\/2021\/08\/Mit-dem-Cyber-Incident-Hub-gegen-Cyberattacken_Organisator-262x175.jpg 262w, https:\/\/www.organisator.ch\/wp-content\/uploads\/2021\/08\/Mit-dem-Cyber-Incident-Hub-gegen-Cyberattacken_Organisator-524x350.jpg 524w, https:\/\/www.organisator.ch\/wp-content\/uploads\/2021\/08\/Mit-dem-Cyber-Incident-Hub-gegen-Cyberattacken_Organisator-300x200.jpg 300w\" sizes=\"auto, (max-width: 680px) 100vw, 680px\" \/><\/a><figcaption id=\"caption-attachment-8446\" class=\"wp-caption-text\">Three consulting firms and a startup offer the Cyber Incident Hub, a comprehensive service for dealing with cyberattacks. (Image: Unsplash)<\/figcaption><\/figure>\n<p>Not only large corporations are affected by increasing cyber attacks. This is shown, for example, by the cases of Stadler Rail and Comparis, which recently became public. A study by the ZHAW also reveals this: About one-third of Swiss SMEs have already fallen victim to cyberattacks, and about 4 % of them have also been blackmailed. This means that almost 200,000 SMEs have already fallen victim to a cyber attack. ICT Switzerland also warns in a study: \"The risk of falling victim to a cyber attack is overestimated. Only 10 % and 4 % of respondents, respectively, perceive being put out of action for a day or even having their livelihood threatened as a great or very great danger.\" At the same time, however, only 60 % of respondents confirm having fully implemented basic protection measures such as malware protection, firewall, patch management and backup. Cyber incident detection systems have been fully implemented by only one in five companies, he said. Only 18 % of the companies surveyed still report processes for handling cyber incidents, and only 15 % report employee training on the secure use of IT.<\/p>\n<h2>When it happens, good advice is needed<\/h2>\n<p>When a cyberattack occurs at a company, good advice is needed. A ransomware attack, for example, is quickly followed by the demand for a ransom, usually in cryptocurrencies, to cover up traces. For victims, it often remains uncertain whether access to the data encrypted by the attacker will actually be fully restored after payment has been made. What is left behind are legal cases, reputational damage, financial losses and uncertainty. Prevention, intervention and aftercare are needed along with good advice.<\/p>\n<h2>Cyber Incident Hub for companies and insurers<\/h2>\n<p>Against this background, the three consulting firms MLL MeyerLustenberger Lachenal Froriep (MLL), Farner Consulting, Oneconsult and the startup CYBERA have jointly launched the interdisciplinary \"Cyber Incident Response Hub\", which is available with support services around the clock. Covered are cyber specialized legal advice (MLL), incident response and digital forensics (Oneconsult), crisis communication and reputation management (Farner), and international response to fraudulently stolen funds (CYBERA). According to the company, this unique offering in Switzerland addresses a rapidly increasing threat to companies from cyberattacks, data corruption, fraud and extortion in times of digital transformation. Target customers are not only (cyber) insurers but also exposed companies of all kinds. Nicola Staub, Founder and CEO CYBERA says about the new service offering: \"To block and secure fraudulently stolen funds worldwide with criminally relevant information before they are laundered and irrevocably lost, new solutions are needed, which we offer.\"<\/p>\n<h2>The 360\u00b0 offer<\/h2>\n<p>The interdisciplinary capabilities of legal, technology, forensics, and communications professionals offered by the Cyber Incident Hub are all needed to best prepare for, successfully defend against, and manage or mitigate risks. MLL Law Firm has built a network of leading and experienced partners to provide a coordinated response to cybersecurity issues of all types. Services range from the creation of a cybersecurity response plan and cyber risk readiness review to the legally correct handling of security breaches, data breaches and cyber incident investigations. Good communication in the event of the attack contributes to the rapid recovery of the reputation damage incurred. Last but not least, ensuring cyber and data security at all times is now one of the basic legal requirements for compliance and good governance, write the operators of the Cyber Incident Hub.<\/p>\n<p>How can the Cyber Incident Hub be contacted? Currently acts <a href=\"https:\/\/mll-legal.com\/expertise\/cybersecurity-incident-response-hub\/\">MLL as a point of contact<\/a>However, a landing page is currently being set up, we were told in response to our inquiry. The offer is intended less as an emergency call option than as a comprehensive service that can be used, for example, as part of insurance packages against cyber risks.<\/p>","protected":false},"excerpt":{"rendered":"<p>Nicht nur Grosskonzerne sind von zunehmenden Cyberangriffen betroffen. Das zeigen etwa die F\u00e4lle Stadler Rail und Comparis, die j\u00fcngst publik geworden sind. Auch eine Studie der ZHAW legt offen: Etwa ein Drittel der Schweizer KMU sei bereits Opfer von Cyberangriffen geworden, rund 4 % davon seien zudem erpresst worden. Damit sind schon knapp 200&#8217;000 KMU [&hellip;]<\/p>\n","protected":false},"author":4,"featured_media":8446,"comment_status":"closed","ping_status":"closed","sticky":false,"template":"","format":"standard","meta":{"_acf_changed":false,"_yoast_wpseo_focuskw":"Cyber Incident Hub","_yoast_wpseo_metadesc":"Drei f\u00fchrende Beratungsunternehmen und ein Startup-Unternehmen lancierten am 25. August 2021 den ersten interdisziplin\u00e4ren Cyber Incident Hub der Schweiz.","articlekey":"","footnotes":""},"categories":[27],"tags":[142,260,286,393],"class_list":["post-8431","post","type-post","status-publish","format-standard","has-post-thumbnail","hentry","category-it","tag-cyber-crime","tag-ict-sicherheit","tag-it","tag-produkte"],"acf":[],"yoast_head":"<!-- This site is optimized with the Yoast SEO plugin v27.5 - https:\/\/yoast.com\/product\/yoast-seo-wordpress\/ -->\n<title>Mit dem Cyber Incident Hub gegen Cyberattacken - Organisator<\/title>\n<meta name=\"description\" content=\"Drei f\u00fchrende Beratungsunternehmen und ein Startup-Unternehmen lancierten am 25. August 2021 den ersten interdisziplin\u00e4ren Cyber Incident Hub der Schweiz.\" \/>\n<meta name=\"robots\" content=\"index, follow, max-snippet:-1, max-image-preview:large, max-video-preview:-1\" \/>\n<link rel=\"canonical\" href=\"https:\/\/www.organisator.ch\/en\/management\/it\/2021-08-30\/mit-dem-cyber-incident-hub-gegen-cyberattacken\/\" \/>\n<meta property=\"og:locale\" content=\"en_US\" \/>\n<meta property=\"og:type\" content=\"article\" \/>\n<meta property=\"og:title\" content=\"Mit dem Cyber Incident Hub gegen Cyberattacken\" \/>\n<meta property=\"og:description\" content=\"Drei f\u00fchrende Beratungsunternehmen und ein Startup-Unternehmen lancierten am 25. August 2021 den ersten interdisziplin\u00e4ren Cyber Incident Hub der Schweiz.\" \/>\n<meta property=\"og:url\" content=\"https:\/\/www.organisator.ch\/en\/management\/it\/2021-08-30\/mit-dem-cyber-incident-hub-gegen-cyberattacken\/\" \/>\n<meta property=\"og:site_name\" content=\"Organisator\" \/>\n<meta property=\"article:publisher\" content=\"https:\/\/www.facebook.com\/OrganisatorFachmagazin\" \/>\n<meta property=\"article:published_time\" content=\"2021-08-30T06:19:59+00:00\" \/>\n<meta property=\"og:image\" content=\"https:\/\/www.organisator.ch\/wp-content\/uploads\/2021\/08\/Mit-dem-Cyber-Incident-Hub-gegen-Cyberattacken_Organisator.jpg\" \/>\n\t<meta property=\"og:image:width\" content=\"680\" \/>\n\t<meta property=\"og:image:height\" content=\"454\" \/>\n\t<meta property=\"og:image:type\" content=\"image\/jpeg\" \/>\n<meta name=\"author\" content=\"thomas.berner\" \/>\n<meta name=\"twitter:card\" content=\"summary_large_image\" \/>\n<meta name=\"twitter:title\" content=\"Mit dem Cyber Incident Hub gegen #Cyberattacken\" \/>\n<meta name=\"twitter:description\" content=\"Drei f\u00fchrende Beratungsunternehmen und ein #Startup-Unternehmen lancierten am 25. August 2021 den ersten interdisziplin\u00e4ren #CyberIncidentHub der Schweiz.\" \/>\n<meta name=\"twitter:image\" content=\"https:\/\/www.organisator.ch\/wp-content\/uploads\/2021\/08\/Mit-dem-Cyber-Incident-Hub-gegen-Cyberattacken_Organisator.jpg\" \/>\n<script type=\"application\/ld+json\" class=\"yoast-schema-graph\">{\"@context\":\"https:\\\/\\\/schema.org\",\"@graph\":[{\"@type\":\"Article\",\"@id\":\"https:\\\/\\\/www.organisator.ch\\\/management\\\/it\\\/2021-08-30\\\/mit-dem-cyber-incident-hub-gegen-cyberattacken\\\/#article\",\"isPartOf\":{\"@id\":\"https:\\\/\\\/www.organisator.ch\\\/management\\\/it\\\/2021-08-30\\\/mit-dem-cyber-incident-hub-gegen-cyberattacken\\\/\"},\"author\":{\"name\":\"thomas.berner\",\"@id\":\"https:\\\/\\\/www.organisator.ch\\\/#\\\/schema\\\/person\\\/6f650f90b2842cd4c0cc334b4e36f67e\"},\"headline\":\"Mit dem Cyber Incident Hub gegen Cyberattacken\",\"datePublished\":\"2021-08-30T06:19:59+00:00\",\"mainEntityOfPage\":{\"@id\":\"https:\\\/\\\/www.organisator.ch\\\/management\\\/it\\\/2021-08-30\\\/mit-dem-cyber-incident-hub-gegen-cyberattacken\\\/\"},\"wordCount\":631,\"publisher\":{\"@id\":\"https:\\\/\\\/www.organisator.ch\\\/#organization\"},\"image\":{\"@id\":\"https:\\\/\\\/www.organisator.ch\\\/management\\\/it\\\/2021-08-30\\\/mit-dem-cyber-incident-hub-gegen-cyberattacken\\\/#primaryimage\"},\"thumbnailUrl\":\"https:\\\/\\\/www.organisator.ch\\\/wp-content\\\/uploads\\\/2021\\\/08\\\/Mit-dem-Cyber-Incident-Hub-gegen-Cyberattacken_Organisator.jpg\",\"keywords\":[\"Cyber-Crime\",\"ICT-Sicherheit\",\"IT\",\"Produkte\"],\"articleSection\":[\"IT\"],\"inLanguage\":\"en-US\"},{\"@type\":\"WebPage\",\"@id\":\"https:\\\/\\\/www.organisator.ch\\\/management\\\/it\\\/2021-08-30\\\/mit-dem-cyber-incident-hub-gegen-cyberattacken\\\/\",\"url\":\"https:\\\/\\\/www.organisator.ch\\\/management\\\/it\\\/2021-08-30\\\/mit-dem-cyber-incident-hub-gegen-cyberattacken\\\/\",\"name\":\"Mit dem Cyber Incident Hub gegen Cyberattacken - Organisator\",\"isPartOf\":{\"@id\":\"https:\\\/\\\/www.organisator.ch\\\/#website\"},\"primaryImageOfPage\":{\"@id\":\"https:\\\/\\\/www.organisator.ch\\\/management\\\/it\\\/2021-08-30\\\/mit-dem-cyber-incident-hub-gegen-cyberattacken\\\/#primaryimage\"},\"image\":{\"@id\":\"https:\\\/\\\/www.organisator.ch\\\/management\\\/it\\\/2021-08-30\\\/mit-dem-cyber-incident-hub-gegen-cyberattacken\\\/#primaryimage\"},\"thumbnailUrl\":\"https:\\\/\\\/www.organisator.ch\\\/wp-content\\\/uploads\\\/2021\\\/08\\\/Mit-dem-Cyber-Incident-Hub-gegen-Cyberattacken_Organisator.jpg\",\"datePublished\":\"2021-08-30T06:19:59+00:00\",\"description\":\"Drei f\u00fchrende Beratungsunternehmen und ein Startup-Unternehmen lancierten am 25. August 2021 den ersten interdisziplin\u00e4ren Cyber Incident Hub der Schweiz.\",\"breadcrumb\":{\"@id\":\"https:\\\/\\\/www.organisator.ch\\\/management\\\/it\\\/2021-08-30\\\/mit-dem-cyber-incident-hub-gegen-cyberattacken\\\/#breadcrumb\"},\"inLanguage\":\"en-US\",\"potentialAction\":[{\"@type\":\"ReadAction\",\"target\":[\"https:\\\/\\\/www.organisator.ch\\\/management\\\/it\\\/2021-08-30\\\/mit-dem-cyber-incident-hub-gegen-cyberattacken\\\/\"]}]},{\"@type\":\"ImageObject\",\"inLanguage\":\"en-US\",\"@id\":\"https:\\\/\\\/www.organisator.ch\\\/management\\\/it\\\/2021-08-30\\\/mit-dem-cyber-incident-hub-gegen-cyberattacken\\\/#primaryimage\",\"url\":\"https:\\\/\\\/www.organisator.ch\\\/wp-content\\\/uploads\\\/2021\\\/08\\\/Mit-dem-Cyber-Incident-Hub-gegen-Cyberattacken_Organisator.jpg\",\"contentUrl\":\"https:\\\/\\\/www.organisator.ch\\\/wp-content\\\/uploads\\\/2021\\\/08\\\/Mit-dem-Cyber-Incident-Hub-gegen-Cyberattacken_Organisator.jpg\",\"width\":680,\"height\":454,\"caption\":\"Drei Beratungsunternehmen und ein Startup bieten mit dem Cyber Incident Hub ein umfassendes Angebot zur Bew\u00e4ltigung von Cyberattacken. (Bild: Unsplash)\"},{\"@type\":\"BreadcrumbList\",\"@id\":\"https:\\\/\\\/www.organisator.ch\\\/management\\\/it\\\/2021-08-30\\\/mit-dem-cyber-incident-hub-gegen-cyberattacken\\\/#breadcrumb\",\"itemListElement\":[{\"@type\":\"ListItem\",\"position\":1,\"name\":\"Home\",\"item\":\"https:\\\/\\\/www.organisator.ch\\\/\"},{\"@type\":\"ListItem\",\"position\":2,\"name\":\"Mit dem Cyber Incident Hub gegen Cyberattacken\"}]},{\"@type\":\"WebSite\",\"@id\":\"https:\\\/\\\/www.organisator.ch\\\/#website\",\"url\":\"https:\\\/\\\/www.organisator.ch\\\/\",\"name\":\"Organisator\",\"description\":\"Kompetent. Praxisnah. Der ORGANISATOR bereitet in 10 Ausgaben pro Jahr die wesentlichen Themen f\u00fcr F\u00fchrungskr\u00e4fte von KMU auf.\",\"publisher\":{\"@id\":\"https:\\\/\\\/www.organisator.ch\\\/#organization\"},\"potentialAction\":[{\"@type\":\"SearchAction\",\"target\":{\"@type\":\"EntryPoint\",\"urlTemplate\":\"https:\\\/\\\/www.organisator.ch\\\/?s={search_term_string}\"},\"query-input\":{\"@type\":\"PropertyValueSpecification\",\"valueRequired\":true,\"valueName\":\"search_term_string\"}}],\"inLanguage\":\"en-US\"},{\"@type\":\"Organization\",\"@id\":\"https:\\\/\\\/www.organisator.ch\\\/#organization\",\"name\":\"Organisator\",\"url\":\"https:\\\/\\\/www.organisator.ch\\\/\",\"logo\":{\"@type\":\"ImageObject\",\"inLanguage\":\"en-US\",\"@id\":\"https:\\\/\\\/www.organisator.ch\\\/#\\\/schema\\\/logo\\\/image\\\/\",\"url\":\"https:\\\/\\\/www.organisator.ch\\\/wp-content\\\/uploads\\\/2022\\\/01\\\/Logo_Organisator_Website.png\",\"contentUrl\":\"https:\\\/\\\/www.organisator.ch\\\/wp-content\\\/uploads\\\/2022\\\/01\\\/Logo_Organisator_Website.png\",\"width\":800,\"height\":77,\"caption\":\"Organisator\"},\"image\":{\"@id\":\"https:\\\/\\\/www.organisator.ch\\\/#\\\/schema\\\/logo\\\/image\\\/\"},\"sameAs\":[\"https:\\\/\\\/www.facebook.com\\\/OrganisatorFachmagazin\",\"https:\\\/\\\/www.linkedin.com\\\/showcase\\\/organisator-das-magazin-fr-kmu\",\"https:\\\/\\\/www.xing.com\\\/news\\\/pages\\\/organisator-ch-695\",\"https:\\\/\\\/www.youtube.com\\\/channel\\\/UCGP2Sq0iWaZwT3BdIAQFYpw\"]},{\"@type\":\"Person\",\"@id\":\"https:\\\/\\\/www.organisator.ch\\\/#\\\/schema\\\/person\\\/6f650f90b2842cd4c0cc334b4e36f67e\",\"name\":\"thomas.berner\",\"image\":{\"@type\":\"ImageObject\",\"inLanguage\":\"en-US\",\"@id\":\"https:\\\/\\\/secure.gravatar.com\\\/avatar\\\/ac5001d2a36cb6c6cd3e50789007ffca834b477b74a2144564522e944eabff61?s=96&d=mm&r=g\",\"url\":\"https:\\\/\\\/secure.gravatar.com\\\/avatar\\\/ac5001d2a36cb6c6cd3e50789007ffca834b477b74a2144564522e944eabff61?s=96&d=mm&r=g\",\"contentUrl\":\"https:\\\/\\\/secure.gravatar.com\\\/avatar\\\/ac5001d2a36cb6c6cd3e50789007ffca834b477b74a2144564522e944eabff61?s=96&d=mm&r=g\",\"caption\":\"thomas.berner\"},\"url\":\"https:\\\/\\\/www.organisator.ch\\\/en\\\/author\\\/thomas-berner\\\/\"}]}<\/script>\n<!-- \/ Yoast SEO plugin. -->","yoast_head_json":{"title":"With the Cyber Incident Hub against cyberattacks - Organizer","description":"Three leading consulting firms and a startup company launched Switzerland's first interdisciplinary Cyber Incident Hub on August 25, 2021.","robots":{"index":"index","follow":"follow","max-snippet":"max-snippet:-1","max-image-preview":"max-image-preview:large","max-video-preview":"max-video-preview:-1"},"canonical":"https:\/\/www.organisator.ch\/en\/management\/it\/2021-08-30\/mit-dem-cyber-incident-hub-gegen-cyberattacken\/","og_locale":"en_US","og_type":"article","og_title":"Mit dem Cyber Incident Hub gegen Cyberattacken","og_description":"Drei f\u00fchrende Beratungsunternehmen und ein Startup-Unternehmen lancierten am 25. August 2021 den ersten interdisziplin\u00e4ren Cyber Incident Hub der Schweiz.","og_url":"https:\/\/www.organisator.ch\/en\/management\/it\/2021-08-30\/mit-dem-cyber-incident-hub-gegen-cyberattacken\/","og_site_name":"Organisator","article_publisher":"https:\/\/www.facebook.com\/OrganisatorFachmagazin","article_published_time":"2021-08-30T06:19:59+00:00","og_image":[{"width":680,"height":454,"url":"https:\/\/www.organisator.ch\/wp-content\/uploads\/2021\/08\/Mit-dem-Cyber-Incident-Hub-gegen-Cyberattacken_Organisator.jpg","type":"image\/jpeg"}],"author":"thomas.berner","twitter_card":"summary_large_image","twitter_title":"Mit dem Cyber Incident Hub gegen #Cyberattacken","twitter_description":"Drei f\u00fchrende Beratungsunternehmen und ein #Startup-Unternehmen lancierten am 25. August 2021 den ersten interdisziplin\u00e4ren #CyberIncidentHub der Schweiz.","twitter_image":"https:\/\/www.organisator.ch\/wp-content\/uploads\/2021\/08\/Mit-dem-Cyber-Incident-Hub-gegen-Cyberattacken_Organisator.jpg","schema":{"@context":"https:\/\/schema.org","@graph":[{"@type":"Article","@id":"https:\/\/www.organisator.ch\/management\/it\/2021-08-30\/mit-dem-cyber-incident-hub-gegen-cyberattacken\/#article","isPartOf":{"@id":"https:\/\/www.organisator.ch\/management\/it\/2021-08-30\/mit-dem-cyber-incident-hub-gegen-cyberattacken\/"},"author":{"name":"thomas.berner","@id":"https:\/\/www.organisator.ch\/#\/schema\/person\/6f650f90b2842cd4c0cc334b4e36f67e"},"headline":"Mit dem Cyber Incident Hub gegen Cyberattacken","datePublished":"2021-08-30T06:19:59+00:00","mainEntityOfPage":{"@id":"https:\/\/www.organisator.ch\/management\/it\/2021-08-30\/mit-dem-cyber-incident-hub-gegen-cyberattacken\/"},"wordCount":631,"publisher":{"@id":"https:\/\/www.organisator.ch\/#organization"},"image":{"@id":"https:\/\/www.organisator.ch\/management\/it\/2021-08-30\/mit-dem-cyber-incident-hub-gegen-cyberattacken\/#primaryimage"},"thumbnailUrl":"https:\/\/www.organisator.ch\/wp-content\/uploads\/2021\/08\/Mit-dem-Cyber-Incident-Hub-gegen-Cyberattacken_Organisator.jpg","keywords":["Cyber-Crime","ICT-Sicherheit","IT","Produkte"],"articleSection":["IT"],"inLanguage":"en-US"},{"@type":"WebPage","@id":"https:\/\/www.organisator.ch\/management\/it\/2021-08-30\/mit-dem-cyber-incident-hub-gegen-cyberattacken\/","url":"https:\/\/www.organisator.ch\/management\/it\/2021-08-30\/mit-dem-cyber-incident-hub-gegen-cyberattacken\/","name":"With the Cyber Incident Hub against cyberattacks - Organizer","isPartOf":{"@id":"https:\/\/www.organisator.ch\/#website"},"primaryImageOfPage":{"@id":"https:\/\/www.organisator.ch\/management\/it\/2021-08-30\/mit-dem-cyber-incident-hub-gegen-cyberattacken\/#primaryimage"},"image":{"@id":"https:\/\/www.organisator.ch\/management\/it\/2021-08-30\/mit-dem-cyber-incident-hub-gegen-cyberattacken\/#primaryimage"},"thumbnailUrl":"https:\/\/www.organisator.ch\/wp-content\/uploads\/2021\/08\/Mit-dem-Cyber-Incident-Hub-gegen-Cyberattacken_Organisator.jpg","datePublished":"2021-08-30T06:19:59+00:00","description":"Three leading consulting firms and a startup company launched Switzerland's first interdisciplinary Cyber Incident Hub on August 25, 2021.","breadcrumb":{"@id":"https:\/\/www.organisator.ch\/management\/it\/2021-08-30\/mit-dem-cyber-incident-hub-gegen-cyberattacken\/#breadcrumb"},"inLanguage":"en-US","potentialAction":[{"@type":"ReadAction","target":["https:\/\/www.organisator.ch\/management\/it\/2021-08-30\/mit-dem-cyber-incident-hub-gegen-cyberattacken\/"]}]},{"@type":"ImageObject","inLanguage":"en-US","@id":"https:\/\/www.organisator.ch\/management\/it\/2021-08-30\/mit-dem-cyber-incident-hub-gegen-cyberattacken\/#primaryimage","url":"https:\/\/www.organisator.ch\/wp-content\/uploads\/2021\/08\/Mit-dem-Cyber-Incident-Hub-gegen-Cyberattacken_Organisator.jpg","contentUrl":"https:\/\/www.organisator.ch\/wp-content\/uploads\/2021\/08\/Mit-dem-Cyber-Incident-Hub-gegen-Cyberattacken_Organisator.jpg","width":680,"height":454,"caption":"Drei Beratungsunternehmen und ein Startup bieten mit dem Cyber Incident Hub ein umfassendes Angebot zur Bew\u00e4ltigung von Cyberattacken. (Bild: Unsplash)"},{"@type":"BreadcrumbList","@id":"https:\/\/www.organisator.ch\/management\/it\/2021-08-30\/mit-dem-cyber-incident-hub-gegen-cyberattacken\/#breadcrumb","itemListElement":[{"@type":"ListItem","position":1,"name":"Home","item":"https:\/\/www.organisator.ch\/"},{"@type":"ListItem","position":2,"name":"Mit dem Cyber Incident Hub gegen Cyberattacken"}]},{"@type":"WebSite","@id":"https:\/\/www.organisator.ch\/#website","url":"https:\/\/www.organisator.ch\/","name":"Organizer","description":"Competent. Practical. In 10 issues per year, ORGANISATOR presents the essential topics for managers of SMEs.","publisher":{"@id":"https:\/\/www.organisator.ch\/#organization"},"potentialAction":[{"@type":"SearchAction","target":{"@type":"EntryPoint","urlTemplate":"https:\/\/www.organisator.ch\/?s={search_term_string}"},"query-input":{"@type":"PropertyValueSpecification","valueRequired":true,"valueName":"search_term_string"}}],"inLanguage":"en-US"},{"@type":"Organization","@id":"https:\/\/www.organisator.ch\/#organization","name":"Organizer","url":"https:\/\/www.organisator.ch\/","logo":{"@type":"ImageObject","inLanguage":"en-US","@id":"https:\/\/www.organisator.ch\/#\/schema\/logo\/image\/","url":"https:\/\/www.organisator.ch\/wp-content\/uploads\/2022\/01\/Logo_Organisator_Website.png","contentUrl":"https:\/\/www.organisator.ch\/wp-content\/uploads\/2022\/01\/Logo_Organisator_Website.png","width":800,"height":77,"caption":"Organisator"},"image":{"@id":"https:\/\/www.organisator.ch\/#\/schema\/logo\/image\/"},"sameAs":["https:\/\/www.facebook.com\/OrganisatorFachmagazin","https:\/\/www.linkedin.com\/showcase\/organisator-das-magazin-fr-kmu","https:\/\/www.xing.com\/news\/pages\/organisator-ch-695","https:\/\/www.youtube.com\/channel\/UCGP2Sq0iWaZwT3BdIAQFYpw"]},{"@type":"Person","@id":"https:\/\/www.organisator.ch\/#\/schema\/person\/6f650f90b2842cd4c0cc334b4e36f67e","name":"thomas.berner","image":{"@type":"ImageObject","inLanguage":"en-US","@id":"https:\/\/secure.gravatar.com\/avatar\/ac5001d2a36cb6c6cd3e50789007ffca834b477b74a2144564522e944eabff61?s=96&d=mm&r=g","url":"https:\/\/secure.gravatar.com\/avatar\/ac5001d2a36cb6c6cd3e50789007ffca834b477b74a2144564522e944eabff61?s=96&d=mm&r=g","contentUrl":"https:\/\/secure.gravatar.com\/avatar\/ac5001d2a36cb6c6cd3e50789007ffca834b477b74a2144564522e944eabff61?s=96&d=mm&r=g","caption":"thomas.berner"},"url":"https:\/\/www.organisator.ch\/en\/author\/thomas-berner\/"}]}},"_links":{"self":[{"href":"https:\/\/www.organisator.ch\/en\/wp-json\/wp\/v2\/posts\/8431","targetHints":{"allow":["GET"]}}],"collection":[{"href":"https:\/\/www.organisator.ch\/en\/wp-json\/wp\/v2\/posts"}],"about":[{"href":"https:\/\/www.organisator.ch\/en\/wp-json\/wp\/v2\/types\/post"}],"author":[{"embeddable":true,"href":"https:\/\/www.organisator.ch\/en\/wp-json\/wp\/v2\/users\/4"}],"replies":[{"embeddable":true,"href":"https:\/\/www.organisator.ch\/en\/wp-json\/wp\/v2\/comments?post=8431"}],"version-history":[{"count":0,"href":"https:\/\/www.organisator.ch\/en\/wp-json\/wp\/v2\/posts\/8431\/revisions"}],"wp:featuredmedia":[{"embeddable":true,"href":"https:\/\/www.organisator.ch\/en\/wp-json\/wp\/v2\/media\/8446"}],"wp:attachment":[{"href":"https:\/\/www.organisator.ch\/en\/wp-json\/wp\/v2\/media?parent=8431"}],"wp:term":[{"taxonomy":"category","embeddable":true,"href":"https:\/\/www.organisator.ch\/en\/wp-json\/wp\/v2\/categories?post=8431"},{"taxonomy":"post_tag","embeddable":true,"href":"https:\/\/www.organisator.ch\/en\/wp-json\/wp\/v2\/tags?post=8431"}],"curies":[{"name":"wp","href":"https:\/\/api.w.org\/{rel}","templated":true}]}}