{"id":8563,"date":"2015-12-18T14:32:37","date_gmt":"2015-12-18T13:32:37","guid":{"rendered":"http:\/\/dev.organisator.ch\/?p=48"},"modified":"2015-12-18T14:32:37","modified_gmt":"2015-12-18T13:32:37","slug":"die-angst-vor-der-uberization","status":"publish","type":"post","link":"https:\/\/www.organisator.ch\/en\/allgemein\/2015-12-18\/die-angst-vor-der-uberization\/","title":{"rendered":"The fear of \"Uberization"},"content":{"rendered":"<figure id=\"attachment_49\" aria-describedby=\"caption-attachment-49\" style=\"width: 680px\" class=\"wp-caption alignnone\"><img loading=\"lazy\" decoding=\"async\" class=\"size-medium wp-image-49\" src=\"https:\/\/organisator.ch\/wp-content\/uploads\/2016\/12\/Die-Angst-vor-der-\u201eUberization\u201c-organisator.jpg\" alt=\"\" width=\"680\" height=\"382\" \/><figcaption id=\"caption-attachment-49\" class=\"wp-caption-text\">The changed framework conditions also have an impact on management in the companies<\/figcaption><\/figure>\n<p>The proportion of executives who expect to have to increasingly compete against competitors from outside their industry has risen by more than a quarter in the last two years - from 43 percent in 2013 to 54 percent today. For the study, \"Redefining Boundaries: Insights from the Global C-suite Study,\" some 5,200 CEOs, CMOs, CFOs and CIOs from public and private companies in 21 industries were surveyed in over 70 countries.<\/p>\n<p>The buzzword is industry convergence: According to the study, more and more CxOs rate the convergence of industries as the defining factor influencing their businesses over the next three to five years. After all, 24 percent of executives from companies rated as high performers want to use cognitive technologies. Their predictive as well as cognitive analytics methods help predict with greater certainty what will happen in the competitive landscape, according to the study.<\/p>\n<p><strong>Avoid the unknown<\/strong><\/p>\n<p>For a long time, those new players who wanted to secure more market share with more favorable offers were considered the greatest risk for traditional companies. This is different today: Today, established companies are increasingly being squeezed by new market players with completely new, mostly digital, business models or by smaller, more agile competitors.<\/p>\n<p>The changed framework conditions also have an impact on management in the companies: For example, nearly half (48 percent) of CxOs see the need to strengthen their decentralized decision-making, 54 percent are looking to innovate outside their companies, and 70 percent plan to expand their partner networks.<\/p>\n<p>On the other hand, a majority of CxOs are confident that the way they deal with customers will actually change in the future: Two-thirds of those surveyed expect the focus to shift more to the customer as an individual - an increase of 22 percent since 2013 - and 81 percent are planning more digital interaction.<\/p>\n<p><strong>New technologies \u00a0<\/strong><\/p>\n<p>The CxOs' assessment of the importance of new technologies has also changed: Whereas in the last three CxO studies it was only the CEOs who rated technology as the most important external force with the greatest influence on their business, this time all top managers without exception share this opinion.<\/p>\n<p>For example, respondents believe that cloud computing, mobile solutions, the Internet of Things, and cognitive computing have the greatest potential to revolutionize their businesses.<\/p>\n<p>Another topic is IT security, which played a subordinate role two years ago. Today, it is considered the \"number one\" business risk by 68 percent of respondents.<\/p>\n<p>To read the entire IBM Global C-Suite Study, visit:<a href=\"http:\/\/www-935.ibm.com\/services\/c-suite\/study\/\" target=\"_blank\" data-cke-saved-href=\"http:\/\/www-935.ibm.com\/services\/c-suite\/study\/\" rel=\"noopener\"> www-935.ibm.com\/services\/c-suite\/study\/<\/a><\/p>\n<p><a href=\"http:\/\/www.ibm.com\" target=\"_blank\" data-cke-saved-href=\"\" rel=\"noopener\">www.ibm.com<\/a><\/p>","protected":false},"excerpt":{"rendered":"<p>Der Anteil an F\u00fchrungskr\u00e4ften, die erwarten, sich immer st\u00e4rker gegen branchenfremde Mitbewerber behaupten zu m\u00fcssen, ist innerhalb der letzten beiden Jahre um mehr als ein Viertel gestiegen \u2013 von 43 Prozent im Jahr 2013 auf heute 54 Prozent. F\u00fcr die Studie \u201eRedefining Boundaries: Insights from the Global C-suite Study\u201c wurden in \u00fcber 70 L\u00e4ndern rund [&hellip;]<\/p>\n","protected":false},"author":1,"featured_media":8458,"comment_status":"open","ping_status":"open","sticky":false,"template":"","format":"standard","meta":{"_acf_changed":false,"_yoast_wpseo_focuskw":"Uberization","_yoast_wpseo_metadesc":"Nach einer aktuellen Studie des IBM Institute for Business Value (IBV) ist der Trend der \u201eUberization\u201c eine der Hauptsorgen in den Vorstandsetagen.","articlekey":"","footnotes":""},"categories":[1],"tags":[492],"class_list":["post-8563","post","type-post","status-publish","format-standard","has-post-thumbnail","hentry","category-allgemein","tag-unternehmen"],"acf":[],"yoast_head":"<!-- This site is optimized with the Yoast SEO plugin v27.4 - https:\/\/yoast.com\/product\/yoast-seo-wordpress\/ -->\n<title>Die Angst vor der \u201eUberization\u201c - Organisator<\/title>\n<meta name=\"description\" content=\"Nach einer aktuellen Studie des IBM Institute for Business Value (IBV) ist der Trend der \u201eUberization\u201c eine der Hauptsorgen in den Vorstandsetagen.\" \/>\n<meta name=\"robots\" content=\"index, follow, max-snippet:-1, max-image-preview:large, max-video-preview:-1\" \/>\n<link rel=\"canonical\" href=\"https:\/\/www.organisator.ch\/en\/general\/2015-12-18\/die-angst-vor-der-uberization\/\" \/>\n<meta property=\"og:locale\" content=\"en_US\" \/>\n<meta property=\"og:type\" content=\"article\" \/>\n<meta property=\"og:title\" content=\"Die Angst vor der \u201eUberization\u201c\" \/>\n<meta property=\"og:description\" content=\"Nach einer aktuellen Studie des IBM Institute for Business Value (IBV) ist der Trend der \u201eUberization\u201c, mit dem das Aufweichen von Branchengrenzen durch neue Wettbewerber umschrieben wird, eine der Hauptsorgen in den Vorstandsetagen.\" \/>\n<meta property=\"og:url\" content=\"https:\/\/www.organisator.ch\/en\/general\/2015-12-18\/die-angst-vor-der-uberization\/\" \/>\n<meta property=\"og:site_name\" content=\"Organisator\" \/>\n<meta property=\"article:publisher\" content=\"https:\/\/www.facebook.com\/OrganisatorFachmagazin\" \/>\n<meta property=\"article:published_time\" content=\"2015-12-18T13:32:37+00:00\" \/>\n<meta name=\"author\" content=\"admin\" \/>\n<meta name=\"twitter:card\" content=\"summary_large_image\" \/>\n<meta name=\"twitter:image\" content=\"https:\/\/www.organisator.ch\/wp-content\/uploads\/2016\/12\/Die-Angst-vor-der-\u201eUberization-organisator.jpg\" \/>\n<script type=\"application\/ld+json\" class=\"yoast-schema-graph\">{\"@context\":\"https:\\\/\\\/schema.org\",\"@graph\":[{\"@type\":\"Article\",\"@id\":\"https:\\\/\\\/www.organisator.ch\\\/it\\\/generale\\\/2015-12-18\\\/die-angst-vor-der-uberization\\\/#article\",\"isPartOf\":{\"@id\":\"https:\\\/\\\/www.organisator.ch\\\/it\\\/generale\\\/2015-12-18\\\/die-angst-vor-der-uberization\\\/\"},\"author\":{\"name\":\"admin\",\"@id\":\"https:\\\/\\\/www.organisator.ch\\\/#\\\/schema\\\/person\\\/aa2bace6c5c5aad60102004a50c4eb1c\"},\"headline\":\"Die Angst vor der \u201eUberization\u201c\",\"datePublished\":\"2015-12-18T13:32:37+00:00\",\"mainEntityOfPage\":{\"@id\":\"https:\\\/\\\/www.organisator.ch\\\/it\\\/generale\\\/2015-12-18\\\/die-angst-vor-der-uberization\\\/\"},\"wordCount\":450,\"commentCount\":0,\"publisher\":{\"@id\":\"https:\\\/\\\/www.organisator.ch\\\/#organization\"},\"image\":{\"@id\":\"https:\\\/\\\/www.organisator.ch\\\/it\\\/generale\\\/2015-12-18\\\/die-angst-vor-der-uberization\\\/#primaryimage\"},\"thumbnailUrl\":\"https:\\\/\\\/www.organisator.ch\\\/wp-content\\\/uploads\\\/2016\\\/12\\\/Die-Angst-vor-der-\u201eUberization-organisator.jpg\",\"keywords\":[\"Unternehmen\"],\"articleSection\":[\"Allgemein\"],\"inLanguage\":\"en-US\"},{\"@type\":\"WebPage\",\"@id\":\"https:\\\/\\\/www.organisator.ch\\\/it\\\/generale\\\/2015-12-18\\\/die-angst-vor-der-uberization\\\/\",\"url\":\"https:\\\/\\\/www.organisator.ch\\\/it\\\/generale\\\/2015-12-18\\\/die-angst-vor-der-uberization\\\/\",\"name\":\"Die Angst vor der \u201eUberization\u201c - Organisator\",\"isPartOf\":{\"@id\":\"https:\\\/\\\/www.organisator.ch\\\/#website\"},\"primaryImageOfPage\":{\"@id\":\"https:\\\/\\\/www.organisator.ch\\\/it\\\/generale\\\/2015-12-18\\\/die-angst-vor-der-uberization\\\/#primaryimage\"},\"image\":{\"@id\":\"https:\\\/\\\/www.organisator.ch\\\/it\\\/generale\\\/2015-12-18\\\/die-angst-vor-der-uberization\\\/#primaryimage\"},\"thumbnailUrl\":\"https:\\\/\\\/www.organisator.ch\\\/wp-content\\\/uploads\\\/2016\\\/12\\\/Die-Angst-vor-der-\u201eUberization-organisator.jpg\",\"datePublished\":\"2015-12-18T13:32:37+00:00\",\"description\":\"Nach einer aktuellen Studie des IBM Institute for Business Value (IBV) ist der Trend der \u201eUberization\u201c eine der Hauptsorgen in den Vorstandsetagen.\",\"breadcrumb\":{\"@id\":\"https:\\\/\\\/www.organisator.ch\\\/it\\\/generale\\\/2015-12-18\\\/die-angst-vor-der-uberization\\\/#breadcrumb\"},\"inLanguage\":\"en-US\",\"potentialAction\":[{\"@type\":\"ReadAction\",\"target\":[\"https:\\\/\\\/www.organisator.ch\\\/it\\\/generale\\\/2015-12-18\\\/die-angst-vor-der-uberization\\\/\"]}]},{\"@type\":\"ImageObject\",\"inLanguage\":\"en-US\",\"@id\":\"https:\\\/\\\/www.organisator.ch\\\/it\\\/generale\\\/2015-12-18\\\/die-angst-vor-der-uberization\\\/#primaryimage\",\"url\":\"https:\\\/\\\/www.organisator.ch\\\/wp-content\\\/uploads\\\/2016\\\/12\\\/Die-Angst-vor-der-\u201eUberization-organisator.jpg\",\"contentUrl\":\"https:\\\/\\\/www.organisator.ch\\\/wp-content\\\/uploads\\\/2016\\\/12\\\/Die-Angst-vor-der-\u201eUberization-organisator.jpg\",\"width\":900,\"height\":505,\"caption\":\"Die ver\u00e4nderten Rahmenbedingungen haben auch Auswirkungen auf das Management in den Unternehmen\"},{\"@type\":\"BreadcrumbList\",\"@id\":\"https:\\\/\\\/www.organisator.ch\\\/it\\\/generale\\\/2015-12-18\\\/die-angst-vor-der-uberization\\\/#breadcrumb\",\"itemListElement\":[{\"@type\":\"ListItem\",\"position\":1,\"name\":\"Home\",\"item\":\"https:\\\/\\\/www.organisator.ch\\\/\"},{\"@type\":\"ListItem\",\"position\":2,\"name\":\"Die Angst vor der \u201eUberization\u201c\"}]},{\"@type\":\"WebSite\",\"@id\":\"https:\\\/\\\/www.organisator.ch\\\/#website\",\"url\":\"https:\\\/\\\/www.organisator.ch\\\/\",\"name\":\"Organisator\",\"description\":\"Kompetent. Praxisnah. Der ORGANISATOR bereitet in 10 Ausgaben pro Jahr die wesentlichen Themen f\u00fcr F\u00fchrungskr\u00e4fte von KMU auf.\",\"publisher\":{\"@id\":\"https:\\\/\\\/www.organisator.ch\\\/#organization\"},\"potentialAction\":[{\"@type\":\"SearchAction\",\"target\":{\"@type\":\"EntryPoint\",\"urlTemplate\":\"https:\\\/\\\/www.organisator.ch\\\/?s={search_term_string}\"},\"query-input\":{\"@type\":\"PropertyValueSpecification\",\"valueRequired\":true,\"valueName\":\"search_term_string\"}}],\"inLanguage\":\"en-US\"},{\"@type\":\"Organization\",\"@id\":\"https:\\\/\\\/www.organisator.ch\\\/#organization\",\"name\":\"Organisator\",\"url\":\"https:\\\/\\\/www.organisator.ch\\\/\",\"logo\":{\"@type\":\"ImageObject\",\"inLanguage\":\"en-US\",\"@id\":\"https:\\\/\\\/www.organisator.ch\\\/#\\\/schema\\\/logo\\\/image\\\/\",\"url\":\"https:\\\/\\\/www.organisator.ch\\\/wp-content\\\/uploads\\\/2022\\\/01\\\/Logo_Organisator_Website.png\",\"contentUrl\":\"https:\\\/\\\/www.organisator.ch\\\/wp-content\\\/uploads\\\/2022\\\/01\\\/Logo_Organisator_Website.png\",\"width\":800,\"height\":77,\"caption\":\"Organisator\"},\"image\":{\"@id\":\"https:\\\/\\\/www.organisator.ch\\\/#\\\/schema\\\/logo\\\/image\\\/\"},\"sameAs\":[\"https:\\\/\\\/www.facebook.com\\\/OrganisatorFachmagazin\",\"https:\\\/\\\/www.linkedin.com\\\/showcase\\\/organisator-das-magazin-fr-kmu\",\"https:\\\/\\\/www.xing.com\\\/news\\\/pages\\\/organisator-ch-695\",\"https:\\\/\\\/www.youtube.com\\\/channel\\\/UCGP2Sq0iWaZwT3BdIAQFYpw\"]},{\"@type\":\"Person\",\"@id\":\"https:\\\/\\\/www.organisator.ch\\\/#\\\/schema\\\/person\\\/aa2bace6c5c5aad60102004a50c4eb1c\",\"name\":\"admin\",\"image\":{\"@type\":\"ImageObject\",\"inLanguage\":\"en-US\",\"@id\":\"https:\\\/\\\/secure.gravatar.com\\\/avatar\\\/ae2f4d718e6c49043e314ce431e7e645d646302a24a5ef5a8bc8e3f5a032e319?s=96&d=mm&r=g\",\"url\":\"https:\\\/\\\/secure.gravatar.com\\\/avatar\\\/ae2f4d718e6c49043e314ce431e7e645d646302a24a5ef5a8bc8e3f5a032e319?s=96&d=mm&r=g\",\"contentUrl\":\"https:\\\/\\\/secure.gravatar.com\\\/avatar\\\/ae2f4d718e6c49043e314ce431e7e645d646302a24a5ef5a8bc8e3f5a032e319?s=96&d=mm&r=g\",\"caption\":\"admin\"},\"sameAs\":[\"https:\\\/\\\/www.organisator.ch\"],\"url\":\"https:\\\/\\\/www.organisator.ch\\\/en\\\/author\\\/admin\\\/\"}]}<\/script>\n<!-- \/ Yoast SEO plugin. -->","yoast_head_json":{"title":"The fear of \"Uberization\" - organizer","description":"According to a recent study by the IBM Institute for Business Value (IBV), the trend of \"Uberization\" is a major concern in boardrooms.","robots":{"index":"index","follow":"follow","max-snippet":"max-snippet:-1","max-image-preview":"max-image-preview:large","max-video-preview":"max-video-preview:-1"},"canonical":"https:\/\/www.organisator.ch\/en\/general\/2015-12-18\/die-angst-vor-der-uberization\/","og_locale":"en_US","og_type":"article","og_title":"Die Angst vor der \u201eUberization\u201c","og_description":"Nach einer aktuellen Studie des IBM Institute for Business Value (IBV) ist der Trend der \u201eUberization\u201c, mit dem das Aufweichen von Branchengrenzen durch neue Wettbewerber umschrieben wird, eine der Hauptsorgen in den Vorstandsetagen.","og_url":"https:\/\/www.organisator.ch\/en\/general\/2015-12-18\/die-angst-vor-der-uberization\/","og_site_name":"Organisator","article_publisher":"https:\/\/www.facebook.com\/OrganisatorFachmagazin","article_published_time":"2015-12-18T13:32:37+00:00","author":"admin","twitter_card":"summary_large_image","twitter_image":"https:\/\/www.organisator.ch\/wp-content\/uploads\/2016\/12\/Die-Angst-vor-der-\u201eUberization-organisator.jpg","schema":{"@context":"https:\/\/schema.org","@graph":[{"@type":"Article","@id":"https:\/\/www.organisator.ch\/it\/generale\/2015-12-18\/die-angst-vor-der-uberization\/#article","isPartOf":{"@id":"https:\/\/www.organisator.ch\/it\/generale\/2015-12-18\/die-angst-vor-der-uberization\/"},"author":{"name":"admin","@id":"https:\/\/www.organisator.ch\/#\/schema\/person\/aa2bace6c5c5aad60102004a50c4eb1c"},"headline":"Die Angst vor der \u201eUberization\u201c","datePublished":"2015-12-18T13:32:37+00:00","mainEntityOfPage":{"@id":"https:\/\/www.organisator.ch\/it\/generale\/2015-12-18\/die-angst-vor-der-uberization\/"},"wordCount":450,"commentCount":0,"publisher":{"@id":"https:\/\/www.organisator.ch\/#organization"},"image":{"@id":"https:\/\/www.organisator.ch\/it\/generale\/2015-12-18\/die-angst-vor-der-uberization\/#primaryimage"},"thumbnailUrl":"https:\/\/www.organisator.ch\/wp-content\/uploads\/2016\/12\/Die-Angst-vor-der-\u201eUberization-organisator.jpg","keywords":["Unternehmen"],"articleSection":["Allgemein"],"inLanguage":"en-US"},{"@type":"WebPage","@id":"https:\/\/www.organisator.ch\/it\/generale\/2015-12-18\/die-angst-vor-der-uberization\/","url":"https:\/\/www.organisator.ch\/it\/generale\/2015-12-18\/die-angst-vor-der-uberization\/","name":"The fear of \"Uberization\" - organizer","isPartOf":{"@id":"https:\/\/www.organisator.ch\/#website"},"primaryImageOfPage":{"@id":"https:\/\/www.organisator.ch\/it\/generale\/2015-12-18\/die-angst-vor-der-uberization\/#primaryimage"},"image":{"@id":"https:\/\/www.organisator.ch\/it\/generale\/2015-12-18\/die-angst-vor-der-uberization\/#primaryimage"},"thumbnailUrl":"https:\/\/www.organisator.ch\/wp-content\/uploads\/2016\/12\/Die-Angst-vor-der-\u201eUberization-organisator.jpg","datePublished":"2015-12-18T13:32:37+00:00","description":"According to a recent study by the IBM Institute for Business Value (IBV), the trend of \"Uberization\" is a major concern in boardrooms.","breadcrumb":{"@id":"https:\/\/www.organisator.ch\/it\/generale\/2015-12-18\/die-angst-vor-der-uberization\/#breadcrumb"},"inLanguage":"en-US","potentialAction":[{"@type":"ReadAction","target":["https:\/\/www.organisator.ch\/it\/generale\/2015-12-18\/die-angst-vor-der-uberization\/"]}]},{"@type":"ImageObject","inLanguage":"en-US","@id":"https:\/\/www.organisator.ch\/it\/generale\/2015-12-18\/die-angst-vor-der-uberization\/#primaryimage","url":"https:\/\/www.organisator.ch\/wp-content\/uploads\/2016\/12\/Die-Angst-vor-der-\u201eUberization-organisator.jpg","contentUrl":"https:\/\/www.organisator.ch\/wp-content\/uploads\/2016\/12\/Die-Angst-vor-der-\u201eUberization-organisator.jpg","width":900,"height":505,"caption":"Die ver\u00e4nderten Rahmenbedingungen haben auch Auswirkungen auf das Management in den Unternehmen"},{"@type":"BreadcrumbList","@id":"https:\/\/www.organisator.ch\/it\/generale\/2015-12-18\/die-angst-vor-der-uberization\/#breadcrumb","itemListElement":[{"@type":"ListItem","position":1,"name":"Home","item":"https:\/\/www.organisator.ch\/"},{"@type":"ListItem","position":2,"name":"Die Angst vor der \u201eUberization\u201c"}]},{"@type":"WebSite","@id":"https:\/\/www.organisator.ch\/#website","url":"https:\/\/www.organisator.ch\/","name":"Organizer","description":"Competent. Practical. In 10 issues per year, ORGANISATOR presents the essential topics for managers of SMEs.","publisher":{"@id":"https:\/\/www.organisator.ch\/#organization"},"potentialAction":[{"@type":"SearchAction","target":{"@type":"EntryPoint","urlTemplate":"https:\/\/www.organisator.ch\/?s={search_term_string}"},"query-input":{"@type":"PropertyValueSpecification","valueRequired":true,"valueName":"search_term_string"}}],"inLanguage":"en-US"},{"@type":"Organization","@id":"https:\/\/www.organisator.ch\/#organization","name":"Organizer","url":"https:\/\/www.organisator.ch\/","logo":{"@type":"ImageObject","inLanguage":"en-US","@id":"https:\/\/www.organisator.ch\/#\/schema\/logo\/image\/","url":"https:\/\/www.organisator.ch\/wp-content\/uploads\/2022\/01\/Logo_Organisator_Website.png","contentUrl":"https:\/\/www.organisator.ch\/wp-content\/uploads\/2022\/01\/Logo_Organisator_Website.png","width":800,"height":77,"caption":"Organisator"},"image":{"@id":"https:\/\/www.organisator.ch\/#\/schema\/logo\/image\/"},"sameAs":["https:\/\/www.facebook.com\/OrganisatorFachmagazin","https:\/\/www.linkedin.com\/showcase\/organisator-das-magazin-fr-kmu","https:\/\/www.xing.com\/news\/pages\/organisator-ch-695","https:\/\/www.youtube.com\/channel\/UCGP2Sq0iWaZwT3BdIAQFYpw"]},{"@type":"Person","@id":"https:\/\/www.organisator.ch\/#\/schema\/person\/aa2bace6c5c5aad60102004a50c4eb1c","name":"admin","image":{"@type":"ImageObject","inLanguage":"en-US","@id":"https:\/\/secure.gravatar.com\/avatar\/ae2f4d718e6c49043e314ce431e7e645d646302a24a5ef5a8bc8e3f5a032e319?s=96&d=mm&r=g","url":"https:\/\/secure.gravatar.com\/avatar\/ae2f4d718e6c49043e314ce431e7e645d646302a24a5ef5a8bc8e3f5a032e319?s=96&d=mm&r=g","contentUrl":"https:\/\/secure.gravatar.com\/avatar\/ae2f4d718e6c49043e314ce431e7e645d646302a24a5ef5a8bc8e3f5a032e319?s=96&d=mm&r=g","caption":"admin"},"sameAs":["https:\/\/www.organisator.ch"],"url":"https:\/\/www.organisator.ch\/en\/author\/admin\/"}]}},"_links":{"self":[{"href":"https:\/\/www.organisator.ch\/en\/wp-json\/wp\/v2\/posts\/8563","targetHints":{"allow":["GET"]}}],"collection":[{"href":"https:\/\/www.organisator.ch\/en\/wp-json\/wp\/v2\/posts"}],"about":[{"href":"https:\/\/www.organisator.ch\/en\/wp-json\/wp\/v2\/types\/post"}],"author":[{"embeddable":true,"href":"https:\/\/www.organisator.ch\/en\/wp-json\/wp\/v2\/users\/1"}],"replies":[{"embeddable":true,"href":"https:\/\/www.organisator.ch\/en\/wp-json\/wp\/v2\/comments?post=8563"}],"version-history":[{"count":0,"href":"https:\/\/www.organisator.ch\/en\/wp-json\/wp\/v2\/posts\/8563\/revisions"}],"wp:featuredmedia":[{"embeddable":true,"href":"https:\/\/www.organisator.ch\/en\/wp-json\/wp\/v2\/media\/8458"}],"wp:attachment":[{"href":"https:\/\/www.organisator.ch\/en\/wp-json\/wp\/v2\/media?parent=8563"}],"wp:term":[{"taxonomy":"category","embeddable":true,"href":"https:\/\/www.organisator.ch\/en\/wp-json\/wp\/v2\/categories?post=8563"},{"taxonomy":"post_tag","embeddable":true,"href":"https:\/\/www.organisator.ch\/en\/wp-json\/wp\/v2\/tags?post=8563"}],"curies":[{"name":"wp","href":"https:\/\/api.w.org\/{rel}","templated":true}]}}