{"id":8570,"date":"2019-10-24T19:17:29","date_gmt":"2019-10-24T17:17:29","guid":{"rendered":"https:\/\/www.organisator.ch\/?p=5951"},"modified":"2019-10-24T19:17:29","modified_gmt":"2019-10-24T17:17:29","slug":"buch-zum-kmu-tag-2019-fit-fuer-die-gerechtigkeit-in-kmu","status":"publish","type":"post","link":"https:\/\/www.organisator.ch\/en\/management\/2019-10-24\/buch-zum-kmu-tag-2019-fit-fuer-die-gerechtigkeit-in-kmu\/","title":{"rendered":"SME Day 2019 Book: Fit for Equity in SMEs"},"content":{"rendered":"<figure id=\"attachment_5952\" aria-describedby=\"caption-attachment-5952\" style=\"width: 680px\" class=\"wp-caption alignnone\"><img loading=\"lazy\" decoding=\"async\" class=\"size-medium wp-image-5952\" src=\"https:\/\/www.organisator.ch\/wp-content\/uploads\/2019\/10\/Buch-zum-KMU-Tag-2019-Fit-fuer-die-Gerechtigkeit-in-KMU_Oragnisator.jpg\" alt=\"\" width=\"680\" height=\"907\" srcset=\"https:\/\/www.organisator.ch\/wp-content\/uploads\/2019\/10\/Buch-zum-KMU-Tag-2019-Fit-fuer-die-Gerechtigkeit-in-KMU_Oragnisator.jpg 680w, https:\/\/www.organisator.ch\/wp-content\/uploads\/2019\/10\/Buch-zum-KMU-Tag-2019-Fit-fuer-die-Gerechtigkeit-in-KMU_Oragnisator-9x12.jpg 9w, https:\/\/www.organisator.ch\/wp-content\/uploads\/2019\/10\/Buch-zum-KMU-Tag-2019-Fit-fuer-die-Gerechtigkeit-in-KMU_Oragnisator-131x175.jpg 131w, https:\/\/www.organisator.ch\/wp-content\/uploads\/2019\/10\/Buch-zum-KMU-Tag-2019-Fit-fuer-die-Gerechtigkeit-in-KMU_Oragnisator-262x350.jpg 262w, https:\/\/www.organisator.ch\/wp-content\/uploads\/2019\/10\/Buch-zum-KMU-Tag-2019-Fit-fuer-die-Gerechtigkeit-in-KMU_Oragnisator-600x800.jpg 600w, https:\/\/www.organisator.ch\/wp-content\/uploads\/2019\/10\/Buch-zum-KMU-Tag-2019-Fit-fuer-die-Gerechtigkeit-in-KMU_Oragnisator-300x400.jpg 300w\" sizes=\"auto, (max-width: 680px) 100vw, 680px\" \/><figcaption id=\"caption-attachment-5952\" class=\"wp-caption-text\">Already the eighth volume in the \"Fit for...\" series: Fit for Justice in SMEs. (Image pd)<\/figcaption><\/figure>\n<p>The quartet of authors - Urs Fueglistaller, Roger Tinner, Walter Weber and Tobias Wolf agree: \"This book is essentially about the question of how we can \"do justice\" to all our stakeholders in small and medium-sized enterprises: the customers, the employees, the owners or shareholders, the competitors, the state, the public, the family\".<\/p>\n<p>This already eighth volume of the series brings - as usual compact and reader-friendly - 7\u00d73 questions and answers on \"Fairness and perception of justice in SMEs\". The guidebook provides tips on how to approach justice in everyday business life and poses critical questions for SME managers, who can use them to examine and compare their own attitudes and actions.<\/p>\n<h2><strong>Central role of justice<\/strong><\/h2>\n<p>\"Equity,\" is the authors' main thesis, \"plays a central role in small and medium-sized enterprises from their foundation to succession planning. Consciously discussed and reflected upon, the topic is (still and unfortunately) too little.\" The aim here is not for readers to know exactly what equity is at the end (nor do the authors). Rather, they want to ask the questions that will make it easier for SME CEOs to become fairer to themselves and others in their everyday lives.<\/p>\n<h2>Eighth volume of a proven book series<\/h2>\n<p>\"Fit for Justice in SMEs\" encourages entrepreneurs to bring the abstract-seeming but very concrete topic of justice more into everyday life. The book \"Fit f\u00fcr Gerechtigkeit in KMU - 7\u00d73 Fragen und Antworten zu Fairness und Verantwortung in KMU\" is published by KMU Verlag HSG and can be ordered under <a href=\"http:\/\/www.kmu-tag.ch\/buchbestellung\">www.kmu-tag.ch\/buchbestellung<\/a> be ordered.<\/p>","protected":false},"excerpt":{"rendered":"<p>Das Autoren-Quartett \u2013 Urs Fueglistaller, Roger Tinner, Walter Weber und Tobias Wolf sind sich einig: \u00abEs geht in diesem Buch im Kern um die Frage, wie wir allen unseren Anspruchsgruppen in Klein- und Mittelunternehmen \u00abgerecht\u00bb werden k\u00f6nnen: den Kundinnen und Kunden, den Mitarbeitenden, den Inhaberinnen und Inhabern bzw. Aktion\u00e4r(inn)en, den Mitbewerbern, dem Staat, der \u00d6ffentlichkeit, [&hellip;]<\/p>\n","protected":false},"author":4,"featured_media":5952,"comment_status":"closed","ping_status":"closed","sticky":false,"template":"","format":"standard","meta":{"_acf_changed":false,"_yoast_wpseo_focuskw":"Gerechtigkeit in KMU","_yoast_wpseo_metadesc":"Ein wichtiges, aber zu wenig diskutiertes Thema in KMU ist \u00abGerechtigkeit\u00bb. Der achte Band in der \u00abFit f\u00fcr ...\u00bb-Reihe gibt Impulse f\u00fcr den KMU-Alltag.","articlekey":"","footnotes":""},"categories":[28],"tags":[92,95,335,533],"class_list":["post-8570","post","type-post","status-publish","format-standard","has-post-thumbnail","hentry","category-management","tag-buch","tag-buchtipps","tag-management-und-unternehmensfuehrung","tag-wissenschaft"],"acf":[],"yoast_head":"<!-- This site is optimized with the Yoast SEO plugin v27.4 - https:\/\/yoast.com\/product\/yoast-seo-wordpress\/ -->\n<title>Buch zum KMU-Tag 2019: Fit f\u00fcr die Gerechtigkeit in KMU - Organisator<\/title>\n<meta name=\"description\" content=\"Ein wichtiges, aber zu wenig diskutiertes Thema in KMU ist \u00abGerechtigkeit\u00bb. Der achte Band in der \u00abFit f\u00fcr ...\u00bb-Reihe gibt Impulse f\u00fcr den KMU-Alltag.\" \/>\n<meta name=\"robots\" content=\"index, follow, max-snippet:-1, max-image-preview:large, max-video-preview:-1\" \/>\n<link rel=\"canonical\" href=\"https:\/\/www.organisator.ch\/en\/management\/2019-10-24\/buch-zum-kmu-tag-2019-fit-fuer-die-gerechtigkeit-in-kmu\/\" \/>\n<meta property=\"og:locale\" content=\"en_US\" \/>\n<meta property=\"og:type\" content=\"article\" \/>\n<meta property=\"og:title\" content=\"Buch zum KMU-Tag 2019: Fit f\u00fcr die Gerechtigkeit in KMU\" \/>\n<meta property=\"og:description\" content=\"Ein wichtiges, aber zu wenig diskutiertes Thema in KMU ist \u00abGerechtigkeit\u00bb. Der achte Band in der \u00abFit f\u00fcr ...\u00bb-Reihe gibt Impulse f\u00fcr den KMU-Alltag.\" \/>\n<meta property=\"og:url\" content=\"https:\/\/www.organisator.ch\/en\/management\/2019-10-24\/buch-zum-kmu-tag-2019-fit-fuer-die-gerechtigkeit-in-kmu\/\" \/>\n<meta property=\"og:site_name\" content=\"Organisator\" \/>\n<meta property=\"article:publisher\" content=\"https:\/\/www.facebook.com\/OrganisatorFachmagazin\" \/>\n<meta property=\"article:published_time\" content=\"2019-10-24T17:17:29+00:00\" \/>\n<meta property=\"og:image\" content=\"https:\/\/www.organisator.ch\/wp-content\/uploads\/2019\/10\/Buch-zum-KMU-Tag-2019-Fit-fuer-die-Gerechtigkeit-in-KMU_Oragnisator.jpg\" \/>\n\t<meta property=\"og:image:width\" content=\"680\" \/>\n\t<meta property=\"og:image:height\" content=\"907\" \/>\n\t<meta property=\"og:image:type\" content=\"image\/jpeg\" \/>\n<meta name=\"author\" content=\"thomas.berner\" \/>\n<meta name=\"twitter:card\" content=\"summary_large_image\" \/>\n<meta name=\"twitter:title\" content=\"Buch zum #KMU-Tag 2019: Fit f\u00fcr die #Gerechtigkeit in KMU\" \/>\n<meta name=\"twitter:description\" content=\"Ein wichtiges, aber zu wenig diskutiertes Thema in #KMU ist \u00abGerechtigkeit\u00bb. Der achte Band in der \u00abFit f\u00fcr ...\u00bb-Reihe gibt Impulse f\u00fcr den #KMU-Alltag.\" \/>\n<meta name=\"twitter:image\" content=\"https:\/\/www.organisator.ch\/wp-content\/uploads\/2019\/10\/Buch-zum-KMU-Tag-2019-Fit-fuer-die-Gerechtigkeit-in-KMU_Oragnisator.jpg\" \/>\n<script type=\"application\/ld+json\" class=\"yoast-schema-graph\">{\"@context\":\"https:\\\/\\\/schema.org\",\"@graph\":[{\"@type\":\"Article\",\"@id\":\"https:\\\/\\\/www.organisator.ch\\\/management\\\/2019-10-24\\\/buch-zum-kmu-tag-2019-fit-fuer-die-gerechtigkeit-in-kmu\\\/#article\",\"isPartOf\":{\"@id\":\"https:\\\/\\\/www.organisator.ch\\\/management\\\/2019-10-24\\\/buch-zum-kmu-tag-2019-fit-fuer-die-gerechtigkeit-in-kmu\\\/\"},\"author\":{\"name\":\"thomas.berner\",\"@id\":\"https:\\\/\\\/www.organisator.ch\\\/#\\\/schema\\\/person\\\/6f650f90b2842cd4c0cc334b4e36f67e\"},\"headline\":\"Buch zum KMU-Tag 2019: Fit f\u00fcr die Gerechtigkeit in KMU\",\"datePublished\":\"2019-10-24T17:17:29+00:00\",\"mainEntityOfPage\":{\"@id\":\"https:\\\/\\\/www.organisator.ch\\\/management\\\/2019-10-24\\\/buch-zum-kmu-tag-2019-fit-fuer-die-gerechtigkeit-in-kmu\\\/\"},\"wordCount\":296,\"publisher\":{\"@id\":\"https:\\\/\\\/www.organisator.ch\\\/#organization\"},\"image\":{\"@id\":\"https:\\\/\\\/www.organisator.ch\\\/management\\\/2019-10-24\\\/buch-zum-kmu-tag-2019-fit-fuer-die-gerechtigkeit-in-kmu\\\/#primaryimage\"},\"thumbnailUrl\":\"https:\\\/\\\/www.organisator.ch\\\/wp-content\\\/uploads\\\/2019\\\/10\\\/Buch-zum-KMU-Tag-2019-Fit-fuer-die-Gerechtigkeit-in-KMU_Oragnisator.jpg\",\"keywords\":[\"Buch\",\"Buchtipps\",\"Management und Unternehmensf\u00fchrung\",\"Wissenschaft\"],\"articleSection\":[\"MANAGEMENT\"],\"inLanguage\":\"en-US\"},{\"@type\":\"WebPage\",\"@id\":\"https:\\\/\\\/www.organisator.ch\\\/management\\\/2019-10-24\\\/buch-zum-kmu-tag-2019-fit-fuer-die-gerechtigkeit-in-kmu\\\/\",\"url\":\"https:\\\/\\\/www.organisator.ch\\\/management\\\/2019-10-24\\\/buch-zum-kmu-tag-2019-fit-fuer-die-gerechtigkeit-in-kmu\\\/\",\"name\":\"Buch zum KMU-Tag 2019: Fit f\u00fcr die Gerechtigkeit in KMU - Organisator\",\"isPartOf\":{\"@id\":\"https:\\\/\\\/www.organisator.ch\\\/#website\"},\"primaryImageOfPage\":{\"@id\":\"https:\\\/\\\/www.organisator.ch\\\/management\\\/2019-10-24\\\/buch-zum-kmu-tag-2019-fit-fuer-die-gerechtigkeit-in-kmu\\\/#primaryimage\"},\"image\":{\"@id\":\"https:\\\/\\\/www.organisator.ch\\\/management\\\/2019-10-24\\\/buch-zum-kmu-tag-2019-fit-fuer-die-gerechtigkeit-in-kmu\\\/#primaryimage\"},\"thumbnailUrl\":\"https:\\\/\\\/www.organisator.ch\\\/wp-content\\\/uploads\\\/2019\\\/10\\\/Buch-zum-KMU-Tag-2019-Fit-fuer-die-Gerechtigkeit-in-KMU_Oragnisator.jpg\",\"datePublished\":\"2019-10-24T17:17:29+00:00\",\"description\":\"Ein wichtiges, aber zu wenig diskutiertes Thema in KMU ist \u00abGerechtigkeit\u00bb. Der achte Band in der \u00abFit f\u00fcr ...\u00bb-Reihe gibt Impulse f\u00fcr den KMU-Alltag.\",\"breadcrumb\":{\"@id\":\"https:\\\/\\\/www.organisator.ch\\\/management\\\/2019-10-24\\\/buch-zum-kmu-tag-2019-fit-fuer-die-gerechtigkeit-in-kmu\\\/#breadcrumb\"},\"inLanguage\":\"en-US\",\"potentialAction\":[{\"@type\":\"ReadAction\",\"target\":[\"https:\\\/\\\/www.organisator.ch\\\/management\\\/2019-10-24\\\/buch-zum-kmu-tag-2019-fit-fuer-die-gerechtigkeit-in-kmu\\\/\"]}]},{\"@type\":\"ImageObject\",\"inLanguage\":\"en-US\",\"@id\":\"https:\\\/\\\/www.organisator.ch\\\/management\\\/2019-10-24\\\/buch-zum-kmu-tag-2019-fit-fuer-die-gerechtigkeit-in-kmu\\\/#primaryimage\",\"url\":\"https:\\\/\\\/www.organisator.ch\\\/wp-content\\\/uploads\\\/2019\\\/10\\\/Buch-zum-KMU-Tag-2019-Fit-fuer-die-Gerechtigkeit-in-KMU_Oragnisator.jpg\",\"contentUrl\":\"https:\\\/\\\/www.organisator.ch\\\/wp-content\\\/uploads\\\/2019\\\/10\\\/Buch-zum-KMU-Tag-2019-Fit-fuer-die-Gerechtigkeit-in-KMU_Oragnisator.jpg\",\"width\":680,\"height\":907,\"caption\":\"Bereits der achte Band in der \u00abFit f\u00fcr...\u00bb-Reihe: Fit f\u00fcr die Gerechtigkeit in KMU. (Bild pd)\"},{\"@type\":\"BreadcrumbList\",\"@id\":\"https:\\\/\\\/www.organisator.ch\\\/management\\\/2019-10-24\\\/buch-zum-kmu-tag-2019-fit-fuer-die-gerechtigkeit-in-kmu\\\/#breadcrumb\",\"itemListElement\":[{\"@type\":\"ListItem\",\"position\":1,\"name\":\"Home\",\"item\":\"https:\\\/\\\/www.organisator.ch\\\/\"},{\"@type\":\"ListItem\",\"position\":2,\"name\":\"Buch zum KMU-Tag 2019: Fit f\u00fcr die Gerechtigkeit in KMU\"}]},{\"@type\":\"WebSite\",\"@id\":\"https:\\\/\\\/www.organisator.ch\\\/#website\",\"url\":\"https:\\\/\\\/www.organisator.ch\\\/\",\"name\":\"Organisator\",\"description\":\"Kompetent. Praxisnah. Der ORGANISATOR bereitet in 10 Ausgaben pro Jahr die wesentlichen Themen f\u00fcr F\u00fchrungskr\u00e4fte von KMU auf.\",\"publisher\":{\"@id\":\"https:\\\/\\\/www.organisator.ch\\\/#organization\"},\"potentialAction\":[{\"@type\":\"SearchAction\",\"target\":{\"@type\":\"EntryPoint\",\"urlTemplate\":\"https:\\\/\\\/www.organisator.ch\\\/?s={search_term_string}\"},\"query-input\":{\"@type\":\"PropertyValueSpecification\",\"valueRequired\":true,\"valueName\":\"search_term_string\"}}],\"inLanguage\":\"en-US\"},{\"@type\":\"Organization\",\"@id\":\"https:\\\/\\\/www.organisator.ch\\\/#organization\",\"name\":\"Organisator\",\"url\":\"https:\\\/\\\/www.organisator.ch\\\/\",\"logo\":{\"@type\":\"ImageObject\",\"inLanguage\":\"en-US\",\"@id\":\"https:\\\/\\\/www.organisator.ch\\\/#\\\/schema\\\/logo\\\/image\\\/\",\"url\":\"https:\\\/\\\/www.organisator.ch\\\/wp-content\\\/uploads\\\/2022\\\/01\\\/Logo_Organisator_Website.png\",\"contentUrl\":\"https:\\\/\\\/www.organisator.ch\\\/wp-content\\\/uploads\\\/2022\\\/01\\\/Logo_Organisator_Website.png\",\"width\":800,\"height\":77,\"caption\":\"Organisator\"},\"image\":{\"@id\":\"https:\\\/\\\/www.organisator.ch\\\/#\\\/schema\\\/logo\\\/image\\\/\"},\"sameAs\":[\"https:\\\/\\\/www.facebook.com\\\/OrganisatorFachmagazin\",\"https:\\\/\\\/www.linkedin.com\\\/showcase\\\/organisator-das-magazin-fr-kmu\",\"https:\\\/\\\/www.xing.com\\\/news\\\/pages\\\/organisator-ch-695\",\"https:\\\/\\\/www.youtube.com\\\/channel\\\/UCGP2Sq0iWaZwT3BdIAQFYpw\"]},{\"@type\":\"Person\",\"@id\":\"https:\\\/\\\/www.organisator.ch\\\/#\\\/schema\\\/person\\\/6f650f90b2842cd4c0cc334b4e36f67e\",\"name\":\"thomas.berner\",\"image\":{\"@type\":\"ImageObject\",\"inLanguage\":\"en-US\",\"@id\":\"https:\\\/\\\/secure.gravatar.com\\\/avatar\\\/ac5001d2a36cb6c6cd3e50789007ffca834b477b74a2144564522e944eabff61?s=96&d=mm&r=g\",\"url\":\"https:\\\/\\\/secure.gravatar.com\\\/avatar\\\/ac5001d2a36cb6c6cd3e50789007ffca834b477b74a2144564522e944eabff61?s=96&d=mm&r=g\",\"contentUrl\":\"https:\\\/\\\/secure.gravatar.com\\\/avatar\\\/ac5001d2a36cb6c6cd3e50789007ffca834b477b74a2144564522e944eabff61?s=96&d=mm&r=g\",\"caption\":\"thomas.berner\"},\"url\":\"https:\\\/\\\/www.organisator.ch\\\/en\\\/author\\\/thomas-berner\\\/\"}]}<\/script>\n<!-- \/ Yoast SEO plugin. -->","yoast_head_json":{"title":"SME Day 2019 book: Fit for justice in SMEs - Organizer","description":"An important but under-discussed topic in SMEs is \"equity\". The eighth volume in the \"Fit for ...\" series provides impulses for everyday life in SMEs.","robots":{"index":"index","follow":"follow","max-snippet":"max-snippet:-1","max-image-preview":"max-image-preview:large","max-video-preview":"max-video-preview:-1"},"canonical":"https:\/\/www.organisator.ch\/en\/management\/2019-10-24\/buch-zum-kmu-tag-2019-fit-fuer-die-gerechtigkeit-in-kmu\/","og_locale":"en_US","og_type":"article","og_title":"Buch zum KMU-Tag 2019: Fit f\u00fcr die Gerechtigkeit in KMU","og_description":"Ein wichtiges, aber zu wenig diskutiertes Thema in KMU ist \u00abGerechtigkeit\u00bb. Der achte Band in der \u00abFit f\u00fcr ...\u00bb-Reihe gibt Impulse f\u00fcr den KMU-Alltag.","og_url":"https:\/\/www.organisator.ch\/en\/management\/2019-10-24\/buch-zum-kmu-tag-2019-fit-fuer-die-gerechtigkeit-in-kmu\/","og_site_name":"Organisator","article_publisher":"https:\/\/www.facebook.com\/OrganisatorFachmagazin","article_published_time":"2019-10-24T17:17:29+00:00","og_image":[{"width":680,"height":907,"url":"https:\/\/www.organisator.ch\/wp-content\/uploads\/2019\/10\/Buch-zum-KMU-Tag-2019-Fit-fuer-die-Gerechtigkeit-in-KMU_Oragnisator.jpg","type":"image\/jpeg"}],"author":"thomas.berner","twitter_card":"summary_large_image","twitter_title":"Buch zum #KMU-Tag 2019: Fit f\u00fcr die #Gerechtigkeit in KMU","twitter_description":"Ein wichtiges, aber zu wenig diskutiertes Thema in #KMU ist \u00abGerechtigkeit\u00bb. Der achte Band in der \u00abFit f\u00fcr ...\u00bb-Reihe gibt Impulse f\u00fcr den #KMU-Alltag.","twitter_image":"https:\/\/www.organisator.ch\/wp-content\/uploads\/2019\/10\/Buch-zum-KMU-Tag-2019-Fit-fuer-die-Gerechtigkeit-in-KMU_Oragnisator.jpg","schema":{"@context":"https:\/\/schema.org","@graph":[{"@type":"Article","@id":"https:\/\/www.organisator.ch\/management\/2019-10-24\/buch-zum-kmu-tag-2019-fit-fuer-die-gerechtigkeit-in-kmu\/#article","isPartOf":{"@id":"https:\/\/www.organisator.ch\/management\/2019-10-24\/buch-zum-kmu-tag-2019-fit-fuer-die-gerechtigkeit-in-kmu\/"},"author":{"name":"thomas.berner","@id":"https:\/\/www.organisator.ch\/#\/schema\/person\/6f650f90b2842cd4c0cc334b4e36f67e"},"headline":"Buch zum KMU-Tag 2019: Fit f\u00fcr die Gerechtigkeit in KMU","datePublished":"2019-10-24T17:17:29+00:00","mainEntityOfPage":{"@id":"https:\/\/www.organisator.ch\/management\/2019-10-24\/buch-zum-kmu-tag-2019-fit-fuer-die-gerechtigkeit-in-kmu\/"},"wordCount":296,"publisher":{"@id":"https:\/\/www.organisator.ch\/#organization"},"image":{"@id":"https:\/\/www.organisator.ch\/management\/2019-10-24\/buch-zum-kmu-tag-2019-fit-fuer-die-gerechtigkeit-in-kmu\/#primaryimage"},"thumbnailUrl":"https:\/\/www.organisator.ch\/wp-content\/uploads\/2019\/10\/Buch-zum-KMU-Tag-2019-Fit-fuer-die-Gerechtigkeit-in-KMU_Oragnisator.jpg","keywords":["Buch","Buchtipps","Management und Unternehmensf\u00fchrung","Wissenschaft"],"articleSection":["MANAGEMENT"],"inLanguage":"en-US"},{"@type":"WebPage","@id":"https:\/\/www.organisator.ch\/management\/2019-10-24\/buch-zum-kmu-tag-2019-fit-fuer-die-gerechtigkeit-in-kmu\/","url":"https:\/\/www.organisator.ch\/management\/2019-10-24\/buch-zum-kmu-tag-2019-fit-fuer-die-gerechtigkeit-in-kmu\/","name":"SME Day 2019 book: Fit for justice in SMEs - Organizer","isPartOf":{"@id":"https:\/\/www.organisator.ch\/#website"},"primaryImageOfPage":{"@id":"https:\/\/www.organisator.ch\/management\/2019-10-24\/buch-zum-kmu-tag-2019-fit-fuer-die-gerechtigkeit-in-kmu\/#primaryimage"},"image":{"@id":"https:\/\/www.organisator.ch\/management\/2019-10-24\/buch-zum-kmu-tag-2019-fit-fuer-die-gerechtigkeit-in-kmu\/#primaryimage"},"thumbnailUrl":"https:\/\/www.organisator.ch\/wp-content\/uploads\/2019\/10\/Buch-zum-KMU-Tag-2019-Fit-fuer-die-Gerechtigkeit-in-KMU_Oragnisator.jpg","datePublished":"2019-10-24T17:17:29+00:00","description":"An important but under-discussed topic in SMEs is \"equity\". The eighth volume in the \"Fit for ...\" series provides impulses for everyday life in SMEs.","breadcrumb":{"@id":"https:\/\/www.organisator.ch\/management\/2019-10-24\/buch-zum-kmu-tag-2019-fit-fuer-die-gerechtigkeit-in-kmu\/#breadcrumb"},"inLanguage":"en-US","potentialAction":[{"@type":"ReadAction","target":["https:\/\/www.organisator.ch\/management\/2019-10-24\/buch-zum-kmu-tag-2019-fit-fuer-die-gerechtigkeit-in-kmu\/"]}]},{"@type":"ImageObject","inLanguage":"en-US","@id":"https:\/\/www.organisator.ch\/management\/2019-10-24\/buch-zum-kmu-tag-2019-fit-fuer-die-gerechtigkeit-in-kmu\/#primaryimage","url":"https:\/\/www.organisator.ch\/wp-content\/uploads\/2019\/10\/Buch-zum-KMU-Tag-2019-Fit-fuer-die-Gerechtigkeit-in-KMU_Oragnisator.jpg","contentUrl":"https:\/\/www.organisator.ch\/wp-content\/uploads\/2019\/10\/Buch-zum-KMU-Tag-2019-Fit-fuer-die-Gerechtigkeit-in-KMU_Oragnisator.jpg","width":680,"height":907,"caption":"Bereits der achte Band in der \u00abFit f\u00fcr...\u00bb-Reihe: Fit f\u00fcr die Gerechtigkeit in KMU. (Bild pd)"},{"@type":"BreadcrumbList","@id":"https:\/\/www.organisator.ch\/management\/2019-10-24\/buch-zum-kmu-tag-2019-fit-fuer-die-gerechtigkeit-in-kmu\/#breadcrumb","itemListElement":[{"@type":"ListItem","position":1,"name":"Home","item":"https:\/\/www.organisator.ch\/"},{"@type":"ListItem","position":2,"name":"Buch zum KMU-Tag 2019: Fit f\u00fcr die Gerechtigkeit in KMU"}]},{"@type":"WebSite","@id":"https:\/\/www.organisator.ch\/#website","url":"https:\/\/www.organisator.ch\/","name":"Organizer","description":"Competent. Practical. In 10 issues per year, ORGANISATOR presents the essential topics for managers of SMEs.","publisher":{"@id":"https:\/\/www.organisator.ch\/#organization"},"potentialAction":[{"@type":"SearchAction","target":{"@type":"EntryPoint","urlTemplate":"https:\/\/www.organisator.ch\/?s={search_term_string}"},"query-input":{"@type":"PropertyValueSpecification","valueRequired":true,"valueName":"search_term_string"}}],"inLanguage":"en-US"},{"@type":"Organization","@id":"https:\/\/www.organisator.ch\/#organization","name":"Organizer","url":"https:\/\/www.organisator.ch\/","logo":{"@type":"ImageObject","inLanguage":"en-US","@id":"https:\/\/www.organisator.ch\/#\/schema\/logo\/image\/","url":"https:\/\/www.organisator.ch\/wp-content\/uploads\/2022\/01\/Logo_Organisator_Website.png","contentUrl":"https:\/\/www.organisator.ch\/wp-content\/uploads\/2022\/01\/Logo_Organisator_Website.png","width":800,"height":77,"caption":"Organisator"},"image":{"@id":"https:\/\/www.organisator.ch\/#\/schema\/logo\/image\/"},"sameAs":["https:\/\/www.facebook.com\/OrganisatorFachmagazin","https:\/\/www.linkedin.com\/showcase\/organisator-das-magazin-fr-kmu","https:\/\/www.xing.com\/news\/pages\/organisator-ch-695","https:\/\/www.youtube.com\/channel\/UCGP2Sq0iWaZwT3BdIAQFYpw"]},{"@type":"Person","@id":"https:\/\/www.organisator.ch\/#\/schema\/person\/6f650f90b2842cd4c0cc334b4e36f67e","name":"thomas.berner","image":{"@type":"ImageObject","inLanguage":"en-US","@id":"https:\/\/secure.gravatar.com\/avatar\/ac5001d2a36cb6c6cd3e50789007ffca834b477b74a2144564522e944eabff61?s=96&d=mm&r=g","url":"https:\/\/secure.gravatar.com\/avatar\/ac5001d2a36cb6c6cd3e50789007ffca834b477b74a2144564522e944eabff61?s=96&d=mm&r=g","contentUrl":"https:\/\/secure.gravatar.com\/avatar\/ac5001d2a36cb6c6cd3e50789007ffca834b477b74a2144564522e944eabff61?s=96&d=mm&r=g","caption":"thomas.berner"},"url":"https:\/\/www.organisator.ch\/en\/author\/thomas-berner\/"}]}},"_links":{"self":[{"href":"https:\/\/www.organisator.ch\/en\/wp-json\/wp\/v2\/posts\/8570","targetHints":{"allow":["GET"]}}],"collection":[{"href":"https:\/\/www.organisator.ch\/en\/wp-json\/wp\/v2\/posts"}],"about":[{"href":"https:\/\/www.organisator.ch\/en\/wp-json\/wp\/v2\/types\/post"}],"author":[{"embeddable":true,"href":"https:\/\/www.organisator.ch\/en\/wp-json\/wp\/v2\/users\/4"}],"replies":[{"embeddable":true,"href":"https:\/\/www.organisator.ch\/en\/wp-json\/wp\/v2\/comments?post=8570"}],"version-history":[{"count":0,"href":"https:\/\/www.organisator.ch\/en\/wp-json\/wp\/v2\/posts\/8570\/revisions"}],"wp:featuredmedia":[{"embeddable":true,"href":"https:\/\/www.organisator.ch\/en\/wp-json\/wp\/v2\/media\/5952"}],"wp:attachment":[{"href":"https:\/\/www.organisator.ch\/en\/wp-json\/wp\/v2\/media?parent=8570"}],"wp:term":[{"taxonomy":"category","embeddable":true,"href":"https:\/\/www.organisator.ch\/en\/wp-json\/wp\/v2\/categories?post=8570"},{"taxonomy":"post_tag","embeddable":true,"href":"https:\/\/www.organisator.ch\/en\/wp-json\/wp\/v2\/tags?post=8570"}],"curies":[{"name":"wp","href":"https:\/\/api.w.org\/{rel}","templated":true}]}}