{"id":8571,"date":"2019-10-28T10:13:17","date_gmt":"2019-10-28T09:13:17","guid":{"rendered":"https:\/\/www.organisator.ch\/?p=5955"},"modified":"2019-10-28T10:13:17","modified_gmt":"2019-10-28T09:13:17","slug":"neue-duftnoten-am-kmu-tag","status":"publish","type":"post","link":"https:\/\/www.organisator.ch\/en\/management\/2019-10-28\/neue-duftnoten-am-kmu-tag\/","title":{"rendered":"New fragrances at SME Day"},"content":{"rendered":"<figure id=\"attachment_5956\" aria-describedby=\"caption-attachment-5956\" style=\"width: 680px\" class=\"wp-caption alignnone\"><img loading=\"lazy\" decoding=\"async\" class=\"size-medium wp-image-5956\" src=\"https:\/\/www.organisator.ch\/wp-content\/uploads\/2019\/10\/Neue-Duftnoten-am-KMU-Tag-3_Organisator.jpg\" alt=\"\" width=\"680\" height=\"340\" \/><figcaption id=\"caption-attachment-5956\" class=\"wp-caption-text\">Moderator Fabian Unteregger chats with two startup entrepreneurs Susanne Dr\u00f6scher and Martin Fengler. Not only the \"Inspiration Session\" brought new scents to the SME Day on October 25, 2019. (Image: Thomas Berner)<\/figcaption><\/figure>\n<p>Tomorrow's competition for SMEs are digital companies such as Google, Amazon, Facebook &amp; Co, said host Tobi Wolf in his opening keynote. The strengths of these companies - despite their size - are their willingness to take risks, their test mentality and the fact that growth is more important than profitability. They also focus more on customer orientation and less on product centricity. SMEs, on the other hand, have stable structures, trust, tradition and know-how as strengths. If you combine these with those of digital companies with their \"startup mentality,\" SMEs become unbeatable in competition. This simply requires more courage, leadership, the right people in the right place and - especially important - simply taking a first small step. \"A small step can have an enormous impact,\" said Tobi Wolf, using a domino as an example, where a small block was able to topple even the largest block via a chain reaction.<\/p>\n<figure id=\"attachment_5960\" aria-describedby=\"caption-attachment-5960\" style=\"width: 680px\" class=\"wp-caption alignnone\"><img loading=\"lazy\" decoding=\"async\" class=\"size-medium wp-image-5960\" src=\"https:\/\/www.organisator.ch\/wp-content\/uploads\/2019\/10\/Neue-Duftnoten-am-KMU-Tag-1_Organisator.jpg\" alt=\"\" width=\"680\" height=\"415\" \/><figcaption id=\"caption-attachment-5960\" class=\"wp-caption-text\">Tobi Wolf during his opening keynote. (Image: Thomas Berner)<\/figcaption><\/figure>\n<h2>SME Day hemp scents<\/h2>\n<p>Roger Koch, founder of the only independent Swiss cigarette manufacturer, chose an unconventional approach to his presentation. He made no secret of his frustration with regulations and the increasing obsession with safety and health. This also has an impact on entrepreneurship: \"If managers stop living riskily, how can they still take entrepreneurial risks? He himself set a good example as an entrepreneur: with his cigarette manufacturing company, he entered a high-risk market characterized by oligopolies, heavy regulation and declining consumption. But with the innovation of a new type of hemp cigarettes, he found a niche that may have potential for medical applications. Some of the participants tried this product themselves during the breaks - the scent of smoked hemp was for once also unmistakable at the SME Day...<\/p>\n<figure id=\"attachment_5961\" aria-describedby=\"caption-attachment-5961\" style=\"width: 680px\" class=\"wp-caption alignnone\"><img loading=\"lazy\" decoding=\"async\" class=\"size-medium wp-image-5961\" src=\"https:\/\/www.organisator.ch\/wp-content\/uploads\/2019\/10\/Neue-Duftnoten-am-KMU-Tag-2_Organisator.jpg\" alt=\"\" width=\"680\" height=\"452\" \/><figcaption id=\"caption-attachment-5961\" class=\"wp-caption-text\">Roger Koch spoke not only about the scents of the hemp cigarettes developed in his cigarette manufactory, but also about a lot of nonsense that our current \"risk-avoidance culture\" produces. (Image: Thomas Berner)<\/figcaption><\/figure>\n<h2>Customer orientation above all<\/h2>\n<p>Marcus Sch\u00f6gel, Director of the Institute for Marketing at the University of St.Gallen, then spoke about the success factor of customer orientation. \"The age of the customer has dawned,\" he said. Today, he said, the focus must be on thinking about new solutions from the customer's point of view. \"Investments in customer centricity pay off,\" Sch\u00f6gel continued. This also involves building up customer knowledge among employees. This must be achieved by motivating employees to \"always want to do the best for the customer.<\/p>\n<h2>Startups competing in front of the audience<\/h2>\n<p>In an \"inspiration session\" - this had less to do with the THC content of the air we breathed mentioned above and more to do with a newly introduced program item - four startups were then allowed to present their business model in the form of 8-minute pitches. Kilian Wagner of VIU showed how his company is virtually reinventing the distribution channels for eyewear, which translates into attractive pricing for customers. The company Felfel, presented by CEO Anna Grassler, is supplying more and more businesses with healthy food from a \"smart fridge\" that automatically reorders when something is missing. Martin Fengler of Meteomatics explained how drones can make weather forecasts even more accurate, which will become an increasingly important service, especially for weather-dependent businesses. And Susanne Dr\u00f6scher founded the company CARU AG two years ago with a partner. This company has developed a device that uses sensors to monitor the living environment of mobility-impaired people and can send out emergency calls if necessary. In the end, Felfel came off best in the public's favor.<\/p>\n<figure id=\"attachment_5959\" aria-describedby=\"caption-attachment-5959\" style=\"width: 680px\" class=\"wp-caption alignnone\"><img loading=\"lazy\" decoding=\"async\" class=\"size-medium wp-image-5959\" src=\"https:\/\/www.organisator.ch\/wp-content\/uploads\/2019\/10\/Neue-Duftnoten-am-KMU-Tag-4_Organisator.jpg\" alt=\"\" width=\"680\" height=\"393\" \/><figcaption id=\"caption-attachment-5959\" class=\"wp-caption-text\">Mountaineer Stephan Siegrist: Nothing works in the high mountains without perseverance. (Image: Thomas Berner)<\/figcaption><\/figure>\n<h2>Of trust and perseverance<\/h2>\n<p>The last part of the SME Day was given over to speakers Monika Walser and mountaineer Stephan Siegrist. Monika Walser gave an impressive insight into the first phase of her work as the new CEO of de Sede AG. The first days were marked by mistrust and uncertainty, and it was a Herculean task to rally the workforce behind her again. What proved to be a recipe for success was their honest and transparent communication and the decision - financially risky at the time - to bring the core of production, namely the leather tailoring shop, back in-house. Stephan Siegrist, on the other hand, used the first ascent of a granite wall over 1,000 meters high in Kashmir to show what it means not to give up despite adverse circumstances and to believe in the feasibility of a project right to the end - an obviously clear message to the entrepreneurs as well.<\/p>\n<p><em><a href=\"http:\/\/www.kmu-tag.ch\">www.kmu-tag.ch<\/a><\/em><\/p>","protected":false},"excerpt":{"rendered":"<p>Die Konkurrenz von morgen f\u00fcr KMU seien digitale Unternehmen wie Google, Amazon, Facebook &amp; Co, sagte Gastgeber Tobi Wolf in seiner Er\u00f6ffnungs-Keynote. Die St\u00e4rken dieser Unternehmen sei \u2013 trotz ihrer Gr\u00f6sse \u2013 ihre Risikofreudigkeit, die Testmentalit\u00e4t und die Tatsache, dass Wachstum wichtiger sei als Profitabilit\u00e4t. Ebenso im Vordergrund stehe die Kundenorientierung und weniger die Produktzentrierung. [&hellip;]<\/p>\n","protected":false},"author":4,"featured_media":8471,"comment_status":"closed","ping_status":"closed","sticky":false,"template":"","format":"standard","meta":{"_acf_changed":false,"_yoast_wpseo_focuskw":"Duftnoten","_yoast_wpseo_metadesc":"Der Schweizer KMU-Tag vom 25. Oktober 2019 stand unter dem Motto \u00abKMU im Wettbewerb \u2013 Liefern statt Lafern\u00bb und wartete mit neuen Duftnoten auf.","articlekey":"","footnotes":""},"categories":[28],"tags":[193,335,492],"class_list":["post-8571","post","type-post","status-publish","format-standard","has-post-thumbnail","hentry","category-management","tag-fachkongressfachmesse","tag-management-und-unternehmensfuehrung","tag-unternehmen"],"acf":[],"yoast_head":"<!-- This site is optimized with the Yoast SEO plugin v27.4 - https:\/\/yoast.com\/product\/yoast-seo-wordpress\/ -->\n<title>Neue Duftnoten am KMU-Tag - Organisator<\/title>\n<meta name=\"description\" content=\"Der Schweizer KMU-Tag vom 25. Oktober 2019 stand unter dem Motto \u00abKMU im Wettbewerb \u2013 Liefern statt Lafern\u00bb und wartete mit neuen Duftnoten auf.\" \/>\n<meta name=\"robots\" content=\"index, follow, max-snippet:-1, max-image-preview:large, max-video-preview:-1\" \/>\n<link rel=\"canonical\" href=\"https:\/\/www.organisator.ch\/en\/management\/2019-10-28\/neue-duftnoten-am-kmu-tag\/\" \/>\n<meta property=\"og:locale\" content=\"en_US\" \/>\n<meta property=\"og:type\" content=\"article\" \/>\n<meta property=\"og:title\" content=\"Neue Duftnoten am KMU-Tag\" \/>\n<meta property=\"og:description\" content=\"Der Schweizer KMU-Tag vom 25. Oktober 2019 stand unter dem Motto \u00abKMU im Wettbewerb \u2013 Liefern statt Lafern\u00bb und wartete mit neuen Duftnoten auf.\" \/>\n<meta property=\"og:url\" content=\"https:\/\/www.organisator.ch\/en\/management\/2019-10-28\/neue-duftnoten-am-kmu-tag\/\" \/>\n<meta property=\"og:site_name\" content=\"Organisator\" \/>\n<meta property=\"article:publisher\" content=\"https:\/\/www.facebook.com\/OrganisatorFachmagazin\" \/>\n<meta property=\"article:published_time\" content=\"2019-10-28T09:13:17+00:00\" \/>\n<meta name=\"author\" content=\"thomas.berner\" \/>\n<meta name=\"twitter:card\" content=\"summary_large_image\" \/>\n<meta name=\"twitter:title\" content=\"Neue Duftnoten am #KMU-Tag\" \/>\n<meta name=\"twitter:description\" content=\"Der Schweizer #KMU-Tag vom 25. Oktober 2019 stand unter dem Motto \u00abKMU im Wettbewerb \u2013 Liefern statt Lafern\u00bb und wartete mit neuen #Duftnoten auf.\" \/>\n<script type=\"application\/ld+json\" class=\"yoast-schema-graph\">{\"@context\":\"https:\\\/\\\/schema.org\",\"@graph\":[{\"@type\":\"Article\",\"@id\":\"https:\\\/\\\/www.organisator.ch\\\/management\\\/2019-10-28\\\/neue-duftnoten-am-kmu-tag\\\/#article\",\"isPartOf\":{\"@id\":\"https:\\\/\\\/www.organisator.ch\\\/management\\\/2019-10-28\\\/neue-duftnoten-am-kmu-tag\\\/\"},\"author\":{\"name\":\"thomas.berner\",\"@id\":\"https:\\\/\\\/www.organisator.ch\\\/#\\\/schema\\\/person\\\/6f650f90b2842cd4c0cc334b4e36f67e\"},\"headline\":\"Neue Duftnoten am KMU-Tag\",\"datePublished\":\"2019-10-28T09:13:17+00:00\",\"mainEntityOfPage\":{\"@id\":\"https:\\\/\\\/www.organisator.ch\\\/management\\\/2019-10-28\\\/neue-duftnoten-am-kmu-tag\\\/\"},\"wordCount\":807,\"publisher\":{\"@id\":\"https:\\\/\\\/www.organisator.ch\\\/#organization\"},\"image\":{\"@id\":\"https:\\\/\\\/www.organisator.ch\\\/management\\\/2019-10-28\\\/neue-duftnoten-am-kmu-tag\\\/#primaryimage\"},\"thumbnailUrl\":\"https:\\\/\\\/www.organisator.ch\\\/wp-content\\\/uploads\\\/2019\\\/10\\\/Neue-Duftnoten-am-KMU-Tag-3_Organisator.jpg\",\"keywords\":[\"Fachkongress\\\/Fachmesse\",\"Management und Unternehmensf\u00fchrung\",\"Unternehmen\"],\"articleSection\":[\"MANAGEMENT\"],\"inLanguage\":\"en-US\"},{\"@type\":\"WebPage\",\"@id\":\"https:\\\/\\\/www.organisator.ch\\\/management\\\/2019-10-28\\\/neue-duftnoten-am-kmu-tag\\\/\",\"url\":\"https:\\\/\\\/www.organisator.ch\\\/management\\\/2019-10-28\\\/neue-duftnoten-am-kmu-tag\\\/\",\"name\":\"Neue Duftnoten am KMU-Tag - Organisator\",\"isPartOf\":{\"@id\":\"https:\\\/\\\/www.organisator.ch\\\/#website\"},\"primaryImageOfPage\":{\"@id\":\"https:\\\/\\\/www.organisator.ch\\\/management\\\/2019-10-28\\\/neue-duftnoten-am-kmu-tag\\\/#primaryimage\"},\"image\":{\"@id\":\"https:\\\/\\\/www.organisator.ch\\\/management\\\/2019-10-28\\\/neue-duftnoten-am-kmu-tag\\\/#primaryimage\"},\"thumbnailUrl\":\"https:\\\/\\\/www.organisator.ch\\\/wp-content\\\/uploads\\\/2019\\\/10\\\/Neue-Duftnoten-am-KMU-Tag-3_Organisator.jpg\",\"datePublished\":\"2019-10-28T09:13:17+00:00\",\"description\":\"Der Schweizer KMU-Tag vom 25. Oktober 2019 stand unter dem Motto \u00abKMU im Wettbewerb \u2013 Liefern statt Lafern\u00bb und wartete mit neuen Duftnoten auf.\",\"breadcrumb\":{\"@id\":\"https:\\\/\\\/www.organisator.ch\\\/management\\\/2019-10-28\\\/neue-duftnoten-am-kmu-tag\\\/#breadcrumb\"},\"inLanguage\":\"en-US\",\"potentialAction\":[{\"@type\":\"ReadAction\",\"target\":[\"https:\\\/\\\/www.organisator.ch\\\/management\\\/2019-10-28\\\/neue-duftnoten-am-kmu-tag\\\/\"]}]},{\"@type\":\"ImageObject\",\"inLanguage\":\"en-US\",\"@id\":\"https:\\\/\\\/www.organisator.ch\\\/management\\\/2019-10-28\\\/neue-duftnoten-am-kmu-tag\\\/#primaryimage\",\"url\":\"https:\\\/\\\/www.organisator.ch\\\/wp-content\\\/uploads\\\/2019\\\/10\\\/Neue-Duftnoten-am-KMU-Tag-3_Organisator.jpg\",\"contentUrl\":\"https:\\\/\\\/www.organisator.ch\\\/wp-content\\\/uploads\\\/2019\\\/10\\\/Neue-Duftnoten-am-KMU-Tag-3_Organisator.jpg\",\"width\":680,\"height\":340,\"caption\":\"Moderator Fabian Unteregger unterh\u00e4lt sich mit den zwei Startup-Unternehmern Susanne Dr\u00f6scher und Martin Fengler. Nicht nur die \\\"Inspiration-Session\\\" brachte neue Duftnoten an den KMU-Tag vom 25. Oktober 2019. (Bild: Thomas Berner)\"},{\"@type\":\"BreadcrumbList\",\"@id\":\"https:\\\/\\\/www.organisator.ch\\\/management\\\/2019-10-28\\\/neue-duftnoten-am-kmu-tag\\\/#breadcrumb\",\"itemListElement\":[{\"@type\":\"ListItem\",\"position\":1,\"name\":\"Home\",\"item\":\"https:\\\/\\\/www.organisator.ch\\\/\"},{\"@type\":\"ListItem\",\"position\":2,\"name\":\"Neue Duftnoten am KMU-Tag\"}]},{\"@type\":\"WebSite\",\"@id\":\"https:\\\/\\\/www.organisator.ch\\\/#website\",\"url\":\"https:\\\/\\\/www.organisator.ch\\\/\",\"name\":\"Organisator\",\"description\":\"Kompetent. Praxisnah. Der ORGANISATOR bereitet in 10 Ausgaben pro Jahr die wesentlichen Themen f\u00fcr F\u00fchrungskr\u00e4fte von KMU auf.\",\"publisher\":{\"@id\":\"https:\\\/\\\/www.organisator.ch\\\/#organization\"},\"potentialAction\":[{\"@type\":\"SearchAction\",\"target\":{\"@type\":\"EntryPoint\",\"urlTemplate\":\"https:\\\/\\\/www.organisator.ch\\\/?s={search_term_string}\"},\"query-input\":{\"@type\":\"PropertyValueSpecification\",\"valueRequired\":true,\"valueName\":\"search_term_string\"}}],\"inLanguage\":\"en-US\"},{\"@type\":\"Organization\",\"@id\":\"https:\\\/\\\/www.organisator.ch\\\/#organization\",\"name\":\"Organisator\",\"url\":\"https:\\\/\\\/www.organisator.ch\\\/\",\"logo\":{\"@type\":\"ImageObject\",\"inLanguage\":\"en-US\",\"@id\":\"https:\\\/\\\/www.organisator.ch\\\/#\\\/schema\\\/logo\\\/image\\\/\",\"url\":\"https:\\\/\\\/www.organisator.ch\\\/wp-content\\\/uploads\\\/2022\\\/01\\\/Logo_Organisator_Website.png\",\"contentUrl\":\"https:\\\/\\\/www.organisator.ch\\\/wp-content\\\/uploads\\\/2022\\\/01\\\/Logo_Organisator_Website.png\",\"width\":800,\"height\":77,\"caption\":\"Organisator\"},\"image\":{\"@id\":\"https:\\\/\\\/www.organisator.ch\\\/#\\\/schema\\\/logo\\\/image\\\/\"},\"sameAs\":[\"https:\\\/\\\/www.facebook.com\\\/OrganisatorFachmagazin\",\"https:\\\/\\\/www.linkedin.com\\\/showcase\\\/organisator-das-magazin-fr-kmu\",\"https:\\\/\\\/www.xing.com\\\/news\\\/pages\\\/organisator-ch-695\",\"https:\\\/\\\/www.youtube.com\\\/channel\\\/UCGP2Sq0iWaZwT3BdIAQFYpw\"]},{\"@type\":\"Person\",\"@id\":\"https:\\\/\\\/www.organisator.ch\\\/#\\\/schema\\\/person\\\/6f650f90b2842cd4c0cc334b4e36f67e\",\"name\":\"thomas.berner\",\"image\":{\"@type\":\"ImageObject\",\"inLanguage\":\"en-US\",\"@id\":\"https:\\\/\\\/secure.gravatar.com\\\/avatar\\\/ac5001d2a36cb6c6cd3e50789007ffca834b477b74a2144564522e944eabff61?s=96&d=mm&r=g\",\"url\":\"https:\\\/\\\/secure.gravatar.com\\\/avatar\\\/ac5001d2a36cb6c6cd3e50789007ffca834b477b74a2144564522e944eabff61?s=96&d=mm&r=g\",\"contentUrl\":\"https:\\\/\\\/secure.gravatar.com\\\/avatar\\\/ac5001d2a36cb6c6cd3e50789007ffca834b477b74a2144564522e944eabff61?s=96&d=mm&r=g\",\"caption\":\"thomas.berner\"},\"url\":\"https:\\\/\\\/www.organisator.ch\\\/en\\\/author\\\/thomas-berner\\\/\"}]}<\/script>\n<!-- \/ Yoast SEO plugin. -->","yoast_head_json":{"title":"New scents on SME Day - organizer","description":"The Swiss SME Day on October 25, 2019, was held under the motto \"SMEs in competition - delivering instead of lurking\" and came up with new scents.","robots":{"index":"index","follow":"follow","max-snippet":"max-snippet:-1","max-image-preview":"max-image-preview:large","max-video-preview":"max-video-preview:-1"},"canonical":"https:\/\/www.organisator.ch\/en\/management\/2019-10-28\/neue-duftnoten-am-kmu-tag\/","og_locale":"en_US","og_type":"article","og_title":"Neue Duftnoten am KMU-Tag","og_description":"Der Schweizer KMU-Tag vom 25. Oktober 2019 stand unter dem Motto \u00abKMU im Wettbewerb \u2013 Liefern statt Lafern\u00bb und wartete mit neuen Duftnoten auf.","og_url":"https:\/\/www.organisator.ch\/en\/management\/2019-10-28\/neue-duftnoten-am-kmu-tag\/","og_site_name":"Organisator","article_publisher":"https:\/\/www.facebook.com\/OrganisatorFachmagazin","article_published_time":"2019-10-28T09:13:17+00:00","author":"thomas.berner","twitter_card":"summary_large_image","twitter_title":"Neue Duftnoten am #KMU-Tag","twitter_description":"Der Schweizer #KMU-Tag vom 25. Oktober 2019 stand unter dem Motto \u00abKMU im Wettbewerb \u2013 Liefern statt Lafern\u00bb und wartete mit neuen #Duftnoten auf.","schema":{"@context":"https:\/\/schema.org","@graph":[{"@type":"Article","@id":"https:\/\/www.organisator.ch\/management\/2019-10-28\/neue-duftnoten-am-kmu-tag\/#article","isPartOf":{"@id":"https:\/\/www.organisator.ch\/management\/2019-10-28\/neue-duftnoten-am-kmu-tag\/"},"author":{"name":"thomas.berner","@id":"https:\/\/www.organisator.ch\/#\/schema\/person\/6f650f90b2842cd4c0cc334b4e36f67e"},"headline":"Neue Duftnoten am KMU-Tag","datePublished":"2019-10-28T09:13:17+00:00","mainEntityOfPage":{"@id":"https:\/\/www.organisator.ch\/management\/2019-10-28\/neue-duftnoten-am-kmu-tag\/"},"wordCount":807,"publisher":{"@id":"https:\/\/www.organisator.ch\/#organization"},"image":{"@id":"https:\/\/www.organisator.ch\/management\/2019-10-28\/neue-duftnoten-am-kmu-tag\/#primaryimage"},"thumbnailUrl":"https:\/\/www.organisator.ch\/wp-content\/uploads\/2019\/10\/Neue-Duftnoten-am-KMU-Tag-3_Organisator.jpg","keywords":["Fachkongress\/Fachmesse","Management und Unternehmensf\u00fchrung","Unternehmen"],"articleSection":["MANAGEMENT"],"inLanguage":"en-US"},{"@type":"WebPage","@id":"https:\/\/www.organisator.ch\/management\/2019-10-28\/neue-duftnoten-am-kmu-tag\/","url":"https:\/\/www.organisator.ch\/management\/2019-10-28\/neue-duftnoten-am-kmu-tag\/","name":"New scents on SME Day - organizer","isPartOf":{"@id":"https:\/\/www.organisator.ch\/#website"},"primaryImageOfPage":{"@id":"https:\/\/www.organisator.ch\/management\/2019-10-28\/neue-duftnoten-am-kmu-tag\/#primaryimage"},"image":{"@id":"https:\/\/www.organisator.ch\/management\/2019-10-28\/neue-duftnoten-am-kmu-tag\/#primaryimage"},"thumbnailUrl":"https:\/\/www.organisator.ch\/wp-content\/uploads\/2019\/10\/Neue-Duftnoten-am-KMU-Tag-3_Organisator.jpg","datePublished":"2019-10-28T09:13:17+00:00","description":"The Swiss SME Day on October 25, 2019, was held under the motto \"SMEs in competition - delivering instead of lurking\" and came up with new scents.","breadcrumb":{"@id":"https:\/\/www.organisator.ch\/management\/2019-10-28\/neue-duftnoten-am-kmu-tag\/#breadcrumb"},"inLanguage":"en-US","potentialAction":[{"@type":"ReadAction","target":["https:\/\/www.organisator.ch\/management\/2019-10-28\/neue-duftnoten-am-kmu-tag\/"]}]},{"@type":"ImageObject","inLanguage":"en-US","@id":"https:\/\/www.organisator.ch\/management\/2019-10-28\/neue-duftnoten-am-kmu-tag\/#primaryimage","url":"https:\/\/www.organisator.ch\/wp-content\/uploads\/2019\/10\/Neue-Duftnoten-am-KMU-Tag-3_Organisator.jpg","contentUrl":"https:\/\/www.organisator.ch\/wp-content\/uploads\/2019\/10\/Neue-Duftnoten-am-KMU-Tag-3_Organisator.jpg","width":680,"height":340,"caption":"Moderator Fabian Unteregger unterh\u00e4lt sich mit den zwei Startup-Unternehmern Susanne Dr\u00f6scher und Martin Fengler. Nicht nur die \"Inspiration-Session\" brachte neue Duftnoten an den KMU-Tag vom 25. Oktober 2019. (Bild: Thomas Berner)"},{"@type":"BreadcrumbList","@id":"https:\/\/www.organisator.ch\/management\/2019-10-28\/neue-duftnoten-am-kmu-tag\/#breadcrumb","itemListElement":[{"@type":"ListItem","position":1,"name":"Home","item":"https:\/\/www.organisator.ch\/"},{"@type":"ListItem","position":2,"name":"Neue Duftnoten am KMU-Tag"}]},{"@type":"WebSite","@id":"https:\/\/www.organisator.ch\/#website","url":"https:\/\/www.organisator.ch\/","name":"Organizer","description":"Competent. Practical. In 10 issues per year, ORGANISATOR presents the essential topics for managers of SMEs.","publisher":{"@id":"https:\/\/www.organisator.ch\/#organization"},"potentialAction":[{"@type":"SearchAction","target":{"@type":"EntryPoint","urlTemplate":"https:\/\/www.organisator.ch\/?s={search_term_string}"},"query-input":{"@type":"PropertyValueSpecification","valueRequired":true,"valueName":"search_term_string"}}],"inLanguage":"en-US"},{"@type":"Organization","@id":"https:\/\/www.organisator.ch\/#organization","name":"Organizer","url":"https:\/\/www.organisator.ch\/","logo":{"@type":"ImageObject","inLanguage":"en-US","@id":"https:\/\/www.organisator.ch\/#\/schema\/logo\/image\/","url":"https:\/\/www.organisator.ch\/wp-content\/uploads\/2022\/01\/Logo_Organisator_Website.png","contentUrl":"https:\/\/www.organisator.ch\/wp-content\/uploads\/2022\/01\/Logo_Organisator_Website.png","width":800,"height":77,"caption":"Organisator"},"image":{"@id":"https:\/\/www.organisator.ch\/#\/schema\/logo\/image\/"},"sameAs":["https:\/\/www.facebook.com\/OrganisatorFachmagazin","https:\/\/www.linkedin.com\/showcase\/organisator-das-magazin-fr-kmu","https:\/\/www.xing.com\/news\/pages\/organisator-ch-695","https:\/\/www.youtube.com\/channel\/UCGP2Sq0iWaZwT3BdIAQFYpw"]},{"@type":"Person","@id":"https:\/\/www.organisator.ch\/#\/schema\/person\/6f650f90b2842cd4c0cc334b4e36f67e","name":"thomas.berner","image":{"@type":"ImageObject","inLanguage":"en-US","@id":"https:\/\/secure.gravatar.com\/avatar\/ac5001d2a36cb6c6cd3e50789007ffca834b477b74a2144564522e944eabff61?s=96&d=mm&r=g","url":"https:\/\/secure.gravatar.com\/avatar\/ac5001d2a36cb6c6cd3e50789007ffca834b477b74a2144564522e944eabff61?s=96&d=mm&r=g","contentUrl":"https:\/\/secure.gravatar.com\/avatar\/ac5001d2a36cb6c6cd3e50789007ffca834b477b74a2144564522e944eabff61?s=96&d=mm&r=g","caption":"thomas.berner"},"url":"https:\/\/www.organisator.ch\/en\/author\/thomas-berner\/"}]}},"_links":{"self":[{"href":"https:\/\/www.organisator.ch\/en\/wp-json\/wp\/v2\/posts\/8571","targetHints":{"allow":["GET"]}}],"collection":[{"href":"https:\/\/www.organisator.ch\/en\/wp-json\/wp\/v2\/posts"}],"about":[{"href":"https:\/\/www.organisator.ch\/en\/wp-json\/wp\/v2\/types\/post"}],"author":[{"embeddable":true,"href":"https:\/\/www.organisator.ch\/en\/wp-json\/wp\/v2\/users\/4"}],"replies":[{"embeddable":true,"href":"https:\/\/www.organisator.ch\/en\/wp-json\/wp\/v2\/comments?post=8571"}],"version-history":[{"count":0,"href":"https:\/\/www.organisator.ch\/en\/wp-json\/wp\/v2\/posts\/8571\/revisions"}],"wp:featuredmedia":[{"embeddable":true,"href":"https:\/\/www.organisator.ch\/en\/wp-json\/wp\/v2\/media\/8471"}],"wp:attachment":[{"href":"https:\/\/www.organisator.ch\/en\/wp-json\/wp\/v2\/media?parent=8571"}],"wp:term":[{"taxonomy":"category","embeddable":true,"href":"https:\/\/www.organisator.ch\/en\/wp-json\/wp\/v2\/categories?post=8571"},{"taxonomy":"post_tag","embeddable":true,"href":"https:\/\/www.organisator.ch\/en\/wp-json\/wp\/v2\/tags?post=8571"}],"curies":[{"name":"wp","href":"https:\/\/api.w.org\/{rel}","templated":true}]}}