{"id":8572,"date":"2019-10-29T09:31:39","date_gmt":"2019-10-29T08:31:39","guid":{"rendered":"https:\/\/www.organisator.ch\/?p=5963"},"modified":"2019-10-29T09:31:39","modified_gmt":"2019-10-29T08:31:39","slug":"erfolgs-impuls-ihre-falschen-prioritaeten-und-die-fatalen-folgen","status":"publish","type":"post","link":"https:\/\/www.organisator.ch\/en\/management\/2019-10-29\/erfolgs-impuls-ihre-falschen-prioritaeten-und-die-fatalen-folgen\/","title":{"rendered":"Success Impulse: Your wrong priorities (and the fatal consequences)"},"content":{"rendered":"<figure id=\"attachment_5964\" aria-describedby=\"caption-attachment-5964\" style=\"width: 680px\" class=\"wp-caption alignnone\"><img loading=\"lazy\" decoding=\"async\" class=\"size-medium wp-image-5964\" src=\"https:\/\/www.organisator.ch\/wp-content\/uploads\/2019\/10\/Erfolgs-Impuls-Ihre-falschen-Prioritaeten-und-die-fatalen-Folgen_Organisator.jpg\" alt=\"\" width=\"680\" height=\"453\" \/><figcaption id=\"caption-attachment-5964\" class=\"wp-caption-text\">Time pressure, urgent, important: it is the subconscious that controls our priorities. (Image: Pixabay.com)<\/figcaption><\/figure>\n<p>Everyone else (about 99.9%) who keeps getting absorbed by the urgent before the important, and who spends too much time on reactive activities, should definitely check out the following. It can change your life.<\/p>\n<h2>Program the subconscious mind<\/h2>\n<p>Our brain is a fascinating organ: Put simply, you can use your conscious mind to program your subconscious mind, through strong emotions and ongoing repetition. This is important because our subconscious mind is responsible for over 99% of our daily decisions. This mechanism leads you to do more and more of what you have done in the past. This realization is critical to your success.<\/p>\n<p>Example: If you are used to spending most of your time as a leader solving urgent problems and putting out emblematic fires, you will get more of that in the future. <strong>You multiply what you focus on.<\/strong><\/p>\n<h2>Further examples from practice<\/h2>\n<p>If you spend most of your time on problem-solving and fire-fighting exercises, you will also get more and more such problems. If you keep doing the urgent before the important, there will be more and more urgent things in your life. If you spend a lot of time in meetings where neither the urgent nor the important is discussed most of the time, you will have more and more such meetings.<\/p>\n<h2>Learning to set priorities correctly<\/h2>\n<p>How can you change this negative automatism, for yourself and your team? In principle, in three steps:<\/p>\n<ol>\n<li>Know what's important. Most people have a hard time deciding what is really important. You need to have defined your long-term goals and your mission.<\/li>\n<li>Schedule the important stuff. It sounds almost too simple, but you need to schedule what's important on your calendar for each day. Many people already let themselves be controlled by others by filling their calendar with everything possible.<\/li>\n<li>Doing the important thing. Doing the important thing usually requires creative thinking and initiative. If you don't do it, often no one else will. You are often breaking new ground. That is exhausting. You'd rather spend the next few hours in meetings again...<\/li>\n<\/ol>\n<p>These insights are simple to understand, but painstaking to implement. Winning teams have their priorities in check - and produce corresponding success.<\/p>\n<p>Anyone can take this path. If you start today and gradually shift your priorities with your team, you will dramatically improve performance - guaranteed!<\/p>\n<p><i>To the author:<br \/>\n<\/i><em>Volkmar V\u00f6lzke is a success maximizer. Book author. Consultant. Coach. Speaker. <a href=\"http:\/\/www.volkmarvoelzke.ch\/\">www.volkmarvoelzke.ch<\/a><\/em><\/p>","protected":false},"excerpt":{"rendered":"<p>Alle anderen (ca. 99,9%), die immer wieder vom Dringenden vor dem Wichtigen absorbiert werden und die zu viel Zeit mit reaktiven T\u00e4tigkeiten verbringen, sollten sich unbedingt das Folgende zu Gem\u00fcte f\u00fchren. Es kann Ihr Leben \u00e4ndern. Das Unterbewusstsein programmieren Unser Gehirn ist ein faszinierendes Organ: Vereinfacht gesagt k\u00f6nnen Sie mit Ihrem Bewusstsein Ihr Unterbewusstsein programmieren, [&hellip;]<\/p>\n","protected":false},"author":4,"featured_media":8475,"comment_status":"closed","ping_status":"closed","sticky":false,"template":"","format":"standard","meta":{"_acf_changed":false,"_yoast_wpseo_focuskw":"Priorit\u00e4ten","_yoast_wpseo_metadesc":"Haben Sie und Ihr Team immer und jederzeit die Priorit\u00e4ten voll im Griff? Erreichen Sie immer das, was Sie wollen? Dann brauchen Sie nicht weiterlesen.","articlekey":"","footnotes":""},"categories":[28],"tags":[177,208,335,429],"class_list":["post-8572","post","type-post","status-publish","format-standard","has-post-thumbnail","hentry","category-management","tag-erfolgs-impuls","tag-fit-im-job","tag-management-und-unternehmensfuehrung","tag-selbstmanagement"],"acf":[],"yoast_head":"<!-- This site is optimized with the Yoast SEO plugin v27.5 - https:\/\/yoast.com\/product\/yoast-seo-wordpress\/ -->\n<title>Erfolgs-Impuls: Ihre falschen Priorit\u00e4ten (und die fatalen Folgen) - Organisator<\/title>\n<meta name=\"description\" content=\"Haben Sie und Ihr Team immer und jederzeit die Priorit\u00e4ten voll im Griff? Erreichen Sie immer das, was Sie wollen? Dann brauchen Sie nicht weiterlesen.\" \/>\n<meta name=\"robots\" content=\"index, follow, max-snippet:-1, max-image-preview:large, max-video-preview:-1\" \/>\n<link rel=\"canonical\" href=\"https:\/\/www.organisator.ch\/en\/management\/2019-10-29\/erfolgs-impuls-ihre-falschen-prioritaeten-und-die-fatalen-folgen\/\" \/>\n<meta property=\"og:locale\" content=\"en_US\" \/>\n<meta property=\"og:type\" content=\"article\" \/>\n<meta property=\"og:title\" content=\"Erfolgs-Impuls: Ihre falschen Priorit\u00e4ten (und die fatalen Folgen)\" \/>\n<meta property=\"og:description\" content=\"Haben Sie und Ihr Team immer und jederzeit die Priorit\u00e4ten voll im Griff? Erreichen Sie immer das, was Sie wollen? Dann brauchen Sie nicht weiterlesen.\" \/>\n<meta property=\"og:url\" content=\"https:\/\/www.organisator.ch\/en\/management\/2019-10-29\/erfolgs-impuls-ihre-falschen-prioritaeten-und-die-fatalen-folgen\/\" \/>\n<meta property=\"og:site_name\" content=\"Organisator\" \/>\n<meta property=\"article:publisher\" content=\"https:\/\/www.facebook.com\/OrganisatorFachmagazin\" \/>\n<meta property=\"article:published_time\" content=\"2019-10-29T08:31:39+00:00\" \/>\n<meta name=\"author\" content=\"thomas.berner\" \/>\n<meta name=\"twitter:card\" content=\"summary_large_image\" \/>\n<meta name=\"twitter:title\" content=\"#Erfolgs-Impuls: Ihre falschen #Priorit\u00e4ten (und die fatalen Folgen)\" \/>\n<meta name=\"twitter:description\" content=\"Haben Sie und Ihr Team immer und jederzeit die #Priorit\u00e4ten voll im Griff? Erreichen Sie immer das, was Sie wollen? Dann brauchen Sie nicht weiterlesen.\" \/>\n<script type=\"application\/ld+json\" class=\"yoast-schema-graph\">{\"@context\":\"https:\\\/\\\/schema.org\",\"@graph\":[{\"@type\":\"Article\",\"@id\":\"https:\\\/\\\/www.organisator.ch\\\/management\\\/2019-10-29\\\/erfolgs-impuls-ihre-falschen-prioritaeten-und-die-fatalen-folgen\\\/#article\",\"isPartOf\":{\"@id\":\"https:\\\/\\\/www.organisator.ch\\\/management\\\/2019-10-29\\\/erfolgs-impuls-ihre-falschen-prioritaeten-und-die-fatalen-folgen\\\/\"},\"author\":{\"name\":\"thomas.berner\",\"@id\":\"https:\\\/\\\/www.organisator.ch\\\/#\\\/schema\\\/person\\\/6f650f90b2842cd4c0cc334b4e36f67e\"},\"headline\":\"Erfolgs-Impuls: Ihre falschen Priorit\u00e4ten (und die fatalen Folgen)\",\"datePublished\":\"2019-10-29T08:31:39+00:00\",\"mainEntityOfPage\":{\"@id\":\"https:\\\/\\\/www.organisator.ch\\\/management\\\/2019-10-29\\\/erfolgs-impuls-ihre-falschen-prioritaeten-und-die-fatalen-folgen\\\/\"},\"wordCount\":455,\"publisher\":{\"@id\":\"https:\\\/\\\/www.organisator.ch\\\/#organization\"},\"image\":{\"@id\":\"https:\\\/\\\/www.organisator.ch\\\/management\\\/2019-10-29\\\/erfolgs-impuls-ihre-falschen-prioritaeten-und-die-fatalen-folgen\\\/#primaryimage\"},\"thumbnailUrl\":\"https:\\\/\\\/www.organisator.ch\\\/wp-content\\\/uploads\\\/2019\\\/10\\\/Erfolgs-Impuls-Ihre-falschen-Prioritaeten-und-die-fatalen-Folgen_Organisator.jpg\",\"keywords\":[\"Erfolgs-Impuls\",\"Fit im Job\",\"Management und Unternehmensf\u00fchrung\",\"Selbstmanagement\"],\"articleSection\":[\"MANAGEMENT\"],\"inLanguage\":\"en-US\"},{\"@type\":\"WebPage\",\"@id\":\"https:\\\/\\\/www.organisator.ch\\\/management\\\/2019-10-29\\\/erfolgs-impuls-ihre-falschen-prioritaeten-und-die-fatalen-folgen\\\/\",\"url\":\"https:\\\/\\\/www.organisator.ch\\\/management\\\/2019-10-29\\\/erfolgs-impuls-ihre-falschen-prioritaeten-und-die-fatalen-folgen\\\/\",\"name\":\"Erfolgs-Impuls: Ihre falschen Priorit\u00e4ten (und die fatalen Folgen) - Organisator\",\"isPartOf\":{\"@id\":\"https:\\\/\\\/www.organisator.ch\\\/#website\"},\"primaryImageOfPage\":{\"@id\":\"https:\\\/\\\/www.organisator.ch\\\/management\\\/2019-10-29\\\/erfolgs-impuls-ihre-falschen-prioritaeten-und-die-fatalen-folgen\\\/#primaryimage\"},\"image\":{\"@id\":\"https:\\\/\\\/www.organisator.ch\\\/management\\\/2019-10-29\\\/erfolgs-impuls-ihre-falschen-prioritaeten-und-die-fatalen-folgen\\\/#primaryimage\"},\"thumbnailUrl\":\"https:\\\/\\\/www.organisator.ch\\\/wp-content\\\/uploads\\\/2019\\\/10\\\/Erfolgs-Impuls-Ihre-falschen-Prioritaeten-und-die-fatalen-Folgen_Organisator.jpg\",\"datePublished\":\"2019-10-29T08:31:39+00:00\",\"description\":\"Haben Sie und Ihr Team immer und jederzeit die Priorit\u00e4ten voll im Griff? Erreichen Sie immer das, was Sie wollen? Dann brauchen Sie nicht weiterlesen.\",\"breadcrumb\":{\"@id\":\"https:\\\/\\\/www.organisator.ch\\\/management\\\/2019-10-29\\\/erfolgs-impuls-ihre-falschen-prioritaeten-und-die-fatalen-folgen\\\/#breadcrumb\"},\"inLanguage\":\"en-US\",\"potentialAction\":[{\"@type\":\"ReadAction\",\"target\":[\"https:\\\/\\\/www.organisator.ch\\\/management\\\/2019-10-29\\\/erfolgs-impuls-ihre-falschen-prioritaeten-und-die-fatalen-folgen\\\/\"]}]},{\"@type\":\"ImageObject\",\"inLanguage\":\"en-US\",\"@id\":\"https:\\\/\\\/www.organisator.ch\\\/management\\\/2019-10-29\\\/erfolgs-impuls-ihre-falschen-prioritaeten-und-die-fatalen-folgen\\\/#primaryimage\",\"url\":\"https:\\\/\\\/www.organisator.ch\\\/wp-content\\\/uploads\\\/2019\\\/10\\\/Erfolgs-Impuls-Ihre-falschen-Prioritaeten-und-die-fatalen-Folgen_Organisator.jpg\",\"contentUrl\":\"https:\\\/\\\/www.organisator.ch\\\/wp-content\\\/uploads\\\/2019\\\/10\\\/Erfolgs-Impuls-Ihre-falschen-Prioritaeten-und-die-fatalen-Folgen_Organisator.jpg\",\"width\":680,\"height\":453,\"caption\":\"Zeitdruck, Dringendes, Wichtiges: Das Unterbewusstsein ist es, welches unsere Priorit\u00e4ten steuert. (Bild: Pixabay.com)\"},{\"@type\":\"BreadcrumbList\",\"@id\":\"https:\\\/\\\/www.organisator.ch\\\/management\\\/2019-10-29\\\/erfolgs-impuls-ihre-falschen-prioritaeten-und-die-fatalen-folgen\\\/#breadcrumb\",\"itemListElement\":[{\"@type\":\"ListItem\",\"position\":1,\"name\":\"Home\",\"item\":\"https:\\\/\\\/www.organisator.ch\\\/\"},{\"@type\":\"ListItem\",\"position\":2,\"name\":\"Erfolgs-Impuls: Ihre falschen Priorit\u00e4ten (und die fatalen Folgen)\"}]},{\"@type\":\"WebSite\",\"@id\":\"https:\\\/\\\/www.organisator.ch\\\/#website\",\"url\":\"https:\\\/\\\/www.organisator.ch\\\/\",\"name\":\"Organisator\",\"description\":\"Kompetent. Praxisnah. Der ORGANISATOR bereitet in 10 Ausgaben pro Jahr die wesentlichen Themen f\u00fcr F\u00fchrungskr\u00e4fte von KMU auf.\",\"publisher\":{\"@id\":\"https:\\\/\\\/www.organisator.ch\\\/#organization\"},\"potentialAction\":[{\"@type\":\"SearchAction\",\"target\":{\"@type\":\"EntryPoint\",\"urlTemplate\":\"https:\\\/\\\/www.organisator.ch\\\/?s={search_term_string}\"},\"query-input\":{\"@type\":\"PropertyValueSpecification\",\"valueRequired\":true,\"valueName\":\"search_term_string\"}}],\"inLanguage\":\"en-US\"},{\"@type\":\"Organization\",\"@id\":\"https:\\\/\\\/www.organisator.ch\\\/#organization\",\"name\":\"Organisator\",\"url\":\"https:\\\/\\\/www.organisator.ch\\\/\",\"logo\":{\"@type\":\"ImageObject\",\"inLanguage\":\"en-US\",\"@id\":\"https:\\\/\\\/www.organisator.ch\\\/#\\\/schema\\\/logo\\\/image\\\/\",\"url\":\"https:\\\/\\\/www.organisator.ch\\\/wp-content\\\/uploads\\\/2022\\\/01\\\/Logo_Organisator_Website.png\",\"contentUrl\":\"https:\\\/\\\/www.organisator.ch\\\/wp-content\\\/uploads\\\/2022\\\/01\\\/Logo_Organisator_Website.png\",\"width\":800,\"height\":77,\"caption\":\"Organisator\"},\"image\":{\"@id\":\"https:\\\/\\\/www.organisator.ch\\\/#\\\/schema\\\/logo\\\/image\\\/\"},\"sameAs\":[\"https:\\\/\\\/www.facebook.com\\\/OrganisatorFachmagazin\",\"https:\\\/\\\/www.linkedin.com\\\/showcase\\\/organisator-das-magazin-fr-kmu\",\"https:\\\/\\\/www.xing.com\\\/news\\\/pages\\\/organisator-ch-695\",\"https:\\\/\\\/www.youtube.com\\\/channel\\\/UCGP2Sq0iWaZwT3BdIAQFYpw\"]},{\"@type\":\"Person\",\"@id\":\"https:\\\/\\\/www.organisator.ch\\\/#\\\/schema\\\/person\\\/6f650f90b2842cd4c0cc334b4e36f67e\",\"name\":\"thomas.berner\",\"image\":{\"@type\":\"ImageObject\",\"inLanguage\":\"en-US\",\"@id\":\"https:\\\/\\\/secure.gravatar.com\\\/avatar\\\/ac5001d2a36cb6c6cd3e50789007ffca834b477b74a2144564522e944eabff61?s=96&d=mm&r=g\",\"url\":\"https:\\\/\\\/secure.gravatar.com\\\/avatar\\\/ac5001d2a36cb6c6cd3e50789007ffca834b477b74a2144564522e944eabff61?s=96&d=mm&r=g\",\"contentUrl\":\"https:\\\/\\\/secure.gravatar.com\\\/avatar\\\/ac5001d2a36cb6c6cd3e50789007ffca834b477b74a2144564522e944eabff61?s=96&d=mm&r=g\",\"caption\":\"thomas.berner\"},\"url\":\"https:\\\/\\\/www.organisator.ch\\\/en\\\/author\\\/thomas-berner\\\/\"}]}<\/script>\n<!-- \/ Yoast SEO plugin. -->","yoast_head_json":{"title":"Success Impulse: Your wrong priorities (and the fatal consequences) - Organizer","description":"Do you and your team always have your priorities fully under control? Do you always achieve what you want? Then you don't need to read any further.","robots":{"index":"index","follow":"follow","max-snippet":"max-snippet:-1","max-image-preview":"max-image-preview:large","max-video-preview":"max-video-preview:-1"},"canonical":"https:\/\/www.organisator.ch\/en\/management\/2019-10-29\/erfolgs-impuls-ihre-falschen-prioritaeten-und-die-fatalen-folgen\/","og_locale":"en_US","og_type":"article","og_title":"Erfolgs-Impuls: Ihre falschen Priorit\u00e4ten (und die fatalen Folgen)","og_description":"Haben Sie und Ihr Team immer und jederzeit die Priorit\u00e4ten voll im Griff? Erreichen Sie immer das, was Sie wollen? Dann brauchen Sie nicht weiterlesen.","og_url":"https:\/\/www.organisator.ch\/en\/management\/2019-10-29\/erfolgs-impuls-ihre-falschen-prioritaeten-und-die-fatalen-folgen\/","og_site_name":"Organisator","article_publisher":"https:\/\/www.facebook.com\/OrganisatorFachmagazin","article_published_time":"2019-10-29T08:31:39+00:00","author":"thomas.berner","twitter_card":"summary_large_image","twitter_title":"#Erfolgs-Impuls: Ihre falschen #Priorit\u00e4ten (und die fatalen Folgen)","twitter_description":"Haben Sie und Ihr Team immer und jederzeit die #Priorit\u00e4ten voll im Griff? Erreichen Sie immer das, was Sie wollen? Dann brauchen Sie nicht weiterlesen.","schema":{"@context":"https:\/\/schema.org","@graph":[{"@type":"Article","@id":"https:\/\/www.organisator.ch\/management\/2019-10-29\/erfolgs-impuls-ihre-falschen-prioritaeten-und-die-fatalen-folgen\/#article","isPartOf":{"@id":"https:\/\/www.organisator.ch\/management\/2019-10-29\/erfolgs-impuls-ihre-falschen-prioritaeten-und-die-fatalen-folgen\/"},"author":{"name":"thomas.berner","@id":"https:\/\/www.organisator.ch\/#\/schema\/person\/6f650f90b2842cd4c0cc334b4e36f67e"},"headline":"Erfolgs-Impuls: Ihre falschen Priorit\u00e4ten (und die fatalen Folgen)","datePublished":"2019-10-29T08:31:39+00:00","mainEntityOfPage":{"@id":"https:\/\/www.organisator.ch\/management\/2019-10-29\/erfolgs-impuls-ihre-falschen-prioritaeten-und-die-fatalen-folgen\/"},"wordCount":455,"publisher":{"@id":"https:\/\/www.organisator.ch\/#organization"},"image":{"@id":"https:\/\/www.organisator.ch\/management\/2019-10-29\/erfolgs-impuls-ihre-falschen-prioritaeten-und-die-fatalen-folgen\/#primaryimage"},"thumbnailUrl":"https:\/\/www.organisator.ch\/wp-content\/uploads\/2019\/10\/Erfolgs-Impuls-Ihre-falschen-Prioritaeten-und-die-fatalen-Folgen_Organisator.jpg","keywords":["Erfolgs-Impuls","Fit im Job","Management und Unternehmensf\u00fchrung","Selbstmanagement"],"articleSection":["MANAGEMENT"],"inLanguage":"en-US"},{"@type":"WebPage","@id":"https:\/\/www.organisator.ch\/management\/2019-10-29\/erfolgs-impuls-ihre-falschen-prioritaeten-und-die-fatalen-folgen\/","url":"https:\/\/www.organisator.ch\/management\/2019-10-29\/erfolgs-impuls-ihre-falschen-prioritaeten-und-die-fatalen-folgen\/","name":"Success Impulse: Your wrong priorities (and the fatal consequences) - Organizer","isPartOf":{"@id":"https:\/\/www.organisator.ch\/#website"},"primaryImageOfPage":{"@id":"https:\/\/www.organisator.ch\/management\/2019-10-29\/erfolgs-impuls-ihre-falschen-prioritaeten-und-die-fatalen-folgen\/#primaryimage"},"image":{"@id":"https:\/\/www.organisator.ch\/management\/2019-10-29\/erfolgs-impuls-ihre-falschen-prioritaeten-und-die-fatalen-folgen\/#primaryimage"},"thumbnailUrl":"https:\/\/www.organisator.ch\/wp-content\/uploads\/2019\/10\/Erfolgs-Impuls-Ihre-falschen-Prioritaeten-und-die-fatalen-Folgen_Organisator.jpg","datePublished":"2019-10-29T08:31:39+00:00","description":"Do you and your team always have your priorities fully under control? Do you always achieve what you want? Then you don't need to read any further.","breadcrumb":{"@id":"https:\/\/www.organisator.ch\/management\/2019-10-29\/erfolgs-impuls-ihre-falschen-prioritaeten-und-die-fatalen-folgen\/#breadcrumb"},"inLanguage":"en-US","potentialAction":[{"@type":"ReadAction","target":["https:\/\/www.organisator.ch\/management\/2019-10-29\/erfolgs-impuls-ihre-falschen-prioritaeten-und-die-fatalen-folgen\/"]}]},{"@type":"ImageObject","inLanguage":"en-US","@id":"https:\/\/www.organisator.ch\/management\/2019-10-29\/erfolgs-impuls-ihre-falschen-prioritaeten-und-die-fatalen-folgen\/#primaryimage","url":"https:\/\/www.organisator.ch\/wp-content\/uploads\/2019\/10\/Erfolgs-Impuls-Ihre-falschen-Prioritaeten-und-die-fatalen-Folgen_Organisator.jpg","contentUrl":"https:\/\/www.organisator.ch\/wp-content\/uploads\/2019\/10\/Erfolgs-Impuls-Ihre-falschen-Prioritaeten-und-die-fatalen-Folgen_Organisator.jpg","width":680,"height":453,"caption":"Zeitdruck, Dringendes, Wichtiges: Das Unterbewusstsein ist es, welches unsere Priorit\u00e4ten steuert. (Bild: Pixabay.com)"},{"@type":"BreadcrumbList","@id":"https:\/\/www.organisator.ch\/management\/2019-10-29\/erfolgs-impuls-ihre-falschen-prioritaeten-und-die-fatalen-folgen\/#breadcrumb","itemListElement":[{"@type":"ListItem","position":1,"name":"Home","item":"https:\/\/www.organisator.ch\/"},{"@type":"ListItem","position":2,"name":"Erfolgs-Impuls: Ihre falschen Priorit\u00e4ten (und die fatalen Folgen)"}]},{"@type":"WebSite","@id":"https:\/\/www.organisator.ch\/#website","url":"https:\/\/www.organisator.ch\/","name":"Organizer","description":"Competent. Practical. In 10 issues per year, ORGANISATOR presents the essential topics for managers of SMEs.","publisher":{"@id":"https:\/\/www.organisator.ch\/#organization"},"potentialAction":[{"@type":"SearchAction","target":{"@type":"EntryPoint","urlTemplate":"https:\/\/www.organisator.ch\/?s={search_term_string}"},"query-input":{"@type":"PropertyValueSpecification","valueRequired":true,"valueName":"search_term_string"}}],"inLanguage":"en-US"},{"@type":"Organization","@id":"https:\/\/www.organisator.ch\/#organization","name":"Organizer","url":"https:\/\/www.organisator.ch\/","logo":{"@type":"ImageObject","inLanguage":"en-US","@id":"https:\/\/www.organisator.ch\/#\/schema\/logo\/image\/","url":"https:\/\/www.organisator.ch\/wp-content\/uploads\/2022\/01\/Logo_Organisator_Website.png","contentUrl":"https:\/\/www.organisator.ch\/wp-content\/uploads\/2022\/01\/Logo_Organisator_Website.png","width":800,"height":77,"caption":"Organisator"},"image":{"@id":"https:\/\/www.organisator.ch\/#\/schema\/logo\/image\/"},"sameAs":["https:\/\/www.facebook.com\/OrganisatorFachmagazin","https:\/\/www.linkedin.com\/showcase\/organisator-das-magazin-fr-kmu","https:\/\/www.xing.com\/news\/pages\/organisator-ch-695","https:\/\/www.youtube.com\/channel\/UCGP2Sq0iWaZwT3BdIAQFYpw"]},{"@type":"Person","@id":"https:\/\/www.organisator.ch\/#\/schema\/person\/6f650f90b2842cd4c0cc334b4e36f67e","name":"thomas.berner","image":{"@type":"ImageObject","inLanguage":"en-US","@id":"https:\/\/secure.gravatar.com\/avatar\/ac5001d2a36cb6c6cd3e50789007ffca834b477b74a2144564522e944eabff61?s=96&d=mm&r=g","url":"https:\/\/secure.gravatar.com\/avatar\/ac5001d2a36cb6c6cd3e50789007ffca834b477b74a2144564522e944eabff61?s=96&d=mm&r=g","contentUrl":"https:\/\/secure.gravatar.com\/avatar\/ac5001d2a36cb6c6cd3e50789007ffca834b477b74a2144564522e944eabff61?s=96&d=mm&r=g","caption":"thomas.berner"},"url":"https:\/\/www.organisator.ch\/en\/author\/thomas-berner\/"}]}},"_links":{"self":[{"href":"https:\/\/www.organisator.ch\/en\/wp-json\/wp\/v2\/posts\/8572","targetHints":{"allow":["GET"]}}],"collection":[{"href":"https:\/\/www.organisator.ch\/en\/wp-json\/wp\/v2\/posts"}],"about":[{"href":"https:\/\/www.organisator.ch\/en\/wp-json\/wp\/v2\/types\/post"}],"author":[{"embeddable":true,"href":"https:\/\/www.organisator.ch\/en\/wp-json\/wp\/v2\/users\/4"}],"replies":[{"embeddable":true,"href":"https:\/\/www.organisator.ch\/en\/wp-json\/wp\/v2\/comments?post=8572"}],"version-history":[{"count":0,"href":"https:\/\/www.organisator.ch\/en\/wp-json\/wp\/v2\/posts\/8572\/revisions"}],"wp:featuredmedia":[{"embeddable":true,"href":"https:\/\/www.organisator.ch\/en\/wp-json\/wp\/v2\/media\/8475"}],"wp:attachment":[{"href":"https:\/\/www.organisator.ch\/en\/wp-json\/wp\/v2\/media?parent=8572"}],"wp:term":[{"taxonomy":"category","embeddable":true,"href":"https:\/\/www.organisator.ch\/en\/wp-json\/wp\/v2\/categories?post=8572"},{"taxonomy":"post_tag","embeddable":true,"href":"https:\/\/www.organisator.ch\/en\/wp-json\/wp\/v2\/tags?post=8572"}],"curies":[{"name":"wp","href":"https:\/\/api.w.org\/{rel}","templated":true}]}}