{"id":8579,"date":"2019-11-06T14:30:57","date_gmt":"2019-11-06T13:30:57","guid":{"rendered":"https:\/\/www.organisator.ch\/?p=5990"},"modified":"2019-11-06T14:30:57","modified_gmt":"2019-11-06T13:30:57","slug":"schweizer-investieren-wenig-zeit-in-weiterbildung-dafuer-mehr-in-umschulung","status":"publish","type":"post","link":"https:\/\/www.organisator.ch\/en\/human-resources\/hrm\/2019-11-06\/schweizer-investieren-wenig-zeit-in-weiterbildung-dafuer-mehr-in-umschulung\/","title":{"rendered":"Swiss invest little time in continuing education, but more in retraining"},"content":{"rendered":"<figure id=\"attachment_5991\" aria-describedby=\"caption-attachment-5991\" style=\"width: 680px\" class=\"wp-caption alignnone\"><img loading=\"lazy\" decoding=\"async\" class=\"size-medium wp-image-5991\" src=\"https:\/\/www.organisator.ch\/wp-content\/uploads\/2019\/11\/Schweizer-investieren-wenig-Zeit-in-Weiterbildung-dafuer-mehr-in-Umschulung-1_Organisator.jpg\" alt=\"\" width=\"680\" height=\"453\" \/><figcaption id=\"caption-attachment-5991\" class=\"wp-caption-text\">Swiss employees would rather have a complete retraining right away than continuing education. (Image: Green Chameleon on Unsplash<\/figcaption><\/figure>\n<p>Globalization, digitization or artificial intelligence: Even if the long-term effects on the labor market are not completely foreseeable, new jobs with new requirements will emerge in the coming years.<\/p>\n<h2>Rather retraining than further training<\/h2>\n<p>Today, however, only 44% of Swiss employees are making themselves fit for these new requirements, which is significantly below the global average of 65%. But when we do train, it is most likely to be through self-study, \"on the job\" or via a traditional training institute. This is shown by the international labor market study <em>Decoding Global Trends in Upskilling and Reskilling<\/em>, for the <em>JobCloud<\/em>, the strategy consulting <em>Boston Consulting Group (BCG<\/em>) and the global job board network <em>The Network<\/em> surveyed 366,000 people from 180 nations. \"We observe that managers are often concerned about whether their employees are ready to acquire new skills. The survey shows that there is still a need for action by business and politics to promote lifelong learning,\" says Daniel Kessler, BCG's head of Switzerland.<\/p>\n<p><img loading=\"lazy\" decoding=\"async\" class=\"alignnone size-medium wp-image-5992\" src=\"https:\/\/www.organisator.ch\/wp-content\/uploads\/2019\/11\/Schweizer-investieren-wenig-Zeit-in-Weiterbildung-dafuer-mehr-in-Umschulung-2_Organisator.jpg\" alt=\"\" width=\"680\" height=\"462\" \/><\/p>\n<h2><strong>Great readiness for complete retraining<\/strong><\/h2>\n<p>However, when it comes to acquiring new skills for a completely different job, the Swiss are ahead: 69% would be willing to retrain in response to the new requirements. There are clear differences in the occupational groups here: While people in sales (78%), management (77%) and consulting (75%) show a high willingness to do so, professionals in science and research (59%), social services (57%) and lawyers (57%) are significantly less willing to take on a completely new job. \"Certain occupational groups are much more affected by digitization and need to demonstrate greater flexibility. The willingness for lifelong learning is therefore central,\" says Davide Villa, CEO of JobCloud AG.<\/p>\n<h2><strong>Impact of new technologies and globalization<\/strong><\/h2>\n<p>Swiss employees feel slightly less affected by new technologies and globalization in an international comparison. Almost half (46%) expect a strong personal impact from technologies (49% global average) and 41% from globalization (45% global average).<\/p>\n<h2><strong>What skills will be in demand in the future<\/strong><\/h2>\n<p>There is one point on which all employees across countries agree: In order to successfully master the demands of increasing globalization and automation, communication skills are by far the most important competencies that skilled workers will need to possess in the future. According to the Swiss, those who also have analytical skills and problem-solving abilities will be able to hold their own.<\/p>\n<p><em>Source: <a href=\"http:\/\/www.jobcloud.ch\">JobCloud<\/a><\/em><\/p>","protected":false},"excerpt":{"rendered":"<p>Globalisierung, Digitalisierung oder K\u00fcnstliche Intelligenz: Auch wenn die langfristigen Auswirkungen auf den Arbeitsmarkt nicht komplett absehbar sind, werden in den kommenden Jahren neue Jobs mit neuen Anforderungen entstehen. Lieber Umschulung als Weiterbildung Heute machen sich aber lediglich 44% der Schweizer Arbeitnehmenden fit f\u00fcr diese neuen Anforderungen, was deutlich unter dem globalen Schnitt von 65% liegt. [&hellip;]<\/p>\n","protected":false},"author":4,"featured_media":8483,"comment_status":"closed","ping_status":"closed","sticky":false,"template":"","format":"standard","meta":{"_acf_changed":false,"_yoast_wpseo_focuskw":"Umschulung","_yoast_wpseo_metadesc":"Schweizer sind etwas \u00f6fter als der globale Durchschnitt bereit f\u00fcr eine komplette Umschulung. Dies zeigt eine neue Studie.","articlekey":"","footnotes":""},"categories":[26],"tags":[62,254,459],"class_list":["post-8579","post","type-post","status-publish","format-standard","has-post-thumbnail","hentry","category-hrm","tag-aus-weiterbildung","tag-hrm","tag-studie"],"acf":[],"yoast_head":"<!-- This site is optimized with the Yoast SEO plugin v27.4 - https:\/\/yoast.com\/product\/yoast-seo-wordpress\/ -->\n<title>Schweizer investieren wenig Zeit in Weiterbildung, daf\u00fcr mehr in Umschulung - Organisator<\/title>\n<meta name=\"description\" content=\"Schweizer sind etwas \u00f6fter als der globale Durchschnitt bereit f\u00fcr eine komplette Umschulung. Dies zeigt eine neue Studie.\" \/>\n<meta name=\"robots\" content=\"index, follow, max-snippet:-1, max-image-preview:large, max-video-preview:-1\" \/>\n<link rel=\"canonical\" href=\"https:\/\/www.organisator.ch\/en\/human-resources\/hrm\/2019-11-06\/schweizer-investieren-wenig-zeit-in-weiterbildung-dafuer-mehr-in-umschulung\/\" \/>\n<meta property=\"og:locale\" content=\"en_US\" \/>\n<meta property=\"og:type\" content=\"article\" \/>\n<meta property=\"og:title\" content=\"Schweizer investieren wenig Zeit in Weiterbildung, daf\u00fcr mehr in Umschulung\" \/>\n<meta property=\"og:description\" content=\"Schweizer sind etwas \u00f6fter als der globale Durchschnitt bereit f\u00fcr eine komplette Umschulung. Dies zeigt eine neue Studie.\" \/>\n<meta property=\"og:url\" content=\"https:\/\/www.organisator.ch\/en\/human-resources\/hrm\/2019-11-06\/schweizer-investieren-wenig-zeit-in-weiterbildung-dafuer-mehr-in-umschulung\/\" \/>\n<meta property=\"og:site_name\" content=\"Organisator\" \/>\n<meta property=\"article:publisher\" content=\"https:\/\/www.facebook.com\/OrganisatorFachmagazin\" \/>\n<meta property=\"article:published_time\" content=\"2019-11-06T13:30:57+00:00\" \/>\n<meta property=\"og:image\" content=\"https:\/\/www.organisator.ch\/wp-content\/uploads\/2021\/07\/organisator_2020_4-5.png\" \/>\n\t<meta property=\"og:image:width\" content=\"654\" \/>\n\t<meta property=\"og:image:height\" content=\"370\" \/>\n\t<meta property=\"og:image:type\" content=\"image\/png\" \/>\n<meta name=\"author\" content=\"thomas.berner\" \/>\n<meta name=\"twitter:card\" content=\"summary_large_image\" \/>\n<meta name=\"twitter:title\" content=\"Schweizer investieren wenig Zeit in #Weiterbildung, daf\u00fcr mehr in #Umschulung\" \/>\n<meta name=\"twitter:description\" content=\"Schweizer sind etwas \u00f6fter als der globale Durchschnitt bereit f\u00fcr eine komplette #Umschulung. Dies zeigt eine neue Studie.\" \/>\n<meta name=\"twitter:image\" content=\"https:\/\/www.organisator.ch\/wp-content\/uploads\/2021\/07\/organisator_2020_4-5.png\" \/>\n<script type=\"application\/ld+json\" class=\"yoast-schema-graph\">{\"@context\":\"https:\\\/\\\/schema.org\",\"@graph\":[{\"@type\":\"Article\",\"@id\":\"https:\\\/\\\/www.organisator.ch\\\/human-resources\\\/hrm\\\/2019-11-06\\\/schweizer-investieren-wenig-zeit-in-weiterbildung-dafuer-mehr-in-umschulung\\\/#article\",\"isPartOf\":{\"@id\":\"https:\\\/\\\/www.organisator.ch\\\/human-resources\\\/hrm\\\/2019-11-06\\\/schweizer-investieren-wenig-zeit-in-weiterbildung-dafuer-mehr-in-umschulung\\\/\"},\"author\":{\"name\":\"thomas.berner\",\"@id\":\"https:\\\/\\\/www.organisator.ch\\\/#\\\/schema\\\/person\\\/6f650f90b2842cd4c0cc334b4e36f67e\"},\"headline\":\"Schweizer investieren wenig Zeit in Weiterbildung, daf\u00fcr mehr in Umschulung\",\"datePublished\":\"2019-11-06T13:30:57+00:00\",\"mainEntityOfPage\":{\"@id\":\"https:\\\/\\\/www.organisator.ch\\\/human-resources\\\/hrm\\\/2019-11-06\\\/schweizer-investieren-wenig-zeit-in-weiterbildung-dafuer-mehr-in-umschulung\\\/\"},\"wordCount\":426,\"publisher\":{\"@id\":\"https:\\\/\\\/www.organisator.ch\\\/#organization\"},\"image\":{\"@id\":\"https:\\\/\\\/www.organisator.ch\\\/human-resources\\\/hrm\\\/2019-11-06\\\/schweizer-investieren-wenig-zeit-in-weiterbildung-dafuer-mehr-in-umschulung\\\/#primaryimage\"},\"thumbnailUrl\":\"https:\\\/\\\/www.organisator.ch\\\/wp-content\\\/uploads\\\/2019\\\/11\\\/Schweizer-investieren-wenig-Zeit-in-Weiterbildung-dafuer-mehr-in-Umschulung-1_Organisator.jpg\",\"keywords\":[\"Aus-\\\/Weiterbildung\",\"HRM\",\"Studie\"],\"articleSection\":[\"HRM\"],\"inLanguage\":\"en-US\"},{\"@type\":\"WebPage\",\"@id\":\"https:\\\/\\\/www.organisator.ch\\\/human-resources\\\/hrm\\\/2019-11-06\\\/schweizer-investieren-wenig-zeit-in-weiterbildung-dafuer-mehr-in-umschulung\\\/\",\"url\":\"https:\\\/\\\/www.organisator.ch\\\/human-resources\\\/hrm\\\/2019-11-06\\\/schweizer-investieren-wenig-zeit-in-weiterbildung-dafuer-mehr-in-umschulung\\\/\",\"name\":\"Schweizer investieren wenig Zeit in Weiterbildung, daf\u00fcr mehr in Umschulung - Organisator\",\"isPartOf\":{\"@id\":\"https:\\\/\\\/www.organisator.ch\\\/#website\"},\"primaryImageOfPage\":{\"@id\":\"https:\\\/\\\/www.organisator.ch\\\/human-resources\\\/hrm\\\/2019-11-06\\\/schweizer-investieren-wenig-zeit-in-weiterbildung-dafuer-mehr-in-umschulung\\\/#primaryimage\"},\"image\":{\"@id\":\"https:\\\/\\\/www.organisator.ch\\\/human-resources\\\/hrm\\\/2019-11-06\\\/schweizer-investieren-wenig-zeit-in-weiterbildung-dafuer-mehr-in-umschulung\\\/#primaryimage\"},\"thumbnailUrl\":\"https:\\\/\\\/www.organisator.ch\\\/wp-content\\\/uploads\\\/2019\\\/11\\\/Schweizer-investieren-wenig-Zeit-in-Weiterbildung-dafuer-mehr-in-Umschulung-1_Organisator.jpg\",\"datePublished\":\"2019-11-06T13:30:57+00:00\",\"description\":\"Schweizer sind etwas \u00f6fter als der globale Durchschnitt bereit f\u00fcr eine komplette Umschulung. Dies zeigt eine neue Studie.\",\"breadcrumb\":{\"@id\":\"https:\\\/\\\/www.organisator.ch\\\/human-resources\\\/hrm\\\/2019-11-06\\\/schweizer-investieren-wenig-zeit-in-weiterbildung-dafuer-mehr-in-umschulung\\\/#breadcrumb\"},\"inLanguage\":\"en-US\",\"potentialAction\":[{\"@type\":\"ReadAction\",\"target\":[\"https:\\\/\\\/www.organisator.ch\\\/human-resources\\\/hrm\\\/2019-11-06\\\/schweizer-investieren-wenig-zeit-in-weiterbildung-dafuer-mehr-in-umschulung\\\/\"]}]},{\"@type\":\"ImageObject\",\"inLanguage\":\"en-US\",\"@id\":\"https:\\\/\\\/www.organisator.ch\\\/human-resources\\\/hrm\\\/2019-11-06\\\/schweizer-investieren-wenig-zeit-in-weiterbildung-dafuer-mehr-in-umschulung\\\/#primaryimage\",\"url\":\"https:\\\/\\\/www.organisator.ch\\\/wp-content\\\/uploads\\\/2019\\\/11\\\/Schweizer-investieren-wenig-Zeit-in-Weiterbildung-dafuer-mehr-in-Umschulung-1_Organisator.jpg\",\"contentUrl\":\"https:\\\/\\\/www.organisator.ch\\\/wp-content\\\/uploads\\\/2019\\\/11\\\/Schweizer-investieren-wenig-Zeit-in-Weiterbildung-dafuer-mehr-in-Umschulung-1_Organisator.jpg\",\"width\":680,\"height\":453,\"caption\":\"Schweizer Arbeitnehmende wollen lieber gleich eine komplette Umschulung als Weiterbildung. (Bild: Green Chameleon on Unsplash\"},{\"@type\":\"BreadcrumbList\",\"@id\":\"https:\\\/\\\/www.organisator.ch\\\/human-resources\\\/hrm\\\/2019-11-06\\\/schweizer-investieren-wenig-zeit-in-weiterbildung-dafuer-mehr-in-umschulung\\\/#breadcrumb\",\"itemListElement\":[{\"@type\":\"ListItem\",\"position\":1,\"name\":\"Home\",\"item\":\"https:\\\/\\\/www.organisator.ch\\\/\"},{\"@type\":\"ListItem\",\"position\":2,\"name\":\"Schweizer investieren wenig Zeit in Weiterbildung, daf\u00fcr mehr in Umschulung\"}]},{\"@type\":\"WebSite\",\"@id\":\"https:\\\/\\\/www.organisator.ch\\\/#website\",\"url\":\"https:\\\/\\\/www.organisator.ch\\\/\",\"name\":\"Organisator\",\"description\":\"Kompetent. Praxisnah. Der ORGANISATOR bereitet in 10 Ausgaben pro Jahr die wesentlichen Themen f\u00fcr F\u00fchrungskr\u00e4fte von KMU auf.\",\"publisher\":{\"@id\":\"https:\\\/\\\/www.organisator.ch\\\/#organization\"},\"potentialAction\":[{\"@type\":\"SearchAction\",\"target\":{\"@type\":\"EntryPoint\",\"urlTemplate\":\"https:\\\/\\\/www.organisator.ch\\\/?s={search_term_string}\"},\"query-input\":{\"@type\":\"PropertyValueSpecification\",\"valueRequired\":true,\"valueName\":\"search_term_string\"}}],\"inLanguage\":\"en-US\"},{\"@type\":\"Organization\",\"@id\":\"https:\\\/\\\/www.organisator.ch\\\/#organization\",\"name\":\"Organisator\",\"url\":\"https:\\\/\\\/www.organisator.ch\\\/\",\"logo\":{\"@type\":\"ImageObject\",\"inLanguage\":\"en-US\",\"@id\":\"https:\\\/\\\/www.organisator.ch\\\/#\\\/schema\\\/logo\\\/image\\\/\",\"url\":\"https:\\\/\\\/www.organisator.ch\\\/wp-content\\\/uploads\\\/2022\\\/01\\\/Logo_Organisator_Website.png\",\"contentUrl\":\"https:\\\/\\\/www.organisator.ch\\\/wp-content\\\/uploads\\\/2022\\\/01\\\/Logo_Organisator_Website.png\",\"width\":800,\"height\":77,\"caption\":\"Organisator\"},\"image\":{\"@id\":\"https:\\\/\\\/www.organisator.ch\\\/#\\\/schema\\\/logo\\\/image\\\/\"},\"sameAs\":[\"https:\\\/\\\/www.facebook.com\\\/OrganisatorFachmagazin\",\"https:\\\/\\\/www.linkedin.com\\\/showcase\\\/organisator-das-magazin-fr-kmu\",\"https:\\\/\\\/www.xing.com\\\/news\\\/pages\\\/organisator-ch-695\",\"https:\\\/\\\/www.youtube.com\\\/channel\\\/UCGP2Sq0iWaZwT3BdIAQFYpw\"]},{\"@type\":\"Person\",\"@id\":\"https:\\\/\\\/www.organisator.ch\\\/#\\\/schema\\\/person\\\/6f650f90b2842cd4c0cc334b4e36f67e\",\"name\":\"thomas.berner\",\"image\":{\"@type\":\"ImageObject\",\"inLanguage\":\"en-US\",\"@id\":\"https:\\\/\\\/secure.gravatar.com\\\/avatar\\\/ac5001d2a36cb6c6cd3e50789007ffca834b477b74a2144564522e944eabff61?s=96&d=mm&r=g\",\"url\":\"https:\\\/\\\/secure.gravatar.com\\\/avatar\\\/ac5001d2a36cb6c6cd3e50789007ffca834b477b74a2144564522e944eabff61?s=96&d=mm&r=g\",\"contentUrl\":\"https:\\\/\\\/secure.gravatar.com\\\/avatar\\\/ac5001d2a36cb6c6cd3e50789007ffca834b477b74a2144564522e944eabff61?s=96&d=mm&r=g\",\"caption\":\"thomas.berner\"},\"url\":\"https:\\\/\\\/www.organisator.ch\\\/en\\\/author\\\/thomas-berner\\\/\"}]}<\/script>\n<!-- \/ Yoast SEO plugin. -->","yoast_head_json":{"title":"Swiss invest little time in continuing education, but more in retraining - Organizer","description":"Swiss are slightly more often ready for a complete retraining than the global average. This is shown by a new study.","robots":{"index":"index","follow":"follow","max-snippet":"max-snippet:-1","max-image-preview":"max-image-preview:large","max-video-preview":"max-video-preview:-1"},"canonical":"https:\/\/www.organisator.ch\/en\/human-resources\/hrm\/2019-11-06\/schweizer-investieren-wenig-zeit-in-weiterbildung-dafuer-mehr-in-umschulung\/","og_locale":"en_US","og_type":"article","og_title":"Schweizer investieren wenig Zeit in Weiterbildung, daf\u00fcr mehr in Umschulung","og_description":"Schweizer sind etwas \u00f6fter als der globale Durchschnitt bereit f\u00fcr eine komplette Umschulung. Dies zeigt eine neue Studie.","og_url":"https:\/\/www.organisator.ch\/en\/human-resources\/hrm\/2019-11-06\/schweizer-investieren-wenig-zeit-in-weiterbildung-dafuer-mehr-in-umschulung\/","og_site_name":"Organisator","article_publisher":"https:\/\/www.facebook.com\/OrganisatorFachmagazin","article_published_time":"2019-11-06T13:30:57+00:00","og_image":[{"width":654,"height":370,"url":"https:\/\/www.organisator.ch\/wp-content\/uploads\/2021\/07\/organisator_2020_4-5.png","type":"image\/png"}],"author":"thomas.berner","twitter_card":"summary_large_image","twitter_title":"Schweizer investieren wenig Zeit in #Weiterbildung, daf\u00fcr mehr in #Umschulung","twitter_description":"Schweizer sind etwas \u00f6fter als der globale Durchschnitt bereit f\u00fcr eine komplette #Umschulung. Dies zeigt eine neue Studie.","twitter_image":"https:\/\/www.organisator.ch\/wp-content\/uploads\/2021\/07\/organisator_2020_4-5.png","schema":{"@context":"https:\/\/schema.org","@graph":[{"@type":"Article","@id":"https:\/\/www.organisator.ch\/human-resources\/hrm\/2019-11-06\/schweizer-investieren-wenig-zeit-in-weiterbildung-dafuer-mehr-in-umschulung\/#article","isPartOf":{"@id":"https:\/\/www.organisator.ch\/human-resources\/hrm\/2019-11-06\/schweizer-investieren-wenig-zeit-in-weiterbildung-dafuer-mehr-in-umschulung\/"},"author":{"name":"thomas.berner","@id":"https:\/\/www.organisator.ch\/#\/schema\/person\/6f650f90b2842cd4c0cc334b4e36f67e"},"headline":"Schweizer investieren wenig Zeit in Weiterbildung, daf\u00fcr mehr in Umschulung","datePublished":"2019-11-06T13:30:57+00:00","mainEntityOfPage":{"@id":"https:\/\/www.organisator.ch\/human-resources\/hrm\/2019-11-06\/schweizer-investieren-wenig-zeit-in-weiterbildung-dafuer-mehr-in-umschulung\/"},"wordCount":426,"publisher":{"@id":"https:\/\/www.organisator.ch\/#organization"},"image":{"@id":"https:\/\/www.organisator.ch\/human-resources\/hrm\/2019-11-06\/schweizer-investieren-wenig-zeit-in-weiterbildung-dafuer-mehr-in-umschulung\/#primaryimage"},"thumbnailUrl":"https:\/\/www.organisator.ch\/wp-content\/uploads\/2019\/11\/Schweizer-investieren-wenig-Zeit-in-Weiterbildung-dafuer-mehr-in-Umschulung-1_Organisator.jpg","keywords":["Aus-\/Weiterbildung","HRM","Studie"],"articleSection":["HRM"],"inLanguage":"en-US"},{"@type":"WebPage","@id":"https:\/\/www.organisator.ch\/human-resources\/hrm\/2019-11-06\/schweizer-investieren-wenig-zeit-in-weiterbildung-dafuer-mehr-in-umschulung\/","url":"https:\/\/www.organisator.ch\/human-resources\/hrm\/2019-11-06\/schweizer-investieren-wenig-zeit-in-weiterbildung-dafuer-mehr-in-umschulung\/","name":"Swiss invest little time in continuing education, but more in retraining - Organizer","isPartOf":{"@id":"https:\/\/www.organisator.ch\/#website"},"primaryImageOfPage":{"@id":"https:\/\/www.organisator.ch\/human-resources\/hrm\/2019-11-06\/schweizer-investieren-wenig-zeit-in-weiterbildung-dafuer-mehr-in-umschulung\/#primaryimage"},"image":{"@id":"https:\/\/www.organisator.ch\/human-resources\/hrm\/2019-11-06\/schweizer-investieren-wenig-zeit-in-weiterbildung-dafuer-mehr-in-umschulung\/#primaryimage"},"thumbnailUrl":"https:\/\/www.organisator.ch\/wp-content\/uploads\/2019\/11\/Schweizer-investieren-wenig-Zeit-in-Weiterbildung-dafuer-mehr-in-Umschulung-1_Organisator.jpg","datePublished":"2019-11-06T13:30:57+00:00","description":"Swiss are slightly more often ready for a complete retraining than the global average. This is shown by a new study.","breadcrumb":{"@id":"https:\/\/www.organisator.ch\/human-resources\/hrm\/2019-11-06\/schweizer-investieren-wenig-zeit-in-weiterbildung-dafuer-mehr-in-umschulung\/#breadcrumb"},"inLanguage":"en-US","potentialAction":[{"@type":"ReadAction","target":["https:\/\/www.organisator.ch\/human-resources\/hrm\/2019-11-06\/schweizer-investieren-wenig-zeit-in-weiterbildung-dafuer-mehr-in-umschulung\/"]}]},{"@type":"ImageObject","inLanguage":"en-US","@id":"https:\/\/www.organisator.ch\/human-resources\/hrm\/2019-11-06\/schweizer-investieren-wenig-zeit-in-weiterbildung-dafuer-mehr-in-umschulung\/#primaryimage","url":"https:\/\/www.organisator.ch\/wp-content\/uploads\/2019\/11\/Schweizer-investieren-wenig-Zeit-in-Weiterbildung-dafuer-mehr-in-Umschulung-1_Organisator.jpg","contentUrl":"https:\/\/www.organisator.ch\/wp-content\/uploads\/2019\/11\/Schweizer-investieren-wenig-Zeit-in-Weiterbildung-dafuer-mehr-in-Umschulung-1_Organisator.jpg","width":680,"height":453,"caption":"Schweizer Arbeitnehmende wollen lieber gleich eine komplette Umschulung als Weiterbildung. (Bild: Green Chameleon on Unsplash"},{"@type":"BreadcrumbList","@id":"https:\/\/www.organisator.ch\/human-resources\/hrm\/2019-11-06\/schweizer-investieren-wenig-zeit-in-weiterbildung-dafuer-mehr-in-umschulung\/#breadcrumb","itemListElement":[{"@type":"ListItem","position":1,"name":"Home","item":"https:\/\/www.organisator.ch\/"},{"@type":"ListItem","position":2,"name":"Schweizer investieren wenig Zeit in Weiterbildung, daf\u00fcr mehr in Umschulung"}]},{"@type":"WebSite","@id":"https:\/\/www.organisator.ch\/#website","url":"https:\/\/www.organisator.ch\/","name":"Organizer","description":"Competent. Practical. In 10 issues per year, ORGANISATOR presents the essential topics for managers of SMEs.","publisher":{"@id":"https:\/\/www.organisator.ch\/#organization"},"potentialAction":[{"@type":"SearchAction","target":{"@type":"EntryPoint","urlTemplate":"https:\/\/www.organisator.ch\/?s={search_term_string}"},"query-input":{"@type":"PropertyValueSpecification","valueRequired":true,"valueName":"search_term_string"}}],"inLanguage":"en-US"},{"@type":"Organization","@id":"https:\/\/www.organisator.ch\/#organization","name":"Organizer","url":"https:\/\/www.organisator.ch\/","logo":{"@type":"ImageObject","inLanguage":"en-US","@id":"https:\/\/www.organisator.ch\/#\/schema\/logo\/image\/","url":"https:\/\/www.organisator.ch\/wp-content\/uploads\/2022\/01\/Logo_Organisator_Website.png","contentUrl":"https:\/\/www.organisator.ch\/wp-content\/uploads\/2022\/01\/Logo_Organisator_Website.png","width":800,"height":77,"caption":"Organisator"},"image":{"@id":"https:\/\/www.organisator.ch\/#\/schema\/logo\/image\/"},"sameAs":["https:\/\/www.facebook.com\/OrganisatorFachmagazin","https:\/\/www.linkedin.com\/showcase\/organisator-das-magazin-fr-kmu","https:\/\/www.xing.com\/news\/pages\/organisator-ch-695","https:\/\/www.youtube.com\/channel\/UCGP2Sq0iWaZwT3BdIAQFYpw"]},{"@type":"Person","@id":"https:\/\/www.organisator.ch\/#\/schema\/person\/6f650f90b2842cd4c0cc334b4e36f67e","name":"thomas.berner","image":{"@type":"ImageObject","inLanguage":"en-US","@id":"https:\/\/secure.gravatar.com\/avatar\/ac5001d2a36cb6c6cd3e50789007ffca834b477b74a2144564522e944eabff61?s=96&d=mm&r=g","url":"https:\/\/secure.gravatar.com\/avatar\/ac5001d2a36cb6c6cd3e50789007ffca834b477b74a2144564522e944eabff61?s=96&d=mm&r=g","contentUrl":"https:\/\/secure.gravatar.com\/avatar\/ac5001d2a36cb6c6cd3e50789007ffca834b477b74a2144564522e944eabff61?s=96&d=mm&r=g","caption":"thomas.berner"},"url":"https:\/\/www.organisator.ch\/en\/author\/thomas-berner\/"}]}},"_links":{"self":[{"href":"https:\/\/www.organisator.ch\/en\/wp-json\/wp\/v2\/posts\/8579","targetHints":{"allow":["GET"]}}],"collection":[{"href":"https:\/\/www.organisator.ch\/en\/wp-json\/wp\/v2\/posts"}],"about":[{"href":"https:\/\/www.organisator.ch\/en\/wp-json\/wp\/v2\/types\/post"}],"author":[{"embeddable":true,"href":"https:\/\/www.organisator.ch\/en\/wp-json\/wp\/v2\/users\/4"}],"replies":[{"embeddable":true,"href":"https:\/\/www.organisator.ch\/en\/wp-json\/wp\/v2\/comments?post=8579"}],"version-history":[{"count":0,"href":"https:\/\/www.organisator.ch\/en\/wp-json\/wp\/v2\/posts\/8579\/revisions"}],"wp:featuredmedia":[{"embeddable":true,"href":"https:\/\/www.organisator.ch\/en\/wp-json\/wp\/v2\/media\/8483"}],"wp:attachment":[{"href":"https:\/\/www.organisator.ch\/en\/wp-json\/wp\/v2\/media?parent=8579"}],"wp:term":[{"taxonomy":"category","embeddable":true,"href":"https:\/\/www.organisator.ch\/en\/wp-json\/wp\/v2\/categories?post=8579"},{"taxonomy":"post_tag","embeddable":true,"href":"https:\/\/www.organisator.ch\/en\/wp-json\/wp\/v2\/tags?post=8579"}],"curies":[{"name":"wp","href":"https:\/\/api.w.org\/{rel}","templated":true}]}}