{"id":8586,"date":"2019-11-13T08:52:39","date_gmt":"2019-11-13T07:52:39","guid":{"rendered":"https:\/\/www.organisator.ch\/?p=6022"},"modified":"2019-11-13T08:52:39","modified_gmt":"2019-11-13T07:52:39","slug":"der-gute-geist-im-unternehmen-teil-4","status":"publish","type":"post","link":"https:\/\/www.organisator.ch\/en\/management\/2019-11-13\/der-gute-geist-im-unternehmen-teil-4\/","title":{"rendered":"The good spirit in the company - part 4"},"content":{"rendered":"<p>Under the title \"The good spirit in the company\" we follow the story of an ideally regulated company succession. Bruno Aregger, founder and owner of APPLETREE, accompanied Ruedi and Selina Bauberger of Bauberger AG, the Swiss general contractor for industrial relocation, machine assembly and maintenance, during their company succession. In an interview with them, he shows how a generational change can be optimally successful. The fourth part of the video series deals with the question of what the value of a company is and how to determine it. And in the case of the Bauberger family, this question was not easy to answer either. Did they find a solution? Did they finally reach a sales agreement? Answers in the following video:<\/p>\n<p><a href=\"https:\/\/www.youtube.com\/watch?v=cgSk5_WZuF8\"><img loading=\"lazy\" decoding=\"async\" class=\"alignnone size-medium wp-image-6024\" src=\"https:\/\/www.organisator.ch\/wp-content\/uploads\/2019\/11\/Bauberger_Thumb7.png\" alt=\"\" width=\"680\" height=\"383\" \/><\/a><\/p>\n<p>The first three parts of the series \"The good spirit in the company\":<\/p>\n<ul>\n<li><a href=\"https:\/\/www.organisator.ch\/der-gute-geist-im-unternehmen-video-serie-teil-1\/\">Part 1<\/a><\/li>\n<li><a href=\"https:\/\/www.organisator.ch\/der-gute-geist-im-unternehmen-video-serie-teil-2\/\">Part 2<\/a><\/li>\n<li><a href=\"https:\/\/www.organisator.ch\/der-gute-geist-im-unternehmen-video-serie-teil-3\/\">Part 3<\/a><\/li>\n<\/ul>\n<p>&nbsp;<\/p>","protected":false},"excerpt":{"rendered":"<p>Unter dem Titel &#8222;Der gute Geist im Unternehmen&#8220; verfolgen wir die Geschichte einer ideal geregelten Firmennachfolge. Bruno Aregger, Gr\u00fcnder und Inhaber von APPLETREE, hat Ruedi und Selina Bauberger von Bauberger AG, dem Schweizer Generalunternehmen f\u00fcr Industrieumz\u00fcge, Maschinenmontagen und Instandhaltung, bei ihrer Firmennachfolge begleitet. Im Gespr\u00e4ch mit ihnen zeigt er auf, wie ein Generationenwechsel optimal gelingen [&hellip;]<\/p>\n","protected":false},"author":4,"featured_media":8496,"comment_status":"closed","ping_status":"closed","sticky":false,"template":"","format":"standard","meta":{"_acf_changed":false,"_yoast_wpseo_focuskw":"Der gute Geist","_yoast_wpseo_metadesc":"Zu Besuch bei Selina und Ruedi Bauberger, die ihr Unternehmen erfolgreich weitergegeben haben. Der vierte Teil von \"Der gute Geist im Unternehmen\".","articlekey":"","footnotes":""},"categories":[28],"tags":[207,335,492],"class_list":["post-8586","post","type-post","status-publish","format-standard","has-post-thumbnail","hentry","category-management","tag-firmennachfolge","tag-management-und-unternehmensfuehrung","tag-unternehmen"],"acf":[],"yoast_head":"<!-- This site is optimized with the Yoast SEO plugin v27.5 - https:\/\/yoast.com\/product\/yoast-seo-wordpress\/ -->\n<title>Der gute Geist im Unternehmen - Teil 4 - Organisator<\/title>\n<meta name=\"description\" content=\"Zu Besuch bei Selina und Ruedi Bauberger, die ihr Unternehmen erfolgreich weitergegeben haben. Der vierte Teil von &quot;Der gute Geist im Unternehmen&quot;.\" \/>\n<meta name=\"robots\" content=\"index, follow, max-snippet:-1, max-image-preview:large, max-video-preview:-1\" \/>\n<link rel=\"canonical\" href=\"https:\/\/www.organisator.ch\/en\/management\/2019-11-13\/der-gute-geist-im-unternehmen-teil-4\/\" \/>\n<meta property=\"og:locale\" content=\"en_US\" \/>\n<meta property=\"og:type\" content=\"article\" \/>\n<meta property=\"og:title\" content=\"Der gute Geist im Unternehmen - Teil 4\" \/>\n<meta property=\"og:description\" content=\"Zu Besuch bei Selina und Ruedi Bauberger, die ihr Unternehmen erfolgreich weitergegeben haben. Der vierte Teil von &quot;Der gute Geist im Unternehmen&quot;.\" \/>\n<meta property=\"og:url\" content=\"https:\/\/www.organisator.ch\/en\/management\/2019-11-13\/der-gute-geist-im-unternehmen-teil-4\/\" \/>\n<meta property=\"og:site_name\" content=\"Organisator\" \/>\n<meta property=\"article:publisher\" content=\"https:\/\/www.facebook.com\/OrganisatorFachmagazin\" \/>\n<meta property=\"article:published_time\" content=\"2019-11-13T07:52:39+00:00\" \/>\n<meta name=\"author\" content=\"thomas.berner\" \/>\n<meta name=\"twitter:card\" content=\"summary_large_image\" \/>\n<meta name=\"twitter:title\" content=\"Der gute Geist im Unternehmen - Teil 4\" \/>\n<meta name=\"twitter:description\" content=\"Zu Besuch bei Selina und Ruedi Bauberger, die ihr Unternehmen erfolgreich weitergegeben haben. Der vierte Teil von &quot;Der gute Geist im Unternehmen&quot;.\" \/>\n<script type=\"application\/ld+json\" class=\"yoast-schema-graph\">{\"@context\":\"https:\\\/\\\/schema.org\",\"@graph\":[{\"@type\":\"Article\",\"@id\":\"https:\\\/\\\/www.organisator.ch\\\/management\\\/2019-11-13\\\/der-gute-geist-im-unternehmen-teil-4\\\/#article\",\"isPartOf\":{\"@id\":\"https:\\\/\\\/www.organisator.ch\\\/management\\\/2019-11-13\\\/der-gute-geist-im-unternehmen-teil-4\\\/\"},\"author\":{\"name\":\"thomas.berner\",\"@id\":\"https:\\\/\\\/www.organisator.ch\\\/#\\\/schema\\\/person\\\/6f650f90b2842cd4c0cc334b4e36f67e\"},\"headline\":\"Der gute Geist im Unternehmen &#8211; Teil 4\",\"datePublished\":\"2019-11-13T07:52:39+00:00\",\"mainEntityOfPage\":{\"@id\":\"https:\\\/\\\/www.organisator.ch\\\/management\\\/2019-11-13\\\/der-gute-geist-im-unternehmen-teil-4\\\/\"},\"wordCount\":131,\"publisher\":{\"@id\":\"https:\\\/\\\/www.organisator.ch\\\/#organization\"},\"image\":{\"@id\":\"https:\\\/\\\/www.organisator.ch\\\/management\\\/2019-11-13\\\/der-gute-geist-im-unternehmen-teil-4\\\/#primaryimage\"},\"thumbnailUrl\":\"https:\\\/\\\/www.organisator.ch\\\/wp-content\\\/uploads\\\/2019\\\/11\\\/Bauberger_Thumb7.png\",\"keywords\":[\"Firmennachfolge\",\"Management und Unternehmensf\u00fchrung\",\"Unternehmen\"],\"articleSection\":[\"MANAGEMENT\"],\"inLanguage\":\"en-US\"},{\"@type\":\"WebPage\",\"@id\":\"https:\\\/\\\/www.organisator.ch\\\/management\\\/2019-11-13\\\/der-gute-geist-im-unternehmen-teil-4\\\/\",\"url\":\"https:\\\/\\\/www.organisator.ch\\\/management\\\/2019-11-13\\\/der-gute-geist-im-unternehmen-teil-4\\\/\",\"name\":\"Der gute Geist im Unternehmen - Teil 4 - Organisator\",\"isPartOf\":{\"@id\":\"https:\\\/\\\/www.organisator.ch\\\/#website\"},\"primaryImageOfPage\":{\"@id\":\"https:\\\/\\\/www.organisator.ch\\\/management\\\/2019-11-13\\\/der-gute-geist-im-unternehmen-teil-4\\\/#primaryimage\"},\"image\":{\"@id\":\"https:\\\/\\\/www.organisator.ch\\\/management\\\/2019-11-13\\\/der-gute-geist-im-unternehmen-teil-4\\\/#primaryimage\"},\"thumbnailUrl\":\"https:\\\/\\\/www.organisator.ch\\\/wp-content\\\/uploads\\\/2019\\\/11\\\/Bauberger_Thumb7.png\",\"datePublished\":\"2019-11-13T07:52:39+00:00\",\"description\":\"Zu Besuch bei Selina und Ruedi Bauberger, die ihr Unternehmen erfolgreich weitergegeben haben. Der vierte Teil von \\\"Der gute Geist im Unternehmen\\\".\",\"breadcrumb\":{\"@id\":\"https:\\\/\\\/www.organisator.ch\\\/management\\\/2019-11-13\\\/der-gute-geist-im-unternehmen-teil-4\\\/#breadcrumb\"},\"inLanguage\":\"en-US\",\"potentialAction\":[{\"@type\":\"ReadAction\",\"target\":[\"https:\\\/\\\/www.organisator.ch\\\/management\\\/2019-11-13\\\/der-gute-geist-im-unternehmen-teil-4\\\/\"]}]},{\"@type\":\"ImageObject\",\"inLanguage\":\"en-US\",\"@id\":\"https:\\\/\\\/www.organisator.ch\\\/management\\\/2019-11-13\\\/der-gute-geist-im-unternehmen-teil-4\\\/#primaryimage\",\"url\":\"https:\\\/\\\/www.organisator.ch\\\/wp-content\\\/uploads\\\/2019\\\/11\\\/Bauberger_Thumb7.png\",\"contentUrl\":\"https:\\\/\\\/www.organisator.ch\\\/wp-content\\\/uploads\\\/2019\\\/11\\\/Bauberger_Thumb7.png\",\"width\":1280,\"height\":720},{\"@type\":\"BreadcrumbList\",\"@id\":\"https:\\\/\\\/www.organisator.ch\\\/management\\\/2019-11-13\\\/der-gute-geist-im-unternehmen-teil-4\\\/#breadcrumb\",\"itemListElement\":[{\"@type\":\"ListItem\",\"position\":1,\"name\":\"Home\",\"item\":\"https:\\\/\\\/www.organisator.ch\\\/\"},{\"@type\":\"ListItem\",\"position\":2,\"name\":\"Der gute Geist im Unternehmen &#8211; Teil 4\"}]},{\"@type\":\"WebSite\",\"@id\":\"https:\\\/\\\/www.organisator.ch\\\/#website\",\"url\":\"https:\\\/\\\/www.organisator.ch\\\/\",\"name\":\"Organisator\",\"description\":\"Kompetent. Praxisnah. Der ORGANISATOR bereitet in 10 Ausgaben pro Jahr die wesentlichen Themen f\u00fcr F\u00fchrungskr\u00e4fte von KMU auf.\",\"publisher\":{\"@id\":\"https:\\\/\\\/www.organisator.ch\\\/#organization\"},\"potentialAction\":[{\"@type\":\"SearchAction\",\"target\":{\"@type\":\"EntryPoint\",\"urlTemplate\":\"https:\\\/\\\/www.organisator.ch\\\/?s={search_term_string}\"},\"query-input\":{\"@type\":\"PropertyValueSpecification\",\"valueRequired\":true,\"valueName\":\"search_term_string\"}}],\"inLanguage\":\"en-US\"},{\"@type\":\"Organization\",\"@id\":\"https:\\\/\\\/www.organisator.ch\\\/#organization\",\"name\":\"Organisator\",\"url\":\"https:\\\/\\\/www.organisator.ch\\\/\",\"logo\":{\"@type\":\"ImageObject\",\"inLanguage\":\"en-US\",\"@id\":\"https:\\\/\\\/www.organisator.ch\\\/#\\\/schema\\\/logo\\\/image\\\/\",\"url\":\"https:\\\/\\\/www.organisator.ch\\\/wp-content\\\/uploads\\\/2022\\\/01\\\/Logo_Organisator_Website.png\",\"contentUrl\":\"https:\\\/\\\/www.organisator.ch\\\/wp-content\\\/uploads\\\/2022\\\/01\\\/Logo_Organisator_Website.png\",\"width\":800,\"height\":77,\"caption\":\"Organisator\"},\"image\":{\"@id\":\"https:\\\/\\\/www.organisator.ch\\\/#\\\/schema\\\/logo\\\/image\\\/\"},\"sameAs\":[\"https:\\\/\\\/www.facebook.com\\\/OrganisatorFachmagazin\",\"https:\\\/\\\/www.linkedin.com\\\/showcase\\\/organisator-das-magazin-fr-kmu\",\"https:\\\/\\\/www.xing.com\\\/news\\\/pages\\\/organisator-ch-695\",\"https:\\\/\\\/www.youtube.com\\\/channel\\\/UCGP2Sq0iWaZwT3BdIAQFYpw\"]},{\"@type\":\"Person\",\"@id\":\"https:\\\/\\\/www.organisator.ch\\\/#\\\/schema\\\/person\\\/6f650f90b2842cd4c0cc334b4e36f67e\",\"name\":\"thomas.berner\",\"image\":{\"@type\":\"ImageObject\",\"inLanguage\":\"en-US\",\"@id\":\"https:\\\/\\\/secure.gravatar.com\\\/avatar\\\/ac5001d2a36cb6c6cd3e50789007ffca834b477b74a2144564522e944eabff61?s=96&d=mm&r=g\",\"url\":\"https:\\\/\\\/secure.gravatar.com\\\/avatar\\\/ac5001d2a36cb6c6cd3e50789007ffca834b477b74a2144564522e944eabff61?s=96&d=mm&r=g\",\"contentUrl\":\"https:\\\/\\\/secure.gravatar.com\\\/avatar\\\/ac5001d2a36cb6c6cd3e50789007ffca834b477b74a2144564522e944eabff61?s=96&d=mm&r=g\",\"caption\":\"thomas.berner\"},\"url\":\"https:\\\/\\\/www.organisator.ch\\\/en\\\/author\\\/thomas-berner\\\/\"}]}<\/script>\n<!-- \/ Yoast SEO plugin. -->","yoast_head_json":{"title":"The good spirit in the company - Part 4 - Organizer","description":"A visit with Selina and Ruedi Bauberger, who have successfully passed on their company. The fourth part of \"The good spirit in the company\".","robots":{"index":"index","follow":"follow","max-snippet":"max-snippet:-1","max-image-preview":"max-image-preview:large","max-video-preview":"max-video-preview:-1"},"canonical":"https:\/\/www.organisator.ch\/en\/management\/2019-11-13\/der-gute-geist-im-unternehmen-teil-4\/","og_locale":"en_US","og_type":"article","og_title":"Der gute Geist im Unternehmen - Teil 4","og_description":"Zu Besuch bei Selina und Ruedi Bauberger, die ihr Unternehmen erfolgreich weitergegeben haben. Der vierte Teil von \"Der gute Geist im Unternehmen\".","og_url":"https:\/\/www.organisator.ch\/en\/management\/2019-11-13\/der-gute-geist-im-unternehmen-teil-4\/","og_site_name":"Organisator","article_publisher":"https:\/\/www.facebook.com\/OrganisatorFachmagazin","article_published_time":"2019-11-13T07:52:39+00:00","author":"thomas.berner","twitter_card":"summary_large_image","twitter_title":"Der gute Geist im Unternehmen - Teil 4","twitter_description":"Zu Besuch bei Selina und Ruedi Bauberger, die ihr Unternehmen erfolgreich weitergegeben haben. Der vierte Teil von \"Der gute Geist im Unternehmen\".","schema":{"@context":"https:\/\/schema.org","@graph":[{"@type":"Article","@id":"https:\/\/www.organisator.ch\/management\/2019-11-13\/der-gute-geist-im-unternehmen-teil-4\/#article","isPartOf":{"@id":"https:\/\/www.organisator.ch\/management\/2019-11-13\/der-gute-geist-im-unternehmen-teil-4\/"},"author":{"name":"thomas.berner","@id":"https:\/\/www.organisator.ch\/#\/schema\/person\/6f650f90b2842cd4c0cc334b4e36f67e"},"headline":"Der gute Geist im Unternehmen &#8211; Teil 4","datePublished":"2019-11-13T07:52:39+00:00","mainEntityOfPage":{"@id":"https:\/\/www.organisator.ch\/management\/2019-11-13\/der-gute-geist-im-unternehmen-teil-4\/"},"wordCount":131,"publisher":{"@id":"https:\/\/www.organisator.ch\/#organization"},"image":{"@id":"https:\/\/www.organisator.ch\/management\/2019-11-13\/der-gute-geist-im-unternehmen-teil-4\/#primaryimage"},"thumbnailUrl":"https:\/\/www.organisator.ch\/wp-content\/uploads\/2019\/11\/Bauberger_Thumb7.png","keywords":["Firmennachfolge","Management und Unternehmensf\u00fchrung","Unternehmen"],"articleSection":["MANAGEMENT"],"inLanguage":"en-US"},{"@type":"WebPage","@id":"https:\/\/www.organisator.ch\/management\/2019-11-13\/der-gute-geist-im-unternehmen-teil-4\/","url":"https:\/\/www.organisator.ch\/management\/2019-11-13\/der-gute-geist-im-unternehmen-teil-4\/","name":"The good spirit in the company - Part 4 - Organizer","isPartOf":{"@id":"https:\/\/www.organisator.ch\/#website"},"primaryImageOfPage":{"@id":"https:\/\/www.organisator.ch\/management\/2019-11-13\/der-gute-geist-im-unternehmen-teil-4\/#primaryimage"},"image":{"@id":"https:\/\/www.organisator.ch\/management\/2019-11-13\/der-gute-geist-im-unternehmen-teil-4\/#primaryimage"},"thumbnailUrl":"https:\/\/www.organisator.ch\/wp-content\/uploads\/2019\/11\/Bauberger_Thumb7.png","datePublished":"2019-11-13T07:52:39+00:00","description":"A visit with Selina and Ruedi Bauberger, who have successfully passed on their company. The fourth part of \"The good spirit in the company\".","breadcrumb":{"@id":"https:\/\/www.organisator.ch\/management\/2019-11-13\/der-gute-geist-im-unternehmen-teil-4\/#breadcrumb"},"inLanguage":"en-US","potentialAction":[{"@type":"ReadAction","target":["https:\/\/www.organisator.ch\/management\/2019-11-13\/der-gute-geist-im-unternehmen-teil-4\/"]}]},{"@type":"ImageObject","inLanguage":"en-US","@id":"https:\/\/www.organisator.ch\/management\/2019-11-13\/der-gute-geist-im-unternehmen-teil-4\/#primaryimage","url":"https:\/\/www.organisator.ch\/wp-content\/uploads\/2019\/11\/Bauberger_Thumb7.png","contentUrl":"https:\/\/www.organisator.ch\/wp-content\/uploads\/2019\/11\/Bauberger_Thumb7.png","width":1280,"height":720},{"@type":"BreadcrumbList","@id":"https:\/\/www.organisator.ch\/management\/2019-11-13\/der-gute-geist-im-unternehmen-teil-4\/#breadcrumb","itemListElement":[{"@type":"ListItem","position":1,"name":"Home","item":"https:\/\/www.organisator.ch\/"},{"@type":"ListItem","position":2,"name":"Der gute Geist im Unternehmen &#8211; Teil 4"}]},{"@type":"WebSite","@id":"https:\/\/www.organisator.ch\/#website","url":"https:\/\/www.organisator.ch\/","name":"Organizer","description":"Competent. Practical. In 10 issues per year, ORGANISATOR presents the essential topics for managers of SMEs.","publisher":{"@id":"https:\/\/www.organisator.ch\/#organization"},"potentialAction":[{"@type":"SearchAction","target":{"@type":"EntryPoint","urlTemplate":"https:\/\/www.organisator.ch\/?s={search_term_string}"},"query-input":{"@type":"PropertyValueSpecification","valueRequired":true,"valueName":"search_term_string"}}],"inLanguage":"en-US"},{"@type":"Organization","@id":"https:\/\/www.organisator.ch\/#organization","name":"Organizer","url":"https:\/\/www.organisator.ch\/","logo":{"@type":"ImageObject","inLanguage":"en-US","@id":"https:\/\/www.organisator.ch\/#\/schema\/logo\/image\/","url":"https:\/\/www.organisator.ch\/wp-content\/uploads\/2022\/01\/Logo_Organisator_Website.png","contentUrl":"https:\/\/www.organisator.ch\/wp-content\/uploads\/2022\/01\/Logo_Organisator_Website.png","width":800,"height":77,"caption":"Organisator"},"image":{"@id":"https:\/\/www.organisator.ch\/#\/schema\/logo\/image\/"},"sameAs":["https:\/\/www.facebook.com\/OrganisatorFachmagazin","https:\/\/www.linkedin.com\/showcase\/organisator-das-magazin-fr-kmu","https:\/\/www.xing.com\/news\/pages\/organisator-ch-695","https:\/\/www.youtube.com\/channel\/UCGP2Sq0iWaZwT3BdIAQFYpw"]},{"@type":"Person","@id":"https:\/\/www.organisator.ch\/#\/schema\/person\/6f650f90b2842cd4c0cc334b4e36f67e","name":"thomas.berner","image":{"@type":"ImageObject","inLanguage":"en-US","@id":"https:\/\/secure.gravatar.com\/avatar\/ac5001d2a36cb6c6cd3e50789007ffca834b477b74a2144564522e944eabff61?s=96&d=mm&r=g","url":"https:\/\/secure.gravatar.com\/avatar\/ac5001d2a36cb6c6cd3e50789007ffca834b477b74a2144564522e944eabff61?s=96&d=mm&r=g","contentUrl":"https:\/\/secure.gravatar.com\/avatar\/ac5001d2a36cb6c6cd3e50789007ffca834b477b74a2144564522e944eabff61?s=96&d=mm&r=g","caption":"thomas.berner"},"url":"https:\/\/www.organisator.ch\/en\/author\/thomas-berner\/"}]}},"_links":{"self":[{"href":"https:\/\/www.organisator.ch\/en\/wp-json\/wp\/v2\/posts\/8586","targetHints":{"allow":["GET"]}}],"collection":[{"href":"https:\/\/www.organisator.ch\/en\/wp-json\/wp\/v2\/posts"}],"about":[{"href":"https:\/\/www.organisator.ch\/en\/wp-json\/wp\/v2\/types\/post"}],"author":[{"embeddable":true,"href":"https:\/\/www.organisator.ch\/en\/wp-json\/wp\/v2\/users\/4"}],"replies":[{"embeddable":true,"href":"https:\/\/www.organisator.ch\/en\/wp-json\/wp\/v2\/comments?post=8586"}],"version-history":[{"count":0,"href":"https:\/\/www.organisator.ch\/en\/wp-json\/wp\/v2\/posts\/8586\/revisions"}],"wp:featuredmedia":[{"embeddable":true,"href":"https:\/\/www.organisator.ch\/en\/wp-json\/wp\/v2\/media\/8496"}],"wp:attachment":[{"href":"https:\/\/www.organisator.ch\/en\/wp-json\/wp\/v2\/media?parent=8586"}],"wp:term":[{"taxonomy":"category","embeddable":true,"href":"https:\/\/www.organisator.ch\/en\/wp-json\/wp\/v2\/categories?post=8586"},{"taxonomy":"post_tag","embeddable":true,"href":"https:\/\/www.organisator.ch\/en\/wp-json\/wp\/v2\/tags?post=8586"}],"curies":[{"name":"wp","href":"https:\/\/api.w.org\/{rel}","templated":true}]}}