{"id":859,"date":"2017-03-07T09:43:25","date_gmt":"2017-03-07T08:43:25","guid":{"rendered":"https:\/\/www.umweltperspektiven.ch\/?p=859"},"modified":"2022-02-09T11:05:38","modified_gmt":"2022-02-09T10:05:38","slug":"gesucht-metallsammler-des-jahres","status":"publish","type":"post","link":"https:\/\/www.organisator.ch\/en\/sustainability\/2017-03-07\/gesucht-metallsammler-des-jahres\/","title":{"rendered":"Wanted: Metal collector of the year"},"content":{"rendered":"<figure id=\"attachment_860\" aria-describedby=\"caption-attachment-860\" style=\"width: 680px\" class=\"wp-caption alignnone\"><img loading=\"lazy\" decoding=\"async\" class=\"size-medium wp-image-860\" src=\"\/\/www.umweltperspektiven.ch\/wp-content\/uploads\/2017\/03\/tueftelwerk_luzern.jpg\" alt=\"\" width=\"680\" height=\"453\" \/><figcaption id=\"caption-attachment-860\" class=\"wp-caption-text\">The universal workshop \"T\u00fcftelwerk\" in Lucerne won the Prix Metal Recycling 2016. In the workshop, children learn to make creative crafts out of old metal packaging. (Image: PHOTOPRESS\/Urs Flueeler)<\/figcaption><\/figure>\n<p>The Swiss are known as a collector of used packaging. This is just as true for metal packaging as for all other packaging. More than three kilos of aluminum cans, pet food trays, mustard tubes, coffee capsules and food cans are collected per inhabitant and year, or a total of 25,600 tons. To ensure that this trend continues, Igora and Ferro Recycling annually award the Prix-Metallrecycling to three exemplary Swiss metal collectors.<\/p>\n<p>The new race for the most eager metal collectors starts now and lasts until May 31, 2017. The two recycling organizations Igora and Ferro Recycling are responsible for the race. In recognition and appreciation, they are rewarding the three best metal collectors in 2017 with 1,000 Swiss francs each and at the same time crowning them Swiss metal collecting champions.<\/p>\n<p><strong>Anyone can join<br \/>\n<\/strong>Metal collectors can quickly and easily participate in the race. Simply on the websites <a title=\"Prix Metal Recycling\" href=\"\/\/www.igora.ch\/de\/aktivitaeten\/prix-metallrecycling\/prix-metallrecycling\/\" target=\"_blank\" rel=\"noopener\">igora.ch<\/a> or <a href=\"\/\/ferrorecycling.ch\/de\/aktivitaeten\/prix-metal-recycling\/\" target=\"_blank\" rel=\"noopener\">ferrorecycling.ch<\/a> under Prix-Metallrecycling write in a few words how the empty metal packaging is collected and goes to recycling. Also sending an e-mail to <a href=\"mailto:info@igora.ch\">info@igora.ch<\/a> or a postcard to Igora or Ferro Recycling in Thalwil is possible. The following information is important: how many, how and where and which metal packaging is collected. In addition, the complete address with telephone and, where available, e-mail address should be listed. The closing date for entries is 31 May 2017.<\/p>\n<p><strong>Determination of the winners according to three criteria<br \/>\n<\/strong>A group of experts will select the most successful metal collectors from the entries. The potential winners score points for their initiative, enthusiasm and creativity in collecting metal packaging.<\/p>\n<p>Last year, among other things, the <a href=\"\/\/www.tueftelwerk.ch\/\">T\u00fcftelwerk <\/a>in Lucerne was awarded. The open workshop for children places particular emphasis on experimenting and tinkering with aluminum and metal packaging - with creative and often astonishing results.<\/p>\n<p>The other two winners were a trained recyclist who collects metal packaging from private households, restaurants, bars and companies every day by bicycle and trailer, thus returning four to five tons of metal to the material cycle every year, and a committed family who also carefully collects aluminum cans during walks.<\/p>\n<p>&nbsp;<\/p>\n<p>&nbsp;<\/p>\n<p>&nbsp;<\/p>","protected":false},"excerpt":{"rendered":"<p>Die Schweizer sind bekannt als Sammelvolk von gebrauchten Verpackungen. Bei den Metallverpackungen trifft dies genauso zu wie bei allen anderen Verpackungen. Pro Einwohner und Jahr werden j\u00e4hrlich \u00fcber drei\u00a0Kilo Aludosen, Tiernahrungsschalen, Senftuben, Kaffeekapseln und Konservendosen gesammelt oder insgesamt 25&#8217;600 Tonnen. Damit dieser Trend weiter andauert, pr\u00e4mieren Igora und Ferro Recycling mit dem Prix-Metallrecycling j\u00e4hrlich drei [&hellip;]<\/p>\n","protected":false},"author":1,"featured_media":860,"comment_status":"open","ping_status":"open","sticky":false,"template":"","format":"standard","meta":{"_acf_changed":false,"_yoast_wpseo_focuskw":"Metallsammler","_yoast_wpseo_metadesc":"Der Prix-Metallrecycling k\u00fcrt die drei besten Metallsammler der Schweiz und will damit umweltgerechtes Verhalten im Umgang mit Metallverpackungen f\u00f6rdern.","articlekey":"","footnotes":""},"categories":[580],"tags":[1166,1394,1697,1987],"class_list":["post-859","post","type-post","status-publish","format-standard","has-post-thumbnail","hentry","category-sustainability","tag-ferro-recycling","tag-igora","tag-metallrecyling","tag-recycling"],"acf":[],"yoast_head":"<!-- This site is optimized with the Yoast SEO plugin v27.4 - https:\/\/yoast.com\/product\/yoast-seo-wordpress\/ -->\n<title>Gesucht: Metallsammler des Jahres - Organisator<\/title>\n<meta name=\"description\" content=\"Der Prix-Metallrecycling k\u00fcrt die drei besten Metallsammler der Schweiz und will damit umweltgerechtes Verhalten im Umgang mit Metallverpackungen f\u00f6rdern.\" \/>\n<meta name=\"robots\" content=\"index, follow, max-snippet:-1, max-image-preview:large, max-video-preview:-1\" \/>\n<link rel=\"canonical\" href=\"https:\/\/www.organisator.ch\/en\/sustainability\/2017-03-07\/gesucht-metallsammler-des-jahres\/\" \/>\n<meta property=\"og:locale\" content=\"en_US\" \/>\n<meta property=\"og:type\" content=\"article\" \/>\n<meta property=\"og:title\" content=\"Gesucht: Metallsammler des Jahres - Organisator\" \/>\n<meta property=\"og:description\" content=\"Der Prix-Metallrecycling k\u00fcrt die drei besten Metallsammler der Schweiz und will damit umweltgerechtes Verhalten im Umgang mit Metallverpackungen f\u00f6rdern.\" \/>\n<meta property=\"og:url\" content=\"https:\/\/www.organisator.ch\/en\/sustainability\/2017-03-07\/gesucht-metallsammler-des-jahres\/\" \/>\n<meta property=\"og:site_name\" content=\"Organisator\" \/>\n<meta property=\"article:publisher\" content=\"https:\/\/www.facebook.com\/OrganisatorFachmagazin\" \/>\n<meta property=\"article:published_time\" content=\"2017-03-07T08:43:25+00:00\" \/>\n<meta property=\"article:modified_time\" content=\"2022-02-09T10:05:38+00:00\" \/>\n<meta property=\"og:image\" content=\"https:\/\/www.organisator.ch\/wp-content\/uploads\/2017\/03\/tueftelwerk_luzern-scaled.jpg\" \/>\n\t<meta property=\"og:image:width\" content=\"2560\" \/>\n\t<meta property=\"og:image:height\" content=\"1707\" \/>\n\t<meta property=\"og:image:type\" content=\"image\/jpeg\" \/>\n<meta name=\"author\" content=\"admin\" \/>\n<meta name=\"twitter:card\" content=\"summary_large_image\" \/>\n<script type=\"application\/ld+json\" class=\"yoast-schema-graph\">{\"@context\":\"https:\\\/\\\/schema.org\",\"@graph\":[{\"@type\":\"Article\",\"@id\":\"https:\\\/\\\/www.organisator.ch\\\/sustainability\\\/2017-03-07\\\/gesucht-metallsammler-des-jahres\\\/#article\",\"isPartOf\":{\"@id\":\"https:\\\/\\\/www.organisator.ch\\\/sustainability\\\/2017-03-07\\\/gesucht-metallsammler-des-jahres\\\/\"},\"author\":{\"name\":\"admin\",\"@id\":\"https:\\\/\\\/www.organisator.ch\\\/#\\\/schema\\\/person\\\/aa2bace6c5c5aad60102004a50c4eb1c\"},\"headline\":\"Gesucht: Metallsammler des Jahres\",\"datePublished\":\"2017-03-07T08:43:25+00:00\",\"dateModified\":\"2022-02-09T10:05:38+00:00\",\"mainEntityOfPage\":{\"@id\":\"https:\\\/\\\/www.organisator.ch\\\/sustainability\\\/2017-03-07\\\/gesucht-metallsammler-des-jahres\\\/\"},\"wordCount\":382,\"commentCount\":0,\"publisher\":{\"@id\":\"https:\\\/\\\/www.organisator.ch\\\/#organization\"},\"image\":{\"@id\":\"https:\\\/\\\/www.organisator.ch\\\/sustainability\\\/2017-03-07\\\/gesucht-metallsammler-des-jahres\\\/#primaryimage\"},\"thumbnailUrl\":\"https:\\\/\\\/www.organisator.ch\\\/wp-content\\\/uploads\\\/2017\\\/03\\\/tueftelwerk_luzern-scaled.jpg\",\"keywords\":[\"Ferro Recycling\",\"Igora\",\"Metallrecyling\",\"Recycling\"],\"articleSection\":[\"SUSTAINABILITY\"],\"inLanguage\":\"en-US\"},{\"@type\":\"WebPage\",\"@id\":\"https:\\\/\\\/www.organisator.ch\\\/sustainability\\\/2017-03-07\\\/gesucht-metallsammler-des-jahres\\\/\",\"url\":\"https:\\\/\\\/www.organisator.ch\\\/sustainability\\\/2017-03-07\\\/gesucht-metallsammler-des-jahres\\\/\",\"name\":\"Gesucht: Metallsammler des Jahres - Organisator\",\"isPartOf\":{\"@id\":\"https:\\\/\\\/www.organisator.ch\\\/#website\"},\"primaryImageOfPage\":{\"@id\":\"https:\\\/\\\/www.organisator.ch\\\/sustainability\\\/2017-03-07\\\/gesucht-metallsammler-des-jahres\\\/#primaryimage\"},\"image\":{\"@id\":\"https:\\\/\\\/www.organisator.ch\\\/sustainability\\\/2017-03-07\\\/gesucht-metallsammler-des-jahres\\\/#primaryimage\"},\"thumbnailUrl\":\"https:\\\/\\\/www.organisator.ch\\\/wp-content\\\/uploads\\\/2017\\\/03\\\/tueftelwerk_luzern-scaled.jpg\",\"datePublished\":\"2017-03-07T08:43:25+00:00\",\"dateModified\":\"2022-02-09T10:05:38+00:00\",\"description\":\"Der Prix-Metallrecycling k\u00fcrt die drei besten Metallsammler der Schweiz und will damit umweltgerechtes Verhalten im Umgang mit Metallverpackungen f\u00f6rdern.\",\"breadcrumb\":{\"@id\":\"https:\\\/\\\/www.organisator.ch\\\/sustainability\\\/2017-03-07\\\/gesucht-metallsammler-des-jahres\\\/#breadcrumb\"},\"inLanguage\":\"en-US\",\"potentialAction\":[{\"@type\":\"ReadAction\",\"target\":[\"https:\\\/\\\/www.organisator.ch\\\/sustainability\\\/2017-03-07\\\/gesucht-metallsammler-des-jahres\\\/\"]}]},{\"@type\":\"ImageObject\",\"inLanguage\":\"en-US\",\"@id\":\"https:\\\/\\\/www.organisator.ch\\\/sustainability\\\/2017-03-07\\\/gesucht-metallsammler-des-jahres\\\/#primaryimage\",\"url\":\"https:\\\/\\\/www.organisator.ch\\\/wp-content\\\/uploads\\\/2017\\\/03\\\/tueftelwerk_luzern-scaled.jpg\",\"contentUrl\":\"https:\\\/\\\/www.organisator.ch\\\/wp-content\\\/uploads\\\/2017\\\/03\\\/tueftelwerk_luzern-scaled.jpg\",\"width\":2560,\"height\":1707,\"caption\":\"Die Universalwerkstadt \\\"Tueftelwerk\\\" in Luzern gewann den Prix Metal Recycling 2016. In der Werkstatt lernen Kinder, aus alten Metallverpackungen kreative Handwerkskunst zu schaffen. (Bild: PHOTOPRESS\\\/Urs Flueeler)\"},{\"@type\":\"BreadcrumbList\",\"@id\":\"https:\\\/\\\/www.organisator.ch\\\/sustainability\\\/2017-03-07\\\/gesucht-metallsammler-des-jahres\\\/#breadcrumb\",\"itemListElement\":[{\"@type\":\"ListItem\",\"position\":1,\"name\":\"Home\",\"item\":\"https:\\\/\\\/www.organisator.ch\\\/\"},{\"@type\":\"ListItem\",\"position\":2,\"name\":\"Gesucht: Metallsammler des Jahres\"}]},{\"@type\":\"WebSite\",\"@id\":\"https:\\\/\\\/www.organisator.ch\\\/#website\",\"url\":\"https:\\\/\\\/www.organisator.ch\\\/\",\"name\":\"Organisator\",\"description\":\"Kompetent. Praxisnah. Der ORGANISATOR bereitet in 10 Ausgaben pro Jahr die wesentlichen Themen f\u00fcr F\u00fchrungskr\u00e4fte von KMU auf.\",\"publisher\":{\"@id\":\"https:\\\/\\\/www.organisator.ch\\\/#organization\"},\"potentialAction\":[{\"@type\":\"SearchAction\",\"target\":{\"@type\":\"EntryPoint\",\"urlTemplate\":\"https:\\\/\\\/www.organisator.ch\\\/?s={search_term_string}\"},\"query-input\":{\"@type\":\"PropertyValueSpecification\",\"valueRequired\":true,\"valueName\":\"search_term_string\"}}],\"inLanguage\":\"en-US\"},{\"@type\":\"Organization\",\"@id\":\"https:\\\/\\\/www.organisator.ch\\\/#organization\",\"name\":\"Organisator\",\"url\":\"https:\\\/\\\/www.organisator.ch\\\/\",\"logo\":{\"@type\":\"ImageObject\",\"inLanguage\":\"en-US\",\"@id\":\"https:\\\/\\\/www.organisator.ch\\\/#\\\/schema\\\/logo\\\/image\\\/\",\"url\":\"https:\\\/\\\/www.organisator.ch\\\/wp-content\\\/uploads\\\/2022\\\/01\\\/Logo_Organisator_Website.png\",\"contentUrl\":\"https:\\\/\\\/www.organisator.ch\\\/wp-content\\\/uploads\\\/2022\\\/01\\\/Logo_Organisator_Website.png\",\"width\":800,\"height\":77,\"caption\":\"Organisator\"},\"image\":{\"@id\":\"https:\\\/\\\/www.organisator.ch\\\/#\\\/schema\\\/logo\\\/image\\\/\"},\"sameAs\":[\"https:\\\/\\\/www.facebook.com\\\/OrganisatorFachmagazin\",\"https:\\\/\\\/www.linkedin.com\\\/showcase\\\/organisator-das-magazin-fr-kmu\",\"https:\\\/\\\/www.xing.com\\\/news\\\/pages\\\/organisator-ch-695\",\"https:\\\/\\\/www.youtube.com\\\/channel\\\/UCGP2Sq0iWaZwT3BdIAQFYpw\"]},{\"@type\":\"Person\",\"@id\":\"https:\\\/\\\/www.organisator.ch\\\/#\\\/schema\\\/person\\\/aa2bace6c5c5aad60102004a50c4eb1c\",\"name\":\"admin\",\"image\":{\"@type\":\"ImageObject\",\"inLanguage\":\"en-US\",\"@id\":\"https:\\\/\\\/secure.gravatar.com\\\/avatar\\\/ae2f4d718e6c49043e314ce431e7e645d646302a24a5ef5a8bc8e3f5a032e319?s=96&d=mm&r=g\",\"url\":\"https:\\\/\\\/secure.gravatar.com\\\/avatar\\\/ae2f4d718e6c49043e314ce431e7e645d646302a24a5ef5a8bc8e3f5a032e319?s=96&d=mm&r=g\",\"contentUrl\":\"https:\\\/\\\/secure.gravatar.com\\\/avatar\\\/ae2f4d718e6c49043e314ce431e7e645d646302a24a5ef5a8bc8e3f5a032e319?s=96&d=mm&r=g\",\"caption\":\"admin\"},\"sameAs\":[\"https:\\\/\\\/www.organisator.ch\"],\"url\":\"https:\\\/\\\/www.organisator.ch\\\/en\\\/author\\\/admin\\\/\"}]}<\/script>\n<!-- \/ Yoast SEO plugin. -->","yoast_head_json":{"title":"Wanted: Metal collector of the year - organizer","description":"The Prix-Metallrecycling honors the three best metal collectors in Switzerland and aims to promote environmentally friendly behavior in dealing with metal packaging.","robots":{"index":"index","follow":"follow","max-snippet":"max-snippet:-1","max-image-preview":"max-image-preview:large","max-video-preview":"max-video-preview:-1"},"canonical":"https:\/\/www.organisator.ch\/en\/sustainability\/2017-03-07\/gesucht-metallsammler-des-jahres\/","og_locale":"en_US","og_type":"article","og_title":"Gesucht: Metallsammler des Jahres - Organisator","og_description":"Der Prix-Metallrecycling k\u00fcrt die drei besten Metallsammler der Schweiz und will damit umweltgerechtes Verhalten im Umgang mit Metallverpackungen f\u00f6rdern.","og_url":"https:\/\/www.organisator.ch\/en\/sustainability\/2017-03-07\/gesucht-metallsammler-des-jahres\/","og_site_name":"Organisator","article_publisher":"https:\/\/www.facebook.com\/OrganisatorFachmagazin","article_published_time":"2017-03-07T08:43:25+00:00","article_modified_time":"2022-02-09T10:05:38+00:00","og_image":[{"width":2560,"height":1707,"url":"https:\/\/www.organisator.ch\/wp-content\/uploads\/2017\/03\/tueftelwerk_luzern-scaled.jpg","type":"image\/jpeg"}],"author":"admin","twitter_card":"summary_large_image","schema":{"@context":"https:\/\/schema.org","@graph":[{"@type":"Article","@id":"https:\/\/www.organisator.ch\/sustainability\/2017-03-07\/gesucht-metallsammler-des-jahres\/#article","isPartOf":{"@id":"https:\/\/www.organisator.ch\/sustainability\/2017-03-07\/gesucht-metallsammler-des-jahres\/"},"author":{"name":"admin","@id":"https:\/\/www.organisator.ch\/#\/schema\/person\/aa2bace6c5c5aad60102004a50c4eb1c"},"headline":"Gesucht: Metallsammler des Jahres","datePublished":"2017-03-07T08:43:25+00:00","dateModified":"2022-02-09T10:05:38+00:00","mainEntityOfPage":{"@id":"https:\/\/www.organisator.ch\/sustainability\/2017-03-07\/gesucht-metallsammler-des-jahres\/"},"wordCount":382,"commentCount":0,"publisher":{"@id":"https:\/\/www.organisator.ch\/#organization"},"image":{"@id":"https:\/\/www.organisator.ch\/sustainability\/2017-03-07\/gesucht-metallsammler-des-jahres\/#primaryimage"},"thumbnailUrl":"https:\/\/www.organisator.ch\/wp-content\/uploads\/2017\/03\/tueftelwerk_luzern-scaled.jpg","keywords":["Ferro Recycling","Igora","Metallrecyling","Recycling"],"articleSection":["SUSTAINABILITY"],"inLanguage":"en-US"},{"@type":"WebPage","@id":"https:\/\/www.organisator.ch\/sustainability\/2017-03-07\/gesucht-metallsammler-des-jahres\/","url":"https:\/\/www.organisator.ch\/sustainability\/2017-03-07\/gesucht-metallsammler-des-jahres\/","name":"Wanted: Metal collector of the year - organizer","isPartOf":{"@id":"https:\/\/www.organisator.ch\/#website"},"primaryImageOfPage":{"@id":"https:\/\/www.organisator.ch\/sustainability\/2017-03-07\/gesucht-metallsammler-des-jahres\/#primaryimage"},"image":{"@id":"https:\/\/www.organisator.ch\/sustainability\/2017-03-07\/gesucht-metallsammler-des-jahres\/#primaryimage"},"thumbnailUrl":"https:\/\/www.organisator.ch\/wp-content\/uploads\/2017\/03\/tueftelwerk_luzern-scaled.jpg","datePublished":"2017-03-07T08:43:25+00:00","dateModified":"2022-02-09T10:05:38+00:00","description":"The Prix-Metallrecycling honors the three best metal collectors in Switzerland and aims to promote environmentally friendly behavior in dealing with metal packaging.","breadcrumb":{"@id":"https:\/\/www.organisator.ch\/sustainability\/2017-03-07\/gesucht-metallsammler-des-jahres\/#breadcrumb"},"inLanguage":"en-US","potentialAction":[{"@type":"ReadAction","target":["https:\/\/www.organisator.ch\/sustainability\/2017-03-07\/gesucht-metallsammler-des-jahres\/"]}]},{"@type":"ImageObject","inLanguage":"en-US","@id":"https:\/\/www.organisator.ch\/sustainability\/2017-03-07\/gesucht-metallsammler-des-jahres\/#primaryimage","url":"https:\/\/www.organisator.ch\/wp-content\/uploads\/2017\/03\/tueftelwerk_luzern-scaled.jpg","contentUrl":"https:\/\/www.organisator.ch\/wp-content\/uploads\/2017\/03\/tueftelwerk_luzern-scaled.jpg","width":2560,"height":1707,"caption":"Die Universalwerkstadt \"Tueftelwerk\" in Luzern gewann den Prix Metal Recycling 2016. In der Werkstatt lernen Kinder, aus alten Metallverpackungen kreative Handwerkskunst zu schaffen. (Bild: PHOTOPRESS\/Urs Flueeler)"},{"@type":"BreadcrumbList","@id":"https:\/\/www.organisator.ch\/sustainability\/2017-03-07\/gesucht-metallsammler-des-jahres\/#breadcrumb","itemListElement":[{"@type":"ListItem","position":1,"name":"Home","item":"https:\/\/www.organisator.ch\/"},{"@type":"ListItem","position":2,"name":"Gesucht: Metallsammler des Jahres"}]},{"@type":"WebSite","@id":"https:\/\/www.organisator.ch\/#website","url":"https:\/\/www.organisator.ch\/","name":"Organizer","description":"Competent. Practical. In 10 issues per year, ORGANISATOR presents the essential topics for managers of SMEs.","publisher":{"@id":"https:\/\/www.organisator.ch\/#organization"},"potentialAction":[{"@type":"SearchAction","target":{"@type":"EntryPoint","urlTemplate":"https:\/\/www.organisator.ch\/?s={search_term_string}"},"query-input":{"@type":"PropertyValueSpecification","valueRequired":true,"valueName":"search_term_string"}}],"inLanguage":"en-US"},{"@type":"Organization","@id":"https:\/\/www.organisator.ch\/#organization","name":"Organizer","url":"https:\/\/www.organisator.ch\/","logo":{"@type":"ImageObject","inLanguage":"en-US","@id":"https:\/\/www.organisator.ch\/#\/schema\/logo\/image\/","url":"https:\/\/www.organisator.ch\/wp-content\/uploads\/2022\/01\/Logo_Organisator_Website.png","contentUrl":"https:\/\/www.organisator.ch\/wp-content\/uploads\/2022\/01\/Logo_Organisator_Website.png","width":800,"height":77,"caption":"Organisator"},"image":{"@id":"https:\/\/www.organisator.ch\/#\/schema\/logo\/image\/"},"sameAs":["https:\/\/www.facebook.com\/OrganisatorFachmagazin","https:\/\/www.linkedin.com\/showcase\/organisator-das-magazin-fr-kmu","https:\/\/www.xing.com\/news\/pages\/organisator-ch-695","https:\/\/www.youtube.com\/channel\/UCGP2Sq0iWaZwT3BdIAQFYpw"]},{"@type":"Person","@id":"https:\/\/www.organisator.ch\/#\/schema\/person\/aa2bace6c5c5aad60102004a50c4eb1c","name":"admin","image":{"@type":"ImageObject","inLanguage":"en-US","@id":"https:\/\/secure.gravatar.com\/avatar\/ae2f4d718e6c49043e314ce431e7e645d646302a24a5ef5a8bc8e3f5a032e319?s=96&d=mm&r=g","url":"https:\/\/secure.gravatar.com\/avatar\/ae2f4d718e6c49043e314ce431e7e645d646302a24a5ef5a8bc8e3f5a032e319?s=96&d=mm&r=g","contentUrl":"https:\/\/secure.gravatar.com\/avatar\/ae2f4d718e6c49043e314ce431e7e645d646302a24a5ef5a8bc8e3f5a032e319?s=96&d=mm&r=g","caption":"admin"},"sameAs":["https:\/\/www.organisator.ch"],"url":"https:\/\/www.organisator.ch\/en\/author\/admin\/"}]}},"_links":{"self":[{"href":"https:\/\/www.organisator.ch\/en\/wp-json\/wp\/v2\/posts\/859","targetHints":{"allow":["GET"]}}],"collection":[{"href":"https:\/\/www.organisator.ch\/en\/wp-json\/wp\/v2\/posts"}],"about":[{"href":"https:\/\/www.organisator.ch\/en\/wp-json\/wp\/v2\/types\/post"}],"author":[{"embeddable":true,"href":"https:\/\/www.organisator.ch\/en\/wp-json\/wp\/v2\/users\/1"}],"replies":[{"embeddable":true,"href":"https:\/\/www.organisator.ch\/en\/wp-json\/wp\/v2\/comments?post=859"}],"version-history":[{"count":1,"href":"https:\/\/www.organisator.ch\/en\/wp-json\/wp\/v2\/posts\/859\/revisions"}],"predecessor-version":[{"id":10431,"href":"https:\/\/www.organisator.ch\/en\/wp-json\/wp\/v2\/posts\/859\/revisions\/10431"}],"wp:featuredmedia":[{"embeddable":true,"href":"https:\/\/www.organisator.ch\/en\/wp-json\/wp\/v2\/media\/860"}],"wp:attachment":[{"href":"https:\/\/www.organisator.ch\/en\/wp-json\/wp\/v2\/media?parent=859"}],"wp:term":[{"taxonomy":"category","embeddable":true,"href":"https:\/\/www.organisator.ch\/en\/wp-json\/wp\/v2\/categories?post=859"},{"taxonomy":"post_tag","embeddable":true,"href":"https:\/\/www.organisator.ch\/en\/wp-json\/wp\/v2\/tags?post=859"}],"curies":[{"name":"wp","href":"https:\/\/api.w.org\/{rel}","templated":true}]}}