{"id":8595,"date":"2019-11-20T12:01:27","date_gmt":"2019-11-20T11:01:27","guid":{"rendered":"https:\/\/www.organisator.ch\/?p=6055"},"modified":"2019-11-20T12:01:27","modified_gmt":"2019-11-20T11:01:27","slug":"verrechnungssteuergesetz-bundesgericht-schuetzt-steuerzahler","status":"publish","type":"post","link":"https:\/\/www.organisator.ch\/en\/management\/finanzen_recht\/2019-11-20\/verrechnungssteuergesetz-bundesgericht-schuetzt-steuerzahler\/","title":{"rendered":"Withholding Tax Act: Federal Court protects taxpayers"},"content":{"rendered":"<figure id=\"attachment_6056\" aria-describedby=\"caption-attachment-6056\" style=\"width: 680px\" class=\"wp-caption alignnone\"><img loading=\"lazy\" decoding=\"async\" class=\"size-medium wp-image-6056\" src=\"https:\/\/www.organisator.ch\/wp-content\/uploads\/2019\/11\/Neues-Verrechnungssteuergesetz-Bundesgericht-schuetzt-Steuerzahler_Organisator.jpg\" alt=\"\" width=\"680\" height=\"401\" \/><figcaption id=\"caption-attachment-6056\" class=\"wp-caption-text\">The new Withholding Tax Act allows taxpayers to claim withholding tax on unintentionally undeclared assets even after the fact. Recently, the Federal Supreme Court has already ruled in favor of taxpayers on several occasions. (Image: Pixabay.com)<\/figcaption><\/figure>\n<p>In recent years, the withholding tax had become an actual punitive tax. Taxpayers were already being punished excessively harshly for negligent omissions. To remedy the situation, National Councilor Daniela Schneeberger, who is also president of the industry association Treuhand Suisse, submitted a motion in 2016 entitled \"No forfeiture for withholding tax\". Her demands were included in the revision of the law.<\/p>\n<h2>Withholding tax can be reclaimed for longer<\/h2>\n<p>The new Withholding Tax Act has been in force since January 1, 2019. Since then, taxpayers may also reclaim withholding tax retrospectively, provided the income or assets were not intentionally concealed. The new regulation applies retroactively to claims that have arisen since January 1, 2014, provided that a legally binding decision has not yet been made on them. Anyone who has missed the deadline for refunding withholding tax due to an error can therefore breathe a sigh of relief.<\/p>\n<h2>First federal court rulings in favor of taxpayers<\/h2>\n<p>In the course of this year, the first Federal Court rulings have now already been issued in favor of taxpayers. The Federal Supreme Court states that withholding tax can also be reclaimed if taxpayers have violated a procedural obligation, but the taxpayer cannot be accused of either intent or negligence. \"It can happen to any of us to forget to reclaim withholding tax,\" Daniela Schneeberger knows. \"Especially in the case of SMEs, it can happen that an 'error' creeps into the declaration because the tax authority has only corrected the valuation of the company's assets after the fact.\" Losing a third of the asset income because of such an omission is a completely unreasonable penalty, he said. \"The new provision in the bill is fair and in line with common sense,\" Daniela Schneeberger affirms.<\/p>\n<p><em>Source: <a href=\"http:\/\/www.treuhandsuisse.ch\">Fiduciary Suisse<\/a><\/em><\/p>","protected":false},"excerpt":{"rendered":"<p>In den letzten Jahren war die Verrechnungssteuer zu einer eigentlichen Strafsteuer geworden. Steuerzahler wurden bereits f\u00fcr fahrl\u00e4ssige Vers\u00e4umnisse \u00fcbertrieben hart bestraft. Um den Missstand zu beheben, hat Nationalr\u00e4tin Daniela Schneeberger, gleichzeitig Pr\u00e4sidentin des Branchenverbands Treuhand Suisse, im Jahr 2016 die Motion \u00abKeine Verwirkung bei der Verrechnungssteuer\u00bb eingereicht. Ihre Forderungen wurden f\u00fcr die Gesetzesrevision aufgenommen. Verrechnungssteuer [&hellip;]<\/p>\n","protected":false},"author":4,"featured_media":8507,"comment_status":"closed","ping_status":"closed","sticky":false,"template":"","format":"standard","meta":{"_acf_changed":false,"_yoast_wpseo_focuskw":"Verrechnungssteuergesetz","_yoast_wpseo_metadesc":"Anfang des Jahres 2019 ist das Verrechnungssteuergesetz in Kraft getreten, das deutliche Verbesserungen f\u00fcr Steuerzahlerinnen und -zahler enth\u00e4lt.","articlekey":"","footnotes":""},"categories":[24],"tags":[99,202,241,454],"class_list":["post-8595","post","type-post","status-publish","format-standard","has-post-thumbnail","hentry","category-finanzen_recht","tag-bundesgericht","tag-finanzenrecht","tag-gesetzgebung","tag-steuern"],"acf":[],"yoast_head":"<!-- This site is optimized with the Yoast SEO plugin v27.5 - https:\/\/yoast.com\/product\/yoast-seo-wordpress\/ -->\n<title>Verrechnungssteuergesetz: Bundesgericht sch\u00fctzt Steuerzahler - Organisator<\/title>\n<meta name=\"description\" content=\"Anfang des Jahres 2019 ist das Verrechnungssteuergesetz in Kraft getreten, das deutliche Verbesserungen f\u00fcr Steuerzahlerinnen und -zahler enth\u00e4lt.\" \/>\n<meta name=\"robots\" content=\"index, follow, max-snippet:-1, max-image-preview:large, max-video-preview:-1\" \/>\n<link rel=\"canonical\" href=\"https:\/\/www.organisator.ch\/en\/management\/finanzen_recht\/2019-11-20\/verrechnungssteuergesetz-bundesgericht-schuetzt-steuerzahler\/\" \/>\n<meta property=\"og:locale\" content=\"en_US\" \/>\n<meta property=\"og:type\" content=\"article\" \/>\n<meta property=\"og:title\" content=\"Verrechnungssteuergesetz: Bundesgericht sch\u00fctzt Steuerzahler\" \/>\n<meta property=\"og:description\" content=\"Anfang des Jahres 2019 ist das Verrechnungssteuergesetz in Kraft getreten, das deutliche Verbesserungen f\u00fcr Steuerzahlerinnen und -zahler enth\u00e4lt.\" \/>\n<meta property=\"og:url\" content=\"https:\/\/www.organisator.ch\/en\/management\/finanzen_recht\/2019-11-20\/verrechnungssteuergesetz-bundesgericht-schuetzt-steuerzahler\/\" \/>\n<meta property=\"og:site_name\" content=\"Organisator\" \/>\n<meta property=\"article:publisher\" content=\"https:\/\/www.facebook.com\/OrganisatorFachmagazin\" \/>\n<meta property=\"article:published_time\" content=\"2019-11-20T11:01:27+00:00\" \/>\n<meta property=\"og:image\" content=\"https:\/\/www.organisator.ch\/wp-content\/uploads\/2021\/07\/organisator_2014_11.png\" \/>\n\t<meta property=\"og:image:width\" content=\"654\" \/>\n\t<meta property=\"og:image:height\" content=\"370\" \/>\n\t<meta property=\"og:image:type\" content=\"image\/png\" \/>\n<meta name=\"author\" content=\"thomas.berner\" \/>\n<meta name=\"twitter:card\" content=\"summary_large_image\" \/>\n<meta name=\"twitter:title\" content=\"Verrechnungssteuergesetz: Bundesgericht sch\u00fctzt Steuerzahler\" \/>\n<meta name=\"twitter:description\" content=\"Anfang des Jahres 2019 ist das Verrechnungssteuergesetz in Kraft getreten, das deutliche Verbesserungen f\u00fcr Steuerzahlerinnen und -zahler enth\u00e4lt.\" \/>\n<meta name=\"twitter:image\" content=\"https:\/\/www.organisator.ch\/wp-content\/uploads\/2021\/07\/organisator_2014_11.png\" \/>\n<script type=\"application\/ld+json\" class=\"yoast-schema-graph\">{\"@context\":\"https:\\\/\\\/schema.org\",\"@graph\":[{\"@type\":\"Article\",\"@id\":\"https:\\\/\\\/www.organisator.ch\\\/management\\\/finanzen_recht\\\/2019-11-20\\\/verrechnungssteuergesetz-bundesgericht-schuetzt-steuerzahler\\\/#article\",\"isPartOf\":{\"@id\":\"https:\\\/\\\/www.organisator.ch\\\/management\\\/finanzen_recht\\\/2019-11-20\\\/verrechnungssteuergesetz-bundesgericht-schuetzt-steuerzahler\\\/\"},\"author\":{\"name\":\"thomas.berner\",\"@id\":\"https:\\\/\\\/www.organisator.ch\\\/#\\\/schema\\\/person\\\/6f650f90b2842cd4c0cc334b4e36f67e\"},\"headline\":\"Verrechnungssteuergesetz: Bundesgericht sch\u00fctzt Steuerzahler\",\"datePublished\":\"2019-11-20T11:01:27+00:00\",\"mainEntityOfPage\":{\"@id\":\"https:\\\/\\\/www.organisator.ch\\\/management\\\/finanzen_recht\\\/2019-11-20\\\/verrechnungssteuergesetz-bundesgericht-schuetzt-steuerzahler\\\/\"},\"wordCount\":320,\"publisher\":{\"@id\":\"https:\\\/\\\/www.organisator.ch\\\/#organization\"},\"image\":{\"@id\":\"https:\\\/\\\/www.organisator.ch\\\/management\\\/finanzen_recht\\\/2019-11-20\\\/verrechnungssteuergesetz-bundesgericht-schuetzt-steuerzahler\\\/#primaryimage\"},\"thumbnailUrl\":\"https:\\\/\\\/www.organisator.ch\\\/wp-content\\\/uploads\\\/2019\\\/11\\\/Neues-Verrechnungssteuergesetz-Bundesgericht-schuetzt-Steuerzahler_Organisator.jpg\",\"keywords\":[\"Bundesgericht\",\"Finanzen\\\/Recht\",\"Gesetzgebung\",\"Steuern\"],\"articleSection\":[\"FINANZEN\\\/RECHT\"],\"inLanguage\":\"en-US\"},{\"@type\":\"WebPage\",\"@id\":\"https:\\\/\\\/www.organisator.ch\\\/management\\\/finanzen_recht\\\/2019-11-20\\\/verrechnungssteuergesetz-bundesgericht-schuetzt-steuerzahler\\\/\",\"url\":\"https:\\\/\\\/www.organisator.ch\\\/management\\\/finanzen_recht\\\/2019-11-20\\\/verrechnungssteuergesetz-bundesgericht-schuetzt-steuerzahler\\\/\",\"name\":\"Verrechnungssteuergesetz: Bundesgericht sch\u00fctzt Steuerzahler - Organisator\",\"isPartOf\":{\"@id\":\"https:\\\/\\\/www.organisator.ch\\\/#website\"},\"primaryImageOfPage\":{\"@id\":\"https:\\\/\\\/www.organisator.ch\\\/management\\\/finanzen_recht\\\/2019-11-20\\\/verrechnungssteuergesetz-bundesgericht-schuetzt-steuerzahler\\\/#primaryimage\"},\"image\":{\"@id\":\"https:\\\/\\\/www.organisator.ch\\\/management\\\/finanzen_recht\\\/2019-11-20\\\/verrechnungssteuergesetz-bundesgericht-schuetzt-steuerzahler\\\/#primaryimage\"},\"thumbnailUrl\":\"https:\\\/\\\/www.organisator.ch\\\/wp-content\\\/uploads\\\/2019\\\/11\\\/Neues-Verrechnungssteuergesetz-Bundesgericht-schuetzt-Steuerzahler_Organisator.jpg\",\"datePublished\":\"2019-11-20T11:01:27+00:00\",\"description\":\"Anfang des Jahres 2019 ist das Verrechnungssteuergesetz in Kraft getreten, das deutliche Verbesserungen f\u00fcr Steuerzahlerinnen und -zahler enth\u00e4lt.\",\"breadcrumb\":{\"@id\":\"https:\\\/\\\/www.organisator.ch\\\/management\\\/finanzen_recht\\\/2019-11-20\\\/verrechnungssteuergesetz-bundesgericht-schuetzt-steuerzahler\\\/#breadcrumb\"},\"inLanguage\":\"en-US\",\"potentialAction\":[{\"@type\":\"ReadAction\",\"target\":[\"https:\\\/\\\/www.organisator.ch\\\/management\\\/finanzen_recht\\\/2019-11-20\\\/verrechnungssteuergesetz-bundesgericht-schuetzt-steuerzahler\\\/\"]}]},{\"@type\":\"ImageObject\",\"inLanguage\":\"en-US\",\"@id\":\"https:\\\/\\\/www.organisator.ch\\\/management\\\/finanzen_recht\\\/2019-11-20\\\/verrechnungssteuergesetz-bundesgericht-schuetzt-steuerzahler\\\/#primaryimage\",\"url\":\"https:\\\/\\\/www.organisator.ch\\\/wp-content\\\/uploads\\\/2019\\\/11\\\/Neues-Verrechnungssteuergesetz-Bundesgericht-schuetzt-Steuerzahler_Organisator.jpg\",\"contentUrl\":\"https:\\\/\\\/www.organisator.ch\\\/wp-content\\\/uploads\\\/2019\\\/11\\\/Neues-Verrechnungssteuergesetz-Bundesgericht-schuetzt-Steuerzahler_Organisator.jpg\",\"width\":680,\"height\":401,\"caption\":\"Das neue Verrechnungssteuergesetz erm\u00f6glicht es Steuerzahlern, die Verrechnungsteuer auf unabsichtlich nicht deklarierte Verm\u00f6gen auch nachtr\u00e4glich noch einzufordern. (Bild: Pixabay.com)\"},{\"@type\":\"BreadcrumbList\",\"@id\":\"https:\\\/\\\/www.organisator.ch\\\/management\\\/finanzen_recht\\\/2019-11-20\\\/verrechnungssteuergesetz-bundesgericht-schuetzt-steuerzahler\\\/#breadcrumb\",\"itemListElement\":[{\"@type\":\"ListItem\",\"position\":1,\"name\":\"Home\",\"item\":\"https:\\\/\\\/www.organisator.ch\\\/\"},{\"@type\":\"ListItem\",\"position\":2,\"name\":\"Verrechnungssteuergesetz: Bundesgericht sch\u00fctzt Steuerzahler\"}]},{\"@type\":\"WebSite\",\"@id\":\"https:\\\/\\\/www.organisator.ch\\\/#website\",\"url\":\"https:\\\/\\\/www.organisator.ch\\\/\",\"name\":\"Organisator\",\"description\":\"Kompetent. Praxisnah. Der ORGANISATOR bereitet in 10 Ausgaben pro Jahr die wesentlichen Themen f\u00fcr F\u00fchrungskr\u00e4fte von KMU auf.\",\"publisher\":{\"@id\":\"https:\\\/\\\/www.organisator.ch\\\/#organization\"},\"potentialAction\":[{\"@type\":\"SearchAction\",\"target\":{\"@type\":\"EntryPoint\",\"urlTemplate\":\"https:\\\/\\\/www.organisator.ch\\\/?s={search_term_string}\"},\"query-input\":{\"@type\":\"PropertyValueSpecification\",\"valueRequired\":true,\"valueName\":\"search_term_string\"}}],\"inLanguage\":\"en-US\"},{\"@type\":\"Organization\",\"@id\":\"https:\\\/\\\/www.organisator.ch\\\/#organization\",\"name\":\"Organisator\",\"url\":\"https:\\\/\\\/www.organisator.ch\\\/\",\"logo\":{\"@type\":\"ImageObject\",\"inLanguage\":\"en-US\",\"@id\":\"https:\\\/\\\/www.organisator.ch\\\/#\\\/schema\\\/logo\\\/image\\\/\",\"url\":\"https:\\\/\\\/www.organisator.ch\\\/wp-content\\\/uploads\\\/2022\\\/01\\\/Logo_Organisator_Website.png\",\"contentUrl\":\"https:\\\/\\\/www.organisator.ch\\\/wp-content\\\/uploads\\\/2022\\\/01\\\/Logo_Organisator_Website.png\",\"width\":800,\"height\":77,\"caption\":\"Organisator\"},\"image\":{\"@id\":\"https:\\\/\\\/www.organisator.ch\\\/#\\\/schema\\\/logo\\\/image\\\/\"},\"sameAs\":[\"https:\\\/\\\/www.facebook.com\\\/OrganisatorFachmagazin\",\"https:\\\/\\\/www.linkedin.com\\\/showcase\\\/organisator-das-magazin-fr-kmu\",\"https:\\\/\\\/www.xing.com\\\/news\\\/pages\\\/organisator-ch-695\",\"https:\\\/\\\/www.youtube.com\\\/channel\\\/UCGP2Sq0iWaZwT3BdIAQFYpw\"]},{\"@type\":\"Person\",\"@id\":\"https:\\\/\\\/www.organisator.ch\\\/#\\\/schema\\\/person\\\/6f650f90b2842cd4c0cc334b4e36f67e\",\"name\":\"thomas.berner\",\"image\":{\"@type\":\"ImageObject\",\"inLanguage\":\"en-US\",\"@id\":\"https:\\\/\\\/secure.gravatar.com\\\/avatar\\\/ac5001d2a36cb6c6cd3e50789007ffca834b477b74a2144564522e944eabff61?s=96&d=mm&r=g\",\"url\":\"https:\\\/\\\/secure.gravatar.com\\\/avatar\\\/ac5001d2a36cb6c6cd3e50789007ffca834b477b74a2144564522e944eabff61?s=96&d=mm&r=g\",\"contentUrl\":\"https:\\\/\\\/secure.gravatar.com\\\/avatar\\\/ac5001d2a36cb6c6cd3e50789007ffca834b477b74a2144564522e944eabff61?s=96&d=mm&r=g\",\"caption\":\"thomas.berner\"},\"url\":\"https:\\\/\\\/www.organisator.ch\\\/en\\\/author\\\/thomas-berner\\\/\"}]}<\/script>\n<!-- \/ Yoast SEO plugin. -->","yoast_head_json":{"title":"Withholding tax law: Federal court protects taxpayers - Organizer","description":"At the beginning of 2019, the Withholding Tax Act came into force, which contains significant improvements for taxpayers.","robots":{"index":"index","follow":"follow","max-snippet":"max-snippet:-1","max-image-preview":"max-image-preview:large","max-video-preview":"max-video-preview:-1"},"canonical":"https:\/\/www.organisator.ch\/en\/management\/finanzen_recht\/2019-11-20\/verrechnungssteuergesetz-bundesgericht-schuetzt-steuerzahler\/","og_locale":"en_US","og_type":"article","og_title":"Verrechnungssteuergesetz: Bundesgericht sch\u00fctzt Steuerzahler","og_description":"Anfang des Jahres 2019 ist das Verrechnungssteuergesetz in Kraft getreten, das deutliche Verbesserungen f\u00fcr Steuerzahlerinnen und -zahler enth\u00e4lt.","og_url":"https:\/\/www.organisator.ch\/en\/management\/finanzen_recht\/2019-11-20\/verrechnungssteuergesetz-bundesgericht-schuetzt-steuerzahler\/","og_site_name":"Organisator","article_publisher":"https:\/\/www.facebook.com\/OrganisatorFachmagazin","article_published_time":"2019-11-20T11:01:27+00:00","og_image":[{"width":654,"height":370,"url":"https:\/\/www.organisator.ch\/wp-content\/uploads\/2021\/07\/organisator_2014_11.png","type":"image\/png"}],"author":"thomas.berner","twitter_card":"summary_large_image","twitter_title":"Verrechnungssteuergesetz: Bundesgericht sch\u00fctzt Steuerzahler","twitter_description":"Anfang des Jahres 2019 ist das Verrechnungssteuergesetz in Kraft getreten, das deutliche Verbesserungen f\u00fcr Steuerzahlerinnen und -zahler enth\u00e4lt.","twitter_image":"https:\/\/www.organisator.ch\/wp-content\/uploads\/2021\/07\/organisator_2014_11.png","schema":{"@context":"https:\/\/schema.org","@graph":[{"@type":"Article","@id":"https:\/\/www.organisator.ch\/management\/finanzen_recht\/2019-11-20\/verrechnungssteuergesetz-bundesgericht-schuetzt-steuerzahler\/#article","isPartOf":{"@id":"https:\/\/www.organisator.ch\/management\/finanzen_recht\/2019-11-20\/verrechnungssteuergesetz-bundesgericht-schuetzt-steuerzahler\/"},"author":{"name":"thomas.berner","@id":"https:\/\/www.organisator.ch\/#\/schema\/person\/6f650f90b2842cd4c0cc334b4e36f67e"},"headline":"Verrechnungssteuergesetz: Bundesgericht sch\u00fctzt Steuerzahler","datePublished":"2019-11-20T11:01:27+00:00","mainEntityOfPage":{"@id":"https:\/\/www.organisator.ch\/management\/finanzen_recht\/2019-11-20\/verrechnungssteuergesetz-bundesgericht-schuetzt-steuerzahler\/"},"wordCount":320,"publisher":{"@id":"https:\/\/www.organisator.ch\/#organization"},"image":{"@id":"https:\/\/www.organisator.ch\/management\/finanzen_recht\/2019-11-20\/verrechnungssteuergesetz-bundesgericht-schuetzt-steuerzahler\/#primaryimage"},"thumbnailUrl":"https:\/\/www.organisator.ch\/wp-content\/uploads\/2019\/11\/Neues-Verrechnungssteuergesetz-Bundesgericht-schuetzt-Steuerzahler_Organisator.jpg","keywords":["Bundesgericht","Finanzen\/Recht","Gesetzgebung","Steuern"],"articleSection":["FINANZEN\/RECHT"],"inLanguage":"en-US"},{"@type":"WebPage","@id":"https:\/\/www.organisator.ch\/management\/finanzen_recht\/2019-11-20\/verrechnungssteuergesetz-bundesgericht-schuetzt-steuerzahler\/","url":"https:\/\/www.organisator.ch\/management\/finanzen_recht\/2019-11-20\/verrechnungssteuergesetz-bundesgericht-schuetzt-steuerzahler\/","name":"Withholding tax law: Federal court protects taxpayers - Organizer","isPartOf":{"@id":"https:\/\/www.organisator.ch\/#website"},"primaryImageOfPage":{"@id":"https:\/\/www.organisator.ch\/management\/finanzen_recht\/2019-11-20\/verrechnungssteuergesetz-bundesgericht-schuetzt-steuerzahler\/#primaryimage"},"image":{"@id":"https:\/\/www.organisator.ch\/management\/finanzen_recht\/2019-11-20\/verrechnungssteuergesetz-bundesgericht-schuetzt-steuerzahler\/#primaryimage"},"thumbnailUrl":"https:\/\/www.organisator.ch\/wp-content\/uploads\/2019\/11\/Neues-Verrechnungssteuergesetz-Bundesgericht-schuetzt-Steuerzahler_Organisator.jpg","datePublished":"2019-11-20T11:01:27+00:00","description":"At the beginning of 2019, the Withholding Tax Act came into force, which contains significant improvements for taxpayers.","breadcrumb":{"@id":"https:\/\/www.organisator.ch\/management\/finanzen_recht\/2019-11-20\/verrechnungssteuergesetz-bundesgericht-schuetzt-steuerzahler\/#breadcrumb"},"inLanguage":"en-US","potentialAction":[{"@type":"ReadAction","target":["https:\/\/www.organisator.ch\/management\/finanzen_recht\/2019-11-20\/verrechnungssteuergesetz-bundesgericht-schuetzt-steuerzahler\/"]}]},{"@type":"ImageObject","inLanguage":"en-US","@id":"https:\/\/www.organisator.ch\/management\/finanzen_recht\/2019-11-20\/verrechnungssteuergesetz-bundesgericht-schuetzt-steuerzahler\/#primaryimage","url":"https:\/\/www.organisator.ch\/wp-content\/uploads\/2019\/11\/Neues-Verrechnungssteuergesetz-Bundesgericht-schuetzt-Steuerzahler_Organisator.jpg","contentUrl":"https:\/\/www.organisator.ch\/wp-content\/uploads\/2019\/11\/Neues-Verrechnungssteuergesetz-Bundesgericht-schuetzt-Steuerzahler_Organisator.jpg","width":680,"height":401,"caption":"Das neue Verrechnungssteuergesetz erm\u00f6glicht es Steuerzahlern, die Verrechnungsteuer auf unabsichtlich nicht deklarierte Verm\u00f6gen auch nachtr\u00e4glich noch einzufordern. (Bild: Pixabay.com)"},{"@type":"BreadcrumbList","@id":"https:\/\/www.organisator.ch\/management\/finanzen_recht\/2019-11-20\/verrechnungssteuergesetz-bundesgericht-schuetzt-steuerzahler\/#breadcrumb","itemListElement":[{"@type":"ListItem","position":1,"name":"Home","item":"https:\/\/www.organisator.ch\/"},{"@type":"ListItem","position":2,"name":"Verrechnungssteuergesetz: Bundesgericht sch\u00fctzt Steuerzahler"}]},{"@type":"WebSite","@id":"https:\/\/www.organisator.ch\/#website","url":"https:\/\/www.organisator.ch\/","name":"Organizer","description":"Competent. Practical. In 10 issues per year, ORGANISATOR presents the essential topics for managers of SMEs.","publisher":{"@id":"https:\/\/www.organisator.ch\/#organization"},"potentialAction":[{"@type":"SearchAction","target":{"@type":"EntryPoint","urlTemplate":"https:\/\/www.organisator.ch\/?s={search_term_string}"},"query-input":{"@type":"PropertyValueSpecification","valueRequired":true,"valueName":"search_term_string"}}],"inLanguage":"en-US"},{"@type":"Organization","@id":"https:\/\/www.organisator.ch\/#organization","name":"Organizer","url":"https:\/\/www.organisator.ch\/","logo":{"@type":"ImageObject","inLanguage":"en-US","@id":"https:\/\/www.organisator.ch\/#\/schema\/logo\/image\/","url":"https:\/\/www.organisator.ch\/wp-content\/uploads\/2022\/01\/Logo_Organisator_Website.png","contentUrl":"https:\/\/www.organisator.ch\/wp-content\/uploads\/2022\/01\/Logo_Organisator_Website.png","width":800,"height":77,"caption":"Organisator"},"image":{"@id":"https:\/\/www.organisator.ch\/#\/schema\/logo\/image\/"},"sameAs":["https:\/\/www.facebook.com\/OrganisatorFachmagazin","https:\/\/www.linkedin.com\/showcase\/organisator-das-magazin-fr-kmu","https:\/\/www.xing.com\/news\/pages\/organisator-ch-695","https:\/\/www.youtube.com\/channel\/UCGP2Sq0iWaZwT3BdIAQFYpw"]},{"@type":"Person","@id":"https:\/\/www.organisator.ch\/#\/schema\/person\/6f650f90b2842cd4c0cc334b4e36f67e","name":"thomas.berner","image":{"@type":"ImageObject","inLanguage":"en-US","@id":"https:\/\/secure.gravatar.com\/avatar\/ac5001d2a36cb6c6cd3e50789007ffca834b477b74a2144564522e944eabff61?s=96&d=mm&r=g","url":"https:\/\/secure.gravatar.com\/avatar\/ac5001d2a36cb6c6cd3e50789007ffca834b477b74a2144564522e944eabff61?s=96&d=mm&r=g","contentUrl":"https:\/\/secure.gravatar.com\/avatar\/ac5001d2a36cb6c6cd3e50789007ffca834b477b74a2144564522e944eabff61?s=96&d=mm&r=g","caption":"thomas.berner"},"url":"https:\/\/www.organisator.ch\/en\/author\/thomas-berner\/"}]}},"_links":{"self":[{"href":"https:\/\/www.organisator.ch\/en\/wp-json\/wp\/v2\/posts\/8595","targetHints":{"allow":["GET"]}}],"collection":[{"href":"https:\/\/www.organisator.ch\/en\/wp-json\/wp\/v2\/posts"}],"about":[{"href":"https:\/\/www.organisator.ch\/en\/wp-json\/wp\/v2\/types\/post"}],"author":[{"embeddable":true,"href":"https:\/\/www.organisator.ch\/en\/wp-json\/wp\/v2\/users\/4"}],"replies":[{"embeddable":true,"href":"https:\/\/www.organisator.ch\/en\/wp-json\/wp\/v2\/comments?post=8595"}],"version-history":[{"count":0,"href":"https:\/\/www.organisator.ch\/en\/wp-json\/wp\/v2\/posts\/8595\/revisions"}],"wp:featuredmedia":[{"embeddable":true,"href":"https:\/\/www.organisator.ch\/en\/wp-json\/wp\/v2\/media\/8507"}],"wp:attachment":[{"href":"https:\/\/www.organisator.ch\/en\/wp-json\/wp\/v2\/media?parent=8595"}],"wp:term":[{"taxonomy":"category","embeddable":true,"href":"https:\/\/www.organisator.ch\/en\/wp-json\/wp\/v2\/categories?post=8595"},{"taxonomy":"post_tag","embeddable":true,"href":"https:\/\/www.organisator.ch\/en\/wp-json\/wp\/v2\/tags?post=8595"}],"curies":[{"name":"wp","href":"https:\/\/api.w.org\/{rel}","templated":true}]}}