{"id":8601,"date":"2019-11-27T15:03:48","date_gmt":"2019-11-27T14:03:48","guid":{"rendered":"https:\/\/www.organisator.ch\/?p=6080"},"modified":"2019-11-27T15:03:48","modified_gmt":"2019-11-27T14:03:48","slug":"sesselruecken-in-der-fuehrung-von-schuler-st-jakobskellereien-ag","status":"publish","type":"post","link":"https:\/\/www.organisator.ch\/en\/management\/2019-11-27\/sesselruecken-in-der-fuehrung-von-schuler-st-jakobskellereien-ag\/","title":{"rendered":"Chairback in the management of Schuler St. Jakobskellerei AG"},"content":{"rendered":"<figure id=\"attachment_6082\" aria-describedby=\"caption-attachment-6082\" style=\"width: 680px\" class=\"wp-caption alignnone\"><img loading=\"lazy\" decoding=\"async\" class=\"size-medium wp-image-6082\" src=\"https:\/\/www.organisator.ch\/wp-content\/uploads\/2019\/11\/Sesselruecken-in-der-Fuehrung-von-Schuler-St-Jakobskellerei-AG_Organisator.jpg\" alt=\"\" width=\"680\" height=\"527\" \/><figcaption id=\"caption-attachment-6082\" class=\"wp-caption-text\">Nikolas von Haugwitz takes over operational management at Schuler St. Jakobskellerei AG. (Image: zVg)<\/figcaption><\/figure>\n<p>The Schuler Group and its parent company, St. Jakobskellerei Schuler und Cie. AG, will have new operational management in the person of Nikolas von Haugwitz from December 1, 2019. Nikolas von Haugwitz will become Chairman of the Executive Board of the Group and the wine trading house based in Schwyz. At the parent company, he replaces Peter Delpechitra, who, after eight years as Managing Director, will be appointed to the group level, where he will assume the role of Delegate for Business Development and Strategic Projects. Nikolas von Haugwitz (*1968) has many years of broad experience in the international wine market, in the premium and top-premium segment. He has worked successfully in various management positions and at all levels, most recently as a member of the Board of Management at Hawesko, Hamburg (Hanseatisches Wein- und Sekt- Kontor Hawesko GmbH and Hawesko Holding AG).<\/p>\n<p>At the same time, Schuler is also strengthening itself at a strategic level. Robert Heinzer, Chief Human Resources of the Victorinox Group and its Executive Board member, joins the Board of Directors of the Schuler Group. He is a wine connoisseur at a professional level (WSET 4 - Diploma, University of Geisenheim, Wine Academy AT). Ren\u00e9 Gut, former CEO and owner of Diwisa SA, joins the Board of Directors of the parent company. He is the owner of a consulting company with important European key clients.<\/p>\n<p><em>Source and further information: <a href=\"http:\/\/www.schuler.ch\">www.schuler.ch<\/a><\/em><\/p>","protected":false},"excerpt":{"rendered":"<p>Die Schuler-Gruppe sowie deren Stammhaus, die St. Jakobskellerei Schuler und Cie. AG, erhalten ab dem 1. Dezember 2019 in der Person von Nikolas von Haugwitz eine neue operative F\u00fchrung. Nikolas von Haugwitz wird Vorsitzender der Gesch\u00e4ftsleitung der Gruppe und des Weinhandelshauses mit Sitz in Schwyz. Im Stammhaus l\u00f6st er Peter Delpechitra ab, der nach acht [&hellip;]<\/p>\n","protected":false},"author":4,"featured_media":8517,"comment_status":"closed","ping_status":"closed","sticky":false,"template":"","format":"standard","meta":{"_acf_changed":false,"_yoast_wpseo_focuskw":"Schuler St. Jakobskellerei","_yoast_wpseo_metadesc":"Die Schuler St. Jakobskellerei AG hat einen neuen Vorsitzenden der Gesch\u00e4ftsleitungen sowie neue Verwaltungsr\u00e4te berufen.","articlekey":"","footnotes":""},"categories":[28],"tags":[335,492,513],"class_list":["post-8601","post","type-post","status-publish","format-standard","has-post-thumbnail","hentry","category-management","tag-management-und-unternehmensfuehrung","tag-unternehmen","tag-verwaltungsraete"],"acf":[],"yoast_head":"<!-- This site is optimized with the Yoast SEO plugin v27.5 - https:\/\/yoast.com\/product\/yoast-seo-wordpress\/ -->\n<title>Sesselr\u00fccken in der F\u00fchrung von Schuler St. Jakobskellerei AG - Organisator<\/title>\n<meta name=\"description\" content=\"Die Schuler St. Jakobskellerei AG hat einen neuen Vorsitzenden der Gesch\u00e4ftsleitungen sowie neue Verwaltungsr\u00e4te berufen.\" \/>\n<meta name=\"robots\" content=\"index, follow, max-snippet:-1, max-image-preview:large, max-video-preview:-1\" \/>\n<link rel=\"canonical\" href=\"https:\/\/www.organisator.ch\/en\/management\/2019-11-27\/sesselruecken-in-der-fuehrung-von-schuler-st-jakobskellereien-ag\/\" \/>\n<meta property=\"og:locale\" content=\"en_US\" \/>\n<meta property=\"og:type\" content=\"article\" \/>\n<meta property=\"og:title\" content=\"Sesselr\u00fccken in der F\u00fchrung von Schuler St. Jakobskellerei AG\" \/>\n<meta property=\"og:description\" content=\"Die Schuler St. Jakobskellerei AG hat einen neuen Vorsitzenden der Gesch\u00e4ftsleitungen sowie neue Verwaltungsr\u00e4te berufen.\" \/>\n<meta property=\"og:url\" content=\"https:\/\/www.organisator.ch\/en\/management\/2019-11-27\/sesselruecken-in-der-fuehrung-von-schuler-st-jakobskellereien-ag\/\" \/>\n<meta property=\"og:site_name\" content=\"Organisator\" \/>\n<meta property=\"article:publisher\" content=\"https:\/\/www.facebook.com\/OrganisatorFachmagazin\" \/>\n<meta property=\"article:published_time\" content=\"2019-11-27T14:03:48+00:00\" \/>\n<meta name=\"author\" content=\"thomas.berner\" \/>\n<meta name=\"twitter:card\" content=\"summary_large_image\" \/>\n<meta name=\"twitter:title\" content=\"Sesselr\u00fccken in der F\u00fchrung von #Schuler St. Jakobskellerei AG\" \/>\n<meta name=\"twitter:description\" content=\"Die #Schuler St. Jakobskellerei AG hat einen neuen Vorsitzenden der Gesch\u00e4ftsleitungen sowie neue Verwaltungsr\u00e4te berufen.\" \/>\n<script type=\"application\/ld+json\" class=\"yoast-schema-graph\">{\"@context\":\"https:\\\/\\\/schema.org\",\"@graph\":[{\"@type\":\"Article\",\"@id\":\"https:\\\/\\\/www.organisator.ch\\\/management\\\/2019-11-27\\\/sesselruecken-in-der-fuehrung-von-schuler-st-jakobskellereien-ag\\\/#article\",\"isPartOf\":{\"@id\":\"https:\\\/\\\/www.organisator.ch\\\/management\\\/2019-11-27\\\/sesselruecken-in-der-fuehrung-von-schuler-st-jakobskellereien-ag\\\/\"},\"author\":{\"name\":\"thomas.berner\",\"@id\":\"https:\\\/\\\/www.organisator.ch\\\/#\\\/schema\\\/person\\\/6f650f90b2842cd4c0cc334b4e36f67e\"},\"headline\":\"Sesselr\u00fccken in der F\u00fchrung von Schuler St. Jakobskellerei AG\",\"datePublished\":\"2019-11-27T14:03:48+00:00\",\"mainEntityOfPage\":{\"@id\":\"https:\\\/\\\/www.organisator.ch\\\/management\\\/2019-11-27\\\/sesselruecken-in-der-fuehrung-von-schuler-st-jakobskellereien-ag\\\/\"},\"wordCount\":237,\"publisher\":{\"@id\":\"https:\\\/\\\/www.organisator.ch\\\/#organization\"},\"image\":{\"@id\":\"https:\\\/\\\/www.organisator.ch\\\/management\\\/2019-11-27\\\/sesselruecken-in-der-fuehrung-von-schuler-st-jakobskellereien-ag\\\/#primaryimage\"},\"thumbnailUrl\":\"https:\\\/\\\/www.organisator.ch\\\/wp-content\\\/uploads\\\/2019\\\/11\\\/Sesselruecken-in-der-Fuehrung-von-Schuler-St-Jakobskellerei-AG_Organisator.jpg\",\"keywords\":[\"Management und Unternehmensf\u00fchrung\",\"Unternehmen\",\"Verwaltungsr\u00e4te\"],\"articleSection\":[\"MANAGEMENT\"],\"inLanguage\":\"en-US\"},{\"@type\":\"WebPage\",\"@id\":\"https:\\\/\\\/www.organisator.ch\\\/management\\\/2019-11-27\\\/sesselruecken-in-der-fuehrung-von-schuler-st-jakobskellereien-ag\\\/\",\"url\":\"https:\\\/\\\/www.organisator.ch\\\/management\\\/2019-11-27\\\/sesselruecken-in-der-fuehrung-von-schuler-st-jakobskellereien-ag\\\/\",\"name\":\"Sesselr\u00fccken in der F\u00fchrung von Schuler St. Jakobskellerei AG - Organisator\",\"isPartOf\":{\"@id\":\"https:\\\/\\\/www.organisator.ch\\\/#website\"},\"primaryImageOfPage\":{\"@id\":\"https:\\\/\\\/www.organisator.ch\\\/management\\\/2019-11-27\\\/sesselruecken-in-der-fuehrung-von-schuler-st-jakobskellereien-ag\\\/#primaryimage\"},\"image\":{\"@id\":\"https:\\\/\\\/www.organisator.ch\\\/management\\\/2019-11-27\\\/sesselruecken-in-der-fuehrung-von-schuler-st-jakobskellereien-ag\\\/#primaryimage\"},\"thumbnailUrl\":\"https:\\\/\\\/www.organisator.ch\\\/wp-content\\\/uploads\\\/2019\\\/11\\\/Sesselruecken-in-der-Fuehrung-von-Schuler-St-Jakobskellerei-AG_Organisator.jpg\",\"datePublished\":\"2019-11-27T14:03:48+00:00\",\"description\":\"Die Schuler St. Jakobskellerei AG hat einen neuen Vorsitzenden der Gesch\u00e4ftsleitungen sowie neue Verwaltungsr\u00e4te berufen.\",\"breadcrumb\":{\"@id\":\"https:\\\/\\\/www.organisator.ch\\\/management\\\/2019-11-27\\\/sesselruecken-in-der-fuehrung-von-schuler-st-jakobskellereien-ag\\\/#breadcrumb\"},\"inLanguage\":\"en-US\",\"potentialAction\":[{\"@type\":\"ReadAction\",\"target\":[\"https:\\\/\\\/www.organisator.ch\\\/management\\\/2019-11-27\\\/sesselruecken-in-der-fuehrung-von-schuler-st-jakobskellereien-ag\\\/\"]}]},{\"@type\":\"ImageObject\",\"inLanguage\":\"en-US\",\"@id\":\"https:\\\/\\\/www.organisator.ch\\\/management\\\/2019-11-27\\\/sesselruecken-in-der-fuehrung-von-schuler-st-jakobskellereien-ag\\\/#primaryimage\",\"url\":\"https:\\\/\\\/www.organisator.ch\\\/wp-content\\\/uploads\\\/2019\\\/11\\\/Sesselruecken-in-der-Fuehrung-von-Schuler-St-Jakobskellerei-AG_Organisator.jpg\",\"contentUrl\":\"https:\\\/\\\/www.organisator.ch\\\/wp-content\\\/uploads\\\/2019\\\/11\\\/Sesselruecken-in-der-Fuehrung-von-Schuler-St-Jakobskellerei-AG_Organisator.jpg\",\"width\":680,\"height\":527,\"caption\":\"\u00dcbernimmt neu die operative F\u00fchrung bei Schuler St. Jakobskellerei AG: Nikolas von Haugwitz. (Bild: zVg)\"},{\"@type\":\"BreadcrumbList\",\"@id\":\"https:\\\/\\\/www.organisator.ch\\\/management\\\/2019-11-27\\\/sesselruecken-in-der-fuehrung-von-schuler-st-jakobskellereien-ag\\\/#breadcrumb\",\"itemListElement\":[{\"@type\":\"ListItem\",\"position\":1,\"name\":\"Home\",\"item\":\"https:\\\/\\\/www.organisator.ch\\\/\"},{\"@type\":\"ListItem\",\"position\":2,\"name\":\"Sesselr\u00fccken in der F\u00fchrung von Schuler St. Jakobskellerei AG\"}]},{\"@type\":\"WebSite\",\"@id\":\"https:\\\/\\\/www.organisator.ch\\\/#website\",\"url\":\"https:\\\/\\\/www.organisator.ch\\\/\",\"name\":\"Organisator\",\"description\":\"Kompetent. Praxisnah. Der ORGANISATOR bereitet in 10 Ausgaben pro Jahr die wesentlichen Themen f\u00fcr F\u00fchrungskr\u00e4fte von KMU auf.\",\"publisher\":{\"@id\":\"https:\\\/\\\/www.organisator.ch\\\/#organization\"},\"potentialAction\":[{\"@type\":\"SearchAction\",\"target\":{\"@type\":\"EntryPoint\",\"urlTemplate\":\"https:\\\/\\\/www.organisator.ch\\\/?s={search_term_string}\"},\"query-input\":{\"@type\":\"PropertyValueSpecification\",\"valueRequired\":true,\"valueName\":\"search_term_string\"}}],\"inLanguage\":\"en-US\"},{\"@type\":\"Organization\",\"@id\":\"https:\\\/\\\/www.organisator.ch\\\/#organization\",\"name\":\"Organisator\",\"url\":\"https:\\\/\\\/www.organisator.ch\\\/\",\"logo\":{\"@type\":\"ImageObject\",\"inLanguage\":\"en-US\",\"@id\":\"https:\\\/\\\/www.organisator.ch\\\/#\\\/schema\\\/logo\\\/image\\\/\",\"url\":\"https:\\\/\\\/www.organisator.ch\\\/wp-content\\\/uploads\\\/2022\\\/01\\\/Logo_Organisator_Website.png\",\"contentUrl\":\"https:\\\/\\\/www.organisator.ch\\\/wp-content\\\/uploads\\\/2022\\\/01\\\/Logo_Organisator_Website.png\",\"width\":800,\"height\":77,\"caption\":\"Organisator\"},\"image\":{\"@id\":\"https:\\\/\\\/www.organisator.ch\\\/#\\\/schema\\\/logo\\\/image\\\/\"},\"sameAs\":[\"https:\\\/\\\/www.facebook.com\\\/OrganisatorFachmagazin\",\"https:\\\/\\\/www.linkedin.com\\\/showcase\\\/organisator-das-magazin-fr-kmu\",\"https:\\\/\\\/www.xing.com\\\/news\\\/pages\\\/organisator-ch-695\",\"https:\\\/\\\/www.youtube.com\\\/channel\\\/UCGP2Sq0iWaZwT3BdIAQFYpw\"]},{\"@type\":\"Person\",\"@id\":\"https:\\\/\\\/www.organisator.ch\\\/#\\\/schema\\\/person\\\/6f650f90b2842cd4c0cc334b4e36f67e\",\"name\":\"thomas.berner\",\"image\":{\"@type\":\"ImageObject\",\"inLanguage\":\"en-US\",\"@id\":\"https:\\\/\\\/secure.gravatar.com\\\/avatar\\\/ac5001d2a36cb6c6cd3e50789007ffca834b477b74a2144564522e944eabff61?s=96&d=mm&r=g\",\"url\":\"https:\\\/\\\/secure.gravatar.com\\\/avatar\\\/ac5001d2a36cb6c6cd3e50789007ffca834b477b74a2144564522e944eabff61?s=96&d=mm&r=g\",\"contentUrl\":\"https:\\\/\\\/secure.gravatar.com\\\/avatar\\\/ac5001d2a36cb6c6cd3e50789007ffca834b477b74a2144564522e944eabff61?s=96&d=mm&r=g\",\"caption\":\"thomas.berner\"},\"url\":\"https:\\\/\\\/www.organisator.ch\\\/en\\\/author\\\/thomas-berner\\\/\"}]}<\/script>\n<!-- \/ Yoast SEO plugin. -->","yoast_head_json":{"title":"Armchair back in the leadership of Schuler St. Jakobskellerei AG - organizer","description":"Schuler St. Jakobskellerei AG has appointed a new Chief Executive Officer and new members of the Board of Directors.","robots":{"index":"index","follow":"follow","max-snippet":"max-snippet:-1","max-image-preview":"max-image-preview:large","max-video-preview":"max-video-preview:-1"},"canonical":"https:\/\/www.organisator.ch\/en\/management\/2019-11-27\/sesselruecken-in-der-fuehrung-von-schuler-st-jakobskellereien-ag\/","og_locale":"en_US","og_type":"article","og_title":"Sesselr\u00fccken in der F\u00fchrung von Schuler St. Jakobskellerei AG","og_description":"Die Schuler St. Jakobskellerei AG hat einen neuen Vorsitzenden der Gesch\u00e4ftsleitungen sowie neue Verwaltungsr\u00e4te berufen.","og_url":"https:\/\/www.organisator.ch\/en\/management\/2019-11-27\/sesselruecken-in-der-fuehrung-von-schuler-st-jakobskellereien-ag\/","og_site_name":"Organisator","article_publisher":"https:\/\/www.facebook.com\/OrganisatorFachmagazin","article_published_time":"2019-11-27T14:03:48+00:00","author":"thomas.berner","twitter_card":"summary_large_image","twitter_title":"Sesselr\u00fccken in der F\u00fchrung von #Schuler St. Jakobskellerei AG","twitter_description":"Die #Schuler St. Jakobskellerei AG hat einen neuen Vorsitzenden der Gesch\u00e4ftsleitungen sowie neue Verwaltungsr\u00e4te berufen.","schema":{"@context":"https:\/\/schema.org","@graph":[{"@type":"Article","@id":"https:\/\/www.organisator.ch\/management\/2019-11-27\/sesselruecken-in-der-fuehrung-von-schuler-st-jakobskellereien-ag\/#article","isPartOf":{"@id":"https:\/\/www.organisator.ch\/management\/2019-11-27\/sesselruecken-in-der-fuehrung-von-schuler-st-jakobskellereien-ag\/"},"author":{"name":"thomas.berner","@id":"https:\/\/www.organisator.ch\/#\/schema\/person\/6f650f90b2842cd4c0cc334b4e36f67e"},"headline":"Sesselr\u00fccken in der F\u00fchrung von Schuler St. Jakobskellerei AG","datePublished":"2019-11-27T14:03:48+00:00","mainEntityOfPage":{"@id":"https:\/\/www.organisator.ch\/management\/2019-11-27\/sesselruecken-in-der-fuehrung-von-schuler-st-jakobskellereien-ag\/"},"wordCount":237,"publisher":{"@id":"https:\/\/www.organisator.ch\/#organization"},"image":{"@id":"https:\/\/www.organisator.ch\/management\/2019-11-27\/sesselruecken-in-der-fuehrung-von-schuler-st-jakobskellereien-ag\/#primaryimage"},"thumbnailUrl":"https:\/\/www.organisator.ch\/wp-content\/uploads\/2019\/11\/Sesselruecken-in-der-Fuehrung-von-Schuler-St-Jakobskellerei-AG_Organisator.jpg","keywords":["Management und Unternehmensf\u00fchrung","Unternehmen","Verwaltungsr\u00e4te"],"articleSection":["MANAGEMENT"],"inLanguage":"en-US"},{"@type":"WebPage","@id":"https:\/\/www.organisator.ch\/management\/2019-11-27\/sesselruecken-in-der-fuehrung-von-schuler-st-jakobskellereien-ag\/","url":"https:\/\/www.organisator.ch\/management\/2019-11-27\/sesselruecken-in-der-fuehrung-von-schuler-st-jakobskellereien-ag\/","name":"Armchair back in the leadership of Schuler St. Jakobskellerei AG - organizer","isPartOf":{"@id":"https:\/\/www.organisator.ch\/#website"},"primaryImageOfPage":{"@id":"https:\/\/www.organisator.ch\/management\/2019-11-27\/sesselruecken-in-der-fuehrung-von-schuler-st-jakobskellereien-ag\/#primaryimage"},"image":{"@id":"https:\/\/www.organisator.ch\/management\/2019-11-27\/sesselruecken-in-der-fuehrung-von-schuler-st-jakobskellereien-ag\/#primaryimage"},"thumbnailUrl":"https:\/\/www.organisator.ch\/wp-content\/uploads\/2019\/11\/Sesselruecken-in-der-Fuehrung-von-Schuler-St-Jakobskellerei-AG_Organisator.jpg","datePublished":"2019-11-27T14:03:48+00:00","description":"Schuler St. Jakobskellerei AG has appointed a new Chief Executive Officer and new members of the Board of Directors.","breadcrumb":{"@id":"https:\/\/www.organisator.ch\/management\/2019-11-27\/sesselruecken-in-der-fuehrung-von-schuler-st-jakobskellereien-ag\/#breadcrumb"},"inLanguage":"en-US","potentialAction":[{"@type":"ReadAction","target":["https:\/\/www.organisator.ch\/management\/2019-11-27\/sesselruecken-in-der-fuehrung-von-schuler-st-jakobskellereien-ag\/"]}]},{"@type":"ImageObject","inLanguage":"en-US","@id":"https:\/\/www.organisator.ch\/management\/2019-11-27\/sesselruecken-in-der-fuehrung-von-schuler-st-jakobskellereien-ag\/#primaryimage","url":"https:\/\/www.organisator.ch\/wp-content\/uploads\/2019\/11\/Sesselruecken-in-der-Fuehrung-von-Schuler-St-Jakobskellerei-AG_Organisator.jpg","contentUrl":"https:\/\/www.organisator.ch\/wp-content\/uploads\/2019\/11\/Sesselruecken-in-der-Fuehrung-von-Schuler-St-Jakobskellerei-AG_Organisator.jpg","width":680,"height":527,"caption":"\u00dcbernimmt neu die operative F\u00fchrung bei Schuler St. Jakobskellerei AG: Nikolas von Haugwitz. (Bild: zVg)"},{"@type":"BreadcrumbList","@id":"https:\/\/www.organisator.ch\/management\/2019-11-27\/sesselruecken-in-der-fuehrung-von-schuler-st-jakobskellereien-ag\/#breadcrumb","itemListElement":[{"@type":"ListItem","position":1,"name":"Home","item":"https:\/\/www.organisator.ch\/"},{"@type":"ListItem","position":2,"name":"Sesselr\u00fccken in der F\u00fchrung von Schuler St. Jakobskellerei AG"}]},{"@type":"WebSite","@id":"https:\/\/www.organisator.ch\/#website","url":"https:\/\/www.organisator.ch\/","name":"Organizer","description":"Competent. Practical. In 10 issues per year, ORGANISATOR presents the essential topics for managers of SMEs.","publisher":{"@id":"https:\/\/www.organisator.ch\/#organization"},"potentialAction":[{"@type":"SearchAction","target":{"@type":"EntryPoint","urlTemplate":"https:\/\/www.organisator.ch\/?s={search_term_string}"},"query-input":{"@type":"PropertyValueSpecification","valueRequired":true,"valueName":"search_term_string"}}],"inLanguage":"en-US"},{"@type":"Organization","@id":"https:\/\/www.organisator.ch\/#organization","name":"Organizer","url":"https:\/\/www.organisator.ch\/","logo":{"@type":"ImageObject","inLanguage":"en-US","@id":"https:\/\/www.organisator.ch\/#\/schema\/logo\/image\/","url":"https:\/\/www.organisator.ch\/wp-content\/uploads\/2022\/01\/Logo_Organisator_Website.png","contentUrl":"https:\/\/www.organisator.ch\/wp-content\/uploads\/2022\/01\/Logo_Organisator_Website.png","width":800,"height":77,"caption":"Organisator"},"image":{"@id":"https:\/\/www.organisator.ch\/#\/schema\/logo\/image\/"},"sameAs":["https:\/\/www.facebook.com\/OrganisatorFachmagazin","https:\/\/www.linkedin.com\/showcase\/organisator-das-magazin-fr-kmu","https:\/\/www.xing.com\/news\/pages\/organisator-ch-695","https:\/\/www.youtube.com\/channel\/UCGP2Sq0iWaZwT3BdIAQFYpw"]},{"@type":"Person","@id":"https:\/\/www.organisator.ch\/#\/schema\/person\/6f650f90b2842cd4c0cc334b4e36f67e","name":"thomas.berner","image":{"@type":"ImageObject","inLanguage":"en-US","@id":"https:\/\/secure.gravatar.com\/avatar\/ac5001d2a36cb6c6cd3e50789007ffca834b477b74a2144564522e944eabff61?s=96&d=mm&r=g","url":"https:\/\/secure.gravatar.com\/avatar\/ac5001d2a36cb6c6cd3e50789007ffca834b477b74a2144564522e944eabff61?s=96&d=mm&r=g","contentUrl":"https:\/\/secure.gravatar.com\/avatar\/ac5001d2a36cb6c6cd3e50789007ffca834b477b74a2144564522e944eabff61?s=96&d=mm&r=g","caption":"thomas.berner"},"url":"https:\/\/www.organisator.ch\/en\/author\/thomas-berner\/"}]}},"_links":{"self":[{"href":"https:\/\/www.organisator.ch\/en\/wp-json\/wp\/v2\/posts\/8601","targetHints":{"allow":["GET"]}}],"collection":[{"href":"https:\/\/www.organisator.ch\/en\/wp-json\/wp\/v2\/posts"}],"about":[{"href":"https:\/\/www.organisator.ch\/en\/wp-json\/wp\/v2\/types\/post"}],"author":[{"embeddable":true,"href":"https:\/\/www.organisator.ch\/en\/wp-json\/wp\/v2\/users\/4"}],"replies":[{"embeddable":true,"href":"https:\/\/www.organisator.ch\/en\/wp-json\/wp\/v2\/comments?post=8601"}],"version-history":[{"count":0,"href":"https:\/\/www.organisator.ch\/en\/wp-json\/wp\/v2\/posts\/8601\/revisions"}],"wp:featuredmedia":[{"embeddable":true,"href":"https:\/\/www.organisator.ch\/en\/wp-json\/wp\/v2\/media\/8517"}],"wp:attachment":[{"href":"https:\/\/www.organisator.ch\/en\/wp-json\/wp\/v2\/media?parent=8601"}],"wp:term":[{"taxonomy":"category","embeddable":true,"href":"https:\/\/www.organisator.ch\/en\/wp-json\/wp\/v2\/categories?post=8601"},{"taxonomy":"post_tag","embeddable":true,"href":"https:\/\/www.organisator.ch\/en\/wp-json\/wp\/v2\/tags?post=8601"}],"curies":[{"name":"wp","href":"https:\/\/api.w.org\/{rel}","templated":true}]}}