{"id":8603,"date":"2019-11-29T09:31:40","date_gmt":"2019-11-29T08:31:40","guid":{"rendered":"https:\/\/www.organisator.ch\/?p=6087"},"modified":"2019-11-29T09:31:40","modified_gmt":"2019-11-29T08:31:40","slug":"die-haering-gruppe-gewinnt-den-prix-svc-nordschweiz-2019","status":"publish","type":"post","link":"https:\/\/www.organisator.ch\/en\/management\/2019-11-29\/die-haering-gruppe-gewinnt-den-prix-svc-nordschweiz-2019\/","title":{"rendered":"The H\u00e4ring Group wins the Prix SVC Northern Switzerland 2019"},"content":{"rendered":"<figure id=\"attachment_6088\" aria-describedby=\"caption-attachment-6088\" style=\"width: 680px\" class=\"wp-caption alignnone\"><img loading=\"lazy\" decoding=\"async\" class=\"size-medium wp-image-6088\" src=\"https:\/\/www.organisator.ch\/wp-content\/uploads\/2019\/11\/Die-Haering-Gruppe-gewinnt-den-Prix-SVC-Nordschweiz-2019-1_Organisator.jpg\" alt=\"\" width=\"680\" height=\"474\" \/><figcaption id=\"caption-attachment-6088\" class=\"wp-caption-text\">Christoph H\u00e4ring, owner and VRP of the H\u00e4ring Group, with the winner trophy of the Prix SVC Nordschweiz 2019. Right: SVC President Andreas Gerber. (Image: Thomas Berner)<\/figcaption><\/figure>\n<p>They have become a tradition in seven economic regions of Switzerland: the awarding of the Prix SVC by the Swiss Venture Club (SVC). This independent association of companies for entrepreneurs has set itself the goal of supporting the Swiss economy as a driving force. Every two years in the seven economic regions of Espace Mittelland, Central Switzerland, Eastern Switzerland, Zurich, Ticino, French-speaking Switzerland and most recently on November 28, 2019 in the region of Northern Switzerland, SMEs are honored that stand out for their special economic achievements. The traditionally festive and exciting event, which was hosted by Nubya and Dani von Wattenwyl, was attended by around 1,200 guests from politics, business and culture. They made the award ceremony an important meeting point for the business community in northern Switzerland.<\/p>\n<h2>Close decision at the Prix SVC Nordschweiz 2019<\/h2>\n<p>The winner of the 9th Prix SVC Nordschweiz was the timber construction general contractor H\u00e4ring-Gruppe, based in Eiken, Aargau. The online retailer Brack.ch was ranked second and the IT company BSI Business Integration Systems AG third. The diploma rank is shared by Burckhardt + Partner AG (architecture), Solvias AG (pharmaceutical contract research) and Zaugg Maschinenbau AG. These six award winners were first put through their paces by the jury in a multi-stage selection process from over 100 companies. In an interview with moderator Dani von Wattenwyl, jury president Willy Gl\u00e4ser revealed that the final selection was a close-run thing this time. Each finalist was ranked first at least once by individual jury members; this has never happened before in this form.<\/p>\n<figure id=\"attachment_6089\" aria-describedby=\"caption-attachment-6089\" style=\"width: 680px\" class=\"wp-caption alignnone\"><img loading=\"lazy\" decoding=\"async\" class=\"size-medium wp-image-6089\" src=\"https:\/\/www.organisator.ch\/wp-content\/uploads\/2019\/11\/Die-Haering-Gruppe-gewinnt-den-Prix-SVC-Nordschweiz-2019-3_Organisator.jpg\" alt=\"\" width=\"680\" height=\"412\" \/><figcaption id=\"caption-attachment-6089\" class=\"wp-caption-text\">Jury president Willy Gl\u00e4ser, interviewed by moderator Dani von Wattenwyl. (Image: Thomas Berner)<\/figcaption><\/figure>\n<h2>Wood - the most modern building material<\/h2>\n<p>Christoph H\u00e4ring, owner and CEO of the H\u00e4ring Group, and Marc Isler, CEO of Brack.ch AG, took the stage at the end. Both were outwardly calm, but a certain tension was evident. \"I can assess the situation,\" Christoph H\u00e4ring quipped in response to Dani von Wattenwyl's question about how he felt. He said he was preparing for second place. The surprise was all the greater when SVC President Andreas Gerber read out the H\u00e4ring Group as the winner... In the subsequent laudation, SVC Northern Switzerland Regional Director and jury member Bernhard B. Fischer emphasized: \"The prize is also an award to Christoph H\u00e4ring for his life's work. By living entrepreneurship, he has always led the H\u00e4ring Group successfully - even through difficult times.\" Founded in 1879, the family business is now run by the fifth generation and employs 130 people. H\u00e4ring develops and produces new products, processes and business models using wood as a sustainable building material. From single-family homes to high-rise buildings, from bridges to industrial buildings - both nationally and internationally. Well-known buildings include Europe's largest wooden dome for the Rhine saltworks, the \"wave\" at Bern's main train station, and a Buddhist temple complex in China. With the latest business idea \"Attico\", a possibility to equip flat-roof houses with additional floors in lightweight wood construction, the company also contributes to the trend of dense building.<\/p>\n<figure id=\"attachment_6090\" aria-describedby=\"caption-attachment-6090\" style=\"width: 680px\" class=\"wp-caption alignnone\"><img loading=\"lazy\" decoding=\"async\" class=\"size-medium wp-image-6090\" src=\"https:\/\/www.organisator.ch\/wp-content\/uploads\/2019\/11\/Die-Haering-Gruppe-gewinnt-den-Prix-SVC-Nordschweiz-2019-2_Organisator.jpg\" alt=\"\" width=\"680\" height=\"452\" \/><figcaption id=\"caption-attachment-6090\" class=\"wp-caption-text\">The big moment: The announcement of the winner of the Prix SVC Nordschweiz 2019: From left to right Andreas Gerber (President SVC), Dani von Wattenwyl (presenter), Christoph H\u00e4ring (H\u00e4ring Group), Marc Isler (Brack.ch AG, 2nd place), Nubya (presenter and singer). (Image: Thomas Berner)<\/figcaption><\/figure>\n<h2>Brack.ch and BSI Business Systems Integration on the podiums<\/h2>\n<p>Due to its nationwide fame, some in the audience had probably bet on Brack.ch AG as the winner. For Switzerland's largest independent online store, founded in 1994 by Roland Brack, CEO Marc Isler, who represented the founder who was absent due to illness, was able to accept the second prize. Bronze was awarded to the owner-managed BSI Business Systems Integration AG from Baden. The software company with a total of eight locations in Switzerland and Germany offers smart industry solutions for retail, banking, insurance and life science, which are convincing as user-friendly helpers. The company specializes in software for CRM and marketing automation based on innovative technologies.<\/p>\n<figure id=\"attachment_6091\" aria-describedby=\"caption-attachment-6091\" style=\"width: 680px\" class=\"wp-caption alignnone\"><img loading=\"lazy\" decoding=\"async\" class=\"size-medium wp-image-6091\" src=\"https:\/\/www.organisator.ch\/wp-content\/uploads\/2019\/11\/Die-Haering-Gruppe-gewinnt-den-Prix-SVC-Nordschweiz-2019-4_Organisator.jpg\" alt=\"\" width=\"680\" height=\"452\" \/><figcaption id=\"caption-attachment-6091\" class=\"wp-caption-text\">Represented this year's finalists on November 28, 2019 in Basel: From left to right Marc Isler (Brack.ch AG), Markus Brunold (BSI Business Integration Systems AG), Samuel Schultze (Burckhardt + Partner AG), Christoph H\u00e4ring (H\u00e4ring Group), Karen H\u00fcbscher (Solvias AG) and Toni Zaugg (Zaugg Maschinenbau AG). On the far left Bernhard B. Fischer, regional manager SVC Northern Switzerland. (Picture: Thomas Berner)<\/figcaption><\/figure>\n<p><em>More information: <a href=\"http:\/\/www.swiss-venture-club.ch\">Swiss Venture Club<\/a><\/em><\/p>","protected":false},"excerpt":{"rendered":"<p>Sie haben Tradition in sieben Wirtschaftsregionen der Schweiz: die Verleihungen des Prix SVC durch den Swiss Venture Club (SVC). Dieser unabh\u00e4ngige Verein von Unternehmen f\u00fcr Unternehmer hat sich zum Ziel gemacht, als treibende Kraft die Schweizer Wirtschaft zu unterst\u00fctzen. Jeweils alle zwei Jahre werden in den sieben Wirtschaftsregionen Espace Mittelland, Zentralschweiz, Ostschweiz, Z\u00fcrich, Tessin, Romandie [&hellip;]<\/p>\n","protected":false},"author":4,"featured_media":8521,"comment_status":"closed","ping_status":"closed","sticky":false,"template":"","format":"standard","meta":{"_acf_changed":false,"_yoast_wpseo_focuskw":"H\u00e4ring-Gruppe","_yoast_wpseo_metadesc":"Der Prix SVC Nordschweiz 2019 geht an die H\u00e4ring-Gruppe. BRACK.CH AG und BSI Business Systems Integration AG klassieren sich ebenfalls auf dem Podest.","articlekey":"","footnotes":""},"categories":[28],"tags":[66,335,492,504],"class_list":["post-8603","post","type-post","status-publish","format-standard","has-post-thumbnail","hentry","category-management","tag-awards","tag-management-und-unternehmensfuehrung","tag-unternehmen","tag-vereine"],"acf":[],"yoast_head":"<!-- This site is optimized with the Yoast SEO plugin v27.4 - https:\/\/yoast.com\/product\/yoast-seo-wordpress\/ -->\n<title>Die H\u00e4ring-Gruppe gewinnt den Prix SVC Nordschweiz 2019 - Organisator<\/title>\n<meta name=\"description\" content=\"Der Prix SVC Nordschweiz 2019 geht an die H\u00e4ring-Gruppe. BRACK.CH AG und BSI Business Systems Integration AG klassieren sich ebenfalls auf dem Podest.\" \/>\n<meta name=\"robots\" content=\"index, follow, max-snippet:-1, max-image-preview:large, max-video-preview:-1\" \/>\n<link rel=\"canonical\" href=\"https:\/\/www.organisator.ch\/en\/management\/2019-11-29\/die-haering-gruppe-gewinnt-den-prix-svc-nordschweiz-2019\/\" \/>\n<meta property=\"og:locale\" content=\"en_US\" \/>\n<meta property=\"og:type\" content=\"article\" \/>\n<meta property=\"og:title\" content=\"Die H\u00e4ring-Gruppe gewinnt den Prix SVC Nordschweiz 2019\" \/>\n<meta property=\"og:description\" content=\"Der Prix SVC Nordschweiz 2019 geht an die H\u00e4ring-Gruppe. BRACK.CH AG und BSI Business Systems Integration AG klassieren sich ebenfalls auf dem Podest.\" \/>\n<meta property=\"og:url\" content=\"https:\/\/www.organisator.ch\/en\/management\/2019-11-29\/die-haering-gruppe-gewinnt-den-prix-svc-nordschweiz-2019\/\" \/>\n<meta property=\"og:site_name\" content=\"Organisator\" \/>\n<meta property=\"article:publisher\" content=\"https:\/\/www.facebook.com\/OrganisatorFachmagazin\" \/>\n<meta property=\"article:published_time\" content=\"2019-11-29T08:31:40+00:00\" \/>\n<meta name=\"author\" content=\"thomas.berner\" \/>\n<meta name=\"twitter:card\" content=\"summary_large_image\" \/>\n<meta name=\"twitter:title\" content=\"Die H\u00e4ring-Gruppe gewinnt den Prix #SVC Nordschweiz 2019\" \/>\n<meta name=\"twitter:description\" content=\"Der Prix SVC Nordschweiz 2019 geht an die #H\u00e4ring-Gruppe. #BRACK.CH AG und #BSI Business Systems Integration AG klassieren sich ebenfalls auf dem Podest.\" \/>\n<script type=\"application\/ld+json\" class=\"yoast-schema-graph\">{\"@context\":\"https:\\\/\\\/schema.org\",\"@graph\":[{\"@type\":\"Article\",\"@id\":\"https:\\\/\\\/www.organisator.ch\\\/management\\\/2019-11-29\\\/die-haering-gruppe-gewinnt-den-prix-svc-nordschweiz-2019\\\/#article\",\"isPartOf\":{\"@id\":\"https:\\\/\\\/www.organisator.ch\\\/management\\\/2019-11-29\\\/die-haering-gruppe-gewinnt-den-prix-svc-nordschweiz-2019\\\/\"},\"author\":{\"name\":\"thomas.berner\",\"@id\":\"https:\\\/\\\/www.organisator.ch\\\/#\\\/schema\\\/person\\\/6f650f90b2842cd4c0cc334b4e36f67e\"},\"headline\":\"Die H\u00e4ring-Gruppe gewinnt den Prix SVC Nordschweiz 2019\",\"datePublished\":\"2019-11-29T08:31:40+00:00\",\"mainEntityOfPage\":{\"@id\":\"https:\\\/\\\/www.organisator.ch\\\/management\\\/2019-11-29\\\/die-haering-gruppe-gewinnt-den-prix-svc-nordschweiz-2019\\\/\"},\"wordCount\":774,\"publisher\":{\"@id\":\"https:\\\/\\\/www.organisator.ch\\\/#organization\"},\"image\":{\"@id\":\"https:\\\/\\\/www.organisator.ch\\\/management\\\/2019-11-29\\\/die-haering-gruppe-gewinnt-den-prix-svc-nordschweiz-2019\\\/#primaryimage\"},\"thumbnailUrl\":\"https:\\\/\\\/www.organisator.ch\\\/wp-content\\\/uploads\\\/2019\\\/11\\\/Die-Haering-Gruppe-gewinnt-den-Prix-SVC-Nordschweiz-2019-2_Organisator.jpg\",\"keywords\":[\"Awards\",\"Management und Unternehmensf\u00fchrung\",\"Unternehmen\",\"Vereine\"],\"articleSection\":[\"MANAGEMENT\"],\"inLanguage\":\"en-US\"},{\"@type\":\"WebPage\",\"@id\":\"https:\\\/\\\/www.organisator.ch\\\/management\\\/2019-11-29\\\/die-haering-gruppe-gewinnt-den-prix-svc-nordschweiz-2019\\\/\",\"url\":\"https:\\\/\\\/www.organisator.ch\\\/management\\\/2019-11-29\\\/die-haering-gruppe-gewinnt-den-prix-svc-nordschweiz-2019\\\/\",\"name\":\"Die H\u00e4ring-Gruppe gewinnt den Prix SVC Nordschweiz 2019 - Organisator\",\"isPartOf\":{\"@id\":\"https:\\\/\\\/www.organisator.ch\\\/#website\"},\"primaryImageOfPage\":{\"@id\":\"https:\\\/\\\/www.organisator.ch\\\/management\\\/2019-11-29\\\/die-haering-gruppe-gewinnt-den-prix-svc-nordschweiz-2019\\\/#primaryimage\"},\"image\":{\"@id\":\"https:\\\/\\\/www.organisator.ch\\\/management\\\/2019-11-29\\\/die-haering-gruppe-gewinnt-den-prix-svc-nordschweiz-2019\\\/#primaryimage\"},\"thumbnailUrl\":\"https:\\\/\\\/www.organisator.ch\\\/wp-content\\\/uploads\\\/2019\\\/11\\\/Die-Haering-Gruppe-gewinnt-den-Prix-SVC-Nordschweiz-2019-2_Organisator.jpg\",\"datePublished\":\"2019-11-29T08:31:40+00:00\",\"description\":\"Der Prix SVC Nordschweiz 2019 geht an die H\u00e4ring-Gruppe. BRACK.CH AG und BSI Business Systems Integration AG klassieren sich ebenfalls auf dem Podest.\",\"breadcrumb\":{\"@id\":\"https:\\\/\\\/www.organisator.ch\\\/management\\\/2019-11-29\\\/die-haering-gruppe-gewinnt-den-prix-svc-nordschweiz-2019\\\/#breadcrumb\"},\"inLanguage\":\"en-US\",\"potentialAction\":[{\"@type\":\"ReadAction\",\"target\":[\"https:\\\/\\\/www.organisator.ch\\\/management\\\/2019-11-29\\\/die-haering-gruppe-gewinnt-den-prix-svc-nordschweiz-2019\\\/\"]}]},{\"@type\":\"ImageObject\",\"inLanguage\":\"en-US\",\"@id\":\"https:\\\/\\\/www.organisator.ch\\\/management\\\/2019-11-29\\\/die-haering-gruppe-gewinnt-den-prix-svc-nordschweiz-2019\\\/#primaryimage\",\"url\":\"https:\\\/\\\/www.organisator.ch\\\/wp-content\\\/uploads\\\/2019\\\/11\\\/Die-Haering-Gruppe-gewinnt-den-Prix-SVC-Nordschweiz-2019-2_Organisator.jpg\",\"contentUrl\":\"https:\\\/\\\/www.organisator.ch\\\/wp-content\\\/uploads\\\/2019\\\/11\\\/Die-Haering-Gruppe-gewinnt-den-Prix-SVC-Nordschweiz-2019-2_Organisator.jpg\",\"width\":680,\"height\":452,\"caption\":\"Der grosse Moment: Die Verk\u00fcndung des Gewinners des Prix SVC Nordschweiz 2019: (Bild: Thomas Berner)\"},{\"@type\":\"BreadcrumbList\",\"@id\":\"https:\\\/\\\/www.organisator.ch\\\/management\\\/2019-11-29\\\/die-haering-gruppe-gewinnt-den-prix-svc-nordschweiz-2019\\\/#breadcrumb\",\"itemListElement\":[{\"@type\":\"ListItem\",\"position\":1,\"name\":\"Home\",\"item\":\"https:\\\/\\\/www.organisator.ch\\\/\"},{\"@type\":\"ListItem\",\"position\":2,\"name\":\"Die H\u00e4ring-Gruppe gewinnt den Prix SVC Nordschweiz 2019\"}]},{\"@type\":\"WebSite\",\"@id\":\"https:\\\/\\\/www.organisator.ch\\\/#website\",\"url\":\"https:\\\/\\\/www.organisator.ch\\\/\",\"name\":\"Organisator\",\"description\":\"Kompetent. Praxisnah. Der ORGANISATOR bereitet in 10 Ausgaben pro Jahr die wesentlichen Themen f\u00fcr F\u00fchrungskr\u00e4fte von KMU auf.\",\"publisher\":{\"@id\":\"https:\\\/\\\/www.organisator.ch\\\/#organization\"},\"potentialAction\":[{\"@type\":\"SearchAction\",\"target\":{\"@type\":\"EntryPoint\",\"urlTemplate\":\"https:\\\/\\\/www.organisator.ch\\\/?s={search_term_string}\"},\"query-input\":{\"@type\":\"PropertyValueSpecification\",\"valueRequired\":true,\"valueName\":\"search_term_string\"}}],\"inLanguage\":\"en-US\"},{\"@type\":\"Organization\",\"@id\":\"https:\\\/\\\/www.organisator.ch\\\/#organization\",\"name\":\"Organisator\",\"url\":\"https:\\\/\\\/www.organisator.ch\\\/\",\"logo\":{\"@type\":\"ImageObject\",\"inLanguage\":\"en-US\",\"@id\":\"https:\\\/\\\/www.organisator.ch\\\/#\\\/schema\\\/logo\\\/image\\\/\",\"url\":\"https:\\\/\\\/www.organisator.ch\\\/wp-content\\\/uploads\\\/2022\\\/01\\\/Logo_Organisator_Website.png\",\"contentUrl\":\"https:\\\/\\\/www.organisator.ch\\\/wp-content\\\/uploads\\\/2022\\\/01\\\/Logo_Organisator_Website.png\",\"width\":800,\"height\":77,\"caption\":\"Organisator\"},\"image\":{\"@id\":\"https:\\\/\\\/www.organisator.ch\\\/#\\\/schema\\\/logo\\\/image\\\/\"},\"sameAs\":[\"https:\\\/\\\/www.facebook.com\\\/OrganisatorFachmagazin\",\"https:\\\/\\\/www.linkedin.com\\\/showcase\\\/organisator-das-magazin-fr-kmu\",\"https:\\\/\\\/www.xing.com\\\/news\\\/pages\\\/organisator-ch-695\",\"https:\\\/\\\/www.youtube.com\\\/channel\\\/UCGP2Sq0iWaZwT3BdIAQFYpw\"]},{\"@type\":\"Person\",\"@id\":\"https:\\\/\\\/www.organisator.ch\\\/#\\\/schema\\\/person\\\/6f650f90b2842cd4c0cc334b4e36f67e\",\"name\":\"thomas.berner\",\"image\":{\"@type\":\"ImageObject\",\"inLanguage\":\"en-US\",\"@id\":\"https:\\\/\\\/secure.gravatar.com\\\/avatar\\\/ac5001d2a36cb6c6cd3e50789007ffca834b477b74a2144564522e944eabff61?s=96&d=mm&r=g\",\"url\":\"https:\\\/\\\/secure.gravatar.com\\\/avatar\\\/ac5001d2a36cb6c6cd3e50789007ffca834b477b74a2144564522e944eabff61?s=96&d=mm&r=g\",\"contentUrl\":\"https:\\\/\\\/secure.gravatar.com\\\/avatar\\\/ac5001d2a36cb6c6cd3e50789007ffca834b477b74a2144564522e944eabff61?s=96&d=mm&r=g\",\"caption\":\"thomas.berner\"},\"url\":\"https:\\\/\\\/www.organisator.ch\\\/en\\\/author\\\/thomas-berner\\\/\"}]}<\/script>\n<!-- \/ Yoast SEO plugin. -->","yoast_head_json":{"title":"The H\u00e4ring Group wins the Prix SVC Nordschweiz 2019 - Organizer","description":"The Prix SVC Northern Switzerland 2019 goes to the H\u00e4ring Group. BRACK.CH AG and BSI Business Systems Integration AG are also on the podium.","robots":{"index":"index","follow":"follow","max-snippet":"max-snippet:-1","max-image-preview":"max-image-preview:large","max-video-preview":"max-video-preview:-1"},"canonical":"https:\/\/www.organisator.ch\/en\/management\/2019-11-29\/die-haering-gruppe-gewinnt-den-prix-svc-nordschweiz-2019\/","og_locale":"en_US","og_type":"article","og_title":"Die H\u00e4ring-Gruppe gewinnt den Prix SVC Nordschweiz 2019","og_description":"Der Prix SVC Nordschweiz 2019 geht an die H\u00e4ring-Gruppe. BRACK.CH AG und BSI Business Systems Integration AG klassieren sich ebenfalls auf dem Podest.","og_url":"https:\/\/www.organisator.ch\/en\/management\/2019-11-29\/die-haering-gruppe-gewinnt-den-prix-svc-nordschweiz-2019\/","og_site_name":"Organisator","article_publisher":"https:\/\/www.facebook.com\/OrganisatorFachmagazin","article_published_time":"2019-11-29T08:31:40+00:00","author":"thomas.berner","twitter_card":"summary_large_image","twitter_title":"Die H\u00e4ring-Gruppe gewinnt den Prix #SVC Nordschweiz 2019","twitter_description":"Der Prix SVC Nordschweiz 2019 geht an die #H\u00e4ring-Gruppe. #BRACK.CH AG und #BSI Business Systems Integration AG klassieren sich ebenfalls auf dem Podest.","schema":{"@context":"https:\/\/schema.org","@graph":[{"@type":"Article","@id":"https:\/\/www.organisator.ch\/management\/2019-11-29\/die-haering-gruppe-gewinnt-den-prix-svc-nordschweiz-2019\/#article","isPartOf":{"@id":"https:\/\/www.organisator.ch\/management\/2019-11-29\/die-haering-gruppe-gewinnt-den-prix-svc-nordschweiz-2019\/"},"author":{"name":"thomas.berner","@id":"https:\/\/www.organisator.ch\/#\/schema\/person\/6f650f90b2842cd4c0cc334b4e36f67e"},"headline":"Die H\u00e4ring-Gruppe gewinnt den Prix SVC Nordschweiz 2019","datePublished":"2019-11-29T08:31:40+00:00","mainEntityOfPage":{"@id":"https:\/\/www.organisator.ch\/management\/2019-11-29\/die-haering-gruppe-gewinnt-den-prix-svc-nordschweiz-2019\/"},"wordCount":774,"publisher":{"@id":"https:\/\/www.organisator.ch\/#organization"},"image":{"@id":"https:\/\/www.organisator.ch\/management\/2019-11-29\/die-haering-gruppe-gewinnt-den-prix-svc-nordschweiz-2019\/#primaryimage"},"thumbnailUrl":"https:\/\/www.organisator.ch\/wp-content\/uploads\/2019\/11\/Die-Haering-Gruppe-gewinnt-den-Prix-SVC-Nordschweiz-2019-2_Organisator.jpg","keywords":["Awards","Management und Unternehmensf\u00fchrung","Unternehmen","Vereine"],"articleSection":["MANAGEMENT"],"inLanguage":"en-US"},{"@type":"WebPage","@id":"https:\/\/www.organisator.ch\/management\/2019-11-29\/die-haering-gruppe-gewinnt-den-prix-svc-nordschweiz-2019\/","url":"https:\/\/www.organisator.ch\/management\/2019-11-29\/die-haering-gruppe-gewinnt-den-prix-svc-nordschweiz-2019\/","name":"The H\u00e4ring Group wins the Prix SVC Nordschweiz 2019 - Organizer","isPartOf":{"@id":"https:\/\/www.organisator.ch\/#website"},"primaryImageOfPage":{"@id":"https:\/\/www.organisator.ch\/management\/2019-11-29\/die-haering-gruppe-gewinnt-den-prix-svc-nordschweiz-2019\/#primaryimage"},"image":{"@id":"https:\/\/www.organisator.ch\/management\/2019-11-29\/die-haering-gruppe-gewinnt-den-prix-svc-nordschweiz-2019\/#primaryimage"},"thumbnailUrl":"https:\/\/www.organisator.ch\/wp-content\/uploads\/2019\/11\/Die-Haering-Gruppe-gewinnt-den-Prix-SVC-Nordschweiz-2019-2_Organisator.jpg","datePublished":"2019-11-29T08:31:40+00:00","description":"The Prix SVC Northern Switzerland 2019 goes to the H\u00e4ring Group. BRACK.CH AG and BSI Business Systems Integration AG are also on the podium.","breadcrumb":{"@id":"https:\/\/www.organisator.ch\/management\/2019-11-29\/die-haering-gruppe-gewinnt-den-prix-svc-nordschweiz-2019\/#breadcrumb"},"inLanguage":"en-US","potentialAction":[{"@type":"ReadAction","target":["https:\/\/www.organisator.ch\/management\/2019-11-29\/die-haering-gruppe-gewinnt-den-prix-svc-nordschweiz-2019\/"]}]},{"@type":"ImageObject","inLanguage":"en-US","@id":"https:\/\/www.organisator.ch\/management\/2019-11-29\/die-haering-gruppe-gewinnt-den-prix-svc-nordschweiz-2019\/#primaryimage","url":"https:\/\/www.organisator.ch\/wp-content\/uploads\/2019\/11\/Die-Haering-Gruppe-gewinnt-den-Prix-SVC-Nordschweiz-2019-2_Organisator.jpg","contentUrl":"https:\/\/www.organisator.ch\/wp-content\/uploads\/2019\/11\/Die-Haering-Gruppe-gewinnt-den-Prix-SVC-Nordschweiz-2019-2_Organisator.jpg","width":680,"height":452,"caption":"Der grosse Moment: Die Verk\u00fcndung des Gewinners des Prix SVC Nordschweiz 2019: (Bild: Thomas Berner)"},{"@type":"BreadcrumbList","@id":"https:\/\/www.organisator.ch\/management\/2019-11-29\/die-haering-gruppe-gewinnt-den-prix-svc-nordschweiz-2019\/#breadcrumb","itemListElement":[{"@type":"ListItem","position":1,"name":"Home","item":"https:\/\/www.organisator.ch\/"},{"@type":"ListItem","position":2,"name":"Die H\u00e4ring-Gruppe gewinnt den Prix SVC Nordschweiz 2019"}]},{"@type":"WebSite","@id":"https:\/\/www.organisator.ch\/#website","url":"https:\/\/www.organisator.ch\/","name":"Organizer","description":"Competent. Practical. In 10 issues per year, ORGANISATOR presents the essential topics for managers of SMEs.","publisher":{"@id":"https:\/\/www.organisator.ch\/#organization"},"potentialAction":[{"@type":"SearchAction","target":{"@type":"EntryPoint","urlTemplate":"https:\/\/www.organisator.ch\/?s={search_term_string}"},"query-input":{"@type":"PropertyValueSpecification","valueRequired":true,"valueName":"search_term_string"}}],"inLanguage":"en-US"},{"@type":"Organization","@id":"https:\/\/www.organisator.ch\/#organization","name":"Organizer","url":"https:\/\/www.organisator.ch\/","logo":{"@type":"ImageObject","inLanguage":"en-US","@id":"https:\/\/www.organisator.ch\/#\/schema\/logo\/image\/","url":"https:\/\/www.organisator.ch\/wp-content\/uploads\/2022\/01\/Logo_Organisator_Website.png","contentUrl":"https:\/\/www.organisator.ch\/wp-content\/uploads\/2022\/01\/Logo_Organisator_Website.png","width":800,"height":77,"caption":"Organisator"},"image":{"@id":"https:\/\/www.organisator.ch\/#\/schema\/logo\/image\/"},"sameAs":["https:\/\/www.facebook.com\/OrganisatorFachmagazin","https:\/\/www.linkedin.com\/showcase\/organisator-das-magazin-fr-kmu","https:\/\/www.xing.com\/news\/pages\/organisator-ch-695","https:\/\/www.youtube.com\/channel\/UCGP2Sq0iWaZwT3BdIAQFYpw"]},{"@type":"Person","@id":"https:\/\/www.organisator.ch\/#\/schema\/person\/6f650f90b2842cd4c0cc334b4e36f67e","name":"thomas.berner","image":{"@type":"ImageObject","inLanguage":"en-US","@id":"https:\/\/secure.gravatar.com\/avatar\/ac5001d2a36cb6c6cd3e50789007ffca834b477b74a2144564522e944eabff61?s=96&d=mm&r=g","url":"https:\/\/secure.gravatar.com\/avatar\/ac5001d2a36cb6c6cd3e50789007ffca834b477b74a2144564522e944eabff61?s=96&d=mm&r=g","contentUrl":"https:\/\/secure.gravatar.com\/avatar\/ac5001d2a36cb6c6cd3e50789007ffca834b477b74a2144564522e944eabff61?s=96&d=mm&r=g","caption":"thomas.berner"},"url":"https:\/\/www.organisator.ch\/en\/author\/thomas-berner\/"}]}},"_links":{"self":[{"href":"https:\/\/www.organisator.ch\/en\/wp-json\/wp\/v2\/posts\/8603","targetHints":{"allow":["GET"]}}],"collection":[{"href":"https:\/\/www.organisator.ch\/en\/wp-json\/wp\/v2\/posts"}],"about":[{"href":"https:\/\/www.organisator.ch\/en\/wp-json\/wp\/v2\/types\/post"}],"author":[{"embeddable":true,"href":"https:\/\/www.organisator.ch\/en\/wp-json\/wp\/v2\/users\/4"}],"replies":[{"embeddable":true,"href":"https:\/\/www.organisator.ch\/en\/wp-json\/wp\/v2\/comments?post=8603"}],"version-history":[{"count":0,"href":"https:\/\/www.organisator.ch\/en\/wp-json\/wp\/v2\/posts\/8603\/revisions"}],"wp:featuredmedia":[{"embeddable":true,"href":"https:\/\/www.organisator.ch\/en\/wp-json\/wp\/v2\/media\/8521"}],"wp:attachment":[{"href":"https:\/\/www.organisator.ch\/en\/wp-json\/wp\/v2\/media?parent=8603"}],"wp:term":[{"taxonomy":"category","embeddable":true,"href":"https:\/\/www.organisator.ch\/en\/wp-json\/wp\/v2\/categories?post=8603"},{"taxonomy":"post_tag","embeddable":true,"href":"https:\/\/www.organisator.ch\/en\/wp-json\/wp\/v2\/tags?post=8603"}],"curies":[{"name":"wp","href":"https:\/\/api.w.org\/{rel}","templated":true}]}}