{"id":8604,"date":"2019-12-03T11:59:26","date_gmt":"2019-12-03T10:59:26","guid":{"rendered":"https:\/\/www.organisator.ch\/?p=6096"},"modified":"2019-12-03T11:59:26","modified_gmt":"2019-12-03T10:59:26","slug":"generational-change-at-hr-campus","status":"publish","type":"post","link":"https:\/\/www.organisator.ch\/en\/human-resources\/hrm\/2019-12-03\/generationenwechsel-bei-hr-campus\/","title":{"rendered":"Generation change at HR Campus"},"content":{"rendered":"<figure id=\"attachment_6097\" aria-describedby=\"caption-attachment-6097\" style=\"width: 680px\" class=\"wp-caption alignnone\"><img loading=\"lazy\" decoding=\"async\" class=\"size-medium wp-image-6097\" src=\"https:\/\/www.organisator.ch\/wp-content\/uploads\/2019\/12\/Generationenwechsel-bei-HR-Campus_Organisator.jpg\" alt=\"\" width=\"680\" height=\"452\" \/><figcaption id=\"caption-attachment-6097\" class=\"wp-caption-text\">Generation change at HR Campus: Moritz Marti (center) becomes the new CEO. (Image: HR Campus)<\/figcaption><\/figure>\n<p>Last year HR Campus celebrated the twentieth anniversary of the company. The company has doubled in size in the last five years to 160 employees, which has significantly changed the company structure. As one of the first HR consulting firms in Switzerland, HR Campus invested in cloud technology and the rejuvenation of the company. The goal was to prepare HR Campus for the future, to further expand its successful market position in order to live the mission \"Happy Employee, Happy Company\" itself and to make it a reality in other companies, as it says.<\/p>\n<h2>Professionally accompanied generation change<\/h2>\n<p>Together with the University of St. Gallen, the generational change was carefully planned and prepared over several years without any time pressure. Together with the Dutkiewicz family and the management, Dr. Frank Halter drew up a comprehensive corporate succession plan. \"The collaboration was exemplary and particularly gripping. At HR Campus, Swiss innovation meets Polish roots. This powerful combination is and remains the cornerstone of the successful family business,\" says Frank Halter. HR Campus focuses on independence and remains a true family business so that the fresh, familiar and somewhat crazy culture is preserved. The three children have also been active in the company for several years and wife Danuta Dutkiewicz has contributed a great deal to the company's development and culture as a long-time employee. The two sons Philippe and Dominik Dutkiewicz help shape the company as part of the management team and daughter Livia Dutkiewicz gives the company its face with marketing management.<\/p>\n<h2>Young management team takes the helm<\/h2>\n<p>The five-member management team, also known as the Fiveboard, is made up of two longstanding employees Simone and Daniel Burgener, as well as the two sons Dominik and Philippe and the new CEO Moritz Marti. With Moritz, a long-standing member of the management team follows in the footsteps of Marek Dutkiewicz. Thanks to ten years of corporate experience, he carries the vision of HR Campus deep in his heart. For Moritz, who studied social sciences and business administration, it is clear: \"We are delighted to take on this responsible task as a young but experienced management team. With Marek Dutkiewicz as our mentor, we are consistently pursuing the course we have taken in recent years and continue to build on our unique values. The decisive factors of our success will continue to be our team spirit and each individual employee.\"<\/p>\n<h2>Set on continuity<\/h2>\n<p>Marek is delighted with the generational change: \"HR Campus has evolved from a pioneer to a market leader over the past 20 years, not least because of the high level of personal responsibility and agility of the young guard. I am delighted to entrust my legacy to this fresh and dynamic group.\" Marek is retiring from operational management, but will remain part of the Board of Directors as a visionary and will advise the Executive Board as a mentor and sparring partner. The family-owned company continues to focus on state-of-the-art HR software, holistic HR services and personal HR strategy consulting. HR Campus is one of the most experienced HR consultancies in Switzerland and aims to further consolidate this position as an HR opinion leader and market leader.<\/p>\n<p><a href=\"http:\/\/www.hr-campus.ch\"><em>www.hr-campus.ch<\/em><\/a><\/p>","protected":false},"excerpt":{"rendered":"<p>Im vergangenen Jahr feierte HR Campus das zwanzigj\u00e4hrige Bestehen der Firma. Das Unternehmen ist in den letzten f\u00fcnf Jahren um das Doppelte auf 160 Angestellte angewachsen, wodurch sich die Firmenstruktur massgeblich ver\u00e4ndert hat. Als eines der ersten HR-Beratungsunternehmen in der Schweiz investierte HR Campus in die Cloud-Technologie und die Verj\u00fcngung der Firma. Ziel war es, [&hellip;]<\/p>\n","protected":false},"author":4,"featured_media":8523,"comment_status":"closed","ping_status":"closed","sticky":false,"template":"","format":"standard","meta":{"_acf_changed":false,"_yoast_wpseo_focuskw":"Generationenwechsel","_yoast_wpseo_metadesc":"Firmengr\u00fcnder Marek Dutkiewicz \u00fcbergibt die Leitung von HR Campus an ein dynamisches F\u00fchrungsteam mit Moritz Marti als CEO an der Spitze.","articlekey":"","footnotes":""},"categories":[26],"tags":[207,254,335,492],"class_list":["post-8604","post","type-post","status-publish","format-standard","has-post-thumbnail","hentry","category-hrm","tag-firmennachfolge","tag-hrm","tag-management-und-unternehmensfuehrung","tag-unternehmen"],"acf":[],"yoast_head":"<!-- This site is optimized with the Yoast SEO plugin v27.4 - https:\/\/yoast.com\/product\/yoast-seo-wordpress\/ -->\n<title>Generationenwechsel bei HR Campus - Organisator<\/title>\n<meta name=\"description\" content=\"Firmengr\u00fcnder Marek Dutkiewicz \u00fcbergibt die Leitung von HR Campus an ein dynamisches F\u00fchrungsteam mit Moritz Marti als CEO an der Spitze.\" \/>\n<meta name=\"robots\" content=\"index, follow, max-snippet:-1, max-image-preview:large, max-video-preview:-1\" \/>\n<link rel=\"canonical\" href=\"https:\/\/www.organisator.ch\/en\/human-resources\/hrm\/2019-12-03\/generational-change-at-hr-campus\/\" \/>\n<meta property=\"og:locale\" content=\"en_US\" \/>\n<meta property=\"og:type\" content=\"article\" \/>\n<meta property=\"og:title\" content=\"Generationenwechsel bei HR Campus\" \/>\n<meta property=\"og:description\" content=\"Firmengr\u00fcnder Marek Dutkiewicz \u00fcbergibt die Leitung von HR Campus an ein dynamisches F\u00fchrungsteam mit Moritz Marti als CEO an der Spitze.\" \/>\n<meta property=\"og:url\" content=\"https:\/\/www.organisator.ch\/en\/human-resources\/hrm\/2019-12-03\/generational-change-at-hr-campus\/\" \/>\n<meta property=\"og:site_name\" content=\"Organisator\" \/>\n<meta property=\"article:publisher\" content=\"https:\/\/www.facebook.com\/OrganisatorFachmagazin\" \/>\n<meta property=\"article:published_time\" content=\"2019-12-03T10:59:26+00:00\" \/>\n<meta name=\"author\" content=\"thomas.berner\" \/>\n<meta name=\"twitter:card\" content=\"summary_large_image\" \/>\n<meta name=\"twitter:title\" content=\"#Generationenwechsel bei HR Campus\" \/>\n<meta name=\"twitter:description\" content=\"Firmengr\u00fcnder Marek #Dutkiewicz \u00fcbergibt die Leitung von HR Campus an ein dynamisches #F\u00fchrungsteam mit Moritz Marti als CEO an der Spitze.\" \/>\n<script type=\"application\/ld+json\" class=\"yoast-schema-graph\">{\"@context\":\"https:\\\/\\\/schema.org\",\"@graph\":[{\"@type\":\"Article\",\"@id\":\"https:\\\/\\\/www.organisator.ch\\\/human-resources\\\/hrm\\\/2019-12-03\\\/generationenwechsel-bei-hr-campus\\\/#article\",\"isPartOf\":{\"@id\":\"https:\\\/\\\/www.organisator.ch\\\/human-resources\\\/hrm\\\/2019-12-03\\\/generationenwechsel-bei-hr-campus\\\/\"},\"author\":{\"name\":\"thomas.berner\",\"@id\":\"https:\\\/\\\/www.organisator.ch\\\/#\\\/schema\\\/person\\\/6f650f90b2842cd4c0cc334b4e36f67e\"},\"headline\":\"Generationenwechsel bei HR Campus\",\"datePublished\":\"2019-12-03T10:59:26+00:00\",\"mainEntityOfPage\":{\"@id\":\"https:\\\/\\\/www.organisator.ch\\\/human-resources\\\/hrm\\\/2019-12-03\\\/generationenwechsel-bei-hr-campus\\\/\"},\"wordCount\":514,\"publisher\":{\"@id\":\"https:\\\/\\\/www.organisator.ch\\\/#organization\"},\"image\":{\"@id\":\"https:\\\/\\\/www.organisator.ch\\\/human-resources\\\/hrm\\\/2019-12-03\\\/generationenwechsel-bei-hr-campus\\\/#primaryimage\"},\"thumbnailUrl\":\"https:\\\/\\\/www.organisator.ch\\\/wp-content\\\/uploads\\\/2019\\\/12\\\/Generationenwechsel-bei-HR-Campus_Organisator.jpg\",\"keywords\":[\"Firmennachfolge\",\"HRM\",\"Management und Unternehmensf\u00fchrung\",\"Unternehmen\"],\"articleSection\":[\"HRM\"],\"inLanguage\":\"en-US\"},{\"@type\":\"WebPage\",\"@id\":\"https:\\\/\\\/www.organisator.ch\\\/human-resources\\\/hrm\\\/2019-12-03\\\/generationenwechsel-bei-hr-campus\\\/\",\"url\":\"https:\\\/\\\/www.organisator.ch\\\/human-resources\\\/hrm\\\/2019-12-03\\\/generationenwechsel-bei-hr-campus\\\/\",\"name\":\"Generationenwechsel bei HR Campus - Organisator\",\"isPartOf\":{\"@id\":\"https:\\\/\\\/www.organisator.ch\\\/#website\"},\"primaryImageOfPage\":{\"@id\":\"https:\\\/\\\/www.organisator.ch\\\/human-resources\\\/hrm\\\/2019-12-03\\\/generationenwechsel-bei-hr-campus\\\/#primaryimage\"},\"image\":{\"@id\":\"https:\\\/\\\/www.organisator.ch\\\/human-resources\\\/hrm\\\/2019-12-03\\\/generationenwechsel-bei-hr-campus\\\/#primaryimage\"},\"thumbnailUrl\":\"https:\\\/\\\/www.organisator.ch\\\/wp-content\\\/uploads\\\/2019\\\/12\\\/Generationenwechsel-bei-HR-Campus_Organisator.jpg\",\"datePublished\":\"2019-12-03T10:59:26+00:00\",\"description\":\"Firmengr\u00fcnder Marek Dutkiewicz \u00fcbergibt die Leitung von HR Campus an ein dynamisches F\u00fchrungsteam mit Moritz Marti als CEO an der Spitze.\",\"breadcrumb\":{\"@id\":\"https:\\\/\\\/www.organisator.ch\\\/human-resources\\\/hrm\\\/2019-12-03\\\/generationenwechsel-bei-hr-campus\\\/#breadcrumb\"},\"inLanguage\":\"en-US\",\"potentialAction\":[{\"@type\":\"ReadAction\",\"target\":[\"https:\\\/\\\/www.organisator.ch\\\/human-resources\\\/hrm\\\/2019-12-03\\\/generationenwechsel-bei-hr-campus\\\/\"]}]},{\"@type\":\"ImageObject\",\"inLanguage\":\"en-US\",\"@id\":\"https:\\\/\\\/www.organisator.ch\\\/human-resources\\\/hrm\\\/2019-12-03\\\/generationenwechsel-bei-hr-campus\\\/#primaryimage\",\"url\":\"https:\\\/\\\/www.organisator.ch\\\/wp-content\\\/uploads\\\/2019\\\/12\\\/Generationenwechsel-bei-HR-Campus_Organisator.jpg\",\"contentUrl\":\"https:\\\/\\\/www.organisator.ch\\\/wp-content\\\/uploads\\\/2019\\\/12\\\/Generationenwechsel-bei-HR-Campus_Organisator.jpg\",\"width\":680,\"height\":452,\"caption\":\"Generationenwechsel bei HR Campus: Moritz Marti (Mitte) wird neuer CEO. (Bild: HR Campus)\"},{\"@type\":\"BreadcrumbList\",\"@id\":\"https:\\\/\\\/www.organisator.ch\\\/human-resources\\\/hrm\\\/2019-12-03\\\/generationenwechsel-bei-hr-campus\\\/#breadcrumb\",\"itemListElement\":[{\"@type\":\"ListItem\",\"position\":1,\"name\":\"Home\",\"item\":\"https:\\\/\\\/www.organisator.ch\\\/\"},{\"@type\":\"ListItem\",\"position\":2,\"name\":\"Generationenwechsel bei HR Campus\"}]},{\"@type\":\"WebSite\",\"@id\":\"https:\\\/\\\/www.organisator.ch\\\/#website\",\"url\":\"https:\\\/\\\/www.organisator.ch\\\/\",\"name\":\"Organisator\",\"description\":\"Kompetent. Praxisnah. Der ORGANISATOR bereitet in 10 Ausgaben pro Jahr die wesentlichen Themen f\u00fcr F\u00fchrungskr\u00e4fte von KMU auf.\",\"publisher\":{\"@id\":\"https:\\\/\\\/www.organisator.ch\\\/#organization\"},\"potentialAction\":[{\"@type\":\"SearchAction\",\"target\":{\"@type\":\"EntryPoint\",\"urlTemplate\":\"https:\\\/\\\/www.organisator.ch\\\/?s={search_term_string}\"},\"query-input\":{\"@type\":\"PropertyValueSpecification\",\"valueRequired\":true,\"valueName\":\"search_term_string\"}}],\"inLanguage\":\"en-US\"},{\"@type\":\"Organization\",\"@id\":\"https:\\\/\\\/www.organisator.ch\\\/#organization\",\"name\":\"Organisator\",\"url\":\"https:\\\/\\\/www.organisator.ch\\\/\",\"logo\":{\"@type\":\"ImageObject\",\"inLanguage\":\"en-US\",\"@id\":\"https:\\\/\\\/www.organisator.ch\\\/#\\\/schema\\\/logo\\\/image\\\/\",\"url\":\"https:\\\/\\\/www.organisator.ch\\\/wp-content\\\/uploads\\\/2022\\\/01\\\/Logo_Organisator_Website.png\",\"contentUrl\":\"https:\\\/\\\/www.organisator.ch\\\/wp-content\\\/uploads\\\/2022\\\/01\\\/Logo_Organisator_Website.png\",\"width\":800,\"height\":77,\"caption\":\"Organisator\"},\"image\":{\"@id\":\"https:\\\/\\\/www.organisator.ch\\\/#\\\/schema\\\/logo\\\/image\\\/\"},\"sameAs\":[\"https:\\\/\\\/www.facebook.com\\\/OrganisatorFachmagazin\",\"https:\\\/\\\/www.linkedin.com\\\/showcase\\\/organisator-das-magazin-fr-kmu\",\"https:\\\/\\\/www.xing.com\\\/news\\\/pages\\\/organisator-ch-695\",\"https:\\\/\\\/www.youtube.com\\\/channel\\\/UCGP2Sq0iWaZwT3BdIAQFYpw\"]},{\"@type\":\"Person\",\"@id\":\"https:\\\/\\\/www.organisator.ch\\\/#\\\/schema\\\/person\\\/6f650f90b2842cd4c0cc334b4e36f67e\",\"name\":\"thomas.berner\",\"image\":{\"@type\":\"ImageObject\",\"inLanguage\":\"en-US\",\"@id\":\"https:\\\/\\\/secure.gravatar.com\\\/avatar\\\/ac5001d2a36cb6c6cd3e50789007ffca834b477b74a2144564522e944eabff61?s=96&d=mm&r=g\",\"url\":\"https:\\\/\\\/secure.gravatar.com\\\/avatar\\\/ac5001d2a36cb6c6cd3e50789007ffca834b477b74a2144564522e944eabff61?s=96&d=mm&r=g\",\"contentUrl\":\"https:\\\/\\\/secure.gravatar.com\\\/avatar\\\/ac5001d2a36cb6c6cd3e50789007ffca834b477b74a2144564522e944eabff61?s=96&d=mm&r=g\",\"caption\":\"thomas.berner\"},\"url\":\"https:\\\/\\\/www.organisator.ch\\\/en\\\/author\\\/thomas-berner\\\/\"}]}<\/script>\n<!-- \/ Yoast SEO plugin. -->","yoast_head_json":{"title":"Generation change at HR Campus - Organizer","description":"Company founder Marek Dutkiewicz hands over the management of HR Campus to a dynamic leadership team headed by Moritz Marti as CEO.","robots":{"index":"index","follow":"follow","max-snippet":"max-snippet:-1","max-image-preview":"max-image-preview:large","max-video-preview":"max-video-preview:-1"},"canonical":"https:\/\/www.organisator.ch\/en\/human-resources\/hrm\/2019-12-03\/generational-change-at-hr-campus\/","og_locale":"en_US","og_type":"article","og_title":"Generationenwechsel bei HR Campus","og_description":"Firmengr\u00fcnder Marek Dutkiewicz \u00fcbergibt die Leitung von HR Campus an ein dynamisches F\u00fchrungsteam mit Moritz Marti als CEO an der Spitze.","og_url":"https:\/\/www.organisator.ch\/en\/human-resources\/hrm\/2019-12-03\/generational-change-at-hr-campus\/","og_site_name":"Organisator","article_publisher":"https:\/\/www.facebook.com\/OrganisatorFachmagazin","article_published_time":"2019-12-03T10:59:26+00:00","author":"thomas.berner","twitter_card":"summary_large_image","twitter_title":"#Generationenwechsel bei HR Campus","twitter_description":"Firmengr\u00fcnder Marek #Dutkiewicz \u00fcbergibt die Leitung von HR Campus an ein dynamisches #F\u00fchrungsteam mit Moritz Marti als CEO an der Spitze.","schema":{"@context":"https:\/\/schema.org","@graph":[{"@type":"Article","@id":"https:\/\/www.organisator.ch\/human-resources\/hrm\/2019-12-03\/generationenwechsel-bei-hr-campus\/#article","isPartOf":{"@id":"https:\/\/www.organisator.ch\/human-resources\/hrm\/2019-12-03\/generationenwechsel-bei-hr-campus\/"},"author":{"name":"thomas.berner","@id":"https:\/\/www.organisator.ch\/#\/schema\/person\/6f650f90b2842cd4c0cc334b4e36f67e"},"headline":"Generationenwechsel bei HR Campus","datePublished":"2019-12-03T10:59:26+00:00","mainEntityOfPage":{"@id":"https:\/\/www.organisator.ch\/human-resources\/hrm\/2019-12-03\/generationenwechsel-bei-hr-campus\/"},"wordCount":514,"publisher":{"@id":"https:\/\/www.organisator.ch\/#organization"},"image":{"@id":"https:\/\/www.organisator.ch\/human-resources\/hrm\/2019-12-03\/generationenwechsel-bei-hr-campus\/#primaryimage"},"thumbnailUrl":"https:\/\/www.organisator.ch\/wp-content\/uploads\/2019\/12\/Generationenwechsel-bei-HR-Campus_Organisator.jpg","keywords":["Firmennachfolge","HRM","Management und Unternehmensf\u00fchrung","Unternehmen"],"articleSection":["HRM"],"inLanguage":"en-US"},{"@type":"WebPage","@id":"https:\/\/www.organisator.ch\/human-resources\/hrm\/2019-12-03\/generationenwechsel-bei-hr-campus\/","url":"https:\/\/www.organisator.ch\/human-resources\/hrm\/2019-12-03\/generationenwechsel-bei-hr-campus\/","name":"Generation change at HR Campus - Organizer","isPartOf":{"@id":"https:\/\/www.organisator.ch\/#website"},"primaryImageOfPage":{"@id":"https:\/\/www.organisator.ch\/human-resources\/hrm\/2019-12-03\/generationenwechsel-bei-hr-campus\/#primaryimage"},"image":{"@id":"https:\/\/www.organisator.ch\/human-resources\/hrm\/2019-12-03\/generationenwechsel-bei-hr-campus\/#primaryimage"},"thumbnailUrl":"https:\/\/www.organisator.ch\/wp-content\/uploads\/2019\/12\/Generationenwechsel-bei-HR-Campus_Organisator.jpg","datePublished":"2019-12-03T10:59:26+00:00","description":"Company founder Marek Dutkiewicz hands over the management of HR Campus to a dynamic leadership team headed by Moritz Marti as CEO.","breadcrumb":{"@id":"https:\/\/www.organisator.ch\/human-resources\/hrm\/2019-12-03\/generationenwechsel-bei-hr-campus\/#breadcrumb"},"inLanguage":"en-US","potentialAction":[{"@type":"ReadAction","target":["https:\/\/www.organisator.ch\/human-resources\/hrm\/2019-12-03\/generationenwechsel-bei-hr-campus\/"]}]},{"@type":"ImageObject","inLanguage":"en-US","@id":"https:\/\/www.organisator.ch\/human-resources\/hrm\/2019-12-03\/generationenwechsel-bei-hr-campus\/#primaryimage","url":"https:\/\/www.organisator.ch\/wp-content\/uploads\/2019\/12\/Generationenwechsel-bei-HR-Campus_Organisator.jpg","contentUrl":"https:\/\/www.organisator.ch\/wp-content\/uploads\/2019\/12\/Generationenwechsel-bei-HR-Campus_Organisator.jpg","width":680,"height":452,"caption":"Generationenwechsel bei HR Campus: Moritz Marti (Mitte) wird neuer CEO. (Bild: HR Campus)"},{"@type":"BreadcrumbList","@id":"https:\/\/www.organisator.ch\/human-resources\/hrm\/2019-12-03\/generationenwechsel-bei-hr-campus\/#breadcrumb","itemListElement":[{"@type":"ListItem","position":1,"name":"Home","item":"https:\/\/www.organisator.ch\/"},{"@type":"ListItem","position":2,"name":"Generationenwechsel bei HR Campus"}]},{"@type":"WebSite","@id":"https:\/\/www.organisator.ch\/#website","url":"https:\/\/www.organisator.ch\/","name":"Organizer","description":"Competent. Practical. In 10 issues per year, ORGANISATOR presents the essential topics for managers of SMEs.","publisher":{"@id":"https:\/\/www.organisator.ch\/#organization"},"potentialAction":[{"@type":"SearchAction","target":{"@type":"EntryPoint","urlTemplate":"https:\/\/www.organisator.ch\/?s={search_term_string}"},"query-input":{"@type":"PropertyValueSpecification","valueRequired":true,"valueName":"search_term_string"}}],"inLanguage":"en-US"},{"@type":"Organization","@id":"https:\/\/www.organisator.ch\/#organization","name":"Organizer","url":"https:\/\/www.organisator.ch\/","logo":{"@type":"ImageObject","inLanguage":"en-US","@id":"https:\/\/www.organisator.ch\/#\/schema\/logo\/image\/","url":"https:\/\/www.organisator.ch\/wp-content\/uploads\/2022\/01\/Logo_Organisator_Website.png","contentUrl":"https:\/\/www.organisator.ch\/wp-content\/uploads\/2022\/01\/Logo_Organisator_Website.png","width":800,"height":77,"caption":"Organisator"},"image":{"@id":"https:\/\/www.organisator.ch\/#\/schema\/logo\/image\/"},"sameAs":["https:\/\/www.facebook.com\/OrganisatorFachmagazin","https:\/\/www.linkedin.com\/showcase\/organisator-das-magazin-fr-kmu","https:\/\/www.xing.com\/news\/pages\/organisator-ch-695","https:\/\/www.youtube.com\/channel\/UCGP2Sq0iWaZwT3BdIAQFYpw"]},{"@type":"Person","@id":"https:\/\/www.organisator.ch\/#\/schema\/person\/6f650f90b2842cd4c0cc334b4e36f67e","name":"thomas.berner","image":{"@type":"ImageObject","inLanguage":"en-US","@id":"https:\/\/secure.gravatar.com\/avatar\/ac5001d2a36cb6c6cd3e50789007ffca834b477b74a2144564522e944eabff61?s=96&d=mm&r=g","url":"https:\/\/secure.gravatar.com\/avatar\/ac5001d2a36cb6c6cd3e50789007ffca834b477b74a2144564522e944eabff61?s=96&d=mm&r=g","contentUrl":"https:\/\/secure.gravatar.com\/avatar\/ac5001d2a36cb6c6cd3e50789007ffca834b477b74a2144564522e944eabff61?s=96&d=mm&r=g","caption":"thomas.berner"},"url":"https:\/\/www.organisator.ch\/en\/author\/thomas-berner\/"}]}},"_links":{"self":[{"href":"https:\/\/www.organisator.ch\/en\/wp-json\/wp\/v2\/posts\/8604","targetHints":{"allow":["GET"]}}],"collection":[{"href":"https:\/\/www.organisator.ch\/en\/wp-json\/wp\/v2\/posts"}],"about":[{"href":"https:\/\/www.organisator.ch\/en\/wp-json\/wp\/v2\/types\/post"}],"author":[{"embeddable":true,"href":"https:\/\/www.organisator.ch\/en\/wp-json\/wp\/v2\/users\/4"}],"replies":[{"embeddable":true,"href":"https:\/\/www.organisator.ch\/en\/wp-json\/wp\/v2\/comments?post=8604"}],"version-history":[{"count":0,"href":"https:\/\/www.organisator.ch\/en\/wp-json\/wp\/v2\/posts\/8604\/revisions"}],"wp:featuredmedia":[{"embeddable":true,"href":"https:\/\/www.organisator.ch\/en\/wp-json\/wp\/v2\/media\/8523"}],"wp:attachment":[{"href":"https:\/\/www.organisator.ch\/en\/wp-json\/wp\/v2\/media?parent=8604"}],"wp:term":[{"taxonomy":"category","embeddable":true,"href":"https:\/\/www.organisator.ch\/en\/wp-json\/wp\/v2\/categories?post=8604"},{"taxonomy":"post_tag","embeddable":true,"href":"https:\/\/www.organisator.ch\/en\/wp-json\/wp\/v2\/tags?post=8604"}],"curies":[{"name":"wp","href":"https:\/\/api.w.org\/{rel}","templated":true}]}}