{"id":8607,"date":"2019-12-05T10:07:54","date_gmt":"2019-12-05T09:07:54","guid":{"rendered":"https:\/\/www.organisator.ch\/?p=6106"},"modified":"2019-12-05T10:07:54","modified_gmt":"2019-12-05T09:07:54","slug":"teilzeitstellen-und-befristete-jobs-haben-konjunktur","status":"publish","type":"post","link":"https:\/\/www.organisator.ch\/en\/human-resources\/hrm\/2019-12-05\/teilzeitstellen-und-befristete-jobs-haben-konjunktur\/","title":{"rendered":"Part-time and temporary jobs are booming"},"content":{"rendered":"<figure id=\"attachment_6107\" aria-describedby=\"caption-attachment-6107\" style=\"width: 680px\" class=\"wp-caption alignnone\"><img loading=\"lazy\" decoding=\"async\" class=\"size-medium wp-image-6107\" src=\"https:\/\/www.organisator.ch\/wp-content\/uploads\/2019\/12\/Teilzeitstellen-und-befristete-Jobs-haben-Konjunktur-1_Organisator.jpg\" alt=\"\" width=\"680\" height=\"380\" \/><figcaption id=\"caption-attachment-6107\" class=\"wp-caption-text\">Part-time and temporary jobs are frequently advertised and also just as frequently in demand. This is shown by a new survey conducted by Jobcloud.ch and zhaw. (Image: Pixabay.com)<\/figcaption><\/figure>\n<p>The JobCloud Market Insights are launched by JobCloud and ZHAW and analyze supply and demand based on several hundred thousand advertisements and millions of clicks on jobs.ch and jobup.ch, the leading job portals in Switzerland. According to the latest edition, specialists in the fields of mechanical and plant engineering, production and IT\/telecommunications were particularly in demand during the period studied (2018). In German-speaking Switzerland, jobs in these areas accounted for more than a quarter of all advertised offers, and in French-speaking Switzerland for as much as a third. There was also strong demand for administrative\/HR\/consulting staff. There is a large number of part-time and temporary jobs on offer.<\/p>\n<h2>Shortage of skilled workers noticeable in engineering and nursing professions<\/h2>\n<p>However, not all frequently advertised professions are in demand among job seekers. In German-speaking Switzerland, for example, jobs in the construction and engineering professions, as well as in the nursing professions, receive proportionately the least attention. Jobs in the areas of security, police service, customs and rescue were in relatively high demand - i.e. the proportion of clicks on the occupational field massively exceeds the proportion of advertisements.<\/p>\n<p>In French-speaking Switzerland, the shortage of skilled workers in the nursing professions is not as pronounced. There is strong demand for jobs in education and social services, which only account for a small proportion of the advertisements, but \"the jobs advertised attract a great deal of interest and are clicked on relatively frequently. These professions are also attractive because they are often advertised on a part-time basis,\" says Davide Villa, CEO of JobCloud.<\/p>\n<h2>More and more temporary staff needed<\/h2>\n<p>Flexibility is increasingly in demand in the domestic labor market. Temporary positions are thus gaining in importance. In German-speaking Switzerland, as many as 15 percent of advertisements were for temporary positions. In French-speaking Switzerland, recruiters are relying even more heavily on temporary employment contracts: Here, these account for over 20 percent. But in both regions, interest in permanent positions is stronger than in temporary jobs. While this difference between supply and demand is only slightly noticeable in German-speaking Switzerland, the discrepancy is much more pronounced in French-speaking Switzerland.<\/p>\n<figure id=\"attachment_6108\" aria-describedby=\"caption-attachment-6108\" style=\"width: 680px\" class=\"wp-caption alignnone\"><img loading=\"lazy\" decoding=\"async\" class=\"size-medium wp-image-6108\" src=\"https:\/\/www.organisator.ch\/wp-content\/uploads\/2019\/12\/Teilzeitstellen-und-befristete-Jobs-haben-Konjunktur-2_Organisator.jpg\" alt=\"\" width=\"680\" height=\"344\" \/><figcaption id=\"caption-attachment-6108\" class=\"wp-caption-text\">JobCloud Market Insights: Supply and demand by workload. (Graphic: JobCloud \/ zhaw)<\/figcaption><\/figure>\n<p>In 2018, more temporary staff were sought than were actually employed: According to the BfS, 7.8 percent of employees were employed on a temporary basis this year.<\/p>\n<h2>Permanent employment is the norm, but part-time is the trend<\/h2>\n<p>In German-speaking Switzerland, one in four jobs is already offered on a part-time basis, but usually with an 80 percent workload. In French-speaking Switzerland, this proportion is significantly lower at just 9 percent - although part-time positions are also less in demand there. Interesting: in general, the supply and demand for part-time positions coincide very well throughout Switzerland. \"The spread of part-time work has historically been driven by the increasing tertiarization of the economy and stronger presence of women in the labor market. Women have long worked part-time to a high degree. Today, the additional demand is increasingly coming from men. If a company wants to position itself as an attractive employer, part-time offerings are necessary,\" adds Dr. Nicoline Scheidegger of the ZHAW.<\/p>\n<p><em>Sources: <a href=\"http:\/\/www.jobcloud.ch\">www.jobcloud.ch<\/a> and <a href=\"http:\/\/www.zhaw.ch\">www.zhaw.ch<\/a><\/em><\/p>","protected":false},"excerpt":{"rendered":"<p>Die JobCloud Market Insights werden von JobCloud und der ZHAW lanciert und analysiert Angebot und Nachfrage auf Basis von mehreren hunderttausend Inseraten und Millionen von Klicks auf jobs.ch und jobup.ch, den f\u00fchrenden Stellenportalen der Schweiz. Gem\u00e4ss der j\u00fcngsten Ausgabe waren im untersuchten Zeitraum (2018) Spezialisten aus den Bereichen Maschinen- und Anlagenbau, Produktion und IT\/Telekommunikation besonders [&hellip;]<\/p>\n","protected":false},"author":4,"featured_media":8526,"comment_status":"closed","ping_status":"closed","sticky":false,"template":"","format":"standard","meta":{"_acf_changed":false,"_yoast_wpseo_focuskw":"Teilzeitstellen und befristete Jobs","_yoast_wpseo_metadesc":"ZuTeilzeitstellen und befristete Jobs liegen voll im Trend \u2013 zumindest auf Seite des Arbeitgebers. Dies stellen die JobCloud Market Insights fest.","articlekey":"","footnotes":""},"categories":[26],"tags":[47,254,407,459],"class_list":["post-8607","post","type-post","status-publish","format-standard","has-post-thumbnail","hentry","category-hrm","tag-arbeitsmarkt","tag-hrm","tag-recruiting","tag-studie"],"acf":[],"yoast_head":"<!-- This site is optimized with the Yoast SEO plugin v27.4 - https:\/\/yoast.com\/product\/yoast-seo-wordpress\/ -->\n<title>Teilzeitstellen und befristete Jobs haben Konjunktur - Organisator<\/title>\n<meta name=\"description\" content=\"ZuTeilzeitstellen und befristete Jobs liegen voll im Trend \u2013 zumindest auf Seite des Arbeitgebers. Dies stellen die JobCloud Market Insights fest.\" \/>\n<meta name=\"robots\" content=\"index, follow, max-snippet:-1, max-image-preview:large, max-video-preview:-1\" \/>\n<link rel=\"canonical\" href=\"https:\/\/www.organisator.ch\/en\/human-resources\/hrm\/2019-12-05\/teilzeitstellen-und-befristete-jobs-haben-konjunktur\/\" \/>\n<meta property=\"og:locale\" content=\"en_US\" \/>\n<meta property=\"og:type\" content=\"article\" \/>\n<meta property=\"og:title\" content=\"Teilzeitstellen und befristete Jobs haben Konjunktur\" \/>\n<meta property=\"og:description\" content=\"Teilzeitstellen und befristete Jobs liegen voll im Trend \u2013 zumindest auf Seite des Arbeitgebers. Dies stellen die JobCloud Market Insights fest.\" \/>\n<meta property=\"og:url\" content=\"https:\/\/www.organisator.ch\/en\/human-resources\/hrm\/2019-12-05\/teilzeitstellen-und-befristete-jobs-haben-konjunktur\/\" \/>\n<meta property=\"og:site_name\" content=\"Organisator\" \/>\n<meta property=\"article:publisher\" content=\"https:\/\/www.facebook.com\/OrganisatorFachmagazin\" \/>\n<meta property=\"article:published_time\" content=\"2019-12-05T09:07:54+00:00\" \/>\n<meta property=\"og:image\" content=\"https:\/\/www.organisator.ch\/wp-content\/uploads\/2021\/07\/organisator_2014_1-2.png\" \/>\n\t<meta property=\"og:image:width\" content=\"654\" \/>\n\t<meta property=\"og:image:height\" content=\"370\" \/>\n\t<meta property=\"og:image:type\" content=\"image\/png\" \/>\n<meta name=\"author\" content=\"thomas.berner\" \/>\n<meta name=\"twitter:card\" content=\"summary_large_image\" \/>\n<meta name=\"twitter:title\" content=\"#Teilzeitstellen und befristete Jobs haben Konjunktur\" \/>\n<meta name=\"twitter:description\" content=\"#Teilzeitstellen und befristete Jobs liegen voll im Trend \u2013 zumindest auf Seite des Arbeitgebers. Dies stellen die JobCloud Market Insights fest.\" \/>\n<meta name=\"twitter:image\" content=\"https:\/\/www.organisator.ch\/wp-content\/uploads\/2021\/07\/organisator_2014_1-2.png\" \/>\n<script type=\"application\/ld+json\" class=\"yoast-schema-graph\">{\"@context\":\"https:\\\/\\\/schema.org\",\"@graph\":[{\"@type\":\"Article\",\"@id\":\"https:\\\/\\\/www.organisator.ch\\\/human-resources\\\/hrm\\\/2019-12-05\\\/teilzeitstellen-und-befristete-jobs-haben-konjunktur\\\/#article\",\"isPartOf\":{\"@id\":\"https:\\\/\\\/www.organisator.ch\\\/human-resources\\\/hrm\\\/2019-12-05\\\/teilzeitstellen-und-befristete-jobs-haben-konjunktur\\\/\"},\"author\":{\"name\":\"thomas.berner\",\"@id\":\"https:\\\/\\\/www.organisator.ch\\\/#\\\/schema\\\/person\\\/6f650f90b2842cd4c0cc334b4e36f67e\"},\"headline\":\"Teilzeitstellen und befristete Jobs haben Konjunktur\",\"datePublished\":\"2019-12-05T09:07:54+00:00\",\"mainEntityOfPage\":{\"@id\":\"https:\\\/\\\/www.organisator.ch\\\/human-resources\\\/hrm\\\/2019-12-05\\\/teilzeitstellen-und-befristete-jobs-haben-konjunktur\\\/\"},\"wordCount\":553,\"publisher\":{\"@id\":\"https:\\\/\\\/www.organisator.ch\\\/#organization\"},\"image\":{\"@id\":\"https:\\\/\\\/www.organisator.ch\\\/human-resources\\\/hrm\\\/2019-12-05\\\/teilzeitstellen-und-befristete-jobs-haben-konjunktur\\\/#primaryimage\"},\"thumbnailUrl\":\"https:\\\/\\\/www.organisator.ch\\\/wp-content\\\/uploads\\\/2019\\\/12\\\/Teilzeitstellen-und-befristete-Jobs-haben-Konjunktur-1_Organisator.jpg\",\"keywords\":[\"Arbeitsmarkt\",\"HRM\",\"Recruiting\",\"Studie\"],\"articleSection\":[\"HRM\"],\"inLanguage\":\"en-US\"},{\"@type\":\"WebPage\",\"@id\":\"https:\\\/\\\/www.organisator.ch\\\/human-resources\\\/hrm\\\/2019-12-05\\\/teilzeitstellen-und-befristete-jobs-haben-konjunktur\\\/\",\"url\":\"https:\\\/\\\/www.organisator.ch\\\/human-resources\\\/hrm\\\/2019-12-05\\\/teilzeitstellen-und-befristete-jobs-haben-konjunktur\\\/\",\"name\":\"Teilzeitstellen und befristete Jobs haben Konjunktur - Organisator\",\"isPartOf\":{\"@id\":\"https:\\\/\\\/www.organisator.ch\\\/#website\"},\"primaryImageOfPage\":{\"@id\":\"https:\\\/\\\/www.organisator.ch\\\/human-resources\\\/hrm\\\/2019-12-05\\\/teilzeitstellen-und-befristete-jobs-haben-konjunktur\\\/#primaryimage\"},\"image\":{\"@id\":\"https:\\\/\\\/www.organisator.ch\\\/human-resources\\\/hrm\\\/2019-12-05\\\/teilzeitstellen-und-befristete-jobs-haben-konjunktur\\\/#primaryimage\"},\"thumbnailUrl\":\"https:\\\/\\\/www.organisator.ch\\\/wp-content\\\/uploads\\\/2019\\\/12\\\/Teilzeitstellen-und-befristete-Jobs-haben-Konjunktur-1_Organisator.jpg\",\"datePublished\":\"2019-12-05T09:07:54+00:00\",\"description\":\"ZuTeilzeitstellen und befristete Jobs liegen voll im Trend \u2013 zumindest auf Seite des Arbeitgebers. Dies stellen die JobCloud Market Insights fest.\",\"breadcrumb\":{\"@id\":\"https:\\\/\\\/www.organisator.ch\\\/human-resources\\\/hrm\\\/2019-12-05\\\/teilzeitstellen-und-befristete-jobs-haben-konjunktur\\\/#breadcrumb\"},\"inLanguage\":\"en-US\",\"potentialAction\":[{\"@type\":\"ReadAction\",\"target\":[\"https:\\\/\\\/www.organisator.ch\\\/human-resources\\\/hrm\\\/2019-12-05\\\/teilzeitstellen-und-befristete-jobs-haben-konjunktur\\\/\"]}]},{\"@type\":\"ImageObject\",\"inLanguage\":\"en-US\",\"@id\":\"https:\\\/\\\/www.organisator.ch\\\/human-resources\\\/hrm\\\/2019-12-05\\\/teilzeitstellen-und-befristete-jobs-haben-konjunktur\\\/#primaryimage\",\"url\":\"https:\\\/\\\/www.organisator.ch\\\/wp-content\\\/uploads\\\/2019\\\/12\\\/Teilzeitstellen-und-befristete-Jobs-haben-Konjunktur-1_Organisator.jpg\",\"contentUrl\":\"https:\\\/\\\/www.organisator.ch\\\/wp-content\\\/uploads\\\/2019\\\/12\\\/Teilzeitstellen-und-befristete-Jobs-haben-Konjunktur-1_Organisator.jpg\",\"width\":680,\"height\":380,\"caption\":\"Teilzeitstellen und befristete Jobs werden h\u00e4ufig ausgeschrieben und auch ebenso h\u00e4ufig nachgefragt. Dies zeigt eine neue Untersuchung von Jobcloud.ch und der zhaw. (Bild: Pixabay.com)\"},{\"@type\":\"BreadcrumbList\",\"@id\":\"https:\\\/\\\/www.organisator.ch\\\/human-resources\\\/hrm\\\/2019-12-05\\\/teilzeitstellen-und-befristete-jobs-haben-konjunktur\\\/#breadcrumb\",\"itemListElement\":[{\"@type\":\"ListItem\",\"position\":1,\"name\":\"Home\",\"item\":\"https:\\\/\\\/www.organisator.ch\\\/\"},{\"@type\":\"ListItem\",\"position\":2,\"name\":\"Teilzeitstellen und befristete Jobs haben Konjunktur\"}]},{\"@type\":\"WebSite\",\"@id\":\"https:\\\/\\\/www.organisator.ch\\\/#website\",\"url\":\"https:\\\/\\\/www.organisator.ch\\\/\",\"name\":\"Organisator\",\"description\":\"Kompetent. Praxisnah. Der ORGANISATOR bereitet in 10 Ausgaben pro Jahr die wesentlichen Themen f\u00fcr F\u00fchrungskr\u00e4fte von KMU auf.\",\"publisher\":{\"@id\":\"https:\\\/\\\/www.organisator.ch\\\/#organization\"},\"potentialAction\":[{\"@type\":\"SearchAction\",\"target\":{\"@type\":\"EntryPoint\",\"urlTemplate\":\"https:\\\/\\\/www.organisator.ch\\\/?s={search_term_string}\"},\"query-input\":{\"@type\":\"PropertyValueSpecification\",\"valueRequired\":true,\"valueName\":\"search_term_string\"}}],\"inLanguage\":\"en-US\"},{\"@type\":\"Organization\",\"@id\":\"https:\\\/\\\/www.organisator.ch\\\/#organization\",\"name\":\"Organisator\",\"url\":\"https:\\\/\\\/www.organisator.ch\\\/\",\"logo\":{\"@type\":\"ImageObject\",\"inLanguage\":\"en-US\",\"@id\":\"https:\\\/\\\/www.organisator.ch\\\/#\\\/schema\\\/logo\\\/image\\\/\",\"url\":\"https:\\\/\\\/www.organisator.ch\\\/wp-content\\\/uploads\\\/2022\\\/01\\\/Logo_Organisator_Website.png\",\"contentUrl\":\"https:\\\/\\\/www.organisator.ch\\\/wp-content\\\/uploads\\\/2022\\\/01\\\/Logo_Organisator_Website.png\",\"width\":800,\"height\":77,\"caption\":\"Organisator\"},\"image\":{\"@id\":\"https:\\\/\\\/www.organisator.ch\\\/#\\\/schema\\\/logo\\\/image\\\/\"},\"sameAs\":[\"https:\\\/\\\/www.facebook.com\\\/OrganisatorFachmagazin\",\"https:\\\/\\\/www.linkedin.com\\\/showcase\\\/organisator-das-magazin-fr-kmu\",\"https:\\\/\\\/www.xing.com\\\/news\\\/pages\\\/organisator-ch-695\",\"https:\\\/\\\/www.youtube.com\\\/channel\\\/UCGP2Sq0iWaZwT3BdIAQFYpw\"]},{\"@type\":\"Person\",\"@id\":\"https:\\\/\\\/www.organisator.ch\\\/#\\\/schema\\\/person\\\/6f650f90b2842cd4c0cc334b4e36f67e\",\"name\":\"thomas.berner\",\"image\":{\"@type\":\"ImageObject\",\"inLanguage\":\"en-US\",\"@id\":\"https:\\\/\\\/secure.gravatar.com\\\/avatar\\\/ac5001d2a36cb6c6cd3e50789007ffca834b477b74a2144564522e944eabff61?s=96&d=mm&r=g\",\"url\":\"https:\\\/\\\/secure.gravatar.com\\\/avatar\\\/ac5001d2a36cb6c6cd3e50789007ffca834b477b74a2144564522e944eabff61?s=96&d=mm&r=g\",\"contentUrl\":\"https:\\\/\\\/secure.gravatar.com\\\/avatar\\\/ac5001d2a36cb6c6cd3e50789007ffca834b477b74a2144564522e944eabff61?s=96&d=mm&r=g\",\"caption\":\"thomas.berner\"},\"url\":\"https:\\\/\\\/www.organisator.ch\\\/en\\\/author\\\/thomas-berner\\\/\"}]}<\/script>\n<!-- \/ Yoast SEO plugin. -->","yoast_head_json":{"title":"Part-time and temporary jobs are booming - Organizer","description":"Part-time and temporary jobs are in vogue - at least on the employer side. This is the finding of JobCloud Market Insights.","robots":{"index":"index","follow":"follow","max-snippet":"max-snippet:-1","max-image-preview":"max-image-preview:large","max-video-preview":"max-video-preview:-1"},"canonical":"https:\/\/www.organisator.ch\/en\/human-resources\/hrm\/2019-12-05\/teilzeitstellen-und-befristete-jobs-haben-konjunktur\/","og_locale":"en_US","og_type":"article","og_title":"Teilzeitstellen und befristete Jobs haben Konjunktur","og_description":"Teilzeitstellen und befristete Jobs liegen voll im Trend \u2013 zumindest auf Seite des Arbeitgebers. Dies stellen die JobCloud Market Insights fest.","og_url":"https:\/\/www.organisator.ch\/en\/human-resources\/hrm\/2019-12-05\/teilzeitstellen-und-befristete-jobs-haben-konjunktur\/","og_site_name":"Organisator","article_publisher":"https:\/\/www.facebook.com\/OrganisatorFachmagazin","article_published_time":"2019-12-05T09:07:54+00:00","og_image":[{"width":654,"height":370,"url":"https:\/\/www.organisator.ch\/wp-content\/uploads\/2021\/07\/organisator_2014_1-2.png","type":"image\/png"}],"author":"thomas.berner","twitter_card":"summary_large_image","twitter_title":"#Teilzeitstellen und befristete Jobs haben Konjunktur","twitter_description":"#Teilzeitstellen und befristete Jobs liegen voll im Trend \u2013 zumindest auf Seite des Arbeitgebers. Dies stellen die JobCloud Market Insights fest.","twitter_image":"https:\/\/www.organisator.ch\/wp-content\/uploads\/2021\/07\/organisator_2014_1-2.png","schema":{"@context":"https:\/\/schema.org","@graph":[{"@type":"Article","@id":"https:\/\/www.organisator.ch\/human-resources\/hrm\/2019-12-05\/teilzeitstellen-und-befristete-jobs-haben-konjunktur\/#article","isPartOf":{"@id":"https:\/\/www.organisator.ch\/human-resources\/hrm\/2019-12-05\/teilzeitstellen-und-befristete-jobs-haben-konjunktur\/"},"author":{"name":"thomas.berner","@id":"https:\/\/www.organisator.ch\/#\/schema\/person\/6f650f90b2842cd4c0cc334b4e36f67e"},"headline":"Teilzeitstellen und befristete Jobs haben Konjunktur","datePublished":"2019-12-05T09:07:54+00:00","mainEntityOfPage":{"@id":"https:\/\/www.organisator.ch\/human-resources\/hrm\/2019-12-05\/teilzeitstellen-und-befristete-jobs-haben-konjunktur\/"},"wordCount":553,"publisher":{"@id":"https:\/\/www.organisator.ch\/#organization"},"image":{"@id":"https:\/\/www.organisator.ch\/human-resources\/hrm\/2019-12-05\/teilzeitstellen-und-befristete-jobs-haben-konjunktur\/#primaryimage"},"thumbnailUrl":"https:\/\/www.organisator.ch\/wp-content\/uploads\/2019\/12\/Teilzeitstellen-und-befristete-Jobs-haben-Konjunktur-1_Organisator.jpg","keywords":["Arbeitsmarkt","HRM","Recruiting","Studie"],"articleSection":["HRM"],"inLanguage":"en-US"},{"@type":"WebPage","@id":"https:\/\/www.organisator.ch\/human-resources\/hrm\/2019-12-05\/teilzeitstellen-und-befristete-jobs-haben-konjunktur\/","url":"https:\/\/www.organisator.ch\/human-resources\/hrm\/2019-12-05\/teilzeitstellen-und-befristete-jobs-haben-konjunktur\/","name":"Part-time and temporary jobs are booming - Organizer","isPartOf":{"@id":"https:\/\/www.organisator.ch\/#website"},"primaryImageOfPage":{"@id":"https:\/\/www.organisator.ch\/human-resources\/hrm\/2019-12-05\/teilzeitstellen-und-befristete-jobs-haben-konjunktur\/#primaryimage"},"image":{"@id":"https:\/\/www.organisator.ch\/human-resources\/hrm\/2019-12-05\/teilzeitstellen-und-befristete-jobs-haben-konjunktur\/#primaryimage"},"thumbnailUrl":"https:\/\/www.organisator.ch\/wp-content\/uploads\/2019\/12\/Teilzeitstellen-und-befristete-Jobs-haben-Konjunktur-1_Organisator.jpg","datePublished":"2019-12-05T09:07:54+00:00","description":"Part-time and temporary jobs are in vogue - at least on the employer side. This is the finding of JobCloud Market Insights.","breadcrumb":{"@id":"https:\/\/www.organisator.ch\/human-resources\/hrm\/2019-12-05\/teilzeitstellen-und-befristete-jobs-haben-konjunktur\/#breadcrumb"},"inLanguage":"en-US","potentialAction":[{"@type":"ReadAction","target":["https:\/\/www.organisator.ch\/human-resources\/hrm\/2019-12-05\/teilzeitstellen-und-befristete-jobs-haben-konjunktur\/"]}]},{"@type":"ImageObject","inLanguage":"en-US","@id":"https:\/\/www.organisator.ch\/human-resources\/hrm\/2019-12-05\/teilzeitstellen-und-befristete-jobs-haben-konjunktur\/#primaryimage","url":"https:\/\/www.organisator.ch\/wp-content\/uploads\/2019\/12\/Teilzeitstellen-und-befristete-Jobs-haben-Konjunktur-1_Organisator.jpg","contentUrl":"https:\/\/www.organisator.ch\/wp-content\/uploads\/2019\/12\/Teilzeitstellen-und-befristete-Jobs-haben-Konjunktur-1_Organisator.jpg","width":680,"height":380,"caption":"Teilzeitstellen und befristete Jobs werden h\u00e4ufig ausgeschrieben und auch ebenso h\u00e4ufig nachgefragt. Dies zeigt eine neue Untersuchung von Jobcloud.ch und der zhaw. (Bild: Pixabay.com)"},{"@type":"BreadcrumbList","@id":"https:\/\/www.organisator.ch\/human-resources\/hrm\/2019-12-05\/teilzeitstellen-und-befristete-jobs-haben-konjunktur\/#breadcrumb","itemListElement":[{"@type":"ListItem","position":1,"name":"Home","item":"https:\/\/www.organisator.ch\/"},{"@type":"ListItem","position":2,"name":"Teilzeitstellen und befristete Jobs haben Konjunktur"}]},{"@type":"WebSite","@id":"https:\/\/www.organisator.ch\/#website","url":"https:\/\/www.organisator.ch\/","name":"Organizer","description":"Competent. Practical. In 10 issues per year, ORGANISATOR presents the essential topics for managers of SMEs.","publisher":{"@id":"https:\/\/www.organisator.ch\/#organization"},"potentialAction":[{"@type":"SearchAction","target":{"@type":"EntryPoint","urlTemplate":"https:\/\/www.organisator.ch\/?s={search_term_string}"},"query-input":{"@type":"PropertyValueSpecification","valueRequired":true,"valueName":"search_term_string"}}],"inLanguage":"en-US"},{"@type":"Organization","@id":"https:\/\/www.organisator.ch\/#organization","name":"Organizer","url":"https:\/\/www.organisator.ch\/","logo":{"@type":"ImageObject","inLanguage":"en-US","@id":"https:\/\/www.organisator.ch\/#\/schema\/logo\/image\/","url":"https:\/\/www.organisator.ch\/wp-content\/uploads\/2022\/01\/Logo_Organisator_Website.png","contentUrl":"https:\/\/www.organisator.ch\/wp-content\/uploads\/2022\/01\/Logo_Organisator_Website.png","width":800,"height":77,"caption":"Organisator"},"image":{"@id":"https:\/\/www.organisator.ch\/#\/schema\/logo\/image\/"},"sameAs":["https:\/\/www.facebook.com\/OrganisatorFachmagazin","https:\/\/www.linkedin.com\/showcase\/organisator-das-magazin-fr-kmu","https:\/\/www.xing.com\/news\/pages\/organisator-ch-695","https:\/\/www.youtube.com\/channel\/UCGP2Sq0iWaZwT3BdIAQFYpw"]},{"@type":"Person","@id":"https:\/\/www.organisator.ch\/#\/schema\/person\/6f650f90b2842cd4c0cc334b4e36f67e","name":"thomas.berner","image":{"@type":"ImageObject","inLanguage":"en-US","@id":"https:\/\/secure.gravatar.com\/avatar\/ac5001d2a36cb6c6cd3e50789007ffca834b477b74a2144564522e944eabff61?s=96&d=mm&r=g","url":"https:\/\/secure.gravatar.com\/avatar\/ac5001d2a36cb6c6cd3e50789007ffca834b477b74a2144564522e944eabff61?s=96&d=mm&r=g","contentUrl":"https:\/\/secure.gravatar.com\/avatar\/ac5001d2a36cb6c6cd3e50789007ffca834b477b74a2144564522e944eabff61?s=96&d=mm&r=g","caption":"thomas.berner"},"url":"https:\/\/www.organisator.ch\/en\/author\/thomas-berner\/"}]}},"_links":{"self":[{"href":"https:\/\/www.organisator.ch\/en\/wp-json\/wp\/v2\/posts\/8607","targetHints":{"allow":["GET"]}}],"collection":[{"href":"https:\/\/www.organisator.ch\/en\/wp-json\/wp\/v2\/posts"}],"about":[{"href":"https:\/\/www.organisator.ch\/en\/wp-json\/wp\/v2\/types\/post"}],"author":[{"embeddable":true,"href":"https:\/\/www.organisator.ch\/en\/wp-json\/wp\/v2\/users\/4"}],"replies":[{"embeddable":true,"href":"https:\/\/www.organisator.ch\/en\/wp-json\/wp\/v2\/comments?post=8607"}],"version-history":[{"count":0,"href":"https:\/\/www.organisator.ch\/en\/wp-json\/wp\/v2\/posts\/8607\/revisions"}],"wp:featuredmedia":[{"embeddable":true,"href":"https:\/\/www.organisator.ch\/en\/wp-json\/wp\/v2\/media\/8526"}],"wp:attachment":[{"href":"https:\/\/www.organisator.ch\/en\/wp-json\/wp\/v2\/media?parent=8607"}],"wp:term":[{"taxonomy":"category","embeddable":true,"href":"https:\/\/www.organisator.ch\/en\/wp-json\/wp\/v2\/categories?post=8607"},{"taxonomy":"post_tag","embeddable":true,"href":"https:\/\/www.organisator.ch\/en\/wp-json\/wp\/v2\/tags?post=8607"}],"curies":[{"name":"wp","href":"https:\/\/api.w.org\/{rel}","templated":true}]}}