{"id":8620,"date":"2019-12-18T16:05:31","date_gmt":"2019-12-18T15:05:31","guid":{"rendered":"https:\/\/www.organisator.ch\/?p=6172"},"modified":"2019-12-18T16:05:31","modified_gmt":"2019-12-18T15:05:31","slug":"bueroadministration-swiss21-org-wird-um-ein-crm-erweitert","status":"publish","type":"post","link":"https:\/\/www.organisator.ch\/en\/management\/it\/2019-12-18\/bueroadministration-swiss21-org-wird-um-ein-crm-erweitert\/","title":{"rendered":"Office administration: Swiss21.org is extended by a CRM"},"content":{"rendered":"<figure id=\"attachment_6173\" aria-describedby=\"caption-attachment-6173\" style=\"width: 680px\" class=\"wp-caption alignnone\"><img loading=\"lazy\" decoding=\"async\" class=\"size-medium wp-image-6173\" src=\"https:\/\/www.organisator.ch\/wp-content\/uploads\/2019\/12\/Bueroadministration-Swiss21org-wird-um-ein-CRM-erweitert_Organisator.jpg\" alt=\"\" width=\"680\" height=\"213\" \/><figcaption id=\"caption-attachment-6173\" class=\"wp-caption-text\">Office administration with offer and invoice management, automated accounting, online store and other functions: Swiss21 is now being expanded to include a CRM. (Symbol image: Pixabay.com)<\/figcaption><\/figure>\n<p>Today, Swiss21.org's office administration solution has a good 19,000 accounts. These users can now also digitize and automate marketing and sales processes.<\/p>\n<h2>Even more possibilities with CRM<\/h2>\n<p>With Swiss21 and the functions invoices and offers, accounting, bank connection, online store and the online cash register, companies already had comprehensive options for organizing their everyday office life efficiently and saving a lot of time. Now, with CRM, which is also fully integrated into the ecosystem, comes the opportunity to efficiently and purposefully align companies with the market and customers. The CRM comes from CAS Software AG, the German market leader for CRM &amp; xRM for medium-sized businesses. This adds a concentrated load of know-how and experience to Swiss21. \"We found the Swiss21.org project excitingly revolutionary from the very beginning,\" explains Martin Hubschneider, CEO of CAS Software AG, \"We are very pleased that our CRM solution SmartWe now complements the free, integrated cloud solution Swiss21.org.\"<\/p>\n<h2>Real benefit in the daily practice of office administration<\/h2>\n<p>\"With the collaboration of ERP market leader Abacus, leading CRM provider CAS Software AG and Glarotech GmbH, Swiss21.org now offers a free service that has never before been available in this form in Switzerland,\" Walter Regli, Managing Director of Swiss21.org, is convinced. In practice, this means a gain in efficiency, more transparency and the establishment of customer-centric processes. \"Many startups and small businesses fail because they lose track of their finances or they are not close enough to the market. Swiss21 offers a comprehensive software package to counteract this. The fact that we can bring such a powerful tool to the market free of charge is unique and only possible thanks to our partners. The many positive responses from our customers are gratifying and show us that we are on the right track,\" adds Walter Regli.<\/p>\n<h2>Sustainable free of charge<\/h2>\n<p>For up to 2,100 receipts\/year, 2,100 items in the store and 2,100 contacts, the offer is free of charge for the company. This ensures that no costs are incurred in a start-up phase or in the longer term for smaller organizations. The IT companies involved have committed themselves to maintaining free use over the longer term. If a user exceeds these limits, CHF 21\/month will be charged for up to 5,000 receipts\/year, 5,000 articles or 5,000 contacts. A change to another system is possible at any time and the data can be exported.<\/p>\n<p><em>Source and information: <a href=\"https:\/\/swiss21.org\/\">https:\/\/swiss21.org\/<\/a><\/em><\/p>","protected":false},"excerpt":{"rendered":"<p>Gut 19&#8217;000 Accounts z\u00e4hlt die L\u00f6sung f\u00fcr B\u00fcroadministration von Swiss21.org heute. Diese Nutzer k\u00f6nnen nun auch Marketing- und Verkaufsprozesse digitalisieren und automatisieren. Noch mehr M\u00f6glichkeiten mit dem CRM Schon bisher hatten Unternehmen mit Swiss21 und den Funktionen Rechnungen und Offerten, Buchhaltung, Bankanbindung, Online Shop und der Online Kasse umfassende M\u00f6glichkeiten, ihren B\u00fcroalltag effizient zu gestalten [&hellip;]<\/p>\n","protected":false},"author":4,"featured_media":8544,"comment_status":"closed","ping_status":"closed","sticky":false,"template":"","format":"standard","meta":{"_acf_changed":false,"_yoast_wpseo_focuskw":"B\u00fcroadministration","_yoast_wpseo_metadesc":"F\u00fcr Kleinunternehmen bietet swiss21.org seit November 2018 eine kostenlose Komplettl\u00f6sung f\u00fcr die B\u00fcroadministration. Neu umfasst diese auch ein CRM.","articlekey":"","footnotes":""},"categories":[27],"tags":[286,288,339,393],"class_list":["post-8620","post","type-post","status-publish","format-standard","has-post-thumbnail","hentry","category-it","tag-it","tag-it-business-software","tag-marketing","tag-produkte"],"acf":[],"yoast_head":"<!-- This site is optimized with the Yoast SEO plugin v27.4 - https:\/\/yoast.com\/product\/yoast-seo-wordpress\/ -->\n<title>B\u00fcroadministration: Swiss21.org wird um ein CRM erweitert - Organisator<\/title>\n<meta name=\"description\" content=\"F\u00fcr Kleinunternehmen bietet swiss21.org seit November 2018 eine kostenlose Komplettl\u00f6sung f\u00fcr die B\u00fcroadministration. Neu umfasst diese auch ein CRM.\" \/>\n<meta name=\"robots\" content=\"index, follow, max-snippet:-1, max-image-preview:large, max-video-preview:-1\" \/>\n<link rel=\"canonical\" href=\"https:\/\/www.organisator.ch\/en\/management\/it\/2019-12-18\/bueroadministration-swiss21-org-wird-um-ein-crm-erweitert\/\" \/>\n<meta property=\"og:locale\" content=\"en_US\" \/>\n<meta property=\"og:type\" content=\"article\" \/>\n<meta property=\"og:title\" content=\"B\u00fcroadministration: Swiss21.org wird um ein CRM erweitert\" \/>\n<meta property=\"og:description\" content=\"F\u00fcr Kleinunternehmen bietet swiss21.org seit November 2018 eine kostenlose Komplettl\u00f6sung f\u00fcr die B\u00fcroadministration. Neu umfasst diese auch ein CRM.\" \/>\n<meta property=\"og:url\" content=\"https:\/\/www.organisator.ch\/en\/management\/it\/2019-12-18\/bueroadministration-swiss21-org-wird-um-ein-crm-erweitert\/\" \/>\n<meta property=\"og:site_name\" content=\"Organisator\" \/>\n<meta property=\"article:publisher\" content=\"https:\/\/www.facebook.com\/OrganisatorFachmagazin\" \/>\n<meta property=\"article:published_time\" content=\"2019-12-18T15:05:31+00:00\" \/>\n<meta property=\"og:image\" content=\"https:\/\/www.organisator.ch\/wp-content\/uploads\/2021\/07\/organisator_2013_3.png\" \/>\n\t<meta property=\"og:image:width\" content=\"654\" \/>\n\t<meta property=\"og:image:height\" content=\"370\" \/>\n\t<meta property=\"og:image:type\" content=\"image\/png\" \/>\n<meta name=\"author\" content=\"thomas.berner\" \/>\n<meta name=\"twitter:card\" content=\"summary_large_image\" \/>\n<meta name=\"twitter:title\" content=\"#B\u00fcroadministration: #Swiss21.org wird um ein #CRM erweitert\" \/>\n<meta name=\"twitter:description\" content=\"F\u00fcr #Kleinunternehmen bietet #swiss21.org seit November 2018 eine kostenlose Komplettl\u00f6sung f\u00fcr die #B\u00fcroadministration. Neu umfasst diese auch ein #CRM.\" \/>\n<meta name=\"twitter:image\" content=\"https:\/\/www.organisator.ch\/wp-content\/uploads\/2021\/07\/organisator_2013_3.png\" \/>\n<script type=\"application\/ld+json\" class=\"yoast-schema-graph\">{\"@context\":\"https:\\\/\\\/schema.org\",\"@graph\":[{\"@type\":\"Article\",\"@id\":\"https:\\\/\\\/www.organisator.ch\\\/management\\\/it\\\/2019-12-18\\\/bueroadministration-swiss21-org-wird-um-ein-crm-erweitert\\\/#article\",\"isPartOf\":{\"@id\":\"https:\\\/\\\/www.organisator.ch\\\/management\\\/it\\\/2019-12-18\\\/bueroadministration-swiss21-org-wird-um-ein-crm-erweitert\\\/\"},\"author\":{\"name\":\"thomas.berner\",\"@id\":\"https:\\\/\\\/www.organisator.ch\\\/#\\\/schema\\\/person\\\/6f650f90b2842cd4c0cc334b4e36f67e\"},\"headline\":\"B\u00fcroadministration: Swiss21.org wird um ein CRM erweitert\",\"datePublished\":\"2019-12-18T15:05:31+00:00\",\"mainEntityOfPage\":{\"@id\":\"https:\\\/\\\/www.organisator.ch\\\/management\\\/it\\\/2019-12-18\\\/bueroadministration-swiss21-org-wird-um-ein-crm-erweitert\\\/\"},\"wordCount\":448,\"publisher\":{\"@id\":\"https:\\\/\\\/www.organisator.ch\\\/#organization\"},\"image\":{\"@id\":\"https:\\\/\\\/www.organisator.ch\\\/management\\\/it\\\/2019-12-18\\\/bueroadministration-swiss21-org-wird-um-ein-crm-erweitert\\\/#primaryimage\"},\"thumbnailUrl\":\"https:\\\/\\\/www.organisator.ch\\\/wp-content\\\/uploads\\\/2019\\\/12\\\/Bueroadministration-Swiss21org-wird-um-ein-CRM-erweitert_Organisator.jpg\",\"keywords\":[\"IT\",\"IT &amp; Business Software\",\"Marketing\",\"Produkte\"],\"articleSection\":[\"IT\"],\"inLanguage\":\"en-US\"},{\"@type\":\"WebPage\",\"@id\":\"https:\\\/\\\/www.organisator.ch\\\/management\\\/it\\\/2019-12-18\\\/bueroadministration-swiss21-org-wird-um-ein-crm-erweitert\\\/\",\"url\":\"https:\\\/\\\/www.organisator.ch\\\/management\\\/it\\\/2019-12-18\\\/bueroadministration-swiss21-org-wird-um-ein-crm-erweitert\\\/\",\"name\":\"B\u00fcroadministration: Swiss21.org wird um ein CRM erweitert - Organisator\",\"isPartOf\":{\"@id\":\"https:\\\/\\\/www.organisator.ch\\\/#website\"},\"primaryImageOfPage\":{\"@id\":\"https:\\\/\\\/www.organisator.ch\\\/management\\\/it\\\/2019-12-18\\\/bueroadministration-swiss21-org-wird-um-ein-crm-erweitert\\\/#primaryimage\"},\"image\":{\"@id\":\"https:\\\/\\\/www.organisator.ch\\\/management\\\/it\\\/2019-12-18\\\/bueroadministration-swiss21-org-wird-um-ein-crm-erweitert\\\/#primaryimage\"},\"thumbnailUrl\":\"https:\\\/\\\/www.organisator.ch\\\/wp-content\\\/uploads\\\/2019\\\/12\\\/Bueroadministration-Swiss21org-wird-um-ein-CRM-erweitert_Organisator.jpg\",\"datePublished\":\"2019-12-18T15:05:31+00:00\",\"description\":\"F\u00fcr Kleinunternehmen bietet swiss21.org seit November 2018 eine kostenlose Komplettl\u00f6sung f\u00fcr die B\u00fcroadministration. Neu umfasst diese auch ein CRM.\",\"breadcrumb\":{\"@id\":\"https:\\\/\\\/www.organisator.ch\\\/management\\\/it\\\/2019-12-18\\\/bueroadministration-swiss21-org-wird-um-ein-crm-erweitert\\\/#breadcrumb\"},\"inLanguage\":\"en-US\",\"potentialAction\":[{\"@type\":\"ReadAction\",\"target\":[\"https:\\\/\\\/www.organisator.ch\\\/management\\\/it\\\/2019-12-18\\\/bueroadministration-swiss21-org-wird-um-ein-crm-erweitert\\\/\"]}]},{\"@type\":\"ImageObject\",\"inLanguage\":\"en-US\",\"@id\":\"https:\\\/\\\/www.organisator.ch\\\/management\\\/it\\\/2019-12-18\\\/bueroadministration-swiss21-org-wird-um-ein-crm-erweitert\\\/#primaryimage\",\"url\":\"https:\\\/\\\/www.organisator.ch\\\/wp-content\\\/uploads\\\/2019\\\/12\\\/Bueroadministration-Swiss21org-wird-um-ein-CRM-erweitert_Organisator.jpg\",\"contentUrl\":\"https:\\\/\\\/www.organisator.ch\\\/wp-content\\\/uploads\\\/2019\\\/12\\\/Bueroadministration-Swiss21org-wird-um-ein-CRM-erweitert_Organisator.jpg\",\"width\":680,\"height\":213,\"caption\":\"B\u00fcroadministration mit Offert- und Rechnungswesen, automatisierte Buchhaltung, einen Online Shop und weitere Funktionen: Swiss21 wird nun um ein CRM erweitert. (Symbolbild: Pixabay.com\"},{\"@type\":\"BreadcrumbList\",\"@id\":\"https:\\\/\\\/www.organisator.ch\\\/management\\\/it\\\/2019-12-18\\\/bueroadministration-swiss21-org-wird-um-ein-crm-erweitert\\\/#breadcrumb\",\"itemListElement\":[{\"@type\":\"ListItem\",\"position\":1,\"name\":\"Home\",\"item\":\"https:\\\/\\\/www.organisator.ch\\\/\"},{\"@type\":\"ListItem\",\"position\":2,\"name\":\"B\u00fcroadministration: Swiss21.org wird um ein CRM erweitert\"}]},{\"@type\":\"WebSite\",\"@id\":\"https:\\\/\\\/www.organisator.ch\\\/#website\",\"url\":\"https:\\\/\\\/www.organisator.ch\\\/\",\"name\":\"Organisator\",\"description\":\"Kompetent. Praxisnah. Der ORGANISATOR bereitet in 10 Ausgaben pro Jahr die wesentlichen Themen f\u00fcr F\u00fchrungskr\u00e4fte von KMU auf.\",\"publisher\":{\"@id\":\"https:\\\/\\\/www.organisator.ch\\\/#organization\"},\"potentialAction\":[{\"@type\":\"SearchAction\",\"target\":{\"@type\":\"EntryPoint\",\"urlTemplate\":\"https:\\\/\\\/www.organisator.ch\\\/?s={search_term_string}\"},\"query-input\":{\"@type\":\"PropertyValueSpecification\",\"valueRequired\":true,\"valueName\":\"search_term_string\"}}],\"inLanguage\":\"en-US\"},{\"@type\":\"Organization\",\"@id\":\"https:\\\/\\\/www.organisator.ch\\\/#organization\",\"name\":\"Organisator\",\"url\":\"https:\\\/\\\/www.organisator.ch\\\/\",\"logo\":{\"@type\":\"ImageObject\",\"inLanguage\":\"en-US\",\"@id\":\"https:\\\/\\\/www.organisator.ch\\\/#\\\/schema\\\/logo\\\/image\\\/\",\"url\":\"https:\\\/\\\/www.organisator.ch\\\/wp-content\\\/uploads\\\/2022\\\/01\\\/Logo_Organisator_Website.png\",\"contentUrl\":\"https:\\\/\\\/www.organisator.ch\\\/wp-content\\\/uploads\\\/2022\\\/01\\\/Logo_Organisator_Website.png\",\"width\":800,\"height\":77,\"caption\":\"Organisator\"},\"image\":{\"@id\":\"https:\\\/\\\/www.organisator.ch\\\/#\\\/schema\\\/logo\\\/image\\\/\"},\"sameAs\":[\"https:\\\/\\\/www.facebook.com\\\/OrganisatorFachmagazin\",\"https:\\\/\\\/www.linkedin.com\\\/showcase\\\/organisator-das-magazin-fr-kmu\",\"https:\\\/\\\/www.xing.com\\\/news\\\/pages\\\/organisator-ch-695\",\"https:\\\/\\\/www.youtube.com\\\/channel\\\/UCGP2Sq0iWaZwT3BdIAQFYpw\"]},{\"@type\":\"Person\",\"@id\":\"https:\\\/\\\/www.organisator.ch\\\/#\\\/schema\\\/person\\\/6f650f90b2842cd4c0cc334b4e36f67e\",\"name\":\"thomas.berner\",\"image\":{\"@type\":\"ImageObject\",\"inLanguage\":\"en-US\",\"@id\":\"https:\\\/\\\/secure.gravatar.com\\\/avatar\\\/ac5001d2a36cb6c6cd3e50789007ffca834b477b74a2144564522e944eabff61?s=96&d=mm&r=g\",\"url\":\"https:\\\/\\\/secure.gravatar.com\\\/avatar\\\/ac5001d2a36cb6c6cd3e50789007ffca834b477b74a2144564522e944eabff61?s=96&d=mm&r=g\",\"contentUrl\":\"https:\\\/\\\/secure.gravatar.com\\\/avatar\\\/ac5001d2a36cb6c6cd3e50789007ffca834b477b74a2144564522e944eabff61?s=96&d=mm&r=g\",\"caption\":\"thomas.berner\"},\"url\":\"https:\\\/\\\/www.organisator.ch\\\/en\\\/author\\\/thomas-berner\\\/\"}]}<\/script>\n<!-- \/ Yoast SEO plugin. -->","yoast_head_json":{"title":"Office administration: Swiss21.org is extended with a CRM - Organizer","description":"For small businesses, swiss21.org has been offering a free complete solution for office administration since November 2018. This now also includes a CRM.","robots":{"index":"index","follow":"follow","max-snippet":"max-snippet:-1","max-image-preview":"max-image-preview:large","max-video-preview":"max-video-preview:-1"},"canonical":"https:\/\/www.organisator.ch\/en\/management\/it\/2019-12-18\/bueroadministration-swiss21-org-wird-um-ein-crm-erweitert\/","og_locale":"en_US","og_type":"article","og_title":"B\u00fcroadministration: Swiss21.org wird um ein CRM erweitert","og_description":"F\u00fcr Kleinunternehmen bietet swiss21.org seit November 2018 eine kostenlose Komplettl\u00f6sung f\u00fcr die B\u00fcroadministration. Neu umfasst diese auch ein CRM.","og_url":"https:\/\/www.organisator.ch\/en\/management\/it\/2019-12-18\/bueroadministration-swiss21-org-wird-um-ein-crm-erweitert\/","og_site_name":"Organisator","article_publisher":"https:\/\/www.facebook.com\/OrganisatorFachmagazin","article_published_time":"2019-12-18T15:05:31+00:00","og_image":[{"width":654,"height":370,"url":"https:\/\/www.organisator.ch\/wp-content\/uploads\/2021\/07\/organisator_2013_3.png","type":"image\/png"}],"author":"thomas.berner","twitter_card":"summary_large_image","twitter_title":"#B\u00fcroadministration: #Swiss21.org wird um ein #CRM erweitert","twitter_description":"F\u00fcr #Kleinunternehmen bietet #swiss21.org seit November 2018 eine kostenlose Komplettl\u00f6sung f\u00fcr die #B\u00fcroadministration. Neu umfasst diese auch ein #CRM.","twitter_image":"https:\/\/www.organisator.ch\/wp-content\/uploads\/2021\/07\/organisator_2013_3.png","schema":{"@context":"https:\/\/schema.org","@graph":[{"@type":"Article","@id":"https:\/\/www.organisator.ch\/management\/it\/2019-12-18\/bueroadministration-swiss21-org-wird-um-ein-crm-erweitert\/#article","isPartOf":{"@id":"https:\/\/www.organisator.ch\/management\/it\/2019-12-18\/bueroadministration-swiss21-org-wird-um-ein-crm-erweitert\/"},"author":{"name":"thomas.berner","@id":"https:\/\/www.organisator.ch\/#\/schema\/person\/6f650f90b2842cd4c0cc334b4e36f67e"},"headline":"B\u00fcroadministration: Swiss21.org wird um ein CRM erweitert","datePublished":"2019-12-18T15:05:31+00:00","mainEntityOfPage":{"@id":"https:\/\/www.organisator.ch\/management\/it\/2019-12-18\/bueroadministration-swiss21-org-wird-um-ein-crm-erweitert\/"},"wordCount":448,"publisher":{"@id":"https:\/\/www.organisator.ch\/#organization"},"image":{"@id":"https:\/\/www.organisator.ch\/management\/it\/2019-12-18\/bueroadministration-swiss21-org-wird-um-ein-crm-erweitert\/#primaryimage"},"thumbnailUrl":"https:\/\/www.organisator.ch\/wp-content\/uploads\/2019\/12\/Bueroadministration-Swiss21org-wird-um-ein-CRM-erweitert_Organisator.jpg","keywords":["IT","IT &amp; Business Software","Marketing","Produkte"],"articleSection":["IT"],"inLanguage":"en-US"},{"@type":"WebPage","@id":"https:\/\/www.organisator.ch\/management\/it\/2019-12-18\/bueroadministration-swiss21-org-wird-um-ein-crm-erweitert\/","url":"https:\/\/www.organisator.ch\/management\/it\/2019-12-18\/bueroadministration-swiss21-org-wird-um-ein-crm-erweitert\/","name":"Office administration: Swiss21.org is extended with a CRM - Organizer","isPartOf":{"@id":"https:\/\/www.organisator.ch\/#website"},"primaryImageOfPage":{"@id":"https:\/\/www.organisator.ch\/management\/it\/2019-12-18\/bueroadministration-swiss21-org-wird-um-ein-crm-erweitert\/#primaryimage"},"image":{"@id":"https:\/\/www.organisator.ch\/management\/it\/2019-12-18\/bueroadministration-swiss21-org-wird-um-ein-crm-erweitert\/#primaryimage"},"thumbnailUrl":"https:\/\/www.organisator.ch\/wp-content\/uploads\/2019\/12\/Bueroadministration-Swiss21org-wird-um-ein-CRM-erweitert_Organisator.jpg","datePublished":"2019-12-18T15:05:31+00:00","description":"For small businesses, swiss21.org has been offering a free complete solution for office administration since November 2018. This now also includes a CRM.","breadcrumb":{"@id":"https:\/\/www.organisator.ch\/management\/it\/2019-12-18\/bueroadministration-swiss21-org-wird-um-ein-crm-erweitert\/#breadcrumb"},"inLanguage":"en-US","potentialAction":[{"@type":"ReadAction","target":["https:\/\/www.organisator.ch\/management\/it\/2019-12-18\/bueroadministration-swiss21-org-wird-um-ein-crm-erweitert\/"]}]},{"@type":"ImageObject","inLanguage":"en-US","@id":"https:\/\/www.organisator.ch\/management\/it\/2019-12-18\/bueroadministration-swiss21-org-wird-um-ein-crm-erweitert\/#primaryimage","url":"https:\/\/www.organisator.ch\/wp-content\/uploads\/2019\/12\/Bueroadministration-Swiss21org-wird-um-ein-CRM-erweitert_Organisator.jpg","contentUrl":"https:\/\/www.organisator.ch\/wp-content\/uploads\/2019\/12\/Bueroadministration-Swiss21org-wird-um-ein-CRM-erweitert_Organisator.jpg","width":680,"height":213,"caption":"B\u00fcroadministration mit Offert- und Rechnungswesen, automatisierte Buchhaltung, einen Online Shop und weitere Funktionen: Swiss21 wird nun um ein CRM erweitert. (Symbolbild: Pixabay.com"},{"@type":"BreadcrumbList","@id":"https:\/\/www.organisator.ch\/management\/it\/2019-12-18\/bueroadministration-swiss21-org-wird-um-ein-crm-erweitert\/#breadcrumb","itemListElement":[{"@type":"ListItem","position":1,"name":"Home","item":"https:\/\/www.organisator.ch\/"},{"@type":"ListItem","position":2,"name":"B\u00fcroadministration: Swiss21.org wird um ein CRM erweitert"}]},{"@type":"WebSite","@id":"https:\/\/www.organisator.ch\/#website","url":"https:\/\/www.organisator.ch\/","name":"Organizer","description":"Competent. Practical. In 10 issues per year, ORGANISATOR presents the essential topics for managers of SMEs.","publisher":{"@id":"https:\/\/www.organisator.ch\/#organization"},"potentialAction":[{"@type":"SearchAction","target":{"@type":"EntryPoint","urlTemplate":"https:\/\/www.organisator.ch\/?s={search_term_string}"},"query-input":{"@type":"PropertyValueSpecification","valueRequired":true,"valueName":"search_term_string"}}],"inLanguage":"en-US"},{"@type":"Organization","@id":"https:\/\/www.organisator.ch\/#organization","name":"Organizer","url":"https:\/\/www.organisator.ch\/","logo":{"@type":"ImageObject","inLanguage":"en-US","@id":"https:\/\/www.organisator.ch\/#\/schema\/logo\/image\/","url":"https:\/\/www.organisator.ch\/wp-content\/uploads\/2022\/01\/Logo_Organisator_Website.png","contentUrl":"https:\/\/www.organisator.ch\/wp-content\/uploads\/2022\/01\/Logo_Organisator_Website.png","width":800,"height":77,"caption":"Organisator"},"image":{"@id":"https:\/\/www.organisator.ch\/#\/schema\/logo\/image\/"},"sameAs":["https:\/\/www.facebook.com\/OrganisatorFachmagazin","https:\/\/www.linkedin.com\/showcase\/organisator-das-magazin-fr-kmu","https:\/\/www.xing.com\/news\/pages\/organisator-ch-695","https:\/\/www.youtube.com\/channel\/UCGP2Sq0iWaZwT3BdIAQFYpw"]},{"@type":"Person","@id":"https:\/\/www.organisator.ch\/#\/schema\/person\/6f650f90b2842cd4c0cc334b4e36f67e","name":"thomas.berner","image":{"@type":"ImageObject","inLanguage":"en-US","@id":"https:\/\/secure.gravatar.com\/avatar\/ac5001d2a36cb6c6cd3e50789007ffca834b477b74a2144564522e944eabff61?s=96&d=mm&r=g","url":"https:\/\/secure.gravatar.com\/avatar\/ac5001d2a36cb6c6cd3e50789007ffca834b477b74a2144564522e944eabff61?s=96&d=mm&r=g","contentUrl":"https:\/\/secure.gravatar.com\/avatar\/ac5001d2a36cb6c6cd3e50789007ffca834b477b74a2144564522e944eabff61?s=96&d=mm&r=g","caption":"thomas.berner"},"url":"https:\/\/www.organisator.ch\/en\/author\/thomas-berner\/"}]}},"_links":{"self":[{"href":"https:\/\/www.organisator.ch\/en\/wp-json\/wp\/v2\/posts\/8620","targetHints":{"allow":["GET"]}}],"collection":[{"href":"https:\/\/www.organisator.ch\/en\/wp-json\/wp\/v2\/posts"}],"about":[{"href":"https:\/\/www.organisator.ch\/en\/wp-json\/wp\/v2\/types\/post"}],"author":[{"embeddable":true,"href":"https:\/\/www.organisator.ch\/en\/wp-json\/wp\/v2\/users\/4"}],"replies":[{"embeddable":true,"href":"https:\/\/www.organisator.ch\/en\/wp-json\/wp\/v2\/comments?post=8620"}],"version-history":[{"count":0,"href":"https:\/\/www.organisator.ch\/en\/wp-json\/wp\/v2\/posts\/8620\/revisions"}],"wp:featuredmedia":[{"embeddable":true,"href":"https:\/\/www.organisator.ch\/en\/wp-json\/wp\/v2\/media\/8544"}],"wp:attachment":[{"href":"https:\/\/www.organisator.ch\/en\/wp-json\/wp\/v2\/media?parent=8620"}],"wp:term":[{"taxonomy":"category","embeddable":true,"href":"https:\/\/www.organisator.ch\/en\/wp-json\/wp\/v2\/categories?post=8620"},{"taxonomy":"post_tag","embeddable":true,"href":"https:\/\/www.organisator.ch\/en\/wp-json\/wp\/v2\/tags?post=8620"}],"curies":[{"name":"wp","href":"https:\/\/api.w.org\/{rel}","templated":true}]}}