{"id":8624,"date":"2020-01-06T10:01:26","date_gmt":"2020-01-06T09:01:26","guid":{"rendered":"https:\/\/www.organisator.ch\/?p=6196"},"modified":"2020-01-06T10:01:26","modified_gmt":"2020-01-06T09:01:26","slug":"stressfrei-durch-veraenderungsprozesse-ein-maerchen","status":"publish","type":"post","link":"https:\/\/www.organisator.ch\/en\/management\/2020-01-06\/stressfrei-durch-veraenderungsprozesse-ein-maerchen\/","title":{"rendered":"Stress-free through change processes - a fairy tale?"},"content":{"rendered":"<figure id=\"attachment_6198\" aria-describedby=\"caption-attachment-6198\" style=\"width: 680px\" class=\"wp-caption alignnone\"><img loading=\"lazy\" decoding=\"async\" class=\"size-medium wp-image-6198\" src=\"https:\/\/www.organisator.ch\/wp-content\/uploads\/2020\/01\/Stressfrei-durch-Veraenderungsprozesse-ein-Maerchen_Organisator.jpg\" alt=\"\" width=\"680\" height=\"463\" \/><figcaption id=\"caption-attachment-6198\" class=\"wp-caption-text\">Michael Hoffmann from Nova Change presents a modern seminar concept for change processes. (Image: zVg Nova Change)<\/figcaption><\/figure>\n<p>In itself, a change on the emotional level does not yet bode well for the employees. For those affected, an innovation means on the one hand a learning effort and on the other hand uncertainty with regard to the outcome and personal consequences of the entire undertaking - even opportunities are something uncertain. This conceals the potential for so-called resistance, which from a systemic perspective represents a striving for stability and security, which is important for all people - to varying degrees, of course.<\/p>\n<h2>What exactly makes change projects challenging?<\/h2>\n<p>The more stable your initial situation is in the perception of those affected, the greater the potential for resistance. It should be noted that one's own perception as a manager or initiator does not correspond to the perception of all those affected. Although the triggers for change are often technical and\/or strategic in nature, change projects very quickly move to an emotional level. In this context, the relevant competencies of middle and senior management, but also of employees in dealing with change, play a decisive role. What is particularly often needed are specific, soft competencies within the organization. This is also reflected in the survey conducted on Xing by Nova Change, a cooperation network consisting of several management consultants from Germany and Switzerland.<\/p>\n<h2>A fairy godmother for change processes?<\/h2>\n<p>In response to the question, \"What wishes in relation to the change processes would you address to a fairy godmother?\", managers and those affected responded with the following statements, among others:<\/p>\n<ul>\n<li>let the results become visible faster and keep the motivation,<\/li>\n<li>Strengthen employees' self-management skills in dealing with their own fears and resistance,<\/li>\n<li>improve confidence in the experience of managers,<\/li>\n<li>let management model the change and put their heart into it,<\/li>\n<li>please ... make the others believe in the positive of a change and see more chance than risk!<\/li>\n<\/ul>\n<h2>Using modern adult education methodology to train how to deal with change<\/h2>\n<p>Unfortunately, good fairies only exist in fairy tales... or do they? Nova Change seems to have found one, in the form of a modern learning EDP and adult education methodology designed specifically for facilitation and training in change projects - Actee Change. The system is already widely established in Denmark as well as in some Northern European countries. With excitement, curiosity and joy, this methodology allows to understand the emotional side in change management in a very short time and to train how to deal with it. You can experience how this works at an event in Solothurn.<\/p>\n<p><em>Seminar: Change Management beGREIFEN <\/em><br \/>\n<em>Where: Coworking Uferbau, Ritterquai 8, 4500 Solothurn <\/em><br \/>\n<em>When: 06.02.2020 09:00 - 16:00 <\/em><br \/>\n<em>Information and registration: <a href=\"https:\/\/www.xing.com\/events\/2391274\">https:\/\/www.xing.com\/events\/2391274<\/a><\/em><\/p>","protected":false},"excerpt":{"rendered":"<p>An sich verspricht eine Ver\u00e4nderung auf der emotionalen Ebene f\u00fcr die Mitarbeitenden noch nichts Gutes. Eine Neuerung bedeutet f\u00fcr die Betroffenen einerseits einen Lernaufwand und andererseits eine Ungewissheit in Bezug auf den Ausgang und pers\u00f6nliche Konsequenzen des gesamten Vorhabens \u2013 auch Chancen sind etwas Ungewisses. Darin verbirgt sich das Potenzial f\u00fcr den sogenannten Widerstand, der [&hellip;]<\/p>\n","protected":false},"author":4,"featured_media":8548,"comment_status":"closed","ping_status":"closed","sticky":false,"template":"","format":"standard","meta":{"_acf_changed":false,"_yoast_wpseo_focuskw":"Ver\u00e4nderungsprozesse","_yoast_wpseo_metadesc":"Ver\u00e4nderungsprozesse sind in der heutigen Gesch\u00e4ftswelt eine allt\u00e4gliche Herausforderung, die nicht selten mit Emotionen und Spannungen verbunden sind.","articlekey":"","footnotes":""},"categories":[28],"tags":[62,193,335,430],"class_list":["post-8624","post","type-post","status-publish","format-standard","has-post-thumbnail","hentry","category-management","tag-aus-weiterbildung","tag-fachkongressfachmesse","tag-management-und-unternehmensfuehrung","tag-seminar"],"acf":[],"yoast_head":"<!-- This site is optimized with the Yoast SEO plugin v27.4 - https:\/\/yoast.com\/product\/yoast-seo-wordpress\/ -->\n<title>Stressfrei durch Ver\u00e4nderungsprozesse \u2013 ein M\u00e4rchen? - Organisator<\/title>\n<meta name=\"description\" content=\"Ver\u00e4nderungsprozesse sind in der heutigen Gesch\u00e4ftswelt eine allt\u00e4gliche Herausforderung, die nicht selten mit Emotionen und Spannungen verbunden sind.\" \/>\n<meta name=\"robots\" content=\"index, follow, max-snippet:-1, max-image-preview:large, max-video-preview:-1\" \/>\n<link rel=\"canonical\" href=\"https:\/\/www.organisator.ch\/en\/management\/2020-01-06\/stressfrei-durch-veraenderungsprozesse-ein-maerchen\/\" \/>\n<meta property=\"og:locale\" content=\"en_US\" \/>\n<meta property=\"og:type\" content=\"article\" \/>\n<meta property=\"og:title\" content=\"Stressfrei durch Ver\u00e4nderungsprozesse \u2013 ein M\u00e4rchen?\" \/>\n<meta property=\"og:description\" content=\"Ver\u00e4nderungsprozesse sind in der heutigen Gesch\u00e4ftswelt eine allt\u00e4gliche Herausforderung, die nicht selten mit Emotionen und Spannungen verbunden sind.\" \/>\n<meta property=\"og:url\" content=\"https:\/\/www.organisator.ch\/en\/management\/2020-01-06\/stressfrei-durch-veraenderungsprozesse-ein-maerchen\/\" \/>\n<meta property=\"og:site_name\" content=\"Organisator\" \/>\n<meta property=\"article:publisher\" content=\"https:\/\/www.facebook.com\/OrganisatorFachmagazin\" \/>\n<meta property=\"article:published_time\" content=\"2020-01-06T09:01:26+00:00\" \/>\n<meta name=\"author\" content=\"thomas.berner\" \/>\n<meta name=\"twitter:card\" content=\"summary_large_image\" \/>\n<meta name=\"twitter:title\" content=\"Stressfrei durch #Ver\u00e4nderungsprozesse \u2013 ein #M\u00e4rchen?\" \/>\n<meta name=\"twitter:description\" content=\"#Ver\u00e4nderungsprozesse sind in der heutigen Gesch\u00e4ftswelt eine allt\u00e4gliche Herausforderung, die nicht selten mit #Emotionen und Spannungen verbunden sind.\" \/>\n<script type=\"application\/ld+json\" class=\"yoast-schema-graph\">{\"@context\":\"https:\\\/\\\/schema.org\",\"@graph\":[{\"@type\":\"Article\",\"@id\":\"https:\\\/\\\/www.organisator.ch\\\/management\\\/2020-01-06\\\/stressfrei-durch-veraenderungsprozesse-ein-maerchen\\\/#article\",\"isPartOf\":{\"@id\":\"https:\\\/\\\/www.organisator.ch\\\/management\\\/2020-01-06\\\/stressfrei-durch-veraenderungsprozesse-ein-maerchen\\\/\"},\"author\":{\"name\":\"thomas.berner\",\"@id\":\"https:\\\/\\\/www.organisator.ch\\\/#\\\/schema\\\/person\\\/6f650f90b2842cd4c0cc334b4e36f67e\"},\"headline\":\"Stressfrei durch Ver\u00e4nderungsprozesse \u2013 ein M\u00e4rchen?\",\"datePublished\":\"2020-01-06T09:01:26+00:00\",\"mainEntityOfPage\":{\"@id\":\"https:\\\/\\\/www.organisator.ch\\\/management\\\/2020-01-06\\\/stressfrei-durch-veraenderungsprozesse-ein-maerchen\\\/\"},\"wordCount\":477,\"publisher\":{\"@id\":\"https:\\\/\\\/www.organisator.ch\\\/#organization\"},\"image\":{\"@id\":\"https:\\\/\\\/www.organisator.ch\\\/management\\\/2020-01-06\\\/stressfrei-durch-veraenderungsprozesse-ein-maerchen\\\/#primaryimage\"},\"thumbnailUrl\":\"https:\\\/\\\/www.organisator.ch\\\/wp-content\\\/uploads\\\/2020\\\/01\\\/Stressfrei-durch-Veraenderungsprozesse-ein-Maerchen_Organisator.jpg\",\"keywords\":[\"Aus-\\\/Weiterbildung\",\"Fachkongress\\\/Fachmesse\",\"Management und Unternehmensf\u00fchrung\",\"Seminar\"],\"articleSection\":[\"MANAGEMENT\"],\"inLanguage\":\"en-US\"},{\"@type\":\"WebPage\",\"@id\":\"https:\\\/\\\/www.organisator.ch\\\/management\\\/2020-01-06\\\/stressfrei-durch-veraenderungsprozesse-ein-maerchen\\\/\",\"url\":\"https:\\\/\\\/www.organisator.ch\\\/management\\\/2020-01-06\\\/stressfrei-durch-veraenderungsprozesse-ein-maerchen\\\/\",\"name\":\"Stressfrei durch Ver\u00e4nderungsprozesse \u2013 ein M\u00e4rchen? - Organisator\",\"isPartOf\":{\"@id\":\"https:\\\/\\\/www.organisator.ch\\\/#website\"},\"primaryImageOfPage\":{\"@id\":\"https:\\\/\\\/www.organisator.ch\\\/management\\\/2020-01-06\\\/stressfrei-durch-veraenderungsprozesse-ein-maerchen\\\/#primaryimage\"},\"image\":{\"@id\":\"https:\\\/\\\/www.organisator.ch\\\/management\\\/2020-01-06\\\/stressfrei-durch-veraenderungsprozesse-ein-maerchen\\\/#primaryimage\"},\"thumbnailUrl\":\"https:\\\/\\\/www.organisator.ch\\\/wp-content\\\/uploads\\\/2020\\\/01\\\/Stressfrei-durch-Veraenderungsprozesse-ein-Maerchen_Organisator.jpg\",\"datePublished\":\"2020-01-06T09:01:26+00:00\",\"description\":\"Ver\u00e4nderungsprozesse sind in der heutigen Gesch\u00e4ftswelt eine allt\u00e4gliche Herausforderung, die nicht selten mit Emotionen und Spannungen verbunden sind.\",\"breadcrumb\":{\"@id\":\"https:\\\/\\\/www.organisator.ch\\\/management\\\/2020-01-06\\\/stressfrei-durch-veraenderungsprozesse-ein-maerchen\\\/#breadcrumb\"},\"inLanguage\":\"en-US\",\"potentialAction\":[{\"@type\":\"ReadAction\",\"target\":[\"https:\\\/\\\/www.organisator.ch\\\/management\\\/2020-01-06\\\/stressfrei-durch-veraenderungsprozesse-ein-maerchen\\\/\"]}]},{\"@type\":\"ImageObject\",\"inLanguage\":\"en-US\",\"@id\":\"https:\\\/\\\/www.organisator.ch\\\/management\\\/2020-01-06\\\/stressfrei-durch-veraenderungsprozesse-ein-maerchen\\\/#primaryimage\",\"url\":\"https:\\\/\\\/www.organisator.ch\\\/wp-content\\\/uploads\\\/2020\\\/01\\\/Stressfrei-durch-Veraenderungsprozesse-ein-Maerchen_Organisator.jpg\",\"contentUrl\":\"https:\\\/\\\/www.organisator.ch\\\/wp-content\\\/uploads\\\/2020\\\/01\\\/Stressfrei-durch-Veraenderungsprozesse-ein-Maerchen_Organisator.jpg\",\"width\":680,\"height\":463,\"caption\":\"Michael Hoffmann von Nova Change pr\u00e4sentiert ein modernes Seminarkonzept f\u00fcr Ver\u00e4nderungsprozesse. (Bild: zVg Nova Change)\"},{\"@type\":\"BreadcrumbList\",\"@id\":\"https:\\\/\\\/www.organisator.ch\\\/management\\\/2020-01-06\\\/stressfrei-durch-veraenderungsprozesse-ein-maerchen\\\/#breadcrumb\",\"itemListElement\":[{\"@type\":\"ListItem\",\"position\":1,\"name\":\"Home\",\"item\":\"https:\\\/\\\/www.organisator.ch\\\/\"},{\"@type\":\"ListItem\",\"position\":2,\"name\":\"Stressfrei durch Ver\u00e4nderungsprozesse \u2013 ein M\u00e4rchen?\"}]},{\"@type\":\"WebSite\",\"@id\":\"https:\\\/\\\/www.organisator.ch\\\/#website\",\"url\":\"https:\\\/\\\/www.organisator.ch\\\/\",\"name\":\"Organisator\",\"description\":\"Kompetent. Praxisnah. Der ORGANISATOR bereitet in 10 Ausgaben pro Jahr die wesentlichen Themen f\u00fcr F\u00fchrungskr\u00e4fte von KMU auf.\",\"publisher\":{\"@id\":\"https:\\\/\\\/www.organisator.ch\\\/#organization\"},\"potentialAction\":[{\"@type\":\"SearchAction\",\"target\":{\"@type\":\"EntryPoint\",\"urlTemplate\":\"https:\\\/\\\/www.organisator.ch\\\/?s={search_term_string}\"},\"query-input\":{\"@type\":\"PropertyValueSpecification\",\"valueRequired\":true,\"valueName\":\"search_term_string\"}}],\"inLanguage\":\"en-US\"},{\"@type\":\"Organization\",\"@id\":\"https:\\\/\\\/www.organisator.ch\\\/#organization\",\"name\":\"Organisator\",\"url\":\"https:\\\/\\\/www.organisator.ch\\\/\",\"logo\":{\"@type\":\"ImageObject\",\"inLanguage\":\"en-US\",\"@id\":\"https:\\\/\\\/www.organisator.ch\\\/#\\\/schema\\\/logo\\\/image\\\/\",\"url\":\"https:\\\/\\\/www.organisator.ch\\\/wp-content\\\/uploads\\\/2022\\\/01\\\/Logo_Organisator_Website.png\",\"contentUrl\":\"https:\\\/\\\/www.organisator.ch\\\/wp-content\\\/uploads\\\/2022\\\/01\\\/Logo_Organisator_Website.png\",\"width\":800,\"height\":77,\"caption\":\"Organisator\"},\"image\":{\"@id\":\"https:\\\/\\\/www.organisator.ch\\\/#\\\/schema\\\/logo\\\/image\\\/\"},\"sameAs\":[\"https:\\\/\\\/www.facebook.com\\\/OrganisatorFachmagazin\",\"https:\\\/\\\/www.linkedin.com\\\/showcase\\\/organisator-das-magazin-fr-kmu\",\"https:\\\/\\\/www.xing.com\\\/news\\\/pages\\\/organisator-ch-695\",\"https:\\\/\\\/www.youtube.com\\\/channel\\\/UCGP2Sq0iWaZwT3BdIAQFYpw\"]},{\"@type\":\"Person\",\"@id\":\"https:\\\/\\\/www.organisator.ch\\\/#\\\/schema\\\/person\\\/6f650f90b2842cd4c0cc334b4e36f67e\",\"name\":\"thomas.berner\",\"image\":{\"@type\":\"ImageObject\",\"inLanguage\":\"en-US\",\"@id\":\"https:\\\/\\\/secure.gravatar.com\\\/avatar\\\/ac5001d2a36cb6c6cd3e50789007ffca834b477b74a2144564522e944eabff61?s=96&d=mm&r=g\",\"url\":\"https:\\\/\\\/secure.gravatar.com\\\/avatar\\\/ac5001d2a36cb6c6cd3e50789007ffca834b477b74a2144564522e944eabff61?s=96&d=mm&r=g\",\"contentUrl\":\"https:\\\/\\\/secure.gravatar.com\\\/avatar\\\/ac5001d2a36cb6c6cd3e50789007ffca834b477b74a2144564522e944eabff61?s=96&d=mm&r=g\",\"caption\":\"thomas.berner\"},\"url\":\"https:\\\/\\\/www.organisator.ch\\\/en\\\/author\\\/thomas-berner\\\/\"}]}<\/script>\n<!-- \/ Yoast SEO plugin. -->","yoast_head_json":{"title":"Stress-free through change processes - a fairy tale? - Organizer","description":"In today's business world, change processes are an everyday challenge that are not infrequently associated with emotions and tensions.","robots":{"index":"index","follow":"follow","max-snippet":"max-snippet:-1","max-image-preview":"max-image-preview:large","max-video-preview":"max-video-preview:-1"},"canonical":"https:\/\/www.organisator.ch\/en\/management\/2020-01-06\/stressfrei-durch-veraenderungsprozesse-ein-maerchen\/","og_locale":"en_US","og_type":"article","og_title":"Stressfrei durch Ver\u00e4nderungsprozesse \u2013 ein M\u00e4rchen?","og_description":"Ver\u00e4nderungsprozesse sind in der heutigen Gesch\u00e4ftswelt eine allt\u00e4gliche Herausforderung, die nicht selten mit Emotionen und Spannungen verbunden sind.","og_url":"https:\/\/www.organisator.ch\/en\/management\/2020-01-06\/stressfrei-durch-veraenderungsprozesse-ein-maerchen\/","og_site_name":"Organisator","article_publisher":"https:\/\/www.facebook.com\/OrganisatorFachmagazin","article_published_time":"2020-01-06T09:01:26+00:00","author":"thomas.berner","twitter_card":"summary_large_image","twitter_title":"Stressfrei durch #Ver\u00e4nderungsprozesse \u2013 ein #M\u00e4rchen?","twitter_description":"#Ver\u00e4nderungsprozesse sind in der heutigen Gesch\u00e4ftswelt eine allt\u00e4gliche Herausforderung, die nicht selten mit #Emotionen und Spannungen verbunden sind.","schema":{"@context":"https:\/\/schema.org","@graph":[{"@type":"Article","@id":"https:\/\/www.organisator.ch\/management\/2020-01-06\/stressfrei-durch-veraenderungsprozesse-ein-maerchen\/#article","isPartOf":{"@id":"https:\/\/www.organisator.ch\/management\/2020-01-06\/stressfrei-durch-veraenderungsprozesse-ein-maerchen\/"},"author":{"name":"thomas.berner","@id":"https:\/\/www.organisator.ch\/#\/schema\/person\/6f650f90b2842cd4c0cc334b4e36f67e"},"headline":"Stressfrei durch Ver\u00e4nderungsprozesse \u2013 ein M\u00e4rchen?","datePublished":"2020-01-06T09:01:26+00:00","mainEntityOfPage":{"@id":"https:\/\/www.organisator.ch\/management\/2020-01-06\/stressfrei-durch-veraenderungsprozesse-ein-maerchen\/"},"wordCount":477,"publisher":{"@id":"https:\/\/www.organisator.ch\/#organization"},"image":{"@id":"https:\/\/www.organisator.ch\/management\/2020-01-06\/stressfrei-durch-veraenderungsprozesse-ein-maerchen\/#primaryimage"},"thumbnailUrl":"https:\/\/www.organisator.ch\/wp-content\/uploads\/2020\/01\/Stressfrei-durch-Veraenderungsprozesse-ein-Maerchen_Organisator.jpg","keywords":["Aus-\/Weiterbildung","Fachkongress\/Fachmesse","Management und Unternehmensf\u00fchrung","Seminar"],"articleSection":["MANAGEMENT"],"inLanguage":"en-US"},{"@type":"WebPage","@id":"https:\/\/www.organisator.ch\/management\/2020-01-06\/stressfrei-durch-veraenderungsprozesse-ein-maerchen\/","url":"https:\/\/www.organisator.ch\/management\/2020-01-06\/stressfrei-durch-veraenderungsprozesse-ein-maerchen\/","name":"Stress-free through change processes - a fairy tale? - Organizer","isPartOf":{"@id":"https:\/\/www.organisator.ch\/#website"},"primaryImageOfPage":{"@id":"https:\/\/www.organisator.ch\/management\/2020-01-06\/stressfrei-durch-veraenderungsprozesse-ein-maerchen\/#primaryimage"},"image":{"@id":"https:\/\/www.organisator.ch\/management\/2020-01-06\/stressfrei-durch-veraenderungsprozesse-ein-maerchen\/#primaryimage"},"thumbnailUrl":"https:\/\/www.organisator.ch\/wp-content\/uploads\/2020\/01\/Stressfrei-durch-Veraenderungsprozesse-ein-Maerchen_Organisator.jpg","datePublished":"2020-01-06T09:01:26+00:00","description":"In today's business world, change processes are an everyday challenge that are not infrequently associated with emotions and tensions.","breadcrumb":{"@id":"https:\/\/www.organisator.ch\/management\/2020-01-06\/stressfrei-durch-veraenderungsprozesse-ein-maerchen\/#breadcrumb"},"inLanguage":"en-US","potentialAction":[{"@type":"ReadAction","target":["https:\/\/www.organisator.ch\/management\/2020-01-06\/stressfrei-durch-veraenderungsprozesse-ein-maerchen\/"]}]},{"@type":"ImageObject","inLanguage":"en-US","@id":"https:\/\/www.organisator.ch\/management\/2020-01-06\/stressfrei-durch-veraenderungsprozesse-ein-maerchen\/#primaryimage","url":"https:\/\/www.organisator.ch\/wp-content\/uploads\/2020\/01\/Stressfrei-durch-Veraenderungsprozesse-ein-Maerchen_Organisator.jpg","contentUrl":"https:\/\/www.organisator.ch\/wp-content\/uploads\/2020\/01\/Stressfrei-durch-Veraenderungsprozesse-ein-Maerchen_Organisator.jpg","width":680,"height":463,"caption":"Michael Hoffmann von Nova Change pr\u00e4sentiert ein modernes Seminarkonzept f\u00fcr Ver\u00e4nderungsprozesse. (Bild: zVg Nova Change)"},{"@type":"BreadcrumbList","@id":"https:\/\/www.organisator.ch\/management\/2020-01-06\/stressfrei-durch-veraenderungsprozesse-ein-maerchen\/#breadcrumb","itemListElement":[{"@type":"ListItem","position":1,"name":"Home","item":"https:\/\/www.organisator.ch\/"},{"@type":"ListItem","position":2,"name":"Stressfrei durch Ver\u00e4nderungsprozesse \u2013 ein M\u00e4rchen?"}]},{"@type":"WebSite","@id":"https:\/\/www.organisator.ch\/#website","url":"https:\/\/www.organisator.ch\/","name":"Organizer","description":"Competent. Practical. In 10 issues per year, ORGANISATOR presents the essential topics for managers of SMEs.","publisher":{"@id":"https:\/\/www.organisator.ch\/#organization"},"potentialAction":[{"@type":"SearchAction","target":{"@type":"EntryPoint","urlTemplate":"https:\/\/www.organisator.ch\/?s={search_term_string}"},"query-input":{"@type":"PropertyValueSpecification","valueRequired":true,"valueName":"search_term_string"}}],"inLanguage":"en-US"},{"@type":"Organization","@id":"https:\/\/www.organisator.ch\/#organization","name":"Organizer","url":"https:\/\/www.organisator.ch\/","logo":{"@type":"ImageObject","inLanguage":"en-US","@id":"https:\/\/www.organisator.ch\/#\/schema\/logo\/image\/","url":"https:\/\/www.organisator.ch\/wp-content\/uploads\/2022\/01\/Logo_Organisator_Website.png","contentUrl":"https:\/\/www.organisator.ch\/wp-content\/uploads\/2022\/01\/Logo_Organisator_Website.png","width":800,"height":77,"caption":"Organisator"},"image":{"@id":"https:\/\/www.organisator.ch\/#\/schema\/logo\/image\/"},"sameAs":["https:\/\/www.facebook.com\/OrganisatorFachmagazin","https:\/\/www.linkedin.com\/showcase\/organisator-das-magazin-fr-kmu","https:\/\/www.xing.com\/news\/pages\/organisator-ch-695","https:\/\/www.youtube.com\/channel\/UCGP2Sq0iWaZwT3BdIAQFYpw"]},{"@type":"Person","@id":"https:\/\/www.organisator.ch\/#\/schema\/person\/6f650f90b2842cd4c0cc334b4e36f67e","name":"thomas.berner","image":{"@type":"ImageObject","inLanguage":"en-US","@id":"https:\/\/secure.gravatar.com\/avatar\/ac5001d2a36cb6c6cd3e50789007ffca834b477b74a2144564522e944eabff61?s=96&d=mm&r=g","url":"https:\/\/secure.gravatar.com\/avatar\/ac5001d2a36cb6c6cd3e50789007ffca834b477b74a2144564522e944eabff61?s=96&d=mm&r=g","contentUrl":"https:\/\/secure.gravatar.com\/avatar\/ac5001d2a36cb6c6cd3e50789007ffca834b477b74a2144564522e944eabff61?s=96&d=mm&r=g","caption":"thomas.berner"},"url":"https:\/\/www.organisator.ch\/en\/author\/thomas-berner\/"}]}},"_links":{"self":[{"href":"https:\/\/www.organisator.ch\/en\/wp-json\/wp\/v2\/posts\/8624","targetHints":{"allow":["GET"]}}],"collection":[{"href":"https:\/\/www.organisator.ch\/en\/wp-json\/wp\/v2\/posts"}],"about":[{"href":"https:\/\/www.organisator.ch\/en\/wp-json\/wp\/v2\/types\/post"}],"author":[{"embeddable":true,"href":"https:\/\/www.organisator.ch\/en\/wp-json\/wp\/v2\/users\/4"}],"replies":[{"embeddable":true,"href":"https:\/\/www.organisator.ch\/en\/wp-json\/wp\/v2\/comments?post=8624"}],"version-history":[{"count":0,"href":"https:\/\/www.organisator.ch\/en\/wp-json\/wp\/v2\/posts\/8624\/revisions"}],"wp:featuredmedia":[{"embeddable":true,"href":"https:\/\/www.organisator.ch\/en\/wp-json\/wp\/v2\/media\/8548"}],"wp:attachment":[{"href":"https:\/\/www.organisator.ch\/en\/wp-json\/wp\/v2\/media?parent=8624"}],"wp:term":[{"taxonomy":"category","embeddable":true,"href":"https:\/\/www.organisator.ch\/en\/wp-json\/wp\/v2\/categories?post=8624"},{"taxonomy":"post_tag","embeddable":true,"href":"https:\/\/www.organisator.ch\/en\/wp-json\/wp\/v2\/tags?post=8624"}],"curies":[{"name":"wp","href":"https:\/\/api.w.org\/{rel}","templated":true}]}}