{"id":8628,"date":"2020-01-08T15:46:59","date_gmt":"2020-01-08T14:46:59","guid":{"rendered":"https:\/\/www.organisator.ch\/?p=6209"},"modified":"2020-01-08T15:46:59","modified_gmt":"2020-01-08T14:46:59","slug":"schweizer-arbeitsmarkt-2020-sechs-gruende-fuer-optimismus","status":"publish","type":"post","link":"https:\/\/www.organisator.ch\/en\/human-resources\/hrm\/2020-01-08\/schweizer-arbeitsmarkt-2020-sechs-gruende-fuer-optimismus\/","title":{"rendered":"Swiss Labor Market 2020: Six Reasons for Optimism"},"content":{"rendered":"<figure id=\"attachment_6210\" aria-describedby=\"caption-attachment-6210\" style=\"width: 680px\" class=\"wp-caption alignnone\"><img loading=\"lazy\" decoding=\"async\" class=\"size-medium wp-image-6210\" src=\"https:\/\/www.organisator.ch\/wp-content\/uploads\/2020\/01\/Schweizer-Arbeitsmarkt-2020-Sechs-Gruende-fuer-Optimismus_Organisator.jpg\" alt=\"\" width=\"680\" height=\"402\" \/><figcaption id=\"caption-attachment-6210\" class=\"wp-caption-text\">Swiss labor market 2020: demand for skilled workers continues to boom in the new year. (Image: Pixabay.com)<\/figcaption><\/figure>\n<p>The Michael Page Swiss Job Index measures the number of vacancies advertised on company websites throughout Switzerland and highlights the most important trends on a monthly basis. The finding at the start of the new year: Demand for skilled workers is still booming in 2020, with many industries experiencing a significant shortage of qualified applicants. Employers are investing considerable resources to attract and retain well-trained specialists.<\/p>\n<h2>Six reasons for optimism on the Swiss labor market in 2020<\/h2>\n<ol>\n<li>The number of advertised jobs increased by +8.4 % year-on-year (December 2018 - December 2019): according to the Michael Page Swiss Job Index (December 2019), many occupations have double-digit growth rates and are above the national average. For example, annual growth in advertised IT jobs reached +16.0 %.<\/li>\n<li>Demand is outstripping supply for many specialist jobs: these include IT, facilities and building information managers, as well as planning and logistics specialists. Robust demand for IT specialists is driven by the ongoing digital transformation programs of organizations across all industries - but especially in financial services. Demand for logistics and planning specialists is driven by significant growth in online retail during the holiday season. The growth in advertised jobs for real estate specialists is related to demand for both new construction and remodeling projects.<\/li>\n<li>According to the PageGroup Confidence Index (Q4 2019), 50.0 % of applicants are confident they will find a job within three months. In addition, three-quarters of applicants are willing to do temporary or interim work. Their main motivation here is the possibility of converting such jobs into full-time positions or acquiring new skills to improve their chances of finding a permanent position elsewhere.<\/li>\n<li>Salary expectations have increased: Two-thirds of candidates expect a salary increase of 5 % or more, according to PageGroup's Q4 2019 Confidence Index, and 81.9 % say this is important when choosing an employer. But money isn't everything - three key factors are weighted more heavily than a salary increase: good working relationships with supervisors and colleagues (97.2 %), working for an organization that takes its social responsibilities seriously (85.9 %), and access to training opportunities (85.6 %).<\/li>\n<li>Companies invest in sales jobs: The higher the investment in sales, the greater the confidence of company leaders in rising demand and higher earnings. Advertised sales jobs grew by +8.5 % year-on-year across Switzerland - particularly in specialist areas such as pharmaceuticals, medical technology and IT.<\/li>\n<li>The need for new skills is growing: For example, in 2019, jobs requiring skills in the field of artificial intelligence appeared for the first time in the Michael Page Swiss Job Index. The gap between demand and supply of suitably qualified applicants is so large that companies are advertising positions for AI interns in the hope of securing such talent early on.<br \/>\nThe \"Greta effect\" is also making itself felt: The number of advertised jobs in the eco sector, for example for environmental scientists, has increased significantly in the last 12 months - since Greta Thunberg appeared on the international scene.<\/li>\n<\/ol>\n<h2>Applicants drive the market<\/h2>\n<p>\"Recruiting top talent will continue to be a challenge for employers in 2020 as we find ourselves in a candidate-driven market in many industries,\" comments Nicolai Mikkelsen, Executive Director at Michael Page. \"We recommend employers streamline their recruitment processes to attract the best candidates.  In addition, they should be prepared to accept the second or third candidate on their shortlist, as the top candidates will accept one of many offers during the recruitment process.\"<\/p>\n<p><em>Source and further information: <a href=\"http:\/\/www.michaelpage.ch\">www.michaelpage.ch<\/a><\/em><\/p>","protected":false},"excerpt":{"rendered":"<p>Der Michael Page Swiss Job Index misst die Zahl der ausgeschriebenen Vakanzen auf Unternehmenswebseiten in der ganzen Schweiz und zeigt monatlich die wichtigsten Trends auf. Die Feststellung zu Beginn des neuen Jahres: Die Nachfrage nach Fachkr\u00e4ften boomt auch im Jahr 2020. In vielen Branchen herrscht ein erheblicher Mangel an qualifizierten Bewerbern. Arbeitgeber investieren betr\u00e4chtliche Mittel, [&hellip;]<\/p>\n","protected":false},"author":4,"featured_media":8552,"comment_status":"closed","ping_status":"closed","sticky":false,"template":"","format":"standard","meta":{"_acf_changed":false,"_yoast_wpseo_focuskw":"Schweizer Arbeitsmarkt 2020","_yoast_wpseo_metadesc":"Der Swiss Job Index und der Confidence Index der PageGroup liefern sechs Hauptgr\u00fcnde f\u00fcr Optimismus am Schweizer Arbeitsmarkt 2020.","articlekey":"","footnotes":""},"categories":[26],"tags":[47,194,254,459],"class_list":["post-8628","post","type-post","status-publish","format-standard","has-post-thumbnail","hentry","category-hrm","tag-arbeitsmarkt","tag-fachkraeftemangel","tag-hrm","tag-studie"],"acf":[],"yoast_head":"<!-- This site is optimized with the Yoast SEO plugin v27.4 - https:\/\/yoast.com\/product\/yoast-seo-wordpress\/ -->\n<title>Schweizer Arbeitsmarkt 2020: Sechs Gr\u00fcnde f\u00fcr Optimismus - Organisator<\/title>\n<meta name=\"description\" content=\"Der Swiss Job Index und der Confidence Index der PageGroup liefern sechs Hauptgr\u00fcnde f\u00fcr Optimismus am Schweizer Arbeitsmarkt 2020.\" \/>\n<meta name=\"robots\" content=\"index, follow, max-snippet:-1, max-image-preview:large, max-video-preview:-1\" \/>\n<link rel=\"canonical\" href=\"https:\/\/www.organisator.ch\/en\/human-resources\/hrm\/2020-01-08\/schweizer-arbeitsmarkt-2020-sechs-gruende-fuer-optimismus\/\" \/>\n<meta property=\"og:locale\" content=\"en_US\" \/>\n<meta property=\"og:type\" content=\"article\" \/>\n<meta property=\"og:title\" content=\"Schweizer Arbeitsmarkt 2020: Sechs Gr\u00fcnde f\u00fcr Optimismus\" \/>\n<meta property=\"og:description\" content=\"Der Swiss Job Index und der Confidence Index der PageGroup liefern sechs Hauptgr\u00fcnde f\u00fcr Optimismus am Schweizer Arbeitsmarkt 2020.\" \/>\n<meta property=\"og:url\" content=\"https:\/\/www.organisator.ch\/en\/human-resources\/hrm\/2020-01-08\/schweizer-arbeitsmarkt-2020-sechs-gruende-fuer-optimismus\/\" \/>\n<meta property=\"og:site_name\" content=\"Organisator\" \/>\n<meta property=\"article:publisher\" content=\"https:\/\/www.facebook.com\/OrganisatorFachmagazin\" \/>\n<meta property=\"article:published_time\" content=\"2020-01-08T14:46:59+00:00\" \/>\n<meta name=\"author\" content=\"thomas.berner\" \/>\n<meta name=\"twitter:card\" content=\"summary_large_image\" \/>\n<meta name=\"twitter:title\" content=\"Schweizer #Arbeitsmarkt 2020: Sechs Gr\u00fcnde f\u00fcr #Optimismus\" \/>\n<meta name=\"twitter:description\" content=\"Der Swiss Job Index und der Confidence Index der #PageGroup liefern sechs #Hauptgr\u00fcnde f\u00fcr #Optimismus am Schweizer #Arbeitsmarkt 2020.\" \/>\n<script type=\"application\/ld+json\" class=\"yoast-schema-graph\">{\"@context\":\"https:\\\/\\\/schema.org\",\"@graph\":[{\"@type\":\"Article\",\"@id\":\"https:\\\/\\\/www.organisator.ch\\\/human-resources\\\/hrm\\\/2020-01-08\\\/schweizer-arbeitsmarkt-2020-sechs-gruende-fuer-optimismus\\\/#article\",\"isPartOf\":{\"@id\":\"https:\\\/\\\/www.organisator.ch\\\/human-resources\\\/hrm\\\/2020-01-08\\\/schweizer-arbeitsmarkt-2020-sechs-gruende-fuer-optimismus\\\/\"},\"author\":{\"name\":\"thomas.berner\",\"@id\":\"https:\\\/\\\/www.organisator.ch\\\/#\\\/schema\\\/person\\\/6f650f90b2842cd4c0cc334b4e36f67e\"},\"headline\":\"Schweizer Arbeitsmarkt 2020: Sechs Gr\u00fcnde f\u00fcr Optimismus\",\"datePublished\":\"2020-01-08T14:46:59+00:00\",\"mainEntityOfPage\":{\"@id\":\"https:\\\/\\\/www.organisator.ch\\\/human-resources\\\/hrm\\\/2020-01-08\\\/schweizer-arbeitsmarkt-2020-sechs-gruende-fuer-optimismus\\\/\"},\"wordCount\":606,\"publisher\":{\"@id\":\"https:\\\/\\\/www.organisator.ch\\\/#organization\"},\"image\":{\"@id\":\"https:\\\/\\\/www.organisator.ch\\\/human-resources\\\/hrm\\\/2020-01-08\\\/schweizer-arbeitsmarkt-2020-sechs-gruende-fuer-optimismus\\\/#primaryimage\"},\"thumbnailUrl\":\"https:\\\/\\\/www.organisator.ch\\\/wp-content\\\/uploads\\\/2020\\\/01\\\/Schweizer-Arbeitsmarkt-2020-Sechs-Gruende-fuer-Optimismus_Organisator.jpg\",\"keywords\":[\"Arbeitsmarkt\",\"Fachkr\u00e4ftemangel\",\"HRM\",\"Studie\"],\"articleSection\":[\"HRM\"],\"inLanguage\":\"en-US\"},{\"@type\":\"WebPage\",\"@id\":\"https:\\\/\\\/www.organisator.ch\\\/human-resources\\\/hrm\\\/2020-01-08\\\/schweizer-arbeitsmarkt-2020-sechs-gruende-fuer-optimismus\\\/\",\"url\":\"https:\\\/\\\/www.organisator.ch\\\/human-resources\\\/hrm\\\/2020-01-08\\\/schweizer-arbeitsmarkt-2020-sechs-gruende-fuer-optimismus\\\/\",\"name\":\"Schweizer Arbeitsmarkt 2020: Sechs Gr\u00fcnde f\u00fcr Optimismus - Organisator\",\"isPartOf\":{\"@id\":\"https:\\\/\\\/www.organisator.ch\\\/#website\"},\"primaryImageOfPage\":{\"@id\":\"https:\\\/\\\/www.organisator.ch\\\/human-resources\\\/hrm\\\/2020-01-08\\\/schweizer-arbeitsmarkt-2020-sechs-gruende-fuer-optimismus\\\/#primaryimage\"},\"image\":{\"@id\":\"https:\\\/\\\/www.organisator.ch\\\/human-resources\\\/hrm\\\/2020-01-08\\\/schweizer-arbeitsmarkt-2020-sechs-gruende-fuer-optimismus\\\/#primaryimage\"},\"thumbnailUrl\":\"https:\\\/\\\/www.organisator.ch\\\/wp-content\\\/uploads\\\/2020\\\/01\\\/Schweizer-Arbeitsmarkt-2020-Sechs-Gruende-fuer-Optimismus_Organisator.jpg\",\"datePublished\":\"2020-01-08T14:46:59+00:00\",\"description\":\"Der Swiss Job Index und der Confidence Index der PageGroup liefern sechs Hauptgr\u00fcnde f\u00fcr Optimismus am Schweizer Arbeitsmarkt 2020.\",\"breadcrumb\":{\"@id\":\"https:\\\/\\\/www.organisator.ch\\\/human-resources\\\/hrm\\\/2020-01-08\\\/schweizer-arbeitsmarkt-2020-sechs-gruende-fuer-optimismus\\\/#breadcrumb\"},\"inLanguage\":\"en-US\",\"potentialAction\":[{\"@type\":\"ReadAction\",\"target\":[\"https:\\\/\\\/www.organisator.ch\\\/human-resources\\\/hrm\\\/2020-01-08\\\/schweizer-arbeitsmarkt-2020-sechs-gruende-fuer-optimismus\\\/\"]}]},{\"@type\":\"ImageObject\",\"inLanguage\":\"en-US\",\"@id\":\"https:\\\/\\\/www.organisator.ch\\\/human-resources\\\/hrm\\\/2020-01-08\\\/schweizer-arbeitsmarkt-2020-sechs-gruende-fuer-optimismus\\\/#primaryimage\",\"url\":\"https:\\\/\\\/www.organisator.ch\\\/wp-content\\\/uploads\\\/2020\\\/01\\\/Schweizer-Arbeitsmarkt-2020-Sechs-Gruende-fuer-Optimismus_Organisator.jpg\",\"contentUrl\":\"https:\\\/\\\/www.organisator.ch\\\/wp-content\\\/uploads\\\/2020\\\/01\\\/Schweizer-Arbeitsmarkt-2020-Sechs-Gruende-fuer-Optimismus_Organisator.jpg\",\"width\":680,\"height\":402,\"caption\":\"Schweizer Arbeitsmarkt 2020: Die Nachfrage nach Fachkr\u00e4ften boomt auch im neuen Jahr. (Bild: Pixabay.com)\"},{\"@type\":\"BreadcrumbList\",\"@id\":\"https:\\\/\\\/www.organisator.ch\\\/human-resources\\\/hrm\\\/2020-01-08\\\/schweizer-arbeitsmarkt-2020-sechs-gruende-fuer-optimismus\\\/#breadcrumb\",\"itemListElement\":[{\"@type\":\"ListItem\",\"position\":1,\"name\":\"Home\",\"item\":\"https:\\\/\\\/www.organisator.ch\\\/\"},{\"@type\":\"ListItem\",\"position\":2,\"name\":\"Schweizer Arbeitsmarkt 2020: Sechs Gr\u00fcnde f\u00fcr Optimismus\"}]},{\"@type\":\"WebSite\",\"@id\":\"https:\\\/\\\/www.organisator.ch\\\/#website\",\"url\":\"https:\\\/\\\/www.organisator.ch\\\/\",\"name\":\"Organisator\",\"description\":\"Kompetent. Praxisnah. Der ORGANISATOR bereitet in 10 Ausgaben pro Jahr die wesentlichen Themen f\u00fcr F\u00fchrungskr\u00e4fte von KMU auf.\",\"publisher\":{\"@id\":\"https:\\\/\\\/www.organisator.ch\\\/#organization\"},\"potentialAction\":[{\"@type\":\"SearchAction\",\"target\":{\"@type\":\"EntryPoint\",\"urlTemplate\":\"https:\\\/\\\/www.organisator.ch\\\/?s={search_term_string}\"},\"query-input\":{\"@type\":\"PropertyValueSpecification\",\"valueRequired\":true,\"valueName\":\"search_term_string\"}}],\"inLanguage\":\"en-US\"},{\"@type\":\"Organization\",\"@id\":\"https:\\\/\\\/www.organisator.ch\\\/#organization\",\"name\":\"Organisator\",\"url\":\"https:\\\/\\\/www.organisator.ch\\\/\",\"logo\":{\"@type\":\"ImageObject\",\"inLanguage\":\"en-US\",\"@id\":\"https:\\\/\\\/www.organisator.ch\\\/#\\\/schema\\\/logo\\\/image\\\/\",\"url\":\"https:\\\/\\\/www.organisator.ch\\\/wp-content\\\/uploads\\\/2022\\\/01\\\/Logo_Organisator_Website.png\",\"contentUrl\":\"https:\\\/\\\/www.organisator.ch\\\/wp-content\\\/uploads\\\/2022\\\/01\\\/Logo_Organisator_Website.png\",\"width\":800,\"height\":77,\"caption\":\"Organisator\"},\"image\":{\"@id\":\"https:\\\/\\\/www.organisator.ch\\\/#\\\/schema\\\/logo\\\/image\\\/\"},\"sameAs\":[\"https:\\\/\\\/www.facebook.com\\\/OrganisatorFachmagazin\",\"https:\\\/\\\/www.linkedin.com\\\/showcase\\\/organisator-das-magazin-fr-kmu\",\"https:\\\/\\\/www.xing.com\\\/news\\\/pages\\\/organisator-ch-695\",\"https:\\\/\\\/www.youtube.com\\\/channel\\\/UCGP2Sq0iWaZwT3BdIAQFYpw\"]},{\"@type\":\"Person\",\"@id\":\"https:\\\/\\\/www.organisator.ch\\\/#\\\/schema\\\/person\\\/6f650f90b2842cd4c0cc334b4e36f67e\",\"name\":\"thomas.berner\",\"image\":{\"@type\":\"ImageObject\",\"inLanguage\":\"en-US\",\"@id\":\"https:\\\/\\\/secure.gravatar.com\\\/avatar\\\/ac5001d2a36cb6c6cd3e50789007ffca834b477b74a2144564522e944eabff61?s=96&d=mm&r=g\",\"url\":\"https:\\\/\\\/secure.gravatar.com\\\/avatar\\\/ac5001d2a36cb6c6cd3e50789007ffca834b477b74a2144564522e944eabff61?s=96&d=mm&r=g\",\"contentUrl\":\"https:\\\/\\\/secure.gravatar.com\\\/avatar\\\/ac5001d2a36cb6c6cd3e50789007ffca834b477b74a2144564522e944eabff61?s=96&d=mm&r=g\",\"caption\":\"thomas.berner\"},\"url\":\"https:\\\/\\\/www.organisator.ch\\\/en\\\/author\\\/thomas-berner\\\/\"}]}<\/script>\n<!-- \/ Yoast SEO plugin. -->","yoast_head_json":{"title":"Swiss Labor Market 2020: Six Reasons for Optimism - Organizer","description":"PageGroup's Swiss Job Index and Confidence Index provide six main reasons for optimism in the Swiss labor market in 2020.","robots":{"index":"index","follow":"follow","max-snippet":"max-snippet:-1","max-image-preview":"max-image-preview:large","max-video-preview":"max-video-preview:-1"},"canonical":"https:\/\/www.organisator.ch\/en\/human-resources\/hrm\/2020-01-08\/schweizer-arbeitsmarkt-2020-sechs-gruende-fuer-optimismus\/","og_locale":"en_US","og_type":"article","og_title":"Schweizer Arbeitsmarkt 2020: Sechs Gr\u00fcnde f\u00fcr Optimismus","og_description":"Der Swiss Job Index und der Confidence Index der PageGroup liefern sechs Hauptgr\u00fcnde f\u00fcr Optimismus am Schweizer Arbeitsmarkt 2020.","og_url":"https:\/\/www.organisator.ch\/en\/human-resources\/hrm\/2020-01-08\/schweizer-arbeitsmarkt-2020-sechs-gruende-fuer-optimismus\/","og_site_name":"Organisator","article_publisher":"https:\/\/www.facebook.com\/OrganisatorFachmagazin","article_published_time":"2020-01-08T14:46:59+00:00","author":"thomas.berner","twitter_card":"summary_large_image","twitter_title":"Schweizer #Arbeitsmarkt 2020: Sechs Gr\u00fcnde f\u00fcr #Optimismus","twitter_description":"Der Swiss Job Index und der Confidence Index der #PageGroup liefern sechs #Hauptgr\u00fcnde f\u00fcr #Optimismus am Schweizer #Arbeitsmarkt 2020.","schema":{"@context":"https:\/\/schema.org","@graph":[{"@type":"Article","@id":"https:\/\/www.organisator.ch\/human-resources\/hrm\/2020-01-08\/schweizer-arbeitsmarkt-2020-sechs-gruende-fuer-optimismus\/#article","isPartOf":{"@id":"https:\/\/www.organisator.ch\/human-resources\/hrm\/2020-01-08\/schweizer-arbeitsmarkt-2020-sechs-gruende-fuer-optimismus\/"},"author":{"name":"thomas.berner","@id":"https:\/\/www.organisator.ch\/#\/schema\/person\/6f650f90b2842cd4c0cc334b4e36f67e"},"headline":"Schweizer Arbeitsmarkt 2020: Sechs Gr\u00fcnde f\u00fcr Optimismus","datePublished":"2020-01-08T14:46:59+00:00","mainEntityOfPage":{"@id":"https:\/\/www.organisator.ch\/human-resources\/hrm\/2020-01-08\/schweizer-arbeitsmarkt-2020-sechs-gruende-fuer-optimismus\/"},"wordCount":606,"publisher":{"@id":"https:\/\/www.organisator.ch\/#organization"},"image":{"@id":"https:\/\/www.organisator.ch\/human-resources\/hrm\/2020-01-08\/schweizer-arbeitsmarkt-2020-sechs-gruende-fuer-optimismus\/#primaryimage"},"thumbnailUrl":"https:\/\/www.organisator.ch\/wp-content\/uploads\/2020\/01\/Schweizer-Arbeitsmarkt-2020-Sechs-Gruende-fuer-Optimismus_Organisator.jpg","keywords":["Arbeitsmarkt","Fachkr\u00e4ftemangel","HRM","Studie"],"articleSection":["HRM"],"inLanguage":"en-US"},{"@type":"WebPage","@id":"https:\/\/www.organisator.ch\/human-resources\/hrm\/2020-01-08\/schweizer-arbeitsmarkt-2020-sechs-gruende-fuer-optimismus\/","url":"https:\/\/www.organisator.ch\/human-resources\/hrm\/2020-01-08\/schweizer-arbeitsmarkt-2020-sechs-gruende-fuer-optimismus\/","name":"Swiss Labor Market 2020: Six Reasons for Optimism - Organizer","isPartOf":{"@id":"https:\/\/www.organisator.ch\/#website"},"primaryImageOfPage":{"@id":"https:\/\/www.organisator.ch\/human-resources\/hrm\/2020-01-08\/schweizer-arbeitsmarkt-2020-sechs-gruende-fuer-optimismus\/#primaryimage"},"image":{"@id":"https:\/\/www.organisator.ch\/human-resources\/hrm\/2020-01-08\/schweizer-arbeitsmarkt-2020-sechs-gruende-fuer-optimismus\/#primaryimage"},"thumbnailUrl":"https:\/\/www.organisator.ch\/wp-content\/uploads\/2020\/01\/Schweizer-Arbeitsmarkt-2020-Sechs-Gruende-fuer-Optimismus_Organisator.jpg","datePublished":"2020-01-08T14:46:59+00:00","description":"PageGroup's Swiss Job Index and Confidence Index provide six main reasons for optimism in the Swiss labor market in 2020.","breadcrumb":{"@id":"https:\/\/www.organisator.ch\/human-resources\/hrm\/2020-01-08\/schweizer-arbeitsmarkt-2020-sechs-gruende-fuer-optimismus\/#breadcrumb"},"inLanguage":"en-US","potentialAction":[{"@type":"ReadAction","target":["https:\/\/www.organisator.ch\/human-resources\/hrm\/2020-01-08\/schweizer-arbeitsmarkt-2020-sechs-gruende-fuer-optimismus\/"]}]},{"@type":"ImageObject","inLanguage":"en-US","@id":"https:\/\/www.organisator.ch\/human-resources\/hrm\/2020-01-08\/schweizer-arbeitsmarkt-2020-sechs-gruende-fuer-optimismus\/#primaryimage","url":"https:\/\/www.organisator.ch\/wp-content\/uploads\/2020\/01\/Schweizer-Arbeitsmarkt-2020-Sechs-Gruende-fuer-Optimismus_Organisator.jpg","contentUrl":"https:\/\/www.organisator.ch\/wp-content\/uploads\/2020\/01\/Schweizer-Arbeitsmarkt-2020-Sechs-Gruende-fuer-Optimismus_Organisator.jpg","width":680,"height":402,"caption":"Schweizer Arbeitsmarkt 2020: Die Nachfrage nach Fachkr\u00e4ften boomt auch im neuen Jahr. (Bild: Pixabay.com)"},{"@type":"BreadcrumbList","@id":"https:\/\/www.organisator.ch\/human-resources\/hrm\/2020-01-08\/schweizer-arbeitsmarkt-2020-sechs-gruende-fuer-optimismus\/#breadcrumb","itemListElement":[{"@type":"ListItem","position":1,"name":"Home","item":"https:\/\/www.organisator.ch\/"},{"@type":"ListItem","position":2,"name":"Schweizer Arbeitsmarkt 2020: Sechs Gr\u00fcnde f\u00fcr Optimismus"}]},{"@type":"WebSite","@id":"https:\/\/www.organisator.ch\/#website","url":"https:\/\/www.organisator.ch\/","name":"Organizer","description":"Competent. Practical. In 10 issues per year, ORGANISATOR presents the essential topics for managers of SMEs.","publisher":{"@id":"https:\/\/www.organisator.ch\/#organization"},"potentialAction":[{"@type":"SearchAction","target":{"@type":"EntryPoint","urlTemplate":"https:\/\/www.organisator.ch\/?s={search_term_string}"},"query-input":{"@type":"PropertyValueSpecification","valueRequired":true,"valueName":"search_term_string"}}],"inLanguage":"en-US"},{"@type":"Organization","@id":"https:\/\/www.organisator.ch\/#organization","name":"Organizer","url":"https:\/\/www.organisator.ch\/","logo":{"@type":"ImageObject","inLanguage":"en-US","@id":"https:\/\/www.organisator.ch\/#\/schema\/logo\/image\/","url":"https:\/\/www.organisator.ch\/wp-content\/uploads\/2022\/01\/Logo_Organisator_Website.png","contentUrl":"https:\/\/www.organisator.ch\/wp-content\/uploads\/2022\/01\/Logo_Organisator_Website.png","width":800,"height":77,"caption":"Organisator"},"image":{"@id":"https:\/\/www.organisator.ch\/#\/schema\/logo\/image\/"},"sameAs":["https:\/\/www.facebook.com\/OrganisatorFachmagazin","https:\/\/www.linkedin.com\/showcase\/organisator-das-magazin-fr-kmu","https:\/\/www.xing.com\/news\/pages\/organisator-ch-695","https:\/\/www.youtube.com\/channel\/UCGP2Sq0iWaZwT3BdIAQFYpw"]},{"@type":"Person","@id":"https:\/\/www.organisator.ch\/#\/schema\/person\/6f650f90b2842cd4c0cc334b4e36f67e","name":"thomas.berner","image":{"@type":"ImageObject","inLanguage":"en-US","@id":"https:\/\/secure.gravatar.com\/avatar\/ac5001d2a36cb6c6cd3e50789007ffca834b477b74a2144564522e944eabff61?s=96&d=mm&r=g","url":"https:\/\/secure.gravatar.com\/avatar\/ac5001d2a36cb6c6cd3e50789007ffca834b477b74a2144564522e944eabff61?s=96&d=mm&r=g","contentUrl":"https:\/\/secure.gravatar.com\/avatar\/ac5001d2a36cb6c6cd3e50789007ffca834b477b74a2144564522e944eabff61?s=96&d=mm&r=g","caption":"thomas.berner"},"url":"https:\/\/www.organisator.ch\/en\/author\/thomas-berner\/"}]}},"_links":{"self":[{"href":"https:\/\/www.organisator.ch\/en\/wp-json\/wp\/v2\/posts\/8628","targetHints":{"allow":["GET"]}}],"collection":[{"href":"https:\/\/www.organisator.ch\/en\/wp-json\/wp\/v2\/posts"}],"about":[{"href":"https:\/\/www.organisator.ch\/en\/wp-json\/wp\/v2\/types\/post"}],"author":[{"embeddable":true,"href":"https:\/\/www.organisator.ch\/en\/wp-json\/wp\/v2\/users\/4"}],"replies":[{"embeddable":true,"href":"https:\/\/www.organisator.ch\/en\/wp-json\/wp\/v2\/comments?post=8628"}],"version-history":[{"count":0,"href":"https:\/\/www.organisator.ch\/en\/wp-json\/wp\/v2\/posts\/8628\/revisions"}],"wp:featuredmedia":[{"embeddable":true,"href":"https:\/\/www.organisator.ch\/en\/wp-json\/wp\/v2\/media\/8552"}],"wp:attachment":[{"href":"https:\/\/www.organisator.ch\/en\/wp-json\/wp\/v2\/media?parent=8628"}],"wp:term":[{"taxonomy":"category","embeddable":true,"href":"https:\/\/www.organisator.ch\/en\/wp-json\/wp\/v2\/categories?post=8628"},{"taxonomy":"post_tag","embeddable":true,"href":"https:\/\/www.organisator.ch\/en\/wp-json\/wp\/v2\/tags?post=8628"}],"curies":[{"name":"wp","href":"https:\/\/api.w.org\/{rel}","templated":true}]}}