{"id":8630,"date":"2020-01-10T08:23:40","date_gmt":"2020-01-10T07:23:40","guid":{"rendered":"https:\/\/www.organisator.ch\/?p=6216"},"modified":"2020-01-10T08:23:40","modified_gmt":"2020-01-10T07:23:40","slug":"st-galler-new-work-forum-2020-fuer-eine-bewegende-arbeitswelt","status":"publish","type":"post","link":"https:\/\/www.organisator.ch\/en\/management\/2020-01-10\/st-galler-new-work-forum-2020-fuer-eine-bewegende-arbeitswelt\/","title":{"rendered":"St.Gallen New Work Forum 2020: For a moving working world"},"content":{"rendered":"<figure id=\"attachment_6217\" aria-describedby=\"caption-attachment-6217\" style=\"width: 680px\" class=\"wp-caption alignnone\"><img loading=\"lazy\" decoding=\"async\" class=\"size-medium wp-image-6217\" src=\"https:\/\/www.organisator.ch\/wp-content\/uploads\/2020\/01\/St.Galler-New-Work-Forum-2020-Fuer-eine-bewegende-Arbeitswelt_Organisator.jpg\" alt=\"\" width=\"680\" height=\"453\" \/><figcaption id=\"caption-attachment-6217\" class=\"wp-caption-text\">\"Tsch\u00fcttelikasten\" or tie in the office? Gabriela Manser (GOBA AG), Reto Rutz (valantic and IT rocks!) and Ziga Jakhel (UBS Digital Factory) (from left to right) discussed the working culture in their companies on the podium at the St.Gallen New Work Forum. (Image: FHS St.Gallen)<\/figcaption><\/figure>\n<p>\"We will not master the challenges of the New Work with the work cultures of the 20th century,\" the science-practice network \"HR-Panel New Work\" of the University of Applied Sciences St.Gallen (FHS) is convinced. But how then? The hosts and co-leaders of the panel, Alexandra Cloots and FHS Rector Sebastian W\u00f6rwag, conducted a recent study on the topic of work culture of the future and presented the results at the 3rd St.Gallen New Work Forum. On January 8, the approximately 200 participants discussed in interactive, inspiring contribution forms which work and organizational culture approaches are suitable for the new world of work.<\/p>\n<h2>Self-realization and cohesion<\/h2>\n<p>\"Today, the focus is on the meaningfulness of work,\" says philosopher Philipp Tingler. Appreciation and uniqueness count, because artificial intelligence recognizes patterns, but humans can do much more. For example, making exceptions. And that's something that needs to be kept in mind. His statement is also confirmed in the study by Alexandra Cloots and Sebastian W\u00f6rwag. They surveyed 540 employees in companies from various industries throughout Switzerland. When asked why they go to work every morning, 86% answered: because of self-fulfillment. The 21-25 year olds and the 61-65 year olds stood out. In contrast, the 36-40 year-olds consider community cohesion more important, and the 26-30 year-olds consider sense orientation and freedom (balance) more important. It is interesting to note that security orientation decreases with age. So different than one would expect. \"We have to be careful with stereotyping; not promoting older employees more is a mistake,\" says W\u00f6rwag. They have already built up their social security, bring great experience with them and want to realize themselves. It is also striking that only 47% of the employees are (predominantly) satisfied with the work culture they experience. Many would like to see a modern work culture and inspiring leadership. While it is clear that not all employees share the same work values at the same time, the study shows that people most often seek development, realization and community at work. \"These values need to be lived out credibly at all levels,\" Cloots said. A new value also emerged in the study: \"perfect imperfection.\" It stands for more trust, being able to experiment more and a people-oriented (error) culture. In summary, the study shows: there is still need for action, because only every 3rd-5th person goes to work motivated, on average every 4th person has an identification problem with the company, 2 out of 3 employees can develop. For the effective development of a culture, Cloots and W\u00f6rwag recommend to pay attention to a congruence of values already during the recruitment of new employees. In addition, the culture must be consistently and authentically exemplified by the managers and combined with a modern management style.<\/p>\n<h2>Millennials as the driving force<\/h2>\n<p>Thus, the big question at the St.Gallen New Work Forum remains how cultural change in companies can succeed. According to Sascha Demarmels and Reto Kessler of Now.New.Next., there are three key points: Everyone influences corporate culture, but no one can define culture alone. Culture is created when something is always (re)made the same and accepted. And culture change is never complete; it involves ongoing work and reflection. Steffi Burkhart sees Millennials as key drivers. \"Experience alone can no longer help us today; we need new ways of thinking,\" says the \"voice of the Millennials.\" Young people need to be involved in decisions and developments, she says, and AirBnB is an example of this. Founded by millennials ten years ago, its revenue grew rapidly, overtaking the Hilton chain. Millennials, he said, are the digital users, savvy and creative-ups, consequently an important part of preparing a company's culture for the future. That's because 65% of the jobs Generation Z will work in don't even exist today. \"They are the key to our future shortage of skilled workers,\" says Burkhart.<\/p>\n<h2>Spatial diversity<\/h2>\n<p>Changing the work culture also involves changing the workspace. Stephanie Wackernagel from the Fraunhofer Institute for Industrial Engineering made this clear using the example of the new AOK project house in Ludwigsburg. The company had previously been considered very conservative, but with the new innovative building and the different room cultures, it suddenly sounded like this from the workforce: \"an inspiring work environment,\" \"I have shining eyes when I enter the company,\" \"this is a great motivation for work.\" Many companies are not yet that far, because according to the \"Office Analytics\" study, 48% of those surveyed still perform concentrated still work at a fixed workstation. But there must be new forms of collaboration today, toward a division of labor and cooperative work in spatial diversity, Wackernagel said. The dilemma, however, is that many companies shy away from a participatory organizational culture. So she asks participants in one of the 12 themed sessions, \"Why do you shy away?\" The answers from the floor pretty much coincide - it's fear of change, fear of losing power, lack of trust in employees and the problem of not being able to please everyone. Apart from budget issues that come into play.<\/p>\n<h2>Votum at the St.Gallen New Work Forum: \"Cultivating a participative management style\".<\/h2>\n<p>Heiko Stahl from Vitra AG and Marc K\u00fcnzle from Domus Leuchten und M\u00f6bel AG also advocate a new working landscape. However, there is no need to copy a Google campus, but rather to make an independent culture visible. In this context, he says, togetherness among employees is becoming increasingly important. Gabriela Manser, the owner of Goba AG, provides a good example: \"In our company, we cultivate a participative management style and appreciation for our employees. It's important that we like them and promote those who want it.\" So does Reto Rutz from valantic CEC Schweiz AG. In the bright, open office there is a \"Tsch\u00fcttelikasten\" and on Fridays there is sometimes a game session between some employees. The credo: work with meaning. The only rule is that the week's consulting hours must be recorded by Friday evening.<\/p>\n<h2>Working out values together<\/h2>\n<p>\"Let's accept different cultures, but live them authentically,\" was Sebastian W\u00f6rwag's conclusion at the end of the day. It is important to let go of old structures and work out values together. Ultimately, culture means always being in motion. According to Cloots, it is important to allow \"room for experimentation for employees and to structure leadership accordingly in an inspiring manner and distributed within the team according to competencies. May many more developments prove successful in the future, on a small and large scale, in digital, haptic and human ways. In a new working world.<\/p>\n<p><em>More information: <a href=\"http:\/\/www.hrpanel-fhs.ch\">www.hrpanel-fhs.ch<\/a><\/em><\/p>","protected":false},"excerpt":{"rendered":"<p>\u00abMit den Arbeitskulturen des 20. Jahrhunderts werden wir die Herausforderungen der New Work nicht meistern\u00bb, ist das Wissenschafts-Praxis-Netzwerk \u00abHR-Panel New Work\u00bb der Fachhochschule St.Gallen (FHS) \u00fcberzeugt. Aber wie dann? Die Gastgeber und Co-Leitenden des Panels, Alexandra Cloots und FHS-Rektor Sebastian W\u00f6rwag, haben eine aktuelle Studie zum Thema Arbeitskultur der Zukunft durchgef\u00fchrt und pr\u00e4sentierten die Resultate [&hellip;]<\/p>\n","protected":false},"author":4,"featured_media":8554,"comment_status":"closed","ping_status":"closed","sticky":false,"template":"","format":"standard","meta":{"_acf_changed":false,"_yoast_wpseo_focuskw":"St.Galler New Work Forum","_yoast_wpseo_metadesc":"Vielschichtige Antworten auf die Frage, wie eine Arbeitskultur aussehen muss, lieferte das 3. St.Galler New Work Forum der Fachhochschule St.Gallen.","articlekey":"","footnotes":""},"categories":[28],"tags":[193,335,363,497],"class_list":["post-8630","post","type-post","status-publish","format-standard","has-post-thumbnail","hentry","category-management","tag-fachkongressfachmesse","tag-management-und-unternehmensfuehrung","tag-new-work","tag-unternehmenskultur"],"acf":[],"yoast_head":"<!-- This site is optimized with the Yoast SEO plugin v27.5 - https:\/\/yoast.com\/product\/yoast-seo-wordpress\/ -->\n<title>St.Galler New Work Forum 2020: F\u00fcr eine bewegende Arbeitswelt - Organisator<\/title>\n<meta name=\"description\" content=\"Vielschichtige Antworten auf die Frage, wie eine Arbeitskultur aussehen muss, lieferte das 3. St.Galler New Work Forum der Fachhochschule St.Gallen.\" \/>\n<meta name=\"robots\" content=\"index, follow, max-snippet:-1, max-image-preview:large, max-video-preview:-1\" \/>\n<link rel=\"canonical\" href=\"https:\/\/www.organisator.ch\/en\/management\/2020-01-10\/st-galler-new-work-forum-2020-fuer-eine-bewegende-arbeitswelt\/\" \/>\n<meta property=\"og:locale\" content=\"en_US\" \/>\n<meta property=\"og:type\" content=\"article\" \/>\n<meta property=\"og:title\" content=\"St.Galler New Work Forum 2020: F\u00fcr eine bewegende Arbeitswelt\" \/>\n<meta property=\"og:description\" content=\"Vielschichtige Antworten auf die Frage, wie eine Arbeitskultur aussehen muss, lieferte das 3. St.Galler New Work Forum der Fachhochschule St.Gallen.\" \/>\n<meta property=\"og:url\" content=\"https:\/\/www.organisator.ch\/en\/management\/2020-01-10\/st-galler-new-work-forum-2020-fuer-eine-bewegende-arbeitswelt\/\" \/>\n<meta property=\"og:site_name\" content=\"Organisator\" \/>\n<meta property=\"article:publisher\" content=\"https:\/\/www.facebook.com\/OrganisatorFachmagazin\" \/>\n<meta property=\"article:published_time\" content=\"2020-01-10T07:23:40+00:00\" \/>\n<meta property=\"og:image\" content=\"https:\/\/www.organisator.ch\/wp-content\/uploads\/2021\/07\/organisator_KMU-Monitor_2012_1.png\" \/>\n\t<meta property=\"og:image:width\" content=\"654\" \/>\n\t<meta property=\"og:image:height\" content=\"370\" \/>\n\t<meta property=\"og:image:type\" content=\"image\/png\" \/>\n<meta name=\"author\" content=\"thomas.berner\" \/>\n<meta name=\"twitter:card\" content=\"summary_large_image\" \/>\n<meta name=\"twitter:title\" content=\"St.Galler New Work Forum 2020: F\u00fcr eine bewegende Arbeitswelt\" \/>\n<meta name=\"twitter:description\" content=\"Vielschichtige Antworten auf die Frage, wie eine Arbeitskultur aussehen muss, lieferte das 3. St.Galler New Work Forum der Fachhochschule St.Gallen.\" \/>\n<meta name=\"twitter:image\" content=\"https:\/\/www.organisator.ch\/wp-content\/uploads\/2021\/07\/organisator_KMU-Monitor_2012_1.png\" \/>\n<script type=\"application\/ld+json\" class=\"yoast-schema-graph\">{\"@context\":\"https:\\\/\\\/schema.org\",\"@graph\":[{\"@type\":\"Article\",\"@id\":\"https:\\\/\\\/www.organisator.ch\\\/management\\\/2020-01-10\\\/st-galler-new-work-forum-2020-fuer-eine-bewegende-arbeitswelt\\\/#article\",\"isPartOf\":{\"@id\":\"https:\\\/\\\/www.organisator.ch\\\/management\\\/2020-01-10\\\/st-galler-new-work-forum-2020-fuer-eine-bewegende-arbeitswelt\\\/\"},\"author\":{\"name\":\"thomas.berner\",\"@id\":\"https:\\\/\\\/www.organisator.ch\\\/#\\\/schema\\\/person\\\/6f650f90b2842cd4c0cc334b4e36f67e\"},\"headline\":\"St.Galler New Work Forum 2020: F\u00fcr eine bewegende Arbeitswelt\",\"datePublished\":\"2020-01-10T07:23:40+00:00\",\"mainEntityOfPage\":{\"@id\":\"https:\\\/\\\/www.organisator.ch\\\/management\\\/2020-01-10\\\/st-galler-new-work-forum-2020-fuer-eine-bewegende-arbeitswelt\\\/\"},\"wordCount\":1118,\"publisher\":{\"@id\":\"https:\\\/\\\/www.organisator.ch\\\/#organization\"},\"image\":{\"@id\":\"https:\\\/\\\/www.organisator.ch\\\/management\\\/2020-01-10\\\/st-galler-new-work-forum-2020-fuer-eine-bewegende-arbeitswelt\\\/#primaryimage\"},\"thumbnailUrl\":\"https:\\\/\\\/www.organisator.ch\\\/wp-content\\\/uploads\\\/2020\\\/01\\\/St.Galler-New-Work-Forum-2020-Fuer-eine-bewegende-Arbeitswelt_Organisator.jpg\",\"keywords\":[\"Fachkongress\\\/Fachmesse\",\"Management und Unternehmensf\u00fchrung\",\"New Work\",\"Unternehmenskultur\"],\"articleSection\":[\"MANAGEMENT\"],\"inLanguage\":\"en-US\"},{\"@type\":\"WebPage\",\"@id\":\"https:\\\/\\\/www.organisator.ch\\\/management\\\/2020-01-10\\\/st-galler-new-work-forum-2020-fuer-eine-bewegende-arbeitswelt\\\/\",\"url\":\"https:\\\/\\\/www.organisator.ch\\\/management\\\/2020-01-10\\\/st-galler-new-work-forum-2020-fuer-eine-bewegende-arbeitswelt\\\/\",\"name\":\"St.Galler New Work Forum 2020: F\u00fcr eine bewegende Arbeitswelt - Organisator\",\"isPartOf\":{\"@id\":\"https:\\\/\\\/www.organisator.ch\\\/#website\"},\"primaryImageOfPage\":{\"@id\":\"https:\\\/\\\/www.organisator.ch\\\/management\\\/2020-01-10\\\/st-galler-new-work-forum-2020-fuer-eine-bewegende-arbeitswelt\\\/#primaryimage\"},\"image\":{\"@id\":\"https:\\\/\\\/www.organisator.ch\\\/management\\\/2020-01-10\\\/st-galler-new-work-forum-2020-fuer-eine-bewegende-arbeitswelt\\\/#primaryimage\"},\"thumbnailUrl\":\"https:\\\/\\\/www.organisator.ch\\\/wp-content\\\/uploads\\\/2020\\\/01\\\/St.Galler-New-Work-Forum-2020-Fuer-eine-bewegende-Arbeitswelt_Organisator.jpg\",\"datePublished\":\"2020-01-10T07:23:40+00:00\",\"description\":\"Vielschichtige Antworten auf die Frage, wie eine Arbeitskultur aussehen muss, lieferte das 3. St.Galler New Work Forum der Fachhochschule St.Gallen.\",\"breadcrumb\":{\"@id\":\"https:\\\/\\\/www.organisator.ch\\\/management\\\/2020-01-10\\\/st-galler-new-work-forum-2020-fuer-eine-bewegende-arbeitswelt\\\/#breadcrumb\"},\"inLanguage\":\"en-US\",\"potentialAction\":[{\"@type\":\"ReadAction\",\"target\":[\"https:\\\/\\\/www.organisator.ch\\\/management\\\/2020-01-10\\\/st-galler-new-work-forum-2020-fuer-eine-bewegende-arbeitswelt\\\/\"]}]},{\"@type\":\"ImageObject\",\"inLanguage\":\"en-US\",\"@id\":\"https:\\\/\\\/www.organisator.ch\\\/management\\\/2020-01-10\\\/st-galler-new-work-forum-2020-fuer-eine-bewegende-arbeitswelt\\\/#primaryimage\",\"url\":\"https:\\\/\\\/www.organisator.ch\\\/wp-content\\\/uploads\\\/2020\\\/01\\\/St.Galler-New-Work-Forum-2020-Fuer-eine-bewegende-Arbeitswelt_Organisator.jpg\",\"contentUrl\":\"https:\\\/\\\/www.organisator.ch\\\/wp-content\\\/uploads\\\/2020\\\/01\\\/St.Galler-New-Work-Forum-2020-Fuer-eine-bewegende-Arbeitswelt_Organisator.jpg\",\"width\":680,\"height\":453,\"caption\":\"\u00abTsch\u00fcttelikasten\u00bb oder Krawatte im B\u00fcro? Gabriela Manser (GOBA AG), Reto Rutz (valantic und IT rockt!) und Ziga Jakhel (UBS Digital Factory) (v.l.n.r.) diskutierten auf dem Podium \u00fcber die gelebte Arbeitskultur in ihren Unternehmen. (Bild: FHS St.Gallen)\"},{\"@type\":\"BreadcrumbList\",\"@id\":\"https:\\\/\\\/www.organisator.ch\\\/management\\\/2020-01-10\\\/st-galler-new-work-forum-2020-fuer-eine-bewegende-arbeitswelt\\\/#breadcrumb\",\"itemListElement\":[{\"@type\":\"ListItem\",\"position\":1,\"name\":\"Home\",\"item\":\"https:\\\/\\\/www.organisator.ch\\\/\"},{\"@type\":\"ListItem\",\"position\":2,\"name\":\"St.Galler New Work Forum 2020: F\u00fcr eine bewegende Arbeitswelt\"}]},{\"@type\":\"WebSite\",\"@id\":\"https:\\\/\\\/www.organisator.ch\\\/#website\",\"url\":\"https:\\\/\\\/www.organisator.ch\\\/\",\"name\":\"Organisator\",\"description\":\"Kompetent. Praxisnah. Der ORGANISATOR bereitet in 10 Ausgaben pro Jahr die wesentlichen Themen f\u00fcr F\u00fchrungskr\u00e4fte von KMU auf.\",\"publisher\":{\"@id\":\"https:\\\/\\\/www.organisator.ch\\\/#organization\"},\"potentialAction\":[{\"@type\":\"SearchAction\",\"target\":{\"@type\":\"EntryPoint\",\"urlTemplate\":\"https:\\\/\\\/www.organisator.ch\\\/?s={search_term_string}\"},\"query-input\":{\"@type\":\"PropertyValueSpecification\",\"valueRequired\":true,\"valueName\":\"search_term_string\"}}],\"inLanguage\":\"en-US\"},{\"@type\":\"Organization\",\"@id\":\"https:\\\/\\\/www.organisator.ch\\\/#organization\",\"name\":\"Organisator\",\"url\":\"https:\\\/\\\/www.organisator.ch\\\/\",\"logo\":{\"@type\":\"ImageObject\",\"inLanguage\":\"en-US\",\"@id\":\"https:\\\/\\\/www.organisator.ch\\\/#\\\/schema\\\/logo\\\/image\\\/\",\"url\":\"https:\\\/\\\/www.organisator.ch\\\/wp-content\\\/uploads\\\/2022\\\/01\\\/Logo_Organisator_Website.png\",\"contentUrl\":\"https:\\\/\\\/www.organisator.ch\\\/wp-content\\\/uploads\\\/2022\\\/01\\\/Logo_Organisator_Website.png\",\"width\":800,\"height\":77,\"caption\":\"Organisator\"},\"image\":{\"@id\":\"https:\\\/\\\/www.organisator.ch\\\/#\\\/schema\\\/logo\\\/image\\\/\"},\"sameAs\":[\"https:\\\/\\\/www.facebook.com\\\/OrganisatorFachmagazin\",\"https:\\\/\\\/www.linkedin.com\\\/showcase\\\/organisator-das-magazin-fr-kmu\",\"https:\\\/\\\/www.xing.com\\\/news\\\/pages\\\/organisator-ch-695\",\"https:\\\/\\\/www.youtube.com\\\/channel\\\/UCGP2Sq0iWaZwT3BdIAQFYpw\"]},{\"@type\":\"Person\",\"@id\":\"https:\\\/\\\/www.organisator.ch\\\/#\\\/schema\\\/person\\\/6f650f90b2842cd4c0cc334b4e36f67e\",\"name\":\"thomas.berner\",\"image\":{\"@type\":\"ImageObject\",\"inLanguage\":\"en-US\",\"@id\":\"https:\\\/\\\/secure.gravatar.com\\\/avatar\\\/ac5001d2a36cb6c6cd3e50789007ffca834b477b74a2144564522e944eabff61?s=96&d=mm&r=g\",\"url\":\"https:\\\/\\\/secure.gravatar.com\\\/avatar\\\/ac5001d2a36cb6c6cd3e50789007ffca834b477b74a2144564522e944eabff61?s=96&d=mm&r=g\",\"contentUrl\":\"https:\\\/\\\/secure.gravatar.com\\\/avatar\\\/ac5001d2a36cb6c6cd3e50789007ffca834b477b74a2144564522e944eabff61?s=96&d=mm&r=g\",\"caption\":\"thomas.berner\"},\"url\":\"https:\\\/\\\/www.organisator.ch\\\/en\\\/author\\\/thomas-berner\\\/\"}]}<\/script>\n<!-- \/ Yoast SEO plugin. -->","yoast_head_json":{"title":"St.Gallen New Work Forum 2020: For a moving world of work - Organizer","description":"Multi-layered answers to the question of what a work culture must look like were provided by the 3rd St.Gallen New Work Forum at the University of Applied Sciences St.Gallen.","robots":{"index":"index","follow":"follow","max-snippet":"max-snippet:-1","max-image-preview":"max-image-preview:large","max-video-preview":"max-video-preview:-1"},"canonical":"https:\/\/www.organisator.ch\/en\/management\/2020-01-10\/st-galler-new-work-forum-2020-fuer-eine-bewegende-arbeitswelt\/","og_locale":"en_US","og_type":"article","og_title":"St.Galler New Work Forum 2020: F\u00fcr eine bewegende Arbeitswelt","og_description":"Vielschichtige Antworten auf die Frage, wie eine Arbeitskultur aussehen muss, lieferte das 3. St.Galler New Work Forum der Fachhochschule St.Gallen.","og_url":"https:\/\/www.organisator.ch\/en\/management\/2020-01-10\/st-galler-new-work-forum-2020-fuer-eine-bewegende-arbeitswelt\/","og_site_name":"Organisator","article_publisher":"https:\/\/www.facebook.com\/OrganisatorFachmagazin","article_published_time":"2020-01-10T07:23:40+00:00","og_image":[{"width":654,"height":370,"url":"https:\/\/www.organisator.ch\/wp-content\/uploads\/2021\/07\/organisator_KMU-Monitor_2012_1.png","type":"image\/png"}],"author":"thomas.berner","twitter_card":"summary_large_image","twitter_title":"St.Galler New Work Forum 2020: F\u00fcr eine bewegende Arbeitswelt","twitter_description":"Vielschichtige Antworten auf die Frage, wie eine Arbeitskultur aussehen muss, lieferte das 3. St.Galler New Work Forum der Fachhochschule St.Gallen.","twitter_image":"https:\/\/www.organisator.ch\/wp-content\/uploads\/2021\/07\/organisator_KMU-Monitor_2012_1.png","schema":{"@context":"https:\/\/schema.org","@graph":[{"@type":"Article","@id":"https:\/\/www.organisator.ch\/management\/2020-01-10\/st-galler-new-work-forum-2020-fuer-eine-bewegende-arbeitswelt\/#article","isPartOf":{"@id":"https:\/\/www.organisator.ch\/management\/2020-01-10\/st-galler-new-work-forum-2020-fuer-eine-bewegende-arbeitswelt\/"},"author":{"name":"thomas.berner","@id":"https:\/\/www.organisator.ch\/#\/schema\/person\/6f650f90b2842cd4c0cc334b4e36f67e"},"headline":"St.Galler New Work Forum 2020: F\u00fcr eine bewegende Arbeitswelt","datePublished":"2020-01-10T07:23:40+00:00","mainEntityOfPage":{"@id":"https:\/\/www.organisator.ch\/management\/2020-01-10\/st-galler-new-work-forum-2020-fuer-eine-bewegende-arbeitswelt\/"},"wordCount":1118,"publisher":{"@id":"https:\/\/www.organisator.ch\/#organization"},"image":{"@id":"https:\/\/www.organisator.ch\/management\/2020-01-10\/st-galler-new-work-forum-2020-fuer-eine-bewegende-arbeitswelt\/#primaryimage"},"thumbnailUrl":"https:\/\/www.organisator.ch\/wp-content\/uploads\/2020\/01\/St.Galler-New-Work-Forum-2020-Fuer-eine-bewegende-Arbeitswelt_Organisator.jpg","keywords":["Fachkongress\/Fachmesse","Management und Unternehmensf\u00fchrung","New Work","Unternehmenskultur"],"articleSection":["MANAGEMENT"],"inLanguage":"en-US"},{"@type":"WebPage","@id":"https:\/\/www.organisator.ch\/management\/2020-01-10\/st-galler-new-work-forum-2020-fuer-eine-bewegende-arbeitswelt\/","url":"https:\/\/www.organisator.ch\/management\/2020-01-10\/st-galler-new-work-forum-2020-fuer-eine-bewegende-arbeitswelt\/","name":"St.Gallen New Work Forum 2020: For a moving world of work - Organizer","isPartOf":{"@id":"https:\/\/www.organisator.ch\/#website"},"primaryImageOfPage":{"@id":"https:\/\/www.organisator.ch\/management\/2020-01-10\/st-galler-new-work-forum-2020-fuer-eine-bewegende-arbeitswelt\/#primaryimage"},"image":{"@id":"https:\/\/www.organisator.ch\/management\/2020-01-10\/st-galler-new-work-forum-2020-fuer-eine-bewegende-arbeitswelt\/#primaryimage"},"thumbnailUrl":"https:\/\/www.organisator.ch\/wp-content\/uploads\/2020\/01\/St.Galler-New-Work-Forum-2020-Fuer-eine-bewegende-Arbeitswelt_Organisator.jpg","datePublished":"2020-01-10T07:23:40+00:00","description":"Multi-layered answers to the question of what a work culture must look like were provided by the 3rd St.Gallen New Work Forum at the University of Applied Sciences St.Gallen.","breadcrumb":{"@id":"https:\/\/www.organisator.ch\/management\/2020-01-10\/st-galler-new-work-forum-2020-fuer-eine-bewegende-arbeitswelt\/#breadcrumb"},"inLanguage":"en-US","potentialAction":[{"@type":"ReadAction","target":["https:\/\/www.organisator.ch\/management\/2020-01-10\/st-galler-new-work-forum-2020-fuer-eine-bewegende-arbeitswelt\/"]}]},{"@type":"ImageObject","inLanguage":"en-US","@id":"https:\/\/www.organisator.ch\/management\/2020-01-10\/st-galler-new-work-forum-2020-fuer-eine-bewegende-arbeitswelt\/#primaryimage","url":"https:\/\/www.organisator.ch\/wp-content\/uploads\/2020\/01\/St.Galler-New-Work-Forum-2020-Fuer-eine-bewegende-Arbeitswelt_Organisator.jpg","contentUrl":"https:\/\/www.organisator.ch\/wp-content\/uploads\/2020\/01\/St.Galler-New-Work-Forum-2020-Fuer-eine-bewegende-Arbeitswelt_Organisator.jpg","width":680,"height":453,"caption":"\u00abTsch\u00fcttelikasten\u00bb oder Krawatte im B\u00fcro? Gabriela Manser (GOBA AG), Reto Rutz (valantic und IT rockt!) und Ziga Jakhel (UBS Digital Factory) (v.l.n.r.) diskutierten auf dem Podium \u00fcber die gelebte Arbeitskultur in ihren Unternehmen. (Bild: FHS St.Gallen)"},{"@type":"BreadcrumbList","@id":"https:\/\/www.organisator.ch\/management\/2020-01-10\/st-galler-new-work-forum-2020-fuer-eine-bewegende-arbeitswelt\/#breadcrumb","itemListElement":[{"@type":"ListItem","position":1,"name":"Home","item":"https:\/\/www.organisator.ch\/"},{"@type":"ListItem","position":2,"name":"St.Galler New Work Forum 2020: F\u00fcr eine bewegende Arbeitswelt"}]},{"@type":"WebSite","@id":"https:\/\/www.organisator.ch\/#website","url":"https:\/\/www.organisator.ch\/","name":"Organizer","description":"Competent. Practical. In 10 issues per year, ORGANISATOR presents the essential topics for managers of SMEs.","publisher":{"@id":"https:\/\/www.organisator.ch\/#organization"},"potentialAction":[{"@type":"SearchAction","target":{"@type":"EntryPoint","urlTemplate":"https:\/\/www.organisator.ch\/?s={search_term_string}"},"query-input":{"@type":"PropertyValueSpecification","valueRequired":true,"valueName":"search_term_string"}}],"inLanguage":"en-US"},{"@type":"Organization","@id":"https:\/\/www.organisator.ch\/#organization","name":"Organizer","url":"https:\/\/www.organisator.ch\/","logo":{"@type":"ImageObject","inLanguage":"en-US","@id":"https:\/\/www.organisator.ch\/#\/schema\/logo\/image\/","url":"https:\/\/www.organisator.ch\/wp-content\/uploads\/2022\/01\/Logo_Organisator_Website.png","contentUrl":"https:\/\/www.organisator.ch\/wp-content\/uploads\/2022\/01\/Logo_Organisator_Website.png","width":800,"height":77,"caption":"Organisator"},"image":{"@id":"https:\/\/www.organisator.ch\/#\/schema\/logo\/image\/"},"sameAs":["https:\/\/www.facebook.com\/OrganisatorFachmagazin","https:\/\/www.linkedin.com\/showcase\/organisator-das-magazin-fr-kmu","https:\/\/www.xing.com\/news\/pages\/organisator-ch-695","https:\/\/www.youtube.com\/channel\/UCGP2Sq0iWaZwT3BdIAQFYpw"]},{"@type":"Person","@id":"https:\/\/www.organisator.ch\/#\/schema\/person\/6f650f90b2842cd4c0cc334b4e36f67e","name":"thomas.berner","image":{"@type":"ImageObject","inLanguage":"en-US","@id":"https:\/\/secure.gravatar.com\/avatar\/ac5001d2a36cb6c6cd3e50789007ffca834b477b74a2144564522e944eabff61?s=96&d=mm&r=g","url":"https:\/\/secure.gravatar.com\/avatar\/ac5001d2a36cb6c6cd3e50789007ffca834b477b74a2144564522e944eabff61?s=96&d=mm&r=g","contentUrl":"https:\/\/secure.gravatar.com\/avatar\/ac5001d2a36cb6c6cd3e50789007ffca834b477b74a2144564522e944eabff61?s=96&d=mm&r=g","caption":"thomas.berner"},"url":"https:\/\/www.organisator.ch\/en\/author\/thomas-berner\/"}]}},"_links":{"self":[{"href":"https:\/\/www.organisator.ch\/en\/wp-json\/wp\/v2\/posts\/8630","targetHints":{"allow":["GET"]}}],"collection":[{"href":"https:\/\/www.organisator.ch\/en\/wp-json\/wp\/v2\/posts"}],"about":[{"href":"https:\/\/www.organisator.ch\/en\/wp-json\/wp\/v2\/types\/post"}],"author":[{"embeddable":true,"href":"https:\/\/www.organisator.ch\/en\/wp-json\/wp\/v2\/users\/4"}],"replies":[{"embeddable":true,"href":"https:\/\/www.organisator.ch\/en\/wp-json\/wp\/v2\/comments?post=8630"}],"version-history":[{"count":0,"href":"https:\/\/www.organisator.ch\/en\/wp-json\/wp\/v2\/posts\/8630\/revisions"}],"wp:featuredmedia":[{"embeddable":true,"href":"https:\/\/www.organisator.ch\/en\/wp-json\/wp\/v2\/media\/8554"}],"wp:attachment":[{"href":"https:\/\/www.organisator.ch\/en\/wp-json\/wp\/v2\/media?parent=8630"}],"wp:term":[{"taxonomy":"category","embeddable":true,"href":"https:\/\/www.organisator.ch\/en\/wp-json\/wp\/v2\/categories?post=8630"},{"taxonomy":"post_tag","embeddable":true,"href":"https:\/\/www.organisator.ch\/en\/wp-json\/wp\/v2\/tags?post=8630"}],"curies":[{"name":"wp","href":"https:\/\/api.w.org\/{rel}","templated":true}]}}