{"id":8633,"date":"2020-01-13T16:52:18","date_gmt":"2020-01-13T15:52:18","guid":{"rendered":"https:\/\/www.organisator.ch\/?p=6229"},"modified":"2020-01-13T16:52:18","modified_gmt":"2020-01-13T15:52:18","slug":"adieu-chef-bonjour-leader","status":"publish","type":"post","link":"https:\/\/www.organisator.ch\/en\/management\/2020-01-13\/adieu-chef-bonjour-leader\/","title":{"rendered":"Adieu Chef - bonjour Leader"},"content":{"rendered":"<figure id=\"attachment_6230\" aria-describedby=\"caption-attachment-6230\" style=\"width: 680px\" class=\"wp-caption alignnone\"><img loading=\"lazy\" decoding=\"async\" class=\"size-medium wp-image-6230\" src=\"https:\/\/www.organisator.ch\/wp-content\/uploads\/2020\/01\/Adieu-Chef-bonjour-Leader_Organisator.jpg\" alt=\"\" width=\"680\" height=\"382\" \/><figcaption id=\"caption-attachment-6230\" class=\"wp-caption-text\">Adieu Chef - bonjour Leader? Dani\u00e8le Zatti in conversation with Anne Bickel and Hartmut Kretschmer (from right to left). (Image: zVg)<\/figcaption><\/figure>\n<p>The topic is burning under the nails - this alone was shown by the large number of interested people who showed up: the large hall in the <a href=\"http:\/\/www.kurszentrum.ch\">Course Center Aarau<\/a> was filled to capacity.  How should companies react to a rapidly changing environment? How does a company organize itself optimally to keep pace with change and survive in competition with others? New organizational forms also mean that bosses must rethink their leadership role and employees must rethink their role so that new forms of collaboration come to life. \"Agile organization\" - this is the most heard answer at the moment. Meaning: Maximum self-organization and self-responsibility, instead of acting on instructions. Away from strict hierarchy and silo thinking, toward entrepreneurial decision-making and action at all levels.<\/p>\n<h2>\"Goodbye boss\" in practice<\/h2>\n<p>Anne Bickel from the development organization Swisscontact has been supervising and going through this process in her institution for a good year. She knows how challenging such a change is, since it confronts managers in particular with a new situation that is quickly accompanied by the feeling that previous routine patterns no longer work in an agile organization. But subordinate employees also often feel insecure when they are now expected to make decisions independently: \"Can I initiate this without asking a superior?\" This requires courage and the willingness to take on responsibility. Such change processes cannot be implemented overnight, as Anne Bickel impressively demonstrated in her report. Only with great openness to this reorganization on the part of everyone involved can the change succeed. The expectations of how these tasks are to be fulfilled occupy an important place in many discussions. At Swisscontact, the function of role coaches in each organizational unit was created specifically for this purpose.<\/p>\n<h2><strong>Employees have a need for security<\/strong><\/h2>\n<p>As a coach, Hartmut Kretschmer supports companies in such transformations - and takes a self-critical view of his own profession. Many coaches can present the new organizational forms as highly enticing in theory. In practice, however, it is much more demanding to accompany the employees. In addition to role responsibilities, questions about team understanding and communication must be clarified. It is particularly important to meet the employees' need for identity and security.<\/p>\n<h2>Agile strategy is not grassroots<\/h2>\n<p>Does every company now have to trim its organization to \"agile\"? - Bickel recognizes a great increase in value in role-based collaboration - both in terms of efficiency and personnel management. Kretschmer is also convinced that companies that do not integrate the principles of the new forms of leadership will be left behind. Nevertheless, both also see limitations: A role-based organizational structure with little to no hierarchy cannot be implemented equally well everywhere. And it cannot be applied to every size of company. It seems advisable to implement agile forms in smaller companies as a whole and in large companies in specific organizational areas. And: An agile strategy is not a grassroots approach. Ultimately, management and the board of directors are still liable.<\/p>","protected":false},"excerpt":{"rendered":"<p>Das Thema brennt unter den N\u00e4geln \u2013 das zeigte allein schon das zahlreiche Erscheinen Interessierter: der grosse Saal im Kurszentrum Aarau war bis auf den letzten Platz gef\u00fcllt.\u00a0 Wie sollen Firmen auf eine sich schnell \u00e4ndernde Umwelt reagieren? Wie organisiert sich ein Unternehmen optimal, um mit dem Wandel Schritt zu halten und im Wettbewerb mit [&hellip;]<\/p>\n","protected":false},"author":4,"featured_media":8557,"comment_status":"closed","ping_status":"closed","sticky":false,"template":"","format":"standard","meta":{"_acf_changed":false,"_yoast_wpseo_focuskw":"Adieu Chef","_yoast_wpseo_metadesc":"Adieu Chef? An einer Abendveranstaltung gaben zwei praxiserprobte Fachpersonen Einblick in Erfahrungen mit neuen Organisationsformen und F\u00fchrungsmodellen.","articlekey":"","footnotes":""},"categories":[28],"tags":[320,335,363,502],"class_list":["post-8633","post","type-post","status-publish","format-standard","has-post-thumbnail","hentry","category-management","tag-leadership","tag-management-und-unternehmensfuehrung","tag-new-work","tag-veranstaltungen"],"acf":[],"yoast_head":"<!-- This site is optimized with the Yoast SEO plugin v27.4 - https:\/\/yoast.com\/product\/yoast-seo-wordpress\/ -->\n<title>Adieu Chef \u2013 bonjour Leader - Organisator<\/title>\n<meta name=\"description\" content=\"Adieu Chef? An einer Abendveranstaltung gaben zwei praxiserprobte Fachpersonen Einblick in Erfahrungen mit neuen Organisationsformen und F\u00fchrungsmodellen.\" \/>\n<meta name=\"robots\" content=\"index, follow, max-snippet:-1, max-image-preview:large, max-video-preview:-1\" \/>\n<link rel=\"canonical\" href=\"https:\/\/www.organisator.ch\/en\/management\/2020-01-13\/adieu-chef-bonjour-leader\/\" \/>\n<meta property=\"og:locale\" content=\"en_US\" \/>\n<meta property=\"og:type\" content=\"article\" \/>\n<meta property=\"og:title\" content=\"Adieu Chef \u2013 bonjour Leader\" \/>\n<meta property=\"og:description\" content=\"Adieu Chef? An einer Abendveranstaltung gaben zwei praxiserprobte Fachpersonen Einblick in Erfahrungen mit neuen Organisationsformen und F\u00fchrungsmodellen.\" \/>\n<meta property=\"og:url\" content=\"https:\/\/www.organisator.ch\/en\/management\/2020-01-13\/adieu-chef-bonjour-leader\/\" \/>\n<meta property=\"og:site_name\" content=\"Organisator\" \/>\n<meta property=\"article:publisher\" content=\"https:\/\/www.facebook.com\/OrganisatorFachmagazin\" \/>\n<meta property=\"article:published_time\" content=\"2020-01-13T15:52:18+00:00\" \/>\n<meta property=\"og:image\" content=\"https:\/\/www.organisator.ch\/wp-content\/uploads\/2021\/07\/organisator_Topsoft_2011_1.png\" \/>\n\t<meta property=\"og:image:width\" content=\"654\" \/>\n\t<meta property=\"og:image:height\" content=\"370\" \/>\n\t<meta property=\"og:image:type\" content=\"image\/png\" \/>\n<meta name=\"author\" content=\"thomas.berner\" \/>\n<meta name=\"twitter:card\" content=\"summary_large_image\" \/>\n<meta name=\"twitter:title\" content=\"Adieu #Chef \u2013 bonjour #Leader\" \/>\n<meta name=\"twitter:description\" content=\"Adieu #Chef? An einer Abendveranstaltung gaben zwei #praxiserprobte Fachpersonen Einblick in Erfahrungen mit neuen #Organisationsformen und #F\u00fchrungsmodellen.\" \/>\n<meta name=\"twitter:image\" content=\"https:\/\/www.organisator.ch\/wp-content\/uploads\/2021\/07\/organisator_Topsoft_2011_1.png\" \/>\n<script type=\"application\/ld+json\" class=\"yoast-schema-graph\">{\"@context\":\"https:\\\/\\\/schema.org\",\"@graph\":[{\"@type\":\"Article\",\"@id\":\"https:\\\/\\\/www.organisator.ch\\\/management\\\/2020-01-13\\\/adieu-chef-bonjour-leader\\\/#article\",\"isPartOf\":{\"@id\":\"https:\\\/\\\/www.organisator.ch\\\/management\\\/2020-01-13\\\/adieu-chef-bonjour-leader\\\/\"},\"author\":{\"name\":\"thomas.berner\",\"@id\":\"https:\\\/\\\/www.organisator.ch\\\/#\\\/schema\\\/person\\\/6f650f90b2842cd4c0cc334b4e36f67e\"},\"headline\":\"Adieu Chef \u2013 bonjour Leader\",\"datePublished\":\"2020-01-13T15:52:18+00:00\",\"mainEntityOfPage\":{\"@id\":\"https:\\\/\\\/www.organisator.ch\\\/management\\\/2020-01-13\\\/adieu-chef-bonjour-leader\\\/\"},\"wordCount\":520,\"publisher\":{\"@id\":\"https:\\\/\\\/www.organisator.ch\\\/#organization\"},\"image\":{\"@id\":\"https:\\\/\\\/www.organisator.ch\\\/management\\\/2020-01-13\\\/adieu-chef-bonjour-leader\\\/#primaryimage\"},\"thumbnailUrl\":\"https:\\\/\\\/www.organisator.ch\\\/wp-content\\\/uploads\\\/2020\\\/01\\\/Adieu-Chef-bonjour-Leader_Organisator.jpg\",\"keywords\":[\"Leadership\",\"Management und Unternehmensf\u00fchrung\",\"New Work\",\"Veranstaltungen\"],\"articleSection\":[\"MANAGEMENT\"],\"inLanguage\":\"en-US\"},{\"@type\":\"WebPage\",\"@id\":\"https:\\\/\\\/www.organisator.ch\\\/management\\\/2020-01-13\\\/adieu-chef-bonjour-leader\\\/\",\"url\":\"https:\\\/\\\/www.organisator.ch\\\/management\\\/2020-01-13\\\/adieu-chef-bonjour-leader\\\/\",\"name\":\"Adieu Chef \u2013 bonjour Leader - Organisator\",\"isPartOf\":{\"@id\":\"https:\\\/\\\/www.organisator.ch\\\/#website\"},\"primaryImageOfPage\":{\"@id\":\"https:\\\/\\\/www.organisator.ch\\\/management\\\/2020-01-13\\\/adieu-chef-bonjour-leader\\\/#primaryimage\"},\"image\":{\"@id\":\"https:\\\/\\\/www.organisator.ch\\\/management\\\/2020-01-13\\\/adieu-chef-bonjour-leader\\\/#primaryimage\"},\"thumbnailUrl\":\"https:\\\/\\\/www.organisator.ch\\\/wp-content\\\/uploads\\\/2020\\\/01\\\/Adieu-Chef-bonjour-Leader_Organisator.jpg\",\"datePublished\":\"2020-01-13T15:52:18+00:00\",\"description\":\"Adieu Chef? An einer Abendveranstaltung gaben zwei praxiserprobte Fachpersonen Einblick in Erfahrungen mit neuen Organisationsformen und F\u00fchrungsmodellen.\",\"breadcrumb\":{\"@id\":\"https:\\\/\\\/www.organisator.ch\\\/management\\\/2020-01-13\\\/adieu-chef-bonjour-leader\\\/#breadcrumb\"},\"inLanguage\":\"en-US\",\"potentialAction\":[{\"@type\":\"ReadAction\",\"target\":[\"https:\\\/\\\/www.organisator.ch\\\/management\\\/2020-01-13\\\/adieu-chef-bonjour-leader\\\/\"]}]},{\"@type\":\"ImageObject\",\"inLanguage\":\"en-US\",\"@id\":\"https:\\\/\\\/www.organisator.ch\\\/management\\\/2020-01-13\\\/adieu-chef-bonjour-leader\\\/#primaryimage\",\"url\":\"https:\\\/\\\/www.organisator.ch\\\/wp-content\\\/uploads\\\/2020\\\/01\\\/Adieu-Chef-bonjour-Leader_Organisator.jpg\",\"contentUrl\":\"https:\\\/\\\/www.organisator.ch\\\/wp-content\\\/uploads\\\/2020\\\/01\\\/Adieu-Chef-bonjour-Leader_Organisator.jpg\",\"width\":680,\"height\":382,\"caption\":\"Adieu Chef - bonjour Leader? Dani\u00e8le Zatti im Gespr\u00e4ch mit Anne Bickel und Hartmut Kretschmer. (Bild: zVg)\"},{\"@type\":\"BreadcrumbList\",\"@id\":\"https:\\\/\\\/www.organisator.ch\\\/management\\\/2020-01-13\\\/adieu-chef-bonjour-leader\\\/#breadcrumb\",\"itemListElement\":[{\"@type\":\"ListItem\",\"position\":1,\"name\":\"Home\",\"item\":\"https:\\\/\\\/www.organisator.ch\\\/\"},{\"@type\":\"ListItem\",\"position\":2,\"name\":\"Adieu Chef \u2013 bonjour Leader\"}]},{\"@type\":\"WebSite\",\"@id\":\"https:\\\/\\\/www.organisator.ch\\\/#website\",\"url\":\"https:\\\/\\\/www.organisator.ch\\\/\",\"name\":\"Organisator\",\"description\":\"Kompetent. Praxisnah. Der ORGANISATOR bereitet in 10 Ausgaben pro Jahr die wesentlichen Themen f\u00fcr F\u00fchrungskr\u00e4fte von KMU auf.\",\"publisher\":{\"@id\":\"https:\\\/\\\/www.organisator.ch\\\/#organization\"},\"potentialAction\":[{\"@type\":\"SearchAction\",\"target\":{\"@type\":\"EntryPoint\",\"urlTemplate\":\"https:\\\/\\\/www.organisator.ch\\\/?s={search_term_string}\"},\"query-input\":{\"@type\":\"PropertyValueSpecification\",\"valueRequired\":true,\"valueName\":\"search_term_string\"}}],\"inLanguage\":\"en-US\"},{\"@type\":\"Organization\",\"@id\":\"https:\\\/\\\/www.organisator.ch\\\/#organization\",\"name\":\"Organisator\",\"url\":\"https:\\\/\\\/www.organisator.ch\\\/\",\"logo\":{\"@type\":\"ImageObject\",\"inLanguage\":\"en-US\",\"@id\":\"https:\\\/\\\/www.organisator.ch\\\/#\\\/schema\\\/logo\\\/image\\\/\",\"url\":\"https:\\\/\\\/www.organisator.ch\\\/wp-content\\\/uploads\\\/2022\\\/01\\\/Logo_Organisator_Website.png\",\"contentUrl\":\"https:\\\/\\\/www.organisator.ch\\\/wp-content\\\/uploads\\\/2022\\\/01\\\/Logo_Organisator_Website.png\",\"width\":800,\"height\":77,\"caption\":\"Organisator\"},\"image\":{\"@id\":\"https:\\\/\\\/www.organisator.ch\\\/#\\\/schema\\\/logo\\\/image\\\/\"},\"sameAs\":[\"https:\\\/\\\/www.facebook.com\\\/OrganisatorFachmagazin\",\"https:\\\/\\\/www.linkedin.com\\\/showcase\\\/organisator-das-magazin-fr-kmu\",\"https:\\\/\\\/www.xing.com\\\/news\\\/pages\\\/organisator-ch-695\",\"https:\\\/\\\/www.youtube.com\\\/channel\\\/UCGP2Sq0iWaZwT3BdIAQFYpw\"]},{\"@type\":\"Person\",\"@id\":\"https:\\\/\\\/www.organisator.ch\\\/#\\\/schema\\\/person\\\/6f650f90b2842cd4c0cc334b4e36f67e\",\"name\":\"thomas.berner\",\"image\":{\"@type\":\"ImageObject\",\"inLanguage\":\"en-US\",\"@id\":\"https:\\\/\\\/secure.gravatar.com\\\/avatar\\\/ac5001d2a36cb6c6cd3e50789007ffca834b477b74a2144564522e944eabff61?s=96&d=mm&r=g\",\"url\":\"https:\\\/\\\/secure.gravatar.com\\\/avatar\\\/ac5001d2a36cb6c6cd3e50789007ffca834b477b74a2144564522e944eabff61?s=96&d=mm&r=g\",\"contentUrl\":\"https:\\\/\\\/secure.gravatar.com\\\/avatar\\\/ac5001d2a36cb6c6cd3e50789007ffca834b477b74a2144564522e944eabff61?s=96&d=mm&r=g\",\"caption\":\"thomas.berner\"},\"url\":\"https:\\\/\\\/www.organisator.ch\\\/en\\\/author\\\/thomas-berner\\\/\"}]}<\/script>\n<!-- \/ Yoast SEO plugin. -->","yoast_head_json":{"title":"Adieu Chef - bonjour Leader - Organizer","description":"Goodbye boss? At an evening event, two experts with practical experience provided insights into their experiences with new organizational forms and leadership models.","robots":{"index":"index","follow":"follow","max-snippet":"max-snippet:-1","max-image-preview":"max-image-preview:large","max-video-preview":"max-video-preview:-1"},"canonical":"https:\/\/www.organisator.ch\/en\/management\/2020-01-13\/adieu-chef-bonjour-leader\/","og_locale":"en_US","og_type":"article","og_title":"Adieu Chef \u2013 bonjour Leader","og_description":"Adieu Chef? An einer Abendveranstaltung gaben zwei praxiserprobte Fachpersonen Einblick in Erfahrungen mit neuen Organisationsformen und F\u00fchrungsmodellen.","og_url":"https:\/\/www.organisator.ch\/en\/management\/2020-01-13\/adieu-chef-bonjour-leader\/","og_site_name":"Organisator","article_publisher":"https:\/\/www.facebook.com\/OrganisatorFachmagazin","article_published_time":"2020-01-13T15:52:18+00:00","og_image":[{"width":654,"height":370,"url":"https:\/\/www.organisator.ch\/wp-content\/uploads\/2021\/07\/organisator_Topsoft_2011_1.png","type":"image\/png"}],"author":"thomas.berner","twitter_card":"summary_large_image","twitter_title":"Adieu #Chef \u2013 bonjour #Leader","twitter_description":"Adieu #Chef? An einer Abendveranstaltung gaben zwei #praxiserprobte Fachpersonen Einblick in Erfahrungen mit neuen #Organisationsformen und #F\u00fchrungsmodellen.","twitter_image":"https:\/\/www.organisator.ch\/wp-content\/uploads\/2021\/07\/organisator_Topsoft_2011_1.png","schema":{"@context":"https:\/\/schema.org","@graph":[{"@type":"Article","@id":"https:\/\/www.organisator.ch\/management\/2020-01-13\/adieu-chef-bonjour-leader\/#article","isPartOf":{"@id":"https:\/\/www.organisator.ch\/management\/2020-01-13\/adieu-chef-bonjour-leader\/"},"author":{"name":"thomas.berner","@id":"https:\/\/www.organisator.ch\/#\/schema\/person\/6f650f90b2842cd4c0cc334b4e36f67e"},"headline":"Adieu Chef \u2013 bonjour Leader","datePublished":"2020-01-13T15:52:18+00:00","mainEntityOfPage":{"@id":"https:\/\/www.organisator.ch\/management\/2020-01-13\/adieu-chef-bonjour-leader\/"},"wordCount":520,"publisher":{"@id":"https:\/\/www.organisator.ch\/#organization"},"image":{"@id":"https:\/\/www.organisator.ch\/management\/2020-01-13\/adieu-chef-bonjour-leader\/#primaryimage"},"thumbnailUrl":"https:\/\/www.organisator.ch\/wp-content\/uploads\/2020\/01\/Adieu-Chef-bonjour-Leader_Organisator.jpg","keywords":["Leadership","Management und Unternehmensf\u00fchrung","New Work","Veranstaltungen"],"articleSection":["MANAGEMENT"],"inLanguage":"en-US"},{"@type":"WebPage","@id":"https:\/\/www.organisator.ch\/management\/2020-01-13\/adieu-chef-bonjour-leader\/","url":"https:\/\/www.organisator.ch\/management\/2020-01-13\/adieu-chef-bonjour-leader\/","name":"Adieu Chef - bonjour Leader - Organizer","isPartOf":{"@id":"https:\/\/www.organisator.ch\/#website"},"primaryImageOfPage":{"@id":"https:\/\/www.organisator.ch\/management\/2020-01-13\/adieu-chef-bonjour-leader\/#primaryimage"},"image":{"@id":"https:\/\/www.organisator.ch\/management\/2020-01-13\/adieu-chef-bonjour-leader\/#primaryimage"},"thumbnailUrl":"https:\/\/www.organisator.ch\/wp-content\/uploads\/2020\/01\/Adieu-Chef-bonjour-Leader_Organisator.jpg","datePublished":"2020-01-13T15:52:18+00:00","description":"Goodbye boss? At an evening event, two experts with practical experience provided insights into their experiences with new organizational forms and leadership models.","breadcrumb":{"@id":"https:\/\/www.organisator.ch\/management\/2020-01-13\/adieu-chef-bonjour-leader\/#breadcrumb"},"inLanguage":"en-US","potentialAction":[{"@type":"ReadAction","target":["https:\/\/www.organisator.ch\/management\/2020-01-13\/adieu-chef-bonjour-leader\/"]}]},{"@type":"ImageObject","inLanguage":"en-US","@id":"https:\/\/www.organisator.ch\/management\/2020-01-13\/adieu-chef-bonjour-leader\/#primaryimage","url":"https:\/\/www.organisator.ch\/wp-content\/uploads\/2020\/01\/Adieu-Chef-bonjour-Leader_Organisator.jpg","contentUrl":"https:\/\/www.organisator.ch\/wp-content\/uploads\/2020\/01\/Adieu-Chef-bonjour-Leader_Organisator.jpg","width":680,"height":382,"caption":"Adieu Chef - bonjour Leader? Dani\u00e8le Zatti im Gespr\u00e4ch mit Anne Bickel und Hartmut Kretschmer. (Bild: zVg)"},{"@type":"BreadcrumbList","@id":"https:\/\/www.organisator.ch\/management\/2020-01-13\/adieu-chef-bonjour-leader\/#breadcrumb","itemListElement":[{"@type":"ListItem","position":1,"name":"Home","item":"https:\/\/www.organisator.ch\/"},{"@type":"ListItem","position":2,"name":"Adieu Chef \u2013 bonjour Leader"}]},{"@type":"WebSite","@id":"https:\/\/www.organisator.ch\/#website","url":"https:\/\/www.organisator.ch\/","name":"Organizer","description":"Competent. Practical. In 10 issues per year, ORGANISATOR presents the essential topics for managers of SMEs.","publisher":{"@id":"https:\/\/www.organisator.ch\/#organization"},"potentialAction":[{"@type":"SearchAction","target":{"@type":"EntryPoint","urlTemplate":"https:\/\/www.organisator.ch\/?s={search_term_string}"},"query-input":{"@type":"PropertyValueSpecification","valueRequired":true,"valueName":"search_term_string"}}],"inLanguage":"en-US"},{"@type":"Organization","@id":"https:\/\/www.organisator.ch\/#organization","name":"Organizer","url":"https:\/\/www.organisator.ch\/","logo":{"@type":"ImageObject","inLanguage":"en-US","@id":"https:\/\/www.organisator.ch\/#\/schema\/logo\/image\/","url":"https:\/\/www.organisator.ch\/wp-content\/uploads\/2022\/01\/Logo_Organisator_Website.png","contentUrl":"https:\/\/www.organisator.ch\/wp-content\/uploads\/2022\/01\/Logo_Organisator_Website.png","width":800,"height":77,"caption":"Organisator"},"image":{"@id":"https:\/\/www.organisator.ch\/#\/schema\/logo\/image\/"},"sameAs":["https:\/\/www.facebook.com\/OrganisatorFachmagazin","https:\/\/www.linkedin.com\/showcase\/organisator-das-magazin-fr-kmu","https:\/\/www.xing.com\/news\/pages\/organisator-ch-695","https:\/\/www.youtube.com\/channel\/UCGP2Sq0iWaZwT3BdIAQFYpw"]},{"@type":"Person","@id":"https:\/\/www.organisator.ch\/#\/schema\/person\/6f650f90b2842cd4c0cc334b4e36f67e","name":"thomas.berner","image":{"@type":"ImageObject","inLanguage":"en-US","@id":"https:\/\/secure.gravatar.com\/avatar\/ac5001d2a36cb6c6cd3e50789007ffca834b477b74a2144564522e944eabff61?s=96&d=mm&r=g","url":"https:\/\/secure.gravatar.com\/avatar\/ac5001d2a36cb6c6cd3e50789007ffca834b477b74a2144564522e944eabff61?s=96&d=mm&r=g","contentUrl":"https:\/\/secure.gravatar.com\/avatar\/ac5001d2a36cb6c6cd3e50789007ffca834b477b74a2144564522e944eabff61?s=96&d=mm&r=g","caption":"thomas.berner"},"url":"https:\/\/www.organisator.ch\/en\/author\/thomas-berner\/"}]}},"_links":{"self":[{"href":"https:\/\/www.organisator.ch\/en\/wp-json\/wp\/v2\/posts\/8633","targetHints":{"allow":["GET"]}}],"collection":[{"href":"https:\/\/www.organisator.ch\/en\/wp-json\/wp\/v2\/posts"}],"about":[{"href":"https:\/\/www.organisator.ch\/en\/wp-json\/wp\/v2\/types\/post"}],"author":[{"embeddable":true,"href":"https:\/\/www.organisator.ch\/en\/wp-json\/wp\/v2\/users\/4"}],"replies":[{"embeddable":true,"href":"https:\/\/www.organisator.ch\/en\/wp-json\/wp\/v2\/comments?post=8633"}],"version-history":[{"count":0,"href":"https:\/\/www.organisator.ch\/en\/wp-json\/wp\/v2\/posts\/8633\/revisions"}],"wp:featuredmedia":[{"embeddable":true,"href":"https:\/\/www.organisator.ch\/en\/wp-json\/wp\/v2\/media\/8557"}],"wp:attachment":[{"href":"https:\/\/www.organisator.ch\/en\/wp-json\/wp\/v2\/media?parent=8633"}],"wp:term":[{"taxonomy":"category","embeddable":true,"href":"https:\/\/www.organisator.ch\/en\/wp-json\/wp\/v2\/categories?post=8633"},{"taxonomy":"post_tag","embeddable":true,"href":"https:\/\/www.organisator.ch\/en\/wp-json\/wp\/v2\/tags?post=8633"}],"curies":[{"name":"wp","href":"https:\/\/api.w.org\/{rel}","templated":true}]}}