{"id":8635,"date":"2020-01-16T08:36:34","date_gmt":"2020-01-16T07:36:34","guid":{"rendered":"https:\/\/www.organisator.ch\/?p=6239"},"modified":"2020-01-16T08:36:34","modified_gmt":"2020-01-16T07:36:34","slug":"der-office-knigge-souveraen-mit-kunden-und-im-team","status":"publish","type":"post","link":"https:\/\/www.organisator.ch\/en\/human-resources\/hrm\/2020-01-16\/der-office-knigge-souveraen-mit-kunden-und-im-team\/","title":{"rendered":"Office etiquette: Confident with customers and in the team"},"content":{"rendered":"<figure id=\"attachment_6240\" aria-describedby=\"caption-attachment-6240\" style=\"width: 424px\" class=\"wp-caption alignnone\"><img loading=\"lazy\" decoding=\"async\" class=\"size-full wp-image-6240\" src=\"https:\/\/www.organisator.ch\/wp-content\/uploads\/2020\/01\/Der-Office-Knigge_Organisator.jpg\" alt=\"\" width=\"424\" height=\"600\" \/><figcaption id=\"caption-attachment-6240\" class=\"wp-caption-text\">The Office Etiquetteer, 2nd edition 2020, 152 pages<br \/>ISBN (Print): 978-3-286-50216-1 | CHF 32.-<br \/>ISBN (E-Book): 978-3-286-11755-6 | CHF 26.-<\/figcaption><\/figure>\n<p>As Managing Director of Training &amp; Style (kniggetoday.ch), Susanne Abplanalp has been passing on her knowledge of modern manners and professional appearance for years. A central theme of her seminars and professional articles is appreciative behavior. In the book \"Der Office-Knigge\" (The Office Etiquette), she has placed social competence and appreciative interaction at the center of her unconventional guidebook with 150 practical tips, numerous formulation examples and personal anecdotes. After all, adhering to the correct etiquette is important in business life, but it is even more important to create trust and sympathy among business partners.<\/p>\n<p>The newly published book from the SKV publishing house is aimed at all people who want to improve their social and appearance skills in everyday professional life. Especially for younger professionals, \"Der Office-Knigge\" contains many important topics related to dealing with internal and external contacts.<\/p>\n<p><em><a href=\"http:\/\/www.verlagskv.ch\">www.verlagskv.ch<\/a><\/em><\/p>","protected":false},"excerpt":{"rendered":"<p>Susanne Abplanalp gibt als Gesch\u00e4ftsf\u00fchrerin von Training &amp; Style (kniggetoday.ch) seit Jahren ihr Wissen rund um moderne Umgangsformen und den professionellen Auftritt weiter. Ein zentrales Thema ihrer Seminare und Fachbeitr\u00e4ge ist das wertsch\u00e4tzende Verhalten. Im Buch &#8222;Der Office-Knigge&#8220; hat sie mit 150 Praxistipps, zahlreichen Formulierungsbeispielen und pers\u00f6nlichen Anekdoten die Sozialkompetenz und das wertsch\u00e4tzende Miteinander ins [&hellip;]<\/p>\n","protected":false},"author":4,"featured_media":8561,"comment_status":"closed","ping_status":"closed","sticky":false,"template":"","format":"standard","meta":{"_acf_changed":false,"_yoast_wpseo_focuskw":"Office-Knigge","_yoast_wpseo_metadesc":"\"Der Office-Knigge\" f\u00fchrt humorvoll und pers\u00f6nlich durch den B\u00fcroalltag und erkl\u00e4rt, warum sich wertsch\u00e4tzende Umgangsformen wirklich lohnen.","articlekey":"","footnotes":""},"categories":[26],"tags":[92,95,102,254],"class_list":["post-8635","post","type-post","status-publish","format-standard","has-post-thumbnail","hentry","category-hrm","tag-buch","tag-buchtipps","tag-buero","tag-hrm"],"acf":[],"yoast_head":"<!-- This site is optimized with the Yoast SEO plugin v27.4 - https:\/\/yoast.com\/product\/yoast-seo-wordpress\/ -->\n<title>Der Office-Knigge: Souver\u00e4n mit Kunden und im Team - Organisator<\/title>\n<meta name=\"description\" content=\"&quot;Der Office-Knigge&quot; f\u00fchrt humorvoll und pers\u00f6nlich durch den B\u00fcroalltag und erkl\u00e4rt, warum sich wertsch\u00e4tzende Umgangsformen wirklich lohnen.\" \/>\n<meta name=\"robots\" content=\"index, follow, max-snippet:-1, max-image-preview:large, max-video-preview:-1\" \/>\n<link rel=\"canonical\" href=\"https:\/\/www.organisator.ch\/en\/human-resources\/hrm\/2020-01-16\/der-office-knigge-souveraen-mit-kunden-und-im-team\/\" \/>\n<meta property=\"og:locale\" content=\"en_US\" \/>\n<meta property=\"og:type\" content=\"article\" \/>\n<meta property=\"og:title\" content=\"Der Office-Knigge: Souver\u00e4n mit Kunden und im Team\" \/>\n<meta property=\"og:description\" content=\"&quot;Der Office-Knigge&quot; f\u00fchrt humorvoll und pers\u00f6nlich durch den B\u00fcroalltag und erkl\u00e4rt, warum sich wertsch\u00e4tzende Umgangsformen wirklich lohnen.\" \/>\n<meta property=\"og:url\" content=\"https:\/\/www.organisator.ch\/en\/human-resources\/hrm\/2020-01-16\/der-office-knigge-souveraen-mit-kunden-und-im-team\/\" \/>\n<meta property=\"og:site_name\" content=\"Organisator\" \/>\n<meta property=\"article:publisher\" content=\"https:\/\/www.facebook.com\/OrganisatorFachmagazin\" \/>\n<meta property=\"article:published_time\" content=\"2020-01-16T07:36:34+00:00\" \/>\n<meta property=\"og:image\" content=\"https:\/\/www.organisator.ch\/wp-content\/uploads\/2021\/07\/organisator_Bildungamarkt_2017_1.png\" \/>\n\t<meta property=\"og:image:width\" content=\"654\" \/>\n\t<meta property=\"og:image:height\" content=\"370\" \/>\n\t<meta property=\"og:image:type\" content=\"image\/png\" \/>\n<meta name=\"author\" content=\"thomas.berner\" \/>\n<meta name=\"twitter:card\" content=\"summary_large_image\" \/>\n<meta name=\"twitter:title\" content=\"Der Office-Knigge: Souver\u00e4n mit Kunden und im Team\" \/>\n<meta name=\"twitter:description\" content=\"&quot;Der Office-Knigge&quot; f\u00fchrt humorvoll und pers\u00f6nlich durch den B\u00fcroalltag und erkl\u00e4rt, warum sich wertsch\u00e4tzende Umgangsformen wirklich lohnen.\" \/>\n<meta name=\"twitter:image\" content=\"https:\/\/www.organisator.ch\/wp-content\/uploads\/2021\/07\/organisator_Bildungamarkt_2017_1.png\" \/>\n<script type=\"application\/ld+json\" class=\"yoast-schema-graph\">{\"@context\":\"https:\\\/\\\/schema.org\",\"@graph\":[{\"@type\":\"Article\",\"@id\":\"https:\\\/\\\/www.organisator.ch\\\/human-resources\\\/hrm\\\/2020-01-16\\\/der-office-knigge-souveraen-mit-kunden-und-im-team\\\/#article\",\"isPartOf\":{\"@id\":\"https:\\\/\\\/www.organisator.ch\\\/human-resources\\\/hrm\\\/2020-01-16\\\/der-office-knigge-souveraen-mit-kunden-und-im-team\\\/\"},\"author\":{\"name\":\"thomas.berner\",\"@id\":\"https:\\\/\\\/www.organisator.ch\\\/#\\\/schema\\\/person\\\/6f650f90b2842cd4c0cc334b4e36f67e\"},\"headline\":\"Der Office-Knigge: Souver\u00e4n mit Kunden und im Team\",\"datePublished\":\"2020-01-16T07:36:34+00:00\",\"mainEntityOfPage\":{\"@id\":\"https:\\\/\\\/www.organisator.ch\\\/human-resources\\\/hrm\\\/2020-01-16\\\/der-office-knigge-souveraen-mit-kunden-und-im-team\\\/\"},\"wordCount\":173,\"publisher\":{\"@id\":\"https:\\\/\\\/www.organisator.ch\\\/#organization\"},\"image\":{\"@id\":\"https:\\\/\\\/www.organisator.ch\\\/human-resources\\\/hrm\\\/2020-01-16\\\/der-office-knigge-souveraen-mit-kunden-und-im-team\\\/#primaryimage\"},\"thumbnailUrl\":\"https:\\\/\\\/www.organisator.ch\\\/wp-content\\\/uploads\\\/2020\\\/01\\\/Der-Office-Knigge_Organisator.jpg\",\"keywords\":[\"Buch\",\"Buchtipps\",\"B\u00fcro\",\"HRM\"],\"articleSection\":[\"HRM\"],\"inLanguage\":\"en-US\"},{\"@type\":\"WebPage\",\"@id\":\"https:\\\/\\\/www.organisator.ch\\\/human-resources\\\/hrm\\\/2020-01-16\\\/der-office-knigge-souveraen-mit-kunden-und-im-team\\\/\",\"url\":\"https:\\\/\\\/www.organisator.ch\\\/human-resources\\\/hrm\\\/2020-01-16\\\/der-office-knigge-souveraen-mit-kunden-und-im-team\\\/\",\"name\":\"Der Office-Knigge: Souver\u00e4n mit Kunden und im Team - Organisator\",\"isPartOf\":{\"@id\":\"https:\\\/\\\/www.organisator.ch\\\/#website\"},\"primaryImageOfPage\":{\"@id\":\"https:\\\/\\\/www.organisator.ch\\\/human-resources\\\/hrm\\\/2020-01-16\\\/der-office-knigge-souveraen-mit-kunden-und-im-team\\\/#primaryimage\"},\"image\":{\"@id\":\"https:\\\/\\\/www.organisator.ch\\\/human-resources\\\/hrm\\\/2020-01-16\\\/der-office-knigge-souveraen-mit-kunden-und-im-team\\\/#primaryimage\"},\"thumbnailUrl\":\"https:\\\/\\\/www.organisator.ch\\\/wp-content\\\/uploads\\\/2020\\\/01\\\/Der-Office-Knigge_Organisator.jpg\",\"datePublished\":\"2020-01-16T07:36:34+00:00\",\"description\":\"\\\"Der Office-Knigge\\\" f\u00fchrt humorvoll und pers\u00f6nlich durch den B\u00fcroalltag und erkl\u00e4rt, warum sich wertsch\u00e4tzende Umgangsformen wirklich lohnen.\",\"breadcrumb\":{\"@id\":\"https:\\\/\\\/www.organisator.ch\\\/human-resources\\\/hrm\\\/2020-01-16\\\/der-office-knigge-souveraen-mit-kunden-und-im-team\\\/#breadcrumb\"},\"inLanguage\":\"en-US\",\"potentialAction\":[{\"@type\":\"ReadAction\",\"target\":[\"https:\\\/\\\/www.organisator.ch\\\/human-resources\\\/hrm\\\/2020-01-16\\\/der-office-knigge-souveraen-mit-kunden-und-im-team\\\/\"]}]},{\"@type\":\"ImageObject\",\"inLanguage\":\"en-US\",\"@id\":\"https:\\\/\\\/www.organisator.ch\\\/human-resources\\\/hrm\\\/2020-01-16\\\/der-office-knigge-souveraen-mit-kunden-und-im-team\\\/#primaryimage\",\"url\":\"https:\\\/\\\/www.organisator.ch\\\/wp-content\\\/uploads\\\/2020\\\/01\\\/Der-Office-Knigge_Organisator.jpg\",\"contentUrl\":\"https:\\\/\\\/www.organisator.ch\\\/wp-content\\\/uploads\\\/2020\\\/01\\\/Der-Office-Knigge_Organisator.jpg\",\"width\":424,\"height\":600,\"caption\":\"Der Office-Knigge, 2. Auflage 2020, 152 Seiten ISBN (Print): 978-3-286-50216-1 | CHF 32.\u2013 ISBN (E-Book): 978-3-286-11755-6 | CHF 26.\u2013\"},{\"@type\":\"BreadcrumbList\",\"@id\":\"https:\\\/\\\/www.organisator.ch\\\/human-resources\\\/hrm\\\/2020-01-16\\\/der-office-knigge-souveraen-mit-kunden-und-im-team\\\/#breadcrumb\",\"itemListElement\":[{\"@type\":\"ListItem\",\"position\":1,\"name\":\"Home\",\"item\":\"https:\\\/\\\/www.organisator.ch\\\/\"},{\"@type\":\"ListItem\",\"position\":2,\"name\":\"Der Office-Knigge: Souver\u00e4n mit Kunden und im Team\"}]},{\"@type\":\"WebSite\",\"@id\":\"https:\\\/\\\/www.organisator.ch\\\/#website\",\"url\":\"https:\\\/\\\/www.organisator.ch\\\/\",\"name\":\"Organisator\",\"description\":\"Kompetent. Praxisnah. Der ORGANISATOR bereitet in 10 Ausgaben pro Jahr die wesentlichen Themen f\u00fcr F\u00fchrungskr\u00e4fte von KMU auf.\",\"publisher\":{\"@id\":\"https:\\\/\\\/www.organisator.ch\\\/#organization\"},\"potentialAction\":[{\"@type\":\"SearchAction\",\"target\":{\"@type\":\"EntryPoint\",\"urlTemplate\":\"https:\\\/\\\/www.organisator.ch\\\/?s={search_term_string}\"},\"query-input\":{\"@type\":\"PropertyValueSpecification\",\"valueRequired\":true,\"valueName\":\"search_term_string\"}}],\"inLanguage\":\"en-US\"},{\"@type\":\"Organization\",\"@id\":\"https:\\\/\\\/www.organisator.ch\\\/#organization\",\"name\":\"Organisator\",\"url\":\"https:\\\/\\\/www.organisator.ch\\\/\",\"logo\":{\"@type\":\"ImageObject\",\"inLanguage\":\"en-US\",\"@id\":\"https:\\\/\\\/www.organisator.ch\\\/#\\\/schema\\\/logo\\\/image\\\/\",\"url\":\"https:\\\/\\\/www.organisator.ch\\\/wp-content\\\/uploads\\\/2022\\\/01\\\/Logo_Organisator_Website.png\",\"contentUrl\":\"https:\\\/\\\/www.organisator.ch\\\/wp-content\\\/uploads\\\/2022\\\/01\\\/Logo_Organisator_Website.png\",\"width\":800,\"height\":77,\"caption\":\"Organisator\"},\"image\":{\"@id\":\"https:\\\/\\\/www.organisator.ch\\\/#\\\/schema\\\/logo\\\/image\\\/\"},\"sameAs\":[\"https:\\\/\\\/www.facebook.com\\\/OrganisatorFachmagazin\",\"https:\\\/\\\/www.linkedin.com\\\/showcase\\\/organisator-das-magazin-fr-kmu\",\"https:\\\/\\\/www.xing.com\\\/news\\\/pages\\\/organisator-ch-695\",\"https:\\\/\\\/www.youtube.com\\\/channel\\\/UCGP2Sq0iWaZwT3BdIAQFYpw\"]},{\"@type\":\"Person\",\"@id\":\"https:\\\/\\\/www.organisator.ch\\\/#\\\/schema\\\/person\\\/6f650f90b2842cd4c0cc334b4e36f67e\",\"name\":\"thomas.berner\",\"image\":{\"@type\":\"ImageObject\",\"inLanguage\":\"en-US\",\"@id\":\"https:\\\/\\\/secure.gravatar.com\\\/avatar\\\/ac5001d2a36cb6c6cd3e50789007ffca834b477b74a2144564522e944eabff61?s=96&d=mm&r=g\",\"url\":\"https:\\\/\\\/secure.gravatar.com\\\/avatar\\\/ac5001d2a36cb6c6cd3e50789007ffca834b477b74a2144564522e944eabff61?s=96&d=mm&r=g\",\"contentUrl\":\"https:\\\/\\\/secure.gravatar.com\\\/avatar\\\/ac5001d2a36cb6c6cd3e50789007ffca834b477b74a2144564522e944eabff61?s=96&d=mm&r=g\",\"caption\":\"thomas.berner\"},\"url\":\"https:\\\/\\\/www.organisator.ch\\\/en\\\/author\\\/thomas-berner\\\/\"}]}<\/script>\n<!-- \/ Yoast SEO plugin. -->","yoast_head_json":{"title":"The office etiquette: Confident with customers and in the team - Organizer","description":"\"Office Etiquette\" guides you humorously and personally through everyday office life and explains why appreciative manners really pay off.","robots":{"index":"index","follow":"follow","max-snippet":"max-snippet:-1","max-image-preview":"max-image-preview:large","max-video-preview":"max-video-preview:-1"},"canonical":"https:\/\/www.organisator.ch\/en\/human-resources\/hrm\/2020-01-16\/der-office-knigge-souveraen-mit-kunden-und-im-team\/","og_locale":"en_US","og_type":"article","og_title":"Der Office-Knigge: Souver\u00e4n mit Kunden und im Team","og_description":"\"Der Office-Knigge\" f\u00fchrt humorvoll und pers\u00f6nlich durch den B\u00fcroalltag und erkl\u00e4rt, warum sich wertsch\u00e4tzende Umgangsformen wirklich lohnen.","og_url":"https:\/\/www.organisator.ch\/en\/human-resources\/hrm\/2020-01-16\/der-office-knigge-souveraen-mit-kunden-und-im-team\/","og_site_name":"Organisator","article_publisher":"https:\/\/www.facebook.com\/OrganisatorFachmagazin","article_published_time":"2020-01-16T07:36:34+00:00","og_image":[{"width":654,"height":370,"url":"https:\/\/www.organisator.ch\/wp-content\/uploads\/2021\/07\/organisator_Bildungamarkt_2017_1.png","type":"image\/png"}],"author":"thomas.berner","twitter_card":"summary_large_image","twitter_title":"Der Office-Knigge: Souver\u00e4n mit Kunden und im Team","twitter_description":"\"Der Office-Knigge\" f\u00fchrt humorvoll und pers\u00f6nlich durch den B\u00fcroalltag und erkl\u00e4rt, warum sich wertsch\u00e4tzende Umgangsformen wirklich lohnen.","twitter_image":"https:\/\/www.organisator.ch\/wp-content\/uploads\/2021\/07\/organisator_Bildungamarkt_2017_1.png","schema":{"@context":"https:\/\/schema.org","@graph":[{"@type":"Article","@id":"https:\/\/www.organisator.ch\/human-resources\/hrm\/2020-01-16\/der-office-knigge-souveraen-mit-kunden-und-im-team\/#article","isPartOf":{"@id":"https:\/\/www.organisator.ch\/human-resources\/hrm\/2020-01-16\/der-office-knigge-souveraen-mit-kunden-und-im-team\/"},"author":{"name":"thomas.berner","@id":"https:\/\/www.organisator.ch\/#\/schema\/person\/6f650f90b2842cd4c0cc334b4e36f67e"},"headline":"Der Office-Knigge: Souver\u00e4n mit Kunden und im Team","datePublished":"2020-01-16T07:36:34+00:00","mainEntityOfPage":{"@id":"https:\/\/www.organisator.ch\/human-resources\/hrm\/2020-01-16\/der-office-knigge-souveraen-mit-kunden-und-im-team\/"},"wordCount":173,"publisher":{"@id":"https:\/\/www.organisator.ch\/#organization"},"image":{"@id":"https:\/\/www.organisator.ch\/human-resources\/hrm\/2020-01-16\/der-office-knigge-souveraen-mit-kunden-und-im-team\/#primaryimage"},"thumbnailUrl":"https:\/\/www.organisator.ch\/wp-content\/uploads\/2020\/01\/Der-Office-Knigge_Organisator.jpg","keywords":["Buch","Buchtipps","B\u00fcro","HRM"],"articleSection":["HRM"],"inLanguage":"en-US"},{"@type":"WebPage","@id":"https:\/\/www.organisator.ch\/human-resources\/hrm\/2020-01-16\/der-office-knigge-souveraen-mit-kunden-und-im-team\/","url":"https:\/\/www.organisator.ch\/human-resources\/hrm\/2020-01-16\/der-office-knigge-souveraen-mit-kunden-und-im-team\/","name":"The office etiquette: Confident with customers and in the team - Organizer","isPartOf":{"@id":"https:\/\/www.organisator.ch\/#website"},"primaryImageOfPage":{"@id":"https:\/\/www.organisator.ch\/human-resources\/hrm\/2020-01-16\/der-office-knigge-souveraen-mit-kunden-und-im-team\/#primaryimage"},"image":{"@id":"https:\/\/www.organisator.ch\/human-resources\/hrm\/2020-01-16\/der-office-knigge-souveraen-mit-kunden-und-im-team\/#primaryimage"},"thumbnailUrl":"https:\/\/www.organisator.ch\/wp-content\/uploads\/2020\/01\/Der-Office-Knigge_Organisator.jpg","datePublished":"2020-01-16T07:36:34+00:00","description":"\"Office Etiquette\" guides you humorously and personally through everyday office life and explains why appreciative manners really pay off.","breadcrumb":{"@id":"https:\/\/www.organisator.ch\/human-resources\/hrm\/2020-01-16\/der-office-knigge-souveraen-mit-kunden-und-im-team\/#breadcrumb"},"inLanguage":"en-US","potentialAction":[{"@type":"ReadAction","target":["https:\/\/www.organisator.ch\/human-resources\/hrm\/2020-01-16\/der-office-knigge-souveraen-mit-kunden-und-im-team\/"]}]},{"@type":"ImageObject","inLanguage":"en-US","@id":"https:\/\/www.organisator.ch\/human-resources\/hrm\/2020-01-16\/der-office-knigge-souveraen-mit-kunden-und-im-team\/#primaryimage","url":"https:\/\/www.organisator.ch\/wp-content\/uploads\/2020\/01\/Der-Office-Knigge_Organisator.jpg","contentUrl":"https:\/\/www.organisator.ch\/wp-content\/uploads\/2020\/01\/Der-Office-Knigge_Organisator.jpg","width":424,"height":600,"caption":"Der Office-Knigge, 2. Auflage 2020, 152 Seiten ISBN (Print): 978-3-286-50216-1 | CHF 32.\u2013 ISBN (E-Book): 978-3-286-11755-6 | CHF 26.\u2013"},{"@type":"BreadcrumbList","@id":"https:\/\/www.organisator.ch\/human-resources\/hrm\/2020-01-16\/der-office-knigge-souveraen-mit-kunden-und-im-team\/#breadcrumb","itemListElement":[{"@type":"ListItem","position":1,"name":"Home","item":"https:\/\/www.organisator.ch\/"},{"@type":"ListItem","position":2,"name":"Der Office-Knigge: Souver\u00e4n mit Kunden und im Team"}]},{"@type":"WebSite","@id":"https:\/\/www.organisator.ch\/#website","url":"https:\/\/www.organisator.ch\/","name":"Organizer","description":"Competent. Practical. In 10 issues per year, ORGANISATOR presents the essential topics for managers of SMEs.","publisher":{"@id":"https:\/\/www.organisator.ch\/#organization"},"potentialAction":[{"@type":"SearchAction","target":{"@type":"EntryPoint","urlTemplate":"https:\/\/www.organisator.ch\/?s={search_term_string}"},"query-input":{"@type":"PropertyValueSpecification","valueRequired":true,"valueName":"search_term_string"}}],"inLanguage":"en-US"},{"@type":"Organization","@id":"https:\/\/www.organisator.ch\/#organization","name":"Organizer","url":"https:\/\/www.organisator.ch\/","logo":{"@type":"ImageObject","inLanguage":"en-US","@id":"https:\/\/www.organisator.ch\/#\/schema\/logo\/image\/","url":"https:\/\/www.organisator.ch\/wp-content\/uploads\/2022\/01\/Logo_Organisator_Website.png","contentUrl":"https:\/\/www.organisator.ch\/wp-content\/uploads\/2022\/01\/Logo_Organisator_Website.png","width":800,"height":77,"caption":"Organisator"},"image":{"@id":"https:\/\/www.organisator.ch\/#\/schema\/logo\/image\/"},"sameAs":["https:\/\/www.facebook.com\/OrganisatorFachmagazin","https:\/\/www.linkedin.com\/showcase\/organisator-das-magazin-fr-kmu","https:\/\/www.xing.com\/news\/pages\/organisator-ch-695","https:\/\/www.youtube.com\/channel\/UCGP2Sq0iWaZwT3BdIAQFYpw"]},{"@type":"Person","@id":"https:\/\/www.organisator.ch\/#\/schema\/person\/6f650f90b2842cd4c0cc334b4e36f67e","name":"thomas.berner","image":{"@type":"ImageObject","inLanguage":"en-US","@id":"https:\/\/secure.gravatar.com\/avatar\/ac5001d2a36cb6c6cd3e50789007ffca834b477b74a2144564522e944eabff61?s=96&d=mm&r=g","url":"https:\/\/secure.gravatar.com\/avatar\/ac5001d2a36cb6c6cd3e50789007ffca834b477b74a2144564522e944eabff61?s=96&d=mm&r=g","contentUrl":"https:\/\/secure.gravatar.com\/avatar\/ac5001d2a36cb6c6cd3e50789007ffca834b477b74a2144564522e944eabff61?s=96&d=mm&r=g","caption":"thomas.berner"},"url":"https:\/\/www.organisator.ch\/en\/author\/thomas-berner\/"}]}},"_links":{"self":[{"href":"https:\/\/www.organisator.ch\/en\/wp-json\/wp\/v2\/posts\/8635","targetHints":{"allow":["GET"]}}],"collection":[{"href":"https:\/\/www.organisator.ch\/en\/wp-json\/wp\/v2\/posts"}],"about":[{"href":"https:\/\/www.organisator.ch\/en\/wp-json\/wp\/v2\/types\/post"}],"author":[{"embeddable":true,"href":"https:\/\/www.organisator.ch\/en\/wp-json\/wp\/v2\/users\/4"}],"replies":[{"embeddable":true,"href":"https:\/\/www.organisator.ch\/en\/wp-json\/wp\/v2\/comments?post=8635"}],"version-history":[{"count":0,"href":"https:\/\/www.organisator.ch\/en\/wp-json\/wp\/v2\/posts\/8635\/revisions"}],"wp:featuredmedia":[{"embeddable":true,"href":"https:\/\/www.organisator.ch\/en\/wp-json\/wp\/v2\/media\/8561"}],"wp:attachment":[{"href":"https:\/\/www.organisator.ch\/en\/wp-json\/wp\/v2\/media?parent=8635"}],"wp:term":[{"taxonomy":"category","embeddable":true,"href":"https:\/\/www.organisator.ch\/en\/wp-json\/wp\/v2\/categories?post=8635"},{"taxonomy":"post_tag","embeddable":true,"href":"https:\/\/www.organisator.ch\/en\/wp-json\/wp\/v2\/tags?post=8635"}],"curies":[{"name":"wp","href":"https:\/\/api.w.org\/{rel}","templated":true}]}}