{"id":8652,"date":"2021-10-14T10:01:51","date_gmt":"2021-10-14T08:01:51","guid":{"rendered":"https:\/\/www.organisator.ch\/?p=8652"},"modified":"2021-10-14T10:01:51","modified_gmt":"2021-10-14T08:01:51","slug":"neue-firma-fuer-organisationsentwicklung-und-fuehrungsberatung-mit-fokus-kmu","status":"publish","type":"post","link":"https:\/\/www.organisator.ch\/en\/management\/2021-10-14\/neue-firma-fuer-organisationsentwicklung-und-fuehrungsberatung-mit-fokus-kmu\/","title":{"rendered":"New company for organizational development and management consulting with focus on SMEs"},"content":{"rendered":"<figure id=\"attachment_8653\" aria-describedby=\"caption-attachment-8653\" style=\"width: 680px\" class=\"wp-caption alignnone\"><a href=\"https:\/\/www.organisator.ch\/wp-content\/uploads\/2021\/10\/Neue-Firma-fuer-Organisationsentwicklung-und-Fuehrungsberatung-mit-Fokus-KMU_Organisator.jpg\"><img loading=\"lazy\" decoding=\"async\" class=\"size-medium wp-image-8653\" src=\"https:\/\/www.organisator.ch\/wp-content\/uploads\/2021\/10\/Neue-Firma-fuer-Organisationsentwicklung-und-Fuehrungsberatung-mit-Fokus-KMU_Organisator.jpg\" alt=\"\" width=\"680\" height=\"468\" srcset=\"https:\/\/www.organisator.ch\/wp-content\/uploads\/2021\/10\/Neue-Firma-fuer-Organisationsentwicklung-und-Fuehrungsberatung-mit-Fokus-KMU_Organisator.jpg 680w, https:\/\/www.organisator.ch\/wp-content\/uploads\/2021\/10\/Neue-Firma-fuer-Organisationsentwicklung-und-Fuehrungsberatung-mit-Fokus-KMU_Organisator-18x12.jpg 18w, https:\/\/www.organisator.ch\/wp-content\/uploads\/2021\/10\/Neue-Firma-fuer-Organisationsentwicklung-und-Fuehrungsberatung-mit-Fokus-KMU_Organisator-254x175.jpg 254w, https:\/\/www.organisator.ch\/wp-content\/uploads\/2021\/10\/Neue-Firma-fuer-Organisationsentwicklung-und-Fuehrungsberatung-mit-Fokus-KMU_Organisator-509x350.jpg 509w, https:\/\/www.organisator.ch\/wp-content\/uploads\/2021\/10\/Neue-Firma-fuer-Organisationsentwicklung-und-Fuehrungsberatung-mit-Fokus-KMU_Organisator-300x206.jpg 300w\" sizes=\"auto, (max-width: 680px) 100vw, 680px\" \/><\/a><figcaption id=\"caption-attachment-8653\" class=\"wp-caption-text\">Silvia Peter has founded her own company for organizational development. (Image: zVg)<\/figcaption><\/figure>\n<p>As of October 2021, a new player in the field of organizational development and leadership consulting will enter the market. With many years of experience in well-known communications agencies as well as experience in the further development of organizational structures - most recently in the management of an ERP software provider - Silvia Peter offers a wealth of experience through insight into over a hundred companies. In addition, she brings a broad range of industry experience, an MBA in \"Leadership and Organizational Development\" as well as in-depth technical knowledge and a wide range of methodological skills.<\/p>\n<p>\"Inspiring companies to develop their core sustainably in order to become and then remain fit for the future\" is how Silvia Peter describes her company vision. In addition to organizational development and leadership consulting, her range of services also includes consulting &amp; coaching as well as training &amp; education in specific topics such as \"creative offering\".<\/p>\n<p>\"According to various studies over the last twenty years, only just 16 percent of employees are engaged (see Gallup.com 2013 and 2021). Imagine the impact if only a minimal percentage of those who are not engaged suddenly find joy in their jobs. That's just one of many reasons why I'm convinced that I can contribute to the success of many companies and agencies with my outside perspective.\" is how Silvia Peter explains her step into self-employment.<\/p>\n<p><em>More information and contact: <a href=\"http:\/\/www.silviapeter.ch\">www.silviapeter.ch<\/a><\/em><\/p>","protected":false},"excerpt":{"rendered":"<p>Per Oktober 2021 tritt ein neuer Player im Bereich Organisationsentwicklung und F\u00fchrungsberatung in den Markt. Mit langj\u00e4hriger Erfahrung in namhaften Kommunikationsagenturen sowie Erfahrung im Weiterentwickeln von Organisationsstrukturen \u2013 zuletzt in der Gesch\u00e4ftsf\u00fchrung eines ERP-Software-Anbieters \u2013\u00a0bietet Silvia Peter einen grossen Erfahrungsschatz durch Einblick in \u00fcber hundert Firmen. Zudem bringt sie eine breite Palette an Branchenerfahrung, einen [&hellip;]<\/p>\n","protected":false},"author":4,"featured_media":8653,"comment_status":"closed","ping_status":"closed","sticky":false,"template":"","format":"standard","meta":{"_acf_changed":false,"_yoast_wpseo_focuskw":"Organisationsentwicklung","_yoast_wpseo_metadesc":"Nach langj\u00e4hriger T\u00e4tigkeit in der Organisationsentwicklung bei vielen Schweizer Kommunikations-Agenturen, stellt Silvia Peter nun ihre eigene Firma vor.","articlekey":"","footnotes":""},"categories":[28],"tags":[320,335,492],"class_list":["post-8652","post","type-post","status-publish","format-standard","has-post-thumbnail","hentry","category-management","tag-leadership","tag-management-und-unternehmensfuehrung","tag-unternehmen"],"acf":[],"yoast_head":"<!-- This site is optimized with the Yoast SEO plugin v27.5 - https:\/\/yoast.com\/product\/yoast-seo-wordpress\/ -->\n<title>Neue Firma f\u00fcr Organisationsentwicklung und F\u00fchrungsberatung mit Fokus KMU - Organisator<\/title>\n<meta name=\"description\" content=\"Nach langj\u00e4hriger T\u00e4tigkeit in der Organisationsentwicklung bei vielen Schweizer Kommunikations-Agenturen, stellt Silvia Peter nun ihre eigene Firma vor.\" \/>\n<meta name=\"robots\" content=\"index, follow, max-snippet:-1, max-image-preview:large, max-video-preview:-1\" \/>\n<link rel=\"canonical\" href=\"https:\/\/www.organisator.ch\/en\/management\/2021-10-14\/neue-firma-fuer-organisationsentwicklung-und-fuehrungsberatung-mit-fokus-kmu\/\" \/>\n<meta property=\"og:locale\" content=\"en_US\" \/>\n<meta property=\"og:type\" content=\"article\" \/>\n<meta property=\"og:title\" content=\"Neue Firma f\u00fcr Organisationsentwicklung und F\u00fchrungsberatung mit Fokus KMU\" \/>\n<meta property=\"og:description\" content=\"Nach langj\u00e4hriger T\u00e4tigkeit in der Organisationsentwicklung bei vielen Schweizer Kommunikations-Agenturen, stellt Silvia Peter nun ihre eigene Firma vor.\" \/>\n<meta property=\"og:url\" content=\"https:\/\/www.organisator.ch\/en\/management\/2021-10-14\/neue-firma-fuer-organisationsentwicklung-und-fuehrungsberatung-mit-fokus-kmu\/\" \/>\n<meta property=\"og:site_name\" content=\"Organisator\" \/>\n<meta property=\"article:publisher\" content=\"https:\/\/www.facebook.com\/OrganisatorFachmagazin\" \/>\n<meta property=\"article:published_time\" content=\"2021-10-14T08:01:51+00:00\" \/>\n<meta property=\"og:image\" content=\"https:\/\/www.organisator.ch\/wp-content\/uploads\/2021\/10\/Neue-Firma-fuer-Organisationsentwicklung-und-Fuehrungsberatung-mit-Fokus-KMU_Organisator.jpg\" \/>\n\t<meta property=\"og:image:width\" content=\"680\" \/>\n\t<meta property=\"og:image:height\" content=\"468\" \/>\n\t<meta property=\"og:image:type\" content=\"image\/jpeg\" \/>\n<meta name=\"author\" content=\"thomas.berner\" \/>\n<meta name=\"twitter:card\" content=\"summary_large_image\" \/>\n<meta name=\"twitter:title\" content=\"Neue Firma f\u00fcr #Organisationsentwicklung und #F\u00fchrungsberatung mit Fokus KMU\" \/>\n<meta name=\"twitter:description\" content=\"Nach langj\u00e4hriger T\u00e4tigkeit in der #Organisationsentwicklung bei vielen Schweizer #Kommunikations-Agenturen, stellt Silvia Peter nun ihre eigene Firma vor.\" \/>\n<meta name=\"twitter:image\" content=\"https:\/\/www.organisator.ch\/wp-content\/uploads\/2021\/10\/Neue-Firma-fuer-Organisationsentwicklung-und-Fuehrungsberatung-mit-Fokus-KMU_Organisator.jpg\" \/>\n<script type=\"application\/ld+json\" class=\"yoast-schema-graph\">{\"@context\":\"https:\\\/\\\/schema.org\",\"@graph\":[{\"@type\":\"Article\",\"@id\":\"https:\\\/\\\/www.organisator.ch\\\/management\\\/2021-10-14\\\/neue-firma-fuer-organisationsentwicklung-und-fuehrungsberatung-mit-fokus-kmu\\\/#article\",\"isPartOf\":{\"@id\":\"https:\\\/\\\/www.organisator.ch\\\/management\\\/2021-10-14\\\/neue-firma-fuer-organisationsentwicklung-und-fuehrungsberatung-mit-fokus-kmu\\\/\"},\"author\":{\"name\":\"thomas.berner\",\"@id\":\"https:\\\/\\\/www.organisator.ch\\\/#\\\/schema\\\/person\\\/6f650f90b2842cd4c0cc334b4e36f67e\"},\"headline\":\"Neue Firma f\u00fcr Organisationsentwicklung und F\u00fchrungsberatung mit Fokus KMU\",\"datePublished\":\"2021-10-14T08:01:51+00:00\",\"mainEntityOfPage\":{\"@id\":\"https:\\\/\\\/www.organisator.ch\\\/management\\\/2021-10-14\\\/neue-firma-fuer-organisationsentwicklung-und-fuehrungsberatung-mit-fokus-kmu\\\/\"},\"wordCount\":237,\"publisher\":{\"@id\":\"https:\\\/\\\/www.organisator.ch\\\/#organization\"},\"image\":{\"@id\":\"https:\\\/\\\/www.organisator.ch\\\/management\\\/2021-10-14\\\/neue-firma-fuer-organisationsentwicklung-und-fuehrungsberatung-mit-fokus-kmu\\\/#primaryimage\"},\"thumbnailUrl\":\"https:\\\/\\\/www.organisator.ch\\\/wp-content\\\/uploads\\\/2021\\\/10\\\/Neue-Firma-fuer-Organisationsentwicklung-und-Fuehrungsberatung-mit-Fokus-KMU_Organisator.jpg\",\"keywords\":[\"Leadership\",\"Management und Unternehmensf\u00fchrung\",\"Unternehmen\"],\"articleSection\":[\"MANAGEMENT\"],\"inLanguage\":\"en-US\"},{\"@type\":\"WebPage\",\"@id\":\"https:\\\/\\\/www.organisator.ch\\\/management\\\/2021-10-14\\\/neue-firma-fuer-organisationsentwicklung-und-fuehrungsberatung-mit-fokus-kmu\\\/\",\"url\":\"https:\\\/\\\/www.organisator.ch\\\/management\\\/2021-10-14\\\/neue-firma-fuer-organisationsentwicklung-und-fuehrungsberatung-mit-fokus-kmu\\\/\",\"name\":\"Neue Firma f\u00fcr Organisationsentwicklung und F\u00fchrungsberatung mit Fokus KMU - Organisator\",\"isPartOf\":{\"@id\":\"https:\\\/\\\/www.organisator.ch\\\/#website\"},\"primaryImageOfPage\":{\"@id\":\"https:\\\/\\\/www.organisator.ch\\\/management\\\/2021-10-14\\\/neue-firma-fuer-organisationsentwicklung-und-fuehrungsberatung-mit-fokus-kmu\\\/#primaryimage\"},\"image\":{\"@id\":\"https:\\\/\\\/www.organisator.ch\\\/management\\\/2021-10-14\\\/neue-firma-fuer-organisationsentwicklung-und-fuehrungsberatung-mit-fokus-kmu\\\/#primaryimage\"},\"thumbnailUrl\":\"https:\\\/\\\/www.organisator.ch\\\/wp-content\\\/uploads\\\/2021\\\/10\\\/Neue-Firma-fuer-Organisationsentwicklung-und-Fuehrungsberatung-mit-Fokus-KMU_Organisator.jpg\",\"datePublished\":\"2021-10-14T08:01:51+00:00\",\"description\":\"Nach langj\u00e4hriger T\u00e4tigkeit in der Organisationsentwicklung bei vielen Schweizer Kommunikations-Agenturen, stellt Silvia Peter nun ihre eigene Firma vor.\",\"breadcrumb\":{\"@id\":\"https:\\\/\\\/www.organisator.ch\\\/management\\\/2021-10-14\\\/neue-firma-fuer-organisationsentwicklung-und-fuehrungsberatung-mit-fokus-kmu\\\/#breadcrumb\"},\"inLanguage\":\"en-US\",\"potentialAction\":[{\"@type\":\"ReadAction\",\"target\":[\"https:\\\/\\\/www.organisator.ch\\\/management\\\/2021-10-14\\\/neue-firma-fuer-organisationsentwicklung-und-fuehrungsberatung-mit-fokus-kmu\\\/\"]}]},{\"@type\":\"ImageObject\",\"inLanguage\":\"en-US\",\"@id\":\"https:\\\/\\\/www.organisator.ch\\\/management\\\/2021-10-14\\\/neue-firma-fuer-organisationsentwicklung-und-fuehrungsberatung-mit-fokus-kmu\\\/#primaryimage\",\"url\":\"https:\\\/\\\/www.organisator.ch\\\/wp-content\\\/uploads\\\/2021\\\/10\\\/Neue-Firma-fuer-Organisationsentwicklung-und-Fuehrungsberatung-mit-Fokus-KMU_Organisator.jpg\",\"contentUrl\":\"https:\\\/\\\/www.organisator.ch\\\/wp-content\\\/uploads\\\/2021\\\/10\\\/Neue-Firma-fuer-Organisationsentwicklung-und-Fuehrungsberatung-mit-Fokus-KMU_Organisator.jpg\",\"width\":680,\"height\":468,\"caption\":\"Silvia Peter hat ihre eigene Firma f\u00fcr Organisationsentwicklung gegr\u00fcndet. (Bild: zVg)\"},{\"@type\":\"BreadcrumbList\",\"@id\":\"https:\\\/\\\/www.organisator.ch\\\/management\\\/2021-10-14\\\/neue-firma-fuer-organisationsentwicklung-und-fuehrungsberatung-mit-fokus-kmu\\\/#breadcrumb\",\"itemListElement\":[{\"@type\":\"ListItem\",\"position\":1,\"name\":\"Home\",\"item\":\"https:\\\/\\\/www.organisator.ch\\\/\"},{\"@type\":\"ListItem\",\"position\":2,\"name\":\"Neue Firma f\u00fcr Organisationsentwicklung und F\u00fchrungsberatung mit Fokus KMU\"}]},{\"@type\":\"WebSite\",\"@id\":\"https:\\\/\\\/www.organisator.ch\\\/#website\",\"url\":\"https:\\\/\\\/www.organisator.ch\\\/\",\"name\":\"Organisator\",\"description\":\"Kompetent. Praxisnah. Der ORGANISATOR bereitet in 10 Ausgaben pro Jahr die wesentlichen Themen f\u00fcr F\u00fchrungskr\u00e4fte von KMU auf.\",\"publisher\":{\"@id\":\"https:\\\/\\\/www.organisator.ch\\\/#organization\"},\"potentialAction\":[{\"@type\":\"SearchAction\",\"target\":{\"@type\":\"EntryPoint\",\"urlTemplate\":\"https:\\\/\\\/www.organisator.ch\\\/?s={search_term_string}\"},\"query-input\":{\"@type\":\"PropertyValueSpecification\",\"valueRequired\":true,\"valueName\":\"search_term_string\"}}],\"inLanguage\":\"en-US\"},{\"@type\":\"Organization\",\"@id\":\"https:\\\/\\\/www.organisator.ch\\\/#organization\",\"name\":\"Organisator\",\"url\":\"https:\\\/\\\/www.organisator.ch\\\/\",\"logo\":{\"@type\":\"ImageObject\",\"inLanguage\":\"en-US\",\"@id\":\"https:\\\/\\\/www.organisator.ch\\\/#\\\/schema\\\/logo\\\/image\\\/\",\"url\":\"https:\\\/\\\/www.organisator.ch\\\/wp-content\\\/uploads\\\/2022\\\/01\\\/Logo_Organisator_Website.png\",\"contentUrl\":\"https:\\\/\\\/www.organisator.ch\\\/wp-content\\\/uploads\\\/2022\\\/01\\\/Logo_Organisator_Website.png\",\"width\":800,\"height\":77,\"caption\":\"Organisator\"},\"image\":{\"@id\":\"https:\\\/\\\/www.organisator.ch\\\/#\\\/schema\\\/logo\\\/image\\\/\"},\"sameAs\":[\"https:\\\/\\\/www.facebook.com\\\/OrganisatorFachmagazin\",\"https:\\\/\\\/www.linkedin.com\\\/showcase\\\/organisator-das-magazin-fr-kmu\",\"https:\\\/\\\/www.xing.com\\\/news\\\/pages\\\/organisator-ch-695\",\"https:\\\/\\\/www.youtube.com\\\/channel\\\/UCGP2Sq0iWaZwT3BdIAQFYpw\"]},{\"@type\":\"Person\",\"@id\":\"https:\\\/\\\/www.organisator.ch\\\/#\\\/schema\\\/person\\\/6f650f90b2842cd4c0cc334b4e36f67e\",\"name\":\"thomas.berner\",\"image\":{\"@type\":\"ImageObject\",\"inLanguage\":\"en-US\",\"@id\":\"https:\\\/\\\/secure.gravatar.com\\\/avatar\\\/ac5001d2a36cb6c6cd3e50789007ffca834b477b74a2144564522e944eabff61?s=96&d=mm&r=g\",\"url\":\"https:\\\/\\\/secure.gravatar.com\\\/avatar\\\/ac5001d2a36cb6c6cd3e50789007ffca834b477b74a2144564522e944eabff61?s=96&d=mm&r=g\",\"contentUrl\":\"https:\\\/\\\/secure.gravatar.com\\\/avatar\\\/ac5001d2a36cb6c6cd3e50789007ffca834b477b74a2144564522e944eabff61?s=96&d=mm&r=g\",\"caption\":\"thomas.berner\"},\"url\":\"https:\\\/\\\/www.organisator.ch\\\/en\\\/author\\\/thomas-berner\\\/\"}]}<\/script>\n<!-- \/ Yoast SEO plugin. -->","yoast_head_json":{"title":"New company for organizational development and management consulting with focus on SMEs - Organizer","description":"After many years of working in organizational development at many Swiss communications agencies, Silvia Peter now presents her own company.","robots":{"index":"index","follow":"follow","max-snippet":"max-snippet:-1","max-image-preview":"max-image-preview:large","max-video-preview":"max-video-preview:-1"},"canonical":"https:\/\/www.organisator.ch\/en\/management\/2021-10-14\/neue-firma-fuer-organisationsentwicklung-und-fuehrungsberatung-mit-fokus-kmu\/","og_locale":"en_US","og_type":"article","og_title":"Neue Firma f\u00fcr Organisationsentwicklung und F\u00fchrungsberatung mit Fokus KMU","og_description":"Nach langj\u00e4hriger T\u00e4tigkeit in der Organisationsentwicklung bei vielen Schweizer Kommunikations-Agenturen, stellt Silvia Peter nun ihre eigene Firma vor.","og_url":"https:\/\/www.organisator.ch\/en\/management\/2021-10-14\/neue-firma-fuer-organisationsentwicklung-und-fuehrungsberatung-mit-fokus-kmu\/","og_site_name":"Organisator","article_publisher":"https:\/\/www.facebook.com\/OrganisatorFachmagazin","article_published_time":"2021-10-14T08:01:51+00:00","og_image":[{"width":680,"height":468,"url":"https:\/\/www.organisator.ch\/wp-content\/uploads\/2021\/10\/Neue-Firma-fuer-Organisationsentwicklung-und-Fuehrungsberatung-mit-Fokus-KMU_Organisator.jpg","type":"image\/jpeg"}],"author":"thomas.berner","twitter_card":"summary_large_image","twitter_title":"Neue Firma f\u00fcr #Organisationsentwicklung und #F\u00fchrungsberatung mit Fokus KMU","twitter_description":"Nach langj\u00e4hriger T\u00e4tigkeit in der #Organisationsentwicklung bei vielen Schweizer #Kommunikations-Agenturen, stellt Silvia Peter nun ihre eigene Firma vor.","twitter_image":"https:\/\/www.organisator.ch\/wp-content\/uploads\/2021\/10\/Neue-Firma-fuer-Organisationsentwicklung-und-Fuehrungsberatung-mit-Fokus-KMU_Organisator.jpg","schema":{"@context":"https:\/\/schema.org","@graph":[{"@type":"Article","@id":"https:\/\/www.organisator.ch\/management\/2021-10-14\/neue-firma-fuer-organisationsentwicklung-und-fuehrungsberatung-mit-fokus-kmu\/#article","isPartOf":{"@id":"https:\/\/www.organisator.ch\/management\/2021-10-14\/neue-firma-fuer-organisationsentwicklung-und-fuehrungsberatung-mit-fokus-kmu\/"},"author":{"name":"thomas.berner","@id":"https:\/\/www.organisator.ch\/#\/schema\/person\/6f650f90b2842cd4c0cc334b4e36f67e"},"headline":"Neue Firma f\u00fcr Organisationsentwicklung und F\u00fchrungsberatung mit Fokus KMU","datePublished":"2021-10-14T08:01:51+00:00","mainEntityOfPage":{"@id":"https:\/\/www.organisator.ch\/management\/2021-10-14\/neue-firma-fuer-organisationsentwicklung-und-fuehrungsberatung-mit-fokus-kmu\/"},"wordCount":237,"publisher":{"@id":"https:\/\/www.organisator.ch\/#organization"},"image":{"@id":"https:\/\/www.organisator.ch\/management\/2021-10-14\/neue-firma-fuer-organisationsentwicklung-und-fuehrungsberatung-mit-fokus-kmu\/#primaryimage"},"thumbnailUrl":"https:\/\/www.organisator.ch\/wp-content\/uploads\/2021\/10\/Neue-Firma-fuer-Organisationsentwicklung-und-Fuehrungsberatung-mit-Fokus-KMU_Organisator.jpg","keywords":["Leadership","Management und Unternehmensf\u00fchrung","Unternehmen"],"articleSection":["MANAGEMENT"],"inLanguage":"en-US"},{"@type":"WebPage","@id":"https:\/\/www.organisator.ch\/management\/2021-10-14\/neue-firma-fuer-organisationsentwicklung-und-fuehrungsberatung-mit-fokus-kmu\/","url":"https:\/\/www.organisator.ch\/management\/2021-10-14\/neue-firma-fuer-organisationsentwicklung-und-fuehrungsberatung-mit-fokus-kmu\/","name":"New company for organizational development and management consulting with focus on SMEs - Organizer","isPartOf":{"@id":"https:\/\/www.organisator.ch\/#website"},"primaryImageOfPage":{"@id":"https:\/\/www.organisator.ch\/management\/2021-10-14\/neue-firma-fuer-organisationsentwicklung-und-fuehrungsberatung-mit-fokus-kmu\/#primaryimage"},"image":{"@id":"https:\/\/www.organisator.ch\/management\/2021-10-14\/neue-firma-fuer-organisationsentwicklung-und-fuehrungsberatung-mit-fokus-kmu\/#primaryimage"},"thumbnailUrl":"https:\/\/www.organisator.ch\/wp-content\/uploads\/2021\/10\/Neue-Firma-fuer-Organisationsentwicklung-und-Fuehrungsberatung-mit-Fokus-KMU_Organisator.jpg","datePublished":"2021-10-14T08:01:51+00:00","description":"After many years of working in organizational development at many Swiss communications agencies, Silvia Peter now presents her own company.","breadcrumb":{"@id":"https:\/\/www.organisator.ch\/management\/2021-10-14\/neue-firma-fuer-organisationsentwicklung-und-fuehrungsberatung-mit-fokus-kmu\/#breadcrumb"},"inLanguage":"en-US","potentialAction":[{"@type":"ReadAction","target":["https:\/\/www.organisator.ch\/management\/2021-10-14\/neue-firma-fuer-organisationsentwicklung-und-fuehrungsberatung-mit-fokus-kmu\/"]}]},{"@type":"ImageObject","inLanguage":"en-US","@id":"https:\/\/www.organisator.ch\/management\/2021-10-14\/neue-firma-fuer-organisationsentwicklung-und-fuehrungsberatung-mit-fokus-kmu\/#primaryimage","url":"https:\/\/www.organisator.ch\/wp-content\/uploads\/2021\/10\/Neue-Firma-fuer-Organisationsentwicklung-und-Fuehrungsberatung-mit-Fokus-KMU_Organisator.jpg","contentUrl":"https:\/\/www.organisator.ch\/wp-content\/uploads\/2021\/10\/Neue-Firma-fuer-Organisationsentwicklung-und-Fuehrungsberatung-mit-Fokus-KMU_Organisator.jpg","width":680,"height":468,"caption":"Silvia Peter hat ihre eigene Firma f\u00fcr Organisationsentwicklung gegr\u00fcndet. (Bild: zVg)"},{"@type":"BreadcrumbList","@id":"https:\/\/www.organisator.ch\/management\/2021-10-14\/neue-firma-fuer-organisationsentwicklung-und-fuehrungsberatung-mit-fokus-kmu\/#breadcrumb","itemListElement":[{"@type":"ListItem","position":1,"name":"Home","item":"https:\/\/www.organisator.ch\/"},{"@type":"ListItem","position":2,"name":"Neue Firma f\u00fcr Organisationsentwicklung und F\u00fchrungsberatung mit Fokus KMU"}]},{"@type":"WebSite","@id":"https:\/\/www.organisator.ch\/#website","url":"https:\/\/www.organisator.ch\/","name":"Organizer","description":"Competent. Practical. In 10 issues per year, ORGANISATOR presents the essential topics for managers of SMEs.","publisher":{"@id":"https:\/\/www.organisator.ch\/#organization"},"potentialAction":[{"@type":"SearchAction","target":{"@type":"EntryPoint","urlTemplate":"https:\/\/www.organisator.ch\/?s={search_term_string}"},"query-input":{"@type":"PropertyValueSpecification","valueRequired":true,"valueName":"search_term_string"}}],"inLanguage":"en-US"},{"@type":"Organization","@id":"https:\/\/www.organisator.ch\/#organization","name":"Organizer","url":"https:\/\/www.organisator.ch\/","logo":{"@type":"ImageObject","inLanguage":"en-US","@id":"https:\/\/www.organisator.ch\/#\/schema\/logo\/image\/","url":"https:\/\/www.organisator.ch\/wp-content\/uploads\/2022\/01\/Logo_Organisator_Website.png","contentUrl":"https:\/\/www.organisator.ch\/wp-content\/uploads\/2022\/01\/Logo_Organisator_Website.png","width":800,"height":77,"caption":"Organisator"},"image":{"@id":"https:\/\/www.organisator.ch\/#\/schema\/logo\/image\/"},"sameAs":["https:\/\/www.facebook.com\/OrganisatorFachmagazin","https:\/\/www.linkedin.com\/showcase\/organisator-das-magazin-fr-kmu","https:\/\/www.xing.com\/news\/pages\/organisator-ch-695","https:\/\/www.youtube.com\/channel\/UCGP2Sq0iWaZwT3BdIAQFYpw"]},{"@type":"Person","@id":"https:\/\/www.organisator.ch\/#\/schema\/person\/6f650f90b2842cd4c0cc334b4e36f67e","name":"thomas.berner","image":{"@type":"ImageObject","inLanguage":"en-US","@id":"https:\/\/secure.gravatar.com\/avatar\/ac5001d2a36cb6c6cd3e50789007ffca834b477b74a2144564522e944eabff61?s=96&d=mm&r=g","url":"https:\/\/secure.gravatar.com\/avatar\/ac5001d2a36cb6c6cd3e50789007ffca834b477b74a2144564522e944eabff61?s=96&d=mm&r=g","contentUrl":"https:\/\/secure.gravatar.com\/avatar\/ac5001d2a36cb6c6cd3e50789007ffca834b477b74a2144564522e944eabff61?s=96&d=mm&r=g","caption":"thomas.berner"},"url":"https:\/\/www.organisator.ch\/en\/author\/thomas-berner\/"}]}},"_links":{"self":[{"href":"https:\/\/www.organisator.ch\/en\/wp-json\/wp\/v2\/posts\/8652","targetHints":{"allow":["GET"]}}],"collection":[{"href":"https:\/\/www.organisator.ch\/en\/wp-json\/wp\/v2\/posts"}],"about":[{"href":"https:\/\/www.organisator.ch\/en\/wp-json\/wp\/v2\/types\/post"}],"author":[{"embeddable":true,"href":"https:\/\/www.organisator.ch\/en\/wp-json\/wp\/v2\/users\/4"}],"replies":[{"embeddable":true,"href":"https:\/\/www.organisator.ch\/en\/wp-json\/wp\/v2\/comments?post=8652"}],"version-history":[{"count":0,"href":"https:\/\/www.organisator.ch\/en\/wp-json\/wp\/v2\/posts\/8652\/revisions"}],"wp:featuredmedia":[{"embeddable":true,"href":"https:\/\/www.organisator.ch\/en\/wp-json\/wp\/v2\/media\/8653"}],"wp:attachment":[{"href":"https:\/\/www.organisator.ch\/en\/wp-json\/wp\/v2\/media?parent=8652"}],"wp:term":[{"taxonomy":"category","embeddable":true,"href":"https:\/\/www.organisator.ch\/en\/wp-json\/wp\/v2\/categories?post=8652"},{"taxonomy":"post_tag","embeddable":true,"href":"https:\/\/www.organisator.ch\/en\/wp-json\/wp\/v2\/tags?post=8652"}],"curies":[{"name":"wp","href":"https:\/\/api.w.org\/{rel}","templated":true}]}}