{"id":869,"date":"2016-07-07T17:20:49","date_gmt":"2016-07-07T15:20:49","guid":{"rendered":"http:\/\/dev.organisator.ch\/?p=869"},"modified":"2016-07-07T17:20:49","modified_gmt":"2016-07-07T15:20:49","slug":"10-jahre-suisseemex-digitale-transformation-im-mittelpunkt","status":"publish","type":"post","link":"https:\/\/www.organisator.ch\/en\/allgemein\/2016-07-07\/10-jahre-suisseemex-digitale-transformation-im-mittelpunkt\/","title":{"rendered":"10 years of SuisseEMEX: Focus on digital transformation"},"content":{"rendered":"<figure id=\"attachment_871\" aria-describedby=\"caption-attachment-871\" style=\"width: 640px\" class=\"wp-caption alignnone\"><img loading=\"lazy\" decoding=\"async\" class=\"size-full wp-image-871\" src=\"https:\/\/www.organisator.ch\/wp-content\/uploads\/2016\/12\/10-Jahre-SuisseEMEX-Digitale-Transformation-im-Mittelpunkt-organisator.jpg\" alt=\"\" width=\"640\" height=\"426\" srcset=\"https:\/\/www.organisator.ch\/wp-content\/uploads\/2016\/12\/10-Jahre-SuisseEMEX-Digitale-Transformation-im-Mittelpunkt-organisator.jpg 640w, https:\/\/www.organisator.ch\/wp-content\/uploads\/2016\/12\/10-Jahre-SuisseEMEX-Digitale-Transformation-im-Mittelpunkt-organisator-16x12.jpg 16w, https:\/\/www.organisator.ch\/wp-content\/uploads\/2016\/12\/10-Jahre-SuisseEMEX-Digitale-Transformation-im-Mittelpunkt-organisator-263x175.jpg 263w, https:\/\/www.organisator.ch\/wp-content\/uploads\/2016\/12\/10-Jahre-SuisseEMEX-Digitale-Transformation-im-Mittelpunkt-organisator-526x350.jpg 526w, https:\/\/www.organisator.ch\/wp-content\/uploads\/2016\/12\/10-Jahre-SuisseEMEX-Digitale-Transformation-im-Mittelpunkt-organisator-300x200.jpg 300w\" sizes=\"auto, (max-width: 640px) 100vw, 640px\" \/><figcaption id=\"caption-attachment-871\" class=\"wp-caption-text\">At the anniversary SuisseEMEX, the focus is on digitalization (Image: SuisseEMEX)<\/figcaption><\/figure>\n<p>The largest Swiss trade fair for marketing &amp; communication, event &amp; live communication, promotion and digital business celebrates its tenth anniversary this year. Under the motto \"Meet The Future\", the most important business platform for the entire marketing mix is being created. On August 30 and 31, 2016, around 350 experts and consultants will showcase forward-looking marketing solutions in four themed worlds. With innovative exhibitor formats, top speakers and personal dialog in a professional ambience, the trade fair is taking on a new status as a B2B marketplace in the digital business world, according to the organizers. Together with the partner trade fair topsoft for business software, 500 exhibitors and 15,000 visitors are expected at the anniversary. Ticketing has recently gone online.<\/p>\n<p><strong>Digital competence for marketing decision-makers with new VIP knowledge ticket<\/strong><\/p>\n<p>As a result of technological progress, market cultivation with online measures is increasingly becoming the focus of entrepreneurial activity. SuisseEMEX'16 makes it clear which organizational and technological adjustments companies must make in order to reposition marketing within digitalization and to break new ground.<\/p>\n<p>In the World of Digital Business (Hall 6), the digital transformation and its consequences for marketing will be brought to life in special areas, presentations, continuing education offerings, guided tours and personal expert discussions. Highlights include the Digital Competence Park, which features 15-minute Short Learning Sessions aimed specifically at decision-makers. Topics range from consistent brand management and practical tips on marketing automation to lead management and sales automation. In the SEA Academy with Google, marketing managers will learn everything they need to know about Programmatic Creation, YouTube Content and Distribution Strategies, Traffic Search and Lead Generation in practical and solution-oriented workshops, including sessions led by Google specialists themselves. Prerequisite for participation in the Short Learning Sessions is the new VIP Knowledge Ticket, which can be purchased online for CHF 50.00 in advance. (<a href=\"http:\/\/www.suisse-emex.ch\/tickets\" target=\"_blank\" data-cke-saved-href=\"http:\/\/www.suisse-emex.ch\/tickets\" rel=\"noopener\">www.suisse-emex.ch\/tickets<\/a>)<\/p>\n<p><strong>Trade fair opening with Council of States member and entrepreneur Ruedi Noser<\/strong><\/p>\n<p>The popular forum program will start with fireworks on the occasion of the anniversary: Ruedi Noser, Member of the Council of States, entrepreneur and owner of the Noser Group, Sunnie J. Groeneveld, Managing Director DigitalZurich2025, Jean-Marc Hensch, Managing Director Swico and Marcel Kohler, Member of Tamedia's Executive Board, Head of 20 Minuten will shed light on the digital transformation in marketing and communication from their very personal perspectives. The exciting panel will be moderated by Matthias Ackeret, Publisher and Editor-in-Chief, pers\u00f6nlich Verlags AG (August 30, 2016, 10:00 - 11:15 a.m., Marketing Forum, Hall 1). Other exciting speakers during the two days of the event include international speakers and industry luminaries from research and business, such as Prof. Dr. rer. pol. Nils Hafner, Customer Competencies Institute; Carsten Szameitat, Chairman of the Board, LBMA; Lon Safko, innovator, bestselling author and futurist; Thomas Lang, Carpathia and Sigrun Gudjonsdottir, Sigrun GmbH. The detailed forum program is available at <a href=\"http:\/\/www.suisse-emex.ch\/forenprogramm\" target=\"_blank\" data-cke-saved-href=\"http:\/\/www.suisse-emex.ch\/forenprogramm\" rel=\"noopener\">www.suisse-emex.ch\/forenprogramm<\/a> apparent.<\/p>\n<p><strong>New \"Agency Day\" with special programs<\/strong><\/p>\n<p>All agency employees are cordially invited to the \"Agency Day\" on Wednesday, August 31, 2016 free of charge on the occasion of the 10th anniversary of SuisseEMEX! The registration takes place via <a href=\"http:\/\/www.suisse-emex.ch\/agenturen\" target=\"_blank\" data-cke-saved-href=\"http:\/\/www.suisse-emex.ch\/agenturen\" rel=\"noopener\">www.suisse-emex.ch\/agenturen<\/a>. Special highlights for professionals from the advertising and communications industry await at the Marketing Forum, including keynotes by Robin H\u00f6fler (Tesla Motors Switzerland GmbH) and Prof. Dr. Dieter Georg Herbst (Digital Brand Lab). Finally, Matthias Ackeret (pers\u00f6nlich Verlags AG) will welcome Peter R\u00f6thlisberger (Blick, Ringier AG) for a discussion as part of the pers\u00f6nlich Talk.<\/p>\n<p>Effective advertising and media recipes for cross-media campaigns as well as new trends and innovations for marketing products are presented first-hand in the Crossmedia Kitchen (Hall 1). The focus will be on intensive networking and exchanges with experts. Experts on site will also impart their knowledge on hot cross-media topics in short practical tips. The agency aperitif at 1:00 p.m. with co-partners APG|SGA Promotion and KS\/CS Kommunikation Schweiz invites you to exchange ideas and experiences.<\/p>\n<p><em>More information and tickets at <a href=\"http:\/\/www.suisse-emex.ch\" target=\"_blank\" data-cke-saved-href=\"http:\/\/www.suisse-emex.ch\" rel=\"noopener\">www.suisse-emex.ch<\/a><\/em><\/p>","protected":false},"excerpt":{"rendered":"<p>Die gr\u00f6sste Schweizer Messe f\u00fcr Marketing &amp; Kommunikation, Event &amp; Live Communication, Promotion und Digital Business feiert in diesem Jahr ihr zehnj\u00e4hriges Bestehen. Unter dem Motto \u201eMeet The Future&#8220; entsteht die bedeutendste Business-Plattform f\u00fcr den gesamten Marketingmix. Am 30. und 31. August 2016 zeigen rund 350 Experten und Berater in vier Themenwelten zukunftsweisende Marketingl\u00f6sungen.\u00a0Mit innovativen [&hellip;]<\/p>\n","protected":false},"author":1,"featured_media":871,"comment_status":"open","ping_status":"open","sticky":false,"template":"","format":"standard","meta":{"_acf_changed":false,"_yoast_wpseo_focuskw":"Digitale Transformation","_yoast_wpseo_metadesc":"10 Jahre SuisseEMEX: Zum Jubil\u00e4um widmet die gr\u00f6sste Schweizer Messe f\u00fcr Marketing & Kommunikation, Event & Live Communication, Promotion und Digital Business dem digitalen Wandel in der Marketing- und Kommunikationsbranche und der pers\u00f6nlichen Vernetzung besondere Aufmerksamkeit. Ob Mobile Payment beim Shopping per Smartphone oder die Lancierung von ganzen Kampagnen unter Einbindung von Social Media \u2013 die Marktbearbeitung findet verst\u00e4rkt digital und crossmedial statt.","articlekey":"","footnotes":""},"categories":[1],"tags":[193],"class_list":["post-869","post","type-post","status-publish","format-standard","has-post-thumbnail","hentry","category-allgemein","tag-fachkongressfachmesse"],"acf":[],"yoast_head":"<!-- This site is optimized with the Yoast SEO plugin v27.5 - https:\/\/yoast.com\/product\/yoast-seo-wordpress\/ -->\n<title>10 Jahre SuisseEMEX: Digitale Transformation im Mittelpunkt - Organisator<\/title>\n<meta name=\"description\" content=\"10 Jahre SuisseEMEX: Zum Jubil\u00e4um widmet die gr\u00f6sste Schweizer Messe f\u00fcr Marketing &amp; Kommunikation, Event &amp; Live Communication, Promotion und Digital Business dem digitalen Wandel in der Marketing- und Kommunikationsbranche und der pers\u00f6nlichen Vernetzung besondere Aufmerksamkeit. Ob Mobile Payment beim Shopping per Smartphone oder die Lancierung von ganzen Kampagnen unter Einbindung von Social Media \u2013 die Marktbearbeitung findet verst\u00e4rkt digital und crossmedial statt.\" \/>\n<meta name=\"robots\" content=\"index, follow, max-snippet:-1, max-image-preview:large, max-video-preview:-1\" \/>\n<link rel=\"canonical\" href=\"https:\/\/www.organisator.ch\/en\/general\/2016-07-07\/10-jahre-suisseemex-digitale-transformation-im-mittelpunkt\/\" \/>\n<meta property=\"og:locale\" content=\"en_US\" \/>\n<meta property=\"og:type\" content=\"article\" \/>\n<meta property=\"og:title\" content=\"10 Jahre SuisseEMEX: Digitale Transformation im Mittelpunkt\" \/>\n<meta property=\"og:description\" content=\"10 Jahre SuisseEMEX: Zum Jubil\u00e4um widmet die gr\u00f6sste Schweizer Messe f\u00fcr Marketing &amp; Kommunikation, Event &amp; Live Communication, Promotion und Digital Business dem digitalen Wandel in der Marketing- und Kommunikationsbranche und der pers\u00f6nlichen Vernetzung besondere Aufmerksamkeit. Ob Mobile Payment beim Shopping per Smartphone oder die Lancierung von ganzen Kampagnen unter Einbindung von Social Media \u2013 die Marktbearbeitung findet verst\u00e4rkt digital und crossmedial statt.\" \/>\n<meta property=\"og:url\" content=\"https:\/\/www.organisator.ch\/en\/general\/2016-07-07\/10-jahre-suisseemex-digitale-transformation-im-mittelpunkt\/\" \/>\n<meta property=\"og:site_name\" content=\"Organisator\" \/>\n<meta property=\"article:publisher\" content=\"https:\/\/www.facebook.com\/OrganisatorFachmagazin\" \/>\n<meta property=\"article:published_time\" content=\"2016-07-07T15:20:49+00:00\" \/>\n<meta name=\"author\" content=\"admin\" \/>\n<meta name=\"twitter:card\" content=\"summary_large_image\" \/>\n<meta name=\"twitter:image\" content=\"https:\/\/www.organisator.ch\/wp-content\/uploads\/2016\/12\/10-Jahre-SuisseEMEX-Digitale-Transformation-im-Mittelpunkt-organisator.jpg\" \/>\n<script type=\"application\/ld+json\" class=\"yoast-schema-graph\">{\"@context\":\"https:\\\/\\\/schema.org\",\"@graph\":[{\"@type\":\"Article\",\"@id\":\"https:\\\/\\\/www.organisator.ch\\\/en\\\/general\\\/2016-07-07\\\/10-jahre-suisseemex-digitale-transformation-im-mittelpunkt\\\/#article\",\"isPartOf\":{\"@id\":\"https:\\\/\\\/www.organisator.ch\\\/en\\\/general\\\/2016-07-07\\\/10-jahre-suisseemex-digitale-transformation-im-mittelpunkt\\\/\"},\"author\":{\"name\":\"admin\",\"@id\":\"https:\\\/\\\/www.organisator.ch\\\/#\\\/schema\\\/person\\\/aa2bace6c5c5aad60102004a50c4eb1c\"},\"headline\":\"10 Jahre SuisseEMEX: Digitale Transformation im Mittelpunkt\",\"datePublished\":\"2016-07-07T15:20:49+00:00\",\"mainEntityOfPage\":{\"@id\":\"https:\\\/\\\/www.organisator.ch\\\/en\\\/general\\\/2016-07-07\\\/10-jahre-suisseemex-digitale-transformation-im-mittelpunkt\\\/\"},\"wordCount\":656,\"commentCount\":0,\"publisher\":{\"@id\":\"https:\\\/\\\/www.organisator.ch\\\/#organization\"},\"image\":{\"@id\":\"https:\\\/\\\/www.organisator.ch\\\/en\\\/general\\\/2016-07-07\\\/10-jahre-suisseemex-digitale-transformation-im-mittelpunkt\\\/#primaryimage\"},\"thumbnailUrl\":\"https:\\\/\\\/www.organisator.ch\\\/wp-content\\\/uploads\\\/2016\\\/12\\\/10-Jahre-SuisseEMEX-Digitale-Transformation-im-Mittelpunkt-organisator.jpg\",\"keywords\":[\"Fachkongress\\\/Fachmesse\"],\"articleSection\":[\"Allgemein\"],\"inLanguage\":\"en-US\"},{\"@type\":\"WebPage\",\"@id\":\"https:\\\/\\\/www.organisator.ch\\\/en\\\/general\\\/2016-07-07\\\/10-jahre-suisseemex-digitale-transformation-im-mittelpunkt\\\/\",\"url\":\"https:\\\/\\\/www.organisator.ch\\\/en\\\/general\\\/2016-07-07\\\/10-jahre-suisseemex-digitale-transformation-im-mittelpunkt\\\/\",\"name\":\"10 Jahre SuisseEMEX: Digitale Transformation im Mittelpunkt - Organisator\",\"isPartOf\":{\"@id\":\"https:\\\/\\\/www.organisator.ch\\\/#website\"},\"primaryImageOfPage\":{\"@id\":\"https:\\\/\\\/www.organisator.ch\\\/en\\\/general\\\/2016-07-07\\\/10-jahre-suisseemex-digitale-transformation-im-mittelpunkt\\\/#primaryimage\"},\"image\":{\"@id\":\"https:\\\/\\\/www.organisator.ch\\\/en\\\/general\\\/2016-07-07\\\/10-jahre-suisseemex-digitale-transformation-im-mittelpunkt\\\/#primaryimage\"},\"thumbnailUrl\":\"https:\\\/\\\/www.organisator.ch\\\/wp-content\\\/uploads\\\/2016\\\/12\\\/10-Jahre-SuisseEMEX-Digitale-Transformation-im-Mittelpunkt-organisator.jpg\",\"datePublished\":\"2016-07-07T15:20:49+00:00\",\"description\":\"10 Jahre SuisseEMEX: Zum Jubil\u00e4um widmet die gr\u00f6sste Schweizer Messe f\u00fcr Marketing & Kommunikation, Event & Live Communication, Promotion und Digital Business dem digitalen Wandel in der Marketing- und Kommunikationsbranche und der pers\u00f6nlichen Vernetzung besondere Aufmerksamkeit. Ob Mobile Payment beim Shopping per Smartphone oder die Lancierung von ganzen Kampagnen unter Einbindung von Social Media \u2013 die Marktbearbeitung findet verst\u00e4rkt digital und crossmedial statt.\",\"breadcrumb\":{\"@id\":\"https:\\\/\\\/www.organisator.ch\\\/en\\\/general\\\/2016-07-07\\\/10-jahre-suisseemex-digitale-transformation-im-mittelpunkt\\\/#breadcrumb\"},\"inLanguage\":\"en-US\",\"potentialAction\":[{\"@type\":\"ReadAction\",\"target\":[\"https:\\\/\\\/www.organisator.ch\\\/en\\\/general\\\/2016-07-07\\\/10-jahre-suisseemex-digitale-transformation-im-mittelpunkt\\\/\"]}]},{\"@type\":\"ImageObject\",\"inLanguage\":\"en-US\",\"@id\":\"https:\\\/\\\/www.organisator.ch\\\/en\\\/general\\\/2016-07-07\\\/10-jahre-suisseemex-digitale-transformation-im-mittelpunkt\\\/#primaryimage\",\"url\":\"https:\\\/\\\/www.organisator.ch\\\/wp-content\\\/uploads\\\/2016\\\/12\\\/10-Jahre-SuisseEMEX-Digitale-Transformation-im-Mittelpunkt-organisator.jpg\",\"contentUrl\":\"https:\\\/\\\/www.organisator.ch\\\/wp-content\\\/uploads\\\/2016\\\/12\\\/10-Jahre-SuisseEMEX-Digitale-Transformation-im-Mittelpunkt-organisator.jpg\",\"width\":640,\"height\":426,\"caption\":\"An der Jubil\u00e4ums-SuisseEMEX steht die Digitalisierung im Mittelpunkt (Bild: SuisseEMEX)\"},{\"@type\":\"BreadcrumbList\",\"@id\":\"https:\\\/\\\/www.organisator.ch\\\/en\\\/general\\\/2016-07-07\\\/10-jahre-suisseemex-digitale-transformation-im-mittelpunkt\\\/#breadcrumb\",\"itemListElement\":[{\"@type\":\"ListItem\",\"position\":1,\"name\":\"Home\",\"item\":\"https:\\\/\\\/www.organisator.ch\\\/\"},{\"@type\":\"ListItem\",\"position\":2,\"name\":\"10 Jahre SuisseEMEX: Digitale Transformation im Mittelpunkt\"}]},{\"@type\":\"WebSite\",\"@id\":\"https:\\\/\\\/www.organisator.ch\\\/#website\",\"url\":\"https:\\\/\\\/www.organisator.ch\\\/\",\"name\":\"Organisator\",\"description\":\"Kompetent. Praxisnah. Der ORGANISATOR bereitet in 10 Ausgaben pro Jahr die wesentlichen Themen f\u00fcr F\u00fchrungskr\u00e4fte von KMU auf.\",\"publisher\":{\"@id\":\"https:\\\/\\\/www.organisator.ch\\\/#organization\"},\"potentialAction\":[{\"@type\":\"SearchAction\",\"target\":{\"@type\":\"EntryPoint\",\"urlTemplate\":\"https:\\\/\\\/www.organisator.ch\\\/?s={search_term_string}\"},\"query-input\":{\"@type\":\"PropertyValueSpecification\",\"valueRequired\":true,\"valueName\":\"search_term_string\"}}],\"inLanguage\":\"en-US\"},{\"@type\":\"Organization\",\"@id\":\"https:\\\/\\\/www.organisator.ch\\\/#organization\",\"name\":\"Organisator\",\"url\":\"https:\\\/\\\/www.organisator.ch\\\/\",\"logo\":{\"@type\":\"ImageObject\",\"inLanguage\":\"en-US\",\"@id\":\"https:\\\/\\\/www.organisator.ch\\\/#\\\/schema\\\/logo\\\/image\\\/\",\"url\":\"https:\\\/\\\/www.organisator.ch\\\/wp-content\\\/uploads\\\/2022\\\/01\\\/Logo_Organisator_Website.png\",\"contentUrl\":\"https:\\\/\\\/www.organisator.ch\\\/wp-content\\\/uploads\\\/2022\\\/01\\\/Logo_Organisator_Website.png\",\"width\":800,\"height\":77,\"caption\":\"Organisator\"},\"image\":{\"@id\":\"https:\\\/\\\/www.organisator.ch\\\/#\\\/schema\\\/logo\\\/image\\\/\"},\"sameAs\":[\"https:\\\/\\\/www.facebook.com\\\/OrganisatorFachmagazin\",\"https:\\\/\\\/www.linkedin.com\\\/showcase\\\/organisator-das-magazin-fr-kmu\",\"https:\\\/\\\/www.xing.com\\\/news\\\/pages\\\/organisator-ch-695\",\"https:\\\/\\\/www.youtube.com\\\/channel\\\/UCGP2Sq0iWaZwT3BdIAQFYpw\"]},{\"@type\":\"Person\",\"@id\":\"https:\\\/\\\/www.organisator.ch\\\/#\\\/schema\\\/person\\\/aa2bace6c5c5aad60102004a50c4eb1c\",\"name\":\"admin\",\"image\":{\"@type\":\"ImageObject\",\"inLanguage\":\"en-US\",\"@id\":\"https:\\\/\\\/secure.gravatar.com\\\/avatar\\\/ae2f4d718e6c49043e314ce431e7e645d646302a24a5ef5a8bc8e3f5a032e319?s=96&d=mm&r=g\",\"url\":\"https:\\\/\\\/secure.gravatar.com\\\/avatar\\\/ae2f4d718e6c49043e314ce431e7e645d646302a24a5ef5a8bc8e3f5a032e319?s=96&d=mm&r=g\",\"contentUrl\":\"https:\\\/\\\/secure.gravatar.com\\\/avatar\\\/ae2f4d718e6c49043e314ce431e7e645d646302a24a5ef5a8bc8e3f5a032e319?s=96&d=mm&r=g\",\"caption\":\"admin\"},\"sameAs\":[\"https:\\\/\\\/www.organisator.ch\"],\"url\":\"https:\\\/\\\/www.organisator.ch\\\/en\\\/author\\\/admin\\\/\"}]}<\/script>\n<!-- \/ Yoast SEO plugin. -->","yoast_head_json":{"title":"10th anniversary of SuisseEMEX: Focus on digital transformation - Organizer","description":"10 years of SuisseEMEX: For its anniversary, Switzerland's largest trade fair for marketing &amp; communication, event &amp; live communication, promotion and digital business is devoting special attention to the digital transformation in the marketing and communication industry and personal networking. Whether mobile payment for shopping via smartphone or the launch of entire campaigns with the integration of social media - market cultivation is increasingly taking place digitally and cross-medially.","robots":{"index":"index","follow":"follow","max-snippet":"max-snippet:-1","max-image-preview":"max-image-preview:large","max-video-preview":"max-video-preview:-1"},"canonical":"https:\/\/www.organisator.ch\/en\/general\/2016-07-07\/10-jahre-suisseemex-digitale-transformation-im-mittelpunkt\/","og_locale":"en_US","og_type":"article","og_title":"10 Jahre SuisseEMEX: Digitale Transformation im Mittelpunkt","og_description":"10 Jahre SuisseEMEX: Zum Jubil\u00e4um widmet die gr\u00f6sste Schweizer Messe f\u00fcr Marketing & Kommunikation, Event & Live Communication, Promotion und Digital Business dem digitalen Wandel in der Marketing- und Kommunikationsbranche und der pers\u00f6nlichen Vernetzung besondere Aufmerksamkeit. Ob Mobile Payment beim Shopping per Smartphone oder die Lancierung von ganzen Kampagnen unter Einbindung von Social Media \u2013 die Marktbearbeitung findet verst\u00e4rkt digital und crossmedial statt.","og_url":"https:\/\/www.organisator.ch\/en\/general\/2016-07-07\/10-jahre-suisseemex-digitale-transformation-im-mittelpunkt\/","og_site_name":"Organisator","article_publisher":"https:\/\/www.facebook.com\/OrganisatorFachmagazin","article_published_time":"2016-07-07T15:20:49+00:00","author":"admin","twitter_card":"summary_large_image","twitter_image":"https:\/\/www.organisator.ch\/wp-content\/uploads\/2016\/12\/10-Jahre-SuisseEMEX-Digitale-Transformation-im-Mittelpunkt-organisator.jpg","schema":{"@context":"https:\/\/schema.org","@graph":[{"@type":"Article","@id":"https:\/\/www.organisator.ch\/en\/general\/2016-07-07\/10-jahre-suisseemex-digitale-transformation-im-mittelpunkt\/#article","isPartOf":{"@id":"https:\/\/www.organisator.ch\/en\/general\/2016-07-07\/10-jahre-suisseemex-digitale-transformation-im-mittelpunkt\/"},"author":{"name":"admin","@id":"https:\/\/www.organisator.ch\/#\/schema\/person\/aa2bace6c5c5aad60102004a50c4eb1c"},"headline":"10 Jahre SuisseEMEX: Digitale Transformation im Mittelpunkt","datePublished":"2016-07-07T15:20:49+00:00","mainEntityOfPage":{"@id":"https:\/\/www.organisator.ch\/en\/general\/2016-07-07\/10-jahre-suisseemex-digitale-transformation-im-mittelpunkt\/"},"wordCount":656,"commentCount":0,"publisher":{"@id":"https:\/\/www.organisator.ch\/#organization"},"image":{"@id":"https:\/\/www.organisator.ch\/en\/general\/2016-07-07\/10-jahre-suisseemex-digitale-transformation-im-mittelpunkt\/#primaryimage"},"thumbnailUrl":"https:\/\/www.organisator.ch\/wp-content\/uploads\/2016\/12\/10-Jahre-SuisseEMEX-Digitale-Transformation-im-Mittelpunkt-organisator.jpg","keywords":["Fachkongress\/Fachmesse"],"articleSection":["Allgemein"],"inLanguage":"en-US"},{"@type":"WebPage","@id":"https:\/\/www.organisator.ch\/en\/general\/2016-07-07\/10-jahre-suisseemex-digitale-transformation-im-mittelpunkt\/","url":"https:\/\/www.organisator.ch\/en\/general\/2016-07-07\/10-jahre-suisseemex-digitale-transformation-im-mittelpunkt\/","name":"10th anniversary of SuisseEMEX: Focus on digital transformation - Organizer","isPartOf":{"@id":"https:\/\/www.organisator.ch\/#website"},"primaryImageOfPage":{"@id":"https:\/\/www.organisator.ch\/en\/general\/2016-07-07\/10-jahre-suisseemex-digitale-transformation-im-mittelpunkt\/#primaryimage"},"image":{"@id":"https:\/\/www.organisator.ch\/en\/general\/2016-07-07\/10-jahre-suisseemex-digitale-transformation-im-mittelpunkt\/#primaryimage"},"thumbnailUrl":"https:\/\/www.organisator.ch\/wp-content\/uploads\/2016\/12\/10-Jahre-SuisseEMEX-Digitale-Transformation-im-Mittelpunkt-organisator.jpg","datePublished":"2016-07-07T15:20:49+00:00","description":"10 years of SuisseEMEX: For its anniversary, Switzerland's largest trade fair for marketing &amp; communication, event &amp; live communication, promotion and digital business is devoting special attention to the digital transformation in the marketing and communication industry and personal networking. Whether mobile payment for shopping via smartphone or the launch of entire campaigns with the integration of social media - market cultivation is increasingly taking place digitally and cross-medially.","breadcrumb":{"@id":"https:\/\/www.organisator.ch\/en\/general\/2016-07-07\/10-jahre-suisseemex-digitale-transformation-im-mittelpunkt\/#breadcrumb"},"inLanguage":"en-US","potentialAction":[{"@type":"ReadAction","target":["https:\/\/www.organisator.ch\/en\/general\/2016-07-07\/10-jahre-suisseemex-digitale-transformation-im-mittelpunkt\/"]}]},{"@type":"ImageObject","inLanguage":"en-US","@id":"https:\/\/www.organisator.ch\/en\/general\/2016-07-07\/10-jahre-suisseemex-digitale-transformation-im-mittelpunkt\/#primaryimage","url":"https:\/\/www.organisator.ch\/wp-content\/uploads\/2016\/12\/10-Jahre-SuisseEMEX-Digitale-Transformation-im-Mittelpunkt-organisator.jpg","contentUrl":"https:\/\/www.organisator.ch\/wp-content\/uploads\/2016\/12\/10-Jahre-SuisseEMEX-Digitale-Transformation-im-Mittelpunkt-organisator.jpg","width":640,"height":426,"caption":"An der Jubil\u00e4ums-SuisseEMEX steht die Digitalisierung im Mittelpunkt (Bild: SuisseEMEX)"},{"@type":"BreadcrumbList","@id":"https:\/\/www.organisator.ch\/en\/general\/2016-07-07\/10-jahre-suisseemex-digitale-transformation-im-mittelpunkt\/#breadcrumb","itemListElement":[{"@type":"ListItem","position":1,"name":"Home","item":"https:\/\/www.organisator.ch\/"},{"@type":"ListItem","position":2,"name":"10 Jahre SuisseEMEX: Digitale Transformation im Mittelpunkt"}]},{"@type":"WebSite","@id":"https:\/\/www.organisator.ch\/#website","url":"https:\/\/www.organisator.ch\/","name":"Organizer","description":"Competent. Practical. In 10 issues per year, ORGANISATOR presents the essential topics for managers of SMEs.","publisher":{"@id":"https:\/\/www.organisator.ch\/#organization"},"potentialAction":[{"@type":"SearchAction","target":{"@type":"EntryPoint","urlTemplate":"https:\/\/www.organisator.ch\/?s={search_term_string}"},"query-input":{"@type":"PropertyValueSpecification","valueRequired":true,"valueName":"search_term_string"}}],"inLanguage":"en-US"},{"@type":"Organization","@id":"https:\/\/www.organisator.ch\/#organization","name":"Organizer","url":"https:\/\/www.organisator.ch\/","logo":{"@type":"ImageObject","inLanguage":"en-US","@id":"https:\/\/www.organisator.ch\/#\/schema\/logo\/image\/","url":"https:\/\/www.organisator.ch\/wp-content\/uploads\/2022\/01\/Logo_Organisator_Website.png","contentUrl":"https:\/\/www.organisator.ch\/wp-content\/uploads\/2022\/01\/Logo_Organisator_Website.png","width":800,"height":77,"caption":"Organisator"},"image":{"@id":"https:\/\/www.organisator.ch\/#\/schema\/logo\/image\/"},"sameAs":["https:\/\/www.facebook.com\/OrganisatorFachmagazin","https:\/\/www.linkedin.com\/showcase\/organisator-das-magazin-fr-kmu","https:\/\/www.xing.com\/news\/pages\/organisator-ch-695","https:\/\/www.youtube.com\/channel\/UCGP2Sq0iWaZwT3BdIAQFYpw"]},{"@type":"Person","@id":"https:\/\/www.organisator.ch\/#\/schema\/person\/aa2bace6c5c5aad60102004a50c4eb1c","name":"admin","image":{"@type":"ImageObject","inLanguage":"en-US","@id":"https:\/\/secure.gravatar.com\/avatar\/ae2f4d718e6c49043e314ce431e7e645d646302a24a5ef5a8bc8e3f5a032e319?s=96&d=mm&r=g","url":"https:\/\/secure.gravatar.com\/avatar\/ae2f4d718e6c49043e314ce431e7e645d646302a24a5ef5a8bc8e3f5a032e319?s=96&d=mm&r=g","contentUrl":"https:\/\/secure.gravatar.com\/avatar\/ae2f4d718e6c49043e314ce431e7e645d646302a24a5ef5a8bc8e3f5a032e319?s=96&d=mm&r=g","caption":"admin"},"sameAs":["https:\/\/www.organisator.ch"],"url":"https:\/\/www.organisator.ch\/en\/author\/admin\/"}]}},"_links":{"self":[{"href":"https:\/\/www.organisator.ch\/en\/wp-json\/wp\/v2\/posts\/869","targetHints":{"allow":["GET"]}}],"collection":[{"href":"https:\/\/www.organisator.ch\/en\/wp-json\/wp\/v2\/posts"}],"about":[{"href":"https:\/\/www.organisator.ch\/en\/wp-json\/wp\/v2\/types\/post"}],"author":[{"embeddable":true,"href":"https:\/\/www.organisator.ch\/en\/wp-json\/wp\/v2\/users\/1"}],"replies":[{"embeddable":true,"href":"https:\/\/www.organisator.ch\/en\/wp-json\/wp\/v2\/comments?post=869"}],"version-history":[{"count":0,"href":"https:\/\/www.organisator.ch\/en\/wp-json\/wp\/v2\/posts\/869\/revisions"}],"wp:featuredmedia":[{"embeddable":true,"href":"https:\/\/www.organisator.ch\/en\/wp-json\/wp\/v2\/media\/871"}],"wp:attachment":[{"href":"https:\/\/www.organisator.ch\/en\/wp-json\/wp\/v2\/media?parent=869"}],"wp:term":[{"taxonomy":"category","embeddable":true,"href":"https:\/\/www.organisator.ch\/en\/wp-json\/wp\/v2\/categories?post=869"},{"taxonomy":"post_tag","embeddable":true,"href":"https:\/\/www.organisator.ch\/en\/wp-json\/wp\/v2\/tags?post=869"}],"curies":[{"name":"wp","href":"https:\/\/api.w.org\/{rel}","templated":true}]}}