{"id":880,"date":"2016-07-08T17:23:50","date_gmt":"2016-07-08T15:23:50","guid":{"rendered":"http:\/\/dev.organisator.ch\/?p=880"},"modified":"2016-07-08T17:23:50","modified_gmt":"2016-07-08T15:23:50","slug":"eine-hilfs-hotline-fuer-fuehrungskraefte","status":"publish","type":"post","link":"https:\/\/www.organisator.ch\/en\/human-resources\/fit_im_job\/2016-07-08\/eine-hilfs-hotline-fuer-fuehrungskraefte\/","title":{"rendered":"A help hotline for managers"},"content":{"rendered":"<figure id=\"attachment_883\" aria-describedby=\"caption-attachment-883\" style=\"width: 640px\" class=\"wp-caption alignnone\"><img loading=\"lazy\" decoding=\"async\" class=\"size-full wp-image-883\" src=\"https:\/\/www.organisator.ch\/wp-content\/uploads\/2016\/12\/Eine-Hilfs-Hotline-fuer-Fuehrungskraefte-organisator.jpg\" alt=\"\" width=\"640\" height=\"477\" srcset=\"https:\/\/www.organisator.ch\/wp-content\/uploads\/2016\/12\/Eine-Hilfs-Hotline-fuer-Fuehrungskraefte-organisator.jpg 640w, https:\/\/www.organisator.ch\/wp-content\/uploads\/2016\/12\/Eine-Hilfs-Hotline-fuer-Fuehrungskraefte-organisator-16x12.jpg 16w, https:\/\/www.organisator.ch\/wp-content\/uploads\/2016\/12\/Eine-Hilfs-Hotline-fuer-Fuehrungskraefte-organisator-235x175.jpg 235w, https:\/\/www.organisator.ch\/wp-content\/uploads\/2016\/12\/Eine-Hilfs-Hotline-fuer-Fuehrungskraefte-organisator-470x350.jpg 470w, https:\/\/www.organisator.ch\/wp-content\/uploads\/2016\/12\/Eine-Hilfs-Hotline-fuer-Fuehrungskraefte-organisator-300x224.jpg 300w\" sizes=\"auto, (max-width: 640px) 100vw, 640px\" \/><figcaption id=\"caption-attachment-883\" class=\"wp-caption-text\">When managers are at a loss: The leadership hotline offers help. (Photo: Gerd Altmann \/ pixelio.de)<\/figcaption><\/figure>\n<p>What to do when an employee talks about suicide? What if a liquidity bottleneck threatens? Or one's own company is attacked on social media? Managers are often confronted with difficult questions. If they are at a loss, they can now turn to Switzerland's first Leadership Hotline\u00ae: By calling 071 523 88 88, they can get advice on a variety of topics.<\/p>\n<p><strong>Small companies - big problems<\/strong><\/p>\n<p>The Leadership Hotline\u00ae was officially launched on July 7, 2016 with a \"kick-off event\". Since that date, this service has been available - especially for SMEs. Because for them, changing framework conditions - political, economic, social, technological, regulatory or ecological - have a direct impact, as Dr. Urs Frey from the SME Institute of the HSG explained in a guest presentation. SMEs, especially the \"great mass\" of micro-enterprises with fewer than 10 employees, rarely have sufficient resources to solve acute problems themselves - with corresponding consequences that can ultimately develop dramatically.<\/p>\n<p><strong>Proved the need<\/strong><\/p>\n<p>The Leadership Hotline\u00ae was initiated and developed by the management consultants Guido Kriech and Bettina Osterwalder from Eastern Switzerland. In their work, both repeatedly encountered situations where ultimately more than just the development of corporate strategies was at stake, namely deeper-lying leadership problems. : \"In our work, we have found that there is a need for a quick intervention option for acute leadership problems,\" says Guido Kriech. \"Leadership mistakes have unimagined consequences - in terms of health and business management. And there is a lack of appropriate prevention concepts. We want to close this gap with the Leadership Hotline\u00ae.\" Guido Kriech, \"KMU-Beratung-Kriech\" in St. Gallen, and Bettina Osterwalder, \"BO-Consulting\" in Wil, run the hotline administratively and in terms of personnel.<\/p>\n<p><strong>Cooperation with specialist partners<\/strong><\/p>\n<p>In order to cover the entire range of possible issues, the Leadership Hotline\u00ae works together with various specialist partners. The hotline serves as the first point of contact when a problem arises. If the hotline staff cannot solve the problem directly themselves, they refer the caller to specialists who can help: In the case of a suicide risk, for example, medical specialists are referred; in the case of an impending liquidity shortage, a financial advisor finally helps; and in the case of a social media attack, a communications professional. The telephone number also answers general management questions, as well as employment and contract law issues and marketing questions. In short, the Leadership Hotline\u00ae is the right number for all questions that concern leaders.<\/p>\n<p><strong>Available by subscription<\/strong><\/p>\n<p>Various subscription models are planned for customers, which include a certain number of calls for a fixed amount. The first call is always free of charge. A one-off call with an immediate initial consultation costs 50 francs. The following subscriptions are currently on offer:<\/p>\n<p>5 for 4 200.- i.e. the first call is free of charge<\/p>\n<p>10 for 9 450.-<\/p>\n<p>15 for 14 700.-<\/p>\n<p>20 for 19 950.-<\/p>\n<p>25 for 24 1'200<\/p>\n<p><em>More information: <a href=\"\/deloitte-im-vierten-jahr-in-folge-tax-firm-of-the-year\/?preview_id=531&amp;preview_nonce=51ffa562e7&amp;post_format=standard&amp;_thumbnail_id=532&amp;preview=true\" target=\"_blank\" data-cke-saved-href=\"\/de\" rel=\"noopener\">www.f\u00fchrungshotline.ch<\/a><\/em><\/p>\n<figure id=\"attachment_886\" aria-describedby=\"caption-attachment-886\" style=\"width: 640px\" class=\"wp-caption alignnone\"><img loading=\"lazy\" decoding=\"async\" class=\"size-full wp-image-886\" src=\"https:\/\/www.organisator.ch\/wp-content\/uploads\/2016\/12\/Eine-Hilfs-Hotline-fuer-Fuehrungskraefte2-organisator.jpg\" alt=\"\" width=\"640\" height=\"453\" srcset=\"https:\/\/www.organisator.ch\/wp-content\/uploads\/2016\/12\/Eine-Hilfs-Hotline-fuer-Fuehrungskraefte2-organisator.jpg 640w, https:\/\/www.organisator.ch\/wp-content\/uploads\/2016\/12\/Eine-Hilfs-Hotline-fuer-Fuehrungskraefte2-organisator-16x12.jpg 16w, https:\/\/www.organisator.ch\/wp-content\/uploads\/2016\/12\/Eine-Hilfs-Hotline-fuer-Fuehrungskraefte2-organisator-247x175.jpg 247w, https:\/\/www.organisator.ch\/wp-content\/uploads\/2016\/12\/Eine-Hilfs-Hotline-fuer-Fuehrungskraefte2-organisator-494x350.jpg 494w, https:\/\/www.organisator.ch\/wp-content\/uploads\/2016\/12\/Eine-Hilfs-Hotline-fuer-Fuehrungskraefte2-organisator-300x212.jpg 300w\" sizes=\"auto, (max-width: 640px) 100vw, 640px\" \/><figcaption id=\"caption-attachment-886\" class=\"wp-caption-text\">Kick-off of the Leadership Hotline on July 7, 2016: Moderator Claudia L\u00e4sser (left) in conversation with Bettina Osterwalder, co-developer of the Leadership Hotline. (Image: T. Berner)<\/figcaption><\/figure>","protected":false},"excerpt":{"rendered":"<p>Was tun, wenn ein Mitarbeiter von Suizid spricht? Was, wenn ein Liquidit\u00e4tsengpass droht? Oder das eigene Unternehmen auf Social Media angegriffen wird? F\u00fchrungskr\u00e4fte sind oft mit schwierigen Fragen konfrontiert. Wissen sie nicht mehr weiter, k\u00f6nnen sie sich neu an die erste F\u00fchrungs-Hotline\u00ae der Schweiz wenden: Unter der Telefonnummer 071 523 88 88 bekommen sie Ratschl\u00e4ge [&hellip;]<\/p>\n","protected":false},"author":1,"featured_media":883,"comment_status":"open","ping_status":"open","sticky":false,"template":"","format":"standard","meta":{"_acf_changed":false,"_yoast_wpseo_focuskw":"Hilfs-Hotline","_yoast_wpseo_metadesc":"Am 7. Juli wurde eine Hotline f\u00fcr Unternehmer und F\u00fchrungskr\u00e4fte lanciert. Unter der Telefonnummer 071 523 88 88 bekommen sie k\u00fcnftig Ratschl\u00e4ge.","articlekey":"","footnotes":""},"categories":[25],"tags":[76,77,208,496],"class_list":["post-880","post","type-post","status-publish","format-standard","has-post-thumbnail","hentry","category-fit_im_job","tag-betriebliches","tag-betriebliches-gesundheitsmanagement","tag-fit-im-job","tag-unternehmensfuehrung"],"acf":[],"yoast_head":"<!-- This site is optimized with the Yoast SEO plugin v27.5 - https:\/\/yoast.com\/product\/yoast-seo-wordpress\/ -->\n<title>Eine Hilfs-Hotline f\u00fcr F\u00fchrungskr\u00e4fte - Organisator<\/title>\n<meta name=\"description\" content=\"Am 7. Juli wurde eine Hotline f\u00fcr Unternehmer und F\u00fchrungskr\u00e4fte lanciert. Unter der Telefonnummer 071 523 88 88 bekommen sie k\u00fcnftig Ratschl\u00e4ge.\" \/>\n<meta name=\"robots\" content=\"index, follow, max-snippet:-1, max-image-preview:large, max-video-preview:-1\" \/>\n<link rel=\"canonical\" href=\"https:\/\/www.organisator.ch\/en\/human-resources\/fit_im_job\/2016-07-08\/eine-hilfs-hotline-fuer-fuehrungskraefte\/\" \/>\n<meta property=\"og:locale\" content=\"en_US\" \/>\n<meta property=\"og:type\" content=\"article\" \/>\n<meta property=\"og:title\" content=\"Eine Hilfs-Hotline f\u00fcr F\u00fchrungskr\u00e4fte\" \/>\n<meta property=\"og:description\" content=\"Am 7. Juli wurde die schweizweit erste Hotline f\u00fcr Unternehmer und F\u00fchrungskr\u00e4fte lanciert. Unter der Telefonnummer 071 523 88 88 bekommen sie k\u00fcnftig Ratschl\u00e4ge zu diversen Themen. Dies in Krisensituationen jeder Art, aber auch, wenn sie mit ihrem eigenen Fachwissen nicht mehr weiterkommen.\" \/>\n<meta property=\"og:url\" content=\"https:\/\/www.organisator.ch\/en\/human-resources\/fit_im_job\/2016-07-08\/eine-hilfs-hotline-fuer-fuehrungskraefte\/\" \/>\n<meta property=\"og:site_name\" content=\"Organisator\" \/>\n<meta property=\"article:publisher\" content=\"https:\/\/www.facebook.com\/OrganisatorFachmagazin\" \/>\n<meta property=\"article:published_time\" content=\"2016-07-08T15:23:50+00:00\" \/>\n<meta name=\"author\" content=\"admin\" \/>\n<meta name=\"twitter:card\" content=\"summary_large_image\" \/>\n<meta name=\"twitter:image\" content=\"https:\/\/www.organisator.ch\/wp-content\/uploads\/2016\/12\/Eine-Hilfs-Hotline-fuer-Fuehrungskraefte-organisator.jpg\" \/>\n<script type=\"application\/ld+json\" class=\"yoast-schema-graph\">{\"@context\":\"https:\\\/\\\/schema.org\",\"@graph\":[{\"@type\":\"Article\",\"@id\":\"https:\\\/\\\/www.organisator.ch\\\/human-resources\\\/fit_im_job\\\/2016-07-08\\\/eine-hilfs-hotline-fuer-fuehrungskraefte\\\/#article\",\"isPartOf\":{\"@id\":\"https:\\\/\\\/www.organisator.ch\\\/human-resources\\\/fit_im_job\\\/2016-07-08\\\/eine-hilfs-hotline-fuer-fuehrungskraefte\\\/\"},\"author\":{\"name\":\"admin\",\"@id\":\"https:\\\/\\\/www.organisator.ch\\\/#\\\/schema\\\/person\\\/aa2bace6c5c5aad60102004a50c4eb1c\"},\"headline\":\"Eine Hilfs-Hotline f\u00fcr F\u00fchrungskr\u00e4fte\",\"datePublished\":\"2016-07-08T15:23:50+00:00\",\"mainEntityOfPage\":{\"@id\":\"https:\\\/\\\/www.organisator.ch\\\/human-resources\\\/fit_im_job\\\/2016-07-08\\\/eine-hilfs-hotline-fuer-fuehrungskraefte\\\/\"},\"wordCount\":522,\"commentCount\":0,\"publisher\":{\"@id\":\"https:\\\/\\\/www.organisator.ch\\\/#organization\"},\"image\":{\"@id\":\"https:\\\/\\\/www.organisator.ch\\\/human-resources\\\/fit_im_job\\\/2016-07-08\\\/eine-hilfs-hotline-fuer-fuehrungskraefte\\\/#primaryimage\"},\"thumbnailUrl\":\"https:\\\/\\\/www.organisator.ch\\\/wp-content\\\/uploads\\\/2016\\\/12\\\/Eine-Hilfs-Hotline-fuer-Fuehrungskraefte-organisator.jpg\",\"keywords\":[\"Betriebliches\",\"Betriebliches Gesundheitsmanagement\",\"Fit im Job\",\"Unternehmensf\u00fchrung\"],\"articleSection\":[\"FIT IM JOB\"],\"inLanguage\":\"en-US\"},{\"@type\":\"WebPage\",\"@id\":\"https:\\\/\\\/www.organisator.ch\\\/human-resources\\\/fit_im_job\\\/2016-07-08\\\/eine-hilfs-hotline-fuer-fuehrungskraefte\\\/\",\"url\":\"https:\\\/\\\/www.organisator.ch\\\/human-resources\\\/fit_im_job\\\/2016-07-08\\\/eine-hilfs-hotline-fuer-fuehrungskraefte\\\/\",\"name\":\"Eine Hilfs-Hotline f\u00fcr F\u00fchrungskr\u00e4fte - Organisator\",\"isPartOf\":{\"@id\":\"https:\\\/\\\/www.organisator.ch\\\/#website\"},\"primaryImageOfPage\":{\"@id\":\"https:\\\/\\\/www.organisator.ch\\\/human-resources\\\/fit_im_job\\\/2016-07-08\\\/eine-hilfs-hotline-fuer-fuehrungskraefte\\\/#primaryimage\"},\"image\":{\"@id\":\"https:\\\/\\\/www.organisator.ch\\\/human-resources\\\/fit_im_job\\\/2016-07-08\\\/eine-hilfs-hotline-fuer-fuehrungskraefte\\\/#primaryimage\"},\"thumbnailUrl\":\"https:\\\/\\\/www.organisator.ch\\\/wp-content\\\/uploads\\\/2016\\\/12\\\/Eine-Hilfs-Hotline-fuer-Fuehrungskraefte-organisator.jpg\",\"datePublished\":\"2016-07-08T15:23:50+00:00\",\"description\":\"Am 7. Juli wurde eine Hotline f\u00fcr Unternehmer und F\u00fchrungskr\u00e4fte lanciert. Unter der Telefonnummer 071 523 88 88 bekommen sie k\u00fcnftig Ratschl\u00e4ge.\",\"breadcrumb\":{\"@id\":\"https:\\\/\\\/www.organisator.ch\\\/human-resources\\\/fit_im_job\\\/2016-07-08\\\/eine-hilfs-hotline-fuer-fuehrungskraefte\\\/#breadcrumb\"},\"inLanguage\":\"en-US\",\"potentialAction\":[{\"@type\":\"ReadAction\",\"target\":[\"https:\\\/\\\/www.organisator.ch\\\/human-resources\\\/fit_im_job\\\/2016-07-08\\\/eine-hilfs-hotline-fuer-fuehrungskraefte\\\/\"]}]},{\"@type\":\"ImageObject\",\"inLanguage\":\"en-US\",\"@id\":\"https:\\\/\\\/www.organisator.ch\\\/human-resources\\\/fit_im_job\\\/2016-07-08\\\/eine-hilfs-hotline-fuer-fuehrungskraefte\\\/#primaryimage\",\"url\":\"https:\\\/\\\/www.organisator.ch\\\/wp-content\\\/uploads\\\/2016\\\/12\\\/Eine-Hilfs-Hotline-fuer-Fuehrungskraefte-organisator.jpg\",\"contentUrl\":\"https:\\\/\\\/www.organisator.ch\\\/wp-content\\\/uploads\\\/2016\\\/12\\\/Eine-Hilfs-Hotline-fuer-Fuehrungskraefte-organisator.jpg\",\"width\":640,\"height\":477,\"caption\":\"Wenn F\u00fchrungskr\u00e4fte nicht mehr weiter wissen: Die F\u00fchrungs-Hotline bietet Hilfe. (Foto: Gerd Altmann \\\/ pixelio.de)\"},{\"@type\":\"BreadcrumbList\",\"@id\":\"https:\\\/\\\/www.organisator.ch\\\/human-resources\\\/fit_im_job\\\/2016-07-08\\\/eine-hilfs-hotline-fuer-fuehrungskraefte\\\/#breadcrumb\",\"itemListElement\":[{\"@type\":\"ListItem\",\"position\":1,\"name\":\"Home\",\"item\":\"https:\\\/\\\/www.organisator.ch\\\/\"},{\"@type\":\"ListItem\",\"position\":2,\"name\":\"Eine Hilfs-Hotline f\u00fcr F\u00fchrungskr\u00e4fte\"}]},{\"@type\":\"WebSite\",\"@id\":\"https:\\\/\\\/www.organisator.ch\\\/#website\",\"url\":\"https:\\\/\\\/www.organisator.ch\\\/\",\"name\":\"Organisator\",\"description\":\"Kompetent. Praxisnah. Der ORGANISATOR bereitet in 10 Ausgaben pro Jahr die wesentlichen Themen f\u00fcr F\u00fchrungskr\u00e4fte von KMU auf.\",\"publisher\":{\"@id\":\"https:\\\/\\\/www.organisator.ch\\\/#organization\"},\"potentialAction\":[{\"@type\":\"SearchAction\",\"target\":{\"@type\":\"EntryPoint\",\"urlTemplate\":\"https:\\\/\\\/www.organisator.ch\\\/?s={search_term_string}\"},\"query-input\":{\"@type\":\"PropertyValueSpecification\",\"valueRequired\":true,\"valueName\":\"search_term_string\"}}],\"inLanguage\":\"en-US\"},{\"@type\":\"Organization\",\"@id\":\"https:\\\/\\\/www.organisator.ch\\\/#organization\",\"name\":\"Organisator\",\"url\":\"https:\\\/\\\/www.organisator.ch\\\/\",\"logo\":{\"@type\":\"ImageObject\",\"inLanguage\":\"en-US\",\"@id\":\"https:\\\/\\\/www.organisator.ch\\\/#\\\/schema\\\/logo\\\/image\\\/\",\"url\":\"https:\\\/\\\/www.organisator.ch\\\/wp-content\\\/uploads\\\/2022\\\/01\\\/Logo_Organisator_Website.png\",\"contentUrl\":\"https:\\\/\\\/www.organisator.ch\\\/wp-content\\\/uploads\\\/2022\\\/01\\\/Logo_Organisator_Website.png\",\"width\":800,\"height\":77,\"caption\":\"Organisator\"},\"image\":{\"@id\":\"https:\\\/\\\/www.organisator.ch\\\/#\\\/schema\\\/logo\\\/image\\\/\"},\"sameAs\":[\"https:\\\/\\\/www.facebook.com\\\/OrganisatorFachmagazin\",\"https:\\\/\\\/www.linkedin.com\\\/showcase\\\/organisator-das-magazin-fr-kmu\",\"https:\\\/\\\/www.xing.com\\\/news\\\/pages\\\/organisator-ch-695\",\"https:\\\/\\\/www.youtube.com\\\/channel\\\/UCGP2Sq0iWaZwT3BdIAQFYpw\"]},{\"@type\":\"Person\",\"@id\":\"https:\\\/\\\/www.organisator.ch\\\/#\\\/schema\\\/person\\\/aa2bace6c5c5aad60102004a50c4eb1c\",\"name\":\"admin\",\"image\":{\"@type\":\"ImageObject\",\"inLanguage\":\"en-US\",\"@id\":\"https:\\\/\\\/secure.gravatar.com\\\/avatar\\\/ae2f4d718e6c49043e314ce431e7e645d646302a24a5ef5a8bc8e3f5a032e319?s=96&d=mm&r=g\",\"url\":\"https:\\\/\\\/secure.gravatar.com\\\/avatar\\\/ae2f4d718e6c49043e314ce431e7e645d646302a24a5ef5a8bc8e3f5a032e319?s=96&d=mm&r=g\",\"contentUrl\":\"https:\\\/\\\/secure.gravatar.com\\\/avatar\\\/ae2f4d718e6c49043e314ce431e7e645d646302a24a5ef5a8bc8e3f5a032e319?s=96&d=mm&r=g\",\"caption\":\"admin\"},\"sameAs\":[\"https:\\\/\\\/www.organisator.ch\"],\"url\":\"https:\\\/\\\/www.organisator.ch\\\/en\\\/author\\\/admin\\\/\"}]}<\/script>\n<!-- \/ Yoast SEO plugin. -->","yoast_head_json":{"title":"A help hotline for managers - organizer","description":"A hotline for entrepreneurs and managers was launched on July 7. They can call 071 523 88 88 for advice in the future.","robots":{"index":"index","follow":"follow","max-snippet":"max-snippet:-1","max-image-preview":"max-image-preview:large","max-video-preview":"max-video-preview:-1"},"canonical":"https:\/\/www.organisator.ch\/en\/human-resources\/fit_im_job\/2016-07-08\/eine-hilfs-hotline-fuer-fuehrungskraefte\/","og_locale":"en_US","og_type":"article","og_title":"Eine Hilfs-Hotline f\u00fcr F\u00fchrungskr\u00e4fte","og_description":"Am 7. Juli wurde die schweizweit erste Hotline f\u00fcr Unternehmer und F\u00fchrungskr\u00e4fte lanciert. Unter der Telefonnummer 071 523 88 88 bekommen sie k\u00fcnftig Ratschl\u00e4ge zu diversen Themen. Dies in Krisensituationen jeder Art, aber auch, wenn sie mit ihrem eigenen Fachwissen nicht mehr weiterkommen.","og_url":"https:\/\/www.organisator.ch\/en\/human-resources\/fit_im_job\/2016-07-08\/eine-hilfs-hotline-fuer-fuehrungskraefte\/","og_site_name":"Organisator","article_publisher":"https:\/\/www.facebook.com\/OrganisatorFachmagazin","article_published_time":"2016-07-08T15:23:50+00:00","author":"admin","twitter_card":"summary_large_image","twitter_image":"https:\/\/www.organisator.ch\/wp-content\/uploads\/2016\/12\/Eine-Hilfs-Hotline-fuer-Fuehrungskraefte-organisator.jpg","schema":{"@context":"https:\/\/schema.org","@graph":[{"@type":"Article","@id":"https:\/\/www.organisator.ch\/human-resources\/fit_im_job\/2016-07-08\/eine-hilfs-hotline-fuer-fuehrungskraefte\/#article","isPartOf":{"@id":"https:\/\/www.organisator.ch\/human-resources\/fit_im_job\/2016-07-08\/eine-hilfs-hotline-fuer-fuehrungskraefte\/"},"author":{"name":"admin","@id":"https:\/\/www.organisator.ch\/#\/schema\/person\/aa2bace6c5c5aad60102004a50c4eb1c"},"headline":"Eine Hilfs-Hotline f\u00fcr F\u00fchrungskr\u00e4fte","datePublished":"2016-07-08T15:23:50+00:00","mainEntityOfPage":{"@id":"https:\/\/www.organisator.ch\/human-resources\/fit_im_job\/2016-07-08\/eine-hilfs-hotline-fuer-fuehrungskraefte\/"},"wordCount":522,"commentCount":0,"publisher":{"@id":"https:\/\/www.organisator.ch\/#organization"},"image":{"@id":"https:\/\/www.organisator.ch\/human-resources\/fit_im_job\/2016-07-08\/eine-hilfs-hotline-fuer-fuehrungskraefte\/#primaryimage"},"thumbnailUrl":"https:\/\/www.organisator.ch\/wp-content\/uploads\/2016\/12\/Eine-Hilfs-Hotline-fuer-Fuehrungskraefte-organisator.jpg","keywords":["Betriebliches","Betriebliches Gesundheitsmanagement","Fit im Job","Unternehmensf\u00fchrung"],"articleSection":["FIT IM JOB"],"inLanguage":"en-US"},{"@type":"WebPage","@id":"https:\/\/www.organisator.ch\/human-resources\/fit_im_job\/2016-07-08\/eine-hilfs-hotline-fuer-fuehrungskraefte\/","url":"https:\/\/www.organisator.ch\/human-resources\/fit_im_job\/2016-07-08\/eine-hilfs-hotline-fuer-fuehrungskraefte\/","name":"A help hotline for managers - organizer","isPartOf":{"@id":"https:\/\/www.organisator.ch\/#website"},"primaryImageOfPage":{"@id":"https:\/\/www.organisator.ch\/human-resources\/fit_im_job\/2016-07-08\/eine-hilfs-hotline-fuer-fuehrungskraefte\/#primaryimage"},"image":{"@id":"https:\/\/www.organisator.ch\/human-resources\/fit_im_job\/2016-07-08\/eine-hilfs-hotline-fuer-fuehrungskraefte\/#primaryimage"},"thumbnailUrl":"https:\/\/www.organisator.ch\/wp-content\/uploads\/2016\/12\/Eine-Hilfs-Hotline-fuer-Fuehrungskraefte-organisator.jpg","datePublished":"2016-07-08T15:23:50+00:00","description":"A hotline for entrepreneurs and managers was launched on July 7. They can call 071 523 88 88 for advice in the future.","breadcrumb":{"@id":"https:\/\/www.organisator.ch\/human-resources\/fit_im_job\/2016-07-08\/eine-hilfs-hotline-fuer-fuehrungskraefte\/#breadcrumb"},"inLanguage":"en-US","potentialAction":[{"@type":"ReadAction","target":["https:\/\/www.organisator.ch\/human-resources\/fit_im_job\/2016-07-08\/eine-hilfs-hotline-fuer-fuehrungskraefte\/"]}]},{"@type":"ImageObject","inLanguage":"en-US","@id":"https:\/\/www.organisator.ch\/human-resources\/fit_im_job\/2016-07-08\/eine-hilfs-hotline-fuer-fuehrungskraefte\/#primaryimage","url":"https:\/\/www.organisator.ch\/wp-content\/uploads\/2016\/12\/Eine-Hilfs-Hotline-fuer-Fuehrungskraefte-organisator.jpg","contentUrl":"https:\/\/www.organisator.ch\/wp-content\/uploads\/2016\/12\/Eine-Hilfs-Hotline-fuer-Fuehrungskraefte-organisator.jpg","width":640,"height":477,"caption":"Wenn F\u00fchrungskr\u00e4fte nicht mehr weiter wissen: Die F\u00fchrungs-Hotline bietet Hilfe. (Foto: Gerd Altmann \/ pixelio.de)"},{"@type":"BreadcrumbList","@id":"https:\/\/www.organisator.ch\/human-resources\/fit_im_job\/2016-07-08\/eine-hilfs-hotline-fuer-fuehrungskraefte\/#breadcrumb","itemListElement":[{"@type":"ListItem","position":1,"name":"Home","item":"https:\/\/www.organisator.ch\/"},{"@type":"ListItem","position":2,"name":"Eine Hilfs-Hotline f\u00fcr F\u00fchrungskr\u00e4fte"}]},{"@type":"WebSite","@id":"https:\/\/www.organisator.ch\/#website","url":"https:\/\/www.organisator.ch\/","name":"Organizer","description":"Competent. Practical. In 10 issues per year, ORGANISATOR presents the essential topics for managers of SMEs.","publisher":{"@id":"https:\/\/www.organisator.ch\/#organization"},"potentialAction":[{"@type":"SearchAction","target":{"@type":"EntryPoint","urlTemplate":"https:\/\/www.organisator.ch\/?s={search_term_string}"},"query-input":{"@type":"PropertyValueSpecification","valueRequired":true,"valueName":"search_term_string"}}],"inLanguage":"en-US"},{"@type":"Organization","@id":"https:\/\/www.organisator.ch\/#organization","name":"Organizer","url":"https:\/\/www.organisator.ch\/","logo":{"@type":"ImageObject","inLanguage":"en-US","@id":"https:\/\/www.organisator.ch\/#\/schema\/logo\/image\/","url":"https:\/\/www.organisator.ch\/wp-content\/uploads\/2022\/01\/Logo_Organisator_Website.png","contentUrl":"https:\/\/www.organisator.ch\/wp-content\/uploads\/2022\/01\/Logo_Organisator_Website.png","width":800,"height":77,"caption":"Organisator"},"image":{"@id":"https:\/\/www.organisator.ch\/#\/schema\/logo\/image\/"},"sameAs":["https:\/\/www.facebook.com\/OrganisatorFachmagazin","https:\/\/www.linkedin.com\/showcase\/organisator-das-magazin-fr-kmu","https:\/\/www.xing.com\/news\/pages\/organisator-ch-695","https:\/\/www.youtube.com\/channel\/UCGP2Sq0iWaZwT3BdIAQFYpw"]},{"@type":"Person","@id":"https:\/\/www.organisator.ch\/#\/schema\/person\/aa2bace6c5c5aad60102004a50c4eb1c","name":"admin","image":{"@type":"ImageObject","inLanguage":"en-US","@id":"https:\/\/secure.gravatar.com\/avatar\/ae2f4d718e6c49043e314ce431e7e645d646302a24a5ef5a8bc8e3f5a032e319?s=96&d=mm&r=g","url":"https:\/\/secure.gravatar.com\/avatar\/ae2f4d718e6c49043e314ce431e7e645d646302a24a5ef5a8bc8e3f5a032e319?s=96&d=mm&r=g","contentUrl":"https:\/\/secure.gravatar.com\/avatar\/ae2f4d718e6c49043e314ce431e7e645d646302a24a5ef5a8bc8e3f5a032e319?s=96&d=mm&r=g","caption":"admin"},"sameAs":["https:\/\/www.organisator.ch"],"url":"https:\/\/www.organisator.ch\/en\/author\/admin\/"}]}},"_links":{"self":[{"href":"https:\/\/www.organisator.ch\/en\/wp-json\/wp\/v2\/posts\/880","targetHints":{"allow":["GET"]}}],"collection":[{"href":"https:\/\/www.organisator.ch\/en\/wp-json\/wp\/v2\/posts"}],"about":[{"href":"https:\/\/www.organisator.ch\/en\/wp-json\/wp\/v2\/types\/post"}],"author":[{"embeddable":true,"href":"https:\/\/www.organisator.ch\/en\/wp-json\/wp\/v2\/users\/1"}],"replies":[{"embeddable":true,"href":"https:\/\/www.organisator.ch\/en\/wp-json\/wp\/v2\/comments?post=880"}],"version-history":[{"count":0,"href":"https:\/\/www.organisator.ch\/en\/wp-json\/wp\/v2\/posts\/880\/revisions"}],"wp:featuredmedia":[{"embeddable":true,"href":"https:\/\/www.organisator.ch\/en\/wp-json\/wp\/v2\/media\/883"}],"wp:attachment":[{"href":"https:\/\/www.organisator.ch\/en\/wp-json\/wp\/v2\/media?parent=880"}],"wp:term":[{"taxonomy":"category","embeddable":true,"href":"https:\/\/www.organisator.ch\/en\/wp-json\/wp\/v2\/categories?post=880"},{"taxonomy":"post_tag","embeddable":true,"href":"https:\/\/www.organisator.ch\/en\/wp-json\/wp\/v2\/tags?post=880"}],"curies":[{"name":"wp","href":"https:\/\/api.w.org\/{rel}","templated":true}]}}