{"id":882,"date":"2016-09-08T17:22:56","date_gmt":"2016-09-08T15:22:56","guid":{"rendered":"http:\/\/dev.organisator.ch\/?p=882"},"modified":"2016-09-08T17:22:56","modified_gmt":"2016-09-08T15:22:56","slug":"waehlen-wir-unsere-vorgesetzen-bald-selbst","status":"publish","type":"post","link":"https:\/\/www.organisator.ch\/en\/human-resources\/hrm\/2016-09-08\/waehlen-wir-unsere-vorgesetzen-bald-selbst\/","title":{"rendered":"Will we soon be electing our superiors ourselves?"},"content":{"rendered":"<figure id=\"attachment_884\" aria-describedby=\"caption-attachment-884\" style=\"width: 680px\" class=\"wp-caption alignnone\"><img loading=\"lazy\" decoding=\"async\" class=\"size-medium wp-image-884\" src=\"https:\/\/organisator.ch\/wp-content\/uploads\/2016\/12\/W\u00e4hlen-wir-unsere-Vorgesetzen-bald-selbst-organisator.png\" alt=\"\" width=\"680\" height=\"692\" \/><figcaption id=\"caption-attachment-884\" class=\"wp-caption-text\">A majority of the Swiss would like to choose their superiors themselves. (Graphic: Information Factory)<\/figcaption><\/figure>\n<p>A majority of the Swiss want co-determination in the question of leadership: What is astonishing is that even an overwhelming majority of the managers surveyed (76 percent) would be willing to be elected or even voted out of office by their employees. This is the result of the study 'Switzerland leads?!' by Information Factory in cooperation with jobs.ch and Persorama on the topic of leadership and the new role of employees.<\/p>\n<p><strong>Not a generational issue<\/strong><\/p>\n<p>Anyone who now believes that this result is primarily due to the age of the managers surveyed is mistaken: managers between 30 and 50 years of age lead the group with 78 percent, followed by baby boomers (over 50 years of age) with 73 percent and younger managers from Generation Y with 72 percent. But although participation is part of everyday life in Switzerland, it is still the exception that managers are allowed to be elected by employees themselves.<\/p>\n<p><strong>Employees must have (almost) the same skills as managers\u00a0<\/strong><\/p>\n<p>The study also examined the question of whether there are skills that managers in particular possess and employees do not. The interesting result: almost all the skills examined are just as important for employees as they are for managers. These include professional communication, building and maintaining work-related relationships, and the ability to organize oneself well.<\/p>\n<p>The most frequently mentioned tasks\/skills that, according to study participants, are primarily possessed by executives include: making far-reaching decisions (40 percent) and taking responsibility (24 percent). According to their own assessment, managers are also stronger when it comes to thinking and acting strategically and conceptually, as well as successfully shaping change processes. Only 43 percent see the latter skills in their employees.<\/p>\n<p><strong>Leadership also works without exercising power<\/strong><\/p>\n<p>\"Our study shows that exercising power as a component of leadership activity is moving further into the background. The question that then arises is how strong leadership is supposed to function with less and less power,\" explains Claudia Conrads, a consultant at Information Factory, Zurich. \"In addition, 58 percent of all study participants indicated that their company is currently undergoing a change process. When you consider that the responsibility for successful change is supposed to lie more or less solely with the executives, it's understandable that more than half of the respondents don't believe their company can master these change processes.\"<\/p>\n<p><strong>Further study results<\/strong><\/p>\n<p>A total of 2,414 people took part in the online survey, including 1,353 employees without management responsibility, 788 managers and 273 HR specialists. The survey was conducted from March to June 2016. The study also brought other findings to light:<\/p>\n<ul>\n<li>A clear difference was found in the identification with the work: Managers identify with their own work in an overwhelming 75 percent of cases. And HR professionals are also very satisfied with their own job (72 percent). By contrast, only 54 percent of employees said they could identify with their work.<\/li>\n<li>Identification and sense of meaning comparatively poor among the younger generation: Do you feel called to your work? If yes, then you most likely belong to the age group over 30. Baby boomers, people over 50, feel the strongest calling (74%) and Generation Y, people under 30, the least (49%).<\/li>\n<li>The fact that there is still catching up to do in terms of employer attractiveness is confirmed by the results of the probability of recommendation, which was surveyed on a 10-point scale. A full 56 percent would not recommend their company to others (detractors). And only 17 percent of employees would recommend their company without reservation (Promoters). 26 percent are neutral about recommending their company (Neutrals).<\/li>\n<li>The increasing networking of markets is increasing the complexity of the tasks to be handled in companies. Teamwork is becoming increasingly important because many tasks can only be solved by combining different specializations.<\/li>\n<li>The most important skill for managers and employees is the ability to communicate. The most commonly cited reason why teamwork fails is lack of or poor communication.<\/li>\n<li>Leading virtual teams places new demands on managers. Leadership is becoming more global and thus also digital. In Switzerland, leadership with electronic media such as online feedback systems is already established in many industries. At the forefront of the industry comparison: IT, insurance and banking.<\/li>\n<li>What makes employers attractive? The most important factors are a nice team (51 percent), fun at work (50 percent), work-life balance (48 percent), career (42 percent), and good pay (38 percent).<\/li>\n<\/ul>","protected":false},"excerpt":{"rendered":"<p>Eine Mehrheit der Schweizer will Mitbestimmung in der F\u00fchrungsfrage: Erstaunlich ist dabei, dass sogar eine \u00fcberw\u00e4ltigende Mehrheit der befragten F\u00fchrungskr\u00e4fte (76 Prozent) bereit w\u00e4re, sich von ihren Mitarbeitenden w\u00e4hlen oder auch abw\u00e4hlen zu lassen. Das ist das Ergebnis der Studie \u2018Schweiz f\u00fchrt?!\u2019 von Information Factory in Zusammenarbeit mit jobs.ch und Persorama zum Thema F\u00fchrung und [&hellip;]<\/p>\n","protected":false},"author":1,"featured_media":884,"comment_status":"open","ping_status":"open","sticky":false,"template":"","format":"standard","meta":{"_acf_changed":false,"_yoast_wpseo_focuskw":"Vorgesetzen","_yoast_wpseo_metadesc":"Wenn es nach der Mehrheit der Schweizerinnen und Schweizer: Ja! Denn 76 Prozent der Angestellten m\u00f6chten mitbestimmen, wer ihnen vor die Nase gesetzt wird.","articlekey":"","footnotes":""},"categories":[26],"tags":[51,496],"class_list":["post-882","post","type-post","status-publish","format-standard","has-post-thumbnail","hentry","category-hrm","tag-arbeitsplatzgestaltung","tag-unternehmensfuehrung"],"acf":[],"yoast_head":"<!-- This site is optimized with the Yoast SEO plugin v27.5 - https:\/\/yoast.com\/product\/yoast-seo-wordpress\/ -->\n<title>W\u00e4hlen wir unsere Vorgesetzten bald selbst? - Organisator<\/title>\n<meta name=\"description\" content=\"Wenn es nach der Mehrheit der Schweizerinnen und Schweizer: Ja! Denn 76 Prozent der Angestellten m\u00f6chten mitbestimmen, wer ihnen vor die Nase gesetzt wird.\" \/>\n<meta name=\"robots\" content=\"index, follow, max-snippet:-1, max-image-preview:large, max-video-preview:-1\" \/>\n<link rel=\"canonical\" href=\"https:\/\/www.organisator.ch\/en\/human-resources\/hrm\/2016-09-08\/waehlen-wir-unsere-vorgesetzen-bald-selbst\/\" \/>\n<meta property=\"og:locale\" content=\"en_US\" \/>\n<meta property=\"og:type\" content=\"article\" \/>\n<meta property=\"og:title\" content=\"W\u00e4hlen wir unsere Vorgesetzten bald selbst?\" \/>\n<meta property=\"og:description\" content=\"Werden F\u00fchrungskr\u00e4fte demn\u00e4chst von ihren Mitarbeitenden demokratisch gew\u00e4hlt? Wenn es nach der Mehrheit der Schweizerinnen und Schweizer geht lautet die Antwort ganz klar: Ja! Denn 76 Prozent der Angestellten m\u00f6chten mitbestimmen, wer ihnen vor die Nase gesetzt wird.\" \/>\n<meta property=\"og:url\" content=\"https:\/\/www.organisator.ch\/en\/human-resources\/hrm\/2016-09-08\/waehlen-wir-unsere-vorgesetzen-bald-selbst\/\" \/>\n<meta property=\"og:site_name\" content=\"Organisator\" \/>\n<meta property=\"article:publisher\" content=\"https:\/\/www.facebook.com\/OrganisatorFachmagazin\" \/>\n<meta property=\"article:published_time\" content=\"2016-09-08T15:22:56+00:00\" \/>\n<meta name=\"author\" content=\"admin\" \/>\n<meta name=\"twitter:card\" content=\"summary_large_image\" \/>\n<meta name=\"twitter:image\" content=\"https:\/\/www.organisator.ch\/wp-content\/uploads\/2016\/12\/Waehlen-wir-unsere-Vorgesetzen-bald-selbst-organisator.png\" \/>\n<script type=\"application\/ld+json\" class=\"yoast-schema-graph\">{\"@context\":\"https:\\\/\\\/schema.org\",\"@graph\":[{\"@type\":\"Article\",\"@id\":\"https:\\\/\\\/www.organisator.ch\\\/human-resources\\\/hrm\\\/2016-09-08\\\/waehlen-wir-unsere-vorgesetzen-bald-selbst\\\/#article\",\"isPartOf\":{\"@id\":\"https:\\\/\\\/www.organisator.ch\\\/human-resources\\\/hrm\\\/2016-09-08\\\/waehlen-wir-unsere-vorgesetzen-bald-selbst\\\/\"},\"author\":{\"name\":\"admin\",\"@id\":\"https:\\\/\\\/www.organisator.ch\\\/#\\\/schema\\\/person\\\/aa2bace6c5c5aad60102004a50c4eb1c\"},\"headline\":\"W\u00e4hlen wir unsere Vorgesetzten bald selbst?\",\"datePublished\":\"2016-09-08T15:22:56+00:00\",\"mainEntityOfPage\":{\"@id\":\"https:\\\/\\\/www.organisator.ch\\\/human-resources\\\/hrm\\\/2016-09-08\\\/waehlen-wir-unsere-vorgesetzen-bald-selbst\\\/\"},\"wordCount\":777,\"commentCount\":0,\"publisher\":{\"@id\":\"https:\\\/\\\/www.organisator.ch\\\/#organization\"},\"image\":{\"@id\":\"https:\\\/\\\/www.organisator.ch\\\/human-resources\\\/hrm\\\/2016-09-08\\\/waehlen-wir-unsere-vorgesetzen-bald-selbst\\\/#primaryimage\"},\"thumbnailUrl\":\"https:\\\/\\\/www.organisator.ch\\\/wp-content\\\/uploads\\\/2016\\\/12\\\/Waehlen-wir-unsere-Vorgesetzen-bald-selbst-organisator.png\",\"keywords\":[\"Arbeitsplatzgestaltung\",\"Unternehmensf\u00fchrung\"],\"articleSection\":[\"HRM\"],\"inLanguage\":\"en-US\"},{\"@type\":\"WebPage\",\"@id\":\"https:\\\/\\\/www.organisator.ch\\\/human-resources\\\/hrm\\\/2016-09-08\\\/waehlen-wir-unsere-vorgesetzen-bald-selbst\\\/\",\"url\":\"https:\\\/\\\/www.organisator.ch\\\/human-resources\\\/hrm\\\/2016-09-08\\\/waehlen-wir-unsere-vorgesetzen-bald-selbst\\\/\",\"name\":\"W\u00e4hlen wir unsere Vorgesetzten bald selbst? - Organisator\",\"isPartOf\":{\"@id\":\"https:\\\/\\\/www.organisator.ch\\\/#website\"},\"primaryImageOfPage\":{\"@id\":\"https:\\\/\\\/www.organisator.ch\\\/human-resources\\\/hrm\\\/2016-09-08\\\/waehlen-wir-unsere-vorgesetzen-bald-selbst\\\/#primaryimage\"},\"image\":{\"@id\":\"https:\\\/\\\/www.organisator.ch\\\/human-resources\\\/hrm\\\/2016-09-08\\\/waehlen-wir-unsere-vorgesetzen-bald-selbst\\\/#primaryimage\"},\"thumbnailUrl\":\"https:\\\/\\\/www.organisator.ch\\\/wp-content\\\/uploads\\\/2016\\\/12\\\/Waehlen-wir-unsere-Vorgesetzen-bald-selbst-organisator.png\",\"datePublished\":\"2016-09-08T15:22:56+00:00\",\"description\":\"Wenn es nach der Mehrheit der Schweizerinnen und Schweizer: Ja! Denn 76 Prozent der Angestellten m\u00f6chten mitbestimmen, wer ihnen vor die Nase gesetzt wird.\",\"breadcrumb\":{\"@id\":\"https:\\\/\\\/www.organisator.ch\\\/human-resources\\\/hrm\\\/2016-09-08\\\/waehlen-wir-unsere-vorgesetzen-bald-selbst\\\/#breadcrumb\"},\"inLanguage\":\"en-US\",\"potentialAction\":[{\"@type\":\"ReadAction\",\"target\":[\"https:\\\/\\\/www.organisator.ch\\\/human-resources\\\/hrm\\\/2016-09-08\\\/waehlen-wir-unsere-vorgesetzen-bald-selbst\\\/\"]}]},{\"@type\":\"ImageObject\",\"inLanguage\":\"en-US\",\"@id\":\"https:\\\/\\\/www.organisator.ch\\\/human-resources\\\/hrm\\\/2016-09-08\\\/waehlen-wir-unsere-vorgesetzen-bald-selbst\\\/#primaryimage\",\"url\":\"https:\\\/\\\/www.organisator.ch\\\/wp-content\\\/uploads\\\/2016\\\/12\\\/Waehlen-wir-unsere-Vorgesetzen-bald-selbst-organisator.png\",\"contentUrl\":\"https:\\\/\\\/www.organisator.ch\\\/wp-content\\\/uploads\\\/2016\\\/12\\\/Waehlen-wir-unsere-Vorgesetzen-bald-selbst-organisator.png\",\"width\":766,\"height\":779,\"caption\":\"Eine Mehrheit der Schweizerinnen und Schweizer m\u00f6chte ihre Vorgesetzten selbst w\u00e4hlen. (Grafik: Information Factory)\"},{\"@type\":\"BreadcrumbList\",\"@id\":\"https:\\\/\\\/www.organisator.ch\\\/human-resources\\\/hrm\\\/2016-09-08\\\/waehlen-wir-unsere-vorgesetzen-bald-selbst\\\/#breadcrumb\",\"itemListElement\":[{\"@type\":\"ListItem\",\"position\":1,\"name\":\"Home\",\"item\":\"https:\\\/\\\/www.organisator.ch\\\/\"},{\"@type\":\"ListItem\",\"position\":2,\"name\":\"W\u00e4hlen wir unsere Vorgesetzten bald selbst?\"}]},{\"@type\":\"WebSite\",\"@id\":\"https:\\\/\\\/www.organisator.ch\\\/#website\",\"url\":\"https:\\\/\\\/www.organisator.ch\\\/\",\"name\":\"Organisator\",\"description\":\"Kompetent. Praxisnah. Der ORGANISATOR bereitet in 10 Ausgaben pro Jahr die wesentlichen Themen f\u00fcr F\u00fchrungskr\u00e4fte von KMU auf.\",\"publisher\":{\"@id\":\"https:\\\/\\\/www.organisator.ch\\\/#organization\"},\"potentialAction\":[{\"@type\":\"SearchAction\",\"target\":{\"@type\":\"EntryPoint\",\"urlTemplate\":\"https:\\\/\\\/www.organisator.ch\\\/?s={search_term_string}\"},\"query-input\":{\"@type\":\"PropertyValueSpecification\",\"valueRequired\":true,\"valueName\":\"search_term_string\"}}],\"inLanguage\":\"en-US\"},{\"@type\":\"Organization\",\"@id\":\"https:\\\/\\\/www.organisator.ch\\\/#organization\",\"name\":\"Organisator\",\"url\":\"https:\\\/\\\/www.organisator.ch\\\/\",\"logo\":{\"@type\":\"ImageObject\",\"inLanguage\":\"en-US\",\"@id\":\"https:\\\/\\\/www.organisator.ch\\\/#\\\/schema\\\/logo\\\/image\\\/\",\"url\":\"https:\\\/\\\/www.organisator.ch\\\/wp-content\\\/uploads\\\/2022\\\/01\\\/Logo_Organisator_Website.png\",\"contentUrl\":\"https:\\\/\\\/www.organisator.ch\\\/wp-content\\\/uploads\\\/2022\\\/01\\\/Logo_Organisator_Website.png\",\"width\":800,\"height\":77,\"caption\":\"Organisator\"},\"image\":{\"@id\":\"https:\\\/\\\/www.organisator.ch\\\/#\\\/schema\\\/logo\\\/image\\\/\"},\"sameAs\":[\"https:\\\/\\\/www.facebook.com\\\/OrganisatorFachmagazin\",\"https:\\\/\\\/www.linkedin.com\\\/showcase\\\/organisator-das-magazin-fr-kmu\",\"https:\\\/\\\/www.xing.com\\\/news\\\/pages\\\/organisator-ch-695\",\"https:\\\/\\\/www.youtube.com\\\/channel\\\/UCGP2Sq0iWaZwT3BdIAQFYpw\"]},{\"@type\":\"Person\",\"@id\":\"https:\\\/\\\/www.organisator.ch\\\/#\\\/schema\\\/person\\\/aa2bace6c5c5aad60102004a50c4eb1c\",\"name\":\"admin\",\"image\":{\"@type\":\"ImageObject\",\"inLanguage\":\"en-US\",\"@id\":\"https:\\\/\\\/secure.gravatar.com\\\/avatar\\\/ae2f4d718e6c49043e314ce431e7e645d646302a24a5ef5a8bc8e3f5a032e319?s=96&d=mm&r=g\",\"url\":\"https:\\\/\\\/secure.gravatar.com\\\/avatar\\\/ae2f4d718e6c49043e314ce431e7e645d646302a24a5ef5a8bc8e3f5a032e319?s=96&d=mm&r=g\",\"contentUrl\":\"https:\\\/\\\/secure.gravatar.com\\\/avatar\\\/ae2f4d718e6c49043e314ce431e7e645d646302a24a5ef5a8bc8e3f5a032e319?s=96&d=mm&r=g\",\"caption\":\"admin\"},\"sameAs\":[\"https:\\\/\\\/www.organisator.ch\"],\"url\":\"https:\\\/\\\/www.organisator.ch\\\/en\\\/author\\\/admin\\\/\"}]}<\/script>\n<!-- \/ Yoast SEO plugin. -->","yoast_head_json":{"title":"Will we soon elect our own supervisors? - Organizer","description":"If it's up to the majority of Swiss people: Yes! Because 76 percent of employees would like to have a say in who is put in front of them.","robots":{"index":"index","follow":"follow","max-snippet":"max-snippet:-1","max-image-preview":"max-image-preview:large","max-video-preview":"max-video-preview:-1"},"canonical":"https:\/\/www.organisator.ch\/en\/human-resources\/hrm\/2016-09-08\/waehlen-wir-unsere-vorgesetzen-bald-selbst\/","og_locale":"en_US","og_type":"article","og_title":"W\u00e4hlen wir unsere Vorgesetzten bald selbst?","og_description":"Werden F\u00fchrungskr\u00e4fte demn\u00e4chst von ihren Mitarbeitenden demokratisch gew\u00e4hlt? Wenn es nach der Mehrheit der Schweizerinnen und Schweizer geht lautet die Antwort ganz klar: Ja! Denn 76 Prozent der Angestellten m\u00f6chten mitbestimmen, wer ihnen vor die Nase gesetzt wird.","og_url":"https:\/\/www.organisator.ch\/en\/human-resources\/hrm\/2016-09-08\/waehlen-wir-unsere-vorgesetzen-bald-selbst\/","og_site_name":"Organisator","article_publisher":"https:\/\/www.facebook.com\/OrganisatorFachmagazin","article_published_time":"2016-09-08T15:22:56+00:00","author":"admin","twitter_card":"summary_large_image","twitter_image":"https:\/\/www.organisator.ch\/wp-content\/uploads\/2016\/12\/Waehlen-wir-unsere-Vorgesetzen-bald-selbst-organisator.png","schema":{"@context":"https:\/\/schema.org","@graph":[{"@type":"Article","@id":"https:\/\/www.organisator.ch\/human-resources\/hrm\/2016-09-08\/waehlen-wir-unsere-vorgesetzen-bald-selbst\/#article","isPartOf":{"@id":"https:\/\/www.organisator.ch\/human-resources\/hrm\/2016-09-08\/waehlen-wir-unsere-vorgesetzen-bald-selbst\/"},"author":{"name":"admin","@id":"https:\/\/www.organisator.ch\/#\/schema\/person\/aa2bace6c5c5aad60102004a50c4eb1c"},"headline":"W\u00e4hlen wir unsere Vorgesetzten bald selbst?","datePublished":"2016-09-08T15:22:56+00:00","mainEntityOfPage":{"@id":"https:\/\/www.organisator.ch\/human-resources\/hrm\/2016-09-08\/waehlen-wir-unsere-vorgesetzen-bald-selbst\/"},"wordCount":777,"commentCount":0,"publisher":{"@id":"https:\/\/www.organisator.ch\/#organization"},"image":{"@id":"https:\/\/www.organisator.ch\/human-resources\/hrm\/2016-09-08\/waehlen-wir-unsere-vorgesetzen-bald-selbst\/#primaryimage"},"thumbnailUrl":"https:\/\/www.organisator.ch\/wp-content\/uploads\/2016\/12\/Waehlen-wir-unsere-Vorgesetzen-bald-selbst-organisator.png","keywords":["Arbeitsplatzgestaltung","Unternehmensf\u00fchrung"],"articleSection":["HRM"],"inLanguage":"en-US"},{"@type":"WebPage","@id":"https:\/\/www.organisator.ch\/human-resources\/hrm\/2016-09-08\/waehlen-wir-unsere-vorgesetzen-bald-selbst\/","url":"https:\/\/www.organisator.ch\/human-resources\/hrm\/2016-09-08\/waehlen-wir-unsere-vorgesetzen-bald-selbst\/","name":"Will we soon elect our own supervisors? - Organizer","isPartOf":{"@id":"https:\/\/www.organisator.ch\/#website"},"primaryImageOfPage":{"@id":"https:\/\/www.organisator.ch\/human-resources\/hrm\/2016-09-08\/waehlen-wir-unsere-vorgesetzen-bald-selbst\/#primaryimage"},"image":{"@id":"https:\/\/www.organisator.ch\/human-resources\/hrm\/2016-09-08\/waehlen-wir-unsere-vorgesetzen-bald-selbst\/#primaryimage"},"thumbnailUrl":"https:\/\/www.organisator.ch\/wp-content\/uploads\/2016\/12\/Waehlen-wir-unsere-Vorgesetzen-bald-selbst-organisator.png","datePublished":"2016-09-08T15:22:56+00:00","description":"If it's up to the majority of Swiss people: Yes! Because 76 percent of employees would like to have a say in who is put in front of them.","breadcrumb":{"@id":"https:\/\/www.organisator.ch\/human-resources\/hrm\/2016-09-08\/waehlen-wir-unsere-vorgesetzen-bald-selbst\/#breadcrumb"},"inLanguage":"en-US","potentialAction":[{"@type":"ReadAction","target":["https:\/\/www.organisator.ch\/human-resources\/hrm\/2016-09-08\/waehlen-wir-unsere-vorgesetzen-bald-selbst\/"]}]},{"@type":"ImageObject","inLanguage":"en-US","@id":"https:\/\/www.organisator.ch\/human-resources\/hrm\/2016-09-08\/waehlen-wir-unsere-vorgesetzen-bald-selbst\/#primaryimage","url":"https:\/\/www.organisator.ch\/wp-content\/uploads\/2016\/12\/Waehlen-wir-unsere-Vorgesetzen-bald-selbst-organisator.png","contentUrl":"https:\/\/www.organisator.ch\/wp-content\/uploads\/2016\/12\/Waehlen-wir-unsere-Vorgesetzen-bald-selbst-organisator.png","width":766,"height":779,"caption":"Eine Mehrheit der Schweizerinnen und Schweizer m\u00f6chte ihre Vorgesetzten selbst w\u00e4hlen. (Grafik: Information Factory)"},{"@type":"BreadcrumbList","@id":"https:\/\/www.organisator.ch\/human-resources\/hrm\/2016-09-08\/waehlen-wir-unsere-vorgesetzen-bald-selbst\/#breadcrumb","itemListElement":[{"@type":"ListItem","position":1,"name":"Home","item":"https:\/\/www.organisator.ch\/"},{"@type":"ListItem","position":2,"name":"W\u00e4hlen wir unsere Vorgesetzten bald selbst?"}]},{"@type":"WebSite","@id":"https:\/\/www.organisator.ch\/#website","url":"https:\/\/www.organisator.ch\/","name":"Organizer","description":"Competent. Practical. In 10 issues per year, ORGANISATOR presents the essential topics for managers of SMEs.","publisher":{"@id":"https:\/\/www.organisator.ch\/#organization"},"potentialAction":[{"@type":"SearchAction","target":{"@type":"EntryPoint","urlTemplate":"https:\/\/www.organisator.ch\/?s={search_term_string}"},"query-input":{"@type":"PropertyValueSpecification","valueRequired":true,"valueName":"search_term_string"}}],"inLanguage":"en-US"},{"@type":"Organization","@id":"https:\/\/www.organisator.ch\/#organization","name":"Organizer","url":"https:\/\/www.organisator.ch\/","logo":{"@type":"ImageObject","inLanguage":"en-US","@id":"https:\/\/www.organisator.ch\/#\/schema\/logo\/image\/","url":"https:\/\/www.organisator.ch\/wp-content\/uploads\/2022\/01\/Logo_Organisator_Website.png","contentUrl":"https:\/\/www.organisator.ch\/wp-content\/uploads\/2022\/01\/Logo_Organisator_Website.png","width":800,"height":77,"caption":"Organisator"},"image":{"@id":"https:\/\/www.organisator.ch\/#\/schema\/logo\/image\/"},"sameAs":["https:\/\/www.facebook.com\/OrganisatorFachmagazin","https:\/\/www.linkedin.com\/showcase\/organisator-das-magazin-fr-kmu","https:\/\/www.xing.com\/news\/pages\/organisator-ch-695","https:\/\/www.youtube.com\/channel\/UCGP2Sq0iWaZwT3BdIAQFYpw"]},{"@type":"Person","@id":"https:\/\/www.organisator.ch\/#\/schema\/person\/aa2bace6c5c5aad60102004a50c4eb1c","name":"admin","image":{"@type":"ImageObject","inLanguage":"en-US","@id":"https:\/\/secure.gravatar.com\/avatar\/ae2f4d718e6c49043e314ce431e7e645d646302a24a5ef5a8bc8e3f5a032e319?s=96&d=mm&r=g","url":"https:\/\/secure.gravatar.com\/avatar\/ae2f4d718e6c49043e314ce431e7e645d646302a24a5ef5a8bc8e3f5a032e319?s=96&d=mm&r=g","contentUrl":"https:\/\/secure.gravatar.com\/avatar\/ae2f4d718e6c49043e314ce431e7e645d646302a24a5ef5a8bc8e3f5a032e319?s=96&d=mm&r=g","caption":"admin"},"sameAs":["https:\/\/www.organisator.ch"],"url":"https:\/\/www.organisator.ch\/en\/author\/admin\/"}]}},"_links":{"self":[{"href":"https:\/\/www.organisator.ch\/en\/wp-json\/wp\/v2\/posts\/882","targetHints":{"allow":["GET"]}}],"collection":[{"href":"https:\/\/www.organisator.ch\/en\/wp-json\/wp\/v2\/posts"}],"about":[{"href":"https:\/\/www.organisator.ch\/en\/wp-json\/wp\/v2\/types\/post"}],"author":[{"embeddable":true,"href":"https:\/\/www.organisator.ch\/en\/wp-json\/wp\/v2\/users\/1"}],"replies":[{"embeddable":true,"href":"https:\/\/www.organisator.ch\/en\/wp-json\/wp\/v2\/comments?post=882"}],"version-history":[{"count":0,"href":"https:\/\/www.organisator.ch\/en\/wp-json\/wp\/v2\/posts\/882\/revisions"}],"wp:featuredmedia":[{"embeddable":true,"href":"https:\/\/www.organisator.ch\/en\/wp-json\/wp\/v2\/media\/884"}],"wp:attachment":[{"href":"https:\/\/www.organisator.ch\/en\/wp-json\/wp\/v2\/media?parent=882"}],"wp:term":[{"taxonomy":"category","embeddable":true,"href":"https:\/\/www.organisator.ch\/en\/wp-json\/wp\/v2\/categories?post=882"},{"taxonomy":"post_tag","embeddable":true,"href":"https:\/\/www.organisator.ch\/en\/wp-json\/wp\/v2\/tags?post=882"}],"curies":[{"name":"wp","href":"https:\/\/api.w.org\/{rel}","templated":true}]}}